{"id":382655,"date":"2025-09-02T20:57:04","date_gmt":"2025-09-02T19:57:04","guid":{"rendered":"https:\/\/www.webdo.tn\/fr\/?p=382655"},"modified":"2025-09-02T20:57:05","modified_gmt":"2025-09-02T19:57:05","slug":"tunisie-education-letat-officialise-lintegration-des-agents-dencadrement-et-de-soutien","status":"publish","type":"post","link":"https:\/\/www.webdo.tn\/fr\/actualite\/national\/tunisie-education-letat-officialise-lintegration-des-agents-dencadrement-et-de-soutien\/382655\/","title":{"rendered":"Tunisie &#8211; \u00c9ducation : L\u2019\u00c9tat officialise l\u2019int\u00e9gration des agents d\u2019encadrement et de soutien"},"content":{"rendered":"\n<p>Le Journal officiel a publi\u00e9 ce mardi 2 septembre 2025 l\u2019arr\u00eat\u00e9 n\u00b0403, officialisant l\u2019int\u00e9gration des agents charg\u00e9s d\u2019encadrer et d\u2019accompagner les \u00e9l\u00e8ves, ainsi que ceux assistant les enseignants dans les laboratoires des coll\u00e8ges et lyc\u00e9es. Cette mesure concerne tous les agents ayant exerc\u00e9 jusqu\u2019au 30 juin 2025.<\/p>\n\n\n\n<p>L\u2019arr\u00eat\u00e9 n\u00b0403, dat\u00e9 du 1er septembre 2025, pr\u00e9cise que l\u2019int\u00e9gration est imm\u00e9diate pour tous les agents concern\u00e9s. Il s\u2019agit des personnels charg\u00e9s de l\u2019encadrement et de l\u2019accompagnement des \u00e9l\u00e8ves dans les coll\u00e8ges et lyc\u00e9es ; des assistants des enseignants dans les laboratoires \u00e9ducatifs relevant du minist\u00e8re de l\u2019\u00c9ducation.<\/p>\n\n\n\n<p>Cette mesure met fin \u00e0 une attente de plusieurs ann\u00e9es pour ces agents, qui voient d\u00e9sormais leur statut officialis\u00e9 et leur r\u00f4le reconnu au sein du syst\u00e8me \u00e9ducatif tunisien.<\/p>\n\n\n\n<p>Depuis plusieurs ann\u00e9es, ces agents exer\u00e7aient leurs fonctions sans int\u00e9gration officielle, ce qui limitait leur acc\u00e8s \u00e0 certains droits et \u00e0 la stabilit\u00e9 administrative. L\u2019arr\u00eat\u00e9 n\u00b0403 s\u2019inscrit dans une s\u00e9rie de mesures r\u00e9centes visant \u00e0 renforcer le statut du personnel \u00e9ducatif.<\/p>\n\n\n\n<p><\/p>\n\n\n\n<ul class=\"wp-block-list\">\n<li>Lire aussi : <a href=\"https:\/\/www.webdo.tn\/fr\/actualite\/national\/tunisie-sit-in-des-enseignants-bras-de-fer-avec-le-ministere-de-leducation\/382327\/\">Tunisie \u2013 Sit-in des enseignants : Bras de fer avec le minist\u00e8re de l\u2019\u00c9ducation<\/a><\/li>\n<\/ul>\n","protected":false},"excerpt":{"rendered":"<p>Le Journal officiel a publi\u00e9 ce mardi 2 septembre 2025 l\u2019arr\u00eat\u00e9 n\u00b0403, officialisant l\u2019int\u00e9gration des agents charg\u00e9s d\u2019encadrer et d\u2019accompagner les \u00e9l\u00e8ves, ainsi que ceux assistant les enseignants dans les laboratoires des coll\u00e8ges et lyc\u00e9es. Cette mesure concerne tous les agents ayant exerc\u00e9 jusqu\u2019au 30 juin 2025. L\u2019arr\u00eat\u00e9 n\u00b0403, dat\u00e9 du 1er septembre 2025, pr\u00e9cise [&hellip;]<\/p>\n","protected":false},"author":3191,"featured_media":382656,"comment_status":"closed","ping_status":"closed","sticky":false,"template":"","format":"standard","meta":{"footnotes":""},"categories":[44],"tags":[2634,2828,3897,2775,2608],"class_list":["post-382655","post","type-post","status-publish","format-standard","has-post-thumbnail","hentry","category-national","tag-education","tag-enseignement","tag-jort","tag-soutien","tag-tunisie"],"yoast_head":"<!-- This site is optimized with the Yoast SEO Premium plugin v27.4 (Yoast SEO v27.5) - https:\/\/yoast.com\/product\/yoast-seo-premium-wordpress\/ -->\n<title>Tunisie - \u00c9ducation : L\u2019\u00c9tat officialise l\u2019int\u00e9gration des agents d\u2019encadrement et de soutien - webdo<\/title>\n<link rel=\"canonical\" href=\"https:\/\/www.webdo.tn\/fr\/actualite\/national\/tunisie-education-letat-officialise-lintegration-des-agents-dencadrement-et-de-soutien\/382655\/\" \/>\n<meta property=\"og:locale\" content=\"fr_FR\" \/>\n<meta property=\"og:type\" content=\"article\" \/>\n<meta property=\"og:title\" content=\"Tunisie - \u00c9ducation : L\u2019\u00c9tat officialise l\u2019int\u00e9gration des agents d\u2019encadrement et de soutien\" \/>\n<meta property=\"og:description\" content=\"Le Journal officiel a publi\u00e9 ce mardi 2 septembre 2025 l\u2019arr\u00eat\u00e9 n\u00b0403, officialisant l\u2019int\u00e9gration des agents charg\u00e9s d\u2019encadrer et d\u2019accompagner les \u00e9l\u00e8ves, ainsi que ceux assistant les enseignants dans les laboratoires des coll\u00e8ges et lyc\u00e9es. Cette mesure concerne tous les agents ayant exerc\u00e9 jusqu\u2019au 30 juin 2025. L\u2019arr\u00eat\u00e9 n\u00b0403, dat\u00e9 du 1er septembre 2025, pr\u00e9cise [&hellip;]\" \/>\n<meta property=\"og:url\" content=\"https:\/\/www.webdo.tn\/fr\/actualite\/national\/tunisie-education-letat-officialise-lintegration-des-agents-dencadrement-et-de-soutien\/382655\/\" \/>\n<meta property=\"og:site_name\" content=\"webdo\" \/>\n<meta property=\"article:publisher\" content=\"https:\/\/www.facebook.com\/webdotn\" \/>\n<meta property=\"article:published_time\" content=\"2025-09-02T19:57:04+00:00\" \/>\n<meta property=\"article:modified_time\" content=\"2025-09-02T19:57:05+00:00\" \/>\n<meta property=\"og:image\" content=\"https:\/\/www.webdo.tn\/fr\/wp-content\/uploads\/2025\/09\/1756841445.jpg\" \/>\n\t<meta property=\"og:image:width\" content=\"800\" \/>\n\t<meta property=\"og:image:height\" content=\"450\" \/>\n\t<meta property=\"og:image:type\" content=\"image\/jpeg\" \/>\n<meta name=\"author\" content=\"Mohamed Hedi Touati\" \/>\n<meta name=\"twitter:card\" content=\"summary_large_image\" \/>\n<meta name=\"twitter:creator\" content=\"@webdo_tn\" \/>\n<meta name=\"twitter:site\" content=\"@webdo_tn\" \/>\n<meta name=\"twitter:label1\" content=\"\u00c9crit par\" \/>\n\t<meta name=\"twitter:data1\" content=\"Mohamed Hedi Touati\" \/>\n\t<meta name=\"twitter:label2\" content=\"Dur\u00e9e de lecture estim\u00e9e\" \/>\n\t<meta name=\"twitter:data2\" content=\"1 minute\" \/>\n<script type=\"application\/ld+json\" class=\"yoast-schema-graph\">{\"@context\":\"https:\\\/\\\/schema.org\",\"@graph\":[{\"@type\":\"NewsArticle\",\"@id\":\"https:\\\/\\\/www.webdo.tn\\\/fr\\\/actualite\\\/national\\\/tunisie-education-letat-officialise-lintegration-des-agents-dencadrement-et-de-soutien\\\/382655\\\/#article\",\"isPartOf\":{\"@id\":\"https:\\\/\\\/www.webdo.tn\\\/fr\\\/actualite\\\/national\\\/tunisie-education-letat-officialise-lintegration-des-agents-dencadrement-et-de-soutien\\\/382655\\\/\"},\"author\":{\"name\":\"Mohamed Hedi Touati\",\"@id\":\"https:\\\/\\\/www.webdo.tn\\\/fr\\\/#\\\/schema\\\/person\\\/c652cd8fc2b1b44412b5ffb48c5a911d\"},\"headline\":\"Tunisie &#8211; \u00c9ducation : L\u2019\u00c9tat officialise l\u2019int\u00e9gration des agents d\u2019encadrement et de soutien\",\"datePublished\":\"2025-09-02T19:57:04+00:00\",\"dateModified\":\"2025-09-02T19:57:05+00:00\",\"mainEntityOfPage\":{\"@id\":\"https:\\\/\\\/www.webdo.tn\\\/fr\\\/actualite\\\/national\\\/tunisie-education-letat-officialise-lintegration-des-agents-dencadrement-et-de-soutien\\\/382655\\\/\"},\"wordCount\":227,\"publisher\":{\"@id\":\"https:\\\/\\\/www.webdo.tn\\\/fr\\\/#organization\"},\"image\":{\"@id\":\"https:\\\/\\\/www.webdo.tn\\\/fr\\\/actualite\\\/national\\\/tunisie-education-letat-officialise-lintegration-des-agents-dencadrement-et-de-soutien\\\/382655\\\/#primaryimage\"},\"thumbnailUrl\":\"https:\\\/\\\/www.webdo.tn\\\/fr\\\/wp-content\\\/uploads\\\/2025\\\/09\\\/1756841445.jpg\",\"keywords\":[\"\u00e9ducation\",\"enseignement\",\"JORT\",\"soutien\",\"Tunisie\"],\"articleSection\":[\"National\"],\"inLanguage\":\"fr-FR\"},{\"@type\":\"WebPage\",\"@id\":\"https:\\\/\\\/www.webdo.tn\\\/fr\\\/actualite\\\/national\\\/tunisie-education-letat-officialise-lintegration-des-agents-dencadrement-et-de-soutien\\\/382655\\\/\",\"url\":\"https:\\\/\\\/www.webdo.tn\\\/fr\\\/actualite\\\/national\\\/tunisie-education-letat-officialise-lintegration-des-agents-dencadrement-et-de-soutien\\\/382655\\\/\",\"name\":\"Tunisie - \u00c9ducation : L\u2019\u00c9tat officialise l\u2019int\u00e9gration des agents d\u2019encadrement et de soutien - webdo\",\"isPartOf\":{\"@id\":\"https:\\\/\\\/www.webdo.tn\\\/fr\\\/#website\"},\"primaryImageOfPage\":{\"@id\":\"https:\\\/\\\/www.webdo.tn\\\/fr\\\/actualite\\\/national\\\/tunisie-education-letat-officialise-lintegration-des-agents-dencadrement-et-de-soutien\\\/382655\\\/#primaryimage\"},\"image\":{\"@id\":\"https:\\\/\\\/www.webdo.tn\\\/fr\\\/actualite\\\/national\\\/tunisie-education-letat-officialise-lintegration-des-agents-dencadrement-et-de-soutien\\\/382655\\\/#primaryimage\"},\"thumbnailUrl\":\"https:\\\/\\\/www.webdo.tn\\\/fr\\\/wp-content\\\/uploads\\\/2025\\\/09\\\/1756841445.jpg\",\"datePublished\":\"2025-09-02T19:57:04+00:00\",\"dateModified\":\"2025-09-02T19:57:05+00:00\",\"breadcrumb\":{\"@id\":\"https:\\\/\\\/www.webdo.tn\\\/fr\\\/actualite\\\/national\\\/tunisie-education-letat-officialise-lintegration-des-agents-dencadrement-et-de-soutien\\\/382655\\\/#breadcrumb\"},\"inLanguage\":\"fr-FR\",\"potentialAction\":[{\"@type\":\"ReadAction\",\"target\":[\"https:\\\/\\\/www.webdo.tn\\\/fr\\\/actualite\\\/national\\\/tunisie-education-letat-officialise-lintegration-des-agents-dencadrement-et-de-soutien\\\/382655\\\/\"]}]},{\"@type\":\"ImageObject\",\"inLanguage\":\"fr-FR\",\"@id\":\"https:\\\/\\\/www.webdo.tn\\\/fr\\\/actualite\\\/national\\\/tunisie-education-letat-officialise-lintegration-des-agents-dencadrement-et-de-soutien\\\/382655\\\/#primaryimage\",\"url\":\"https:\\\/\\\/www.webdo.tn\\\/fr\\\/wp-content\\\/uploads\\\/2025\\\/09\\\/1756841445.jpg\",\"contentUrl\":\"https:\\\/\\\/www.webdo.tn\\\/fr\\\/wp-content\\\/uploads\\\/2025\\\/09\\\/1756841445.jpg\",\"width\":800,\"height\":450,\"caption\":\"Tunisie - \u00c9ducation : L\u2019\u00c9tat officialise l\u2019int\u00e9gration des agents d\u2019encadrement et de soutien\"},{\"@type\":\"BreadcrumbList\",\"@id\":\"https:\\\/\\\/www.webdo.tn\\\/fr\\\/actualite\\\/national\\\/tunisie-education-letat-officialise-lintegration-des-agents-dencadrement-et-de-soutien\\\/382655\\\/#breadcrumb\",\"itemListElement\":[{\"@type\":\"ListItem\",\"position\":1,\"name\":\"Accueil\",\"item\":\"https:\\\/\\\/www.webdo.tn\\\/fr\\\/\"},{\"@type\":\"ListItem\",\"position\":2,\"name\":\"Tunisie &#8211; \u00c9ducation : L\u2019\u00c9tat officialise l\u2019int\u00e9gration des agents d\u2019encadrement et de soutien\"}]},{\"@type\":\"WebSite\",\"@id\":\"https:\\\/\\\/www.webdo.tn\\\/fr\\\/#website\",\"url\":\"https:\\\/\\\/www.webdo.tn\\\/fr\\\/\",\"name\":\"webdo\",\"description\":\"Tunisie - News en Tunisie et \u00e0 l&#039;international sur Webdo.tn\",\"publisher\":{\"@id\":\"https:\\\/\\\/www.webdo.tn\\\/fr\\\/#organization\"},\"potentialAction\":[{\"@type\":\"SearchAction\",\"target\":{\"@type\":\"EntryPoint\",\"urlTemplate\":\"https:\\\/\\\/www.webdo.tn\\\/fr\\\/?s={search_term_string}\"},\"query-input\":{\"@type\":\"PropertyValueSpecification\",\"valueRequired\":true,\"valueName\":\"search_term_string\"}}],\"inLanguage\":\"fr-FR\"},{\"@type\":\"Organization\",\"@id\":\"https:\\\/\\\/www.webdo.tn\\\/fr\\\/#organization\",\"name\":\"Webdo\",\"alternateName\":\"Webdo.tn\",\"url\":\"https:\\\/\\\/www.webdo.tn\\\/fr\\\/\",\"logo\":{\"@type\":\"ImageObject\",\"inLanguage\":\"fr-FR\",\"@id\":\"https:\\\/\\\/www.webdo.tn\\\/fr\\\/#\\\/schema\\\/logo\\\/image\\\/\",\"url\":\"https:\\\/\\\/www.webdo.tn\\\/fr\\\/wp-content\\\/uploads\\\/2025\\\/06\\\/Webdo-Tunisie_168377.jpg\",\"contentUrl\":\"https:\\\/\\\/www.webdo.tn\\\/fr\\\/wp-content\\\/uploads\\\/2025\\\/06\\\/Webdo-Tunisie_168377.jpg\",\"width\":301,\"height\":301,\"caption\":\"Webdo\"},\"image\":{\"@id\":\"https:\\\/\\\/www.webdo.tn\\\/fr\\\/#\\\/schema\\\/logo\\\/image\\\/\"},\"sameAs\":[\"https:\\\/\\\/www.facebook.com\\\/webdotn\",\"https:\\\/\\\/x.com\\\/webdo_tn\"],\"description\":\"Webdo est un m\u00e9dia num\u00e9rique tunisien fond\u00e9 en 2010, sp\u00e9cialis\u00e9 dans l\u2019actualit\u00e9 nationale et internationale, l\u2019\u00e9conomie, la soci\u00e9t\u00e9 et les analyses politiques. Le site s\u2019adresse \u00e0 un large public francophone et couvre l\u2019information tunisienne en temps r\u00e9el.\",\"email\":\"redac@webdo.tn\",\"legalName\":\"YNJ SARL\",\"foundingDate\":\"2010-09-06\",\"numberOfEmployees\":{\"@type\":\"QuantitativeValue\",\"minValue\":\"11\",\"maxValue\":\"50\"}},{\"@type\":\"Person\",\"@id\":\"https:\\\/\\\/www.webdo.tn\\\/fr\\\/#\\\/schema\\\/person\\\/c652cd8fc2b1b44412b5ffb48c5a911d\",\"name\":\"Mohamed Hedi Touati\",\"image\":{\"@type\":\"ImageObject\",\"inLanguage\":\"fr-FR\",\"@id\":\"https:\\\/\\\/secure.gravatar.com\\\/avatar\\\/9cfd402c745b7a685f13eed0ea6e59d2144a3c2fc50a3db6fd5ed451f6cddf1a?s=96&d=mm&r=g\",\"url\":\"https:\\\/\\\/secure.gravatar.com\\\/avatar\\\/9cfd402c745b7a685f13eed0ea6e59d2144a3c2fc50a3db6fd5ed451f6cddf1a?s=96&d=mm&r=g\",\"contentUrl\":\"https:\\\/\\\/secure.gravatar.com\\\/avatar\\\/9cfd402c745b7a685f13eed0ea6e59d2144a3c2fc50a3db6fd5ed451f6cddf1a?s=96&d=mm&r=g\",\"caption\":\"Mohamed Hedi Touati\"},\"url\":\"https:\\\/\\\/www.webdo.tn\\\/fr\\\/actualite\\\/author\\\/mohamed-hedi-touati\\\/\"}]}<\/script>\n<!-- \/ Yoast SEO Premium plugin. -->","yoast_head_json":{"title":"Tunisie - \u00c9ducation : L\u2019\u00c9tat officialise l\u2019int\u00e9gration des agents d\u2019encadrement et de soutien - webdo","canonical":"https:\/\/www.webdo.tn\/fr\/actualite\/national\/tunisie-education-letat-officialise-lintegration-des-agents-dencadrement-et-de-soutien\/382655\/","og_locale":"fr_FR","og_type":"article","og_title":"Tunisie - \u00c9ducation : L\u2019\u00c9tat officialise l\u2019int\u00e9gration des agents d\u2019encadrement et de soutien","og_description":"Le Journal officiel a publi\u00e9 ce mardi 2 septembre 2025 l\u2019arr\u00eat\u00e9 n\u00b0403, officialisant l\u2019int\u00e9gration des agents charg\u00e9s d\u2019encadrer et d\u2019accompagner les \u00e9l\u00e8ves, ainsi que ceux assistant les enseignants dans les laboratoires des coll\u00e8ges et lyc\u00e9es. Cette mesure concerne tous les agents ayant exerc\u00e9 jusqu\u2019au 30 juin 2025. L\u2019arr\u00eat\u00e9 n\u00b0403, dat\u00e9 du 1er septembre 2025, pr\u00e9cise [&hellip;]","og_url":"https:\/\/www.webdo.tn\/fr\/actualite\/national\/tunisie-education-letat-officialise-lintegration-des-agents-dencadrement-et-de-soutien\/382655\/","og_site_name":"webdo","article_publisher":"https:\/\/www.facebook.com\/webdotn","article_published_time":"2025-09-02T19:57:04+00:00","article_modified_time":"2025-09-02T19:57:05+00:00","og_image":[{"width":800,"height":450,"url":"https:\/\/www.webdo.tn\/fr\/wp-content\/uploads\/2025\/09\/1756841445.jpg","type":"image\/jpeg"}],"author":"Mohamed Hedi Touati","twitter_card":"summary_large_image","twitter_creator":"@webdo_tn","twitter_site":"@webdo_tn","twitter_misc":{"\u00c9crit par":"Mohamed Hedi Touati","Dur\u00e9e de lecture estim\u00e9e":"1 minute"},"schema":{"@context":"https:\/\/schema.org","@graph":[{"@type":"NewsArticle","@id":"https:\/\/www.webdo.tn\/fr\/actualite\/national\/tunisie-education-letat-officialise-lintegration-des-agents-dencadrement-et-de-soutien\/382655\/#article","isPartOf":{"@id":"https:\/\/www.webdo.tn\/fr\/actualite\/national\/tunisie-education-letat-officialise-lintegration-des-agents-dencadrement-et-de-soutien\/382655\/"},"author":{"name":"Mohamed Hedi Touati","@id":"https:\/\/www.webdo.tn\/fr\/#\/schema\/person\/c652cd8fc2b1b44412b5ffb48c5a911d"},"headline":"Tunisie &#8211; \u00c9ducation : L\u2019\u00c9tat officialise l\u2019int\u00e9gration des agents d\u2019encadrement et de soutien","datePublished":"2025-09-02T19:57:04+00:00","dateModified":"2025-09-02T19:57:05+00:00","mainEntityOfPage":{"@id":"https:\/\/www.webdo.tn\/fr\/actualite\/national\/tunisie-education-letat-officialise-lintegration-des-agents-dencadrement-et-de-soutien\/382655\/"},"wordCount":227,"publisher":{"@id":"https:\/\/www.webdo.tn\/fr\/#organization"},"image":{"@id":"https:\/\/www.webdo.tn\/fr\/actualite\/national\/tunisie-education-letat-officialise-lintegration-des-agents-dencadrement-et-de-soutien\/382655\/#primaryimage"},"thumbnailUrl":"https:\/\/www.webdo.tn\/fr\/wp-content\/uploads\/2025\/09\/1756841445.jpg","keywords":["\u00e9ducation","enseignement","JORT","soutien","Tunisie"],"articleSection":["National"],"inLanguage":"fr-FR"},{"@type":"WebPage","@id":"https:\/\/www.webdo.tn\/fr\/actualite\/national\/tunisie-education-letat-officialise-lintegration-des-agents-dencadrement-et-de-soutien\/382655\/","url":"https:\/\/www.webdo.tn\/fr\/actualite\/national\/tunisie-education-letat-officialise-lintegration-des-agents-dencadrement-et-de-soutien\/382655\/","name":"Tunisie - \u00c9ducation : L\u2019\u00c9tat officialise l\u2019int\u00e9gration des agents d\u2019encadrement et de soutien - webdo","isPartOf":{"@id":"https:\/\/www.webdo.tn\/fr\/#website"},"primaryImageOfPage":{"@id":"https:\/\/www.webdo.tn\/fr\/actualite\/national\/tunisie-education-letat-officialise-lintegration-des-agents-dencadrement-et-de-soutien\/382655\/#primaryimage"},"image":{"@id":"https:\/\/www.webdo.tn\/fr\/actualite\/national\/tunisie-education-letat-officialise-lintegration-des-agents-dencadrement-et-de-soutien\/382655\/#primaryimage"},"thumbnailUrl":"https:\/\/www.webdo.tn\/fr\/wp-content\/uploads\/2025\/09\/1756841445.jpg","datePublished":"2025-09-02T19:57:04+00:00","dateModified":"2025-09-02T19:57:05+00:00","breadcrumb":{"@id":"https:\/\/www.webdo.tn\/fr\/actualite\/national\/tunisie-education-letat-officialise-lintegration-des-agents-dencadrement-et-de-soutien\/382655\/#breadcrumb"},"inLanguage":"fr-FR","potentialAction":[{"@type":"ReadAction","target":["https:\/\/www.webdo.tn\/fr\/actualite\/national\/tunisie-education-letat-officialise-lintegration-des-agents-dencadrement-et-de-soutien\/382655\/"]}]},{"@type":"ImageObject","inLanguage":"fr-FR","@id":"https:\/\/www.webdo.tn\/fr\/actualite\/national\/tunisie-education-letat-officialise-lintegration-des-agents-dencadrement-et-de-soutien\/382655\/#primaryimage","url":"https:\/\/www.webdo.tn\/fr\/wp-content\/uploads\/2025\/09\/1756841445.jpg","contentUrl":"https:\/\/www.webdo.tn\/fr\/wp-content\/uploads\/2025\/09\/1756841445.jpg","width":800,"height":450,"caption":"Tunisie - \u00c9ducation : L\u2019\u00c9tat officialise l\u2019int\u00e9gration des agents d\u2019encadrement et de soutien"},{"@type":"BreadcrumbList","@id":"https:\/\/www.webdo.tn\/fr\/actualite\/national\/tunisie-education-letat-officialise-lintegration-des-agents-dencadrement-et-de-soutien\/382655\/#breadcrumb","itemListElement":[{"@type":"ListItem","position":1,"name":"Accueil","item":"https:\/\/www.webdo.tn\/fr\/"},{"@type":"ListItem","position":2,"name":"Tunisie &#8211; \u00c9ducation : L\u2019\u00c9tat officialise l\u2019int\u00e9gration des agents d\u2019encadrement et de soutien"}]},{"@type":"WebSite","@id":"https:\/\/www.webdo.tn\/fr\/#website","url":"https:\/\/www.webdo.tn\/fr\/","name":"webdo","description":"Tunisie - News en Tunisie et \u00e0 l&#039;international sur Webdo.tn","publisher":{"@id":"https:\/\/www.webdo.tn\/fr\/#organization"},"potentialAction":[{"@type":"SearchAction","target":{"@type":"EntryPoint","urlTemplate":"https:\/\/www.webdo.tn\/fr\/?s={search_term_string}"},"query-input":{"@type":"PropertyValueSpecification","valueRequired":true,"valueName":"search_term_string"}}],"inLanguage":"fr-FR"},{"@type":"Organization","@id":"https:\/\/www.webdo.tn\/fr\/#organization","name":"Webdo","alternateName":"Webdo.tn","url":"https:\/\/www.webdo.tn\/fr\/","logo":{"@type":"ImageObject","inLanguage":"fr-FR","@id":"https:\/\/www.webdo.tn\/fr\/#\/schema\/logo\/image\/","url":"https:\/\/www.webdo.tn\/fr\/wp-content\/uploads\/2025\/06\/Webdo-Tunisie_168377.jpg","contentUrl":"https:\/\/www.webdo.tn\/fr\/wp-content\/uploads\/2025\/06\/Webdo-Tunisie_168377.jpg","width":301,"height":301,"caption":"Webdo"},"image":{"@id":"https:\/\/www.webdo.tn\/fr\/#\/schema\/logo\/image\/"},"sameAs":["https:\/\/www.facebook.com\/webdotn","https:\/\/x.com\/webdo_tn"],"description":"Webdo est un m\u00e9dia num\u00e9rique tunisien fond\u00e9 en 2010, sp\u00e9cialis\u00e9 dans l\u2019actualit\u00e9 nationale et internationale, l\u2019\u00e9conomie, la soci\u00e9t\u00e9 et les analyses politiques. Le site s\u2019adresse \u00e0 un large public francophone et couvre l\u2019information tunisienne en temps r\u00e9el.","email":"redac@webdo.tn","legalName":"YNJ SARL","foundingDate":"2010-09-06","numberOfEmployees":{"@type":"QuantitativeValue","minValue":"11","maxValue":"50"}},{"@type":"Person","@id":"https:\/\/www.webdo.tn\/fr\/#\/schema\/person\/c652cd8fc2b1b44412b5ffb48c5a911d","name":"Mohamed Hedi Touati","image":{"@type":"ImageObject","inLanguage":"fr-FR","@id":"https:\/\/secure.gravatar.com\/avatar\/9cfd402c745b7a685f13eed0ea6e59d2144a3c2fc50a3db6fd5ed451f6cddf1a?s=96&d=mm&r=g","url":"https:\/\/secure.gravatar.com\/avatar\/9cfd402c745b7a685f13eed0ea6e59d2144a3c2fc50a3db6fd5ed451f6cddf1a?s=96&d=mm&r=g","contentUrl":"https:\/\/secure.gravatar.com\/avatar\/9cfd402c745b7a685f13eed0ea6e59d2144a3c2fc50a3db6fd5ed451f6cddf1a?s=96&d=mm&r=g","caption":"Mohamed Hedi Touati"},"url":"https:\/\/www.webdo.tn\/fr\/actualite\/author\/mohamed-hedi-touati\/"}]}},"_links":{"self":[{"href":"https:\/\/www.webdo.tn\/fr\/wp-json\/wp\/v2\/posts\/382655","targetHints":{"allow":["GET"]}}],"collection":[{"href":"https:\/\/www.webdo.tn\/fr\/wp-json\/wp\/v2\/posts"}],"about":[{"href":"https:\/\/www.webdo.tn\/fr\/wp-json\/wp\/v2\/types\/post"}],"author":[{"embeddable":true,"href":"https:\/\/www.webdo.tn\/fr\/wp-json\/wp\/v2\/users\/3191"}],"replies":[{"embeddable":true,"href":"https:\/\/www.webdo.tn\/fr\/wp-json\/wp\/v2\/comments?post=382655"}],"version-history":[{"count":0,"href":"https:\/\/www.webdo.tn\/fr\/wp-json\/wp\/v2\/posts\/382655\/revisions"}],"wp:featuredmedia":[{"embeddable":true,"href":"https:\/\/www.webdo.tn\/fr\/wp-json\/wp\/v2\/media\/382656"}],"wp:attachment":[{"href":"https:\/\/www.webdo.tn\/fr\/wp-json\/wp\/v2\/media?parent=382655"}],"wp:term":[{"taxonomy":"category","embeddable":true,"href":"https:\/\/www.webdo.tn\/fr\/wp-json\/wp\/v2\/categories?post=382655"},{"taxonomy":"post_tag","embeddable":true,"href":"https:\/\/www.webdo.tn\/fr\/wp-json\/wp\/v2\/tags?post=382655"}],"curies":[{"name":"wp","href":"https:\/\/api.w.org\/{rel}","templated":true}]}}