{"id":382643,"date":"2025-09-02T18:49:24","date_gmt":"2025-09-02T17:49:24","guid":{"rendered":"https:\/\/www.webdo.tn\/fr\/?p=382643"},"modified":"2025-09-03T10:57:25","modified_gmt":"2025-09-03T09:57:25","slug":"attaque-a-larme-blanche-a-marseille-un-tunisien-abattu-apres-avoir-blesse-cinq-personnes","status":"publish","type":"post","link":"https:\/\/www.webdo.tn\/fr\/actualite\/international\/attaque-a-larme-blanche-a-marseille-un-tunisien-abattu-apres-avoir-blesse-cinq-personnes\/382643\/","title":{"rendered":"Attaque \u00e0 l\u2019arme blanche \u00e0 Marseille : Un Tunisien abattu apr\u00e8s avoir bless\u00e9 cinq personnes"},"content":{"rendered":"\n<p><strong>Mardi 2 septembre en plein centre-ville de Marseille, un homme arm\u00e9 de couteaux et d\u2019une matraque a bless\u00e9 au moins cinq personnes, dont une gri\u00e8vement, avant d\u2019\u00eatre abattu par la police. Le suspect, un ressortissant tunisien, venait d\u2019\u00eatre expuls\u00e9 de son h\u00f4tel.<\/strong><\/p>\n\n\n\n<p>Expuls\u00e9 de son h\u00f4tel rue des Petites-Maries, l\u2019homme est revenu peu apr\u00e8s arm\u00e9 de deux couteaux et d\u2019une matraque. Il a d\u2019abord poignard\u00e9 un colocataire au flanc &#8211; cette victime est la plus gravement touch\u00e9e et a \u00e9t\u00e9 hospitalis\u00e9e en urgence absolue.<\/p>\n\n\n\n<p>Il s\u2019en est ensuite pris au g\u00e9rant de l\u2019h\u00f4tel, puis au fils de ce dernier qu\u2019il a atteint dans le dos. Tous deux sont en urgence relative, leurs jours ne seraient pas en danger.<\/p>\n\n\n\n<p>L\u2019assaillant a poursuivi sa course dans un snack voisin, o\u00f9 il a tent\u00e9 de s\u2019en prendre au g\u00e9rant et \u00e0 des clients. Mis en fuite, il a poursuivi sa course, frappant des passants \u00e0 la matraque. La police est intervenue rapidement et, face \u00e0 son refus de se rendre, a ouvert le feu. L\u2019assaillant est d\u00e9c\u00e9d\u00e9 malgr\u00e9 les tentatives de r\u00e9animation.<\/p>\n\n\n\n<h3 class=\"wp-block-heading\" id=\"h-enquete-en-cours\">Enqu\u00eate en cours<\/h3>\n\n\n\n<p>Le procureur de la R\u00e9publique, Nicolas Bessone, a indiqu\u00e9 que le suspect avait \u00ab prof\u00e9r\u00e9 un certain nombre de paroles \u00bb, en cours de v\u00e9rification. La police judiciaire de Marseille est saisie pour tentative d\u2019homicide volontaire et homicide volontaire sur personnes d\u00e9positaires de l\u2019autorit\u00e9.<\/p>\n\n\n\n<p>Le pr\u00e9fet de r\u00e9gion, le maire de Marseille, la maire de secteur et l\u2019adjoint \u00e0 la s\u00e9curit\u00e9 se sont rendus sur place. Le ministre de l\u2019Int\u00e9rieur, Bruno Retailleau, est attendu dans la soir\u00e9e.<\/p>\n\n\n\n<p>Selon une source proche du dossier, le Parquet national antiterroriste (PNAT) observe la proc\u00e9dure mais ne s\u2019est pas encore saisi de l\u2019affaire. L\u2019hypoth\u00e8se terroriste reste \u00ab \u00e0 l\u2019\u00e9tude \u00bb.<\/p>\n\n\n\n<p>Un t\u00e9moin pr\u00e9sent au moment des faits a racont\u00e9 que la police \u00e9tait intervenue \u00ab tr\u00e8s vite \u00bb et avait tent\u00e9 d\u2019arr\u00eater l\u2019homme devant un fast-food avant qu\u2019il ne tente d\u2019attaquer un policier au couteau.<\/p>\n\n\n\n<h3 class=\"wp-block-heading\" id=\"h-profil-de-l-assaillant\">Profil de l\u2019assaillant<\/h3>\n\n\n\n<p>Selon Le Figaro, l\u2019homme se pr\u00e9nommait Abdelkader D., \u00e2g\u00e9 de 35 ans. Il devait compara\u00eetre prochainement devant la justice pour provocation \u00e0 la haine.<\/p>\n\n\n\n<p>Bien que non fich\u00e9 S, il \u00e9tait connu pour son instabilit\u00e9 psychologique : il avait \u00e9t\u00e9 expuls\u00e9 d\u2019une mosqu\u00e9e pour des \u00ab propos agressifs \u00bb et faisait l\u2019objet d\u2019un suivi psychiatrique recommand\u00e9 par le renseignement territorial.<\/p>\n\n\n\n<p><\/p>\n\n\n\n<ul class=\"wp-block-list\">\n<li>Lire aussi : <a href=\"https:\/\/www.webdo.tn\/fr\/actualite\/international\/france-attaque-au-couteau-a-la-gare-de-lyon-trois-blesses\/212029\/\">France : Attaque au couteau \u00e0 la gare de Lyon, trois bless\u00e9s<\/a><\/li>\n<\/ul>\n","protected":false},"excerpt":{"rendered":"<p>Mardi 2 septembre en plein centre-ville de Marseille, un homme arm\u00e9 de couteaux et d\u2019une matraque a bless\u00e9 au moins cinq personnes, dont une gri\u00e8vement, avant d\u2019\u00eatre abattu par la police. Le suspect, un ressortissant tunisien, venait d\u2019\u00eatre expuls\u00e9 de son h\u00f4tel. Expuls\u00e9 de son h\u00f4tel rue des Petites-Maries, l\u2019homme est revenu peu apr\u00e8s arm\u00e9 [&hellip;]<\/p>\n","protected":false},"author":3191,"featured_media":382682,"comment_status":"closed","ping_status":"closed","sticky":false,"template":"","format":"standard","meta":{"footnotes":""},"categories":[2598],"tags":[5847,2998,3928,2608],"class_list":["post-382643","post","type-post","status-publish","format-standard","has-post-thumbnail","hentry","category-international","tag-attaque-au-couteau","tag-france","tag-marseille","tag-tunisie"],"yoast_head":"<!-- This site is optimized with the Yoast SEO Premium plugin v27.5 (Yoast SEO v27.5) - https:\/\/yoast.com\/product\/yoast-seo-premium-wordpress\/ -->\n<title>Attaque \u00e0 l\u2019arme blanche \u00e0 Marseille : Un Tunisien abattu apr\u00e8s avoir bless\u00e9 cinq personnes - webdo<\/title>\n<link rel=\"canonical\" href=\"https:\/\/www.webdo.tn\/fr\/actualite\/international\/attaque-a-larme-blanche-a-marseille-un-tunisien-abattu-apres-avoir-blesse-cinq-personnes\/382643\/\" \/>\n<meta property=\"og:locale\" content=\"fr_FR\" \/>\n<meta property=\"og:type\" content=\"article\" \/>\n<meta property=\"og:title\" content=\"Attaque \u00e0 l\u2019arme blanche \u00e0 Marseille : Un Tunisien abattu apr\u00e8s avoir bless\u00e9 cinq personnes\" \/>\n<meta property=\"og:description\" content=\"Mardi 2 septembre en plein centre-ville de Marseille, un homme arm\u00e9 de couteaux et d\u2019une matraque a bless\u00e9 au moins cinq personnes, dont une gri\u00e8vement, avant d\u2019\u00eatre abattu par la police. Le suspect, un ressortissant tunisien, venait d\u2019\u00eatre expuls\u00e9 de son h\u00f4tel. Expuls\u00e9 de son h\u00f4tel rue des Petites-Maries, l\u2019homme est revenu peu apr\u00e8s arm\u00e9 [&hellip;]\" \/>\n<meta property=\"og:url\" content=\"https:\/\/www.webdo.tn\/fr\/actualite\/international\/attaque-a-larme-blanche-a-marseille-un-tunisien-abattu-apres-avoir-blesse-cinq-personnes\/382643\/\" \/>\n<meta property=\"og:site_name\" content=\"webdo\" \/>\n<meta property=\"article:publisher\" content=\"https:\/\/www.facebook.com\/webdotn\" \/>\n<meta property=\"article:published_time\" content=\"2025-09-02T17:49:24+00:00\" \/>\n<meta property=\"article:modified_time\" content=\"2025-09-03T09:57:25+00:00\" \/>\n<meta property=\"og:image\" content=\"https:\/\/www.webdo.tn\/fr\/wp-content\/uploads\/2025\/09\/64eb1e3_upload-1-ezbmmfy1cegd-maxnewsspecialtwo322461-750x375-2.webp\" \/>\n\t<meta property=\"og:image:width\" content=\"750\" \/>\n\t<meta property=\"og:image:height\" content=\"375\" \/>\n\t<meta property=\"og:image:type\" content=\"image\/webp\" \/>\n<meta name=\"author\" content=\"Mohamed Hedi Touati\" \/>\n<meta name=\"twitter:card\" content=\"summary_large_image\" \/>\n<meta name=\"twitter:creator\" content=\"@webdo_tn\" \/>\n<meta name=\"twitter:site\" content=\"@webdo_tn\" \/>\n<meta name=\"twitter:label1\" content=\"\u00c9crit par\" \/>\n\t<meta name=\"twitter:data1\" content=\"Mohamed Hedi Touati\" \/>\n\t<meta name=\"twitter:label2\" content=\"Dur\u00e9e de lecture estim\u00e9e\" \/>\n\t<meta name=\"twitter:data2\" content=\"3 minutes\" \/>\n<script type=\"application\/ld+json\" class=\"yoast-schema-graph\">{\"@context\":\"https:\\\/\\\/schema.org\",\"@graph\":[{\"@type\":\"NewsArticle\",\"@id\":\"https:\\\/\\\/www.webdo.tn\\\/fr\\\/actualite\\\/international\\\/attaque-a-larme-blanche-a-marseille-un-tunisien-abattu-apres-avoir-blesse-cinq-personnes\\\/382643\\\/#article\",\"isPartOf\":{\"@id\":\"https:\\\/\\\/www.webdo.tn\\\/fr\\\/actualite\\\/international\\\/attaque-a-larme-blanche-a-marseille-un-tunisien-abattu-apres-avoir-blesse-cinq-personnes\\\/382643\\\/\"},\"author\":{\"name\":\"Mohamed Hedi Touati\",\"@id\":\"https:\\\/\\\/www.webdo.tn\\\/fr\\\/#\\\/schema\\\/person\\\/c652cd8fc2b1b44412b5ffb48c5a911d\"},\"headline\":\"Attaque \u00e0 l\u2019arme blanche \u00e0 Marseille : Un Tunisien abattu apr\u00e8s avoir bless\u00e9 cinq personnes\",\"datePublished\":\"2025-09-02T17:49:24+00:00\",\"dateModified\":\"2025-09-03T09:57:25+00:00\",\"mainEntityOfPage\":{\"@id\":\"https:\\\/\\\/www.webdo.tn\\\/fr\\\/actualite\\\/international\\\/attaque-a-larme-blanche-a-marseille-un-tunisien-abattu-apres-avoir-blesse-cinq-personnes\\\/382643\\\/\"},\"wordCount\":456,\"publisher\":{\"@id\":\"https:\\\/\\\/www.webdo.tn\\\/fr\\\/#organization\"},\"image\":{\"@id\":\"https:\\\/\\\/www.webdo.tn\\\/fr\\\/actualite\\\/international\\\/attaque-a-larme-blanche-a-marseille-un-tunisien-abattu-apres-avoir-blesse-cinq-personnes\\\/382643\\\/#primaryimage\"},\"thumbnailUrl\":\"https:\\\/\\\/www.webdo.tn\\\/fr\\\/wp-content\\\/uploads\\\/2025\\\/09\\\/64eb1e3_upload-1-ezbmmfy1cegd-maxnewsspecialtwo322461-750x375-2.webp\",\"keywords\":[\"Attaque au couteau\",\"france\",\"marseille\",\"Tunisie\"],\"articleSection\":[\"International\"],\"inLanguage\":\"fr-FR\"},{\"@type\":\"WebPage\",\"@id\":\"https:\\\/\\\/www.webdo.tn\\\/fr\\\/actualite\\\/international\\\/attaque-a-larme-blanche-a-marseille-un-tunisien-abattu-apres-avoir-blesse-cinq-personnes\\\/382643\\\/\",\"url\":\"https:\\\/\\\/www.webdo.tn\\\/fr\\\/actualite\\\/international\\\/attaque-a-larme-blanche-a-marseille-un-tunisien-abattu-apres-avoir-blesse-cinq-personnes\\\/382643\\\/\",\"name\":\"Attaque \u00e0 l\u2019arme blanche \u00e0 Marseille : Un Tunisien abattu apr\u00e8s avoir bless\u00e9 cinq personnes - webdo\",\"isPartOf\":{\"@id\":\"https:\\\/\\\/www.webdo.tn\\\/fr\\\/#website\"},\"primaryImageOfPage\":{\"@id\":\"https:\\\/\\\/www.webdo.tn\\\/fr\\\/actualite\\\/international\\\/attaque-a-larme-blanche-a-marseille-un-tunisien-abattu-apres-avoir-blesse-cinq-personnes\\\/382643\\\/#primaryimage\"},\"image\":{\"@id\":\"https:\\\/\\\/www.webdo.tn\\\/fr\\\/actualite\\\/international\\\/attaque-a-larme-blanche-a-marseille-un-tunisien-abattu-apres-avoir-blesse-cinq-personnes\\\/382643\\\/#primaryimage\"},\"thumbnailUrl\":\"https:\\\/\\\/www.webdo.tn\\\/fr\\\/wp-content\\\/uploads\\\/2025\\\/09\\\/64eb1e3_upload-1-ezbmmfy1cegd-maxnewsspecialtwo322461-750x375-2.webp\",\"datePublished\":\"2025-09-02T17:49:24+00:00\",\"dateModified\":\"2025-09-03T09:57:25+00:00\",\"breadcrumb\":{\"@id\":\"https:\\\/\\\/www.webdo.tn\\\/fr\\\/actualite\\\/international\\\/attaque-a-larme-blanche-a-marseille-un-tunisien-abattu-apres-avoir-blesse-cinq-personnes\\\/382643\\\/#breadcrumb\"},\"inLanguage\":\"fr-FR\",\"potentialAction\":[{\"@type\":\"ReadAction\",\"target\":[\"https:\\\/\\\/www.webdo.tn\\\/fr\\\/actualite\\\/international\\\/attaque-a-larme-blanche-a-marseille-un-tunisien-abattu-apres-avoir-blesse-cinq-personnes\\\/382643\\\/\"]}]},{\"@type\":\"ImageObject\",\"inLanguage\":\"fr-FR\",\"@id\":\"https:\\\/\\\/www.webdo.tn\\\/fr\\\/actualite\\\/international\\\/attaque-a-larme-blanche-a-marseille-un-tunisien-abattu-apres-avoir-blesse-cinq-personnes\\\/382643\\\/#primaryimage\",\"url\":\"https:\\\/\\\/www.webdo.tn\\\/fr\\\/wp-content\\\/uploads\\\/2025\\\/09\\\/64eb1e3_upload-1-ezbmmfy1cegd-maxnewsspecialtwo322461-750x375-2.webp\",\"contentUrl\":\"https:\\\/\\\/www.webdo.tn\\\/fr\\\/wp-content\\\/uploads\\\/2025\\\/09\\\/64eb1e3_upload-1-ezbmmfy1cegd-maxnewsspecialtwo322461-750x375-2.webp\",\"width\":750,\"height\":375},{\"@type\":\"BreadcrumbList\",\"@id\":\"https:\\\/\\\/www.webdo.tn\\\/fr\\\/actualite\\\/international\\\/attaque-a-larme-blanche-a-marseille-un-tunisien-abattu-apres-avoir-blesse-cinq-personnes\\\/382643\\\/#breadcrumb\",\"itemListElement\":[{\"@type\":\"ListItem\",\"position\":1,\"name\":\"Accueil\",\"item\":\"https:\\\/\\\/www.webdo.tn\\\/fr\\\/\"},{\"@type\":\"ListItem\",\"position\":2,\"name\":\"Attaque \u00e0 l\u2019arme blanche \u00e0 Marseille : Un Tunisien abattu apr\u00e8s avoir bless\u00e9 cinq personnes\"}]},{\"@type\":\"WebSite\",\"@id\":\"https:\\\/\\\/www.webdo.tn\\\/fr\\\/#website\",\"url\":\"https:\\\/\\\/www.webdo.tn\\\/fr\\\/\",\"name\":\"webdo\",\"description\":\"Tunisie - News en Tunisie et \u00e0 l&#039;international sur Webdo.tn\",\"publisher\":{\"@id\":\"https:\\\/\\\/www.webdo.tn\\\/fr\\\/#organization\"},\"potentialAction\":[{\"@type\":\"SearchAction\",\"target\":{\"@type\":\"EntryPoint\",\"urlTemplate\":\"https:\\\/\\\/www.webdo.tn\\\/fr\\\/?s={search_term_string}\"},\"query-input\":{\"@type\":\"PropertyValueSpecification\",\"valueRequired\":true,\"valueName\":\"search_term_string\"}}],\"inLanguage\":\"fr-FR\"},{\"@type\":\"Organization\",\"@id\":\"https:\\\/\\\/www.webdo.tn\\\/fr\\\/#organization\",\"name\":\"Webdo\",\"alternateName\":\"Webdo.tn\",\"url\":\"https:\\\/\\\/www.webdo.tn\\\/fr\\\/\",\"logo\":{\"@type\":\"ImageObject\",\"inLanguage\":\"fr-FR\",\"@id\":\"https:\\\/\\\/www.webdo.tn\\\/fr\\\/#\\\/schema\\\/logo\\\/image\\\/\",\"url\":\"https:\\\/\\\/www.webdo.tn\\\/fr\\\/wp-content\\\/uploads\\\/2025\\\/06\\\/Webdo-Tunisie_168377.jpg\",\"contentUrl\":\"https:\\\/\\\/www.webdo.tn\\\/fr\\\/wp-content\\\/uploads\\\/2025\\\/06\\\/Webdo-Tunisie_168377.jpg\",\"width\":301,\"height\":301,\"caption\":\"Webdo\"},\"image\":{\"@id\":\"https:\\\/\\\/www.webdo.tn\\\/fr\\\/#\\\/schema\\\/logo\\\/image\\\/\"},\"sameAs\":[\"https:\\\/\\\/www.facebook.com\\\/webdotn\",\"https:\\\/\\\/x.com\\\/webdo_tn\"],\"description\":\"Webdo est un m\u00e9dia num\u00e9rique tunisien fond\u00e9 en 2010, sp\u00e9cialis\u00e9 dans l\u2019actualit\u00e9 nationale et internationale, l\u2019\u00e9conomie, la soci\u00e9t\u00e9 et les analyses politiques. Le site s\u2019adresse \u00e0 un large public francophone et couvre l\u2019information tunisienne en temps r\u00e9el.\",\"email\":\"redac@webdo.tn\",\"legalName\":\"YNJ SARL\",\"foundingDate\":\"2010-09-06\",\"numberOfEmployees\":{\"@type\":\"QuantitativeValue\",\"minValue\":\"11\",\"maxValue\":\"50\"}},{\"@type\":\"Person\",\"@id\":\"https:\\\/\\\/www.webdo.tn\\\/fr\\\/#\\\/schema\\\/person\\\/c652cd8fc2b1b44412b5ffb48c5a911d\",\"name\":\"Mohamed Hedi Touati\",\"image\":{\"@type\":\"ImageObject\",\"inLanguage\":\"fr-FR\",\"@id\":\"https:\\\/\\\/secure.gravatar.com\\\/avatar\\\/9cfd402c745b7a685f13eed0ea6e59d2144a3c2fc50a3db6fd5ed451f6cddf1a?s=96&d=mm&r=g\",\"url\":\"https:\\\/\\\/secure.gravatar.com\\\/avatar\\\/9cfd402c745b7a685f13eed0ea6e59d2144a3c2fc50a3db6fd5ed451f6cddf1a?s=96&d=mm&r=g\",\"contentUrl\":\"https:\\\/\\\/secure.gravatar.com\\\/avatar\\\/9cfd402c745b7a685f13eed0ea6e59d2144a3c2fc50a3db6fd5ed451f6cddf1a?s=96&d=mm&r=g\",\"caption\":\"Mohamed Hedi Touati\"},\"url\":\"https:\\\/\\\/www.webdo.tn\\\/fr\\\/actualite\\\/author\\\/mohamed-hedi-touati\\\/\"}]}<\/script>\n<!-- \/ Yoast SEO Premium plugin. -->","yoast_head_json":{"title":"Attaque \u00e0 l\u2019arme blanche \u00e0 Marseille : Un Tunisien abattu apr\u00e8s avoir bless\u00e9 cinq personnes - webdo","canonical":"https:\/\/www.webdo.tn\/fr\/actualite\/international\/attaque-a-larme-blanche-a-marseille-un-tunisien-abattu-apres-avoir-blesse-cinq-personnes\/382643\/","og_locale":"fr_FR","og_type":"article","og_title":"Attaque \u00e0 l\u2019arme blanche \u00e0 Marseille : Un Tunisien abattu apr\u00e8s avoir bless\u00e9 cinq personnes","og_description":"Mardi 2 septembre en plein centre-ville de Marseille, un homme arm\u00e9 de couteaux et d\u2019une matraque a bless\u00e9 au moins cinq personnes, dont une gri\u00e8vement, avant d\u2019\u00eatre abattu par la police. Le suspect, un ressortissant tunisien, venait d\u2019\u00eatre expuls\u00e9 de son h\u00f4tel. Expuls\u00e9 de son h\u00f4tel rue des Petites-Maries, l\u2019homme est revenu peu apr\u00e8s arm\u00e9 [&hellip;]","og_url":"https:\/\/www.webdo.tn\/fr\/actualite\/international\/attaque-a-larme-blanche-a-marseille-un-tunisien-abattu-apres-avoir-blesse-cinq-personnes\/382643\/","og_site_name":"webdo","article_publisher":"https:\/\/www.facebook.com\/webdotn","article_published_time":"2025-09-02T17:49:24+00:00","article_modified_time":"2025-09-03T09:57:25+00:00","og_image":[{"width":750,"height":375,"url":"https:\/\/www.webdo.tn\/fr\/wp-content\/uploads\/2025\/09\/64eb1e3_upload-1-ezbmmfy1cegd-maxnewsspecialtwo322461-750x375-2.webp","type":"image\/webp"}],"author":"Mohamed Hedi Touati","twitter_card":"summary_large_image","twitter_creator":"@webdo_tn","twitter_site":"@webdo_tn","twitter_misc":{"\u00c9crit par":"Mohamed Hedi Touati","Dur\u00e9e de lecture estim\u00e9e":"3 minutes"},"schema":{"@context":"https:\/\/schema.org","@graph":[{"@type":"NewsArticle","@id":"https:\/\/www.webdo.tn\/fr\/actualite\/international\/attaque-a-larme-blanche-a-marseille-un-tunisien-abattu-apres-avoir-blesse-cinq-personnes\/382643\/#article","isPartOf":{"@id":"https:\/\/www.webdo.tn\/fr\/actualite\/international\/attaque-a-larme-blanche-a-marseille-un-tunisien-abattu-apres-avoir-blesse-cinq-personnes\/382643\/"},"author":{"name":"Mohamed Hedi Touati","@id":"https:\/\/www.webdo.tn\/fr\/#\/schema\/person\/c652cd8fc2b1b44412b5ffb48c5a911d"},"headline":"Attaque \u00e0 l\u2019arme blanche \u00e0 Marseille : Un Tunisien abattu apr\u00e8s avoir bless\u00e9 cinq personnes","datePublished":"2025-09-02T17:49:24+00:00","dateModified":"2025-09-03T09:57:25+00:00","mainEntityOfPage":{"@id":"https:\/\/www.webdo.tn\/fr\/actualite\/international\/attaque-a-larme-blanche-a-marseille-un-tunisien-abattu-apres-avoir-blesse-cinq-personnes\/382643\/"},"wordCount":456,"publisher":{"@id":"https:\/\/www.webdo.tn\/fr\/#organization"},"image":{"@id":"https:\/\/www.webdo.tn\/fr\/actualite\/international\/attaque-a-larme-blanche-a-marseille-un-tunisien-abattu-apres-avoir-blesse-cinq-personnes\/382643\/#primaryimage"},"thumbnailUrl":"https:\/\/www.webdo.tn\/fr\/wp-content\/uploads\/2025\/09\/64eb1e3_upload-1-ezbmmfy1cegd-maxnewsspecialtwo322461-750x375-2.webp","keywords":["Attaque au couteau","france","marseille","Tunisie"],"articleSection":["International"],"inLanguage":"fr-FR"},{"@type":"WebPage","@id":"https:\/\/www.webdo.tn\/fr\/actualite\/international\/attaque-a-larme-blanche-a-marseille-un-tunisien-abattu-apres-avoir-blesse-cinq-personnes\/382643\/","url":"https:\/\/www.webdo.tn\/fr\/actualite\/international\/attaque-a-larme-blanche-a-marseille-un-tunisien-abattu-apres-avoir-blesse-cinq-personnes\/382643\/","name":"Attaque \u00e0 l\u2019arme blanche \u00e0 Marseille : Un Tunisien abattu apr\u00e8s avoir bless\u00e9 cinq personnes - webdo","isPartOf":{"@id":"https:\/\/www.webdo.tn\/fr\/#website"},"primaryImageOfPage":{"@id":"https:\/\/www.webdo.tn\/fr\/actualite\/international\/attaque-a-larme-blanche-a-marseille-un-tunisien-abattu-apres-avoir-blesse-cinq-personnes\/382643\/#primaryimage"},"image":{"@id":"https:\/\/www.webdo.tn\/fr\/actualite\/international\/attaque-a-larme-blanche-a-marseille-un-tunisien-abattu-apres-avoir-blesse-cinq-personnes\/382643\/#primaryimage"},"thumbnailUrl":"https:\/\/www.webdo.tn\/fr\/wp-content\/uploads\/2025\/09\/64eb1e3_upload-1-ezbmmfy1cegd-maxnewsspecialtwo322461-750x375-2.webp","datePublished":"2025-09-02T17:49:24+00:00","dateModified":"2025-09-03T09:57:25+00:00","breadcrumb":{"@id":"https:\/\/www.webdo.tn\/fr\/actualite\/international\/attaque-a-larme-blanche-a-marseille-un-tunisien-abattu-apres-avoir-blesse-cinq-personnes\/382643\/#breadcrumb"},"inLanguage":"fr-FR","potentialAction":[{"@type":"ReadAction","target":["https:\/\/www.webdo.tn\/fr\/actualite\/international\/attaque-a-larme-blanche-a-marseille-un-tunisien-abattu-apres-avoir-blesse-cinq-personnes\/382643\/"]}]},{"@type":"ImageObject","inLanguage":"fr-FR","@id":"https:\/\/www.webdo.tn\/fr\/actualite\/international\/attaque-a-larme-blanche-a-marseille-un-tunisien-abattu-apres-avoir-blesse-cinq-personnes\/382643\/#primaryimage","url":"https:\/\/www.webdo.tn\/fr\/wp-content\/uploads\/2025\/09\/64eb1e3_upload-1-ezbmmfy1cegd-maxnewsspecialtwo322461-750x375-2.webp","contentUrl":"https:\/\/www.webdo.tn\/fr\/wp-content\/uploads\/2025\/09\/64eb1e3_upload-1-ezbmmfy1cegd-maxnewsspecialtwo322461-750x375-2.webp","width":750,"height":375},{"@type":"BreadcrumbList","@id":"https:\/\/www.webdo.tn\/fr\/actualite\/international\/attaque-a-larme-blanche-a-marseille-un-tunisien-abattu-apres-avoir-blesse-cinq-personnes\/382643\/#breadcrumb","itemListElement":[{"@type":"ListItem","position":1,"name":"Accueil","item":"https:\/\/www.webdo.tn\/fr\/"},{"@type":"ListItem","position":2,"name":"Attaque \u00e0 l\u2019arme blanche \u00e0 Marseille : Un Tunisien abattu apr\u00e8s avoir bless\u00e9 cinq personnes"}]},{"@type":"WebSite","@id":"https:\/\/www.webdo.tn\/fr\/#website","url":"https:\/\/www.webdo.tn\/fr\/","name":"webdo","description":"Tunisie - News en Tunisie et \u00e0 l&#039;international sur Webdo.tn","publisher":{"@id":"https:\/\/www.webdo.tn\/fr\/#organization"},"potentialAction":[{"@type":"SearchAction","target":{"@type":"EntryPoint","urlTemplate":"https:\/\/www.webdo.tn\/fr\/?s={search_term_string}"},"query-input":{"@type":"PropertyValueSpecification","valueRequired":true,"valueName":"search_term_string"}}],"inLanguage":"fr-FR"},{"@type":"Organization","@id":"https:\/\/www.webdo.tn\/fr\/#organization","name":"Webdo","alternateName":"Webdo.tn","url":"https:\/\/www.webdo.tn\/fr\/","logo":{"@type":"ImageObject","inLanguage":"fr-FR","@id":"https:\/\/www.webdo.tn\/fr\/#\/schema\/logo\/image\/","url":"https:\/\/www.webdo.tn\/fr\/wp-content\/uploads\/2025\/06\/Webdo-Tunisie_168377.jpg","contentUrl":"https:\/\/www.webdo.tn\/fr\/wp-content\/uploads\/2025\/06\/Webdo-Tunisie_168377.jpg","width":301,"height":301,"caption":"Webdo"},"image":{"@id":"https:\/\/www.webdo.tn\/fr\/#\/schema\/logo\/image\/"},"sameAs":["https:\/\/www.facebook.com\/webdotn","https:\/\/x.com\/webdo_tn"],"description":"Webdo est un m\u00e9dia num\u00e9rique tunisien fond\u00e9 en 2010, sp\u00e9cialis\u00e9 dans l\u2019actualit\u00e9 nationale et internationale, l\u2019\u00e9conomie, la soci\u00e9t\u00e9 et les analyses politiques. Le site s\u2019adresse \u00e0 un large public francophone et couvre l\u2019information tunisienne en temps r\u00e9el.","email":"redac@webdo.tn","legalName":"YNJ SARL","foundingDate":"2010-09-06","numberOfEmployees":{"@type":"QuantitativeValue","minValue":"11","maxValue":"50"}},{"@type":"Person","@id":"https:\/\/www.webdo.tn\/fr\/#\/schema\/person\/c652cd8fc2b1b44412b5ffb48c5a911d","name":"Mohamed Hedi Touati","image":{"@type":"ImageObject","inLanguage":"fr-FR","@id":"https:\/\/secure.gravatar.com\/avatar\/9cfd402c745b7a685f13eed0ea6e59d2144a3c2fc50a3db6fd5ed451f6cddf1a?s=96&d=mm&r=g","url":"https:\/\/secure.gravatar.com\/avatar\/9cfd402c745b7a685f13eed0ea6e59d2144a3c2fc50a3db6fd5ed451f6cddf1a?s=96&d=mm&r=g","contentUrl":"https:\/\/secure.gravatar.com\/avatar\/9cfd402c745b7a685f13eed0ea6e59d2144a3c2fc50a3db6fd5ed451f6cddf1a?s=96&d=mm&r=g","caption":"Mohamed Hedi Touati"},"url":"https:\/\/www.webdo.tn\/fr\/actualite\/author\/mohamed-hedi-touati\/"}]}},"_links":{"self":[{"href":"https:\/\/www.webdo.tn\/fr\/wp-json\/wp\/v2\/posts\/382643","targetHints":{"allow":["GET"]}}],"collection":[{"href":"https:\/\/www.webdo.tn\/fr\/wp-json\/wp\/v2\/posts"}],"about":[{"href":"https:\/\/www.webdo.tn\/fr\/wp-json\/wp\/v2\/types\/post"}],"author":[{"embeddable":true,"href":"https:\/\/www.webdo.tn\/fr\/wp-json\/wp\/v2\/users\/3191"}],"replies":[{"embeddable":true,"href":"https:\/\/www.webdo.tn\/fr\/wp-json\/wp\/v2\/comments?post=382643"}],"version-history":[{"count":0,"href":"https:\/\/www.webdo.tn\/fr\/wp-json\/wp\/v2\/posts\/382643\/revisions"}],"wp:featuredmedia":[{"embeddable":true,"href":"https:\/\/www.webdo.tn\/fr\/wp-json\/wp\/v2\/media\/382682"}],"wp:attachment":[{"href":"https:\/\/www.webdo.tn\/fr\/wp-json\/wp\/v2\/media?parent=382643"}],"wp:term":[{"taxonomy":"category","embeddable":true,"href":"https:\/\/www.webdo.tn\/fr\/wp-json\/wp\/v2\/categories?post=382643"},{"taxonomy":"post_tag","embeddable":true,"href":"https:\/\/www.webdo.tn\/fr\/wp-json\/wp\/v2\/tags?post=382643"}],"curies":[{"name":"wp","href":"https:\/\/api.w.org\/{rel}","templated":true}]}}