{"id":382628,"date":"2025-09-02T13:30:56","date_gmt":"2025-09-02T12:30:56","guid":{"rendered":"https:\/\/www.webdo.tn\/fr\/?p=382628"},"modified":"2025-09-02T18:04:28","modified_gmt":"2025-09-02T17:04:28","slug":"la-tunisie-adopte-un-nouveau-cadre-strategique-pour-lenergie-nucleaire-civile","status":"publish","type":"post","link":"https:\/\/www.webdo.tn\/fr\/actualite\/national\/la-tunisie-adopte-un-nouveau-cadre-strategique-pour-lenergie-nucleaire-civile\/382628\/","title":{"rendered":"La Tunisie adopte un nouveau cadre strat\u00e9gique pour l\u2019\u00e9nergie nucl\u00e9aire civile"},"content":{"rendered":"\n<h1 class=\"wp-block-heading\" id=\"h-\"><\/h1>\n\n\n\n<p>Sous la pr\u00e9sidence de <strong>Moncef Belaid<\/strong>, ministre de l\u2019Enseignement sup\u00e9rieur et de la Recherche scientifique et pr\u00e9sident de la <strong>Commission nationale de l\u2019\u00e9nergie atomique<\/strong>, <a href=\"https:\/\/www.facebook.com\/permalink.php?story_fbid=pfbid0w4Pfi1QePJTtMrwEicrBkyEcj1Ss8wsSp76w9Wi6HUt3acFmWxseQpkK4rBRBkZ6l&amp;id=100064605075098\">une r\u00e9union s\u2019est tenue le 1er septembre 2025 au si\u00e8ge du minist\u00e8re<\/a>, en pr\u00e9sence de <strong>Ha\u00efthem Essaghir<\/strong>, directeur g\u00e9n\u00e9ral du Centre national des sciences et technologies nucl\u00e9aires, ainsi que des repr\u00e9sentants de divers organismes et minist\u00e8res.<\/p>\n\n\n\n<p>Au c\u0153ur des discussions figurait la <strong>validation du programme-cadre 2025-2029<\/strong>, \u00e9labor\u00e9 dans le cadre du partenariat entre la Tunisie et l\u2019<strong>Agence internationale de l\u2019\u00e9nergie atomique (AIEA)<\/strong>. <\/p>\n\n\n\n<p>Ce document strat\u00e9gique servira de r\u00e9f\u00e9rence pour orienter les usages des sciences et technologies nucl\u00e9aires au service des priorit\u00e9s nationales de d\u00e9veloppement et des <strong>Objectifs de d\u00e9veloppement durable (ODD)<\/strong>. Il constitue \u00e9galement une garantie d\u2019un recours <strong>s\u00fbr, responsable et conforme aux engagements internationaux<\/strong> de la Tunisie dans le domaine nucl\u00e9aire.<\/p>\n\n\n\n<p>La rencontre a \u00e9galement mis l\u2019accent sur la n\u00e9cessit\u00e9 d\u2019<strong>acc\u00e9l\u00e9rer l\u2019adoption du projet de loi-cadre relatif aux usages pacifiques de l\u2019\u00e9nergie atomique et des technologies nucl\u00e9aires<\/strong>, afin de doter le pays d\u2019un cadre juridique adapt\u00e9. <\/p>\n\n\n\n<p>Les participants ont par ailleurs insist\u00e9 sur le suivi du programme de coop\u00e9ration technique entre la Tunisie et l\u2019AIEA, notamment pour <strong>renforcer les capacit\u00e9s nationales en mati\u00e8re de s\u00fbret\u00e9 nucl\u00e9aire<\/strong> et lutter contre les utilisations illicites des mati\u00e8res radioactives.<\/p>\n","protected":false},"excerpt":{"rendered":"<p>Sous la pr\u00e9sidence de Moncef Belaid, ministre de l\u2019Enseignement sup\u00e9rieur et de la Recherche scientifique et pr\u00e9sident de la Commission nationale de l\u2019\u00e9nergie atomique, une r\u00e9union s\u2019est tenue le 1er septembre 2025 au si\u00e8ge du minist\u00e8re, en pr\u00e9sence de Ha\u00efthem Essaghir, directeur g\u00e9n\u00e9ral du Centre national des sciences et technologies nucl\u00e9aires, ainsi que des repr\u00e9sentants [&hellip;]<\/p>\n","protected":false},"author":3184,"featured_media":382629,"comment_status":"closed","ping_status":"closed","sticky":false,"template":"","format":"standard","meta":{"footnotes":""},"categories":[44],"tags":[12222,2608],"class_list":["post-382628","post","type-post","status-publish","format-standard","has-post-thumbnail","hentry","category-national","tag-energie-nucleaire","tag-tunisie"],"yoast_head":"<!-- This site is optimized with the Yoast SEO Premium plugin v27.4 (Yoast SEO v27.4) - https:\/\/yoast.com\/product\/yoast-seo-premium-wordpress\/ -->\n<title>La Tunisie adopte un nouveau cadre strat\u00e9gique pour l\u2019\u00e9nergie nucl\u00e9aire civile - webdo<\/title>\n<meta name=\"description\" content=\"D\u00e9couvrez les avanc\u00e9es du programme-cadre 2025-2029 sur le nucl\u00e9aire valid\u00e9 par la Tunisie et l&#039;AIEA.\" \/>\n<link rel=\"canonical\" href=\"https:\/\/www.webdo.tn\/fr\/actualite\/national\/la-tunisie-adopte-un-nouveau-cadre-strategique-pour-lenergie-nucleaire-civile\/382628\/\" \/>\n<meta property=\"og:locale\" content=\"fr_FR\" \/>\n<meta property=\"og:type\" content=\"article\" \/>\n<meta property=\"og:title\" content=\"La Tunisie adopte un nouveau cadre strat\u00e9gique pour l\u2019\u00e9nergie nucl\u00e9aire civile\" \/>\n<meta property=\"og:description\" content=\"D\u00e9couvrez les avanc\u00e9es du programme-cadre 2025-2029 sur le nucl\u00e9aire valid\u00e9 par la Tunisie et l&#039;AIEA.\" \/>\n<meta property=\"og:url\" content=\"https:\/\/www.webdo.tn\/fr\/actualite\/national\/la-tunisie-adopte-un-nouveau-cadre-strategique-pour-lenergie-nucleaire-civile\/382628\/\" \/>\n<meta property=\"og:site_name\" content=\"webdo\" \/>\n<meta property=\"article:publisher\" content=\"https:\/\/www.facebook.com\/webdotn\" \/>\n<meta property=\"article:published_time\" content=\"2025-09-02T12:30:56+00:00\" \/>\n<meta property=\"article:modified_time\" content=\"2025-09-02T17:04:28+00:00\" \/>\n<meta property=\"og:image\" content=\"https:\/\/www.webdo.tn\/fr\/wp-content\/uploads\/2025\/09\/541434845_1183695767127248_4617482243220940948_n.jpg\" \/>\n\t<meta property=\"og:image:width\" content=\"1600\" \/>\n\t<meta property=\"og:image:height\" content=\"827\" \/>\n\t<meta property=\"og:image:type\" content=\"image\/jpeg\" \/>\n<meta name=\"author\" content=\"Wided Belhaj\" \/>\n<meta name=\"twitter:card\" content=\"summary_large_image\" \/>\n<meta name=\"twitter:creator\" content=\"@webdo_tn\" \/>\n<meta name=\"twitter:site\" content=\"@webdo_tn\" \/>\n<meta name=\"twitter:label1\" content=\"\u00c9crit par\" \/>\n\t<meta name=\"twitter:data1\" content=\"Wided Belhaj\" \/>\n\t<meta name=\"twitter:label2\" content=\"Dur\u00e9e de lecture estim\u00e9e\" \/>\n\t<meta name=\"twitter:data2\" content=\"2 minutes\" \/>\n<script type=\"application\/ld+json\" class=\"yoast-schema-graph\">{\"@context\":\"https:\\\/\\\/schema.org\",\"@graph\":[{\"@type\":\"NewsArticle\",\"@id\":\"https:\\\/\\\/www.webdo.tn\\\/fr\\\/actualite\\\/national\\\/la-tunisie-adopte-un-nouveau-cadre-strategique-pour-lenergie-nucleaire-civile\\\/382628\\\/#article\",\"isPartOf\":{\"@id\":\"https:\\\/\\\/www.webdo.tn\\\/fr\\\/actualite\\\/national\\\/la-tunisie-adopte-un-nouveau-cadre-strategique-pour-lenergie-nucleaire-civile\\\/382628\\\/\"},\"author\":{\"name\":\"Wided Belhaj\",\"@id\":\"https:\\\/\\\/www.webdo.tn\\\/fr\\\/#\\\/schema\\\/person\\\/b9ecde7a5574cb4fcf4b496ea5fadb15\"},\"headline\":\"La Tunisie adopte un nouveau cadre strat\u00e9gique pour l\u2019\u00e9nergie nucl\u00e9aire civile\",\"datePublished\":\"2025-09-02T12:30:56+00:00\",\"dateModified\":\"2025-09-02T17:04:28+00:00\",\"mainEntityOfPage\":{\"@id\":\"https:\\\/\\\/www.webdo.tn\\\/fr\\\/actualite\\\/national\\\/la-tunisie-adopte-un-nouveau-cadre-strategique-pour-lenergie-nucleaire-civile\\\/382628\\\/\"},\"wordCount\":268,\"publisher\":{\"@id\":\"https:\\\/\\\/www.webdo.tn\\\/fr\\\/#organization\"},\"image\":{\"@id\":\"https:\\\/\\\/www.webdo.tn\\\/fr\\\/actualite\\\/national\\\/la-tunisie-adopte-un-nouveau-cadre-strategique-pour-lenergie-nucleaire-civile\\\/382628\\\/#primaryimage\"},\"thumbnailUrl\":\"https:\\\/\\\/www.webdo.tn\\\/fr\\\/wp-content\\\/uploads\\\/2025\\\/09\\\/541434845_1183695767127248_4617482243220940948_n.jpg\",\"keywords\":[\"\u00e9nergie nucl\u00e9aire\",\"Tunisie\"],\"articleSection\":[\"National\"],\"inLanguage\":\"fr-FR\"},{\"@type\":\"WebPage\",\"@id\":\"https:\\\/\\\/www.webdo.tn\\\/fr\\\/actualite\\\/national\\\/la-tunisie-adopte-un-nouveau-cadre-strategique-pour-lenergie-nucleaire-civile\\\/382628\\\/\",\"url\":\"https:\\\/\\\/www.webdo.tn\\\/fr\\\/actualite\\\/national\\\/la-tunisie-adopte-un-nouveau-cadre-strategique-pour-lenergie-nucleaire-civile\\\/382628\\\/\",\"name\":\"La Tunisie adopte un nouveau cadre strat\u00e9gique pour l\u2019\u00e9nergie nucl\u00e9aire civile - webdo\",\"isPartOf\":{\"@id\":\"https:\\\/\\\/www.webdo.tn\\\/fr\\\/#website\"},\"primaryImageOfPage\":{\"@id\":\"https:\\\/\\\/www.webdo.tn\\\/fr\\\/actualite\\\/national\\\/la-tunisie-adopte-un-nouveau-cadre-strategique-pour-lenergie-nucleaire-civile\\\/382628\\\/#primaryimage\"},\"image\":{\"@id\":\"https:\\\/\\\/www.webdo.tn\\\/fr\\\/actualite\\\/national\\\/la-tunisie-adopte-un-nouveau-cadre-strategique-pour-lenergie-nucleaire-civile\\\/382628\\\/#primaryimage\"},\"thumbnailUrl\":\"https:\\\/\\\/www.webdo.tn\\\/fr\\\/wp-content\\\/uploads\\\/2025\\\/09\\\/541434845_1183695767127248_4617482243220940948_n.jpg\",\"datePublished\":\"2025-09-02T12:30:56+00:00\",\"dateModified\":\"2025-09-02T17:04:28+00:00\",\"description\":\"D\u00e9couvrez les avanc\u00e9es du programme-cadre 2025-2029 sur le nucl\u00e9aire valid\u00e9 par la Tunisie et l'AIEA.\",\"breadcrumb\":{\"@id\":\"https:\\\/\\\/www.webdo.tn\\\/fr\\\/actualite\\\/national\\\/la-tunisie-adopte-un-nouveau-cadre-strategique-pour-lenergie-nucleaire-civile\\\/382628\\\/#breadcrumb\"},\"inLanguage\":\"fr-FR\",\"potentialAction\":[{\"@type\":\"ReadAction\",\"target\":[\"https:\\\/\\\/www.webdo.tn\\\/fr\\\/actualite\\\/national\\\/la-tunisie-adopte-un-nouveau-cadre-strategique-pour-lenergie-nucleaire-civile\\\/382628\\\/\"]}]},{\"@type\":\"ImageObject\",\"inLanguage\":\"fr-FR\",\"@id\":\"https:\\\/\\\/www.webdo.tn\\\/fr\\\/actualite\\\/national\\\/la-tunisie-adopte-un-nouveau-cadre-strategique-pour-lenergie-nucleaire-civile\\\/382628\\\/#primaryimage\",\"url\":\"https:\\\/\\\/www.webdo.tn\\\/fr\\\/wp-content\\\/uploads\\\/2025\\\/09\\\/541434845_1183695767127248_4617482243220940948_n.jpg\",\"contentUrl\":\"https:\\\/\\\/www.webdo.tn\\\/fr\\\/wp-content\\\/uploads\\\/2025\\\/09\\\/541434845_1183695767127248_4617482243220940948_n.jpg\",\"width\":1600,\"height\":827},{\"@type\":\"BreadcrumbList\",\"@id\":\"https:\\\/\\\/www.webdo.tn\\\/fr\\\/actualite\\\/national\\\/la-tunisie-adopte-un-nouveau-cadre-strategique-pour-lenergie-nucleaire-civile\\\/382628\\\/#breadcrumb\",\"itemListElement\":[{\"@type\":\"ListItem\",\"position\":1,\"name\":\"Accueil\",\"item\":\"https:\\\/\\\/www.webdo.tn\\\/fr\\\/\"},{\"@type\":\"ListItem\",\"position\":2,\"name\":\"La Tunisie adopte un nouveau cadre strat\u00e9gique pour l\u2019\u00e9nergie nucl\u00e9aire civile\"}]},{\"@type\":\"WebSite\",\"@id\":\"https:\\\/\\\/www.webdo.tn\\\/fr\\\/#website\",\"url\":\"https:\\\/\\\/www.webdo.tn\\\/fr\\\/\",\"name\":\"webdo\",\"description\":\"Tunisie - News en Tunisie et \u00e0 l&#039;international sur Webdo.tn\",\"publisher\":{\"@id\":\"https:\\\/\\\/www.webdo.tn\\\/fr\\\/#organization\"},\"potentialAction\":[{\"@type\":\"SearchAction\",\"target\":{\"@type\":\"EntryPoint\",\"urlTemplate\":\"https:\\\/\\\/www.webdo.tn\\\/fr\\\/?s={search_term_string}\"},\"query-input\":{\"@type\":\"PropertyValueSpecification\",\"valueRequired\":true,\"valueName\":\"search_term_string\"}}],\"inLanguage\":\"fr-FR\"},{\"@type\":\"Organization\",\"@id\":\"https:\\\/\\\/www.webdo.tn\\\/fr\\\/#organization\",\"name\":\"Webdo\",\"alternateName\":\"Webdo.tn\",\"url\":\"https:\\\/\\\/www.webdo.tn\\\/fr\\\/\",\"logo\":{\"@type\":\"ImageObject\",\"inLanguage\":\"fr-FR\",\"@id\":\"https:\\\/\\\/www.webdo.tn\\\/fr\\\/#\\\/schema\\\/logo\\\/image\\\/\",\"url\":\"https:\\\/\\\/www.webdo.tn\\\/fr\\\/wp-content\\\/uploads\\\/2025\\\/06\\\/Webdo-Tunisie_168377.jpg\",\"contentUrl\":\"https:\\\/\\\/www.webdo.tn\\\/fr\\\/wp-content\\\/uploads\\\/2025\\\/06\\\/Webdo-Tunisie_168377.jpg\",\"width\":301,\"height\":301,\"caption\":\"Webdo\"},\"image\":{\"@id\":\"https:\\\/\\\/www.webdo.tn\\\/fr\\\/#\\\/schema\\\/logo\\\/image\\\/\"},\"sameAs\":[\"https:\\\/\\\/www.facebook.com\\\/webdotn\",\"https:\\\/\\\/x.com\\\/webdo_tn\"],\"description\":\"Webdo est un m\u00e9dia num\u00e9rique tunisien fond\u00e9 en 2010, sp\u00e9cialis\u00e9 dans l\u2019actualit\u00e9 nationale et internationale, l\u2019\u00e9conomie, la soci\u00e9t\u00e9 et les analyses politiques. Le site s\u2019adresse \u00e0 un large public francophone et couvre l\u2019information tunisienne en temps r\u00e9el.\",\"email\":\"redac@webdo.tn\",\"legalName\":\"YNJ SARL\",\"foundingDate\":\"2010-09-06\",\"numberOfEmployees\":{\"@type\":\"QuantitativeValue\",\"minValue\":\"11\",\"maxValue\":\"50\"}},{\"@type\":\"Person\",\"@id\":\"https:\\\/\\\/www.webdo.tn\\\/fr\\\/#\\\/schema\\\/person\\\/b9ecde7a5574cb4fcf4b496ea5fadb15\",\"name\":\"Wided Belhaj\",\"image\":{\"@type\":\"ImageObject\",\"inLanguage\":\"fr-FR\",\"@id\":\"https:\\\/\\\/www.webdo.tn\\\/fr\\\/wp-content\\\/uploads\\\/2026\\\/04\\\/wided-belhaj_avatar-96x96.jpg\",\"url\":\"https:\\\/\\\/www.webdo.tn\\\/fr\\\/wp-content\\\/uploads\\\/2026\\\/04\\\/wided-belhaj_avatar-96x96.jpg\",\"contentUrl\":\"https:\\\/\\\/www.webdo.tn\\\/fr\\\/wp-content\\\/uploads\\\/2026\\\/04\\\/wided-belhaj_avatar-96x96.jpg\",\"caption\":\"Wided Belhaj\"},\"description\":\"Wided Belhaj est le pseudonyme \u00e9ditorial utilis\u00e9 par Khalil Jelassi, journaliste, ma\u00eetre-assistant \u00e0 l\u2019Institut de presse et des sciences de l\u2019information (IPSI) et chercheur en sciences de l\u2019information et de la communication. Cette signature est d\u00e9di\u00e9e \u00e0 l\u2019analyse des m\u00e9dias, des pratiques journalistiques et des mutations de l\u2019information \u00e0 l\u2019\u00e8re digitale. \u00c0 travers ses contributions, Wided Belhaj propose une lecture analytique de l\u2019actualit\u00e9, en croisant regard critique et expertise acad\u00e9mique.\",\"knowsAbout\":[\"m\u00e9dias\",\"journalisme\",\"communication\",\"information\",\"transformation num\u00e9rique\",\"analyse des m\u00e9dias\"],\"knowsLanguage\":[\"Fran\u00e7ais\",\"Arabe\"],\"jobTitle\":\"Webdo.tn\",\"worksFor\":\"Journaliste \u2013 Analyse des m\u00e9dias\",\"url\":\"https:\\\/\\\/www.webdo.tn\\\/fr\\\/actualite\\\/author\\\/wided-belhaj\\\/\"}]}<\/script>\n<!-- \/ Yoast SEO Premium plugin. -->","yoast_head_json":{"title":"La Tunisie adopte un nouveau cadre strat\u00e9gique pour l\u2019\u00e9nergie nucl\u00e9aire civile - webdo","description":"D\u00e9couvrez les avanc\u00e9es du programme-cadre 2025-2029 sur le nucl\u00e9aire valid\u00e9 par la Tunisie et l'AIEA.","canonical":"https:\/\/www.webdo.tn\/fr\/actualite\/national\/la-tunisie-adopte-un-nouveau-cadre-strategique-pour-lenergie-nucleaire-civile\/382628\/","og_locale":"fr_FR","og_type":"article","og_title":"La Tunisie adopte un nouveau cadre strat\u00e9gique pour l\u2019\u00e9nergie nucl\u00e9aire civile","og_description":"D\u00e9couvrez les avanc\u00e9es du programme-cadre 2025-2029 sur le nucl\u00e9aire valid\u00e9 par la Tunisie et l'AIEA.","og_url":"https:\/\/www.webdo.tn\/fr\/actualite\/national\/la-tunisie-adopte-un-nouveau-cadre-strategique-pour-lenergie-nucleaire-civile\/382628\/","og_site_name":"webdo","article_publisher":"https:\/\/www.facebook.com\/webdotn","article_published_time":"2025-09-02T12:30:56+00:00","article_modified_time":"2025-09-02T17:04:28+00:00","og_image":[{"width":1600,"height":827,"url":"https:\/\/www.webdo.tn\/fr\/wp-content\/uploads\/2025\/09\/541434845_1183695767127248_4617482243220940948_n.jpg","type":"image\/jpeg"}],"author":"Wided Belhaj","twitter_card":"summary_large_image","twitter_creator":"@webdo_tn","twitter_site":"@webdo_tn","twitter_misc":{"\u00c9crit par":"Wided Belhaj","Dur\u00e9e de lecture estim\u00e9e":"2 minutes"},"schema":{"@context":"https:\/\/schema.org","@graph":[{"@type":"NewsArticle","@id":"https:\/\/www.webdo.tn\/fr\/actualite\/national\/la-tunisie-adopte-un-nouveau-cadre-strategique-pour-lenergie-nucleaire-civile\/382628\/#article","isPartOf":{"@id":"https:\/\/www.webdo.tn\/fr\/actualite\/national\/la-tunisie-adopte-un-nouveau-cadre-strategique-pour-lenergie-nucleaire-civile\/382628\/"},"author":{"name":"Wided Belhaj","@id":"https:\/\/www.webdo.tn\/fr\/#\/schema\/person\/b9ecde7a5574cb4fcf4b496ea5fadb15"},"headline":"La Tunisie adopte un nouveau cadre strat\u00e9gique pour l\u2019\u00e9nergie nucl\u00e9aire civile","datePublished":"2025-09-02T12:30:56+00:00","dateModified":"2025-09-02T17:04:28+00:00","mainEntityOfPage":{"@id":"https:\/\/www.webdo.tn\/fr\/actualite\/national\/la-tunisie-adopte-un-nouveau-cadre-strategique-pour-lenergie-nucleaire-civile\/382628\/"},"wordCount":268,"publisher":{"@id":"https:\/\/www.webdo.tn\/fr\/#organization"},"image":{"@id":"https:\/\/www.webdo.tn\/fr\/actualite\/national\/la-tunisie-adopte-un-nouveau-cadre-strategique-pour-lenergie-nucleaire-civile\/382628\/#primaryimage"},"thumbnailUrl":"https:\/\/www.webdo.tn\/fr\/wp-content\/uploads\/2025\/09\/541434845_1183695767127248_4617482243220940948_n.jpg","keywords":["\u00e9nergie nucl\u00e9aire","Tunisie"],"articleSection":["National"],"inLanguage":"fr-FR"},{"@type":"WebPage","@id":"https:\/\/www.webdo.tn\/fr\/actualite\/national\/la-tunisie-adopte-un-nouveau-cadre-strategique-pour-lenergie-nucleaire-civile\/382628\/","url":"https:\/\/www.webdo.tn\/fr\/actualite\/national\/la-tunisie-adopte-un-nouveau-cadre-strategique-pour-lenergie-nucleaire-civile\/382628\/","name":"La Tunisie adopte un nouveau cadre strat\u00e9gique pour l\u2019\u00e9nergie nucl\u00e9aire civile - webdo","isPartOf":{"@id":"https:\/\/www.webdo.tn\/fr\/#website"},"primaryImageOfPage":{"@id":"https:\/\/www.webdo.tn\/fr\/actualite\/national\/la-tunisie-adopte-un-nouveau-cadre-strategique-pour-lenergie-nucleaire-civile\/382628\/#primaryimage"},"image":{"@id":"https:\/\/www.webdo.tn\/fr\/actualite\/national\/la-tunisie-adopte-un-nouveau-cadre-strategique-pour-lenergie-nucleaire-civile\/382628\/#primaryimage"},"thumbnailUrl":"https:\/\/www.webdo.tn\/fr\/wp-content\/uploads\/2025\/09\/541434845_1183695767127248_4617482243220940948_n.jpg","datePublished":"2025-09-02T12:30:56+00:00","dateModified":"2025-09-02T17:04:28+00:00","description":"D\u00e9couvrez les avanc\u00e9es du programme-cadre 2025-2029 sur le nucl\u00e9aire valid\u00e9 par la Tunisie et l'AIEA.","breadcrumb":{"@id":"https:\/\/www.webdo.tn\/fr\/actualite\/national\/la-tunisie-adopte-un-nouveau-cadre-strategique-pour-lenergie-nucleaire-civile\/382628\/#breadcrumb"},"inLanguage":"fr-FR","potentialAction":[{"@type":"ReadAction","target":["https:\/\/www.webdo.tn\/fr\/actualite\/national\/la-tunisie-adopte-un-nouveau-cadre-strategique-pour-lenergie-nucleaire-civile\/382628\/"]}]},{"@type":"ImageObject","inLanguage":"fr-FR","@id":"https:\/\/www.webdo.tn\/fr\/actualite\/national\/la-tunisie-adopte-un-nouveau-cadre-strategique-pour-lenergie-nucleaire-civile\/382628\/#primaryimage","url":"https:\/\/www.webdo.tn\/fr\/wp-content\/uploads\/2025\/09\/541434845_1183695767127248_4617482243220940948_n.jpg","contentUrl":"https:\/\/www.webdo.tn\/fr\/wp-content\/uploads\/2025\/09\/541434845_1183695767127248_4617482243220940948_n.jpg","width":1600,"height":827},{"@type":"BreadcrumbList","@id":"https:\/\/www.webdo.tn\/fr\/actualite\/national\/la-tunisie-adopte-un-nouveau-cadre-strategique-pour-lenergie-nucleaire-civile\/382628\/#breadcrumb","itemListElement":[{"@type":"ListItem","position":1,"name":"Accueil","item":"https:\/\/www.webdo.tn\/fr\/"},{"@type":"ListItem","position":2,"name":"La Tunisie adopte un nouveau cadre strat\u00e9gique pour l\u2019\u00e9nergie nucl\u00e9aire civile"}]},{"@type":"WebSite","@id":"https:\/\/www.webdo.tn\/fr\/#website","url":"https:\/\/www.webdo.tn\/fr\/","name":"webdo","description":"Tunisie - News en Tunisie et \u00e0 l&#039;international sur Webdo.tn","publisher":{"@id":"https:\/\/www.webdo.tn\/fr\/#organization"},"potentialAction":[{"@type":"SearchAction","target":{"@type":"EntryPoint","urlTemplate":"https:\/\/www.webdo.tn\/fr\/?s={search_term_string}"},"query-input":{"@type":"PropertyValueSpecification","valueRequired":true,"valueName":"search_term_string"}}],"inLanguage":"fr-FR"},{"@type":"Organization","@id":"https:\/\/www.webdo.tn\/fr\/#organization","name":"Webdo","alternateName":"Webdo.tn","url":"https:\/\/www.webdo.tn\/fr\/","logo":{"@type":"ImageObject","inLanguage":"fr-FR","@id":"https:\/\/www.webdo.tn\/fr\/#\/schema\/logo\/image\/","url":"https:\/\/www.webdo.tn\/fr\/wp-content\/uploads\/2025\/06\/Webdo-Tunisie_168377.jpg","contentUrl":"https:\/\/www.webdo.tn\/fr\/wp-content\/uploads\/2025\/06\/Webdo-Tunisie_168377.jpg","width":301,"height":301,"caption":"Webdo"},"image":{"@id":"https:\/\/www.webdo.tn\/fr\/#\/schema\/logo\/image\/"},"sameAs":["https:\/\/www.facebook.com\/webdotn","https:\/\/x.com\/webdo_tn"],"description":"Webdo est un m\u00e9dia num\u00e9rique tunisien fond\u00e9 en 2010, sp\u00e9cialis\u00e9 dans l\u2019actualit\u00e9 nationale et internationale, l\u2019\u00e9conomie, la soci\u00e9t\u00e9 et les analyses politiques. Le site s\u2019adresse \u00e0 un large public francophone et couvre l\u2019information tunisienne en temps r\u00e9el.","email":"redac@webdo.tn","legalName":"YNJ SARL","foundingDate":"2010-09-06","numberOfEmployees":{"@type":"QuantitativeValue","minValue":"11","maxValue":"50"}},{"@type":"Person","@id":"https:\/\/www.webdo.tn\/fr\/#\/schema\/person\/b9ecde7a5574cb4fcf4b496ea5fadb15","name":"Wided Belhaj","image":{"@type":"ImageObject","inLanguage":"fr-FR","@id":"https:\/\/www.webdo.tn\/fr\/wp-content\/uploads\/2026\/04\/wided-belhaj_avatar-96x96.jpg","url":"https:\/\/www.webdo.tn\/fr\/wp-content\/uploads\/2026\/04\/wided-belhaj_avatar-96x96.jpg","contentUrl":"https:\/\/www.webdo.tn\/fr\/wp-content\/uploads\/2026\/04\/wided-belhaj_avatar-96x96.jpg","caption":"Wided Belhaj"},"description":"Wided Belhaj est le pseudonyme \u00e9ditorial utilis\u00e9 par Khalil Jelassi, journaliste, ma\u00eetre-assistant \u00e0 l\u2019Institut de presse et des sciences de l\u2019information (IPSI) et chercheur en sciences de l\u2019information et de la communication. Cette signature est d\u00e9di\u00e9e \u00e0 l\u2019analyse des m\u00e9dias, des pratiques journalistiques et des mutations de l\u2019information \u00e0 l\u2019\u00e8re digitale. \u00c0 travers ses contributions, Wided Belhaj propose une lecture analytique de l\u2019actualit\u00e9, en croisant regard critique et expertise acad\u00e9mique.","knowsAbout":["m\u00e9dias","journalisme","communication","information","transformation num\u00e9rique","analyse des m\u00e9dias"],"knowsLanguage":["Fran\u00e7ais","Arabe"],"jobTitle":"Webdo.tn","worksFor":"Journaliste \u2013 Analyse des m\u00e9dias","url":"https:\/\/www.webdo.tn\/fr\/actualite\/author\/wided-belhaj\/"}]}},"_links":{"self":[{"href":"https:\/\/www.webdo.tn\/fr\/wp-json\/wp\/v2\/posts\/382628","targetHints":{"allow":["GET"]}}],"collection":[{"href":"https:\/\/www.webdo.tn\/fr\/wp-json\/wp\/v2\/posts"}],"about":[{"href":"https:\/\/www.webdo.tn\/fr\/wp-json\/wp\/v2\/types\/post"}],"author":[{"embeddable":true,"href":"https:\/\/www.webdo.tn\/fr\/wp-json\/wp\/v2\/users\/3184"}],"replies":[{"embeddable":true,"href":"https:\/\/www.webdo.tn\/fr\/wp-json\/wp\/v2\/comments?post=382628"}],"version-history":[{"count":0,"href":"https:\/\/www.webdo.tn\/fr\/wp-json\/wp\/v2\/posts\/382628\/revisions"}],"wp:featuredmedia":[{"embeddable":true,"href":"https:\/\/www.webdo.tn\/fr\/wp-json\/wp\/v2\/media\/382629"}],"wp:attachment":[{"href":"https:\/\/www.webdo.tn\/fr\/wp-json\/wp\/v2\/media?parent=382628"}],"wp:term":[{"taxonomy":"category","embeddable":true,"href":"https:\/\/www.webdo.tn\/fr\/wp-json\/wp\/v2\/categories?post=382628"},{"taxonomy":"post_tag","embeddable":true,"href":"https:\/\/www.webdo.tn\/fr\/wp-json\/wp\/v2\/tags?post=382628"}],"curies":[{"name":"wp","href":"https:\/\/api.w.org\/{rel}","templated":true}]}}