{"id":382616,"date":"2025-09-02T11:09:25","date_gmt":"2025-09-02T10:09:25","guid":{"rendered":"https:\/\/www.webdo.tn\/fr\/?p=382616"},"modified":"2025-09-02T11:09:26","modified_gmt":"2025-09-02T10:09:26","slug":"tunisie-appel-doffres-pour-lachat-de-125-000-tonnes-de-ble-tendre","status":"publish","type":"post","link":"https:\/\/www.webdo.tn\/fr\/actualite\/national\/tunisie-appel-doffres-pour-lachat-de-125-000-tonnes-de-ble-tendre\/382616\/","title":{"rendered":"Tunisie : Appel d&rsquo;offres pour l&rsquo;achat de 125.000 tonnes de bl\u00e9 tendre"},"content":{"rendered":"\n<p><strong>Des n\u00e9gociants europ\u00e9ens ont annonc\u00e9, mardi 2 septembre 2025, que l\u2019Office des c\u00e9r\u00e9ales de Tunisie a lanc\u00e9 un appel d\u2019offres international pour l\u2019acquisition d\u2019environ 125.000 tonnes de bl\u00e9 tendre.<\/strong><\/p>\n\n\n\n<p>L\u2019Office des c\u00e9r\u00e9ales, charg\u00e9 de l\u2019importation et de l\u2019approvisionnement du march\u00e9 local, a ouvert un appel d\u2019offres pour l\u2019achat de 125.000 tonnes de bl\u00e9 tendre. Les soumissions sont attendues jusqu\u2019au mercredi 3 septembre 2025, rapporte Reuters.<\/p>\n\n\n\n<p>Malgr\u00e9 une production locale en hausse, la Tunisie reste d\u00e9pendante des importations pour \u00e9quilibrer son approvisionnement. Les n\u00e9gociants soulignent \u00e9galement que la conjoncture internationale, marqu\u00e9e par la volatilit\u00e9 des prix des c\u00e9r\u00e9ales, rend ces achats strat\u00e9giques pour la stabilit\u00e9 du march\u00e9 int\u00e9rieur.<\/p>\n\n\n\n<h3 class=\"wp-block-heading\" id=\"h-collecte-record\">Collecte record<\/h3>\n\n\n\n<p>Quelques jours plus t\u00f4t, le 31 ao\u00fbt, l\u2019Union tunisienne de l\u2019agriculture et de la p\u00eache (UTAP) avait annonc\u00e9 une collecte record de 12 millions de quintaux de c\u00e9r\u00e9ales au titre de la saison agricole 2025, soit le meilleur r\u00e9sultat des cinq derni\u00e8res ann\u00e9es. Cette progression constitue un atout pour renforcer la s\u00e9curit\u00e9 alimentaire et r\u00e9duire la facture d\u2019importation.<\/p>\n\n\n\n<p><\/p>\n\n\n\n<p>Lire aussi : <\/p>\n\n\n\n<ul class=\"wp-block-list\">\n<li><a href=\"https:\/\/www.webdo.tn\/fr\/actualite\/national\/la-tunisie-lance-un-appel-doffres-international-pour-75-000-tonnes-de-ble-tendre\/377300\/\">La Tunisie lance un appel d\u2019offres international pour 75\u202f000 tonnes de bl\u00e9 tendre<\/a><\/li>\n\n\n\n<li><a href=\"https:\/\/www.webdo.tn\/fr\/actualite\/national\/tunisie-recolte-cerealiere-2025-des-volumes-en-hausse-par-rapport-a-2024\/222409\/\">Tunisie \u2013 R\u00e9colte c\u00e9r\u00e9ali\u00e8re 2025 : Des volumes en hausse par rapport \u00e0 2024<\/a><\/li>\n<\/ul>\n","protected":false},"excerpt":{"rendered":"<p>Des n\u00e9gociants europ\u00e9ens ont annonc\u00e9, mardi 2 septembre 2025, que l\u2019Office des c\u00e9r\u00e9ales de Tunisie a lanc\u00e9 un appel d\u2019offres international pour l\u2019acquisition d\u2019environ 125.000 tonnes de bl\u00e9 tendre. L\u2019Office des c\u00e9r\u00e9ales, charg\u00e9 de l\u2019importation et de l\u2019approvisionnement du march\u00e9 local, a ouvert un appel d\u2019offres pour l\u2019achat de 125.000 tonnes de bl\u00e9 tendre. Les [&hellip;]<\/p>\n","protected":false},"author":3191,"featured_media":249484,"comment_status":"closed","ping_status":"closed","sticky":false,"template":"","format":"standard","meta":{"footnotes":""},"categories":[44],"tags":[3628,8058,3415,2608],"class_list":["post-382616","post","type-post","status-publish","format-standard","has-post-thumbnail","hentry","category-national","tag-appel-doffres","tag-ble-tendre","tag-cereales","tag-tunisie"],"yoast_head":"<!-- This site is optimized with the Yoast SEO Premium plugin v27.5 (Yoast SEO v27.5) - https:\/\/yoast.com\/product\/yoast-seo-premium-wordpress\/ -->\n<title>Tunisie : Appel d&#039;offres pour l&#039;achat de 125.000 tonnes de bl\u00e9 tendre - webdo<\/title>\n<meta name=\"description\" content=\"D\u00e9couvrez l&#039;appel d&#039;offres de la Tunisie pour l&#039;achat de 125.000 tonnes de bl\u00e9 tendre, une \u00e9tape cl\u00e9 pour l&#039;approvisionnement local.\" \/>\n<link rel=\"canonical\" href=\"https:\/\/www.webdo.tn\/fr\/actualite\/national\/tunisie-appel-doffres-pour-lachat-de-125-000-tonnes-de-ble-tendre\/382616\/\" \/>\n<meta property=\"og:locale\" content=\"fr_FR\" \/>\n<meta property=\"og:type\" content=\"article\" \/>\n<meta property=\"og:title\" content=\"Tunisie : Appel d&#039;offres pour l&#039;achat de 125.000 tonnes de bl\u00e9 tendre\" \/>\n<meta property=\"og:description\" content=\"D\u00e9couvrez l&#039;appel d&#039;offres de la Tunisie pour l&#039;achat de 125.000 tonnes de bl\u00e9 tendre, une \u00e9tape cl\u00e9 pour l&#039;approvisionnement local.\" \/>\n<meta property=\"og:url\" content=\"https:\/\/www.webdo.tn\/fr\/actualite\/national\/tunisie-appel-doffres-pour-lachat-de-125-000-tonnes-de-ble-tendre\/382616\/\" \/>\n<meta property=\"og:site_name\" content=\"webdo\" \/>\n<meta property=\"article:publisher\" content=\"https:\/\/www.facebook.com\/webdotn\" \/>\n<meta property=\"article:published_time\" content=\"2025-09-02T10:09:25+00:00\" \/>\n<meta property=\"article:modified_time\" content=\"2025-09-02T10:09:26+00:00\" \/>\n<meta property=\"og:image\" content=\"https:\/\/www.webdo.tn\/fr\/wp-content\/uploads\/2023\/08\/a23c5ac6ddfb3ade02463adf6f5b7e66-e1756807614827.jpg\" \/>\n\t<meta property=\"og:image:width\" content=\"563\" \/>\n\t<meta property=\"og:image:height\" content=\"300\" \/>\n\t<meta property=\"og:image:type\" content=\"image\/jpeg\" \/>\n<meta name=\"author\" content=\"Mohamed Hedi Touati\" \/>\n<meta name=\"twitter:card\" content=\"summary_large_image\" \/>\n<meta name=\"twitter:creator\" content=\"@webdo_tn\" \/>\n<meta name=\"twitter:site\" content=\"@webdo_tn\" \/>\n<meta name=\"twitter:label1\" content=\"\u00c9crit par\" \/>\n\t<meta name=\"twitter:data1\" content=\"Mohamed Hedi Touati\" \/>\n\t<meta name=\"twitter:label2\" content=\"Dur\u00e9e de lecture estim\u00e9e\" \/>\n\t<meta name=\"twitter:data2\" content=\"2 minutes\" \/>\n<script type=\"application\/ld+json\" class=\"yoast-schema-graph\">{\"@context\":\"https:\\\/\\\/schema.org\",\"@graph\":[{\"@type\":\"NewsArticle\",\"@id\":\"https:\\\/\\\/www.webdo.tn\\\/fr\\\/actualite\\\/national\\\/tunisie-appel-doffres-pour-lachat-de-125-000-tonnes-de-ble-tendre\\\/382616\\\/#article\",\"isPartOf\":{\"@id\":\"https:\\\/\\\/www.webdo.tn\\\/fr\\\/actualite\\\/national\\\/tunisie-appel-doffres-pour-lachat-de-125-000-tonnes-de-ble-tendre\\\/382616\\\/\"},\"author\":{\"name\":\"Mohamed Hedi Touati\",\"@id\":\"https:\\\/\\\/www.webdo.tn\\\/fr\\\/#\\\/schema\\\/person\\\/c652cd8fc2b1b44412b5ffb48c5a911d\"},\"headline\":\"Tunisie : Appel d&rsquo;offres pour l&rsquo;achat de 125.000 tonnes de bl\u00e9 tendre\",\"datePublished\":\"2025-09-02T10:09:25+00:00\",\"dateModified\":\"2025-09-02T10:09:26+00:00\",\"mainEntityOfPage\":{\"@id\":\"https:\\\/\\\/www.webdo.tn\\\/fr\\\/actualite\\\/national\\\/tunisie-appel-doffres-pour-lachat-de-125-000-tonnes-de-ble-tendre\\\/382616\\\/\"},\"wordCount\":234,\"publisher\":{\"@id\":\"https:\\\/\\\/www.webdo.tn\\\/fr\\\/#organization\"},\"image\":{\"@id\":\"https:\\\/\\\/www.webdo.tn\\\/fr\\\/actualite\\\/national\\\/tunisie-appel-doffres-pour-lachat-de-125-000-tonnes-de-ble-tendre\\\/382616\\\/#primaryimage\"},\"thumbnailUrl\":\"https:\\\/\\\/www.webdo.tn\\\/fr\\\/wp-content\\\/uploads\\\/2023\\\/08\\\/a23c5ac6ddfb3ade02463adf6f5b7e66-e1756807614827.jpg\",\"keywords\":[\"appel d'offres\",\"bl\u00e9 tendre\",\"c\u00e9r\u00e9ales\",\"Tunisie\"],\"articleSection\":[\"National\"],\"inLanguage\":\"fr-FR\"},{\"@type\":\"WebPage\",\"@id\":\"https:\\\/\\\/www.webdo.tn\\\/fr\\\/actualite\\\/national\\\/tunisie-appel-doffres-pour-lachat-de-125-000-tonnes-de-ble-tendre\\\/382616\\\/\",\"url\":\"https:\\\/\\\/www.webdo.tn\\\/fr\\\/actualite\\\/national\\\/tunisie-appel-doffres-pour-lachat-de-125-000-tonnes-de-ble-tendre\\\/382616\\\/\",\"name\":\"Tunisie : Appel d'offres pour l'achat de 125.000 tonnes de bl\u00e9 tendre - webdo\",\"isPartOf\":{\"@id\":\"https:\\\/\\\/www.webdo.tn\\\/fr\\\/#website\"},\"primaryImageOfPage\":{\"@id\":\"https:\\\/\\\/www.webdo.tn\\\/fr\\\/actualite\\\/national\\\/tunisie-appel-doffres-pour-lachat-de-125-000-tonnes-de-ble-tendre\\\/382616\\\/#primaryimage\"},\"image\":{\"@id\":\"https:\\\/\\\/www.webdo.tn\\\/fr\\\/actualite\\\/national\\\/tunisie-appel-doffres-pour-lachat-de-125-000-tonnes-de-ble-tendre\\\/382616\\\/#primaryimage\"},\"thumbnailUrl\":\"https:\\\/\\\/www.webdo.tn\\\/fr\\\/wp-content\\\/uploads\\\/2023\\\/08\\\/a23c5ac6ddfb3ade02463adf6f5b7e66-e1756807614827.jpg\",\"datePublished\":\"2025-09-02T10:09:25+00:00\",\"dateModified\":\"2025-09-02T10:09:26+00:00\",\"description\":\"D\u00e9couvrez l'appel d'offres de la Tunisie pour l'achat de 125.000 tonnes de bl\u00e9 tendre, une \u00e9tape cl\u00e9 pour l'approvisionnement local.\",\"breadcrumb\":{\"@id\":\"https:\\\/\\\/www.webdo.tn\\\/fr\\\/actualite\\\/national\\\/tunisie-appel-doffres-pour-lachat-de-125-000-tonnes-de-ble-tendre\\\/382616\\\/#breadcrumb\"},\"inLanguage\":\"fr-FR\",\"potentialAction\":[{\"@type\":\"ReadAction\",\"target\":[\"https:\\\/\\\/www.webdo.tn\\\/fr\\\/actualite\\\/national\\\/tunisie-appel-doffres-pour-lachat-de-125-000-tonnes-de-ble-tendre\\\/382616\\\/\"]}]},{\"@type\":\"ImageObject\",\"inLanguage\":\"fr-FR\",\"@id\":\"https:\\\/\\\/www.webdo.tn\\\/fr\\\/actualite\\\/national\\\/tunisie-appel-doffres-pour-lachat-de-125-000-tonnes-de-ble-tendre\\\/382616\\\/#primaryimage\",\"url\":\"https:\\\/\\\/www.webdo.tn\\\/fr\\\/wp-content\\\/uploads\\\/2023\\\/08\\\/a23c5ac6ddfb3ade02463adf6f5b7e66-e1756807614827.jpg\",\"contentUrl\":\"https:\\\/\\\/www.webdo.tn\\\/fr\\\/wp-content\\\/uploads\\\/2023\\\/08\\\/a23c5ac6ddfb3ade02463adf6f5b7e66-e1756807614827.jpg\",\"width\":563,\"height\":300,\"caption\":\"Tunisie : Appel d'offres pour l'achat de 125.000 tonnes de bl\u00e9 tendre\"},{\"@type\":\"BreadcrumbList\",\"@id\":\"https:\\\/\\\/www.webdo.tn\\\/fr\\\/actualite\\\/national\\\/tunisie-appel-doffres-pour-lachat-de-125-000-tonnes-de-ble-tendre\\\/382616\\\/#breadcrumb\",\"itemListElement\":[{\"@type\":\"ListItem\",\"position\":1,\"name\":\"Accueil\",\"item\":\"https:\\\/\\\/www.webdo.tn\\\/fr\\\/\"},{\"@type\":\"ListItem\",\"position\":2,\"name\":\"Tunisie : Appel d&rsquo;offres pour l&rsquo;achat de 125.000 tonnes de bl\u00e9 tendre\"}]},{\"@type\":\"WebSite\",\"@id\":\"https:\\\/\\\/www.webdo.tn\\\/fr\\\/#website\",\"url\":\"https:\\\/\\\/www.webdo.tn\\\/fr\\\/\",\"name\":\"webdo\",\"description\":\"Tunisie - News en Tunisie et \u00e0 l&#039;international sur Webdo.tn\",\"publisher\":{\"@id\":\"https:\\\/\\\/www.webdo.tn\\\/fr\\\/#organization\"},\"potentialAction\":[{\"@type\":\"SearchAction\",\"target\":{\"@type\":\"EntryPoint\",\"urlTemplate\":\"https:\\\/\\\/www.webdo.tn\\\/fr\\\/?s={search_term_string}\"},\"query-input\":{\"@type\":\"PropertyValueSpecification\",\"valueRequired\":true,\"valueName\":\"search_term_string\"}}],\"inLanguage\":\"fr-FR\"},{\"@type\":\"Organization\",\"@id\":\"https:\\\/\\\/www.webdo.tn\\\/fr\\\/#organization\",\"name\":\"Webdo\",\"alternateName\":\"Webdo.tn\",\"url\":\"https:\\\/\\\/www.webdo.tn\\\/fr\\\/\",\"logo\":{\"@type\":\"ImageObject\",\"inLanguage\":\"fr-FR\",\"@id\":\"https:\\\/\\\/www.webdo.tn\\\/fr\\\/#\\\/schema\\\/logo\\\/image\\\/\",\"url\":\"https:\\\/\\\/www.webdo.tn\\\/fr\\\/wp-content\\\/uploads\\\/2025\\\/06\\\/Webdo-Tunisie_168377.jpg\",\"contentUrl\":\"https:\\\/\\\/www.webdo.tn\\\/fr\\\/wp-content\\\/uploads\\\/2025\\\/06\\\/Webdo-Tunisie_168377.jpg\",\"width\":301,\"height\":301,\"caption\":\"Webdo\"},\"image\":{\"@id\":\"https:\\\/\\\/www.webdo.tn\\\/fr\\\/#\\\/schema\\\/logo\\\/image\\\/\"},\"sameAs\":[\"https:\\\/\\\/www.facebook.com\\\/webdotn\",\"https:\\\/\\\/x.com\\\/webdo_tn\"],\"description\":\"Webdo est un m\u00e9dia num\u00e9rique tunisien fond\u00e9 en 2010, sp\u00e9cialis\u00e9 dans l\u2019actualit\u00e9 nationale et internationale, l\u2019\u00e9conomie, la soci\u00e9t\u00e9 et les analyses politiques. Le site s\u2019adresse \u00e0 un large public francophone et couvre l\u2019information tunisienne en temps r\u00e9el.\",\"email\":\"redac@webdo.tn\",\"legalName\":\"YNJ SARL\",\"foundingDate\":\"2010-09-06\",\"numberOfEmployees\":{\"@type\":\"QuantitativeValue\",\"minValue\":\"11\",\"maxValue\":\"50\"}},{\"@type\":\"Person\",\"@id\":\"https:\\\/\\\/www.webdo.tn\\\/fr\\\/#\\\/schema\\\/person\\\/c652cd8fc2b1b44412b5ffb48c5a911d\",\"name\":\"Mohamed Hedi Touati\",\"image\":{\"@type\":\"ImageObject\",\"inLanguage\":\"fr-FR\",\"@id\":\"https:\\\/\\\/secure.gravatar.com\\\/avatar\\\/9cfd402c745b7a685f13eed0ea6e59d2144a3c2fc50a3db6fd5ed451f6cddf1a?s=96&d=mm&r=g\",\"url\":\"https:\\\/\\\/secure.gravatar.com\\\/avatar\\\/9cfd402c745b7a685f13eed0ea6e59d2144a3c2fc50a3db6fd5ed451f6cddf1a?s=96&d=mm&r=g\",\"contentUrl\":\"https:\\\/\\\/secure.gravatar.com\\\/avatar\\\/9cfd402c745b7a685f13eed0ea6e59d2144a3c2fc50a3db6fd5ed451f6cddf1a?s=96&d=mm&r=g\",\"caption\":\"Mohamed Hedi Touati\"},\"url\":\"https:\\\/\\\/www.webdo.tn\\\/fr\\\/actualite\\\/author\\\/mohamed-hedi-touati\\\/\"}]}<\/script>\n<!-- \/ Yoast SEO Premium plugin. -->","yoast_head_json":{"title":"Tunisie : Appel d'offres pour l'achat de 125.000 tonnes de bl\u00e9 tendre - webdo","description":"D\u00e9couvrez l'appel d'offres de la Tunisie pour l'achat de 125.000 tonnes de bl\u00e9 tendre, une \u00e9tape cl\u00e9 pour l'approvisionnement local.","canonical":"https:\/\/www.webdo.tn\/fr\/actualite\/national\/tunisie-appel-doffres-pour-lachat-de-125-000-tonnes-de-ble-tendre\/382616\/","og_locale":"fr_FR","og_type":"article","og_title":"Tunisie : Appel d'offres pour l'achat de 125.000 tonnes de bl\u00e9 tendre","og_description":"D\u00e9couvrez l'appel d'offres de la Tunisie pour l'achat de 125.000 tonnes de bl\u00e9 tendre, une \u00e9tape cl\u00e9 pour l'approvisionnement local.","og_url":"https:\/\/www.webdo.tn\/fr\/actualite\/national\/tunisie-appel-doffres-pour-lachat-de-125-000-tonnes-de-ble-tendre\/382616\/","og_site_name":"webdo","article_publisher":"https:\/\/www.facebook.com\/webdotn","article_published_time":"2025-09-02T10:09:25+00:00","article_modified_time":"2025-09-02T10:09:26+00:00","og_image":[{"width":563,"height":300,"url":"https:\/\/www.webdo.tn\/fr\/wp-content\/uploads\/2023\/08\/a23c5ac6ddfb3ade02463adf6f5b7e66-e1756807614827.jpg","type":"image\/jpeg"}],"author":"Mohamed Hedi Touati","twitter_card":"summary_large_image","twitter_creator":"@webdo_tn","twitter_site":"@webdo_tn","twitter_misc":{"\u00c9crit par":"Mohamed Hedi Touati","Dur\u00e9e de lecture estim\u00e9e":"2 minutes"},"schema":{"@context":"https:\/\/schema.org","@graph":[{"@type":"NewsArticle","@id":"https:\/\/www.webdo.tn\/fr\/actualite\/national\/tunisie-appel-doffres-pour-lachat-de-125-000-tonnes-de-ble-tendre\/382616\/#article","isPartOf":{"@id":"https:\/\/www.webdo.tn\/fr\/actualite\/national\/tunisie-appel-doffres-pour-lachat-de-125-000-tonnes-de-ble-tendre\/382616\/"},"author":{"name":"Mohamed Hedi Touati","@id":"https:\/\/www.webdo.tn\/fr\/#\/schema\/person\/c652cd8fc2b1b44412b5ffb48c5a911d"},"headline":"Tunisie : Appel d&rsquo;offres pour l&rsquo;achat de 125.000 tonnes de bl\u00e9 tendre","datePublished":"2025-09-02T10:09:25+00:00","dateModified":"2025-09-02T10:09:26+00:00","mainEntityOfPage":{"@id":"https:\/\/www.webdo.tn\/fr\/actualite\/national\/tunisie-appel-doffres-pour-lachat-de-125-000-tonnes-de-ble-tendre\/382616\/"},"wordCount":234,"publisher":{"@id":"https:\/\/www.webdo.tn\/fr\/#organization"},"image":{"@id":"https:\/\/www.webdo.tn\/fr\/actualite\/national\/tunisie-appel-doffres-pour-lachat-de-125-000-tonnes-de-ble-tendre\/382616\/#primaryimage"},"thumbnailUrl":"https:\/\/www.webdo.tn\/fr\/wp-content\/uploads\/2023\/08\/a23c5ac6ddfb3ade02463adf6f5b7e66-e1756807614827.jpg","keywords":["appel d'offres","bl\u00e9 tendre","c\u00e9r\u00e9ales","Tunisie"],"articleSection":["National"],"inLanguage":"fr-FR"},{"@type":"WebPage","@id":"https:\/\/www.webdo.tn\/fr\/actualite\/national\/tunisie-appel-doffres-pour-lachat-de-125-000-tonnes-de-ble-tendre\/382616\/","url":"https:\/\/www.webdo.tn\/fr\/actualite\/national\/tunisie-appel-doffres-pour-lachat-de-125-000-tonnes-de-ble-tendre\/382616\/","name":"Tunisie : Appel d'offres pour l'achat de 125.000 tonnes de bl\u00e9 tendre - webdo","isPartOf":{"@id":"https:\/\/www.webdo.tn\/fr\/#website"},"primaryImageOfPage":{"@id":"https:\/\/www.webdo.tn\/fr\/actualite\/national\/tunisie-appel-doffres-pour-lachat-de-125-000-tonnes-de-ble-tendre\/382616\/#primaryimage"},"image":{"@id":"https:\/\/www.webdo.tn\/fr\/actualite\/national\/tunisie-appel-doffres-pour-lachat-de-125-000-tonnes-de-ble-tendre\/382616\/#primaryimage"},"thumbnailUrl":"https:\/\/www.webdo.tn\/fr\/wp-content\/uploads\/2023\/08\/a23c5ac6ddfb3ade02463adf6f5b7e66-e1756807614827.jpg","datePublished":"2025-09-02T10:09:25+00:00","dateModified":"2025-09-02T10:09:26+00:00","description":"D\u00e9couvrez l'appel d'offres de la Tunisie pour l'achat de 125.000 tonnes de bl\u00e9 tendre, une \u00e9tape cl\u00e9 pour l'approvisionnement local.","breadcrumb":{"@id":"https:\/\/www.webdo.tn\/fr\/actualite\/national\/tunisie-appel-doffres-pour-lachat-de-125-000-tonnes-de-ble-tendre\/382616\/#breadcrumb"},"inLanguage":"fr-FR","potentialAction":[{"@type":"ReadAction","target":["https:\/\/www.webdo.tn\/fr\/actualite\/national\/tunisie-appel-doffres-pour-lachat-de-125-000-tonnes-de-ble-tendre\/382616\/"]}]},{"@type":"ImageObject","inLanguage":"fr-FR","@id":"https:\/\/www.webdo.tn\/fr\/actualite\/national\/tunisie-appel-doffres-pour-lachat-de-125-000-tonnes-de-ble-tendre\/382616\/#primaryimage","url":"https:\/\/www.webdo.tn\/fr\/wp-content\/uploads\/2023\/08\/a23c5ac6ddfb3ade02463adf6f5b7e66-e1756807614827.jpg","contentUrl":"https:\/\/www.webdo.tn\/fr\/wp-content\/uploads\/2023\/08\/a23c5ac6ddfb3ade02463adf6f5b7e66-e1756807614827.jpg","width":563,"height":300,"caption":"Tunisie : Appel d'offres pour l'achat de 125.000 tonnes de bl\u00e9 tendre"},{"@type":"BreadcrumbList","@id":"https:\/\/www.webdo.tn\/fr\/actualite\/national\/tunisie-appel-doffres-pour-lachat-de-125-000-tonnes-de-ble-tendre\/382616\/#breadcrumb","itemListElement":[{"@type":"ListItem","position":1,"name":"Accueil","item":"https:\/\/www.webdo.tn\/fr\/"},{"@type":"ListItem","position":2,"name":"Tunisie : Appel d&rsquo;offres pour l&rsquo;achat de 125.000 tonnes de bl\u00e9 tendre"}]},{"@type":"WebSite","@id":"https:\/\/www.webdo.tn\/fr\/#website","url":"https:\/\/www.webdo.tn\/fr\/","name":"webdo","description":"Tunisie - News en Tunisie et \u00e0 l&#039;international sur Webdo.tn","publisher":{"@id":"https:\/\/www.webdo.tn\/fr\/#organization"},"potentialAction":[{"@type":"SearchAction","target":{"@type":"EntryPoint","urlTemplate":"https:\/\/www.webdo.tn\/fr\/?s={search_term_string}"},"query-input":{"@type":"PropertyValueSpecification","valueRequired":true,"valueName":"search_term_string"}}],"inLanguage":"fr-FR"},{"@type":"Organization","@id":"https:\/\/www.webdo.tn\/fr\/#organization","name":"Webdo","alternateName":"Webdo.tn","url":"https:\/\/www.webdo.tn\/fr\/","logo":{"@type":"ImageObject","inLanguage":"fr-FR","@id":"https:\/\/www.webdo.tn\/fr\/#\/schema\/logo\/image\/","url":"https:\/\/www.webdo.tn\/fr\/wp-content\/uploads\/2025\/06\/Webdo-Tunisie_168377.jpg","contentUrl":"https:\/\/www.webdo.tn\/fr\/wp-content\/uploads\/2025\/06\/Webdo-Tunisie_168377.jpg","width":301,"height":301,"caption":"Webdo"},"image":{"@id":"https:\/\/www.webdo.tn\/fr\/#\/schema\/logo\/image\/"},"sameAs":["https:\/\/www.facebook.com\/webdotn","https:\/\/x.com\/webdo_tn"],"description":"Webdo est un m\u00e9dia num\u00e9rique tunisien fond\u00e9 en 2010, sp\u00e9cialis\u00e9 dans l\u2019actualit\u00e9 nationale et internationale, l\u2019\u00e9conomie, la soci\u00e9t\u00e9 et les analyses politiques. Le site s\u2019adresse \u00e0 un large public francophone et couvre l\u2019information tunisienne en temps r\u00e9el.","email":"redac@webdo.tn","legalName":"YNJ SARL","foundingDate":"2010-09-06","numberOfEmployees":{"@type":"QuantitativeValue","minValue":"11","maxValue":"50"}},{"@type":"Person","@id":"https:\/\/www.webdo.tn\/fr\/#\/schema\/person\/c652cd8fc2b1b44412b5ffb48c5a911d","name":"Mohamed Hedi Touati","image":{"@type":"ImageObject","inLanguage":"fr-FR","@id":"https:\/\/secure.gravatar.com\/avatar\/9cfd402c745b7a685f13eed0ea6e59d2144a3c2fc50a3db6fd5ed451f6cddf1a?s=96&d=mm&r=g","url":"https:\/\/secure.gravatar.com\/avatar\/9cfd402c745b7a685f13eed0ea6e59d2144a3c2fc50a3db6fd5ed451f6cddf1a?s=96&d=mm&r=g","contentUrl":"https:\/\/secure.gravatar.com\/avatar\/9cfd402c745b7a685f13eed0ea6e59d2144a3c2fc50a3db6fd5ed451f6cddf1a?s=96&d=mm&r=g","caption":"Mohamed Hedi Touati"},"url":"https:\/\/www.webdo.tn\/fr\/actualite\/author\/mohamed-hedi-touati\/"}]}},"_links":{"self":[{"href":"https:\/\/www.webdo.tn\/fr\/wp-json\/wp\/v2\/posts\/382616","targetHints":{"allow":["GET"]}}],"collection":[{"href":"https:\/\/www.webdo.tn\/fr\/wp-json\/wp\/v2\/posts"}],"about":[{"href":"https:\/\/www.webdo.tn\/fr\/wp-json\/wp\/v2\/types\/post"}],"author":[{"embeddable":true,"href":"https:\/\/www.webdo.tn\/fr\/wp-json\/wp\/v2\/users\/3191"}],"replies":[{"embeddable":true,"href":"https:\/\/www.webdo.tn\/fr\/wp-json\/wp\/v2\/comments?post=382616"}],"version-history":[{"count":0,"href":"https:\/\/www.webdo.tn\/fr\/wp-json\/wp\/v2\/posts\/382616\/revisions"}],"wp:featuredmedia":[{"embeddable":true,"href":"https:\/\/www.webdo.tn\/fr\/wp-json\/wp\/v2\/media\/249484"}],"wp:attachment":[{"href":"https:\/\/www.webdo.tn\/fr\/wp-json\/wp\/v2\/media?parent=382616"}],"wp:term":[{"taxonomy":"category","embeddable":true,"href":"https:\/\/www.webdo.tn\/fr\/wp-json\/wp\/v2\/categories?post=382616"},{"taxonomy":"post_tag","embeddable":true,"href":"https:\/\/www.webdo.tn\/fr\/wp-json\/wp\/v2\/tags?post=382616"}],"curies":[{"name":"wp","href":"https:\/\/api.w.org\/{rel}","templated":true}]}}