{"id":382592,"date":"2025-09-02T07:17:22","date_gmt":"2025-09-02T06:17:22","guid":{"rendered":"https:\/\/www.webdo.tn\/fr\/?p=382592"},"modified":"2025-09-02T09:10:21","modified_gmt":"2025-09-02T08:10:21","slug":"kais-saied-aux-docteurs-sans-emploi-le-concours-unique-issue","status":"publish","type":"post","link":"https:\/\/www.webdo.tn\/fr\/actualite\/national\/kais-saied-aux-docteurs-sans-emploi-le-concours-unique-issue\/382592\/","title":{"rendered":"Ka\u00efs Sa\u00efed aux docteurs sans emploi : \u00ab Le concours, unique issue \u00bb"},"content":{"rendered":"\n<p>Le pr\u00e9sident de la R\u00e9publique, Ka\u00efs Sa\u00efed, a re\u00e7u hier apr\u00e8s-midi, 1er septembre, un groupe de titulaires de doctorat, dans le cadre d\u2019une rencontre consacr\u00e9e \u00e0 la probl\u00e9matique de l\u2019emploi des dipl\u00f4m\u00e9s de l\u2019enseignement sup\u00e9rieur.<\/p>\n\n\n\n<p>D\u00e8s l\u2019ouverture de la r\u00e9union, le chef de l\u2019\u00c9tat a rappel\u00e9 que <strong>le concours reste le m\u00e9canisme fondamental du recrutement dans la fonction publique<\/strong>, insistant sur la n\u00e9cessit\u00e9 de garantir toutes les conditions de transparence afin d\u2019assurer l\u2019\u00e9galit\u00e9 des chances entre les candidats.<\/p>\n\n\n\n<p>Ka\u00efs Sa\u00efed a ensuite \u00e9voqu\u00e9 la situation des dipl\u00f4m\u00e9s, qu\u2019ils soient titulaires de doctorat ou d\u2019autres dipl\u00f4mes, dont le ch\u00f4mage s\u2019est prolong\u00e9. Selon lui, ces comp\u00e9tences disposent d\u2019un potentiel et d\u2019un sens de responsabilit\u00e9 qui doivent \u00eatre mis \u00e0 profit dans les structures publiques, en remplacement de ceux qui ont failli \u00e0 leurs missions ou qui se sont retrouv\u00e9s li\u00e9s \u00e0 des int\u00e9r\u00eats de lobbys. <\/p>\n\n\n\n<p>\u00ab L\u2019exp\u00e9rience se construit avec le temps. Ce dont la Tunisie n\u2019a pas besoin, ce sont de ceux qui attisent les tensions, manquent de patriotisme et maltraitent leurs coll\u00e8gues. Ceux-l\u00e0 sont en r\u00e9alit\u00e9 des ennemis du pays \u00bb, a martel\u00e9 le pr\u00e9sident.<\/p>\n\n\n\n<p>Pour conclure, Ka\u00efs Sa\u00efed a r\u00e9affirm\u00e9 que <strong>la Tunisie se trouve \u00e0 un tournant d\u00e9cisif de construction et de reconstruction<\/strong>. Il a appel\u00e9 \u00e0 mobiliser les comp\u00e9tences nationales, hommes et femmes, anim\u00e9es par l\u2019ardeur et la volont\u00e9 de contribuer au progr\u00e8s du pays, afin de franchir d\u00e9finitivement ce cap.<\/p>\n\n\n\n<p><\/p>\n\n\n\n<p><strong>Lire aussi :<\/strong> <a href=\"https:\/\/www.webdo.tn\/fr\/actualite\/national\/tunisie-les-docteurs-chercheurs-manifestent-pour-leur-integration-a-luniversite\/379173\/\">Tunisie\u00a0: Les docteurs chercheurs manifestent pour leur int\u00e9gration \u00e0 l\u2019universit\u00e9<\/a><br><\/p>\n","protected":false},"excerpt":{"rendered":"<p>Le pr\u00e9sident de la R\u00e9publique, Ka\u00efs Sa\u00efed, a re\u00e7u hier apr\u00e8s-midi, 1er septembre, un groupe de titulaires de doctorat, dans le cadre d\u2019une rencontre consacr\u00e9e \u00e0 la probl\u00e9matique de l\u2019emploi des dipl\u00f4m\u00e9s de l\u2019enseignement sup\u00e9rieur. D\u00e8s l\u2019ouverture de la r\u00e9union, le chef de l\u2019\u00c9tat a rappel\u00e9 que le concours reste le m\u00e9canisme fondamental du recrutement [&hellip;]<\/p>\n","protected":false},"author":3184,"featured_media":382593,"comment_status":"closed","ping_status":"closed","sticky":false,"template":"","format":"standard","meta":{"footnotes":""},"categories":[44],"tags":[5067,7262,2608],"class_list":["post-382592","post","type-post","status-publish","format-standard","has-post-thumbnail","hentry","category-national","tag-chomage","tag-docteur","tag-tunisie"],"yoast_head":"<!-- This site is optimized with the Yoast SEO Premium plugin v27.5 (Yoast SEO v27.5) - https:\/\/yoast.com\/product\/yoast-seo-premium-wordpress\/ -->\n<title>Ka\u00efs Sa\u00efed aux docteurs sans emploi : \u00ab Le concours, unique issue \u00bb - webdo<\/title>\n<meta name=\"description\" content=\"Ka\u00efs Sa\u00efed discute de l&#039;emploi des dipl\u00f4m\u00e9s de l&#039;enseignement sup\u00e9rieur et de l&#039;importance de la transparence dans le concours.\" \/>\n<link rel=\"canonical\" href=\"https:\/\/www.webdo.tn\/fr\/actualite\/national\/kais-saied-aux-docteurs-sans-emploi-le-concours-unique-issue\/382592\/\" \/>\n<meta property=\"og:locale\" content=\"fr_FR\" \/>\n<meta property=\"og:type\" content=\"article\" \/>\n<meta property=\"og:title\" content=\"Ka\u00efs Sa\u00efed aux docteurs sans emploi : \u00ab Le concours, unique issue \u00bb\" \/>\n<meta property=\"og:description\" content=\"Ka\u00efs Sa\u00efed discute de l&#039;emploi des dipl\u00f4m\u00e9s de l&#039;enseignement sup\u00e9rieur et de l&#039;importance de la transparence dans le concours.\" \/>\n<meta property=\"og:url\" content=\"https:\/\/www.webdo.tn\/fr\/actualite\/national\/kais-saied-aux-docteurs-sans-emploi-le-concours-unique-issue\/382592\/\" \/>\n<meta property=\"og:site_name\" content=\"webdo\" \/>\n<meta property=\"article:publisher\" content=\"https:\/\/www.facebook.com\/webdotn\" \/>\n<meta property=\"article:published_time\" content=\"2025-09-02T06:17:22+00:00\" \/>\n<meta property=\"article:modified_time\" content=\"2025-09-02T08:10:21+00:00\" \/>\n<meta property=\"og:image\" content=\"https:\/\/www.webdo.tn\/fr\/wp-content\/uploads\/2025\/09\/540968178_1190469966444935_6334714285135278815_n.jpg\" \/>\n\t<meta property=\"og:image:width\" content=\"2048\" \/>\n\t<meta property=\"og:image:height\" content=\"1137\" \/>\n\t<meta property=\"og:image:type\" content=\"image\/jpeg\" \/>\n<meta name=\"author\" content=\"Wided Belhaj\" \/>\n<meta name=\"twitter:card\" content=\"summary_large_image\" \/>\n<meta name=\"twitter:creator\" content=\"@webdo_tn\" \/>\n<meta name=\"twitter:site\" content=\"@webdo_tn\" \/>\n<meta name=\"twitter:label1\" content=\"\u00c9crit par\" \/>\n\t<meta name=\"twitter:data1\" content=\"Wided Belhaj\" \/>\n\t<meta name=\"twitter:label2\" content=\"Dur\u00e9e de lecture estim\u00e9e\" \/>\n\t<meta name=\"twitter:data2\" content=\"2 minutes\" \/>\n<script type=\"application\/ld+json\" class=\"yoast-schema-graph\">{\"@context\":\"https:\\\/\\\/schema.org\",\"@graph\":[{\"@type\":\"NewsArticle\",\"@id\":\"https:\\\/\\\/www.webdo.tn\\\/fr\\\/actualite\\\/national\\\/kais-saied-aux-docteurs-sans-emploi-le-concours-unique-issue\\\/382592\\\/#article\",\"isPartOf\":{\"@id\":\"https:\\\/\\\/www.webdo.tn\\\/fr\\\/actualite\\\/national\\\/kais-saied-aux-docteurs-sans-emploi-le-concours-unique-issue\\\/382592\\\/\"},\"author\":{\"name\":\"Wided Belhaj\",\"@id\":\"https:\\\/\\\/www.webdo.tn\\\/fr\\\/#\\\/schema\\\/person\\\/b9ecde7a5574cb4fcf4b496ea5fadb15\"},\"headline\":\"Ka\u00efs Sa\u00efed aux docteurs sans emploi : \u00ab Le concours, unique issue \u00bb\",\"datePublished\":\"2025-09-02T06:17:22+00:00\",\"dateModified\":\"2025-09-02T08:10:21+00:00\",\"mainEntityOfPage\":{\"@id\":\"https:\\\/\\\/www.webdo.tn\\\/fr\\\/actualite\\\/national\\\/kais-saied-aux-docteurs-sans-emploi-le-concours-unique-issue\\\/382592\\\/\"},\"wordCount\":304,\"publisher\":{\"@id\":\"https:\\\/\\\/www.webdo.tn\\\/fr\\\/#organization\"},\"image\":{\"@id\":\"https:\\\/\\\/www.webdo.tn\\\/fr\\\/actualite\\\/national\\\/kais-saied-aux-docteurs-sans-emploi-le-concours-unique-issue\\\/382592\\\/#primaryimage\"},\"thumbnailUrl\":\"https:\\\/\\\/www.webdo.tn\\\/fr\\\/wp-content\\\/uploads\\\/2025\\\/09\\\/540968178_1190469966444935_6334714285135278815_n.jpg\",\"keywords\":[\"Ch\u00f4mage\",\"docteur\",\"Tunisie\"],\"articleSection\":[\"National\"],\"inLanguage\":\"fr-FR\"},{\"@type\":\"WebPage\",\"@id\":\"https:\\\/\\\/www.webdo.tn\\\/fr\\\/actualite\\\/national\\\/kais-saied-aux-docteurs-sans-emploi-le-concours-unique-issue\\\/382592\\\/\",\"url\":\"https:\\\/\\\/www.webdo.tn\\\/fr\\\/actualite\\\/national\\\/kais-saied-aux-docteurs-sans-emploi-le-concours-unique-issue\\\/382592\\\/\",\"name\":\"Ka\u00efs Sa\u00efed aux docteurs sans emploi : \u00ab Le concours, unique issue \u00bb - webdo\",\"isPartOf\":{\"@id\":\"https:\\\/\\\/www.webdo.tn\\\/fr\\\/#website\"},\"primaryImageOfPage\":{\"@id\":\"https:\\\/\\\/www.webdo.tn\\\/fr\\\/actualite\\\/national\\\/kais-saied-aux-docteurs-sans-emploi-le-concours-unique-issue\\\/382592\\\/#primaryimage\"},\"image\":{\"@id\":\"https:\\\/\\\/www.webdo.tn\\\/fr\\\/actualite\\\/national\\\/kais-saied-aux-docteurs-sans-emploi-le-concours-unique-issue\\\/382592\\\/#primaryimage\"},\"thumbnailUrl\":\"https:\\\/\\\/www.webdo.tn\\\/fr\\\/wp-content\\\/uploads\\\/2025\\\/09\\\/540968178_1190469966444935_6334714285135278815_n.jpg\",\"datePublished\":\"2025-09-02T06:17:22+00:00\",\"dateModified\":\"2025-09-02T08:10:21+00:00\",\"description\":\"Ka\u00efs Sa\u00efed discute de l'emploi des dipl\u00f4m\u00e9s de l'enseignement sup\u00e9rieur et de l'importance de la transparence dans le concours.\",\"breadcrumb\":{\"@id\":\"https:\\\/\\\/www.webdo.tn\\\/fr\\\/actualite\\\/national\\\/kais-saied-aux-docteurs-sans-emploi-le-concours-unique-issue\\\/382592\\\/#breadcrumb\"},\"inLanguage\":\"fr-FR\",\"potentialAction\":[{\"@type\":\"ReadAction\",\"target\":[\"https:\\\/\\\/www.webdo.tn\\\/fr\\\/actualite\\\/national\\\/kais-saied-aux-docteurs-sans-emploi-le-concours-unique-issue\\\/382592\\\/\"]}]},{\"@type\":\"ImageObject\",\"inLanguage\":\"fr-FR\",\"@id\":\"https:\\\/\\\/www.webdo.tn\\\/fr\\\/actualite\\\/national\\\/kais-saied-aux-docteurs-sans-emploi-le-concours-unique-issue\\\/382592\\\/#primaryimage\",\"url\":\"https:\\\/\\\/www.webdo.tn\\\/fr\\\/wp-content\\\/uploads\\\/2025\\\/09\\\/540968178_1190469966444935_6334714285135278815_n.jpg\",\"contentUrl\":\"https:\\\/\\\/www.webdo.tn\\\/fr\\\/wp-content\\\/uploads\\\/2025\\\/09\\\/540968178_1190469966444935_6334714285135278815_n.jpg\",\"width\":2048,\"height\":1137},{\"@type\":\"BreadcrumbList\",\"@id\":\"https:\\\/\\\/www.webdo.tn\\\/fr\\\/actualite\\\/national\\\/kais-saied-aux-docteurs-sans-emploi-le-concours-unique-issue\\\/382592\\\/#breadcrumb\",\"itemListElement\":[{\"@type\":\"ListItem\",\"position\":1,\"name\":\"Accueil\",\"item\":\"https:\\\/\\\/www.webdo.tn\\\/fr\\\/\"},{\"@type\":\"ListItem\",\"position\":2,\"name\":\"Ka\u00efs Sa\u00efed aux docteurs sans emploi : \u00ab Le concours, unique issue \u00bb\"}]},{\"@type\":\"WebSite\",\"@id\":\"https:\\\/\\\/www.webdo.tn\\\/fr\\\/#website\",\"url\":\"https:\\\/\\\/www.webdo.tn\\\/fr\\\/\",\"name\":\"webdo\",\"description\":\"Tunisie - News en Tunisie et \u00e0 l&#039;international sur Webdo.tn\",\"publisher\":{\"@id\":\"https:\\\/\\\/www.webdo.tn\\\/fr\\\/#organization\"},\"potentialAction\":[{\"@type\":\"SearchAction\",\"target\":{\"@type\":\"EntryPoint\",\"urlTemplate\":\"https:\\\/\\\/www.webdo.tn\\\/fr\\\/?s={search_term_string}\"},\"query-input\":{\"@type\":\"PropertyValueSpecification\",\"valueRequired\":true,\"valueName\":\"search_term_string\"}}],\"inLanguage\":\"fr-FR\"},{\"@type\":\"Organization\",\"@id\":\"https:\\\/\\\/www.webdo.tn\\\/fr\\\/#organization\",\"name\":\"Webdo\",\"alternateName\":\"Webdo.tn\",\"url\":\"https:\\\/\\\/www.webdo.tn\\\/fr\\\/\",\"logo\":{\"@type\":\"ImageObject\",\"inLanguage\":\"fr-FR\",\"@id\":\"https:\\\/\\\/www.webdo.tn\\\/fr\\\/#\\\/schema\\\/logo\\\/image\\\/\",\"url\":\"https:\\\/\\\/www.webdo.tn\\\/fr\\\/wp-content\\\/uploads\\\/2025\\\/06\\\/Webdo-Tunisie_168377.jpg\",\"contentUrl\":\"https:\\\/\\\/www.webdo.tn\\\/fr\\\/wp-content\\\/uploads\\\/2025\\\/06\\\/Webdo-Tunisie_168377.jpg\",\"width\":301,\"height\":301,\"caption\":\"Webdo\"},\"image\":{\"@id\":\"https:\\\/\\\/www.webdo.tn\\\/fr\\\/#\\\/schema\\\/logo\\\/image\\\/\"},\"sameAs\":[\"https:\\\/\\\/www.facebook.com\\\/webdotn\",\"https:\\\/\\\/x.com\\\/webdo_tn\"],\"description\":\"Webdo est un m\u00e9dia num\u00e9rique tunisien fond\u00e9 en 2010, sp\u00e9cialis\u00e9 dans l\u2019actualit\u00e9 nationale et internationale, l\u2019\u00e9conomie, la soci\u00e9t\u00e9 et les analyses politiques. Le site s\u2019adresse \u00e0 un large public francophone et couvre l\u2019information tunisienne en temps r\u00e9el.\",\"email\":\"redac@webdo.tn\",\"legalName\":\"YNJ SARL\",\"foundingDate\":\"2010-09-06\",\"numberOfEmployees\":{\"@type\":\"QuantitativeValue\",\"minValue\":\"11\",\"maxValue\":\"50\"}},{\"@type\":\"Person\",\"@id\":\"https:\\\/\\\/www.webdo.tn\\\/fr\\\/#\\\/schema\\\/person\\\/b9ecde7a5574cb4fcf4b496ea5fadb15\",\"name\":\"Wided Belhaj\",\"image\":{\"@type\":\"ImageObject\",\"inLanguage\":\"fr-FR\",\"@id\":\"https:\\\/\\\/www.webdo.tn\\\/fr\\\/wp-content\\\/uploads\\\/2026\\\/04\\\/wided-belhaj_avatar-96x96.jpg\",\"url\":\"https:\\\/\\\/www.webdo.tn\\\/fr\\\/wp-content\\\/uploads\\\/2026\\\/04\\\/wided-belhaj_avatar-96x96.jpg\",\"contentUrl\":\"https:\\\/\\\/www.webdo.tn\\\/fr\\\/wp-content\\\/uploads\\\/2026\\\/04\\\/wided-belhaj_avatar-96x96.jpg\",\"caption\":\"Wided Belhaj\"},\"description\":\"Wided Belhaj est le pseudonyme \u00e9ditorial utilis\u00e9 par Khalil Jelassi, journaliste, ma\u00eetre-assistant \u00e0 l\u2019Institut de presse et des sciences de l\u2019information (IPSI) et chercheur en sciences de l\u2019information et de la communication. Cette signature est d\u00e9di\u00e9e \u00e0 l\u2019analyse des m\u00e9dias, des pratiques journalistiques et des mutations de l\u2019information \u00e0 l\u2019\u00e8re digitale. \u00c0 travers ses contributions, Wided Belhaj propose une lecture analytique de l\u2019actualit\u00e9, en croisant regard critique et expertise acad\u00e9mique.\",\"knowsAbout\":[\"m\u00e9dias\",\"journalisme\",\"communication\",\"information\",\"transformation num\u00e9rique\",\"analyse des m\u00e9dias\"],\"knowsLanguage\":[\"Fran\u00e7ais\",\"Arabe\"],\"jobTitle\":\"Webdo.tn\",\"worksFor\":\"Journaliste \u2013 Analyse des m\u00e9dias\",\"url\":\"https:\\\/\\\/www.webdo.tn\\\/fr\\\/actualite\\\/author\\\/wided-belhaj\\\/\"}]}<\/script>\n<!-- \/ Yoast SEO Premium plugin. -->","yoast_head_json":{"title":"Ka\u00efs Sa\u00efed aux docteurs sans emploi : \u00ab Le concours, unique issue \u00bb - webdo","description":"Ka\u00efs Sa\u00efed discute de l'emploi des dipl\u00f4m\u00e9s de l'enseignement sup\u00e9rieur et de l'importance de la transparence dans le concours.","canonical":"https:\/\/www.webdo.tn\/fr\/actualite\/national\/kais-saied-aux-docteurs-sans-emploi-le-concours-unique-issue\/382592\/","og_locale":"fr_FR","og_type":"article","og_title":"Ka\u00efs Sa\u00efed aux docteurs sans emploi : \u00ab Le concours, unique issue \u00bb","og_description":"Ka\u00efs Sa\u00efed discute de l'emploi des dipl\u00f4m\u00e9s de l'enseignement sup\u00e9rieur et de l'importance de la transparence dans le concours.","og_url":"https:\/\/www.webdo.tn\/fr\/actualite\/national\/kais-saied-aux-docteurs-sans-emploi-le-concours-unique-issue\/382592\/","og_site_name":"webdo","article_publisher":"https:\/\/www.facebook.com\/webdotn","article_published_time":"2025-09-02T06:17:22+00:00","article_modified_time":"2025-09-02T08:10:21+00:00","og_image":[{"width":2048,"height":1137,"url":"https:\/\/www.webdo.tn\/fr\/wp-content\/uploads\/2025\/09\/540968178_1190469966444935_6334714285135278815_n.jpg","type":"image\/jpeg"}],"author":"Wided Belhaj","twitter_card":"summary_large_image","twitter_creator":"@webdo_tn","twitter_site":"@webdo_tn","twitter_misc":{"\u00c9crit par":"Wided Belhaj","Dur\u00e9e de lecture estim\u00e9e":"2 minutes"},"schema":{"@context":"https:\/\/schema.org","@graph":[{"@type":"NewsArticle","@id":"https:\/\/www.webdo.tn\/fr\/actualite\/national\/kais-saied-aux-docteurs-sans-emploi-le-concours-unique-issue\/382592\/#article","isPartOf":{"@id":"https:\/\/www.webdo.tn\/fr\/actualite\/national\/kais-saied-aux-docteurs-sans-emploi-le-concours-unique-issue\/382592\/"},"author":{"name":"Wided Belhaj","@id":"https:\/\/www.webdo.tn\/fr\/#\/schema\/person\/b9ecde7a5574cb4fcf4b496ea5fadb15"},"headline":"Ka\u00efs Sa\u00efed aux docteurs sans emploi : \u00ab Le concours, unique issue \u00bb","datePublished":"2025-09-02T06:17:22+00:00","dateModified":"2025-09-02T08:10:21+00:00","mainEntityOfPage":{"@id":"https:\/\/www.webdo.tn\/fr\/actualite\/national\/kais-saied-aux-docteurs-sans-emploi-le-concours-unique-issue\/382592\/"},"wordCount":304,"publisher":{"@id":"https:\/\/www.webdo.tn\/fr\/#organization"},"image":{"@id":"https:\/\/www.webdo.tn\/fr\/actualite\/national\/kais-saied-aux-docteurs-sans-emploi-le-concours-unique-issue\/382592\/#primaryimage"},"thumbnailUrl":"https:\/\/www.webdo.tn\/fr\/wp-content\/uploads\/2025\/09\/540968178_1190469966444935_6334714285135278815_n.jpg","keywords":["Ch\u00f4mage","docteur","Tunisie"],"articleSection":["National"],"inLanguage":"fr-FR"},{"@type":"WebPage","@id":"https:\/\/www.webdo.tn\/fr\/actualite\/national\/kais-saied-aux-docteurs-sans-emploi-le-concours-unique-issue\/382592\/","url":"https:\/\/www.webdo.tn\/fr\/actualite\/national\/kais-saied-aux-docteurs-sans-emploi-le-concours-unique-issue\/382592\/","name":"Ka\u00efs Sa\u00efed aux docteurs sans emploi : \u00ab Le concours, unique issue \u00bb - webdo","isPartOf":{"@id":"https:\/\/www.webdo.tn\/fr\/#website"},"primaryImageOfPage":{"@id":"https:\/\/www.webdo.tn\/fr\/actualite\/national\/kais-saied-aux-docteurs-sans-emploi-le-concours-unique-issue\/382592\/#primaryimage"},"image":{"@id":"https:\/\/www.webdo.tn\/fr\/actualite\/national\/kais-saied-aux-docteurs-sans-emploi-le-concours-unique-issue\/382592\/#primaryimage"},"thumbnailUrl":"https:\/\/www.webdo.tn\/fr\/wp-content\/uploads\/2025\/09\/540968178_1190469966444935_6334714285135278815_n.jpg","datePublished":"2025-09-02T06:17:22+00:00","dateModified":"2025-09-02T08:10:21+00:00","description":"Ka\u00efs Sa\u00efed discute de l'emploi des dipl\u00f4m\u00e9s de l'enseignement sup\u00e9rieur et de l'importance de la transparence dans le concours.","breadcrumb":{"@id":"https:\/\/www.webdo.tn\/fr\/actualite\/national\/kais-saied-aux-docteurs-sans-emploi-le-concours-unique-issue\/382592\/#breadcrumb"},"inLanguage":"fr-FR","potentialAction":[{"@type":"ReadAction","target":["https:\/\/www.webdo.tn\/fr\/actualite\/national\/kais-saied-aux-docteurs-sans-emploi-le-concours-unique-issue\/382592\/"]}]},{"@type":"ImageObject","inLanguage":"fr-FR","@id":"https:\/\/www.webdo.tn\/fr\/actualite\/national\/kais-saied-aux-docteurs-sans-emploi-le-concours-unique-issue\/382592\/#primaryimage","url":"https:\/\/www.webdo.tn\/fr\/wp-content\/uploads\/2025\/09\/540968178_1190469966444935_6334714285135278815_n.jpg","contentUrl":"https:\/\/www.webdo.tn\/fr\/wp-content\/uploads\/2025\/09\/540968178_1190469966444935_6334714285135278815_n.jpg","width":2048,"height":1137},{"@type":"BreadcrumbList","@id":"https:\/\/www.webdo.tn\/fr\/actualite\/national\/kais-saied-aux-docteurs-sans-emploi-le-concours-unique-issue\/382592\/#breadcrumb","itemListElement":[{"@type":"ListItem","position":1,"name":"Accueil","item":"https:\/\/www.webdo.tn\/fr\/"},{"@type":"ListItem","position":2,"name":"Ka\u00efs Sa\u00efed aux docteurs sans emploi : \u00ab Le concours, unique issue \u00bb"}]},{"@type":"WebSite","@id":"https:\/\/www.webdo.tn\/fr\/#website","url":"https:\/\/www.webdo.tn\/fr\/","name":"webdo","description":"Tunisie - News en Tunisie et \u00e0 l&#039;international sur Webdo.tn","publisher":{"@id":"https:\/\/www.webdo.tn\/fr\/#organization"},"potentialAction":[{"@type":"SearchAction","target":{"@type":"EntryPoint","urlTemplate":"https:\/\/www.webdo.tn\/fr\/?s={search_term_string}"},"query-input":{"@type":"PropertyValueSpecification","valueRequired":true,"valueName":"search_term_string"}}],"inLanguage":"fr-FR"},{"@type":"Organization","@id":"https:\/\/www.webdo.tn\/fr\/#organization","name":"Webdo","alternateName":"Webdo.tn","url":"https:\/\/www.webdo.tn\/fr\/","logo":{"@type":"ImageObject","inLanguage":"fr-FR","@id":"https:\/\/www.webdo.tn\/fr\/#\/schema\/logo\/image\/","url":"https:\/\/www.webdo.tn\/fr\/wp-content\/uploads\/2025\/06\/Webdo-Tunisie_168377.jpg","contentUrl":"https:\/\/www.webdo.tn\/fr\/wp-content\/uploads\/2025\/06\/Webdo-Tunisie_168377.jpg","width":301,"height":301,"caption":"Webdo"},"image":{"@id":"https:\/\/www.webdo.tn\/fr\/#\/schema\/logo\/image\/"},"sameAs":["https:\/\/www.facebook.com\/webdotn","https:\/\/x.com\/webdo_tn"],"description":"Webdo est un m\u00e9dia num\u00e9rique tunisien fond\u00e9 en 2010, sp\u00e9cialis\u00e9 dans l\u2019actualit\u00e9 nationale et internationale, l\u2019\u00e9conomie, la soci\u00e9t\u00e9 et les analyses politiques. Le site s\u2019adresse \u00e0 un large public francophone et couvre l\u2019information tunisienne en temps r\u00e9el.","email":"redac@webdo.tn","legalName":"YNJ SARL","foundingDate":"2010-09-06","numberOfEmployees":{"@type":"QuantitativeValue","minValue":"11","maxValue":"50"}},{"@type":"Person","@id":"https:\/\/www.webdo.tn\/fr\/#\/schema\/person\/b9ecde7a5574cb4fcf4b496ea5fadb15","name":"Wided Belhaj","image":{"@type":"ImageObject","inLanguage":"fr-FR","@id":"https:\/\/www.webdo.tn\/fr\/wp-content\/uploads\/2026\/04\/wided-belhaj_avatar-96x96.jpg","url":"https:\/\/www.webdo.tn\/fr\/wp-content\/uploads\/2026\/04\/wided-belhaj_avatar-96x96.jpg","contentUrl":"https:\/\/www.webdo.tn\/fr\/wp-content\/uploads\/2026\/04\/wided-belhaj_avatar-96x96.jpg","caption":"Wided Belhaj"},"description":"Wided Belhaj est le pseudonyme \u00e9ditorial utilis\u00e9 par Khalil Jelassi, journaliste, ma\u00eetre-assistant \u00e0 l\u2019Institut de presse et des sciences de l\u2019information (IPSI) et chercheur en sciences de l\u2019information et de la communication. Cette signature est d\u00e9di\u00e9e \u00e0 l\u2019analyse des m\u00e9dias, des pratiques journalistiques et des mutations de l\u2019information \u00e0 l\u2019\u00e8re digitale. \u00c0 travers ses contributions, Wided Belhaj propose une lecture analytique de l\u2019actualit\u00e9, en croisant regard critique et expertise acad\u00e9mique.","knowsAbout":["m\u00e9dias","journalisme","communication","information","transformation num\u00e9rique","analyse des m\u00e9dias"],"knowsLanguage":["Fran\u00e7ais","Arabe"],"jobTitle":"Webdo.tn","worksFor":"Journaliste \u2013 Analyse des m\u00e9dias","url":"https:\/\/www.webdo.tn\/fr\/actualite\/author\/wided-belhaj\/"}]}},"_links":{"self":[{"href":"https:\/\/www.webdo.tn\/fr\/wp-json\/wp\/v2\/posts\/382592","targetHints":{"allow":["GET"]}}],"collection":[{"href":"https:\/\/www.webdo.tn\/fr\/wp-json\/wp\/v2\/posts"}],"about":[{"href":"https:\/\/www.webdo.tn\/fr\/wp-json\/wp\/v2\/types\/post"}],"author":[{"embeddable":true,"href":"https:\/\/www.webdo.tn\/fr\/wp-json\/wp\/v2\/users\/3184"}],"replies":[{"embeddable":true,"href":"https:\/\/www.webdo.tn\/fr\/wp-json\/wp\/v2\/comments?post=382592"}],"version-history":[{"count":0,"href":"https:\/\/www.webdo.tn\/fr\/wp-json\/wp\/v2\/posts\/382592\/revisions"}],"wp:featuredmedia":[{"embeddable":true,"href":"https:\/\/www.webdo.tn\/fr\/wp-json\/wp\/v2\/media\/382593"}],"wp:attachment":[{"href":"https:\/\/www.webdo.tn\/fr\/wp-json\/wp\/v2\/media?parent=382592"}],"wp:term":[{"taxonomy":"category","embeddable":true,"href":"https:\/\/www.webdo.tn\/fr\/wp-json\/wp\/v2\/categories?post=382592"},{"taxonomy":"post_tag","embeddable":true,"href":"https:\/\/www.webdo.tn\/fr\/wp-json\/wp\/v2\/tags?post=382592"}],"curies":[{"name":"wp","href":"https:\/\/api.w.org\/{rel}","templated":true}]}}