{"id":382569,"date":"2025-09-01T15:03:32","date_gmt":"2025-09-01T14:03:32","guid":{"rendered":"https:\/\/www.webdo.tn\/fr\/?p=382569"},"modified":"2025-09-02T08:31:34","modified_gmt":"2025-09-02T07:31:34","slug":"tunisie-la-pluie-des-ce-soir-baisse-remarquable-des-temperatures","status":"publish","type":"post","link":"https:\/\/www.webdo.tn\/fr\/actualite\/national\/tunisie-la-pluie-des-ce-soir-baisse-remarquable-des-temperatures\/382569\/","title":{"rendered":"Tunisie\u00a0: La pluie d\u00e8s ce soir, baisse remarquable des temp\u00e9ratures"},"content":{"rendered":"\n<p><strong>Apr\u00e8s une br\u00e8ve hausse du mercure ce lundi, la Tunisie s\u2019appr\u00eate \u00e0 conna\u00eetre un changement radical de temps. L\u2019Institut national de la m\u00e9t\u00e9orologie (INM) a annonc\u00e9 l\u2019arriv\u00e9e de pluies orageuses \u00e0 partir de ce soir sur le nord et localement le centre du pays.<\/strong><\/p>\n\n\n\n<p>Selon le bulletin de suivi de l\u2019INM, les pr\u00e9cipitations pourront \u00eatre abondantes mardi apr\u00e8s-midi, avec des cumuls allant de 10 \u00e0 30 millim\u00e8tres.<\/p>\n\n\n\n<p>Ces \u00e9pisodes pluvieux s\u2019accompagneront par endroits de chutes de gr\u00eale et de vents violents, d\u00e9passant temporairement les 70 km\/h sous forme de rafales. Dans le sud, ces vents risquent de soulever localement des tourbillons de sable et de poussi\u00e8re.<\/p>\n\n\n\n<p>Ce changement s\u2019accompagnera d\u2019un rafra\u00eechissement sensible d\u00e8s mardi. Les maximales seront comprises entre 20 et 26\u00b0C dans le nord, le centre et le sud-est, et varieront entre 26 et 32\u00b0C ailleurs dans le pays. Une baisse qualifi\u00e9e de \u201cremarquable\u201d par les services m\u00e9t\u00e9orologiques apr\u00e8s la chaleur du week-end.<\/p>\n\n\n\n<p><\/p>\n\n\n\n<iframe src=\"https:\/\/www.facebook.com\/plugins\/post.php?href=https%3A%2F%2Fwww.facebook.com%2FInstitut.National.Meteorologie%2Fposts%2Fpfbid024vzrLtgADZsmHCoccC6DCd5yrbDxvSXnXFzjUdZgzkEuyUj3YJPywuNGeKjGkDKtl&#038;show_text=true&#038;width=500\" width=\"500\" height=\"498\" style=\"border:none;overflow:hidden\" scrolling=\"no\" frameborder=\"0\" allowfullscreen=\"true\" allow=\"autoplay; clipboard-write; encrypted-media; picture-in-picture; web-share\"><\/iframe>\n\n\n\n<p><\/p>\n\n\n\n<ul class=\"wp-block-list\">\n<li>Lire aussi : <a href=\"https:\/\/www.webdo.tn\/fr\/actualite\/national\/tunisie-meteo-jusqua-42c-ce-lundi\/382518\/\">Tunisie \u2013 M\u00e9t\u00e9o : Jusqu\u2019\u00e0 42\u00b0C ce lundi\u00a0!<\/a><\/li>\n<\/ul>\n","protected":false},"excerpt":{"rendered":"<p>Apr\u00e8s une br\u00e8ve hausse du mercure ce lundi, la Tunisie s\u2019appr\u00eate \u00e0 conna\u00eetre un changement radical de temps. L\u2019Institut national de la m\u00e9t\u00e9orologie (INM) a annonc\u00e9 l\u2019arriv\u00e9e de pluies orageuses \u00e0 partir de ce soir sur le nord et localement le centre du pays. Selon le bulletin de suivi de l\u2019INM, les pr\u00e9cipitations pourront \u00eatre [&hellip;]<\/p>\n","protected":false},"author":3191,"featured_media":379094,"comment_status":"closed","ping_status":"closed","sticky":false,"template":"","format":"standard","meta":{"footnotes":""},"categories":[44],"tags":[2670,2671,2672,2608],"class_list":["post-382569","post","type-post","status-publish","format-standard","has-post-thumbnail","hentry","category-national","tag-meteo","tag-pluie","tag-temperatures","tag-tunisie"],"yoast_head":"<!-- This site is optimized with the Yoast SEO Premium plugin v27.5 (Yoast SEO v27.5) - https:\/\/yoast.com\/product\/yoast-seo-premium-wordpress\/ -->\n<title>Tunisie\u00a0: La pluie d\u00e8s ce soir, baisse remarquable des temp\u00e9ratures - webdo<\/title>\n<meta name=\"description\" content=\"Attendez-vous \u00e0 des pluies orageuses d\u00e8s ce soir en Tunisie, avec une baisse remarquable des temp\u00e9ratures sur tout le territoire.\" \/>\n<link rel=\"canonical\" href=\"https:\/\/www.webdo.tn\/fr\/actualite\/national\/tunisie-la-pluie-des-ce-soir-baisse-remarquable-des-temperatures\/382569\/\" \/>\n<meta property=\"og:locale\" content=\"fr_FR\" \/>\n<meta property=\"og:type\" content=\"article\" \/>\n<meta property=\"og:title\" content=\"Tunisie\u00a0: La pluie d\u00e8s ce soir, baisse remarquable des temp\u00e9ratures\" \/>\n<meta property=\"og:description\" content=\"Attendez-vous \u00e0 des pluies orageuses d\u00e8s ce soir en Tunisie, avec une baisse remarquable des temp\u00e9ratures sur tout le territoire.\" \/>\n<meta property=\"og:url\" content=\"https:\/\/www.webdo.tn\/fr\/actualite\/national\/tunisie-la-pluie-des-ce-soir-baisse-remarquable-des-temperatures\/382569\/\" \/>\n<meta property=\"og:site_name\" content=\"webdo\" \/>\n<meta property=\"article:publisher\" content=\"https:\/\/www.facebook.com\/webdotn\" \/>\n<meta property=\"article:published_time\" content=\"2025-09-01T14:03:32+00:00\" \/>\n<meta property=\"article:modified_time\" content=\"2025-09-02T07:31:34+00:00\" \/>\n<meta property=\"og:image\" content=\"https:\/\/www.webdo.tn\/fr\/wp-content\/uploads\/2025\/07\/pluie-e1756464390849.jpg\" \/>\n\t<meta property=\"og:image:width\" content=\"534\" \/>\n\t<meta property=\"og:image:height\" content=\"300\" \/>\n\t<meta property=\"og:image:type\" content=\"image\/jpeg\" \/>\n<meta name=\"author\" content=\"Mohamed Hedi Touati\" \/>\n<meta name=\"twitter:card\" content=\"summary_large_image\" \/>\n<meta name=\"twitter:creator\" content=\"@webdo_tn\" \/>\n<meta name=\"twitter:site\" content=\"@webdo_tn\" \/>\n<meta name=\"twitter:label1\" content=\"\u00c9crit par\" \/>\n\t<meta name=\"twitter:data1\" content=\"Mohamed Hedi Touati\" \/>\n\t<meta name=\"twitter:label2\" content=\"Dur\u00e9e de lecture estim\u00e9e\" \/>\n\t<meta name=\"twitter:data2\" content=\"2 minutes\" \/>\n<script type=\"application\/ld+json\" class=\"yoast-schema-graph\">{\"@context\":\"https:\\\/\\\/schema.org\",\"@graph\":[{\"@type\":\"NewsArticle\",\"@id\":\"https:\\\/\\\/www.webdo.tn\\\/fr\\\/actualite\\\/national\\\/tunisie-la-pluie-des-ce-soir-baisse-remarquable-des-temperatures\\\/382569\\\/#article\",\"isPartOf\":{\"@id\":\"https:\\\/\\\/www.webdo.tn\\\/fr\\\/actualite\\\/national\\\/tunisie-la-pluie-des-ce-soir-baisse-remarquable-des-temperatures\\\/382569\\\/\"},\"author\":{\"name\":\"Mohamed Hedi Touati\",\"@id\":\"https:\\\/\\\/www.webdo.tn\\\/fr\\\/#\\\/schema\\\/person\\\/c652cd8fc2b1b44412b5ffb48c5a911d\"},\"headline\":\"Tunisie\u00a0: La pluie d\u00e8s ce soir, baisse remarquable des temp\u00e9ratures\",\"datePublished\":\"2025-09-01T14:03:32+00:00\",\"dateModified\":\"2025-09-02T07:31:34+00:00\",\"mainEntityOfPage\":{\"@id\":\"https:\\\/\\\/www.webdo.tn\\\/fr\\\/actualite\\\/national\\\/tunisie-la-pluie-des-ce-soir-baisse-remarquable-des-temperatures\\\/382569\\\/\"},\"wordCount\":195,\"publisher\":{\"@id\":\"https:\\\/\\\/www.webdo.tn\\\/fr\\\/#organization\"},\"image\":{\"@id\":\"https:\\\/\\\/www.webdo.tn\\\/fr\\\/actualite\\\/national\\\/tunisie-la-pluie-des-ce-soir-baisse-remarquable-des-temperatures\\\/382569\\\/#primaryimage\"},\"thumbnailUrl\":\"https:\\\/\\\/www.webdo.tn\\\/fr\\\/wp-content\\\/uploads\\\/2025\\\/07\\\/pluie-e1756464390849.jpg\",\"keywords\":[\"m\u00e9t\u00e9o\",\"Pluie\",\"temp\u00e9ratures\",\"Tunisie\"],\"articleSection\":[\"National\"],\"inLanguage\":\"fr-FR\"},{\"@type\":\"WebPage\",\"@id\":\"https:\\\/\\\/www.webdo.tn\\\/fr\\\/actualite\\\/national\\\/tunisie-la-pluie-des-ce-soir-baisse-remarquable-des-temperatures\\\/382569\\\/\",\"url\":\"https:\\\/\\\/www.webdo.tn\\\/fr\\\/actualite\\\/national\\\/tunisie-la-pluie-des-ce-soir-baisse-remarquable-des-temperatures\\\/382569\\\/\",\"name\":\"Tunisie\u00a0: La pluie d\u00e8s ce soir, baisse remarquable des temp\u00e9ratures - webdo\",\"isPartOf\":{\"@id\":\"https:\\\/\\\/www.webdo.tn\\\/fr\\\/#website\"},\"primaryImageOfPage\":{\"@id\":\"https:\\\/\\\/www.webdo.tn\\\/fr\\\/actualite\\\/national\\\/tunisie-la-pluie-des-ce-soir-baisse-remarquable-des-temperatures\\\/382569\\\/#primaryimage\"},\"image\":{\"@id\":\"https:\\\/\\\/www.webdo.tn\\\/fr\\\/actualite\\\/national\\\/tunisie-la-pluie-des-ce-soir-baisse-remarquable-des-temperatures\\\/382569\\\/#primaryimage\"},\"thumbnailUrl\":\"https:\\\/\\\/www.webdo.tn\\\/fr\\\/wp-content\\\/uploads\\\/2025\\\/07\\\/pluie-e1756464390849.jpg\",\"datePublished\":\"2025-09-01T14:03:32+00:00\",\"dateModified\":\"2025-09-02T07:31:34+00:00\",\"description\":\"Attendez-vous \u00e0 des pluies orageuses d\u00e8s ce soir en Tunisie, avec une baisse remarquable des temp\u00e9ratures sur tout le territoire.\",\"breadcrumb\":{\"@id\":\"https:\\\/\\\/www.webdo.tn\\\/fr\\\/actualite\\\/national\\\/tunisie-la-pluie-des-ce-soir-baisse-remarquable-des-temperatures\\\/382569\\\/#breadcrumb\"},\"inLanguage\":\"fr-FR\",\"potentialAction\":[{\"@type\":\"ReadAction\",\"target\":[\"https:\\\/\\\/www.webdo.tn\\\/fr\\\/actualite\\\/national\\\/tunisie-la-pluie-des-ce-soir-baisse-remarquable-des-temperatures\\\/382569\\\/\"]}]},{\"@type\":\"ImageObject\",\"inLanguage\":\"fr-FR\",\"@id\":\"https:\\\/\\\/www.webdo.tn\\\/fr\\\/actualite\\\/national\\\/tunisie-la-pluie-des-ce-soir-baisse-remarquable-des-temperatures\\\/382569\\\/#primaryimage\",\"url\":\"https:\\\/\\\/www.webdo.tn\\\/fr\\\/wp-content\\\/uploads\\\/2025\\\/07\\\/pluie-e1756464390849.jpg\",\"contentUrl\":\"https:\\\/\\\/www.webdo.tn\\\/fr\\\/wp-content\\\/uploads\\\/2025\\\/07\\\/pluie-e1756464390849.jpg\",\"width\":534,\"height\":300,\"caption\":\"Tunisie\u00a0: La pluie d\u00e8s ce soir, baisse remarquable des temp\u00e9ratures\"},{\"@type\":\"BreadcrumbList\",\"@id\":\"https:\\\/\\\/www.webdo.tn\\\/fr\\\/actualite\\\/national\\\/tunisie-la-pluie-des-ce-soir-baisse-remarquable-des-temperatures\\\/382569\\\/#breadcrumb\",\"itemListElement\":[{\"@type\":\"ListItem\",\"position\":1,\"name\":\"Accueil\",\"item\":\"https:\\\/\\\/www.webdo.tn\\\/fr\\\/\"},{\"@type\":\"ListItem\",\"position\":2,\"name\":\"Tunisie\u00a0: La pluie d\u00e8s ce soir, baisse remarquable des temp\u00e9ratures\"}]},{\"@type\":\"WebSite\",\"@id\":\"https:\\\/\\\/www.webdo.tn\\\/fr\\\/#website\",\"url\":\"https:\\\/\\\/www.webdo.tn\\\/fr\\\/\",\"name\":\"webdo\",\"description\":\"Tunisie - News en Tunisie et \u00e0 l&#039;international sur Webdo.tn\",\"publisher\":{\"@id\":\"https:\\\/\\\/www.webdo.tn\\\/fr\\\/#organization\"},\"potentialAction\":[{\"@type\":\"SearchAction\",\"target\":{\"@type\":\"EntryPoint\",\"urlTemplate\":\"https:\\\/\\\/www.webdo.tn\\\/fr\\\/?s={search_term_string}\"},\"query-input\":{\"@type\":\"PropertyValueSpecification\",\"valueRequired\":true,\"valueName\":\"search_term_string\"}}],\"inLanguage\":\"fr-FR\"},{\"@type\":\"Organization\",\"@id\":\"https:\\\/\\\/www.webdo.tn\\\/fr\\\/#organization\",\"name\":\"Webdo\",\"alternateName\":\"Webdo.tn\",\"url\":\"https:\\\/\\\/www.webdo.tn\\\/fr\\\/\",\"logo\":{\"@type\":\"ImageObject\",\"inLanguage\":\"fr-FR\",\"@id\":\"https:\\\/\\\/www.webdo.tn\\\/fr\\\/#\\\/schema\\\/logo\\\/image\\\/\",\"url\":\"https:\\\/\\\/www.webdo.tn\\\/fr\\\/wp-content\\\/uploads\\\/2025\\\/06\\\/Webdo-Tunisie_168377.jpg\",\"contentUrl\":\"https:\\\/\\\/www.webdo.tn\\\/fr\\\/wp-content\\\/uploads\\\/2025\\\/06\\\/Webdo-Tunisie_168377.jpg\",\"width\":301,\"height\":301,\"caption\":\"Webdo\"},\"image\":{\"@id\":\"https:\\\/\\\/www.webdo.tn\\\/fr\\\/#\\\/schema\\\/logo\\\/image\\\/\"},\"sameAs\":[\"https:\\\/\\\/www.facebook.com\\\/webdotn\",\"https:\\\/\\\/x.com\\\/webdo_tn\"],\"description\":\"Webdo est un m\u00e9dia num\u00e9rique tunisien fond\u00e9 en 2010, sp\u00e9cialis\u00e9 dans l\u2019actualit\u00e9 nationale et internationale, l\u2019\u00e9conomie, la soci\u00e9t\u00e9 et les analyses politiques. Le site s\u2019adresse \u00e0 un large public francophone et couvre l\u2019information tunisienne en temps r\u00e9el.\",\"email\":\"redac@webdo.tn\",\"legalName\":\"YNJ SARL\",\"foundingDate\":\"2010-09-06\",\"numberOfEmployees\":{\"@type\":\"QuantitativeValue\",\"minValue\":\"11\",\"maxValue\":\"50\"}},{\"@type\":\"Person\",\"@id\":\"https:\\\/\\\/www.webdo.tn\\\/fr\\\/#\\\/schema\\\/person\\\/c652cd8fc2b1b44412b5ffb48c5a911d\",\"name\":\"Mohamed Hedi Touati\",\"image\":{\"@type\":\"ImageObject\",\"inLanguage\":\"fr-FR\",\"@id\":\"https:\\\/\\\/secure.gravatar.com\\\/avatar\\\/9cfd402c745b7a685f13eed0ea6e59d2144a3c2fc50a3db6fd5ed451f6cddf1a?s=96&d=mm&r=g\",\"url\":\"https:\\\/\\\/secure.gravatar.com\\\/avatar\\\/9cfd402c745b7a685f13eed0ea6e59d2144a3c2fc50a3db6fd5ed451f6cddf1a?s=96&d=mm&r=g\",\"contentUrl\":\"https:\\\/\\\/secure.gravatar.com\\\/avatar\\\/9cfd402c745b7a685f13eed0ea6e59d2144a3c2fc50a3db6fd5ed451f6cddf1a?s=96&d=mm&r=g\",\"caption\":\"Mohamed Hedi Touati\"},\"url\":\"https:\\\/\\\/www.webdo.tn\\\/fr\\\/actualite\\\/author\\\/mohamed-hedi-touati\\\/\"}]}<\/script>\n<!-- \/ Yoast SEO Premium plugin. -->","yoast_head_json":{"title":"Tunisie\u00a0: La pluie d\u00e8s ce soir, baisse remarquable des temp\u00e9ratures - webdo","description":"Attendez-vous \u00e0 des pluies orageuses d\u00e8s ce soir en Tunisie, avec une baisse remarquable des temp\u00e9ratures sur tout le territoire.","canonical":"https:\/\/www.webdo.tn\/fr\/actualite\/national\/tunisie-la-pluie-des-ce-soir-baisse-remarquable-des-temperatures\/382569\/","og_locale":"fr_FR","og_type":"article","og_title":"Tunisie\u00a0: La pluie d\u00e8s ce soir, baisse remarquable des temp\u00e9ratures","og_description":"Attendez-vous \u00e0 des pluies orageuses d\u00e8s ce soir en Tunisie, avec une baisse remarquable des temp\u00e9ratures sur tout le territoire.","og_url":"https:\/\/www.webdo.tn\/fr\/actualite\/national\/tunisie-la-pluie-des-ce-soir-baisse-remarquable-des-temperatures\/382569\/","og_site_name":"webdo","article_publisher":"https:\/\/www.facebook.com\/webdotn","article_published_time":"2025-09-01T14:03:32+00:00","article_modified_time":"2025-09-02T07:31:34+00:00","og_image":[{"width":534,"height":300,"url":"https:\/\/www.webdo.tn\/fr\/wp-content\/uploads\/2025\/07\/pluie-e1756464390849.jpg","type":"image\/jpeg"}],"author":"Mohamed Hedi Touati","twitter_card":"summary_large_image","twitter_creator":"@webdo_tn","twitter_site":"@webdo_tn","twitter_misc":{"\u00c9crit par":"Mohamed Hedi Touati","Dur\u00e9e de lecture estim\u00e9e":"2 minutes"},"schema":{"@context":"https:\/\/schema.org","@graph":[{"@type":"NewsArticle","@id":"https:\/\/www.webdo.tn\/fr\/actualite\/national\/tunisie-la-pluie-des-ce-soir-baisse-remarquable-des-temperatures\/382569\/#article","isPartOf":{"@id":"https:\/\/www.webdo.tn\/fr\/actualite\/national\/tunisie-la-pluie-des-ce-soir-baisse-remarquable-des-temperatures\/382569\/"},"author":{"name":"Mohamed Hedi Touati","@id":"https:\/\/www.webdo.tn\/fr\/#\/schema\/person\/c652cd8fc2b1b44412b5ffb48c5a911d"},"headline":"Tunisie\u00a0: La pluie d\u00e8s ce soir, baisse remarquable des temp\u00e9ratures","datePublished":"2025-09-01T14:03:32+00:00","dateModified":"2025-09-02T07:31:34+00:00","mainEntityOfPage":{"@id":"https:\/\/www.webdo.tn\/fr\/actualite\/national\/tunisie-la-pluie-des-ce-soir-baisse-remarquable-des-temperatures\/382569\/"},"wordCount":195,"publisher":{"@id":"https:\/\/www.webdo.tn\/fr\/#organization"},"image":{"@id":"https:\/\/www.webdo.tn\/fr\/actualite\/national\/tunisie-la-pluie-des-ce-soir-baisse-remarquable-des-temperatures\/382569\/#primaryimage"},"thumbnailUrl":"https:\/\/www.webdo.tn\/fr\/wp-content\/uploads\/2025\/07\/pluie-e1756464390849.jpg","keywords":["m\u00e9t\u00e9o","Pluie","temp\u00e9ratures","Tunisie"],"articleSection":["National"],"inLanguage":"fr-FR"},{"@type":"WebPage","@id":"https:\/\/www.webdo.tn\/fr\/actualite\/national\/tunisie-la-pluie-des-ce-soir-baisse-remarquable-des-temperatures\/382569\/","url":"https:\/\/www.webdo.tn\/fr\/actualite\/national\/tunisie-la-pluie-des-ce-soir-baisse-remarquable-des-temperatures\/382569\/","name":"Tunisie\u00a0: La pluie d\u00e8s ce soir, baisse remarquable des temp\u00e9ratures - webdo","isPartOf":{"@id":"https:\/\/www.webdo.tn\/fr\/#website"},"primaryImageOfPage":{"@id":"https:\/\/www.webdo.tn\/fr\/actualite\/national\/tunisie-la-pluie-des-ce-soir-baisse-remarquable-des-temperatures\/382569\/#primaryimage"},"image":{"@id":"https:\/\/www.webdo.tn\/fr\/actualite\/national\/tunisie-la-pluie-des-ce-soir-baisse-remarquable-des-temperatures\/382569\/#primaryimage"},"thumbnailUrl":"https:\/\/www.webdo.tn\/fr\/wp-content\/uploads\/2025\/07\/pluie-e1756464390849.jpg","datePublished":"2025-09-01T14:03:32+00:00","dateModified":"2025-09-02T07:31:34+00:00","description":"Attendez-vous \u00e0 des pluies orageuses d\u00e8s ce soir en Tunisie, avec une baisse remarquable des temp\u00e9ratures sur tout le territoire.","breadcrumb":{"@id":"https:\/\/www.webdo.tn\/fr\/actualite\/national\/tunisie-la-pluie-des-ce-soir-baisse-remarquable-des-temperatures\/382569\/#breadcrumb"},"inLanguage":"fr-FR","potentialAction":[{"@type":"ReadAction","target":["https:\/\/www.webdo.tn\/fr\/actualite\/national\/tunisie-la-pluie-des-ce-soir-baisse-remarquable-des-temperatures\/382569\/"]}]},{"@type":"ImageObject","inLanguage":"fr-FR","@id":"https:\/\/www.webdo.tn\/fr\/actualite\/national\/tunisie-la-pluie-des-ce-soir-baisse-remarquable-des-temperatures\/382569\/#primaryimage","url":"https:\/\/www.webdo.tn\/fr\/wp-content\/uploads\/2025\/07\/pluie-e1756464390849.jpg","contentUrl":"https:\/\/www.webdo.tn\/fr\/wp-content\/uploads\/2025\/07\/pluie-e1756464390849.jpg","width":534,"height":300,"caption":"Tunisie\u00a0: La pluie d\u00e8s ce soir, baisse remarquable des temp\u00e9ratures"},{"@type":"BreadcrumbList","@id":"https:\/\/www.webdo.tn\/fr\/actualite\/national\/tunisie-la-pluie-des-ce-soir-baisse-remarquable-des-temperatures\/382569\/#breadcrumb","itemListElement":[{"@type":"ListItem","position":1,"name":"Accueil","item":"https:\/\/www.webdo.tn\/fr\/"},{"@type":"ListItem","position":2,"name":"Tunisie\u00a0: La pluie d\u00e8s ce soir, baisse remarquable des temp\u00e9ratures"}]},{"@type":"WebSite","@id":"https:\/\/www.webdo.tn\/fr\/#website","url":"https:\/\/www.webdo.tn\/fr\/","name":"webdo","description":"Tunisie - News en Tunisie et \u00e0 l&#039;international sur Webdo.tn","publisher":{"@id":"https:\/\/www.webdo.tn\/fr\/#organization"},"potentialAction":[{"@type":"SearchAction","target":{"@type":"EntryPoint","urlTemplate":"https:\/\/www.webdo.tn\/fr\/?s={search_term_string}"},"query-input":{"@type":"PropertyValueSpecification","valueRequired":true,"valueName":"search_term_string"}}],"inLanguage":"fr-FR"},{"@type":"Organization","@id":"https:\/\/www.webdo.tn\/fr\/#organization","name":"Webdo","alternateName":"Webdo.tn","url":"https:\/\/www.webdo.tn\/fr\/","logo":{"@type":"ImageObject","inLanguage":"fr-FR","@id":"https:\/\/www.webdo.tn\/fr\/#\/schema\/logo\/image\/","url":"https:\/\/www.webdo.tn\/fr\/wp-content\/uploads\/2025\/06\/Webdo-Tunisie_168377.jpg","contentUrl":"https:\/\/www.webdo.tn\/fr\/wp-content\/uploads\/2025\/06\/Webdo-Tunisie_168377.jpg","width":301,"height":301,"caption":"Webdo"},"image":{"@id":"https:\/\/www.webdo.tn\/fr\/#\/schema\/logo\/image\/"},"sameAs":["https:\/\/www.facebook.com\/webdotn","https:\/\/x.com\/webdo_tn"],"description":"Webdo est un m\u00e9dia num\u00e9rique tunisien fond\u00e9 en 2010, sp\u00e9cialis\u00e9 dans l\u2019actualit\u00e9 nationale et internationale, l\u2019\u00e9conomie, la soci\u00e9t\u00e9 et les analyses politiques. Le site s\u2019adresse \u00e0 un large public francophone et couvre l\u2019information tunisienne en temps r\u00e9el.","email":"redac@webdo.tn","legalName":"YNJ SARL","foundingDate":"2010-09-06","numberOfEmployees":{"@type":"QuantitativeValue","minValue":"11","maxValue":"50"}},{"@type":"Person","@id":"https:\/\/www.webdo.tn\/fr\/#\/schema\/person\/c652cd8fc2b1b44412b5ffb48c5a911d","name":"Mohamed Hedi Touati","image":{"@type":"ImageObject","inLanguage":"fr-FR","@id":"https:\/\/secure.gravatar.com\/avatar\/9cfd402c745b7a685f13eed0ea6e59d2144a3c2fc50a3db6fd5ed451f6cddf1a?s=96&d=mm&r=g","url":"https:\/\/secure.gravatar.com\/avatar\/9cfd402c745b7a685f13eed0ea6e59d2144a3c2fc50a3db6fd5ed451f6cddf1a?s=96&d=mm&r=g","contentUrl":"https:\/\/secure.gravatar.com\/avatar\/9cfd402c745b7a685f13eed0ea6e59d2144a3c2fc50a3db6fd5ed451f6cddf1a?s=96&d=mm&r=g","caption":"Mohamed Hedi Touati"},"url":"https:\/\/www.webdo.tn\/fr\/actualite\/author\/mohamed-hedi-touati\/"}]}},"_links":{"self":[{"href":"https:\/\/www.webdo.tn\/fr\/wp-json\/wp\/v2\/posts\/382569","targetHints":{"allow":["GET"]}}],"collection":[{"href":"https:\/\/www.webdo.tn\/fr\/wp-json\/wp\/v2\/posts"}],"about":[{"href":"https:\/\/www.webdo.tn\/fr\/wp-json\/wp\/v2\/types\/post"}],"author":[{"embeddable":true,"href":"https:\/\/www.webdo.tn\/fr\/wp-json\/wp\/v2\/users\/3191"}],"replies":[{"embeddable":true,"href":"https:\/\/www.webdo.tn\/fr\/wp-json\/wp\/v2\/comments?post=382569"}],"version-history":[{"count":0,"href":"https:\/\/www.webdo.tn\/fr\/wp-json\/wp\/v2\/posts\/382569\/revisions"}],"wp:featuredmedia":[{"embeddable":true,"href":"https:\/\/www.webdo.tn\/fr\/wp-json\/wp\/v2\/media\/379094"}],"wp:attachment":[{"href":"https:\/\/www.webdo.tn\/fr\/wp-json\/wp\/v2\/media?parent=382569"}],"wp:term":[{"taxonomy":"category","embeddable":true,"href":"https:\/\/www.webdo.tn\/fr\/wp-json\/wp\/v2\/categories?post=382569"},{"taxonomy":"post_tag","embeddable":true,"href":"https:\/\/www.webdo.tn\/fr\/wp-json\/wp\/v2\/tags?post=382569"}],"curies":[{"name":"wp","href":"https:\/\/api.w.org\/{rel}","templated":true}]}}