{"id":382544,"date":"2025-09-01T11:41:26","date_gmt":"2025-09-01T10:41:26","guid":{"rendered":"https:\/\/www.webdo.tn\/fr\/?p=382544"},"modified":"2025-09-01T15:05:37","modified_gmt":"2025-09-01T14:05:37","slug":"tunisie-youssef-mimouni-et-cinq-autres-accuses-restent-en-prison","status":"publish","type":"post","link":"https:\/\/www.webdo.tn\/fr\/actualite\/national\/tunisie-youssef-mimouni-et-cinq-autres-accuses-restent-en-prison\/382544\/","title":{"rendered":"Tunisie\u00a0: Youssef Mimouni et cinq autres accus\u00e9s restent en prison"},"content":{"rendered":"\n<p><strong>La justice a refus\u00e9, ce lundi 1er septembre 2025, la demande de lib\u00e9ration de l\u2019homme d\u2019affaires Youssef Mimouni et de cinq autres pr\u00e9venus. Poursuivis dans une affaire de corruption financi\u00e8re, ils resteront en d\u00e9tention jusqu\u2019\u00e0 leur prochaine comparution pr\u00e9vue le 25 septembre.<\/strong><\/p>\n\n\n\n<p>La sixi\u00e8me chambre correctionnelle bis du tribunal de premi\u00e8re instance de Tunis, sp\u00e9cialis\u00e9e dans les affaires de corruption financi\u00e8re, a a refus\u00e9, aujourd\u2019hui, la demande de lib\u00e9ration de l\u2019homme d\u2019affaires Youssef Mimouni, ainsi que de cinq autres pr\u00e9venus. Le tribunal a en outre d\u00e9cid\u00e9 de reporter l\u2019examen de l\u2019affaire au 25 septembre prochain, rapporte Mosaique fm.<\/p>\n\n\n\n<h4 class=\"wp-block-heading\" id=\"h-les-chefs-d-accusation\"><strong>Les chefs d\u2019accusation<\/strong><\/h4>\n\n\n\n<p>Le p\u00f4le judiciaire \u00e9conomique et financier avait \u00e9mis des mandats de d\u00e9p\u00f4t contre Youssef Mimouni et plusieurs coaccus\u00e9s, parmi lesquels un employ\u00e9 d\u2019une compagnie a\u00e9rienne priv\u00e9e et un agent des douanes.<\/p>\n\n\n\n<p>Ils sont poursuivis pour des faits li\u00e9s \u00e0 la constitution d\u2019avoirs \u00e0 l\u2019\u00e9tranger sans l\u2019autorisation de la Banque centrale, et de tentative de transfert illicite de capitaux vers l\u2019\u00e9tranger.<\/p>\n\n\n\n<p>Pour rappel, le parquet du p\u00f4le judiciaire \u00e9conomique et financier avait \u00e9mis des mandats de d\u00e9p\u00f4t \u00e0 l\u2019encontre de Youssef Mimouni, de sa femme, de leur fils et de trois autres personnes.<\/p>\n\n\n\n<h4 class=\"wp-block-heading\" id=\"h-antecedents-judiciaires\"><strong>Ant\u00e9c\u00e9dents judiciaires<\/strong><\/h4>\n\n\n\n<p>Dans une autre affaire, la chambre criminelle sp\u00e9cialis\u00e9e dans les affaires de corruption financi\u00e8re aupr\u00e8s du tribunal de premi\u00e8re instance de Tunis avait condamn\u00e9, le 5 mai dernier, Youssef Mimouni \u00e0 deux ans de prison ferme.<\/p>\n\n\n\n<p>Dans cette affaire, Mimouni et un autre pr\u00e9venu \u00e9taient accus\u00e9s d\u2019avoir abus\u00e9 de leurs fonctions pour obtenir des avantages indus au d\u00e9triment de l\u2019administration publique. Les faits concernaient des soup\u00e7ons de corruption financi\u00e8re et administrative li\u00e9s au domaine public maritime.<\/p>\n\n\n\n<p>Par ailleurs, Youssef Mimouni, un de ses proches, ainsi que des cadres d\u2019une banque publique, dont un ancien directeur g\u00e9n\u00e9ral, avaient \u00e9t\u00e9 vis\u00e9 en novembre 2024, par un mandat de d\u00e9p\u00f4t dans le cadre d\u2019une affaire de soup\u00e7ons d\u2019octroi de pr\u00eats bancaires en contournant les r\u00e9glementations en vigueur.<\/p>\n\n\n\n<p><\/p>\n\n\n\n<p><strong>Lire aussi :<\/strong><\/p>\n\n\n\n<ul class=\"wp-block-list\">\n<li><a href=\"https:\/\/www.webdo.tn\/fr\/actualite\/national\/tunisie-deux-ans-de-prison-pour-l-homme-d-affaires-youssef-mimouni\/221795\/\">Tunisie : Deux ans de prison pour l\u2019homme d\u2019affaires Youssef Mimouni<\/a><\/li>\n\n\n\n<li><a href=\"https:\/\/www.webdo.tn\/fr\/actualite\/national\/tunisie-l-homme-d-affaires-youssef-mimouni-et-une-banque-publique-vises-par-une-enquete\/217746\/\">Tunisie : L\u2019homme d\u2019affaires Youssef Mimouni et une banque publique vis\u00e9s par une enqu\u00eate<\/a><\/li>\n\n\n\n<li><a href=\"https:\/\/www.webdo.tn\/fr\/actualite\/national\/tunisie-mandat-de-depot-contre-l-homme-d-affaires-youssef-mimouni\/217342\/\">Tunisie : Mandat de d\u00e9p\u00f4t contre l\u2019homme d\u2019affaires Youssef Mimouni<\/a><\/li>\n<\/ul>\n","protected":false},"excerpt":{"rendered":"<p>La justice a refus\u00e9, ce lundi 1er septembre 2025, la demande de lib\u00e9ration de l\u2019homme d\u2019affaires Youssef Mimouni et de cinq autres pr\u00e9venus. Poursuivis dans une affaire de corruption financi\u00e8re, ils resteront en d\u00e9tention jusqu\u2019\u00e0 leur prochaine comparution pr\u00e9vue le 25 septembre. La sixi\u00e8me chambre correctionnelle bis du tribunal de premi\u00e8re instance de Tunis, sp\u00e9cialis\u00e9e [&hellip;]<\/p>\n","protected":false},"author":3191,"featured_media":291377,"comment_status":"closed","ping_status":"closed","sticky":false,"template":"","format":"standard","meta":{"footnotes":""},"categories":[44],"tags":[4090,2619,2608,2684],"class_list":["post-382544","post","type-post","status-publish","format-standard","has-post-thumbnail","hentry","category-national","tag-corruption-financiere","tag-justice","tag-tunisie","tag-youssef-mimouni"],"yoast_head":"<!-- This site is optimized with the Yoast SEO Premium plugin v27.4 (Yoast SEO v27.4) - https:\/\/yoast.com\/product\/yoast-seo-premium-wordpress\/ -->\n<title>Tunisie\u00a0: Youssef Mimouni et cinq autres accus\u00e9s restent en prison - webdo<\/title>\n<meta name=\"description\" content=\"La justice tunisienne a refus\u00e9 la lib\u00e9ration de Youssef Mimouni et d&#039;autres accus\u00e9s dans une affaire de corruption financi\u00e8re.\" \/>\n<link rel=\"canonical\" href=\"https:\/\/www.webdo.tn\/fr\/actualite\/national\/tunisie-youssef-mimouni-et-cinq-autres-accuses-restent-en-prison\/382544\/\" \/>\n<meta property=\"og:locale\" content=\"fr_FR\" \/>\n<meta property=\"og:type\" content=\"article\" \/>\n<meta property=\"og:title\" content=\"Tunisie\u00a0: Youssef Mimouni et cinq autres accus\u00e9s restent en prison\" \/>\n<meta property=\"og:description\" content=\"La justice tunisienne a refus\u00e9 la lib\u00e9ration de Youssef Mimouni et d&#039;autres accus\u00e9s dans une affaire de corruption financi\u00e8re.\" \/>\n<meta property=\"og:url\" content=\"https:\/\/www.webdo.tn\/fr\/actualite\/national\/tunisie-youssef-mimouni-et-cinq-autres-accuses-restent-en-prison\/382544\/\" \/>\n<meta property=\"og:site_name\" content=\"webdo\" \/>\n<meta property=\"article:publisher\" content=\"https:\/\/www.facebook.com\/webdotn\" \/>\n<meta property=\"article:published_time\" content=\"2025-09-01T10:41:26+00:00\" \/>\n<meta property=\"article:modified_time\" content=\"2025-09-01T14:05:37+00:00\" \/>\n<meta property=\"og:image\" content=\"https:\/\/www.webdo.tn\/fr\/wp-content\/uploads\/2024\/11\/39a7b1663361f9e4d31aad4cf66f6f52-e1756723233563.webp\" \/>\n\t<meta property=\"og:image:width\" content=\"563\" \/>\n\t<meta property=\"og:image:height\" content=\"300\" \/>\n\t<meta property=\"og:image:type\" content=\"image\/webp\" \/>\n<meta name=\"author\" content=\"Mohamed Hedi Touati\" \/>\n<meta name=\"twitter:card\" content=\"summary_large_image\" \/>\n<meta name=\"twitter:creator\" content=\"@webdo_tn\" \/>\n<meta name=\"twitter:site\" content=\"@webdo_tn\" \/>\n<meta name=\"twitter:label1\" content=\"\u00c9crit par\" \/>\n\t<meta name=\"twitter:data1\" content=\"Mohamed Hedi Touati\" \/>\n\t<meta name=\"twitter:label2\" content=\"Dur\u00e9e de lecture estim\u00e9e\" \/>\n\t<meta name=\"twitter:data2\" content=\"3 minutes\" \/>\n<script type=\"application\/ld+json\" class=\"yoast-schema-graph\">{\"@context\":\"https:\\\/\\\/schema.org\",\"@graph\":[{\"@type\":\"NewsArticle\",\"@id\":\"https:\\\/\\\/www.webdo.tn\\\/fr\\\/actualite\\\/national\\\/tunisie-youssef-mimouni-et-cinq-autres-accuses-restent-en-prison\\\/382544\\\/#article\",\"isPartOf\":{\"@id\":\"https:\\\/\\\/www.webdo.tn\\\/fr\\\/actualite\\\/national\\\/tunisie-youssef-mimouni-et-cinq-autres-accuses-restent-en-prison\\\/382544\\\/\"},\"author\":{\"name\":\"Mohamed Hedi Touati\",\"@id\":\"https:\\\/\\\/www.webdo.tn\\\/fr\\\/#\\\/schema\\\/person\\\/c652cd8fc2b1b44412b5ffb48c5a911d\"},\"headline\":\"Tunisie\u00a0: Youssef Mimouni et cinq autres accus\u00e9s restent en prison\",\"datePublished\":\"2025-09-01T10:41:26+00:00\",\"dateModified\":\"2025-09-01T14:05:37+00:00\",\"mainEntityOfPage\":{\"@id\":\"https:\\\/\\\/www.webdo.tn\\\/fr\\\/actualite\\\/national\\\/tunisie-youssef-mimouni-et-cinq-autres-accuses-restent-en-prison\\\/382544\\\/\"},\"wordCount\":427,\"publisher\":{\"@id\":\"https:\\\/\\\/www.webdo.tn\\\/fr\\\/#organization\"},\"image\":{\"@id\":\"https:\\\/\\\/www.webdo.tn\\\/fr\\\/actualite\\\/national\\\/tunisie-youssef-mimouni-et-cinq-autres-accuses-restent-en-prison\\\/382544\\\/#primaryimage\"},\"thumbnailUrl\":\"https:\\\/\\\/www.webdo.tn\\\/fr\\\/wp-content\\\/uploads\\\/2024\\\/11\\\/39a7b1663361f9e4d31aad4cf66f6f52-e1756723233563.webp\",\"keywords\":[\"corruption financi\u00e8re\",\"justice\",\"Tunisie\",\"youssef mimouni\"],\"articleSection\":[\"National\"],\"inLanguage\":\"fr-FR\"},{\"@type\":\"WebPage\",\"@id\":\"https:\\\/\\\/www.webdo.tn\\\/fr\\\/actualite\\\/national\\\/tunisie-youssef-mimouni-et-cinq-autres-accuses-restent-en-prison\\\/382544\\\/\",\"url\":\"https:\\\/\\\/www.webdo.tn\\\/fr\\\/actualite\\\/national\\\/tunisie-youssef-mimouni-et-cinq-autres-accuses-restent-en-prison\\\/382544\\\/\",\"name\":\"Tunisie\u00a0: Youssef Mimouni et cinq autres accus\u00e9s restent en prison - webdo\",\"isPartOf\":{\"@id\":\"https:\\\/\\\/www.webdo.tn\\\/fr\\\/#website\"},\"primaryImageOfPage\":{\"@id\":\"https:\\\/\\\/www.webdo.tn\\\/fr\\\/actualite\\\/national\\\/tunisie-youssef-mimouni-et-cinq-autres-accuses-restent-en-prison\\\/382544\\\/#primaryimage\"},\"image\":{\"@id\":\"https:\\\/\\\/www.webdo.tn\\\/fr\\\/actualite\\\/national\\\/tunisie-youssef-mimouni-et-cinq-autres-accuses-restent-en-prison\\\/382544\\\/#primaryimage\"},\"thumbnailUrl\":\"https:\\\/\\\/www.webdo.tn\\\/fr\\\/wp-content\\\/uploads\\\/2024\\\/11\\\/39a7b1663361f9e4d31aad4cf66f6f52-e1756723233563.webp\",\"datePublished\":\"2025-09-01T10:41:26+00:00\",\"dateModified\":\"2025-09-01T14:05:37+00:00\",\"description\":\"La justice tunisienne a refus\u00e9 la lib\u00e9ration de Youssef Mimouni et d'autres accus\u00e9s dans une affaire de corruption financi\u00e8re.\",\"breadcrumb\":{\"@id\":\"https:\\\/\\\/www.webdo.tn\\\/fr\\\/actualite\\\/national\\\/tunisie-youssef-mimouni-et-cinq-autres-accuses-restent-en-prison\\\/382544\\\/#breadcrumb\"},\"inLanguage\":\"fr-FR\",\"potentialAction\":[{\"@type\":\"ReadAction\",\"target\":[\"https:\\\/\\\/www.webdo.tn\\\/fr\\\/actualite\\\/national\\\/tunisie-youssef-mimouni-et-cinq-autres-accuses-restent-en-prison\\\/382544\\\/\"]}]},{\"@type\":\"ImageObject\",\"inLanguage\":\"fr-FR\",\"@id\":\"https:\\\/\\\/www.webdo.tn\\\/fr\\\/actualite\\\/national\\\/tunisie-youssef-mimouni-et-cinq-autres-accuses-restent-en-prison\\\/382544\\\/#primaryimage\",\"url\":\"https:\\\/\\\/www.webdo.tn\\\/fr\\\/wp-content\\\/uploads\\\/2024\\\/11\\\/39a7b1663361f9e4d31aad4cf66f6f52-e1756723233563.webp\",\"contentUrl\":\"https:\\\/\\\/www.webdo.tn\\\/fr\\\/wp-content\\\/uploads\\\/2024\\\/11\\\/39a7b1663361f9e4d31aad4cf66f6f52-e1756723233563.webp\",\"width\":563,\"height\":300,\"caption\":\"Tunisie\u00a0: Youssef Mimouni et cinq autres accus\u00e9s restent en prison\"},{\"@type\":\"BreadcrumbList\",\"@id\":\"https:\\\/\\\/www.webdo.tn\\\/fr\\\/actualite\\\/national\\\/tunisie-youssef-mimouni-et-cinq-autres-accuses-restent-en-prison\\\/382544\\\/#breadcrumb\",\"itemListElement\":[{\"@type\":\"ListItem\",\"position\":1,\"name\":\"Accueil\",\"item\":\"https:\\\/\\\/www.webdo.tn\\\/fr\\\/\"},{\"@type\":\"ListItem\",\"position\":2,\"name\":\"Tunisie\u00a0: Youssef Mimouni et cinq autres accus\u00e9s restent en prison\"}]},{\"@type\":\"WebSite\",\"@id\":\"https:\\\/\\\/www.webdo.tn\\\/fr\\\/#website\",\"url\":\"https:\\\/\\\/www.webdo.tn\\\/fr\\\/\",\"name\":\"webdo\",\"description\":\"Tunisie - News en Tunisie et \u00e0 l&#039;international sur Webdo.tn\",\"publisher\":{\"@id\":\"https:\\\/\\\/www.webdo.tn\\\/fr\\\/#organization\"},\"potentialAction\":[{\"@type\":\"SearchAction\",\"target\":{\"@type\":\"EntryPoint\",\"urlTemplate\":\"https:\\\/\\\/www.webdo.tn\\\/fr\\\/?s={search_term_string}\"},\"query-input\":{\"@type\":\"PropertyValueSpecification\",\"valueRequired\":true,\"valueName\":\"search_term_string\"}}],\"inLanguage\":\"fr-FR\"},{\"@type\":\"Organization\",\"@id\":\"https:\\\/\\\/www.webdo.tn\\\/fr\\\/#organization\",\"name\":\"Webdo\",\"alternateName\":\"Webdo.tn\",\"url\":\"https:\\\/\\\/www.webdo.tn\\\/fr\\\/\",\"logo\":{\"@type\":\"ImageObject\",\"inLanguage\":\"fr-FR\",\"@id\":\"https:\\\/\\\/www.webdo.tn\\\/fr\\\/#\\\/schema\\\/logo\\\/image\\\/\",\"url\":\"https:\\\/\\\/www.webdo.tn\\\/fr\\\/wp-content\\\/uploads\\\/2025\\\/06\\\/Webdo-Tunisie_168377.jpg\",\"contentUrl\":\"https:\\\/\\\/www.webdo.tn\\\/fr\\\/wp-content\\\/uploads\\\/2025\\\/06\\\/Webdo-Tunisie_168377.jpg\",\"width\":301,\"height\":301,\"caption\":\"Webdo\"},\"image\":{\"@id\":\"https:\\\/\\\/www.webdo.tn\\\/fr\\\/#\\\/schema\\\/logo\\\/image\\\/\"},\"sameAs\":[\"https:\\\/\\\/www.facebook.com\\\/webdotn\",\"https:\\\/\\\/x.com\\\/webdo_tn\"],\"description\":\"Webdo est un m\u00e9dia num\u00e9rique tunisien fond\u00e9 en 2010, sp\u00e9cialis\u00e9 dans l\u2019actualit\u00e9 nationale et internationale, l\u2019\u00e9conomie, la soci\u00e9t\u00e9 et les analyses politiques. Le site s\u2019adresse \u00e0 un large public francophone et couvre l\u2019information tunisienne en temps r\u00e9el.\",\"email\":\"redac@webdo.tn\",\"legalName\":\"YNJ SARL\",\"foundingDate\":\"2010-09-06\",\"numberOfEmployees\":{\"@type\":\"QuantitativeValue\",\"minValue\":\"11\",\"maxValue\":\"50\"}},{\"@type\":\"Person\",\"@id\":\"https:\\\/\\\/www.webdo.tn\\\/fr\\\/#\\\/schema\\\/person\\\/c652cd8fc2b1b44412b5ffb48c5a911d\",\"name\":\"Mohamed Hedi Touati\",\"image\":{\"@type\":\"ImageObject\",\"inLanguage\":\"fr-FR\",\"@id\":\"https:\\\/\\\/secure.gravatar.com\\\/avatar\\\/9cfd402c745b7a685f13eed0ea6e59d2144a3c2fc50a3db6fd5ed451f6cddf1a?s=96&d=mm&r=g\",\"url\":\"https:\\\/\\\/secure.gravatar.com\\\/avatar\\\/9cfd402c745b7a685f13eed0ea6e59d2144a3c2fc50a3db6fd5ed451f6cddf1a?s=96&d=mm&r=g\",\"contentUrl\":\"https:\\\/\\\/secure.gravatar.com\\\/avatar\\\/9cfd402c745b7a685f13eed0ea6e59d2144a3c2fc50a3db6fd5ed451f6cddf1a?s=96&d=mm&r=g\",\"caption\":\"Mohamed Hedi Touati\"},\"url\":\"https:\\\/\\\/www.webdo.tn\\\/fr\\\/actualite\\\/author\\\/mohamed-hedi-touati\\\/\"}]}<\/script>\n<!-- \/ Yoast SEO Premium plugin. -->","yoast_head_json":{"title":"Tunisie\u00a0: Youssef Mimouni et cinq autres accus\u00e9s restent en prison - webdo","description":"La justice tunisienne a refus\u00e9 la lib\u00e9ration de Youssef Mimouni et d'autres accus\u00e9s dans une affaire de corruption financi\u00e8re.","canonical":"https:\/\/www.webdo.tn\/fr\/actualite\/national\/tunisie-youssef-mimouni-et-cinq-autres-accuses-restent-en-prison\/382544\/","og_locale":"fr_FR","og_type":"article","og_title":"Tunisie\u00a0: Youssef Mimouni et cinq autres accus\u00e9s restent en prison","og_description":"La justice tunisienne a refus\u00e9 la lib\u00e9ration de Youssef Mimouni et d'autres accus\u00e9s dans une affaire de corruption financi\u00e8re.","og_url":"https:\/\/www.webdo.tn\/fr\/actualite\/national\/tunisie-youssef-mimouni-et-cinq-autres-accuses-restent-en-prison\/382544\/","og_site_name":"webdo","article_publisher":"https:\/\/www.facebook.com\/webdotn","article_published_time":"2025-09-01T10:41:26+00:00","article_modified_time":"2025-09-01T14:05:37+00:00","og_image":[{"width":563,"height":300,"url":"https:\/\/www.webdo.tn\/fr\/wp-content\/uploads\/2024\/11\/39a7b1663361f9e4d31aad4cf66f6f52-e1756723233563.webp","type":"image\/webp"}],"author":"Mohamed Hedi Touati","twitter_card":"summary_large_image","twitter_creator":"@webdo_tn","twitter_site":"@webdo_tn","twitter_misc":{"\u00c9crit par":"Mohamed Hedi Touati","Dur\u00e9e de lecture estim\u00e9e":"3 minutes"},"schema":{"@context":"https:\/\/schema.org","@graph":[{"@type":"NewsArticle","@id":"https:\/\/www.webdo.tn\/fr\/actualite\/national\/tunisie-youssef-mimouni-et-cinq-autres-accuses-restent-en-prison\/382544\/#article","isPartOf":{"@id":"https:\/\/www.webdo.tn\/fr\/actualite\/national\/tunisie-youssef-mimouni-et-cinq-autres-accuses-restent-en-prison\/382544\/"},"author":{"name":"Mohamed Hedi Touati","@id":"https:\/\/www.webdo.tn\/fr\/#\/schema\/person\/c652cd8fc2b1b44412b5ffb48c5a911d"},"headline":"Tunisie\u00a0: Youssef Mimouni et cinq autres accus\u00e9s restent en prison","datePublished":"2025-09-01T10:41:26+00:00","dateModified":"2025-09-01T14:05:37+00:00","mainEntityOfPage":{"@id":"https:\/\/www.webdo.tn\/fr\/actualite\/national\/tunisie-youssef-mimouni-et-cinq-autres-accuses-restent-en-prison\/382544\/"},"wordCount":427,"publisher":{"@id":"https:\/\/www.webdo.tn\/fr\/#organization"},"image":{"@id":"https:\/\/www.webdo.tn\/fr\/actualite\/national\/tunisie-youssef-mimouni-et-cinq-autres-accuses-restent-en-prison\/382544\/#primaryimage"},"thumbnailUrl":"https:\/\/www.webdo.tn\/fr\/wp-content\/uploads\/2024\/11\/39a7b1663361f9e4d31aad4cf66f6f52-e1756723233563.webp","keywords":["corruption financi\u00e8re","justice","Tunisie","youssef mimouni"],"articleSection":["National"],"inLanguage":"fr-FR"},{"@type":"WebPage","@id":"https:\/\/www.webdo.tn\/fr\/actualite\/national\/tunisie-youssef-mimouni-et-cinq-autres-accuses-restent-en-prison\/382544\/","url":"https:\/\/www.webdo.tn\/fr\/actualite\/national\/tunisie-youssef-mimouni-et-cinq-autres-accuses-restent-en-prison\/382544\/","name":"Tunisie\u00a0: Youssef Mimouni et cinq autres accus\u00e9s restent en prison - webdo","isPartOf":{"@id":"https:\/\/www.webdo.tn\/fr\/#website"},"primaryImageOfPage":{"@id":"https:\/\/www.webdo.tn\/fr\/actualite\/national\/tunisie-youssef-mimouni-et-cinq-autres-accuses-restent-en-prison\/382544\/#primaryimage"},"image":{"@id":"https:\/\/www.webdo.tn\/fr\/actualite\/national\/tunisie-youssef-mimouni-et-cinq-autres-accuses-restent-en-prison\/382544\/#primaryimage"},"thumbnailUrl":"https:\/\/www.webdo.tn\/fr\/wp-content\/uploads\/2024\/11\/39a7b1663361f9e4d31aad4cf66f6f52-e1756723233563.webp","datePublished":"2025-09-01T10:41:26+00:00","dateModified":"2025-09-01T14:05:37+00:00","description":"La justice tunisienne a refus\u00e9 la lib\u00e9ration de Youssef Mimouni et d'autres accus\u00e9s dans une affaire de corruption financi\u00e8re.","breadcrumb":{"@id":"https:\/\/www.webdo.tn\/fr\/actualite\/national\/tunisie-youssef-mimouni-et-cinq-autres-accuses-restent-en-prison\/382544\/#breadcrumb"},"inLanguage":"fr-FR","potentialAction":[{"@type":"ReadAction","target":["https:\/\/www.webdo.tn\/fr\/actualite\/national\/tunisie-youssef-mimouni-et-cinq-autres-accuses-restent-en-prison\/382544\/"]}]},{"@type":"ImageObject","inLanguage":"fr-FR","@id":"https:\/\/www.webdo.tn\/fr\/actualite\/national\/tunisie-youssef-mimouni-et-cinq-autres-accuses-restent-en-prison\/382544\/#primaryimage","url":"https:\/\/www.webdo.tn\/fr\/wp-content\/uploads\/2024\/11\/39a7b1663361f9e4d31aad4cf66f6f52-e1756723233563.webp","contentUrl":"https:\/\/www.webdo.tn\/fr\/wp-content\/uploads\/2024\/11\/39a7b1663361f9e4d31aad4cf66f6f52-e1756723233563.webp","width":563,"height":300,"caption":"Tunisie\u00a0: Youssef Mimouni et cinq autres accus\u00e9s restent en prison"},{"@type":"BreadcrumbList","@id":"https:\/\/www.webdo.tn\/fr\/actualite\/national\/tunisie-youssef-mimouni-et-cinq-autres-accuses-restent-en-prison\/382544\/#breadcrumb","itemListElement":[{"@type":"ListItem","position":1,"name":"Accueil","item":"https:\/\/www.webdo.tn\/fr\/"},{"@type":"ListItem","position":2,"name":"Tunisie\u00a0: Youssef Mimouni et cinq autres accus\u00e9s restent en prison"}]},{"@type":"WebSite","@id":"https:\/\/www.webdo.tn\/fr\/#website","url":"https:\/\/www.webdo.tn\/fr\/","name":"webdo","description":"Tunisie - News en Tunisie et \u00e0 l&#039;international sur Webdo.tn","publisher":{"@id":"https:\/\/www.webdo.tn\/fr\/#organization"},"potentialAction":[{"@type":"SearchAction","target":{"@type":"EntryPoint","urlTemplate":"https:\/\/www.webdo.tn\/fr\/?s={search_term_string}"},"query-input":{"@type":"PropertyValueSpecification","valueRequired":true,"valueName":"search_term_string"}}],"inLanguage":"fr-FR"},{"@type":"Organization","@id":"https:\/\/www.webdo.tn\/fr\/#organization","name":"Webdo","alternateName":"Webdo.tn","url":"https:\/\/www.webdo.tn\/fr\/","logo":{"@type":"ImageObject","inLanguage":"fr-FR","@id":"https:\/\/www.webdo.tn\/fr\/#\/schema\/logo\/image\/","url":"https:\/\/www.webdo.tn\/fr\/wp-content\/uploads\/2025\/06\/Webdo-Tunisie_168377.jpg","contentUrl":"https:\/\/www.webdo.tn\/fr\/wp-content\/uploads\/2025\/06\/Webdo-Tunisie_168377.jpg","width":301,"height":301,"caption":"Webdo"},"image":{"@id":"https:\/\/www.webdo.tn\/fr\/#\/schema\/logo\/image\/"},"sameAs":["https:\/\/www.facebook.com\/webdotn","https:\/\/x.com\/webdo_tn"],"description":"Webdo est un m\u00e9dia num\u00e9rique tunisien fond\u00e9 en 2010, sp\u00e9cialis\u00e9 dans l\u2019actualit\u00e9 nationale et internationale, l\u2019\u00e9conomie, la soci\u00e9t\u00e9 et les analyses politiques. Le site s\u2019adresse \u00e0 un large public francophone et couvre l\u2019information tunisienne en temps r\u00e9el.","email":"redac@webdo.tn","legalName":"YNJ SARL","foundingDate":"2010-09-06","numberOfEmployees":{"@type":"QuantitativeValue","minValue":"11","maxValue":"50"}},{"@type":"Person","@id":"https:\/\/www.webdo.tn\/fr\/#\/schema\/person\/c652cd8fc2b1b44412b5ffb48c5a911d","name":"Mohamed Hedi Touati","image":{"@type":"ImageObject","inLanguage":"fr-FR","@id":"https:\/\/secure.gravatar.com\/avatar\/9cfd402c745b7a685f13eed0ea6e59d2144a3c2fc50a3db6fd5ed451f6cddf1a?s=96&d=mm&r=g","url":"https:\/\/secure.gravatar.com\/avatar\/9cfd402c745b7a685f13eed0ea6e59d2144a3c2fc50a3db6fd5ed451f6cddf1a?s=96&d=mm&r=g","contentUrl":"https:\/\/secure.gravatar.com\/avatar\/9cfd402c745b7a685f13eed0ea6e59d2144a3c2fc50a3db6fd5ed451f6cddf1a?s=96&d=mm&r=g","caption":"Mohamed Hedi Touati"},"url":"https:\/\/www.webdo.tn\/fr\/actualite\/author\/mohamed-hedi-touati\/"}]}},"_links":{"self":[{"href":"https:\/\/www.webdo.tn\/fr\/wp-json\/wp\/v2\/posts\/382544","targetHints":{"allow":["GET"]}}],"collection":[{"href":"https:\/\/www.webdo.tn\/fr\/wp-json\/wp\/v2\/posts"}],"about":[{"href":"https:\/\/www.webdo.tn\/fr\/wp-json\/wp\/v2\/types\/post"}],"author":[{"embeddable":true,"href":"https:\/\/www.webdo.tn\/fr\/wp-json\/wp\/v2\/users\/3191"}],"replies":[{"embeddable":true,"href":"https:\/\/www.webdo.tn\/fr\/wp-json\/wp\/v2\/comments?post=382544"}],"version-history":[{"count":0,"href":"https:\/\/www.webdo.tn\/fr\/wp-json\/wp\/v2\/posts\/382544\/revisions"}],"wp:featuredmedia":[{"embeddable":true,"href":"https:\/\/www.webdo.tn\/fr\/wp-json\/wp\/v2\/media\/291377"}],"wp:attachment":[{"href":"https:\/\/www.webdo.tn\/fr\/wp-json\/wp\/v2\/media?parent=382544"}],"wp:term":[{"taxonomy":"category","embeddable":true,"href":"https:\/\/www.webdo.tn\/fr\/wp-json\/wp\/v2\/categories?post=382544"},{"taxonomy":"post_tag","embeddable":true,"href":"https:\/\/www.webdo.tn\/fr\/wp-json\/wp\/v2\/tags?post=382544"}],"curies":[{"name":"wp","href":"https:\/\/api.w.org\/{rel}","templated":true}]}}