{"id":382534,"date":"2025-09-01T09:57:11","date_gmt":"2025-09-01T08:57:11","guid":{"rendered":"https:\/\/www.webdo.tn\/fr\/?p=382534"},"modified":"2025-09-01T09:57:12","modified_gmt":"2025-09-01T08:57:12","slug":"veillee-de-la-hamzia-quand-sidi-bou-said-celebre-le-mouled","status":"publish","type":"post","link":"https:\/\/www.webdo.tn\/fr\/actualite\/national\/veillee-de-la-hamzia-quand-sidi-bou-said-celebre-le-mouled\/382534\/","title":{"rendered":"Veill\u00e9e de la Hamzia : Quand Sidi Bou Said c\u00e9l\u00e8bre le Mouled"},"content":{"rendered":"\n<p>Comme le veut une tradition ancienne, interrompue pour un temps et d\u00e9sormais de retour la zaouia de Sidi Bou Said accueille une lecture de la Hamzia \u00e0 la veille du Mouled.<\/p>\n\n\n\n<p>Cette c\u00e9l\u00e9bration aura lieu le 3 septembre apr\u00e8s la pri\u00e8re du soir et consistera entre autres en une lecture de la Hamzia de l&rsquo;imam Al Boussari.<\/p>\n\n\n\n<p>Ce texte de 400 vers \u00e0 la gloire du Proph\u00e8te sera psalmodi\u00e9 selon la coutume et comme chaque ann\u00e9e, la mosqu\u00e9e de la zaouia de Sidi Bou Said devrait s&rsquo;av\u00e9rer trop petite devant l&rsquo;afflux des fid\u00e8les.<\/p>\n","protected":false},"excerpt":{"rendered":"<p>Comme le veut une tradition ancienne, interrompue pour un temps et d\u00e9sormais de retour la zaouia de Sidi Bou Said accueille une lecture de la Hamzia \u00e0 la veille du Mouled. Cette c\u00e9l\u00e9bration aura lieu le 3 septembre apr\u00e8s la pri\u00e8re du soir et consistera entre autres en une lecture de la Hamzia de l&rsquo;imam [&hellip;]<\/p>\n","protected":false},"author":3229,"featured_media":382535,"comment_status":"closed","ping_status":"closed","sticky":false,"template":"","format":"standard","meta":{"footnotes":""},"categories":[44],"tags":[12528,5800,2640,2608],"class_list":["post-382534","post","type-post","status-publish","format-standard","has-post-thumbnail","hentry","category-national","tag-mosquee-de-la-zaouia-de-sidi-bou-said","tag-mouled","tag-tunis","tag-tunisie"],"yoast_head":"<!-- This site is optimized with the Yoast SEO Premium plugin v27.4 (Yoast SEO v27.4) - https:\/\/yoast.com\/product\/yoast-seo-premium-wordpress\/ -->\n<title>Veill\u00e9e de la Hamzia : Quand Sidi Bou Said c\u00e9l\u00e8bre le Mouled - webdo<\/title>\n<meta name=\"description\" content=\"Venez appr\u00e9cier la beaut\u00e9 de la Veill\u00e9e de la Hamzia \u00e0 Sidi Bou Said, une f\u00eate qui attire de nombreux fid\u00e8les chaque ann\u00e9e.\" \/>\n<link rel=\"canonical\" href=\"https:\/\/www.webdo.tn\/fr\/actualite\/national\/veillee-de-la-hamzia-quand-sidi-bou-said-celebre-le-mouled\/382534\/\" \/>\n<meta property=\"og:locale\" content=\"fr_FR\" \/>\n<meta property=\"og:type\" content=\"article\" \/>\n<meta property=\"og:title\" content=\"Veill\u00e9e de la Hamzia : Quand Sidi Bou Said c\u00e9l\u00e8bre le Mouled\" \/>\n<meta property=\"og:description\" content=\"Venez appr\u00e9cier la beaut\u00e9 de la Veill\u00e9e de la Hamzia \u00e0 Sidi Bou Said, une f\u00eate qui attire de nombreux fid\u00e8les chaque ann\u00e9e.\" \/>\n<meta property=\"og:url\" content=\"https:\/\/www.webdo.tn\/fr\/actualite\/national\/veillee-de-la-hamzia-quand-sidi-bou-said-celebre-le-mouled\/382534\/\" \/>\n<meta property=\"og:site_name\" content=\"webdo\" \/>\n<meta property=\"article:publisher\" content=\"https:\/\/www.facebook.com\/webdotn\" \/>\n<meta property=\"article:author\" content=\"https:\/\/www.facebook.com\/hatem.bourial.2025\" \/>\n<meta property=\"article:published_time\" content=\"2025-09-01T08:57:11+00:00\" \/>\n<meta property=\"article:modified_time\" content=\"2025-09-01T08:57:12+00:00\" \/>\n<meta property=\"og:image\" content=\"https:\/\/www.webdo.tn\/fr\/wp-content\/uploads\/2025\/09\/26940896584_08cc464d31_b-e1756716917581.jpg\" \/>\n\t<meta property=\"og:image:width\" content=\"400\" \/>\n\t<meta property=\"og:image:height\" content=\"300\" \/>\n\t<meta property=\"og:image:type\" content=\"image\/jpeg\" \/>\n<meta name=\"author\" content=\"Hatem Bourial\" \/>\n<meta name=\"twitter:card\" content=\"summary_large_image\" \/>\n<meta name=\"twitter:creator\" content=\"@webdo_tn\" \/>\n<meta name=\"twitter:site\" content=\"@webdo_tn\" \/>\n<meta name=\"twitter:label1\" content=\"\u00c9crit par\" \/>\n\t<meta name=\"twitter:data1\" content=\"Hatem Bourial\" \/>\n\t<meta name=\"twitter:label2\" content=\"Dur\u00e9e de lecture estim\u00e9e\" \/>\n\t<meta name=\"twitter:data2\" content=\"1 minute\" \/>\n<script type=\"application\/ld+json\" class=\"yoast-schema-graph\">{\"@context\":\"https:\\\/\\\/schema.org\",\"@graph\":[{\"@type\":\"NewsArticle\",\"@id\":\"https:\\\/\\\/www.webdo.tn\\\/fr\\\/actualite\\\/national\\\/veillee-de-la-hamzia-quand-sidi-bou-said-celebre-le-mouled\\\/382534\\\/#article\",\"isPartOf\":{\"@id\":\"https:\\\/\\\/www.webdo.tn\\\/fr\\\/actualite\\\/national\\\/veillee-de-la-hamzia-quand-sidi-bou-said-celebre-le-mouled\\\/382534\\\/\"},\"author\":{\"name\":\"Hatem Bourial\",\"@id\":\"https:\\\/\\\/www.webdo.tn\\\/fr\\\/#\\\/schema\\\/person\\\/6bc0beba2cd23aec27cb5df85ca2554f\"},\"headline\":\"Veill\u00e9e de la Hamzia : Quand Sidi Bou Said c\u00e9l\u00e8bre le Mouled\",\"datePublished\":\"2025-09-01T08:57:11+00:00\",\"dateModified\":\"2025-09-01T08:57:12+00:00\",\"mainEntityOfPage\":{\"@id\":\"https:\\\/\\\/www.webdo.tn\\\/fr\\\/actualite\\\/national\\\/veillee-de-la-hamzia-quand-sidi-bou-said-celebre-le-mouled\\\/382534\\\/\"},\"wordCount\":116,\"publisher\":{\"@id\":\"https:\\\/\\\/www.webdo.tn\\\/fr\\\/#organization\"},\"image\":{\"@id\":\"https:\\\/\\\/www.webdo.tn\\\/fr\\\/actualite\\\/national\\\/veillee-de-la-hamzia-quand-sidi-bou-said-celebre-le-mouled\\\/382534\\\/#primaryimage\"},\"thumbnailUrl\":\"https:\\\/\\\/www.webdo.tn\\\/fr\\\/wp-content\\\/uploads\\\/2025\\\/09\\\/26940896584_08cc464d31_b-e1756716917581.jpg\",\"keywords\":[\"mosqu\u00e9e de la zaouia de Sidi Bou Said\",\"mouled\",\"Tunis\",\"Tunisie\"],\"articleSection\":[\"National\"],\"inLanguage\":\"fr-FR\"},{\"@type\":\"WebPage\",\"@id\":\"https:\\\/\\\/www.webdo.tn\\\/fr\\\/actualite\\\/national\\\/veillee-de-la-hamzia-quand-sidi-bou-said-celebre-le-mouled\\\/382534\\\/\",\"url\":\"https:\\\/\\\/www.webdo.tn\\\/fr\\\/actualite\\\/national\\\/veillee-de-la-hamzia-quand-sidi-bou-said-celebre-le-mouled\\\/382534\\\/\",\"name\":\"Veill\u00e9e de la Hamzia : Quand Sidi Bou Said c\u00e9l\u00e8bre le Mouled - webdo\",\"isPartOf\":{\"@id\":\"https:\\\/\\\/www.webdo.tn\\\/fr\\\/#website\"},\"primaryImageOfPage\":{\"@id\":\"https:\\\/\\\/www.webdo.tn\\\/fr\\\/actualite\\\/national\\\/veillee-de-la-hamzia-quand-sidi-bou-said-celebre-le-mouled\\\/382534\\\/#primaryimage\"},\"image\":{\"@id\":\"https:\\\/\\\/www.webdo.tn\\\/fr\\\/actualite\\\/national\\\/veillee-de-la-hamzia-quand-sidi-bou-said-celebre-le-mouled\\\/382534\\\/#primaryimage\"},\"thumbnailUrl\":\"https:\\\/\\\/www.webdo.tn\\\/fr\\\/wp-content\\\/uploads\\\/2025\\\/09\\\/26940896584_08cc464d31_b-e1756716917581.jpg\",\"datePublished\":\"2025-09-01T08:57:11+00:00\",\"dateModified\":\"2025-09-01T08:57:12+00:00\",\"description\":\"Venez appr\u00e9cier la beaut\u00e9 de la Veill\u00e9e de la Hamzia \u00e0 Sidi Bou Said, une f\u00eate qui attire de nombreux fid\u00e8les chaque ann\u00e9e.\",\"breadcrumb\":{\"@id\":\"https:\\\/\\\/www.webdo.tn\\\/fr\\\/actualite\\\/national\\\/veillee-de-la-hamzia-quand-sidi-bou-said-celebre-le-mouled\\\/382534\\\/#breadcrumb\"},\"inLanguage\":\"fr-FR\",\"potentialAction\":[{\"@type\":\"ReadAction\",\"target\":[\"https:\\\/\\\/www.webdo.tn\\\/fr\\\/actualite\\\/national\\\/veillee-de-la-hamzia-quand-sidi-bou-said-celebre-le-mouled\\\/382534\\\/\"]}]},{\"@type\":\"ImageObject\",\"inLanguage\":\"fr-FR\",\"@id\":\"https:\\\/\\\/www.webdo.tn\\\/fr\\\/actualite\\\/national\\\/veillee-de-la-hamzia-quand-sidi-bou-said-celebre-le-mouled\\\/382534\\\/#primaryimage\",\"url\":\"https:\\\/\\\/www.webdo.tn\\\/fr\\\/wp-content\\\/uploads\\\/2025\\\/09\\\/26940896584_08cc464d31_b-e1756716917581.jpg\",\"contentUrl\":\"https:\\\/\\\/www.webdo.tn\\\/fr\\\/wp-content\\\/uploads\\\/2025\\\/09\\\/26940896584_08cc464d31_b-e1756716917581.jpg\",\"width\":400,\"height\":300,\"caption\":\"Veill\u00e9e de la Hamzia : Quand Sidi Bou Said c\u00e9l\u00e8bre le Mouled\"},{\"@type\":\"BreadcrumbList\",\"@id\":\"https:\\\/\\\/www.webdo.tn\\\/fr\\\/actualite\\\/national\\\/veillee-de-la-hamzia-quand-sidi-bou-said-celebre-le-mouled\\\/382534\\\/#breadcrumb\",\"itemListElement\":[{\"@type\":\"ListItem\",\"position\":1,\"name\":\"Accueil\",\"item\":\"https:\\\/\\\/www.webdo.tn\\\/fr\\\/\"},{\"@type\":\"ListItem\",\"position\":2,\"name\":\"Veill\u00e9e de la Hamzia : Quand Sidi Bou Said c\u00e9l\u00e8bre le Mouled\"}]},{\"@type\":\"WebSite\",\"@id\":\"https:\\\/\\\/www.webdo.tn\\\/fr\\\/#website\",\"url\":\"https:\\\/\\\/www.webdo.tn\\\/fr\\\/\",\"name\":\"webdo\",\"description\":\"Tunisie - News en Tunisie et \u00e0 l&#039;international sur Webdo.tn\",\"publisher\":{\"@id\":\"https:\\\/\\\/www.webdo.tn\\\/fr\\\/#organization\"},\"potentialAction\":[{\"@type\":\"SearchAction\",\"target\":{\"@type\":\"EntryPoint\",\"urlTemplate\":\"https:\\\/\\\/www.webdo.tn\\\/fr\\\/?s={search_term_string}\"},\"query-input\":{\"@type\":\"PropertyValueSpecification\",\"valueRequired\":true,\"valueName\":\"search_term_string\"}}],\"inLanguage\":\"fr-FR\"},{\"@type\":\"Organization\",\"@id\":\"https:\\\/\\\/www.webdo.tn\\\/fr\\\/#organization\",\"name\":\"Webdo\",\"alternateName\":\"Webdo.tn\",\"url\":\"https:\\\/\\\/www.webdo.tn\\\/fr\\\/\",\"logo\":{\"@type\":\"ImageObject\",\"inLanguage\":\"fr-FR\",\"@id\":\"https:\\\/\\\/www.webdo.tn\\\/fr\\\/#\\\/schema\\\/logo\\\/image\\\/\",\"url\":\"https:\\\/\\\/www.webdo.tn\\\/fr\\\/wp-content\\\/uploads\\\/2025\\\/06\\\/Webdo-Tunisie_168377.jpg\",\"contentUrl\":\"https:\\\/\\\/www.webdo.tn\\\/fr\\\/wp-content\\\/uploads\\\/2025\\\/06\\\/Webdo-Tunisie_168377.jpg\",\"width\":301,\"height\":301,\"caption\":\"Webdo\"},\"image\":{\"@id\":\"https:\\\/\\\/www.webdo.tn\\\/fr\\\/#\\\/schema\\\/logo\\\/image\\\/\"},\"sameAs\":[\"https:\\\/\\\/www.facebook.com\\\/webdotn\",\"https:\\\/\\\/x.com\\\/webdo_tn\"],\"description\":\"Webdo est un m\u00e9dia num\u00e9rique tunisien fond\u00e9 en 2010, sp\u00e9cialis\u00e9 dans l\u2019actualit\u00e9 nationale et internationale, l\u2019\u00e9conomie, la soci\u00e9t\u00e9 et les analyses politiques. Le site s\u2019adresse \u00e0 un large public francophone et couvre l\u2019information tunisienne en temps r\u00e9el.\",\"email\":\"redac@webdo.tn\",\"legalName\":\"YNJ SARL\",\"foundingDate\":\"2010-09-06\",\"numberOfEmployees\":{\"@type\":\"QuantitativeValue\",\"minValue\":\"11\",\"maxValue\":\"50\"}},{\"@type\":\"Person\",\"@id\":\"https:\\\/\\\/www.webdo.tn\\\/fr\\\/#\\\/schema\\\/person\\\/6bc0beba2cd23aec27cb5df85ca2554f\",\"name\":\"Hatem Bourial\",\"image\":{\"@type\":\"ImageObject\",\"inLanguage\":\"fr-FR\",\"@id\":\"https:\\\/\\\/www.webdo.tn\\\/fr\\\/wp-content\\\/uploads\\\/2026\\\/04\\\/hatem-bourial_avatar-96x96.jpg\",\"url\":\"https:\\\/\\\/www.webdo.tn\\\/fr\\\/wp-content\\\/uploads\\\/2026\\\/04\\\/hatem-bourial_avatar-96x96.jpg\",\"contentUrl\":\"https:\\\/\\\/www.webdo.tn\\\/fr\\\/wp-content\\\/uploads\\\/2026\\\/04\\\/hatem-bourial_avatar-96x96.jpg\",\"caption\":\"Hatem Bourial\"},\"description\":\"Hatem Bourial est journaliste, \u00e9crivain et chroniqueur tunisien. Actif depuis plusieurs d\u00e9cennies, il s\u2019est impos\u00e9 comme un observateur attentif de la soci\u00e9t\u00e9 tunisienne, m\u00ealant dans ses \u00e9crits m\u00e9moire, culture et analyse du quotidien. Auteur de nombreux ouvrages, il d\u00e9veloppe une \u0153uvre \u00e0 la crois\u00e9e du r\u00e9cit, de la po\u00e9sie et de l\u2019observation sociologique. Parall\u00e8lement \u00e0 ses contributions dans la presse, il intervient r\u00e9guli\u00e8rement \u00e0 la radio et dans des espaces culturels, o\u00f9 il explore les enjeux li\u00e9s au patrimoine, \u00e0 l\u2019identit\u00e9 et aux transformations du monde contemporain. \u00c0 travers ses chroniques, Hatem Bourial propose une lecture sensible et approfondie de l\u2019actualit\u00e9, nourrie par une exp\u00e9rience journalistique et litt\u00e9raire reconnue. \ud83d\udd17 Facebook : https:\\\/\\\/www.facebook.com\\\/hatem.bourial.2025\",\"sameAs\":[\"https:\\\/\\\/www.facebook.com\\\/hatem.bourial.2025\",\"https:\\\/\\\/fr.wikipedia.org\\\/wiki\\\/Fichier:Hatem_Bourial.jpg\"],\"knowsAbout\":[\"Culture & patrimoine tunisien\",\"Chronique soci\u00e9tale\",\"Litt\u00e9rature & m\u00e9moire\",\"Cin\u00e9ma & critique culturelle\",\"Identit\u00e9 & mutations sociales\"],\"knowsLanguage\":[\"Arabe\",\"Fran\u00e7ais\",\"Anglais\",\"Italien\",\"Polonais\"],\"jobTitle\":\"Journaliste, \u00e9crivain et chroniqueur culturel\",\"worksFor\":\"Webdo\",\"url\":\"https:\\\/\\\/www.webdo.tn\\\/fr\\\/actualite\\\/author\\\/hatem-bourial-2\\\/\"}]}<\/script>\n<!-- \/ Yoast SEO Premium plugin. -->","yoast_head_json":{"title":"Veill\u00e9e de la Hamzia : Quand Sidi Bou Said c\u00e9l\u00e8bre le Mouled - webdo","description":"Venez appr\u00e9cier la beaut\u00e9 de la Veill\u00e9e de la Hamzia \u00e0 Sidi Bou Said, une f\u00eate qui attire de nombreux fid\u00e8les chaque ann\u00e9e.","canonical":"https:\/\/www.webdo.tn\/fr\/actualite\/national\/veillee-de-la-hamzia-quand-sidi-bou-said-celebre-le-mouled\/382534\/","og_locale":"fr_FR","og_type":"article","og_title":"Veill\u00e9e de la Hamzia : Quand Sidi Bou Said c\u00e9l\u00e8bre le Mouled","og_description":"Venez appr\u00e9cier la beaut\u00e9 de la Veill\u00e9e de la Hamzia \u00e0 Sidi Bou Said, une f\u00eate qui attire de nombreux fid\u00e8les chaque ann\u00e9e.","og_url":"https:\/\/www.webdo.tn\/fr\/actualite\/national\/veillee-de-la-hamzia-quand-sidi-bou-said-celebre-le-mouled\/382534\/","og_site_name":"webdo","article_publisher":"https:\/\/www.facebook.com\/webdotn","article_author":"https:\/\/www.facebook.com\/hatem.bourial.2025","article_published_time":"2025-09-01T08:57:11+00:00","article_modified_time":"2025-09-01T08:57:12+00:00","og_image":[{"width":400,"height":300,"url":"https:\/\/www.webdo.tn\/fr\/wp-content\/uploads\/2025\/09\/26940896584_08cc464d31_b-e1756716917581.jpg","type":"image\/jpeg"}],"author":"Hatem Bourial","twitter_card":"summary_large_image","twitter_creator":"@webdo_tn","twitter_site":"@webdo_tn","twitter_misc":{"\u00c9crit par":"Hatem Bourial","Dur\u00e9e de lecture estim\u00e9e":"1 minute"},"schema":{"@context":"https:\/\/schema.org","@graph":[{"@type":"NewsArticle","@id":"https:\/\/www.webdo.tn\/fr\/actualite\/national\/veillee-de-la-hamzia-quand-sidi-bou-said-celebre-le-mouled\/382534\/#article","isPartOf":{"@id":"https:\/\/www.webdo.tn\/fr\/actualite\/national\/veillee-de-la-hamzia-quand-sidi-bou-said-celebre-le-mouled\/382534\/"},"author":{"name":"Hatem Bourial","@id":"https:\/\/www.webdo.tn\/fr\/#\/schema\/person\/6bc0beba2cd23aec27cb5df85ca2554f"},"headline":"Veill\u00e9e de la Hamzia : Quand Sidi Bou Said c\u00e9l\u00e8bre le Mouled","datePublished":"2025-09-01T08:57:11+00:00","dateModified":"2025-09-01T08:57:12+00:00","mainEntityOfPage":{"@id":"https:\/\/www.webdo.tn\/fr\/actualite\/national\/veillee-de-la-hamzia-quand-sidi-bou-said-celebre-le-mouled\/382534\/"},"wordCount":116,"publisher":{"@id":"https:\/\/www.webdo.tn\/fr\/#organization"},"image":{"@id":"https:\/\/www.webdo.tn\/fr\/actualite\/national\/veillee-de-la-hamzia-quand-sidi-bou-said-celebre-le-mouled\/382534\/#primaryimage"},"thumbnailUrl":"https:\/\/www.webdo.tn\/fr\/wp-content\/uploads\/2025\/09\/26940896584_08cc464d31_b-e1756716917581.jpg","keywords":["mosqu\u00e9e de la zaouia de Sidi Bou Said","mouled","Tunis","Tunisie"],"articleSection":["National"],"inLanguage":"fr-FR"},{"@type":"WebPage","@id":"https:\/\/www.webdo.tn\/fr\/actualite\/national\/veillee-de-la-hamzia-quand-sidi-bou-said-celebre-le-mouled\/382534\/","url":"https:\/\/www.webdo.tn\/fr\/actualite\/national\/veillee-de-la-hamzia-quand-sidi-bou-said-celebre-le-mouled\/382534\/","name":"Veill\u00e9e de la Hamzia : Quand Sidi Bou Said c\u00e9l\u00e8bre le Mouled - webdo","isPartOf":{"@id":"https:\/\/www.webdo.tn\/fr\/#website"},"primaryImageOfPage":{"@id":"https:\/\/www.webdo.tn\/fr\/actualite\/national\/veillee-de-la-hamzia-quand-sidi-bou-said-celebre-le-mouled\/382534\/#primaryimage"},"image":{"@id":"https:\/\/www.webdo.tn\/fr\/actualite\/national\/veillee-de-la-hamzia-quand-sidi-bou-said-celebre-le-mouled\/382534\/#primaryimage"},"thumbnailUrl":"https:\/\/www.webdo.tn\/fr\/wp-content\/uploads\/2025\/09\/26940896584_08cc464d31_b-e1756716917581.jpg","datePublished":"2025-09-01T08:57:11+00:00","dateModified":"2025-09-01T08:57:12+00:00","description":"Venez appr\u00e9cier la beaut\u00e9 de la Veill\u00e9e de la Hamzia \u00e0 Sidi Bou Said, une f\u00eate qui attire de nombreux fid\u00e8les chaque ann\u00e9e.","breadcrumb":{"@id":"https:\/\/www.webdo.tn\/fr\/actualite\/national\/veillee-de-la-hamzia-quand-sidi-bou-said-celebre-le-mouled\/382534\/#breadcrumb"},"inLanguage":"fr-FR","potentialAction":[{"@type":"ReadAction","target":["https:\/\/www.webdo.tn\/fr\/actualite\/national\/veillee-de-la-hamzia-quand-sidi-bou-said-celebre-le-mouled\/382534\/"]}]},{"@type":"ImageObject","inLanguage":"fr-FR","@id":"https:\/\/www.webdo.tn\/fr\/actualite\/national\/veillee-de-la-hamzia-quand-sidi-bou-said-celebre-le-mouled\/382534\/#primaryimage","url":"https:\/\/www.webdo.tn\/fr\/wp-content\/uploads\/2025\/09\/26940896584_08cc464d31_b-e1756716917581.jpg","contentUrl":"https:\/\/www.webdo.tn\/fr\/wp-content\/uploads\/2025\/09\/26940896584_08cc464d31_b-e1756716917581.jpg","width":400,"height":300,"caption":"Veill\u00e9e de la Hamzia : Quand Sidi Bou Said c\u00e9l\u00e8bre le Mouled"},{"@type":"BreadcrumbList","@id":"https:\/\/www.webdo.tn\/fr\/actualite\/national\/veillee-de-la-hamzia-quand-sidi-bou-said-celebre-le-mouled\/382534\/#breadcrumb","itemListElement":[{"@type":"ListItem","position":1,"name":"Accueil","item":"https:\/\/www.webdo.tn\/fr\/"},{"@type":"ListItem","position":2,"name":"Veill\u00e9e de la Hamzia : Quand Sidi Bou Said c\u00e9l\u00e8bre le Mouled"}]},{"@type":"WebSite","@id":"https:\/\/www.webdo.tn\/fr\/#website","url":"https:\/\/www.webdo.tn\/fr\/","name":"webdo","description":"Tunisie - News en Tunisie et \u00e0 l&#039;international sur Webdo.tn","publisher":{"@id":"https:\/\/www.webdo.tn\/fr\/#organization"},"potentialAction":[{"@type":"SearchAction","target":{"@type":"EntryPoint","urlTemplate":"https:\/\/www.webdo.tn\/fr\/?s={search_term_string}"},"query-input":{"@type":"PropertyValueSpecification","valueRequired":true,"valueName":"search_term_string"}}],"inLanguage":"fr-FR"},{"@type":"Organization","@id":"https:\/\/www.webdo.tn\/fr\/#organization","name":"Webdo","alternateName":"Webdo.tn","url":"https:\/\/www.webdo.tn\/fr\/","logo":{"@type":"ImageObject","inLanguage":"fr-FR","@id":"https:\/\/www.webdo.tn\/fr\/#\/schema\/logo\/image\/","url":"https:\/\/www.webdo.tn\/fr\/wp-content\/uploads\/2025\/06\/Webdo-Tunisie_168377.jpg","contentUrl":"https:\/\/www.webdo.tn\/fr\/wp-content\/uploads\/2025\/06\/Webdo-Tunisie_168377.jpg","width":301,"height":301,"caption":"Webdo"},"image":{"@id":"https:\/\/www.webdo.tn\/fr\/#\/schema\/logo\/image\/"},"sameAs":["https:\/\/www.facebook.com\/webdotn","https:\/\/x.com\/webdo_tn"],"description":"Webdo est un m\u00e9dia num\u00e9rique tunisien fond\u00e9 en 2010, sp\u00e9cialis\u00e9 dans l\u2019actualit\u00e9 nationale et internationale, l\u2019\u00e9conomie, la soci\u00e9t\u00e9 et les analyses politiques. Le site s\u2019adresse \u00e0 un large public francophone et couvre l\u2019information tunisienne en temps r\u00e9el.","email":"redac@webdo.tn","legalName":"YNJ SARL","foundingDate":"2010-09-06","numberOfEmployees":{"@type":"QuantitativeValue","minValue":"11","maxValue":"50"}},{"@type":"Person","@id":"https:\/\/www.webdo.tn\/fr\/#\/schema\/person\/6bc0beba2cd23aec27cb5df85ca2554f","name":"Hatem Bourial","image":{"@type":"ImageObject","inLanguage":"fr-FR","@id":"https:\/\/www.webdo.tn\/fr\/wp-content\/uploads\/2026\/04\/hatem-bourial_avatar-96x96.jpg","url":"https:\/\/www.webdo.tn\/fr\/wp-content\/uploads\/2026\/04\/hatem-bourial_avatar-96x96.jpg","contentUrl":"https:\/\/www.webdo.tn\/fr\/wp-content\/uploads\/2026\/04\/hatem-bourial_avatar-96x96.jpg","caption":"Hatem Bourial"},"description":"Hatem Bourial est journaliste, \u00e9crivain et chroniqueur tunisien. Actif depuis plusieurs d\u00e9cennies, il s\u2019est impos\u00e9 comme un observateur attentif de la soci\u00e9t\u00e9 tunisienne, m\u00ealant dans ses \u00e9crits m\u00e9moire, culture et analyse du quotidien. Auteur de nombreux ouvrages, il d\u00e9veloppe une \u0153uvre \u00e0 la crois\u00e9e du r\u00e9cit, de la po\u00e9sie et de l\u2019observation sociologique. Parall\u00e8lement \u00e0 ses contributions dans la presse, il intervient r\u00e9guli\u00e8rement \u00e0 la radio et dans des espaces culturels, o\u00f9 il explore les enjeux li\u00e9s au patrimoine, \u00e0 l\u2019identit\u00e9 et aux transformations du monde contemporain. \u00c0 travers ses chroniques, Hatem Bourial propose une lecture sensible et approfondie de l\u2019actualit\u00e9, nourrie par une exp\u00e9rience journalistique et litt\u00e9raire reconnue. \ud83d\udd17 Facebook : https:\/\/www.facebook.com\/hatem.bourial.2025","sameAs":["https:\/\/www.facebook.com\/hatem.bourial.2025","https:\/\/fr.wikipedia.org\/wiki\/Fichier:Hatem_Bourial.jpg"],"knowsAbout":["Culture & patrimoine tunisien","Chronique soci\u00e9tale","Litt\u00e9rature & m\u00e9moire","Cin\u00e9ma & critique culturelle","Identit\u00e9 & mutations sociales"],"knowsLanguage":["Arabe","Fran\u00e7ais","Anglais","Italien","Polonais"],"jobTitle":"Journaliste, \u00e9crivain et chroniqueur culturel","worksFor":"Webdo","url":"https:\/\/www.webdo.tn\/fr\/actualite\/author\/hatem-bourial-2\/"}]}},"_links":{"self":[{"href":"https:\/\/www.webdo.tn\/fr\/wp-json\/wp\/v2\/posts\/382534","targetHints":{"allow":["GET"]}}],"collection":[{"href":"https:\/\/www.webdo.tn\/fr\/wp-json\/wp\/v2\/posts"}],"about":[{"href":"https:\/\/www.webdo.tn\/fr\/wp-json\/wp\/v2\/types\/post"}],"author":[{"embeddable":true,"href":"https:\/\/www.webdo.tn\/fr\/wp-json\/wp\/v2\/users\/3229"}],"replies":[{"embeddable":true,"href":"https:\/\/www.webdo.tn\/fr\/wp-json\/wp\/v2\/comments?post=382534"}],"version-history":[{"count":0,"href":"https:\/\/www.webdo.tn\/fr\/wp-json\/wp\/v2\/posts\/382534\/revisions"}],"wp:featuredmedia":[{"embeddable":true,"href":"https:\/\/www.webdo.tn\/fr\/wp-json\/wp\/v2\/media\/382535"}],"wp:attachment":[{"href":"https:\/\/www.webdo.tn\/fr\/wp-json\/wp\/v2\/media?parent=382534"}],"wp:term":[{"taxonomy":"category","embeddable":true,"href":"https:\/\/www.webdo.tn\/fr\/wp-json\/wp\/v2\/categories?post=382534"},{"taxonomy":"post_tag","embeddable":true,"href":"https:\/\/www.webdo.tn\/fr\/wp-json\/wp\/v2\/tags?post=382534"}],"curies":[{"name":"wp","href":"https:\/\/api.w.org\/{rel}","templated":true}]}}