{"id":382523,"date":"2025-09-01T10:40:18","date_gmt":"2025-09-01T09:40:18","guid":{"rendered":"https:\/\/www.webdo.tn\/fr\/?p=382523"},"modified":"2025-09-02T08:31:15","modified_gmt":"2025-09-02T07:31:15","slug":"tunisie-penurie-de-medicaments-importes-une-fragilite-qui-touche-les-malades-chroniques","status":"publish","type":"post","link":"https:\/\/www.webdo.tn\/fr\/actualite\/national\/tunisie-penurie-de-medicaments-importes-une-fragilite-qui-touche-les-malades-chroniques\/382523\/","title":{"rendered":"Tunisie &#8211; P\u00e9nurie de m\u00e9dicaments import\u00e9s : Une fragilit\u00e9 qui touche les malades chroniques"},"content":{"rendered":"\n<p><strong>Le march\u00e9 pharmaceutique tunisien conna\u00eet une p\u00e9nurie de certains m\u00e9dicaments vitaux, touchant principalement les traitements pour la thyro\u00efde, certains cancers et les troubles psychiques. Cette situation fragilise directement les malades, alors que les autorit\u00e9s sanitaires minimisent le risque de privation de soins.<\/strong><\/p>\n\n\n\n<p>Selon Thouraya Ennaifer, secr\u00e9taire g\u00e9n\u00e9rale du Conseil national de l\u2019Ordre des pharmaciens de Tunisie (CNOPT) :<\/p>\n\n\n\n<blockquote class=\"wp-block-quote is-layout-flow wp-block-quote-is-layout-flow\">\n<blockquote class=\"wp-block-quote is-layout-flow wp-block-quote-is-layout-flow\">\n<p>\u00ab Le march\u00e9 pharmaceutique tunisien enregistre une p\u00e9nurie de certains m\u00e9dicaments, fortement constat\u00e9e au cours de la semaine \u00e9coul\u00e9e. \u00bb<\/p>\n<\/blockquote>\n\n\n\n<h3 class=\"wp-block-heading\" id=\"h-des-patients-prives-de-traitements-essentiels\"><strong>Des patients priv\u00e9s de traitements essentiels<\/strong><\/h3>\n<\/blockquote>\n\n\n\n<p>Parmi les produits concern\u00e9s figurent des traitements pour la thyro\u00efde, les maladies psychiques et certains cancers. Ces ruptures, qui touchent principalement des m\u00e9dicaments import\u00e9s, exposent directement les malades \u00e0 des interruptions de traitement, avec des cons\u00e9quences lourdes sur leur \u00e9tat de sant\u00e9.<\/p>\n\n\n\n<p>Selon Ennaifer, la p\u00e9nurie d\u00e9coule de \u00ab difficult\u00e9s financi\u00e8res et logistiques au niveau de la Pharmacie centrale de Tunisie \u00bb, qui n\u2019a toujours pas per\u00e7u ses cr\u00e9ances aupr\u00e8s de la Caisse nationale d\u2019assurance maladie (CNAM). Cette impasse financi\u00e8re ralentit l\u2019importation et bloque l\u2019approvisionnement en m\u00e9dicaments strat\u00e9giques.<\/p>\n\n\n\n<p>Pour de nombreux malades chroniques, chaque rupture devient un parcours du combattant, entre pharmacies \u00e0 la recherche d\u2019alternatives et risque de complications m\u00e9dicales. <\/p>\n\n\n\n<h3 class=\"wp-block-heading\" id=\"h-les-pharmaciens-appellent-a-une-reaction-rapide\"><strong>Les pharmaciens appellent \u00e0 une r\u00e9action rapide<\/strong><\/h3>\n\n\n\n<p>Le CNOPT r\u00e9clame des mesures concr\u00e8tes pour endiguer la crise. Ennaifer plaide pour \u00ab la tenue r\u00e9guli\u00e8re de la r\u00e9union du Comit\u00e9 de pharmacovigilance au sein de l\u2019Agence nationale des m\u00e9dicaments et des produits de la sant\u00e9 (ANMPS) \u00bb, pr\u00e9vue une fois par mois, afin d\u2019\u00e9laborer des solutions durables.<\/p>\n\n\n\n<p>Face \u00e0 la multiplication des alertes, le minist\u00e8re de la Sant\u00e9 avait tenu \u00e0 rassurer. Dans <a href=\"https:\/\/www.webdo.tn\/fr\/actualite\/national\/medicaments-en-tunisie-le-ministere-de-la-sante-dement-toute-privation-de-soins\/382191\/\">un communiqu\u00e9<\/a> r\u00e9cent, il a ni\u00e9 toute privation de soins, assurant que la strat\u00e9gie nationale du m\u00e9dicament vise au contraire \u00e0 garantir la disponibilit\u00e9 des traitements, notamment gr\u00e2ce \u00e0 la rationalisation des prescriptions et \u00e0 l\u2019encouragement des g\u00e9n\u00e9riques.<\/p>\n\n\n\n<p><\/p>\n\n\n\n<ul class=\"wp-block-list\">\n<li>Lire aussi : <a href=\"https:\/\/www.webdo.tn\/fr\/actualite\/national\/medicaments-en-tunisie-le-ministere-de-la-sante-dement-toute-privation-de-soins\/382191\/\">M\u00e9dicaments en Tunisie : Le minist\u00e8re de la Sant\u00e9 d\u00e9ment toute privation de soins<\/a><\/li>\n<\/ul>\n","protected":false},"excerpt":{"rendered":"<p>Le march\u00e9 pharmaceutique tunisien conna\u00eet une p\u00e9nurie de certains m\u00e9dicaments vitaux, touchant principalement les traitements pour la thyro\u00efde, certains cancers et les troubles psychiques. Cette situation fragilise directement les malades, alors que les autorit\u00e9s sanitaires minimisent le risque de privation de soins. Selon Thouraya Ennaifer, secr\u00e9taire g\u00e9n\u00e9rale du Conseil national de l\u2019Ordre des pharmaciens de [&hellip;]<\/p>\n","protected":false},"author":3191,"featured_media":366635,"comment_status":"closed","ping_status":"closed","sticky":false,"template":"","format":"standard","meta":{"footnotes":""},"categories":[44],"tags":[4588,3479,8913,4650,2608],"class_list":["post-382523","post","type-post","status-publish","format-standard","has-post-thumbnail","hentry","category-national","tag-cnam","tag-medicaments","tag-penurie-medicaments","tag-pharmacie-centrale","tag-tunisie"],"yoast_head":"<!-- This site is optimized with the Yoast SEO Premium plugin v27.5 (Yoast SEO v27.5) - https:\/\/yoast.com\/product\/yoast-seo-premium-wordpress\/ -->\n<title>Tunisie - P\u00e9nurie de m\u00e9dicaments import\u00e9s : Une fragilit\u00e9 qui touche les malades chroniques - webdo<\/title>\n<meta name=\"description\" content=\"Tunisie conna\u00eet une p\u00e9nurie de m\u00e9dicaments import\u00e9s. L&#039;Ordre des pharmaciens tire la sonnette d&#039;alarme pour les patients.\" \/>\n<link rel=\"canonical\" href=\"https:\/\/www.webdo.tn\/fr\/actualite\/national\/tunisie-penurie-de-medicaments-importes-une-fragilite-qui-touche-les-malades-chroniques\/382523\/\" \/>\n<meta property=\"og:locale\" content=\"fr_FR\" \/>\n<meta property=\"og:type\" content=\"article\" \/>\n<meta property=\"og:title\" content=\"Tunisie - P\u00e9nurie de m\u00e9dicaments import\u00e9s : Une fragilit\u00e9 qui touche les malades chroniques\" \/>\n<meta property=\"og:description\" content=\"Tunisie conna\u00eet une p\u00e9nurie de m\u00e9dicaments import\u00e9s. L&#039;Ordre des pharmaciens tire la sonnette d&#039;alarme pour les patients.\" \/>\n<meta property=\"og:url\" content=\"https:\/\/www.webdo.tn\/fr\/actualite\/national\/tunisie-penurie-de-medicaments-importes-une-fragilite-qui-touche-les-malades-chroniques\/382523\/\" \/>\n<meta property=\"og:site_name\" content=\"webdo\" \/>\n<meta property=\"article:publisher\" content=\"https:\/\/www.facebook.com\/webdotn\" \/>\n<meta property=\"article:published_time\" content=\"2025-09-01T09:40:18+00:00\" \/>\n<meta property=\"article:modified_time\" content=\"2025-09-02T07:31:15+00:00\" \/>\n<meta property=\"og:image\" content=\"https:\/\/www.webdo.tn\/fr\/wp-content\/uploads\/2025\/06\/medicaments_189219.jpg\" \/>\n\t<meta property=\"og:image:width\" content=\"570\" \/>\n\t<meta property=\"og:image:height\" content=\"360\" \/>\n\t<meta property=\"og:image:type\" content=\"image\/jpeg\" \/>\n<meta name=\"author\" content=\"Mohamed Hedi Touati\" \/>\n<meta name=\"twitter:card\" content=\"summary_large_image\" \/>\n<meta name=\"twitter:creator\" content=\"@webdo_tn\" \/>\n<meta name=\"twitter:site\" content=\"@webdo_tn\" \/>\n<meta name=\"twitter:label1\" content=\"\u00c9crit par\" \/>\n\t<meta name=\"twitter:data1\" content=\"Mohamed Hedi Touati\" \/>\n\t<meta name=\"twitter:label2\" content=\"Dur\u00e9e de lecture estim\u00e9e\" \/>\n\t<meta name=\"twitter:data2\" content=\"2 minutes\" \/>\n<script type=\"application\/ld+json\" class=\"yoast-schema-graph\">{\"@context\":\"https:\\\/\\\/schema.org\",\"@graph\":[{\"@type\":\"NewsArticle\",\"@id\":\"https:\\\/\\\/www.webdo.tn\\\/fr\\\/actualite\\\/national\\\/tunisie-penurie-de-medicaments-importes-une-fragilite-qui-touche-les-malades-chroniques\\\/382523\\\/#article\",\"isPartOf\":{\"@id\":\"https:\\\/\\\/www.webdo.tn\\\/fr\\\/actualite\\\/national\\\/tunisie-penurie-de-medicaments-importes-une-fragilite-qui-touche-les-malades-chroniques\\\/382523\\\/\"},\"author\":{\"name\":\"Mohamed Hedi Touati\",\"@id\":\"https:\\\/\\\/www.webdo.tn\\\/fr\\\/#\\\/schema\\\/person\\\/c652cd8fc2b1b44412b5ffb48c5a911d\"},\"headline\":\"Tunisie &#8211; P\u00e9nurie de m\u00e9dicaments import\u00e9s : Une fragilit\u00e9 qui touche les malades chroniques\",\"datePublished\":\"2025-09-01T09:40:18+00:00\",\"dateModified\":\"2025-09-02T07:31:15+00:00\",\"mainEntityOfPage\":{\"@id\":\"https:\\\/\\\/www.webdo.tn\\\/fr\\\/actualite\\\/national\\\/tunisie-penurie-de-medicaments-importes-une-fragilite-qui-touche-les-malades-chroniques\\\/382523\\\/\"},\"wordCount\":377,\"publisher\":{\"@id\":\"https:\\\/\\\/www.webdo.tn\\\/fr\\\/#organization\"},\"image\":{\"@id\":\"https:\\\/\\\/www.webdo.tn\\\/fr\\\/actualite\\\/national\\\/tunisie-penurie-de-medicaments-importes-une-fragilite-qui-touche-les-malades-chroniques\\\/382523\\\/#primaryimage\"},\"thumbnailUrl\":\"https:\\\/\\\/www.webdo.tn\\\/fr\\\/wp-content\\\/uploads\\\/2025\\\/06\\\/medicaments_189219.jpg\",\"keywords\":[\"CNAM\",\"m\u00e9dicaments\",\"p\u00e9nurie m\u00e9dicaments\",\"Pharmacie centrale\",\"Tunisie\"],\"articleSection\":[\"National\"],\"inLanguage\":\"fr-FR\"},{\"@type\":\"WebPage\",\"@id\":\"https:\\\/\\\/www.webdo.tn\\\/fr\\\/actualite\\\/national\\\/tunisie-penurie-de-medicaments-importes-une-fragilite-qui-touche-les-malades-chroniques\\\/382523\\\/\",\"url\":\"https:\\\/\\\/www.webdo.tn\\\/fr\\\/actualite\\\/national\\\/tunisie-penurie-de-medicaments-importes-une-fragilite-qui-touche-les-malades-chroniques\\\/382523\\\/\",\"name\":\"Tunisie - P\u00e9nurie de m\u00e9dicaments import\u00e9s : Une fragilit\u00e9 qui touche les malades chroniques - webdo\",\"isPartOf\":{\"@id\":\"https:\\\/\\\/www.webdo.tn\\\/fr\\\/#website\"},\"primaryImageOfPage\":{\"@id\":\"https:\\\/\\\/www.webdo.tn\\\/fr\\\/actualite\\\/national\\\/tunisie-penurie-de-medicaments-importes-une-fragilite-qui-touche-les-malades-chroniques\\\/382523\\\/#primaryimage\"},\"image\":{\"@id\":\"https:\\\/\\\/www.webdo.tn\\\/fr\\\/actualite\\\/national\\\/tunisie-penurie-de-medicaments-importes-une-fragilite-qui-touche-les-malades-chroniques\\\/382523\\\/#primaryimage\"},\"thumbnailUrl\":\"https:\\\/\\\/www.webdo.tn\\\/fr\\\/wp-content\\\/uploads\\\/2025\\\/06\\\/medicaments_189219.jpg\",\"datePublished\":\"2025-09-01T09:40:18+00:00\",\"dateModified\":\"2025-09-02T07:31:15+00:00\",\"description\":\"Tunisie conna\u00eet une p\u00e9nurie de m\u00e9dicaments import\u00e9s. L'Ordre des pharmaciens tire la sonnette d'alarme pour les patients.\",\"breadcrumb\":{\"@id\":\"https:\\\/\\\/www.webdo.tn\\\/fr\\\/actualite\\\/national\\\/tunisie-penurie-de-medicaments-importes-une-fragilite-qui-touche-les-malades-chroniques\\\/382523\\\/#breadcrumb\"},\"inLanguage\":\"fr-FR\",\"potentialAction\":[{\"@type\":\"ReadAction\",\"target\":[\"https:\\\/\\\/www.webdo.tn\\\/fr\\\/actualite\\\/national\\\/tunisie-penurie-de-medicaments-importes-une-fragilite-qui-touche-les-malades-chroniques\\\/382523\\\/\"]}]},{\"@type\":\"ImageObject\",\"inLanguage\":\"fr-FR\",\"@id\":\"https:\\\/\\\/www.webdo.tn\\\/fr\\\/actualite\\\/national\\\/tunisie-penurie-de-medicaments-importes-une-fragilite-qui-touche-les-malades-chroniques\\\/382523\\\/#primaryimage\",\"url\":\"https:\\\/\\\/www.webdo.tn\\\/fr\\\/wp-content\\\/uploads\\\/2025\\\/06\\\/medicaments_189219.jpg\",\"contentUrl\":\"https:\\\/\\\/www.webdo.tn\\\/fr\\\/wp-content\\\/uploads\\\/2025\\\/06\\\/medicaments_189219.jpg\",\"width\":570,\"height\":360,\"caption\":\"Tunisie - P\u00e9nurie de m\u00e9dicaments import\u00e9s : L\u2019Ordre des pharmaciens tire la sonnette d\u2019alarme\"},{\"@type\":\"BreadcrumbList\",\"@id\":\"https:\\\/\\\/www.webdo.tn\\\/fr\\\/actualite\\\/national\\\/tunisie-penurie-de-medicaments-importes-une-fragilite-qui-touche-les-malades-chroniques\\\/382523\\\/#breadcrumb\",\"itemListElement\":[{\"@type\":\"ListItem\",\"position\":1,\"name\":\"Accueil\",\"item\":\"https:\\\/\\\/www.webdo.tn\\\/fr\\\/\"},{\"@type\":\"ListItem\",\"position\":2,\"name\":\"Tunisie &#8211; P\u00e9nurie de m\u00e9dicaments import\u00e9s : Une fragilit\u00e9 qui touche les malades chroniques\"}]},{\"@type\":\"WebSite\",\"@id\":\"https:\\\/\\\/www.webdo.tn\\\/fr\\\/#website\",\"url\":\"https:\\\/\\\/www.webdo.tn\\\/fr\\\/\",\"name\":\"webdo\",\"description\":\"Tunisie - News en Tunisie et \u00e0 l&#039;international sur Webdo.tn\",\"publisher\":{\"@id\":\"https:\\\/\\\/www.webdo.tn\\\/fr\\\/#organization\"},\"potentialAction\":[{\"@type\":\"SearchAction\",\"target\":{\"@type\":\"EntryPoint\",\"urlTemplate\":\"https:\\\/\\\/www.webdo.tn\\\/fr\\\/?s={search_term_string}\"},\"query-input\":{\"@type\":\"PropertyValueSpecification\",\"valueRequired\":true,\"valueName\":\"search_term_string\"}}],\"inLanguage\":\"fr-FR\"},{\"@type\":\"Organization\",\"@id\":\"https:\\\/\\\/www.webdo.tn\\\/fr\\\/#organization\",\"name\":\"Webdo\",\"alternateName\":\"Webdo.tn\",\"url\":\"https:\\\/\\\/www.webdo.tn\\\/fr\\\/\",\"logo\":{\"@type\":\"ImageObject\",\"inLanguage\":\"fr-FR\",\"@id\":\"https:\\\/\\\/www.webdo.tn\\\/fr\\\/#\\\/schema\\\/logo\\\/image\\\/\",\"url\":\"https:\\\/\\\/www.webdo.tn\\\/fr\\\/wp-content\\\/uploads\\\/2025\\\/06\\\/Webdo-Tunisie_168377.jpg\",\"contentUrl\":\"https:\\\/\\\/www.webdo.tn\\\/fr\\\/wp-content\\\/uploads\\\/2025\\\/06\\\/Webdo-Tunisie_168377.jpg\",\"width\":301,\"height\":301,\"caption\":\"Webdo\"},\"image\":{\"@id\":\"https:\\\/\\\/www.webdo.tn\\\/fr\\\/#\\\/schema\\\/logo\\\/image\\\/\"},\"sameAs\":[\"https:\\\/\\\/www.facebook.com\\\/webdotn\",\"https:\\\/\\\/x.com\\\/webdo_tn\"],\"description\":\"Webdo est un m\u00e9dia num\u00e9rique tunisien fond\u00e9 en 2010, sp\u00e9cialis\u00e9 dans l\u2019actualit\u00e9 nationale et internationale, l\u2019\u00e9conomie, la soci\u00e9t\u00e9 et les analyses politiques. Le site s\u2019adresse \u00e0 un large public francophone et couvre l\u2019information tunisienne en temps r\u00e9el.\",\"email\":\"redac@webdo.tn\",\"legalName\":\"YNJ SARL\",\"foundingDate\":\"2010-09-06\",\"numberOfEmployees\":{\"@type\":\"QuantitativeValue\",\"minValue\":\"11\",\"maxValue\":\"50\"}},{\"@type\":\"Person\",\"@id\":\"https:\\\/\\\/www.webdo.tn\\\/fr\\\/#\\\/schema\\\/person\\\/c652cd8fc2b1b44412b5ffb48c5a911d\",\"name\":\"Mohamed Hedi Touati\",\"image\":{\"@type\":\"ImageObject\",\"inLanguage\":\"fr-FR\",\"@id\":\"https:\\\/\\\/secure.gravatar.com\\\/avatar\\\/9cfd402c745b7a685f13eed0ea6e59d2144a3c2fc50a3db6fd5ed451f6cddf1a?s=96&d=mm&r=g\",\"url\":\"https:\\\/\\\/secure.gravatar.com\\\/avatar\\\/9cfd402c745b7a685f13eed0ea6e59d2144a3c2fc50a3db6fd5ed451f6cddf1a?s=96&d=mm&r=g\",\"contentUrl\":\"https:\\\/\\\/secure.gravatar.com\\\/avatar\\\/9cfd402c745b7a685f13eed0ea6e59d2144a3c2fc50a3db6fd5ed451f6cddf1a?s=96&d=mm&r=g\",\"caption\":\"Mohamed Hedi Touati\"},\"url\":\"https:\\\/\\\/www.webdo.tn\\\/fr\\\/actualite\\\/author\\\/mohamed-hedi-touati\\\/\"}]}<\/script>\n<!-- \/ Yoast SEO Premium plugin. -->","yoast_head_json":{"title":"Tunisie - P\u00e9nurie de m\u00e9dicaments import\u00e9s : Une fragilit\u00e9 qui touche les malades chroniques - webdo","description":"Tunisie conna\u00eet une p\u00e9nurie de m\u00e9dicaments import\u00e9s. L'Ordre des pharmaciens tire la sonnette d'alarme pour les patients.","canonical":"https:\/\/www.webdo.tn\/fr\/actualite\/national\/tunisie-penurie-de-medicaments-importes-une-fragilite-qui-touche-les-malades-chroniques\/382523\/","og_locale":"fr_FR","og_type":"article","og_title":"Tunisie - P\u00e9nurie de m\u00e9dicaments import\u00e9s : Une fragilit\u00e9 qui touche les malades chroniques","og_description":"Tunisie conna\u00eet une p\u00e9nurie de m\u00e9dicaments import\u00e9s. L'Ordre des pharmaciens tire la sonnette d'alarme pour les patients.","og_url":"https:\/\/www.webdo.tn\/fr\/actualite\/national\/tunisie-penurie-de-medicaments-importes-une-fragilite-qui-touche-les-malades-chroniques\/382523\/","og_site_name":"webdo","article_publisher":"https:\/\/www.facebook.com\/webdotn","article_published_time":"2025-09-01T09:40:18+00:00","article_modified_time":"2025-09-02T07:31:15+00:00","og_image":[{"width":570,"height":360,"url":"https:\/\/www.webdo.tn\/fr\/wp-content\/uploads\/2025\/06\/medicaments_189219.jpg","type":"image\/jpeg"}],"author":"Mohamed Hedi Touati","twitter_card":"summary_large_image","twitter_creator":"@webdo_tn","twitter_site":"@webdo_tn","twitter_misc":{"\u00c9crit par":"Mohamed Hedi Touati","Dur\u00e9e de lecture estim\u00e9e":"2 minutes"},"schema":{"@context":"https:\/\/schema.org","@graph":[{"@type":"NewsArticle","@id":"https:\/\/www.webdo.tn\/fr\/actualite\/national\/tunisie-penurie-de-medicaments-importes-une-fragilite-qui-touche-les-malades-chroniques\/382523\/#article","isPartOf":{"@id":"https:\/\/www.webdo.tn\/fr\/actualite\/national\/tunisie-penurie-de-medicaments-importes-une-fragilite-qui-touche-les-malades-chroniques\/382523\/"},"author":{"name":"Mohamed Hedi Touati","@id":"https:\/\/www.webdo.tn\/fr\/#\/schema\/person\/c652cd8fc2b1b44412b5ffb48c5a911d"},"headline":"Tunisie &#8211; P\u00e9nurie de m\u00e9dicaments import\u00e9s : Une fragilit\u00e9 qui touche les malades chroniques","datePublished":"2025-09-01T09:40:18+00:00","dateModified":"2025-09-02T07:31:15+00:00","mainEntityOfPage":{"@id":"https:\/\/www.webdo.tn\/fr\/actualite\/national\/tunisie-penurie-de-medicaments-importes-une-fragilite-qui-touche-les-malades-chroniques\/382523\/"},"wordCount":377,"publisher":{"@id":"https:\/\/www.webdo.tn\/fr\/#organization"},"image":{"@id":"https:\/\/www.webdo.tn\/fr\/actualite\/national\/tunisie-penurie-de-medicaments-importes-une-fragilite-qui-touche-les-malades-chroniques\/382523\/#primaryimage"},"thumbnailUrl":"https:\/\/www.webdo.tn\/fr\/wp-content\/uploads\/2025\/06\/medicaments_189219.jpg","keywords":["CNAM","m\u00e9dicaments","p\u00e9nurie m\u00e9dicaments","Pharmacie centrale","Tunisie"],"articleSection":["National"],"inLanguage":"fr-FR"},{"@type":"WebPage","@id":"https:\/\/www.webdo.tn\/fr\/actualite\/national\/tunisie-penurie-de-medicaments-importes-une-fragilite-qui-touche-les-malades-chroniques\/382523\/","url":"https:\/\/www.webdo.tn\/fr\/actualite\/national\/tunisie-penurie-de-medicaments-importes-une-fragilite-qui-touche-les-malades-chroniques\/382523\/","name":"Tunisie - P\u00e9nurie de m\u00e9dicaments import\u00e9s : Une fragilit\u00e9 qui touche les malades chroniques - webdo","isPartOf":{"@id":"https:\/\/www.webdo.tn\/fr\/#website"},"primaryImageOfPage":{"@id":"https:\/\/www.webdo.tn\/fr\/actualite\/national\/tunisie-penurie-de-medicaments-importes-une-fragilite-qui-touche-les-malades-chroniques\/382523\/#primaryimage"},"image":{"@id":"https:\/\/www.webdo.tn\/fr\/actualite\/national\/tunisie-penurie-de-medicaments-importes-une-fragilite-qui-touche-les-malades-chroniques\/382523\/#primaryimage"},"thumbnailUrl":"https:\/\/www.webdo.tn\/fr\/wp-content\/uploads\/2025\/06\/medicaments_189219.jpg","datePublished":"2025-09-01T09:40:18+00:00","dateModified":"2025-09-02T07:31:15+00:00","description":"Tunisie conna\u00eet une p\u00e9nurie de m\u00e9dicaments import\u00e9s. L'Ordre des pharmaciens tire la sonnette d'alarme pour les patients.","breadcrumb":{"@id":"https:\/\/www.webdo.tn\/fr\/actualite\/national\/tunisie-penurie-de-medicaments-importes-une-fragilite-qui-touche-les-malades-chroniques\/382523\/#breadcrumb"},"inLanguage":"fr-FR","potentialAction":[{"@type":"ReadAction","target":["https:\/\/www.webdo.tn\/fr\/actualite\/national\/tunisie-penurie-de-medicaments-importes-une-fragilite-qui-touche-les-malades-chroniques\/382523\/"]}]},{"@type":"ImageObject","inLanguage":"fr-FR","@id":"https:\/\/www.webdo.tn\/fr\/actualite\/national\/tunisie-penurie-de-medicaments-importes-une-fragilite-qui-touche-les-malades-chroniques\/382523\/#primaryimage","url":"https:\/\/www.webdo.tn\/fr\/wp-content\/uploads\/2025\/06\/medicaments_189219.jpg","contentUrl":"https:\/\/www.webdo.tn\/fr\/wp-content\/uploads\/2025\/06\/medicaments_189219.jpg","width":570,"height":360,"caption":"Tunisie - P\u00e9nurie de m\u00e9dicaments import\u00e9s : L\u2019Ordre des pharmaciens tire la sonnette d\u2019alarme"},{"@type":"BreadcrumbList","@id":"https:\/\/www.webdo.tn\/fr\/actualite\/national\/tunisie-penurie-de-medicaments-importes-une-fragilite-qui-touche-les-malades-chroniques\/382523\/#breadcrumb","itemListElement":[{"@type":"ListItem","position":1,"name":"Accueil","item":"https:\/\/www.webdo.tn\/fr\/"},{"@type":"ListItem","position":2,"name":"Tunisie &#8211; P\u00e9nurie de m\u00e9dicaments import\u00e9s : Une fragilit\u00e9 qui touche les malades chroniques"}]},{"@type":"WebSite","@id":"https:\/\/www.webdo.tn\/fr\/#website","url":"https:\/\/www.webdo.tn\/fr\/","name":"webdo","description":"Tunisie - News en Tunisie et \u00e0 l&#039;international sur Webdo.tn","publisher":{"@id":"https:\/\/www.webdo.tn\/fr\/#organization"},"potentialAction":[{"@type":"SearchAction","target":{"@type":"EntryPoint","urlTemplate":"https:\/\/www.webdo.tn\/fr\/?s={search_term_string}"},"query-input":{"@type":"PropertyValueSpecification","valueRequired":true,"valueName":"search_term_string"}}],"inLanguage":"fr-FR"},{"@type":"Organization","@id":"https:\/\/www.webdo.tn\/fr\/#organization","name":"Webdo","alternateName":"Webdo.tn","url":"https:\/\/www.webdo.tn\/fr\/","logo":{"@type":"ImageObject","inLanguage":"fr-FR","@id":"https:\/\/www.webdo.tn\/fr\/#\/schema\/logo\/image\/","url":"https:\/\/www.webdo.tn\/fr\/wp-content\/uploads\/2025\/06\/Webdo-Tunisie_168377.jpg","contentUrl":"https:\/\/www.webdo.tn\/fr\/wp-content\/uploads\/2025\/06\/Webdo-Tunisie_168377.jpg","width":301,"height":301,"caption":"Webdo"},"image":{"@id":"https:\/\/www.webdo.tn\/fr\/#\/schema\/logo\/image\/"},"sameAs":["https:\/\/www.facebook.com\/webdotn","https:\/\/x.com\/webdo_tn"],"description":"Webdo est un m\u00e9dia num\u00e9rique tunisien fond\u00e9 en 2010, sp\u00e9cialis\u00e9 dans l\u2019actualit\u00e9 nationale et internationale, l\u2019\u00e9conomie, la soci\u00e9t\u00e9 et les analyses politiques. Le site s\u2019adresse \u00e0 un large public francophone et couvre l\u2019information tunisienne en temps r\u00e9el.","email":"redac@webdo.tn","legalName":"YNJ SARL","foundingDate":"2010-09-06","numberOfEmployees":{"@type":"QuantitativeValue","minValue":"11","maxValue":"50"}},{"@type":"Person","@id":"https:\/\/www.webdo.tn\/fr\/#\/schema\/person\/c652cd8fc2b1b44412b5ffb48c5a911d","name":"Mohamed Hedi Touati","image":{"@type":"ImageObject","inLanguage":"fr-FR","@id":"https:\/\/secure.gravatar.com\/avatar\/9cfd402c745b7a685f13eed0ea6e59d2144a3c2fc50a3db6fd5ed451f6cddf1a?s=96&d=mm&r=g","url":"https:\/\/secure.gravatar.com\/avatar\/9cfd402c745b7a685f13eed0ea6e59d2144a3c2fc50a3db6fd5ed451f6cddf1a?s=96&d=mm&r=g","contentUrl":"https:\/\/secure.gravatar.com\/avatar\/9cfd402c745b7a685f13eed0ea6e59d2144a3c2fc50a3db6fd5ed451f6cddf1a?s=96&d=mm&r=g","caption":"Mohamed Hedi Touati"},"url":"https:\/\/www.webdo.tn\/fr\/actualite\/author\/mohamed-hedi-touati\/"}]}},"_links":{"self":[{"href":"https:\/\/www.webdo.tn\/fr\/wp-json\/wp\/v2\/posts\/382523","targetHints":{"allow":["GET"]}}],"collection":[{"href":"https:\/\/www.webdo.tn\/fr\/wp-json\/wp\/v2\/posts"}],"about":[{"href":"https:\/\/www.webdo.tn\/fr\/wp-json\/wp\/v2\/types\/post"}],"author":[{"embeddable":true,"href":"https:\/\/www.webdo.tn\/fr\/wp-json\/wp\/v2\/users\/3191"}],"replies":[{"embeddable":true,"href":"https:\/\/www.webdo.tn\/fr\/wp-json\/wp\/v2\/comments?post=382523"}],"version-history":[{"count":0,"href":"https:\/\/www.webdo.tn\/fr\/wp-json\/wp\/v2\/posts\/382523\/revisions"}],"wp:featuredmedia":[{"embeddable":true,"href":"https:\/\/www.webdo.tn\/fr\/wp-json\/wp\/v2\/media\/366635"}],"wp:attachment":[{"href":"https:\/\/www.webdo.tn\/fr\/wp-json\/wp\/v2\/media?parent=382523"}],"wp:term":[{"taxonomy":"category","embeddable":true,"href":"https:\/\/www.webdo.tn\/fr\/wp-json\/wp\/v2\/categories?post=382523"},{"taxonomy":"post_tag","embeddable":true,"href":"https:\/\/www.webdo.tn\/fr\/wp-json\/wp\/v2\/tags?post=382523"}],"curies":[{"name":"wp","href":"https:\/\/api.w.org\/{rel}","templated":true}]}}