{"id":382521,"date":"2025-09-01T09:33:42","date_gmt":"2025-09-01T08:33:42","guid":{"rendered":"https:\/\/www.webdo.tn\/fr\/?p=382521"},"modified":"2025-09-01T12:40:52","modified_gmt":"2025-09-01T11:40:52","slug":"paris-deux-tunisiens-arretes-avec-10-me-de-bijoux-caches-dans-leurs-vetements","status":"publish","type":"post","link":"https:\/\/www.webdo.tn\/fr\/actualite\/divers\/paris-deux-tunisiens-arretes-avec-10-me-de-bijoux-caches-dans-leurs-vetements\/382521\/","title":{"rendered":"Paris : Deux Tunisiens arr\u00eat\u00e9s avec 10\u202fM\u20ac de bijoux cach\u00e9s dans leurs v\u00eatements"},"content":{"rendered":"\n<p><strong>Samedi 30 ao\u00fbt 2025, la police fran\u00e7aise a proc\u00e9d\u00e9 \u00e0 l\u2019arrestation de deux ressortissants tunisiens, dont un mineur, \u00e0 la gare de Lyon \u00e0 Paris, \u00e0 leur descente d\u2019un TGV en provenance de Lyon. Une d\u00e9couverte spectaculaire a marqu\u00e9 cette intervention : <a href=\"https:\/\/www.bfmtv.com\/police-justice\/deux-hommes-arretes-a-paris-avec-10-millions-d-euros-de-bijoux-caches-dans-un-slip_AD-202508310364.html?utm_source=chatgpt.com\" target=\"_blank\" rel=\"noreferrer noopener\">pr\u00e8s de 10 millions d\u2019euros de bijoux de luxe \u00e9taient dissimul\u00e9s dans leurs sous-v\u00eatements et bagages.<\/a><\/strong><\/p>\n\n\n\n<h4 class=\"wp-block-heading\" id=\"h-une-saisie-hors-norme\">Une saisie hors norme<\/h4>\n\n\n\n<p>Lors d\u2019un contr\u00f4le de routine, les agents ont identifi\u00e9 plusieurs pi\u00e8ces de joaillerie de grande valeur. Une montre Rolex, des boucles d\u2019oreilles estim\u00e9es \u00e0 deux millions d\u2019euros, une bague d\u2019un million et un collier \u00e9valu\u00e9 \u00e0 cinq millions ont \u00e9t\u00e9 retrouv\u00e9s, certains cach\u00e9s dans un slip ou une chaussette. Les bagages contenaient \u00e9galement une <strong>disqueuse<\/strong>, outil fr\u00e9quemment utilis\u00e9 dans les cambriolages.<\/p>\n\n\n\n<p>Selon les autorit\u00e9s, ces \u00e9l\u00e9ments laissent penser que les suspects pouvaient \u00eatre li\u00e9s \u00e0 un <strong>r\u00e9seau organis\u00e9 de vols de luxe<\/strong>, bien que l\u2019enqu\u00eate doive encore confirmer l\u2019\u00e9tendue de leur implication.<\/p>\n\n\n\n<h4 class=\"wp-block-heading\" id=\"h-enquete-confiee-a-la-brb\">Enqu\u00eate confi\u00e9e \u00e0 la BRB<\/h4>\n\n\n\n<p>L\u2019affaire a \u00e9t\u00e9 imm\u00e9diatement transmise \u00e0 la <strong>Brigade de r\u00e9pression du banditisme (BRB)<\/strong>, sp\u00e9cialis\u00e9e dans les d\u00e9lits \u00e0 forte valeur. Le parquet de Paris a ouvert une enqu\u00eate pour <strong>recel de vol en bande organis\u00e9e<\/strong>, proc\u00e9dure qui permettra de d\u00e9terminer les \u00e9ventuels complices et la provenance exacte des bijoux.<\/p>\n\n\n\n<p>Les deux individus sont connus des services de police, mais leur identit\u00e9 pr\u00e9cise et leur dur\u00e9e de s\u00e9jour en France n\u2019ont pas \u00e9t\u00e9 divulgu\u00e9es. Le mineur, dont l\u2019\u00e2ge n\u2019a pas \u00e9t\u00e9 pr\u00e9cis\u00e9, sera trait\u00e9 selon les proc\u00e9dures adapt\u00e9es \u00e0 sa situation.<\/p>\n\n\n\n<h4 class=\"wp-block-heading\" id=\"h-une-couverture-mediatique-europeenne\">Une couverture m\u00e9diatique europ\u00e9enne<\/h4>\n\n\n\n<p>La saisie a rapidement \u00e9t\u00e9 relay\u00e9e par de nombreux m\u00e9dias en France et en Europe, dont BFMTV, Le Parisien, La D\u00e9p\u00eache et Blick (Suisse), mettant en avant le caract\u00e8re insolite et spectaculaire de la dissimulation.<\/p>\n\n\n\n<ul class=\"wp-block-list\">\n<li><strong>Lire aussi: <\/strong><a href=\"https:\/\/www.webdo.tn\/fr\/actualite\/international\/france-un-tunisien-cambriole-deux-fois-la-meme-maison-en-moins-de-24h\/182075\/\">France : Un Tunisien cambriole deux fois la m\u00eame maison en moins de 24h<br><\/a><\/li>\n<\/ul>\n","protected":false},"excerpt":{"rendered":"<p>Samedi 30 ao\u00fbt 2025, la police fran\u00e7aise a proc\u00e9d\u00e9 \u00e0 l\u2019arrestation de deux ressortissants tunisiens, dont un mineur, \u00e0 la gare de Lyon \u00e0 Paris, \u00e0 leur descente d\u2019un TGV en provenance de Lyon. Une d\u00e9couverte spectaculaire a marqu\u00e9 cette intervention : pr\u00e8s de 10 millions d\u2019euros de bijoux de luxe \u00e9taient dissimul\u00e9s dans leurs [&hellip;]<\/p>\n","protected":false},"author":4779,"featured_media":382524,"comment_status":"closed","ping_status":"closed","sticky":false,"template":"","format":"standard","meta":{"footnotes":""},"categories":[2839],"tags":[3673,6362,7069,5270,3317],"class_list":["post-382521","post","type-post","status-publish","format-standard","has-post-thumbnail","hentry","category-divers","tag-arrestations","tag-bijoux","tag-gare-de-lyon","tag-paris","tag-tunisiens"],"yoast_head":"<!-- This site is optimized with the Yoast SEO Premium plugin v27.5 (Yoast SEO v27.5) - https:\/\/yoast.com\/product\/yoast-seo-premium-wordpress\/ -->\n<title>Paris : Deux Tunisiens arr\u00eat\u00e9s avec 10\u202fM\u20ac de bijoux cach\u00e9s dans leurs v\u00eatements - webdo<\/title>\n<meta name=\"description\" content=\"Deux Tunisiens arr\u00eat\u00e9s \u00e0 Paris avec 10 millions d&#039;euros de bijoux cach\u00e9s dans leurs v\u00eatements. D\u00e9couvrez les d\u00e9tails de cette arrestation.\" \/>\n<link rel=\"canonical\" href=\"https:\/\/www.webdo.tn\/fr\/actualite\/divers\/paris-deux-tunisiens-arretes-avec-10-me-de-bijoux-caches-dans-leurs-vetements\/382521\/\" \/>\n<meta property=\"og:locale\" content=\"fr_FR\" \/>\n<meta property=\"og:type\" content=\"article\" \/>\n<meta property=\"og:title\" content=\"Paris : Deux Tunisiens arr\u00eat\u00e9s avec 10\u202fM\u20ac de bijoux cach\u00e9s dans leurs v\u00eatements\" \/>\n<meta property=\"og:description\" content=\"Deux Tunisiens arr\u00eat\u00e9s \u00e0 Paris avec 10 millions d&#039;euros de bijoux cach\u00e9s dans leurs v\u00eatements. D\u00e9couvrez les d\u00e9tails de cette arrestation.\" \/>\n<meta property=\"og:url\" content=\"https:\/\/www.webdo.tn\/fr\/actualite\/divers\/paris-deux-tunisiens-arretes-avec-10-me-de-bijoux-caches-dans-leurs-vetements\/382521\/\" \/>\n<meta property=\"og:site_name\" content=\"webdo\" \/>\n<meta property=\"article:publisher\" content=\"https:\/\/www.facebook.com\/webdotn\" \/>\n<meta property=\"article:published_time\" content=\"2025-09-01T08:33:42+00:00\" \/>\n<meta property=\"article:modified_time\" content=\"2025-09-01T11:40:52+00:00\" \/>\n<meta property=\"og:image\" content=\"https:\/\/www.webdo.tn\/fr\/wp-content\/uploads\/2025\/09\/Gare-de-Lyon.jpg\" \/>\n\t<meta property=\"og:image:width\" content=\"1280\" \/>\n\t<meta property=\"og:image:height\" content=\"638\" \/>\n\t<meta property=\"og:image:type\" content=\"image\/jpeg\" \/>\n<meta name=\"author\" content=\"Firas Ben Abdeltif\" \/>\n<meta name=\"twitter:card\" content=\"summary_large_image\" \/>\n<meta name=\"twitter:creator\" content=\"@webdo_tn\" \/>\n<meta name=\"twitter:site\" content=\"@webdo_tn\" \/>\n<meta name=\"twitter:label1\" content=\"\u00c9crit par\" \/>\n\t<meta name=\"twitter:data1\" content=\"Firas Ben Abdeltif\" \/>\n\t<meta name=\"twitter:label2\" content=\"Dur\u00e9e de lecture estim\u00e9e\" \/>\n\t<meta name=\"twitter:data2\" content=\"2 minutes\" \/>\n<script type=\"application\/ld+json\" class=\"yoast-schema-graph\">{\"@context\":\"https:\\\/\\\/schema.org\",\"@graph\":[{\"@type\":\"NewsArticle\",\"@id\":\"https:\\\/\\\/www.webdo.tn\\\/fr\\\/actualite\\\/divers\\\/paris-deux-tunisiens-arretes-avec-10-me-de-bijoux-caches-dans-leurs-vetements\\\/382521\\\/#article\",\"isPartOf\":{\"@id\":\"https:\\\/\\\/www.webdo.tn\\\/fr\\\/actualite\\\/divers\\\/paris-deux-tunisiens-arretes-avec-10-me-de-bijoux-caches-dans-leurs-vetements\\\/382521\\\/\"},\"author\":{\"name\":\"Firas Ben Abdeltif\",\"@id\":\"https:\\\/\\\/www.webdo.tn\\\/fr\\\/#\\\/schema\\\/person\\\/19664196c9bfdcda126f3c27709f7d11\"},\"headline\":\"Paris : Deux Tunisiens arr\u00eat\u00e9s avec 10\u202fM\u20ac de bijoux cach\u00e9s dans leurs v\u00eatements\",\"datePublished\":\"2025-09-01T08:33:42+00:00\",\"dateModified\":\"2025-09-01T11:40:52+00:00\",\"mainEntityOfPage\":{\"@id\":\"https:\\\/\\\/www.webdo.tn\\\/fr\\\/actualite\\\/divers\\\/paris-deux-tunisiens-arretes-avec-10-me-de-bijoux-caches-dans-leurs-vetements\\\/382521\\\/\"},\"wordCount\":361,\"publisher\":{\"@id\":\"https:\\\/\\\/www.webdo.tn\\\/fr\\\/#organization\"},\"image\":{\"@id\":\"https:\\\/\\\/www.webdo.tn\\\/fr\\\/actualite\\\/divers\\\/paris-deux-tunisiens-arretes-avec-10-me-de-bijoux-caches-dans-leurs-vetements\\\/382521\\\/#primaryimage\"},\"thumbnailUrl\":\"https:\\\/\\\/www.webdo.tn\\\/fr\\\/wp-content\\\/uploads\\\/2025\\\/09\\\/Gare-de-Lyon.jpg\",\"keywords\":[\"arrestations\",\"bijoux\",\"gare de lyon\",\"Paris\",\"Tunisiens\"],\"articleSection\":[\"Divers\"],\"inLanguage\":\"fr-FR\"},{\"@type\":\"WebPage\",\"@id\":\"https:\\\/\\\/www.webdo.tn\\\/fr\\\/actualite\\\/divers\\\/paris-deux-tunisiens-arretes-avec-10-me-de-bijoux-caches-dans-leurs-vetements\\\/382521\\\/\",\"url\":\"https:\\\/\\\/www.webdo.tn\\\/fr\\\/actualite\\\/divers\\\/paris-deux-tunisiens-arretes-avec-10-me-de-bijoux-caches-dans-leurs-vetements\\\/382521\\\/\",\"name\":\"Paris : Deux Tunisiens arr\u00eat\u00e9s avec 10\u202fM\u20ac de bijoux cach\u00e9s dans leurs v\u00eatements - webdo\",\"isPartOf\":{\"@id\":\"https:\\\/\\\/www.webdo.tn\\\/fr\\\/#website\"},\"primaryImageOfPage\":{\"@id\":\"https:\\\/\\\/www.webdo.tn\\\/fr\\\/actualite\\\/divers\\\/paris-deux-tunisiens-arretes-avec-10-me-de-bijoux-caches-dans-leurs-vetements\\\/382521\\\/#primaryimage\"},\"image\":{\"@id\":\"https:\\\/\\\/www.webdo.tn\\\/fr\\\/actualite\\\/divers\\\/paris-deux-tunisiens-arretes-avec-10-me-de-bijoux-caches-dans-leurs-vetements\\\/382521\\\/#primaryimage\"},\"thumbnailUrl\":\"https:\\\/\\\/www.webdo.tn\\\/fr\\\/wp-content\\\/uploads\\\/2025\\\/09\\\/Gare-de-Lyon.jpg\",\"datePublished\":\"2025-09-01T08:33:42+00:00\",\"dateModified\":\"2025-09-01T11:40:52+00:00\",\"description\":\"Deux Tunisiens arr\u00eat\u00e9s \u00e0 Paris avec 10 millions d'euros de bijoux cach\u00e9s dans leurs v\u00eatements. D\u00e9couvrez les d\u00e9tails de cette arrestation.\",\"breadcrumb\":{\"@id\":\"https:\\\/\\\/www.webdo.tn\\\/fr\\\/actualite\\\/divers\\\/paris-deux-tunisiens-arretes-avec-10-me-de-bijoux-caches-dans-leurs-vetements\\\/382521\\\/#breadcrumb\"},\"inLanguage\":\"fr-FR\",\"potentialAction\":[{\"@type\":\"ReadAction\",\"target\":[\"https:\\\/\\\/www.webdo.tn\\\/fr\\\/actualite\\\/divers\\\/paris-deux-tunisiens-arretes-avec-10-me-de-bijoux-caches-dans-leurs-vetements\\\/382521\\\/\"]}]},{\"@type\":\"ImageObject\",\"inLanguage\":\"fr-FR\",\"@id\":\"https:\\\/\\\/www.webdo.tn\\\/fr\\\/actualite\\\/divers\\\/paris-deux-tunisiens-arretes-avec-10-me-de-bijoux-caches-dans-leurs-vetements\\\/382521\\\/#primaryimage\",\"url\":\"https:\\\/\\\/www.webdo.tn\\\/fr\\\/wp-content\\\/uploads\\\/2025\\\/09\\\/Gare-de-Lyon.jpg\",\"contentUrl\":\"https:\\\/\\\/www.webdo.tn\\\/fr\\\/wp-content\\\/uploads\\\/2025\\\/09\\\/Gare-de-Lyon.jpg\",\"width\":1280,\"height\":638,\"caption\":\"Paris - Gare de Lyon\"},{\"@type\":\"BreadcrumbList\",\"@id\":\"https:\\\/\\\/www.webdo.tn\\\/fr\\\/actualite\\\/divers\\\/paris-deux-tunisiens-arretes-avec-10-me-de-bijoux-caches-dans-leurs-vetements\\\/382521\\\/#breadcrumb\",\"itemListElement\":[{\"@type\":\"ListItem\",\"position\":1,\"name\":\"Accueil\",\"item\":\"https:\\\/\\\/www.webdo.tn\\\/fr\\\/\"},{\"@type\":\"ListItem\",\"position\":2,\"name\":\"Paris : Deux Tunisiens arr\u00eat\u00e9s avec 10\u202fM\u20ac de bijoux cach\u00e9s dans leurs v\u00eatements\"}]},{\"@type\":\"WebSite\",\"@id\":\"https:\\\/\\\/www.webdo.tn\\\/fr\\\/#website\",\"url\":\"https:\\\/\\\/www.webdo.tn\\\/fr\\\/\",\"name\":\"webdo\",\"description\":\"Tunisie - News en Tunisie et \u00e0 l&#039;international sur Webdo.tn\",\"publisher\":{\"@id\":\"https:\\\/\\\/www.webdo.tn\\\/fr\\\/#organization\"},\"potentialAction\":[{\"@type\":\"SearchAction\",\"target\":{\"@type\":\"EntryPoint\",\"urlTemplate\":\"https:\\\/\\\/www.webdo.tn\\\/fr\\\/?s={search_term_string}\"},\"query-input\":{\"@type\":\"PropertyValueSpecification\",\"valueRequired\":true,\"valueName\":\"search_term_string\"}}],\"inLanguage\":\"fr-FR\"},{\"@type\":\"Organization\",\"@id\":\"https:\\\/\\\/www.webdo.tn\\\/fr\\\/#organization\",\"name\":\"Webdo\",\"alternateName\":\"Webdo.tn\",\"url\":\"https:\\\/\\\/www.webdo.tn\\\/fr\\\/\",\"logo\":{\"@type\":\"ImageObject\",\"inLanguage\":\"fr-FR\",\"@id\":\"https:\\\/\\\/www.webdo.tn\\\/fr\\\/#\\\/schema\\\/logo\\\/image\\\/\",\"url\":\"https:\\\/\\\/www.webdo.tn\\\/fr\\\/wp-content\\\/uploads\\\/2025\\\/06\\\/Webdo-Tunisie_168377.jpg\",\"contentUrl\":\"https:\\\/\\\/www.webdo.tn\\\/fr\\\/wp-content\\\/uploads\\\/2025\\\/06\\\/Webdo-Tunisie_168377.jpg\",\"width\":301,\"height\":301,\"caption\":\"Webdo\"},\"image\":{\"@id\":\"https:\\\/\\\/www.webdo.tn\\\/fr\\\/#\\\/schema\\\/logo\\\/image\\\/\"},\"sameAs\":[\"https:\\\/\\\/www.facebook.com\\\/webdotn\",\"https:\\\/\\\/x.com\\\/webdo_tn\"],\"description\":\"Webdo est un m\u00e9dia num\u00e9rique tunisien fond\u00e9 en 2010, sp\u00e9cialis\u00e9 dans l\u2019actualit\u00e9 nationale et internationale, l\u2019\u00e9conomie, la soci\u00e9t\u00e9 et les analyses politiques. Le site s\u2019adresse \u00e0 un large public francophone et couvre l\u2019information tunisienne en temps r\u00e9el.\",\"email\":\"redac@webdo.tn\",\"legalName\":\"YNJ SARL\",\"foundingDate\":\"2010-09-06\",\"numberOfEmployees\":{\"@type\":\"QuantitativeValue\",\"minValue\":\"11\",\"maxValue\":\"50\"}},{\"@type\":\"Person\",\"@id\":\"https:\\\/\\\/www.webdo.tn\\\/fr\\\/#\\\/schema\\\/person\\\/19664196c9bfdcda126f3c27709f7d11\",\"name\":\"Firas Ben Abdeltif\",\"image\":{\"@type\":\"ImageObject\",\"inLanguage\":\"fr-FR\",\"@id\":\"https:\\\/\\\/secure.gravatar.com\\\/avatar\\\/161a347d40df098a084778c52ed133dbd85f14df003867067c5948081241ec55?s=96&d=mm&r=g\",\"url\":\"https:\\\/\\\/secure.gravatar.com\\\/avatar\\\/161a347d40df098a084778c52ed133dbd85f14df003867067c5948081241ec55?s=96&d=mm&r=g\",\"contentUrl\":\"https:\\\/\\\/secure.gravatar.com\\\/avatar\\\/161a347d40df098a084778c52ed133dbd85f14df003867067c5948081241ec55?s=96&d=mm&r=g\",\"caption\":\"Firas Ben Abdeltif\"},\"url\":\"https:\\\/\\\/www.webdo.tn\\\/fr\\\/actualite\\\/author\\\/firas-ben-abdeltif\\\/\"}]}<\/script>\n<!-- \/ Yoast SEO Premium plugin. -->","yoast_head_json":{"title":"Paris : Deux Tunisiens arr\u00eat\u00e9s avec 10\u202fM\u20ac de bijoux cach\u00e9s dans leurs v\u00eatements - webdo","description":"Deux Tunisiens arr\u00eat\u00e9s \u00e0 Paris avec 10 millions d'euros de bijoux cach\u00e9s dans leurs v\u00eatements. D\u00e9couvrez les d\u00e9tails de cette arrestation.","canonical":"https:\/\/www.webdo.tn\/fr\/actualite\/divers\/paris-deux-tunisiens-arretes-avec-10-me-de-bijoux-caches-dans-leurs-vetements\/382521\/","og_locale":"fr_FR","og_type":"article","og_title":"Paris : Deux Tunisiens arr\u00eat\u00e9s avec 10\u202fM\u20ac de bijoux cach\u00e9s dans leurs v\u00eatements","og_description":"Deux Tunisiens arr\u00eat\u00e9s \u00e0 Paris avec 10 millions d'euros de bijoux cach\u00e9s dans leurs v\u00eatements. D\u00e9couvrez les d\u00e9tails de cette arrestation.","og_url":"https:\/\/www.webdo.tn\/fr\/actualite\/divers\/paris-deux-tunisiens-arretes-avec-10-me-de-bijoux-caches-dans-leurs-vetements\/382521\/","og_site_name":"webdo","article_publisher":"https:\/\/www.facebook.com\/webdotn","article_published_time":"2025-09-01T08:33:42+00:00","article_modified_time":"2025-09-01T11:40:52+00:00","og_image":[{"width":1280,"height":638,"url":"https:\/\/www.webdo.tn\/fr\/wp-content\/uploads\/2025\/09\/Gare-de-Lyon.jpg","type":"image\/jpeg"}],"author":"Firas Ben Abdeltif","twitter_card":"summary_large_image","twitter_creator":"@webdo_tn","twitter_site":"@webdo_tn","twitter_misc":{"\u00c9crit par":"Firas Ben Abdeltif","Dur\u00e9e de lecture estim\u00e9e":"2 minutes"},"schema":{"@context":"https:\/\/schema.org","@graph":[{"@type":"NewsArticle","@id":"https:\/\/www.webdo.tn\/fr\/actualite\/divers\/paris-deux-tunisiens-arretes-avec-10-me-de-bijoux-caches-dans-leurs-vetements\/382521\/#article","isPartOf":{"@id":"https:\/\/www.webdo.tn\/fr\/actualite\/divers\/paris-deux-tunisiens-arretes-avec-10-me-de-bijoux-caches-dans-leurs-vetements\/382521\/"},"author":{"name":"Firas Ben Abdeltif","@id":"https:\/\/www.webdo.tn\/fr\/#\/schema\/person\/19664196c9bfdcda126f3c27709f7d11"},"headline":"Paris : Deux Tunisiens arr\u00eat\u00e9s avec 10\u202fM\u20ac de bijoux cach\u00e9s dans leurs v\u00eatements","datePublished":"2025-09-01T08:33:42+00:00","dateModified":"2025-09-01T11:40:52+00:00","mainEntityOfPage":{"@id":"https:\/\/www.webdo.tn\/fr\/actualite\/divers\/paris-deux-tunisiens-arretes-avec-10-me-de-bijoux-caches-dans-leurs-vetements\/382521\/"},"wordCount":361,"publisher":{"@id":"https:\/\/www.webdo.tn\/fr\/#organization"},"image":{"@id":"https:\/\/www.webdo.tn\/fr\/actualite\/divers\/paris-deux-tunisiens-arretes-avec-10-me-de-bijoux-caches-dans-leurs-vetements\/382521\/#primaryimage"},"thumbnailUrl":"https:\/\/www.webdo.tn\/fr\/wp-content\/uploads\/2025\/09\/Gare-de-Lyon.jpg","keywords":["arrestations","bijoux","gare de lyon","Paris","Tunisiens"],"articleSection":["Divers"],"inLanguage":"fr-FR"},{"@type":"WebPage","@id":"https:\/\/www.webdo.tn\/fr\/actualite\/divers\/paris-deux-tunisiens-arretes-avec-10-me-de-bijoux-caches-dans-leurs-vetements\/382521\/","url":"https:\/\/www.webdo.tn\/fr\/actualite\/divers\/paris-deux-tunisiens-arretes-avec-10-me-de-bijoux-caches-dans-leurs-vetements\/382521\/","name":"Paris : Deux Tunisiens arr\u00eat\u00e9s avec 10\u202fM\u20ac de bijoux cach\u00e9s dans leurs v\u00eatements - webdo","isPartOf":{"@id":"https:\/\/www.webdo.tn\/fr\/#website"},"primaryImageOfPage":{"@id":"https:\/\/www.webdo.tn\/fr\/actualite\/divers\/paris-deux-tunisiens-arretes-avec-10-me-de-bijoux-caches-dans-leurs-vetements\/382521\/#primaryimage"},"image":{"@id":"https:\/\/www.webdo.tn\/fr\/actualite\/divers\/paris-deux-tunisiens-arretes-avec-10-me-de-bijoux-caches-dans-leurs-vetements\/382521\/#primaryimage"},"thumbnailUrl":"https:\/\/www.webdo.tn\/fr\/wp-content\/uploads\/2025\/09\/Gare-de-Lyon.jpg","datePublished":"2025-09-01T08:33:42+00:00","dateModified":"2025-09-01T11:40:52+00:00","description":"Deux Tunisiens arr\u00eat\u00e9s \u00e0 Paris avec 10 millions d'euros de bijoux cach\u00e9s dans leurs v\u00eatements. D\u00e9couvrez les d\u00e9tails de cette arrestation.","breadcrumb":{"@id":"https:\/\/www.webdo.tn\/fr\/actualite\/divers\/paris-deux-tunisiens-arretes-avec-10-me-de-bijoux-caches-dans-leurs-vetements\/382521\/#breadcrumb"},"inLanguage":"fr-FR","potentialAction":[{"@type":"ReadAction","target":["https:\/\/www.webdo.tn\/fr\/actualite\/divers\/paris-deux-tunisiens-arretes-avec-10-me-de-bijoux-caches-dans-leurs-vetements\/382521\/"]}]},{"@type":"ImageObject","inLanguage":"fr-FR","@id":"https:\/\/www.webdo.tn\/fr\/actualite\/divers\/paris-deux-tunisiens-arretes-avec-10-me-de-bijoux-caches-dans-leurs-vetements\/382521\/#primaryimage","url":"https:\/\/www.webdo.tn\/fr\/wp-content\/uploads\/2025\/09\/Gare-de-Lyon.jpg","contentUrl":"https:\/\/www.webdo.tn\/fr\/wp-content\/uploads\/2025\/09\/Gare-de-Lyon.jpg","width":1280,"height":638,"caption":"Paris - Gare de Lyon"},{"@type":"BreadcrumbList","@id":"https:\/\/www.webdo.tn\/fr\/actualite\/divers\/paris-deux-tunisiens-arretes-avec-10-me-de-bijoux-caches-dans-leurs-vetements\/382521\/#breadcrumb","itemListElement":[{"@type":"ListItem","position":1,"name":"Accueil","item":"https:\/\/www.webdo.tn\/fr\/"},{"@type":"ListItem","position":2,"name":"Paris : Deux Tunisiens arr\u00eat\u00e9s avec 10\u202fM\u20ac de bijoux cach\u00e9s dans leurs v\u00eatements"}]},{"@type":"WebSite","@id":"https:\/\/www.webdo.tn\/fr\/#website","url":"https:\/\/www.webdo.tn\/fr\/","name":"webdo","description":"Tunisie - News en Tunisie et \u00e0 l&#039;international sur Webdo.tn","publisher":{"@id":"https:\/\/www.webdo.tn\/fr\/#organization"},"potentialAction":[{"@type":"SearchAction","target":{"@type":"EntryPoint","urlTemplate":"https:\/\/www.webdo.tn\/fr\/?s={search_term_string}"},"query-input":{"@type":"PropertyValueSpecification","valueRequired":true,"valueName":"search_term_string"}}],"inLanguage":"fr-FR"},{"@type":"Organization","@id":"https:\/\/www.webdo.tn\/fr\/#organization","name":"Webdo","alternateName":"Webdo.tn","url":"https:\/\/www.webdo.tn\/fr\/","logo":{"@type":"ImageObject","inLanguage":"fr-FR","@id":"https:\/\/www.webdo.tn\/fr\/#\/schema\/logo\/image\/","url":"https:\/\/www.webdo.tn\/fr\/wp-content\/uploads\/2025\/06\/Webdo-Tunisie_168377.jpg","contentUrl":"https:\/\/www.webdo.tn\/fr\/wp-content\/uploads\/2025\/06\/Webdo-Tunisie_168377.jpg","width":301,"height":301,"caption":"Webdo"},"image":{"@id":"https:\/\/www.webdo.tn\/fr\/#\/schema\/logo\/image\/"},"sameAs":["https:\/\/www.facebook.com\/webdotn","https:\/\/x.com\/webdo_tn"],"description":"Webdo est un m\u00e9dia num\u00e9rique tunisien fond\u00e9 en 2010, sp\u00e9cialis\u00e9 dans l\u2019actualit\u00e9 nationale et internationale, l\u2019\u00e9conomie, la soci\u00e9t\u00e9 et les analyses politiques. Le site s\u2019adresse \u00e0 un large public francophone et couvre l\u2019information tunisienne en temps r\u00e9el.","email":"redac@webdo.tn","legalName":"YNJ SARL","foundingDate":"2010-09-06","numberOfEmployees":{"@type":"QuantitativeValue","minValue":"11","maxValue":"50"}},{"@type":"Person","@id":"https:\/\/www.webdo.tn\/fr\/#\/schema\/person\/19664196c9bfdcda126f3c27709f7d11","name":"Firas Ben Abdeltif","image":{"@type":"ImageObject","inLanguage":"fr-FR","@id":"https:\/\/secure.gravatar.com\/avatar\/161a347d40df098a084778c52ed133dbd85f14df003867067c5948081241ec55?s=96&d=mm&r=g","url":"https:\/\/secure.gravatar.com\/avatar\/161a347d40df098a084778c52ed133dbd85f14df003867067c5948081241ec55?s=96&d=mm&r=g","contentUrl":"https:\/\/secure.gravatar.com\/avatar\/161a347d40df098a084778c52ed133dbd85f14df003867067c5948081241ec55?s=96&d=mm&r=g","caption":"Firas Ben Abdeltif"},"url":"https:\/\/www.webdo.tn\/fr\/actualite\/author\/firas-ben-abdeltif\/"}]}},"_links":{"self":[{"href":"https:\/\/www.webdo.tn\/fr\/wp-json\/wp\/v2\/posts\/382521","targetHints":{"allow":["GET"]}}],"collection":[{"href":"https:\/\/www.webdo.tn\/fr\/wp-json\/wp\/v2\/posts"}],"about":[{"href":"https:\/\/www.webdo.tn\/fr\/wp-json\/wp\/v2\/types\/post"}],"author":[{"embeddable":true,"href":"https:\/\/www.webdo.tn\/fr\/wp-json\/wp\/v2\/users\/4779"}],"replies":[{"embeddable":true,"href":"https:\/\/www.webdo.tn\/fr\/wp-json\/wp\/v2\/comments?post=382521"}],"version-history":[{"count":0,"href":"https:\/\/www.webdo.tn\/fr\/wp-json\/wp\/v2\/posts\/382521\/revisions"}],"wp:featuredmedia":[{"embeddable":true,"href":"https:\/\/www.webdo.tn\/fr\/wp-json\/wp\/v2\/media\/382524"}],"wp:attachment":[{"href":"https:\/\/www.webdo.tn\/fr\/wp-json\/wp\/v2\/media?parent=382521"}],"wp:term":[{"taxonomy":"category","embeddable":true,"href":"https:\/\/www.webdo.tn\/fr\/wp-json\/wp\/v2\/categories?post=382521"},{"taxonomy":"post_tag","embeddable":true,"href":"https:\/\/www.webdo.tn\/fr\/wp-json\/wp\/v2\/tags?post=382521"}],"curies":[{"name":"wp","href":"https:\/\/api.w.org\/{rel}","templated":true}]}}