{"id":382492,"date":"2025-08-31T10:47:10","date_gmt":"2025-08-31T09:47:10","guid":{"rendered":"https:\/\/www.webdo.tn\/fr\/?p=382492"},"modified":"2025-09-01T08:34:27","modified_gmt":"2025-09-01T07:34:27","slug":"yemen-le-premier-ministre-houthi-tue-dans-une-frappe-israelien","status":"publish","type":"post","link":"https:\/\/www.webdo.tn\/fr\/actualite\/international\/yemen-le-premier-ministre-houthi-tue-dans-une-frappe-israelien\/382492\/","title":{"rendered":"Y\u00e9men : le Premier ministre houthi tu\u00e9 dans une frappe isra\u00e9lienne"},"content":{"rendered":"\n<p><strong>Les Houthis au Y\u00e9men ont confirm\u00e9 samedi 30 ao\u00fbt la mort de leur Premier ministre, Ahmad Ghaleb al-Rahwi, ainsi que plusieurs autres ministres, apr\u00e8s des frappes isra\u00e9liennes qui ont touch\u00e9 la capitale Sanaa jeudi. Cette attaque \u00e9limine le plus haut responsable houthi depuis le d\u00e9but de l&rsquo;agression isra\u00e9lienne \u00e0 Gaza.<\/strong><\/p>\n\n\n\n<p>Le mouvement indique que les responsables participaient \u00e0 une r\u00e9union gouvernementale. Plusieurs ministres ont \u00e9t\u00e9 bless\u00e9s, certains gri\u00e8vement. Mehdi al-Machat, chef du Conseil politique supr\u00eame houthi, a promis des repr\u00e9sailles contre Isra\u00ebl et a demand\u00e9 aux entreprises \u00e9trang\u00e8res pr\u00e9sentes dans le pays de partir rapidement.<\/p>\n\n\n\n<p>Les Houthis, soutenus par l\u2019Iran, lancent des attaques contre Isra\u00ebl pour soutenir les Palestiniens. Ils ont repris r\u00e9cemment des tirs de missiles et d\u2019attaques en mer Rouge et dans le golfe d\u2019Aden contre des navires li\u00e9s \u00e0 Isra\u00ebl. Mercredi, ils ont revendiqu\u00e9 un tir de missile intercept\u00e9 par l\u2019arm\u00e9e isra\u00e9lienne.<\/p>\n\n\n\n<p>Les Houthis ont nomm\u00e9 Mohammed Ahmad Mouftah Premier ministre par int\u00e9rim. Le mouvement affirme que le gouvernement continuera de fonctionner malgr\u00e9 la perte de ses principaux responsables.<\/p>\n\n\n\n<p>La guerre au Y\u00e9men a fait des centaines de milliers de morts et provoque l\u2019une des pires crises humanitaires de la r\u00e9gion. Depuis 2014, les Houthis contr\u00f4lent Sanaa et le nord du pays. Le gouvernement internationalement reconnu si\u00e8ge \u00e0 Aden.<\/p>\n\n\n\n<p>Ces frappes posent une question : un \u00c9tat peut-il assassiner des ministres d\u2019un autre pays sans r\u00e9action internationale\u202f? Les raids isra\u00e9liens \u00e0 Sanaa montrent que des responsables gouvernementaux peuvent \u00eatre \u00e9limin\u00e9s et que le monde observe en silence. On tue des ministres, et personne n\u2019intervient.<\/p>\n\n\n\n<p><\/p>\n","protected":false},"excerpt":{"rendered":"<p>Les Houthis au Y\u00e9men ont confirm\u00e9 samedi 30 ao\u00fbt la mort de leur Premier ministre, Ahmad Ghaleb al-Rahwi, ainsi que plusieurs autres ministres, apr\u00e8s des frappes isra\u00e9liennes qui ont touch\u00e9 la capitale Sanaa jeudi. Cette attaque \u00e9limine le plus haut responsable houthi depuis le d\u00e9but de l&rsquo;agression isra\u00e9lienne \u00e0 Gaza. Le mouvement indique que les [&hellip;]<\/p>\n","protected":false},"author":4782,"featured_media":382493,"comment_status":"closed","ping_status":"closed","sticky":false,"template":"","format":"standard","meta":{"footnotes":""},"categories":[2598],"tags":[2638,2636,2637],"class_list":["post-382492","post","type-post","status-publish","format-standard","has-post-thumbnail","hentry","category-international","tag-houthis","tag-israel","tag-yemen"],"yoast_head":"<!-- This site is optimized with the Yoast SEO Premium plugin v27.5 (Yoast SEO v27.5) - https:\/\/yoast.com\/product\/yoast-seo-premium-wordpress\/ -->\n<title>Y\u00e9men : le Premier ministre houthi tu\u00e9 dans une frappe isra\u00e9lienne - webdo<\/title>\n<meta name=\"description\" content=\"La mort du Premier ministre houthi \u00e0 Sanaa souligne l&#039;intensification des tensions au Y\u00e9men suite aux attaques isra\u00e9liennes.\" \/>\n<link rel=\"canonical\" href=\"https:\/\/www.webdo.tn\/fr\/actualite\/international\/yemen-le-premier-ministre-houthi-tue-dans-une-frappe-israelien\/382492\/\" \/>\n<meta property=\"og:locale\" content=\"fr_FR\" \/>\n<meta property=\"og:type\" content=\"article\" \/>\n<meta property=\"og:title\" content=\"Y\u00e9men : le Premier ministre houthi tu\u00e9 dans une frappe isra\u00e9lienne\" \/>\n<meta property=\"og:description\" content=\"La mort du Premier ministre houthi \u00e0 Sanaa souligne l&#039;intensification des tensions au Y\u00e9men suite aux attaques isra\u00e9liennes.\" \/>\n<meta property=\"og:url\" content=\"https:\/\/www.webdo.tn\/fr\/actualite\/international\/yemen-le-premier-ministre-houthi-tue-dans-une-frappe-israelien\/382492\/\" \/>\n<meta property=\"og:site_name\" content=\"webdo\" \/>\n<meta property=\"article:publisher\" content=\"https:\/\/www.facebook.com\/webdotn\" \/>\n<meta property=\"article:published_time\" content=\"2025-08-31T09:47:10+00:00\" \/>\n<meta property=\"article:modified_time\" content=\"2025-09-01T07:34:27+00:00\" \/>\n<meta property=\"og:image\" content=\"https:\/\/www.webdo.tn\/fr\/wp-content\/uploads\/2025\/08\/678738.webp\" \/>\n\t<meta property=\"og:image:width\" content=\"1280\" \/>\n\t<meta property=\"og:image:height\" content=\"720\" \/>\n\t<meta property=\"og:image:type\" content=\"image\/webp\" \/>\n<meta name=\"author\" content=\"Mohamed Fethi\" \/>\n<meta name=\"twitter:card\" content=\"summary_large_image\" \/>\n<meta name=\"twitter:creator\" content=\"@webdo_tn\" \/>\n<meta name=\"twitter:site\" content=\"@webdo_tn\" \/>\n<meta name=\"twitter:label1\" content=\"\u00c9crit par\" \/>\n\t<meta name=\"twitter:data1\" content=\"Mohamed Fethi\" \/>\n\t<meta name=\"twitter:label2\" content=\"Dur\u00e9e de lecture estim\u00e9e\" \/>\n\t<meta name=\"twitter:data2\" content=\"2 minutes\" \/>\n<script type=\"application\/ld+json\" class=\"yoast-schema-graph\">{\"@context\":\"https:\\\/\\\/schema.org\",\"@graph\":[{\"@type\":\"NewsArticle\",\"@id\":\"https:\\\/\\\/www.webdo.tn\\\/fr\\\/actualite\\\/international\\\/yemen-le-premier-ministre-houthi-tue-dans-une-frappe-israelien\\\/382492\\\/#article\",\"isPartOf\":{\"@id\":\"https:\\\/\\\/www.webdo.tn\\\/fr\\\/actualite\\\/international\\\/yemen-le-premier-ministre-houthi-tue-dans-une-frappe-israelien\\\/382492\\\/\"},\"author\":{\"name\":\"Mohamed Fethi\",\"@id\":\"https:\\\/\\\/www.webdo.tn\\\/fr\\\/#\\\/schema\\\/person\\\/16a4857e77dfc0b610c4c2cadffc9ac4\"},\"headline\":\"Y\u00e9men : le Premier ministre houthi tu\u00e9 dans une frappe isra\u00e9lienne\",\"datePublished\":\"2025-08-31T09:47:10+00:00\",\"dateModified\":\"2025-09-01T07:34:27+00:00\",\"mainEntityOfPage\":{\"@id\":\"https:\\\/\\\/www.webdo.tn\\\/fr\\\/actualite\\\/international\\\/yemen-le-premier-ministre-houthi-tue-dans-une-frappe-israelien\\\/382492\\\/\"},\"wordCount\":297,\"publisher\":{\"@id\":\"https:\\\/\\\/www.webdo.tn\\\/fr\\\/#organization\"},\"image\":{\"@id\":\"https:\\\/\\\/www.webdo.tn\\\/fr\\\/actualite\\\/international\\\/yemen-le-premier-ministre-houthi-tue-dans-une-frappe-israelien\\\/382492\\\/#primaryimage\"},\"thumbnailUrl\":\"https:\\\/\\\/www.webdo.tn\\\/fr\\\/wp-content\\\/uploads\\\/2025\\\/08\\\/678738.webp\",\"keywords\":[\"houthis\",\"isra\u00ebl\",\"y\u00e9men\"],\"articleSection\":[\"International\"],\"inLanguage\":\"fr-FR\"},{\"@type\":\"WebPage\",\"@id\":\"https:\\\/\\\/www.webdo.tn\\\/fr\\\/actualite\\\/international\\\/yemen-le-premier-ministre-houthi-tue-dans-une-frappe-israelien\\\/382492\\\/\",\"url\":\"https:\\\/\\\/www.webdo.tn\\\/fr\\\/actualite\\\/international\\\/yemen-le-premier-ministre-houthi-tue-dans-une-frappe-israelien\\\/382492\\\/\",\"name\":\"Y\u00e9men : le Premier ministre houthi tu\u00e9 dans une frappe isra\u00e9lienne - webdo\",\"isPartOf\":{\"@id\":\"https:\\\/\\\/www.webdo.tn\\\/fr\\\/#website\"},\"primaryImageOfPage\":{\"@id\":\"https:\\\/\\\/www.webdo.tn\\\/fr\\\/actualite\\\/international\\\/yemen-le-premier-ministre-houthi-tue-dans-une-frappe-israelien\\\/382492\\\/#primaryimage\"},\"image\":{\"@id\":\"https:\\\/\\\/www.webdo.tn\\\/fr\\\/actualite\\\/international\\\/yemen-le-premier-ministre-houthi-tue-dans-une-frappe-israelien\\\/382492\\\/#primaryimage\"},\"thumbnailUrl\":\"https:\\\/\\\/www.webdo.tn\\\/fr\\\/wp-content\\\/uploads\\\/2025\\\/08\\\/678738.webp\",\"datePublished\":\"2025-08-31T09:47:10+00:00\",\"dateModified\":\"2025-09-01T07:34:27+00:00\",\"description\":\"La mort du Premier ministre houthi \u00e0 Sanaa souligne l'intensification des tensions au Y\u00e9men suite aux attaques isra\u00e9liennes.\",\"breadcrumb\":{\"@id\":\"https:\\\/\\\/www.webdo.tn\\\/fr\\\/actualite\\\/international\\\/yemen-le-premier-ministre-houthi-tue-dans-une-frappe-israelien\\\/382492\\\/#breadcrumb\"},\"inLanguage\":\"fr-FR\",\"potentialAction\":[{\"@type\":\"ReadAction\",\"target\":[\"https:\\\/\\\/www.webdo.tn\\\/fr\\\/actualite\\\/international\\\/yemen-le-premier-ministre-houthi-tue-dans-une-frappe-israelien\\\/382492\\\/\"]}]},{\"@type\":\"ImageObject\",\"inLanguage\":\"fr-FR\",\"@id\":\"https:\\\/\\\/www.webdo.tn\\\/fr\\\/actualite\\\/international\\\/yemen-le-premier-ministre-houthi-tue-dans-une-frappe-israelien\\\/382492\\\/#primaryimage\",\"url\":\"https:\\\/\\\/www.webdo.tn\\\/fr\\\/wp-content\\\/uploads\\\/2025\\\/08\\\/678738.webp\",\"contentUrl\":\"https:\\\/\\\/www.webdo.tn\\\/fr\\\/wp-content\\\/uploads\\\/2025\\\/08\\\/678738.webp\",\"width\":1280,\"height\":720},{\"@type\":\"BreadcrumbList\",\"@id\":\"https:\\\/\\\/www.webdo.tn\\\/fr\\\/actualite\\\/international\\\/yemen-le-premier-ministre-houthi-tue-dans-une-frappe-israelien\\\/382492\\\/#breadcrumb\",\"itemListElement\":[{\"@type\":\"ListItem\",\"position\":1,\"name\":\"Accueil\",\"item\":\"https:\\\/\\\/www.webdo.tn\\\/fr\\\/\"},{\"@type\":\"ListItem\",\"position\":2,\"name\":\"Y\u00e9men : le Premier ministre houthi tu\u00e9 dans une frappe isra\u00e9lienne\"}]},{\"@type\":\"WebSite\",\"@id\":\"https:\\\/\\\/www.webdo.tn\\\/fr\\\/#website\",\"url\":\"https:\\\/\\\/www.webdo.tn\\\/fr\\\/\",\"name\":\"webdo\",\"description\":\"Tunisie - News en Tunisie et \u00e0 l&#039;international sur Webdo.tn\",\"publisher\":{\"@id\":\"https:\\\/\\\/www.webdo.tn\\\/fr\\\/#organization\"},\"potentialAction\":[{\"@type\":\"SearchAction\",\"target\":{\"@type\":\"EntryPoint\",\"urlTemplate\":\"https:\\\/\\\/www.webdo.tn\\\/fr\\\/?s={search_term_string}\"},\"query-input\":{\"@type\":\"PropertyValueSpecification\",\"valueRequired\":true,\"valueName\":\"search_term_string\"}}],\"inLanguage\":\"fr-FR\"},{\"@type\":\"Organization\",\"@id\":\"https:\\\/\\\/www.webdo.tn\\\/fr\\\/#organization\",\"name\":\"Webdo\",\"alternateName\":\"Webdo.tn\",\"url\":\"https:\\\/\\\/www.webdo.tn\\\/fr\\\/\",\"logo\":{\"@type\":\"ImageObject\",\"inLanguage\":\"fr-FR\",\"@id\":\"https:\\\/\\\/www.webdo.tn\\\/fr\\\/#\\\/schema\\\/logo\\\/image\\\/\",\"url\":\"https:\\\/\\\/www.webdo.tn\\\/fr\\\/wp-content\\\/uploads\\\/2025\\\/06\\\/Webdo-Tunisie_168377.jpg\",\"contentUrl\":\"https:\\\/\\\/www.webdo.tn\\\/fr\\\/wp-content\\\/uploads\\\/2025\\\/06\\\/Webdo-Tunisie_168377.jpg\",\"width\":301,\"height\":301,\"caption\":\"Webdo\"},\"image\":{\"@id\":\"https:\\\/\\\/www.webdo.tn\\\/fr\\\/#\\\/schema\\\/logo\\\/image\\\/\"},\"sameAs\":[\"https:\\\/\\\/www.facebook.com\\\/webdotn\",\"https:\\\/\\\/x.com\\\/webdo_tn\"],\"description\":\"Webdo est un m\u00e9dia num\u00e9rique tunisien fond\u00e9 en 2010, sp\u00e9cialis\u00e9 dans l\u2019actualit\u00e9 nationale et internationale, l\u2019\u00e9conomie, la soci\u00e9t\u00e9 et les analyses politiques. Le site s\u2019adresse \u00e0 un large public francophone et couvre l\u2019information tunisienne en temps r\u00e9el.\",\"email\":\"redac@webdo.tn\",\"legalName\":\"YNJ SARL\",\"foundingDate\":\"2010-09-06\",\"numberOfEmployees\":{\"@type\":\"QuantitativeValue\",\"minValue\":\"11\",\"maxValue\":\"50\"}},{\"@type\":\"Person\",\"@id\":\"https:\\\/\\\/www.webdo.tn\\\/fr\\\/#\\\/schema\\\/person\\\/16a4857e77dfc0b610c4c2cadffc9ac4\",\"name\":\"Mohamed Fethi\",\"image\":{\"@type\":\"ImageObject\",\"inLanguage\":\"fr-FR\",\"@id\":\"https:\\\/\\\/www.webdo.tn\\\/fr\\\/wp-content\\\/uploads\\\/2026\\\/04\\\/mohamed-fethi_avatar_1-96x96.jpg\",\"url\":\"https:\\\/\\\/www.webdo.tn\\\/fr\\\/wp-content\\\/uploads\\\/2026\\\/04\\\/mohamed-fethi_avatar_1-96x96.jpg\",\"contentUrl\":\"https:\\\/\\\/www.webdo.tn\\\/fr\\\/wp-content\\\/uploads\\\/2026\\\/04\\\/mohamed-fethi_avatar_1-96x96.jpg\",\"caption\":\"Mohamed Fethi\"},\"description\":\"Signature \u00e9ditoriale de Maher Chaabane Mohamed Fethi est le pseudonyme \u00e9ditorial de Maher Chaabane, r\u00e9dacteur en chef de Webdo.tn depuis 2012. Cette signature est d\u00e9di\u00e9e au traitement intensif de l'actualit\u00e9 nationale et internationale en temps r\u00e9el. S'appuyant sur les deux d\u00e9cennies d'expertise journalistique de Maher Chaabane \u2014 d\u00e9but\u00e9e au sein du groupe Tunis Hebdo en 2000 \u2014 Mohamed Fethi assure une veille rigoureuse sur les enjeux politiques, \u00e9conomiques et sportifs. Sa mission est de garantir une information structur\u00e9e, fluide et fid\u00e8le aux standards de la r\u00e9daction. Pour consulter le parcours complet du r\u00e9dacteur en chef, visitez le profil officiel de Maher Chaabane.\",\"knowsAbout\":[\"actualit\u00e9\",\"journalisme\",\"information\",\"politique\",\"sport\",\"m\u00e9dias\",\"actualit\u00e9 internationale\"],\"knowsLanguage\":[\"Fran\u00e7ais\",\"Arabe\"],\"jobTitle\":\"Journaliste \u2013 R\u00e9daction Webdo\",\"worksFor\":\"Webdo.tn\",\"url\":\"https:\\\/\\\/www.webdo.tn\\\/fr\\\/actualite\\\/author\\\/mohamed-fethi\\\/\"}]}<\/script>\n<!-- \/ Yoast SEO Premium plugin. -->","yoast_head_json":{"title":"Y\u00e9men : le Premier ministre houthi tu\u00e9 dans une frappe isra\u00e9lienne - webdo","description":"La mort du Premier ministre houthi \u00e0 Sanaa souligne l'intensification des tensions au Y\u00e9men suite aux attaques isra\u00e9liennes.","canonical":"https:\/\/www.webdo.tn\/fr\/actualite\/international\/yemen-le-premier-ministre-houthi-tue-dans-une-frappe-israelien\/382492\/","og_locale":"fr_FR","og_type":"article","og_title":"Y\u00e9men : le Premier ministre houthi tu\u00e9 dans une frappe isra\u00e9lienne","og_description":"La mort du Premier ministre houthi \u00e0 Sanaa souligne l'intensification des tensions au Y\u00e9men suite aux attaques isra\u00e9liennes.","og_url":"https:\/\/www.webdo.tn\/fr\/actualite\/international\/yemen-le-premier-ministre-houthi-tue-dans-une-frappe-israelien\/382492\/","og_site_name":"webdo","article_publisher":"https:\/\/www.facebook.com\/webdotn","article_published_time":"2025-08-31T09:47:10+00:00","article_modified_time":"2025-09-01T07:34:27+00:00","og_image":[{"width":1280,"height":720,"url":"https:\/\/www.webdo.tn\/fr\/wp-content\/uploads\/2025\/08\/678738.webp","type":"image\/webp"}],"author":"Mohamed Fethi","twitter_card":"summary_large_image","twitter_creator":"@webdo_tn","twitter_site":"@webdo_tn","twitter_misc":{"\u00c9crit par":"Mohamed Fethi","Dur\u00e9e de lecture estim\u00e9e":"2 minutes"},"schema":{"@context":"https:\/\/schema.org","@graph":[{"@type":"NewsArticle","@id":"https:\/\/www.webdo.tn\/fr\/actualite\/international\/yemen-le-premier-ministre-houthi-tue-dans-une-frappe-israelien\/382492\/#article","isPartOf":{"@id":"https:\/\/www.webdo.tn\/fr\/actualite\/international\/yemen-le-premier-ministre-houthi-tue-dans-une-frappe-israelien\/382492\/"},"author":{"name":"Mohamed Fethi","@id":"https:\/\/www.webdo.tn\/fr\/#\/schema\/person\/16a4857e77dfc0b610c4c2cadffc9ac4"},"headline":"Y\u00e9men : le Premier ministre houthi tu\u00e9 dans une frappe isra\u00e9lienne","datePublished":"2025-08-31T09:47:10+00:00","dateModified":"2025-09-01T07:34:27+00:00","mainEntityOfPage":{"@id":"https:\/\/www.webdo.tn\/fr\/actualite\/international\/yemen-le-premier-ministre-houthi-tue-dans-une-frappe-israelien\/382492\/"},"wordCount":297,"publisher":{"@id":"https:\/\/www.webdo.tn\/fr\/#organization"},"image":{"@id":"https:\/\/www.webdo.tn\/fr\/actualite\/international\/yemen-le-premier-ministre-houthi-tue-dans-une-frappe-israelien\/382492\/#primaryimage"},"thumbnailUrl":"https:\/\/www.webdo.tn\/fr\/wp-content\/uploads\/2025\/08\/678738.webp","keywords":["houthis","isra\u00ebl","y\u00e9men"],"articleSection":["International"],"inLanguage":"fr-FR"},{"@type":"WebPage","@id":"https:\/\/www.webdo.tn\/fr\/actualite\/international\/yemen-le-premier-ministre-houthi-tue-dans-une-frappe-israelien\/382492\/","url":"https:\/\/www.webdo.tn\/fr\/actualite\/international\/yemen-le-premier-ministre-houthi-tue-dans-une-frappe-israelien\/382492\/","name":"Y\u00e9men : le Premier ministre houthi tu\u00e9 dans une frappe isra\u00e9lienne - webdo","isPartOf":{"@id":"https:\/\/www.webdo.tn\/fr\/#website"},"primaryImageOfPage":{"@id":"https:\/\/www.webdo.tn\/fr\/actualite\/international\/yemen-le-premier-ministre-houthi-tue-dans-une-frappe-israelien\/382492\/#primaryimage"},"image":{"@id":"https:\/\/www.webdo.tn\/fr\/actualite\/international\/yemen-le-premier-ministre-houthi-tue-dans-une-frappe-israelien\/382492\/#primaryimage"},"thumbnailUrl":"https:\/\/www.webdo.tn\/fr\/wp-content\/uploads\/2025\/08\/678738.webp","datePublished":"2025-08-31T09:47:10+00:00","dateModified":"2025-09-01T07:34:27+00:00","description":"La mort du Premier ministre houthi \u00e0 Sanaa souligne l'intensification des tensions au Y\u00e9men suite aux attaques isra\u00e9liennes.","breadcrumb":{"@id":"https:\/\/www.webdo.tn\/fr\/actualite\/international\/yemen-le-premier-ministre-houthi-tue-dans-une-frappe-israelien\/382492\/#breadcrumb"},"inLanguage":"fr-FR","potentialAction":[{"@type":"ReadAction","target":["https:\/\/www.webdo.tn\/fr\/actualite\/international\/yemen-le-premier-ministre-houthi-tue-dans-une-frappe-israelien\/382492\/"]}]},{"@type":"ImageObject","inLanguage":"fr-FR","@id":"https:\/\/www.webdo.tn\/fr\/actualite\/international\/yemen-le-premier-ministre-houthi-tue-dans-une-frappe-israelien\/382492\/#primaryimage","url":"https:\/\/www.webdo.tn\/fr\/wp-content\/uploads\/2025\/08\/678738.webp","contentUrl":"https:\/\/www.webdo.tn\/fr\/wp-content\/uploads\/2025\/08\/678738.webp","width":1280,"height":720},{"@type":"BreadcrumbList","@id":"https:\/\/www.webdo.tn\/fr\/actualite\/international\/yemen-le-premier-ministre-houthi-tue-dans-une-frappe-israelien\/382492\/#breadcrumb","itemListElement":[{"@type":"ListItem","position":1,"name":"Accueil","item":"https:\/\/www.webdo.tn\/fr\/"},{"@type":"ListItem","position":2,"name":"Y\u00e9men : le Premier ministre houthi tu\u00e9 dans une frappe isra\u00e9lienne"}]},{"@type":"WebSite","@id":"https:\/\/www.webdo.tn\/fr\/#website","url":"https:\/\/www.webdo.tn\/fr\/","name":"webdo","description":"Tunisie - News en Tunisie et \u00e0 l&#039;international sur Webdo.tn","publisher":{"@id":"https:\/\/www.webdo.tn\/fr\/#organization"},"potentialAction":[{"@type":"SearchAction","target":{"@type":"EntryPoint","urlTemplate":"https:\/\/www.webdo.tn\/fr\/?s={search_term_string}"},"query-input":{"@type":"PropertyValueSpecification","valueRequired":true,"valueName":"search_term_string"}}],"inLanguage":"fr-FR"},{"@type":"Organization","@id":"https:\/\/www.webdo.tn\/fr\/#organization","name":"Webdo","alternateName":"Webdo.tn","url":"https:\/\/www.webdo.tn\/fr\/","logo":{"@type":"ImageObject","inLanguage":"fr-FR","@id":"https:\/\/www.webdo.tn\/fr\/#\/schema\/logo\/image\/","url":"https:\/\/www.webdo.tn\/fr\/wp-content\/uploads\/2025\/06\/Webdo-Tunisie_168377.jpg","contentUrl":"https:\/\/www.webdo.tn\/fr\/wp-content\/uploads\/2025\/06\/Webdo-Tunisie_168377.jpg","width":301,"height":301,"caption":"Webdo"},"image":{"@id":"https:\/\/www.webdo.tn\/fr\/#\/schema\/logo\/image\/"},"sameAs":["https:\/\/www.facebook.com\/webdotn","https:\/\/x.com\/webdo_tn"],"description":"Webdo est un m\u00e9dia num\u00e9rique tunisien fond\u00e9 en 2010, sp\u00e9cialis\u00e9 dans l\u2019actualit\u00e9 nationale et internationale, l\u2019\u00e9conomie, la soci\u00e9t\u00e9 et les analyses politiques. Le site s\u2019adresse \u00e0 un large public francophone et couvre l\u2019information tunisienne en temps r\u00e9el.","email":"redac@webdo.tn","legalName":"YNJ SARL","foundingDate":"2010-09-06","numberOfEmployees":{"@type":"QuantitativeValue","minValue":"11","maxValue":"50"}},{"@type":"Person","@id":"https:\/\/www.webdo.tn\/fr\/#\/schema\/person\/16a4857e77dfc0b610c4c2cadffc9ac4","name":"Mohamed Fethi","image":{"@type":"ImageObject","inLanguage":"fr-FR","@id":"https:\/\/www.webdo.tn\/fr\/wp-content\/uploads\/2026\/04\/mohamed-fethi_avatar_1-96x96.jpg","url":"https:\/\/www.webdo.tn\/fr\/wp-content\/uploads\/2026\/04\/mohamed-fethi_avatar_1-96x96.jpg","contentUrl":"https:\/\/www.webdo.tn\/fr\/wp-content\/uploads\/2026\/04\/mohamed-fethi_avatar_1-96x96.jpg","caption":"Mohamed Fethi"},"description":"Signature \u00e9ditoriale de Maher Chaabane Mohamed Fethi est le pseudonyme \u00e9ditorial de Maher Chaabane, r\u00e9dacteur en chef de Webdo.tn depuis 2012. Cette signature est d\u00e9di\u00e9e au traitement intensif de l'actualit\u00e9 nationale et internationale en temps r\u00e9el. S'appuyant sur les deux d\u00e9cennies d'expertise journalistique de Maher Chaabane \u2014 d\u00e9but\u00e9e au sein du groupe Tunis Hebdo en 2000 \u2014 Mohamed Fethi assure une veille rigoureuse sur les enjeux politiques, \u00e9conomiques et sportifs. Sa mission est de garantir une information structur\u00e9e, fluide et fid\u00e8le aux standards de la r\u00e9daction. Pour consulter le parcours complet du r\u00e9dacteur en chef, visitez le profil officiel de Maher Chaabane.","knowsAbout":["actualit\u00e9","journalisme","information","politique","sport","m\u00e9dias","actualit\u00e9 internationale"],"knowsLanguage":["Fran\u00e7ais","Arabe"],"jobTitle":"Journaliste \u2013 R\u00e9daction Webdo","worksFor":"Webdo.tn","url":"https:\/\/www.webdo.tn\/fr\/actualite\/author\/mohamed-fethi\/"}]}},"_links":{"self":[{"href":"https:\/\/www.webdo.tn\/fr\/wp-json\/wp\/v2\/posts\/382492","targetHints":{"allow":["GET"]}}],"collection":[{"href":"https:\/\/www.webdo.tn\/fr\/wp-json\/wp\/v2\/posts"}],"about":[{"href":"https:\/\/www.webdo.tn\/fr\/wp-json\/wp\/v2\/types\/post"}],"author":[{"embeddable":true,"href":"https:\/\/www.webdo.tn\/fr\/wp-json\/wp\/v2\/users\/4782"}],"replies":[{"embeddable":true,"href":"https:\/\/www.webdo.tn\/fr\/wp-json\/wp\/v2\/comments?post=382492"}],"version-history":[{"count":0,"href":"https:\/\/www.webdo.tn\/fr\/wp-json\/wp\/v2\/posts\/382492\/revisions"}],"wp:featuredmedia":[{"embeddable":true,"href":"https:\/\/www.webdo.tn\/fr\/wp-json\/wp\/v2\/media\/382493"}],"wp:attachment":[{"href":"https:\/\/www.webdo.tn\/fr\/wp-json\/wp\/v2\/media?parent=382492"}],"wp:term":[{"taxonomy":"category","embeddable":true,"href":"https:\/\/www.webdo.tn\/fr\/wp-json\/wp\/v2\/categories?post=382492"},{"taxonomy":"post_tag","embeddable":true,"href":"https:\/\/www.webdo.tn\/fr\/wp-json\/wp\/v2\/tags?post=382492"}],"curies":[{"name":"wp","href":"https:\/\/api.w.org\/{rel}","templated":true}]}}