{"id":382475,"date":"2025-08-30T13:07:06","date_gmt":"2025-08-30T12:07:06","guid":{"rendered":"https:\/\/www.webdo.tn\/fr\/?p=382475"},"modified":"2025-09-01T09:49:31","modified_gmt":"2025-09-01T08:49:31","slug":"edito-adieu-siestes-et-plage-retour-a-la-double-seance","status":"publish","type":"post","link":"https:\/\/www.webdo.tn\/fr\/actualite\/edito\/edito-adieu-siestes-et-plage-retour-a-la-double-seance\/382475\/","title":{"rendered":"\u00c9dito : Adieu siestes et plage, retour \u00e0 la double s\u00e9ance !"},"content":{"rendered":"\n<p>L\u2019\u00e9t\u00e9 s\u2019ach\u00e8ve, et avec lui, les apr\u00e8s-midis tranquilles pour les fonctionnaires tunisiens. \u00c0 partir de lundi 1er septembre 2025, fini le luxe de la s\u00e9ance unique : la double s\u00e9ance fait son grand retour. Oui, il va falloir travailler toute la journ\u00e9e, et non plus seulement le matin.<\/p>\n\n\n\n<p>Pendant des ann\u00e9es, les plus chanceux avaient pris l\u2019habitude de profiter de l\u2019apr\u00e8s-midi pour la plage ou la sieste.<\/p>\n\n\n\n<p>Ce retour \u00e0 la double s\u00e9ance n\u2019est pas qu\u2019une affaire de nostalgie des habitudes de bureau. Il s\u2019inscrit dans un contexte plus s\u00e9rieux : booster la productivit\u00e9 nationale pour sortir la Tunisie de la crise \u00e9conomique.<\/p>\n\n\n\n<p>D\u00e9j\u00e0 en 2016, le vice-pr\u00e9sident de l\u2019UTICA, Hichem Elloumi, proposait d\u2019abandonner la s\u00e9ance unique, m\u00eame l\u2019\u00e9t\u00e9, pour \u00ab redoubler l\u2019effort \u00bb et stimuler la croissance. Aujourd\u2019hui, cette mesure devient r\u00e9alit\u00e9, rappelant que l\u2019heure de la rigueur a sonn\u00e9.<\/p>\n\n\n\n<p>En 2019, le ministre de l\u2019Industrie et des Petites et Moyennes Entreprises (PME), Slim Feriani, avait qualifi\u00e9 la s\u00e9ance unique \u00ab\u00a0d\u2019anomalie\u00a0\u00bb, qu\u2019il faut traiter \u00e0 longs termes. \u00ab\u00a0Ce n\u2019est pas facile d\u2019\u00e9liminer la s\u00e9ance unique d\u2019un seul coup. Il faut d\u2019abord\u00a0sensibiliser et faire accepter ce changement\u00a0\u00bb, avait-il estim\u00e9.<\/p>\n\n\n\n<p>Alors, oui, le rythme estival de farniente appartient d\u00e9sormais au pass\u00e9. Mais si l\u2019on en croit les arguments \u00e9conomiques, ces heures suppl\u00e9mentaires pourraient bien rapporter plus qu\u2019un apr\u00e8s-midi \u00e0 la plage. Reste \u00e0 esp\u00e9rer que cette reprise se fasse sans trop de grognements\u2026 et avec un caf\u00e9 serr\u00e9 bien plac\u00e9.<\/p>\n\n\n\n<p><\/p>\n\n\n\n<p><strong>Lire aussi :<\/strong><\/p>\n\n\n\n<ul class=\"wp-block-list\">\n<li><a href=\"https:\/\/www.webdo.tn\/fr\/actualite\/national\/tunisie-retour-a-la-double-seance-a-partir-de-lundi-1er-septembre\/382331\/\">Tunisie\u00a0: Retour \u00e0 la double s\u00e9ance \u00e0 partir de lundi 1er septembre<\/a><\/li>\n\n\n\n<li><a href=\"https:\/\/www.webdo.tn\/fr\/actualite\/national\/crise-economique-lutica-veut-double-seance-pendant-lete\/163333\/\">Crise \u00e9conomique, l\u2019UTICA veut une double s\u00e9ance pendant l\u2019\u00e9t\u00e9<\/a><\/li>\n\n\n\n<li><a href=\"https:\/\/www.webdo.tn\/fr\/actualite\/national\/tunisie-campagne-pour-eterniser-la-seance-unique\/147234\/\">Tunisie : Campagne pour \u00ab\u00a0\u00e9terniser\u00a0\u00bb la s\u00e9ance unique<\/a><\/li>\n<\/ul>\n","protected":false},"excerpt":{"rendered":"<p>L\u2019\u00e9t\u00e9 s\u2019ach\u00e8ve, et avec lui, les apr\u00e8s-midis tranquilles pour les fonctionnaires tunisiens. \u00c0 partir de lundi 1er septembre 2025, fini le luxe de la s\u00e9ance unique : la double s\u00e9ance fait son grand retour. Oui, il va falloir travailler toute la journ\u00e9e, et non plus seulement le matin. Pendant des ann\u00e9es, les plus chanceux avaient [&hellip;]<\/p>\n","protected":false},"author":3189,"featured_media":382476,"comment_status":"closed","ping_status":"closed","sticky":false,"template":"","format":"standard","meta":{"footnotes":""},"categories":[2589],"tags":[5838,12524,5837,2608],"class_list":["post-382475","post","type-post","status-publish","format-standard","has-post-thumbnail","hentry","category-edito","tag-double-seance","tag-productivite","tag-seance-unique","tag-tunisie"],"yoast_head":"<!-- This site is optimized with the Yoast SEO Premium plugin v27.5 (Yoast SEO v27.5) - https:\/\/yoast.com\/product\/yoast-seo-premium-wordpress\/ -->\n<title>\u00c9dito : Adieu siestes et plage, retour \u00e0 la double s\u00e9ance ! - webdo<\/title>\n<meta name=\"description\" content=\"Adieu apr\u00e8s-midis \u00e0 la plage, la double s\u00e9ance revient pour booster la productivit\u00e9 en Tunisie. Quels impacts pour les travailleurs ?\" \/>\n<link rel=\"canonical\" href=\"https:\/\/www.webdo.tn\/fr\/actualite\/edito\/edito-adieu-siestes-et-plage-retour-a-la-double-seance\/382475\/\" \/>\n<meta property=\"og:locale\" content=\"fr_FR\" \/>\n<meta property=\"og:type\" content=\"article\" \/>\n<meta property=\"og:title\" content=\"\u00c9dito : Adieu siestes et plage, retour \u00e0 la double s\u00e9ance !\" \/>\n<meta property=\"og:description\" content=\"Adieu apr\u00e8s-midis \u00e0 la plage, la double s\u00e9ance revient pour booster la productivit\u00e9 en Tunisie. Quels impacts pour les travailleurs ?\" \/>\n<meta property=\"og:url\" content=\"https:\/\/www.webdo.tn\/fr\/actualite\/edito\/edito-adieu-siestes-et-plage-retour-a-la-double-seance\/382475\/\" \/>\n<meta property=\"og:site_name\" content=\"webdo\" \/>\n<meta property=\"article:publisher\" content=\"https:\/\/www.facebook.com\/webdotn\" \/>\n<meta property=\"article:author\" content=\"https:\/\/www.facebook.com\/youssef.rc.92\" \/>\n<meta property=\"article:published_time\" content=\"2025-08-30T12:07:06+00:00\" \/>\n<meta property=\"article:modified_time\" content=\"2025-09-01T08:49:31+00:00\" \/>\n<meta property=\"og:image\" content=\"https:\/\/www.webdo.tn\/fr\/wp-content\/uploads\/2025\/08\/Bureaucratie-e1756555580689.jpg\" \/>\n\t<meta property=\"og:image:width\" content=\"571\" \/>\n\t<meta property=\"og:image:height\" content=\"300\" \/>\n\t<meta property=\"og:image:type\" content=\"image\/jpeg\" \/>\n<meta name=\"author\" content=\"Maher Chaabane\" \/>\n<meta name=\"twitter:card\" content=\"summary_large_image\" \/>\n<meta name=\"twitter:creator\" content=\"@webdo_tn\" \/>\n<meta name=\"twitter:site\" content=\"@webdo_tn\" \/>\n<meta name=\"twitter:label1\" content=\"\u00c9crit par\" \/>\n\t<meta name=\"twitter:data1\" content=\"Maher Chaabane\" \/>\n\t<meta name=\"twitter:label2\" content=\"Dur\u00e9e de lecture estim\u00e9e\" \/>\n\t<meta name=\"twitter:data2\" content=\"2 minutes\" \/>\n<script type=\"application\/ld+json\" class=\"yoast-schema-graph\">{\"@context\":\"https:\\\/\\\/schema.org\",\"@graph\":[{\"@type\":\"NewsArticle\",\"@id\":\"https:\\\/\\\/www.webdo.tn\\\/fr\\\/actualite\\\/edito\\\/edito-adieu-siestes-et-plage-retour-a-la-double-seance\\\/382475\\\/#article\",\"isPartOf\":{\"@id\":\"https:\\\/\\\/www.webdo.tn\\\/fr\\\/actualite\\\/edito\\\/edito-adieu-siestes-et-plage-retour-a-la-double-seance\\\/382475\\\/\"},\"author\":{\"name\":\"Maher Chaabane\",\"@id\":\"https:\\\/\\\/www.webdo.tn\\\/fr\\\/#\\\/schema\\\/person\\\/57c261717927697fcf719ab1058a8003\"},\"headline\":\"\u00c9dito : Adieu siestes et plage, retour \u00e0 la double s\u00e9ance !\",\"datePublished\":\"2025-08-30T12:07:06+00:00\",\"dateModified\":\"2025-09-01T08:49:31+00:00\",\"mainEntityOfPage\":{\"@id\":\"https:\\\/\\\/www.webdo.tn\\\/fr\\\/actualite\\\/edito\\\/edito-adieu-siestes-et-plage-retour-a-la-double-seance\\\/382475\\\/\"},\"wordCount\":313,\"publisher\":{\"@id\":\"https:\\\/\\\/www.webdo.tn\\\/fr\\\/#organization\"},\"image\":{\"@id\":\"https:\\\/\\\/www.webdo.tn\\\/fr\\\/actualite\\\/edito\\\/edito-adieu-siestes-et-plage-retour-a-la-double-seance\\\/382475\\\/#primaryimage\"},\"thumbnailUrl\":\"https:\\\/\\\/www.webdo.tn\\\/fr\\\/wp-content\\\/uploads\\\/2025\\\/08\\\/Bureaucratie-e1756555580689.jpg\",\"keywords\":[\"double s\u00e9ance\",\"productivit\u00e9\",\"s\u00e9ance unique\",\"Tunisie\"],\"articleSection\":[\"Edito\"],\"inLanguage\":\"fr-FR\"},{\"@type\":\"WebPage\",\"@id\":\"https:\\\/\\\/www.webdo.tn\\\/fr\\\/actualite\\\/edito\\\/edito-adieu-siestes-et-plage-retour-a-la-double-seance\\\/382475\\\/\",\"url\":\"https:\\\/\\\/www.webdo.tn\\\/fr\\\/actualite\\\/edito\\\/edito-adieu-siestes-et-plage-retour-a-la-double-seance\\\/382475\\\/\",\"name\":\"\u00c9dito : Adieu siestes et plage, retour \u00e0 la double s\u00e9ance ! - webdo\",\"isPartOf\":{\"@id\":\"https:\\\/\\\/www.webdo.tn\\\/fr\\\/#website\"},\"primaryImageOfPage\":{\"@id\":\"https:\\\/\\\/www.webdo.tn\\\/fr\\\/actualite\\\/edito\\\/edito-adieu-siestes-et-plage-retour-a-la-double-seance\\\/382475\\\/#primaryimage\"},\"image\":{\"@id\":\"https:\\\/\\\/www.webdo.tn\\\/fr\\\/actualite\\\/edito\\\/edito-adieu-siestes-et-plage-retour-a-la-double-seance\\\/382475\\\/#primaryimage\"},\"thumbnailUrl\":\"https:\\\/\\\/www.webdo.tn\\\/fr\\\/wp-content\\\/uploads\\\/2025\\\/08\\\/Bureaucratie-e1756555580689.jpg\",\"datePublished\":\"2025-08-30T12:07:06+00:00\",\"dateModified\":\"2025-09-01T08:49:31+00:00\",\"description\":\"Adieu apr\u00e8s-midis \u00e0 la plage, la double s\u00e9ance revient pour booster la productivit\u00e9 en Tunisie. Quels impacts pour les travailleurs ?\",\"breadcrumb\":{\"@id\":\"https:\\\/\\\/www.webdo.tn\\\/fr\\\/actualite\\\/edito\\\/edito-adieu-siestes-et-plage-retour-a-la-double-seance\\\/382475\\\/#breadcrumb\"},\"inLanguage\":\"fr-FR\",\"potentialAction\":[{\"@type\":\"ReadAction\",\"target\":[\"https:\\\/\\\/www.webdo.tn\\\/fr\\\/actualite\\\/edito\\\/edito-adieu-siestes-et-plage-retour-a-la-double-seance\\\/382475\\\/\"]}]},{\"@type\":\"ImageObject\",\"inLanguage\":\"fr-FR\",\"@id\":\"https:\\\/\\\/www.webdo.tn\\\/fr\\\/actualite\\\/edito\\\/edito-adieu-siestes-et-plage-retour-a-la-double-seance\\\/382475\\\/#primaryimage\",\"url\":\"https:\\\/\\\/www.webdo.tn\\\/fr\\\/wp-content\\\/uploads\\\/2025\\\/08\\\/Bureaucratie-e1756555580689.jpg\",\"contentUrl\":\"https:\\\/\\\/www.webdo.tn\\\/fr\\\/wp-content\\\/uploads\\\/2025\\\/08\\\/Bureaucratie-e1756555580689.jpg\",\"width\":571,\"height\":300,\"caption\":\"\u00c9dito : Adieu siestes et plage, retour \u00e0 la double s\u00e9ance !\"},{\"@type\":\"BreadcrumbList\",\"@id\":\"https:\\\/\\\/www.webdo.tn\\\/fr\\\/actualite\\\/edito\\\/edito-adieu-siestes-et-plage-retour-a-la-double-seance\\\/382475\\\/#breadcrumb\",\"itemListElement\":[{\"@type\":\"ListItem\",\"position\":1,\"name\":\"Accueil\",\"item\":\"https:\\\/\\\/www.webdo.tn\\\/fr\\\/\"},{\"@type\":\"ListItem\",\"position\":2,\"name\":\"\u00c9dito : Adieu siestes et plage, retour \u00e0 la double s\u00e9ance !\"}]},{\"@type\":\"WebSite\",\"@id\":\"https:\\\/\\\/www.webdo.tn\\\/fr\\\/#website\",\"url\":\"https:\\\/\\\/www.webdo.tn\\\/fr\\\/\",\"name\":\"webdo\",\"description\":\"Tunisie - News en Tunisie et \u00e0 l&#039;international sur Webdo.tn\",\"publisher\":{\"@id\":\"https:\\\/\\\/www.webdo.tn\\\/fr\\\/#organization\"},\"potentialAction\":[{\"@type\":\"SearchAction\",\"target\":{\"@type\":\"EntryPoint\",\"urlTemplate\":\"https:\\\/\\\/www.webdo.tn\\\/fr\\\/?s={search_term_string}\"},\"query-input\":{\"@type\":\"PropertyValueSpecification\",\"valueRequired\":true,\"valueName\":\"search_term_string\"}}],\"inLanguage\":\"fr-FR\"},{\"@type\":\"Organization\",\"@id\":\"https:\\\/\\\/www.webdo.tn\\\/fr\\\/#organization\",\"name\":\"Webdo\",\"alternateName\":\"Webdo.tn\",\"url\":\"https:\\\/\\\/www.webdo.tn\\\/fr\\\/\",\"logo\":{\"@type\":\"ImageObject\",\"inLanguage\":\"fr-FR\",\"@id\":\"https:\\\/\\\/www.webdo.tn\\\/fr\\\/#\\\/schema\\\/logo\\\/image\\\/\",\"url\":\"https:\\\/\\\/www.webdo.tn\\\/fr\\\/wp-content\\\/uploads\\\/2025\\\/06\\\/Webdo-Tunisie_168377.jpg\",\"contentUrl\":\"https:\\\/\\\/www.webdo.tn\\\/fr\\\/wp-content\\\/uploads\\\/2025\\\/06\\\/Webdo-Tunisie_168377.jpg\",\"width\":301,\"height\":301,\"caption\":\"Webdo\"},\"image\":{\"@id\":\"https:\\\/\\\/www.webdo.tn\\\/fr\\\/#\\\/schema\\\/logo\\\/image\\\/\"},\"sameAs\":[\"https:\\\/\\\/www.facebook.com\\\/webdotn\",\"https:\\\/\\\/x.com\\\/webdo_tn\"],\"description\":\"Webdo est un m\u00e9dia num\u00e9rique tunisien fond\u00e9 en 2010, sp\u00e9cialis\u00e9 dans l\u2019actualit\u00e9 nationale et internationale, l\u2019\u00e9conomie, la soci\u00e9t\u00e9 et les analyses politiques. Le site s\u2019adresse \u00e0 un large public francophone et couvre l\u2019information tunisienne en temps r\u00e9el.\",\"email\":\"redac@webdo.tn\",\"legalName\":\"YNJ SARL\",\"foundingDate\":\"2010-09-06\",\"numberOfEmployees\":{\"@type\":\"QuantitativeValue\",\"minValue\":\"11\",\"maxValue\":\"50\"}},{\"@type\":\"Person\",\"@id\":\"https:\\\/\\\/www.webdo.tn\\\/fr\\\/#\\\/schema\\\/person\\\/57c261717927697fcf719ab1058a8003\",\"name\":\"Maher Chaabane\",\"image\":{\"@type\":\"ImageObject\",\"inLanguage\":\"fr-FR\",\"@id\":\"https:\\\/\\\/www.webdo.tn\\\/fr\\\/wp-content\\\/uploads\\\/2026\\\/04\\\/maher-chaabane_avatar_2-96x96.jpg\",\"url\":\"https:\\\/\\\/www.webdo.tn\\\/fr\\\/wp-content\\\/uploads\\\/2026\\\/04\\\/maher-chaabane_avatar_2-96x96.jpg\",\"contentUrl\":\"https:\\\/\\\/www.webdo.tn\\\/fr\\\/wp-content\\\/uploads\\\/2026\\\/04\\\/maher-chaabane_avatar_2-96x96.jpg\",\"caption\":\"Maher Chaabane\"},\"description\":\"Maher Chaabane est journaliste et r\u00e9dacteur en chef de Webdo.tn depuis 2012. Il d\u00e9bute sa carri\u00e8re au sein du groupe Tunis Hebdo en 2000, o\u00f9 il couvre pendant plusieurs ann\u00e9es l\u2019actualit\u00e9 sportive et internationale, avant d\u2019occuper les fonctions de r\u00e9dacteur en chef adjoint. Fort de plus de deux d\u00e9cennies d\u2019exp\u00e9rience dans le journalisme, il supervise aujourd\u2019hui la production \u00e9ditoriale de Webdo et contribue activement \u00e0 la ligne du m\u00e9dia, en particulier sur les sujets d\u2019actualit\u00e9 nationale et internationale. https:\\\/\\\/www.facebook.com\\\/youssef.rc.92\",\"sameAs\":[\"https:\\\/\\\/www.facebook.com\\\/youssef.rc.92\"],\"knowsAbout\":[\"journalisme\",\"actualit\u00e9 internationale\",\"sport\",\"r\u00e9daction\",\"m\u00e9dias\",\"information\"],\"knowsLanguage\":[\"Fran\u00e7ais\",\"Arabe\"],\"jobTitle\":\"R\u00e9dacteur en chef\",\"worksFor\":\"Webdo.tn\",\"url\":\"https:\\\/\\\/www.webdo.tn\\\/fr\\\/actualite\\\/author\\\/maher-chaabane\\\/\"}]}<\/script>\n<!-- \/ Yoast SEO Premium plugin. -->","yoast_head_json":{"title":"\u00c9dito : Adieu siestes et plage, retour \u00e0 la double s\u00e9ance ! - webdo","description":"Adieu apr\u00e8s-midis \u00e0 la plage, la double s\u00e9ance revient pour booster la productivit\u00e9 en Tunisie. Quels impacts pour les travailleurs ?","canonical":"https:\/\/www.webdo.tn\/fr\/actualite\/edito\/edito-adieu-siestes-et-plage-retour-a-la-double-seance\/382475\/","og_locale":"fr_FR","og_type":"article","og_title":"\u00c9dito : Adieu siestes et plage, retour \u00e0 la double s\u00e9ance !","og_description":"Adieu apr\u00e8s-midis \u00e0 la plage, la double s\u00e9ance revient pour booster la productivit\u00e9 en Tunisie. Quels impacts pour les travailleurs ?","og_url":"https:\/\/www.webdo.tn\/fr\/actualite\/edito\/edito-adieu-siestes-et-plage-retour-a-la-double-seance\/382475\/","og_site_name":"webdo","article_publisher":"https:\/\/www.facebook.com\/webdotn","article_author":"https:\/\/www.facebook.com\/youssef.rc.92","article_published_time":"2025-08-30T12:07:06+00:00","article_modified_time":"2025-09-01T08:49:31+00:00","og_image":[{"width":571,"height":300,"url":"https:\/\/www.webdo.tn\/fr\/wp-content\/uploads\/2025\/08\/Bureaucratie-e1756555580689.jpg","type":"image\/jpeg"}],"author":"Maher Chaabane","twitter_card":"summary_large_image","twitter_creator":"@webdo_tn","twitter_site":"@webdo_tn","twitter_misc":{"\u00c9crit par":"Maher Chaabane","Dur\u00e9e de lecture estim\u00e9e":"2 minutes"},"schema":{"@context":"https:\/\/schema.org","@graph":[{"@type":"NewsArticle","@id":"https:\/\/www.webdo.tn\/fr\/actualite\/edito\/edito-adieu-siestes-et-plage-retour-a-la-double-seance\/382475\/#article","isPartOf":{"@id":"https:\/\/www.webdo.tn\/fr\/actualite\/edito\/edito-adieu-siestes-et-plage-retour-a-la-double-seance\/382475\/"},"author":{"name":"Maher Chaabane","@id":"https:\/\/www.webdo.tn\/fr\/#\/schema\/person\/57c261717927697fcf719ab1058a8003"},"headline":"\u00c9dito : Adieu siestes et plage, retour \u00e0 la double s\u00e9ance !","datePublished":"2025-08-30T12:07:06+00:00","dateModified":"2025-09-01T08:49:31+00:00","mainEntityOfPage":{"@id":"https:\/\/www.webdo.tn\/fr\/actualite\/edito\/edito-adieu-siestes-et-plage-retour-a-la-double-seance\/382475\/"},"wordCount":313,"publisher":{"@id":"https:\/\/www.webdo.tn\/fr\/#organization"},"image":{"@id":"https:\/\/www.webdo.tn\/fr\/actualite\/edito\/edito-adieu-siestes-et-plage-retour-a-la-double-seance\/382475\/#primaryimage"},"thumbnailUrl":"https:\/\/www.webdo.tn\/fr\/wp-content\/uploads\/2025\/08\/Bureaucratie-e1756555580689.jpg","keywords":["double s\u00e9ance","productivit\u00e9","s\u00e9ance unique","Tunisie"],"articleSection":["Edito"],"inLanguage":"fr-FR"},{"@type":"WebPage","@id":"https:\/\/www.webdo.tn\/fr\/actualite\/edito\/edito-adieu-siestes-et-plage-retour-a-la-double-seance\/382475\/","url":"https:\/\/www.webdo.tn\/fr\/actualite\/edito\/edito-adieu-siestes-et-plage-retour-a-la-double-seance\/382475\/","name":"\u00c9dito : Adieu siestes et plage, retour \u00e0 la double s\u00e9ance ! - webdo","isPartOf":{"@id":"https:\/\/www.webdo.tn\/fr\/#website"},"primaryImageOfPage":{"@id":"https:\/\/www.webdo.tn\/fr\/actualite\/edito\/edito-adieu-siestes-et-plage-retour-a-la-double-seance\/382475\/#primaryimage"},"image":{"@id":"https:\/\/www.webdo.tn\/fr\/actualite\/edito\/edito-adieu-siestes-et-plage-retour-a-la-double-seance\/382475\/#primaryimage"},"thumbnailUrl":"https:\/\/www.webdo.tn\/fr\/wp-content\/uploads\/2025\/08\/Bureaucratie-e1756555580689.jpg","datePublished":"2025-08-30T12:07:06+00:00","dateModified":"2025-09-01T08:49:31+00:00","description":"Adieu apr\u00e8s-midis \u00e0 la plage, la double s\u00e9ance revient pour booster la productivit\u00e9 en Tunisie. Quels impacts pour les travailleurs ?","breadcrumb":{"@id":"https:\/\/www.webdo.tn\/fr\/actualite\/edito\/edito-adieu-siestes-et-plage-retour-a-la-double-seance\/382475\/#breadcrumb"},"inLanguage":"fr-FR","potentialAction":[{"@type":"ReadAction","target":["https:\/\/www.webdo.tn\/fr\/actualite\/edito\/edito-adieu-siestes-et-plage-retour-a-la-double-seance\/382475\/"]}]},{"@type":"ImageObject","inLanguage":"fr-FR","@id":"https:\/\/www.webdo.tn\/fr\/actualite\/edito\/edito-adieu-siestes-et-plage-retour-a-la-double-seance\/382475\/#primaryimage","url":"https:\/\/www.webdo.tn\/fr\/wp-content\/uploads\/2025\/08\/Bureaucratie-e1756555580689.jpg","contentUrl":"https:\/\/www.webdo.tn\/fr\/wp-content\/uploads\/2025\/08\/Bureaucratie-e1756555580689.jpg","width":571,"height":300,"caption":"\u00c9dito : Adieu siestes et plage, retour \u00e0 la double s\u00e9ance !"},{"@type":"BreadcrumbList","@id":"https:\/\/www.webdo.tn\/fr\/actualite\/edito\/edito-adieu-siestes-et-plage-retour-a-la-double-seance\/382475\/#breadcrumb","itemListElement":[{"@type":"ListItem","position":1,"name":"Accueil","item":"https:\/\/www.webdo.tn\/fr\/"},{"@type":"ListItem","position":2,"name":"\u00c9dito : Adieu siestes et plage, retour \u00e0 la double s\u00e9ance !"}]},{"@type":"WebSite","@id":"https:\/\/www.webdo.tn\/fr\/#website","url":"https:\/\/www.webdo.tn\/fr\/","name":"webdo","description":"Tunisie - News en Tunisie et \u00e0 l&#039;international sur Webdo.tn","publisher":{"@id":"https:\/\/www.webdo.tn\/fr\/#organization"},"potentialAction":[{"@type":"SearchAction","target":{"@type":"EntryPoint","urlTemplate":"https:\/\/www.webdo.tn\/fr\/?s={search_term_string}"},"query-input":{"@type":"PropertyValueSpecification","valueRequired":true,"valueName":"search_term_string"}}],"inLanguage":"fr-FR"},{"@type":"Organization","@id":"https:\/\/www.webdo.tn\/fr\/#organization","name":"Webdo","alternateName":"Webdo.tn","url":"https:\/\/www.webdo.tn\/fr\/","logo":{"@type":"ImageObject","inLanguage":"fr-FR","@id":"https:\/\/www.webdo.tn\/fr\/#\/schema\/logo\/image\/","url":"https:\/\/www.webdo.tn\/fr\/wp-content\/uploads\/2025\/06\/Webdo-Tunisie_168377.jpg","contentUrl":"https:\/\/www.webdo.tn\/fr\/wp-content\/uploads\/2025\/06\/Webdo-Tunisie_168377.jpg","width":301,"height":301,"caption":"Webdo"},"image":{"@id":"https:\/\/www.webdo.tn\/fr\/#\/schema\/logo\/image\/"},"sameAs":["https:\/\/www.facebook.com\/webdotn","https:\/\/x.com\/webdo_tn"],"description":"Webdo est un m\u00e9dia num\u00e9rique tunisien fond\u00e9 en 2010, sp\u00e9cialis\u00e9 dans l\u2019actualit\u00e9 nationale et internationale, l\u2019\u00e9conomie, la soci\u00e9t\u00e9 et les analyses politiques. Le site s\u2019adresse \u00e0 un large public francophone et couvre l\u2019information tunisienne en temps r\u00e9el.","email":"redac@webdo.tn","legalName":"YNJ SARL","foundingDate":"2010-09-06","numberOfEmployees":{"@type":"QuantitativeValue","minValue":"11","maxValue":"50"}},{"@type":"Person","@id":"https:\/\/www.webdo.tn\/fr\/#\/schema\/person\/57c261717927697fcf719ab1058a8003","name":"Maher Chaabane","image":{"@type":"ImageObject","inLanguage":"fr-FR","@id":"https:\/\/www.webdo.tn\/fr\/wp-content\/uploads\/2026\/04\/maher-chaabane_avatar_2-96x96.jpg","url":"https:\/\/www.webdo.tn\/fr\/wp-content\/uploads\/2026\/04\/maher-chaabane_avatar_2-96x96.jpg","contentUrl":"https:\/\/www.webdo.tn\/fr\/wp-content\/uploads\/2026\/04\/maher-chaabane_avatar_2-96x96.jpg","caption":"Maher Chaabane"},"description":"Maher Chaabane est journaliste et r\u00e9dacteur en chef de Webdo.tn depuis 2012. Il d\u00e9bute sa carri\u00e8re au sein du groupe Tunis Hebdo en 2000, o\u00f9 il couvre pendant plusieurs ann\u00e9es l\u2019actualit\u00e9 sportive et internationale, avant d\u2019occuper les fonctions de r\u00e9dacteur en chef adjoint. Fort de plus de deux d\u00e9cennies d\u2019exp\u00e9rience dans le journalisme, il supervise aujourd\u2019hui la production \u00e9ditoriale de Webdo et contribue activement \u00e0 la ligne du m\u00e9dia, en particulier sur les sujets d\u2019actualit\u00e9 nationale et internationale. https:\/\/www.facebook.com\/youssef.rc.92","sameAs":["https:\/\/www.facebook.com\/youssef.rc.92"],"knowsAbout":["journalisme","actualit\u00e9 internationale","sport","r\u00e9daction","m\u00e9dias","information"],"knowsLanguage":["Fran\u00e7ais","Arabe"],"jobTitle":"R\u00e9dacteur en chef","worksFor":"Webdo.tn","url":"https:\/\/www.webdo.tn\/fr\/actualite\/author\/maher-chaabane\/"}]}},"_links":{"self":[{"href":"https:\/\/www.webdo.tn\/fr\/wp-json\/wp\/v2\/posts\/382475","targetHints":{"allow":["GET"]}}],"collection":[{"href":"https:\/\/www.webdo.tn\/fr\/wp-json\/wp\/v2\/posts"}],"about":[{"href":"https:\/\/www.webdo.tn\/fr\/wp-json\/wp\/v2\/types\/post"}],"author":[{"embeddable":true,"href":"https:\/\/www.webdo.tn\/fr\/wp-json\/wp\/v2\/users\/3189"}],"replies":[{"embeddable":true,"href":"https:\/\/www.webdo.tn\/fr\/wp-json\/wp\/v2\/comments?post=382475"}],"version-history":[{"count":0,"href":"https:\/\/www.webdo.tn\/fr\/wp-json\/wp\/v2\/posts\/382475\/revisions"}],"wp:featuredmedia":[{"embeddable":true,"href":"https:\/\/www.webdo.tn\/fr\/wp-json\/wp\/v2\/media\/382476"}],"wp:attachment":[{"href":"https:\/\/www.webdo.tn\/fr\/wp-json\/wp\/v2\/media?parent=382475"}],"wp:term":[{"taxonomy":"category","embeddable":true,"href":"https:\/\/www.webdo.tn\/fr\/wp-json\/wp\/v2\/categories?post=382475"},{"taxonomy":"post_tag","embeddable":true,"href":"https:\/\/www.webdo.tn\/fr\/wp-json\/wp\/v2\/tags?post=382475"}],"curies":[{"name":"wp","href":"https:\/\/api.w.org\/{rel}","templated":true}]}}