{"id":382469,"date":"2025-08-30T11:52:07","date_gmt":"2025-08-30T10:52:07","guid":{"rendered":"https:\/\/www.webdo.tn\/fr\/?p=382469"},"modified":"2025-09-01T08:33:06","modified_gmt":"2025-09-01T07:33:06","slug":"eliminatoires-mondial-2026-sami-trabelsi-devoile-la-liste-des-aigles-de-carthage","status":"publish","type":"post","link":"https:\/\/www.webdo.tn\/fr\/actualite\/sport\/eliminatoires-mondial-2026-sami-trabelsi-devoile-la-liste-des-aigles-de-carthage\/382469\/","title":{"rendered":"\u00c9liminatoires Mondial 2026 : Sami Trabelsi d\u00e9voile la liste des Aigles de Carthage"},"content":{"rendered":"\n<p><strong>Le s\u00e9lectionneur national Sami Trabelsi a annonc\u00e9 aujourd\u2019hui, samedi 30 ao\u00fbt 2025, la liste des joueurs convoqu\u00e9s pour les deux prochains matchs de qualification \u00e0 la Coupe du Monde 2026 : Tunisie &#8211; Liberia le 4 septembre \u00e0 Rad\u00e8s et Guin\u00e9e \u00e9quatoriale &#8211; Tunisie le 8 septembre \u00e0 Malabo.<\/strong><\/p>\n\n\n\n<p><strong>La liste des convoqu\u00e9s<\/strong><\/p>\n\n\n\n<p><strong>Gardiens<\/strong><\/p>\n\n\n\n<ul class=\"wp-block-list\">\n<li>Aymen Dahmen<\/li>\n\n\n\n<li>Bechir Ben Said<\/li>\n\n\n\n<li>Noureddine Farhati<\/li>\n<\/ul>\n\n\n\n<p><strong>D\u00e9fenseurs<\/strong><\/p>\n\n\n\n<ul class=\"wp-block-list\">\n<li>Montassar Talbi<\/li>\n\n\n\n<li>Alaa Ghram<\/li>\n\n\n\n<li>Dylan Bronn<\/li>\n\n\n\n<li>Yassine Meriah<\/li>\n\n\n\n<li>Yan Valery<\/li>\n\n\n\n<li>Moutaz Neffati<\/li>\n\n\n\n<li>Ali Abdi<\/li>\n\n\n\n<li>Mohamed Ben Ouannes<\/li>\n\n\n\n<li>Mohamed Ali Ben Hmida<\/li>\n<\/ul>\n\n\n\n<p><strong>Milieux<\/strong><\/p>\n\n\n\n<ul class=\"wp-block-list\">\n<li>Ferjani Sassi<\/li>\n\n\n\n<li>Aissa Aidouni<\/li>\n\n\n\n<li>Hannibal Mejbri<\/li>\n\n\n\n<li>Mohamed Ali Ben Romdhane<\/li>\n\n\n\n<li>Mohamed Hadj Mahmoud<\/li>\n\n\n\n<li>Firas Ben Arbi<\/li>\n\n\n\n<li>Isma\u00efl Gharbi<\/li>\n<\/ul>\n\n\n\n<p><strong>Attaquants<\/strong><\/p>\n\n\n\n<ul class=\"wp-block-list\">\n<li>Elyes Achouri<\/li>\n\n\n\n<li>Ali Layouni<\/li>\n\n\n\n<li>Na\u00efm Sliti<\/li>\n\n\n\n<li>Hazem Mastouri<\/li>\n\n\n\n<li>Firas Chawat<\/li>\n\n\n\n<li>Elyes Saad<\/li>\n\n\n\n<li>S\u00e9bastien Tounekti<\/li>\n<\/ul>\n\n\n\n<p><strong>Enjeux<\/strong><\/p>\n\n\n\n<p>Ces matchs sont cruciaux pour maintenir la Tunisie en t\u00eate du Groupe H et assurer une qualification directe pour la Coupe du Monde 2026. Trabelsi mise sur un \u00e9quilibre entre joueurs exp\u00e9riment\u00e9s et jeunes talents pour renforcer l\u2019\u00e9quipe nationale.<\/p>\n\n\n\n<p>La rencontre face au Liberia comptant pour la 7e journ\u00e9e du groupe H se jouera le 4 septembre \u00e0 Rades (20h00). Quatre jours plus tard, le 8 septembre, la Tunisie se d\u00e9placera \u00e0 Malabo pour affronter la Guin\u00e9e \u00e9quatoriale, \u00e0 14h00, pour le compte de la 8e journ\u00e9e.<\/p>\n\n\n\n<p>Les deux derni\u00e8res rencontres, Sao Tom\u00e9-et-Principe &#8211; Tunisie (9e journ\u00e9e) et Tunisie &#8211; Namibie (10e journ\u00e9e) sont pr\u00e9vues en octobre.<\/p>\n\n\n\n<p><strong>Classement du Groupe H avant les deux chocs<\/strong><\/p>\n\n\n\n<p>Avant ces deux rendez-vous d\u00e9cisifs, la Tunisie occupe la premi\u00e8re place du groupe H avec 16 points, devant la Namibie (12 points), le Liberia (10 points), la Guin\u00e9e \u00e9quatoriale (7 points), le Malawi (6 points) et Sao Tom\u00e9-et-Principe (0 point).<\/p>\n\n\n\n<p><\/p>\n\n\n\n<iframe src=\"https:\/\/www.facebook.com\/plugins\/post.php?href=https%3A%2F%2Fwww.facebook.com%2FFTF.OFFICIELLE%2Fposts%2Fpfbid09jp3F48k6bwofdRg8rqKV1e2R7VfeEgNY7RfSdDxdnfK8GytMp1WZ37Kr3wgTbyPl&#038;show_text=true&#038;width=500\" width=\"500\" height=\"498\" style=\"border:none;overflow:hidden\" scrolling=\"no\" frameborder=\"0\" allowfullscreen=\"true\" allow=\"autoplay; clipboard-write; encrypted-media; picture-in-picture; web-share\"><\/iframe>\n\n\n\n<p><\/p>\n\n\n\n<p><strong>Lire aussi :<\/strong><\/p>\n\n\n\n<ul class=\"wp-block-list\">\n<li><a href=\"https:\/\/www.webdo.tn\/fr\/actualite\/sport\/eliminatoires-mondial-2026-la-tunisie-affrontera-le-liberia-le-4-septembre-a-rades\/381958\/\">\u00c9liminatoires Mondial 2026 : La Tunisie affrontera le Liberia le 4 septembre \u00e0 Rad\u00e8s<\/a><\/li>\n\n\n\n<li><a href=\"https:\/\/www.webdo.tn\/fr\/actualite\/sport\/coupe-du-monde-2026-la-tunisie-s-impose-et-prend-le-large\/220787\/\">Coupe du Monde 2026 : La Tunisie s\u2019impose et prend le large<\/a><\/li>\n\n\n\n<li><a href=\"https:\/\/www.webdo.tn\/fr\/actualite\/sport\/cm-2026-la-tunisie-triomphe-face-au-liberia-et-conserve-la-tete-du-groupe-h\/220677\/\">CM 2026 : La Tunisie triomphe face au Liberia et conserve la t\u00eate du groupe H<\/a><\/li>\n<\/ul>\n","protected":false},"excerpt":{"rendered":"<p>Le s\u00e9lectionneur national Sami Trabelsi a annonc\u00e9 aujourd\u2019hui, samedi 30 ao\u00fbt 2025, la liste des joueurs convoqu\u00e9s pour les deux prochains matchs de qualification \u00e0 la Coupe du Monde 2026 : Tunisie &#8211; Liberia le 4 septembre \u00e0 Rad\u00e8s et Guin\u00e9e \u00e9quatoriale &#8211; Tunisie le 8 septembre \u00e0 Malabo. La liste des convoqu\u00e9s Gardiens D\u00e9fenseurs [&hellip;]<\/p>\n","protected":false},"author":3191,"featured_media":382470,"comment_status":"closed","ping_status":"closed","sticky":false,"template":"","format":"standard","meta":{"footnotes":""},"categories":[2593],"tags":[2624,3520,2622,3581,2608],"class_list":["post-382469","post","type-post","status-publish","format-standard","has-post-thumbnail","hentry","category-sport","tag-coupe-du-monde-2026","tag-eliminatoires","tag-football","tag-liberia","tag-tunisie"],"yoast_head":"<!-- This site is optimized with the Yoast SEO Premium plugin v27.5 (Yoast SEO v27.5) - https:\/\/yoast.com\/product\/yoast-seo-premium-wordpress\/ -->\n<title>\u00c9liminatoires Mondial 2026 : La Tunisie pr\u00eate pour la bataille - webdo<\/title>\n<meta name=\"description\" content=\"D\u00e9couvrez la liste des joueurs convoqu\u00e9s par Sami Trabelsi pour les \u00c9liminatoires Mondial 2026 : Tunisie - Liberia et Guin\u00e9e \u00e9quatoriale.\" \/>\n<link rel=\"canonical\" href=\"https:\/\/www.webdo.tn\/fr\/actualite\/sport\/eliminatoires-mondial-2026-sami-trabelsi-devoile-la-liste-des-aigles-de-carthage\/382469\/\" \/>\n<meta property=\"og:locale\" content=\"fr_FR\" \/>\n<meta property=\"og:type\" content=\"article\" \/>\n<meta property=\"og:title\" content=\"\u00c9liminatoires Mondial 2026 : Sami Trabelsi d\u00e9voile la liste des Aigles de Carthage\" \/>\n<meta property=\"og:description\" content=\"D\u00e9couvrez la liste des joueurs convoqu\u00e9s par Sami Trabelsi pour les \u00c9liminatoires Mondial 2026 : Tunisie - Liberia et Guin\u00e9e \u00e9quatoriale.\" \/>\n<meta property=\"og:url\" content=\"https:\/\/www.webdo.tn\/fr\/actualite\/sport\/eliminatoires-mondial-2026-sami-trabelsi-devoile-la-liste-des-aigles-de-carthage\/382469\/\" \/>\n<meta property=\"og:site_name\" content=\"webdo\" \/>\n<meta property=\"article:publisher\" content=\"https:\/\/www.facebook.com\/webdotn\" \/>\n<meta property=\"article:published_time\" content=\"2025-08-30T10:52:07+00:00\" \/>\n<meta property=\"article:modified_time\" content=\"2025-09-01T07:33:06+00:00\" \/>\n<meta property=\"og:image\" content=\"https:\/\/www.webdo.tn\/fr\/wp-content\/uploads\/2025\/08\/485612538_1219333276221920_8979461393281610022_n-e1756551041105.jpg\" \/>\n\t<meta property=\"og:image:width\" content=\"454\" \/>\n\t<meta property=\"og:image:height\" content=\"300\" \/>\n\t<meta property=\"og:image:type\" content=\"image\/jpeg\" \/>\n<meta name=\"author\" content=\"Mohamed Hedi Touati\" \/>\n<meta name=\"twitter:card\" content=\"summary_large_image\" \/>\n<meta name=\"twitter:creator\" content=\"@webdo_tn\" \/>\n<meta name=\"twitter:site\" content=\"@webdo_tn\" \/>\n<meta name=\"twitter:label1\" content=\"\u00c9crit par\" \/>\n\t<meta name=\"twitter:data1\" content=\"Mohamed Hedi Touati\" \/>\n\t<meta name=\"twitter:label2\" content=\"Dur\u00e9e de lecture estim\u00e9e\" \/>\n\t<meta name=\"twitter:data2\" content=\"2 minutes\" \/>\n<script type=\"application\/ld+json\" class=\"yoast-schema-graph\">{\"@context\":\"https:\\\/\\\/schema.org\",\"@graph\":[{\"@type\":\"NewsArticle\",\"@id\":\"https:\\\/\\\/www.webdo.tn\\\/fr\\\/actualite\\\/sport\\\/eliminatoires-mondial-2026-sami-trabelsi-devoile-la-liste-des-aigles-de-carthage\\\/382469\\\/#article\",\"isPartOf\":{\"@id\":\"https:\\\/\\\/www.webdo.tn\\\/fr\\\/actualite\\\/sport\\\/eliminatoires-mondial-2026-sami-trabelsi-devoile-la-liste-des-aigles-de-carthage\\\/382469\\\/\"},\"author\":{\"name\":\"Mohamed Hedi Touati\",\"@id\":\"https:\\\/\\\/www.webdo.tn\\\/fr\\\/#\\\/schema\\\/person\\\/c652cd8fc2b1b44412b5ffb48c5a911d\"},\"headline\":\"\u00c9liminatoires Mondial 2026 : Sami Trabelsi d\u00e9voile la liste des Aigles de Carthage\",\"datePublished\":\"2025-08-30T10:52:07+00:00\",\"dateModified\":\"2025-09-01T07:33:06+00:00\",\"mainEntityOfPage\":{\"@id\":\"https:\\\/\\\/www.webdo.tn\\\/fr\\\/actualite\\\/sport\\\/eliminatoires-mondial-2026-sami-trabelsi-devoile-la-liste-des-aigles-de-carthage\\\/382469\\\/\"},\"wordCount\":331,\"publisher\":{\"@id\":\"https:\\\/\\\/www.webdo.tn\\\/fr\\\/#organization\"},\"image\":{\"@id\":\"https:\\\/\\\/www.webdo.tn\\\/fr\\\/actualite\\\/sport\\\/eliminatoires-mondial-2026-sami-trabelsi-devoile-la-liste-des-aigles-de-carthage\\\/382469\\\/#primaryimage\"},\"thumbnailUrl\":\"https:\\\/\\\/www.webdo.tn\\\/fr\\\/wp-content\\\/uploads\\\/2025\\\/08\\\/485612538_1219333276221920_8979461393281610022_n-e1756551041105.jpg\",\"keywords\":[\"coupe du monde 2026\",\"\u00e9liminatoires\",\"football\",\"liberia\",\"Tunisie\"],\"articleSection\":[\"Sport\"],\"inLanguage\":\"fr-FR\"},{\"@type\":\"WebPage\",\"@id\":\"https:\\\/\\\/www.webdo.tn\\\/fr\\\/actualite\\\/sport\\\/eliminatoires-mondial-2026-sami-trabelsi-devoile-la-liste-des-aigles-de-carthage\\\/382469\\\/\",\"url\":\"https:\\\/\\\/www.webdo.tn\\\/fr\\\/actualite\\\/sport\\\/eliminatoires-mondial-2026-sami-trabelsi-devoile-la-liste-des-aigles-de-carthage\\\/382469\\\/\",\"name\":\"\u00c9liminatoires Mondial 2026 : La Tunisie pr\u00eate pour la bataille - webdo\",\"isPartOf\":{\"@id\":\"https:\\\/\\\/www.webdo.tn\\\/fr\\\/#website\"},\"primaryImageOfPage\":{\"@id\":\"https:\\\/\\\/www.webdo.tn\\\/fr\\\/actualite\\\/sport\\\/eliminatoires-mondial-2026-sami-trabelsi-devoile-la-liste-des-aigles-de-carthage\\\/382469\\\/#primaryimage\"},\"image\":{\"@id\":\"https:\\\/\\\/www.webdo.tn\\\/fr\\\/actualite\\\/sport\\\/eliminatoires-mondial-2026-sami-trabelsi-devoile-la-liste-des-aigles-de-carthage\\\/382469\\\/#primaryimage\"},\"thumbnailUrl\":\"https:\\\/\\\/www.webdo.tn\\\/fr\\\/wp-content\\\/uploads\\\/2025\\\/08\\\/485612538_1219333276221920_8979461393281610022_n-e1756551041105.jpg\",\"datePublished\":\"2025-08-30T10:52:07+00:00\",\"dateModified\":\"2025-09-01T07:33:06+00:00\",\"description\":\"D\u00e9couvrez la liste des joueurs convoqu\u00e9s par Sami Trabelsi pour les \u00c9liminatoires Mondial 2026 : Tunisie - Liberia et Guin\u00e9e \u00e9quatoriale.\",\"breadcrumb\":{\"@id\":\"https:\\\/\\\/www.webdo.tn\\\/fr\\\/actualite\\\/sport\\\/eliminatoires-mondial-2026-sami-trabelsi-devoile-la-liste-des-aigles-de-carthage\\\/382469\\\/#breadcrumb\"},\"inLanguage\":\"fr-FR\",\"potentialAction\":[{\"@type\":\"ReadAction\",\"target\":[\"https:\\\/\\\/www.webdo.tn\\\/fr\\\/actualite\\\/sport\\\/eliminatoires-mondial-2026-sami-trabelsi-devoile-la-liste-des-aigles-de-carthage\\\/382469\\\/\"]}]},{\"@type\":\"ImageObject\",\"inLanguage\":\"fr-FR\",\"@id\":\"https:\\\/\\\/www.webdo.tn\\\/fr\\\/actualite\\\/sport\\\/eliminatoires-mondial-2026-sami-trabelsi-devoile-la-liste-des-aigles-de-carthage\\\/382469\\\/#primaryimage\",\"url\":\"https:\\\/\\\/www.webdo.tn\\\/fr\\\/wp-content\\\/uploads\\\/2025\\\/08\\\/485612538_1219333276221920_8979461393281610022_n-e1756551041105.jpg\",\"contentUrl\":\"https:\\\/\\\/www.webdo.tn\\\/fr\\\/wp-content\\\/uploads\\\/2025\\\/08\\\/485612538_1219333276221920_8979461393281610022_n-e1756551041105.jpg\",\"width\":454,\"height\":300,\"caption\":\"\u00c9liminatoires Mondial 2026 : Sami Trabelsi d\u00e9voile la liste des Aigles de Carthage\"},{\"@type\":\"BreadcrumbList\",\"@id\":\"https:\\\/\\\/www.webdo.tn\\\/fr\\\/actualite\\\/sport\\\/eliminatoires-mondial-2026-sami-trabelsi-devoile-la-liste-des-aigles-de-carthage\\\/382469\\\/#breadcrumb\",\"itemListElement\":[{\"@type\":\"ListItem\",\"position\":1,\"name\":\"Accueil\",\"item\":\"https:\\\/\\\/www.webdo.tn\\\/fr\\\/\"},{\"@type\":\"ListItem\",\"position\":2,\"name\":\"\u00c9liminatoires Mondial 2026 : Sami Trabelsi d\u00e9voile la liste des Aigles de Carthage\"}]},{\"@type\":\"WebSite\",\"@id\":\"https:\\\/\\\/www.webdo.tn\\\/fr\\\/#website\",\"url\":\"https:\\\/\\\/www.webdo.tn\\\/fr\\\/\",\"name\":\"webdo\",\"description\":\"Tunisie - News en Tunisie et \u00e0 l&#039;international sur Webdo.tn\",\"publisher\":{\"@id\":\"https:\\\/\\\/www.webdo.tn\\\/fr\\\/#organization\"},\"potentialAction\":[{\"@type\":\"SearchAction\",\"target\":{\"@type\":\"EntryPoint\",\"urlTemplate\":\"https:\\\/\\\/www.webdo.tn\\\/fr\\\/?s={search_term_string}\"},\"query-input\":{\"@type\":\"PropertyValueSpecification\",\"valueRequired\":true,\"valueName\":\"search_term_string\"}}],\"inLanguage\":\"fr-FR\"},{\"@type\":\"Organization\",\"@id\":\"https:\\\/\\\/www.webdo.tn\\\/fr\\\/#organization\",\"name\":\"Webdo\",\"alternateName\":\"Webdo.tn\",\"url\":\"https:\\\/\\\/www.webdo.tn\\\/fr\\\/\",\"logo\":{\"@type\":\"ImageObject\",\"inLanguage\":\"fr-FR\",\"@id\":\"https:\\\/\\\/www.webdo.tn\\\/fr\\\/#\\\/schema\\\/logo\\\/image\\\/\",\"url\":\"https:\\\/\\\/www.webdo.tn\\\/fr\\\/wp-content\\\/uploads\\\/2025\\\/06\\\/Webdo-Tunisie_168377.jpg\",\"contentUrl\":\"https:\\\/\\\/www.webdo.tn\\\/fr\\\/wp-content\\\/uploads\\\/2025\\\/06\\\/Webdo-Tunisie_168377.jpg\",\"width\":301,\"height\":301,\"caption\":\"Webdo\"},\"image\":{\"@id\":\"https:\\\/\\\/www.webdo.tn\\\/fr\\\/#\\\/schema\\\/logo\\\/image\\\/\"},\"sameAs\":[\"https:\\\/\\\/www.facebook.com\\\/webdotn\",\"https:\\\/\\\/x.com\\\/webdo_tn\"],\"description\":\"Webdo est un m\u00e9dia num\u00e9rique tunisien fond\u00e9 en 2010, sp\u00e9cialis\u00e9 dans l\u2019actualit\u00e9 nationale et internationale, l\u2019\u00e9conomie, la soci\u00e9t\u00e9 et les analyses politiques. Le site s\u2019adresse \u00e0 un large public francophone et couvre l\u2019information tunisienne en temps r\u00e9el.\",\"email\":\"redac@webdo.tn\",\"legalName\":\"YNJ SARL\",\"foundingDate\":\"2010-09-06\",\"numberOfEmployees\":{\"@type\":\"QuantitativeValue\",\"minValue\":\"11\",\"maxValue\":\"50\"}},{\"@type\":\"Person\",\"@id\":\"https:\\\/\\\/www.webdo.tn\\\/fr\\\/#\\\/schema\\\/person\\\/c652cd8fc2b1b44412b5ffb48c5a911d\",\"name\":\"Mohamed Hedi Touati\",\"image\":{\"@type\":\"ImageObject\",\"inLanguage\":\"fr-FR\",\"@id\":\"https:\\\/\\\/secure.gravatar.com\\\/avatar\\\/9cfd402c745b7a685f13eed0ea6e59d2144a3c2fc50a3db6fd5ed451f6cddf1a?s=96&d=mm&r=g\",\"url\":\"https:\\\/\\\/secure.gravatar.com\\\/avatar\\\/9cfd402c745b7a685f13eed0ea6e59d2144a3c2fc50a3db6fd5ed451f6cddf1a?s=96&d=mm&r=g\",\"contentUrl\":\"https:\\\/\\\/secure.gravatar.com\\\/avatar\\\/9cfd402c745b7a685f13eed0ea6e59d2144a3c2fc50a3db6fd5ed451f6cddf1a?s=96&d=mm&r=g\",\"caption\":\"Mohamed Hedi Touati\"},\"url\":\"https:\\\/\\\/www.webdo.tn\\\/fr\\\/actualite\\\/author\\\/mohamed-hedi-touati\\\/\"}]}<\/script>\n<!-- \/ Yoast SEO Premium plugin. -->","yoast_head_json":{"title":"\u00c9liminatoires Mondial 2026 : La Tunisie pr\u00eate pour la bataille - webdo","description":"D\u00e9couvrez la liste des joueurs convoqu\u00e9s par Sami Trabelsi pour les \u00c9liminatoires Mondial 2026 : Tunisie - Liberia et Guin\u00e9e \u00e9quatoriale.","canonical":"https:\/\/www.webdo.tn\/fr\/actualite\/sport\/eliminatoires-mondial-2026-sami-trabelsi-devoile-la-liste-des-aigles-de-carthage\/382469\/","og_locale":"fr_FR","og_type":"article","og_title":"\u00c9liminatoires Mondial 2026 : Sami Trabelsi d\u00e9voile la liste des Aigles de Carthage","og_description":"D\u00e9couvrez la liste des joueurs convoqu\u00e9s par Sami Trabelsi pour les \u00c9liminatoires Mondial 2026 : Tunisie - Liberia et Guin\u00e9e \u00e9quatoriale.","og_url":"https:\/\/www.webdo.tn\/fr\/actualite\/sport\/eliminatoires-mondial-2026-sami-trabelsi-devoile-la-liste-des-aigles-de-carthage\/382469\/","og_site_name":"webdo","article_publisher":"https:\/\/www.facebook.com\/webdotn","article_published_time":"2025-08-30T10:52:07+00:00","article_modified_time":"2025-09-01T07:33:06+00:00","og_image":[{"width":454,"height":300,"url":"https:\/\/www.webdo.tn\/fr\/wp-content\/uploads\/2025\/08\/485612538_1219333276221920_8979461393281610022_n-e1756551041105.jpg","type":"image\/jpeg"}],"author":"Mohamed Hedi Touati","twitter_card":"summary_large_image","twitter_creator":"@webdo_tn","twitter_site":"@webdo_tn","twitter_misc":{"\u00c9crit par":"Mohamed Hedi Touati","Dur\u00e9e de lecture estim\u00e9e":"2 minutes"},"schema":{"@context":"https:\/\/schema.org","@graph":[{"@type":"NewsArticle","@id":"https:\/\/www.webdo.tn\/fr\/actualite\/sport\/eliminatoires-mondial-2026-sami-trabelsi-devoile-la-liste-des-aigles-de-carthage\/382469\/#article","isPartOf":{"@id":"https:\/\/www.webdo.tn\/fr\/actualite\/sport\/eliminatoires-mondial-2026-sami-trabelsi-devoile-la-liste-des-aigles-de-carthage\/382469\/"},"author":{"name":"Mohamed Hedi Touati","@id":"https:\/\/www.webdo.tn\/fr\/#\/schema\/person\/c652cd8fc2b1b44412b5ffb48c5a911d"},"headline":"\u00c9liminatoires Mondial 2026 : Sami Trabelsi d\u00e9voile la liste des Aigles de Carthage","datePublished":"2025-08-30T10:52:07+00:00","dateModified":"2025-09-01T07:33:06+00:00","mainEntityOfPage":{"@id":"https:\/\/www.webdo.tn\/fr\/actualite\/sport\/eliminatoires-mondial-2026-sami-trabelsi-devoile-la-liste-des-aigles-de-carthage\/382469\/"},"wordCount":331,"publisher":{"@id":"https:\/\/www.webdo.tn\/fr\/#organization"},"image":{"@id":"https:\/\/www.webdo.tn\/fr\/actualite\/sport\/eliminatoires-mondial-2026-sami-trabelsi-devoile-la-liste-des-aigles-de-carthage\/382469\/#primaryimage"},"thumbnailUrl":"https:\/\/www.webdo.tn\/fr\/wp-content\/uploads\/2025\/08\/485612538_1219333276221920_8979461393281610022_n-e1756551041105.jpg","keywords":["coupe du monde 2026","\u00e9liminatoires","football","liberia","Tunisie"],"articleSection":["Sport"],"inLanguage":"fr-FR"},{"@type":"WebPage","@id":"https:\/\/www.webdo.tn\/fr\/actualite\/sport\/eliminatoires-mondial-2026-sami-trabelsi-devoile-la-liste-des-aigles-de-carthage\/382469\/","url":"https:\/\/www.webdo.tn\/fr\/actualite\/sport\/eliminatoires-mondial-2026-sami-trabelsi-devoile-la-liste-des-aigles-de-carthage\/382469\/","name":"\u00c9liminatoires Mondial 2026 : La Tunisie pr\u00eate pour la bataille - webdo","isPartOf":{"@id":"https:\/\/www.webdo.tn\/fr\/#website"},"primaryImageOfPage":{"@id":"https:\/\/www.webdo.tn\/fr\/actualite\/sport\/eliminatoires-mondial-2026-sami-trabelsi-devoile-la-liste-des-aigles-de-carthage\/382469\/#primaryimage"},"image":{"@id":"https:\/\/www.webdo.tn\/fr\/actualite\/sport\/eliminatoires-mondial-2026-sami-trabelsi-devoile-la-liste-des-aigles-de-carthage\/382469\/#primaryimage"},"thumbnailUrl":"https:\/\/www.webdo.tn\/fr\/wp-content\/uploads\/2025\/08\/485612538_1219333276221920_8979461393281610022_n-e1756551041105.jpg","datePublished":"2025-08-30T10:52:07+00:00","dateModified":"2025-09-01T07:33:06+00:00","description":"D\u00e9couvrez la liste des joueurs convoqu\u00e9s par Sami Trabelsi pour les \u00c9liminatoires Mondial 2026 : Tunisie - Liberia et Guin\u00e9e \u00e9quatoriale.","breadcrumb":{"@id":"https:\/\/www.webdo.tn\/fr\/actualite\/sport\/eliminatoires-mondial-2026-sami-trabelsi-devoile-la-liste-des-aigles-de-carthage\/382469\/#breadcrumb"},"inLanguage":"fr-FR","potentialAction":[{"@type":"ReadAction","target":["https:\/\/www.webdo.tn\/fr\/actualite\/sport\/eliminatoires-mondial-2026-sami-trabelsi-devoile-la-liste-des-aigles-de-carthage\/382469\/"]}]},{"@type":"ImageObject","inLanguage":"fr-FR","@id":"https:\/\/www.webdo.tn\/fr\/actualite\/sport\/eliminatoires-mondial-2026-sami-trabelsi-devoile-la-liste-des-aigles-de-carthage\/382469\/#primaryimage","url":"https:\/\/www.webdo.tn\/fr\/wp-content\/uploads\/2025\/08\/485612538_1219333276221920_8979461393281610022_n-e1756551041105.jpg","contentUrl":"https:\/\/www.webdo.tn\/fr\/wp-content\/uploads\/2025\/08\/485612538_1219333276221920_8979461393281610022_n-e1756551041105.jpg","width":454,"height":300,"caption":"\u00c9liminatoires Mondial 2026 : Sami Trabelsi d\u00e9voile la liste des Aigles de Carthage"},{"@type":"BreadcrumbList","@id":"https:\/\/www.webdo.tn\/fr\/actualite\/sport\/eliminatoires-mondial-2026-sami-trabelsi-devoile-la-liste-des-aigles-de-carthage\/382469\/#breadcrumb","itemListElement":[{"@type":"ListItem","position":1,"name":"Accueil","item":"https:\/\/www.webdo.tn\/fr\/"},{"@type":"ListItem","position":2,"name":"\u00c9liminatoires Mondial 2026 : Sami Trabelsi d\u00e9voile la liste des Aigles de Carthage"}]},{"@type":"WebSite","@id":"https:\/\/www.webdo.tn\/fr\/#website","url":"https:\/\/www.webdo.tn\/fr\/","name":"webdo","description":"Tunisie - News en Tunisie et \u00e0 l&#039;international sur Webdo.tn","publisher":{"@id":"https:\/\/www.webdo.tn\/fr\/#organization"},"potentialAction":[{"@type":"SearchAction","target":{"@type":"EntryPoint","urlTemplate":"https:\/\/www.webdo.tn\/fr\/?s={search_term_string}"},"query-input":{"@type":"PropertyValueSpecification","valueRequired":true,"valueName":"search_term_string"}}],"inLanguage":"fr-FR"},{"@type":"Organization","@id":"https:\/\/www.webdo.tn\/fr\/#organization","name":"Webdo","alternateName":"Webdo.tn","url":"https:\/\/www.webdo.tn\/fr\/","logo":{"@type":"ImageObject","inLanguage":"fr-FR","@id":"https:\/\/www.webdo.tn\/fr\/#\/schema\/logo\/image\/","url":"https:\/\/www.webdo.tn\/fr\/wp-content\/uploads\/2025\/06\/Webdo-Tunisie_168377.jpg","contentUrl":"https:\/\/www.webdo.tn\/fr\/wp-content\/uploads\/2025\/06\/Webdo-Tunisie_168377.jpg","width":301,"height":301,"caption":"Webdo"},"image":{"@id":"https:\/\/www.webdo.tn\/fr\/#\/schema\/logo\/image\/"},"sameAs":["https:\/\/www.facebook.com\/webdotn","https:\/\/x.com\/webdo_tn"],"description":"Webdo est un m\u00e9dia num\u00e9rique tunisien fond\u00e9 en 2010, sp\u00e9cialis\u00e9 dans l\u2019actualit\u00e9 nationale et internationale, l\u2019\u00e9conomie, la soci\u00e9t\u00e9 et les analyses politiques. Le site s\u2019adresse \u00e0 un large public francophone et couvre l\u2019information tunisienne en temps r\u00e9el.","email":"redac@webdo.tn","legalName":"YNJ SARL","foundingDate":"2010-09-06","numberOfEmployees":{"@type":"QuantitativeValue","minValue":"11","maxValue":"50"}},{"@type":"Person","@id":"https:\/\/www.webdo.tn\/fr\/#\/schema\/person\/c652cd8fc2b1b44412b5ffb48c5a911d","name":"Mohamed Hedi Touati","image":{"@type":"ImageObject","inLanguage":"fr-FR","@id":"https:\/\/secure.gravatar.com\/avatar\/9cfd402c745b7a685f13eed0ea6e59d2144a3c2fc50a3db6fd5ed451f6cddf1a?s=96&d=mm&r=g","url":"https:\/\/secure.gravatar.com\/avatar\/9cfd402c745b7a685f13eed0ea6e59d2144a3c2fc50a3db6fd5ed451f6cddf1a?s=96&d=mm&r=g","contentUrl":"https:\/\/secure.gravatar.com\/avatar\/9cfd402c745b7a685f13eed0ea6e59d2144a3c2fc50a3db6fd5ed451f6cddf1a?s=96&d=mm&r=g","caption":"Mohamed Hedi Touati"},"url":"https:\/\/www.webdo.tn\/fr\/actualite\/author\/mohamed-hedi-touati\/"}]}},"_links":{"self":[{"href":"https:\/\/www.webdo.tn\/fr\/wp-json\/wp\/v2\/posts\/382469","targetHints":{"allow":["GET"]}}],"collection":[{"href":"https:\/\/www.webdo.tn\/fr\/wp-json\/wp\/v2\/posts"}],"about":[{"href":"https:\/\/www.webdo.tn\/fr\/wp-json\/wp\/v2\/types\/post"}],"author":[{"embeddable":true,"href":"https:\/\/www.webdo.tn\/fr\/wp-json\/wp\/v2\/users\/3191"}],"replies":[{"embeddable":true,"href":"https:\/\/www.webdo.tn\/fr\/wp-json\/wp\/v2\/comments?post=382469"}],"version-history":[{"count":0,"href":"https:\/\/www.webdo.tn\/fr\/wp-json\/wp\/v2\/posts\/382469\/revisions"}],"wp:featuredmedia":[{"embeddable":true,"href":"https:\/\/www.webdo.tn\/fr\/wp-json\/wp\/v2\/media\/382470"}],"wp:attachment":[{"href":"https:\/\/www.webdo.tn\/fr\/wp-json\/wp\/v2\/media?parent=382469"}],"wp:term":[{"taxonomy":"category","embeddable":true,"href":"https:\/\/www.webdo.tn\/fr\/wp-json\/wp\/v2\/categories?post=382469"},{"taxonomy":"post_tag","embeddable":true,"href":"https:\/\/www.webdo.tn\/fr\/wp-json\/wp\/v2\/tags?post=382469"}],"curies":[{"name":"wp","href":"https:\/\/api.w.org\/{rel}","templated":true}]}}