{"id":382444,"date":"2025-08-30T09:23:55","date_gmt":"2025-08-30T08:23:55","guid":{"rendered":"https:\/\/www.webdo.tn\/fr\/?p=382444"},"modified":"2025-08-30T12:49:28","modified_gmt":"2025-08-30T11:49:28","slug":"kais-saied-au-conseil-des-ministres-la-justice-sociale-et-la-lutte-contre-la-speculation-sont-des-priorites","status":"publish","type":"post","link":"https:\/\/www.webdo.tn\/fr\/actualite\/national\/kais-saied-au-conseil-des-ministres-la-justice-sociale-et-la-lutte-contre-la-speculation-sont-des-priorites\/382444\/","title":{"rendered":"Ka\u00efs Sa\u00efed : \u00ab\u00a0La Tunisie progresse malgr\u00e9 des ph\u00e9nom\u00e8nes anormaux\u00a0\u00bb"},"content":{"rendered":"\n<p><strong><strong>Le pr\u00e9sident de la R\u00e9publique, Ka\u00efs Sa\u00efed, a pr\u00e9sid\u00e9 vendredi 29 ao\u00fbt 2025 un Conseil des ministres. Il a r\u00e9affirm\u00e9 la volont\u00e9 de l\u2019\u00c9tat d\u2019avancer malgr\u00e9 les obstacles, de combattre les pratiques ill\u00e9gales, de consolider l\u2019\u00c9tat social et de r\u00e9former les circuits de distribution pour prot\u00e9ger le pouvoir d\u2019achat des citoyens.<\/strong><\/strong><\/p>\n\n\n\n<p>Le chef de l\u2019\u00c9tat a ouvert la r\u00e9union en soulignant que la Tunisie progresse malgr\u00e9 des ph\u00e9nom\u00e8nes anormaux qui affectent certains services publics. Il a insist\u00e9 sur le r\u00f4le central de la vigilance et de la conscience du peuple tunisien pour d\u00e9jouer les tentatives visant \u00e0 semer le doute, le d\u00e9sespoir et l\u2019abattement.<\/p>\n\n\n\n<p><strong>Transparence et lutte contre les pratiques ill\u00e9gales<\/strong><\/p>\n\n\n\n<p>Ka\u00efs Sa\u00efed a d\u00e9nonc\u00e9 de nombreuses pratiques anormales dont les sources et les objectifs sont connus. Il a affirm\u00e9 que la s\u00e9curit\u00e9 et la stabilit\u00e9 du pays reposent sur la conscience citoyenne et sur la volont\u00e9 ferme de faire face aux d\u00e9fis. Selon lui, les choix du peuple finiront par s\u2019appliquer, en d\u00e9pit des man\u0153uvres et des manipulations men\u00e9es par certains acteurs.<\/p>\n\n\n\n<p>Le pr\u00e9sident a rappel\u00e9 que l\u2019\u00c9tat social n\u2019est pas un slogan, mais une orientation globale qui doit concerner tous les secteurs et l\u2019ensemble du pays. Il a soulign\u00e9 que toutes les lois doivent r\u00e9pondre aux attentes de la population et que ceux qui les appliquent doivent y croire sinc\u00e8rement.<\/p>\n\n\n\n<p><strong>L\u2019\u00e9chec des anciens syst\u00e8mes de distribution<\/strong><\/p>\n\n\n\n<p>Ka\u00efs Sa\u00efed a critiqu\u00e9 l\u2019\u00e9chec des anciens syst\u00e8mes de distribution, qui n\u2019ont pas permis de prot\u00e9ger le pouvoir d\u2019achat des citoyens. Il a appel\u00e9 \u00e0 une nouvelle approche pour mettre fin \u00e0 la sp\u00e9culation, au monopole et aux pratiques des lobbies, d\u00e9sormais expos\u00e9s au grand jour.<\/p>\n\n\n\n<p>Le chef de l\u2019\u00c9tat a averti que les responsables de malversations et de corruption \u00ab ne resteront pas impunis \u00bb. Il a insist\u00e9 sur le fait que la dignit\u00e9 et la justice des citoyens sont sacr\u00e9es et ne peuvent \u00eatre bafou\u00e9es par les corrompus et leurs alli\u00e9s.<\/p>\n\n\n\n<p>En conclusion, le pr\u00e9sident a affirm\u00e9 que la r\u00e9volution l\u00e9gislative seule ne suffit pas. Elle doit \u00eatre accompagn\u00e9e d\u2019une transformation administrative profonde, couronn\u00e9e par une r\u00e9volution culturelle qui marquera une rupture d\u00e9finitive avec \u00ab le pass\u00e9 r\u00e9volu \u00bb.<\/p>\n\n\n\n<p><\/p>\n\n\n\n<blockquote class=\"wp-block-quote is-layout-flow wp-block-quote-is-layout-flow\"><\/blockquote>\n\n\n\n<iframe src=\"https:\/\/www.facebook.com\/plugins\/post.php?href=https%3A%2F%2Fwww.facebook.com%2FPresidence.tn%2Fposts%2Fpfbid0BNw6ELsLsPZcLUX7qf6ezvMS9F8Qh6kC8Vt8MRn8CFnp53gBynP6ZfShVqJDLGmRl&#038;show_text=true&#038;width=500\" width=\"500\" height=\"250\" style=\"border:none;overflow:hidden\" scrolling=\"no\" frameborder=\"0\" allowfullscreen=\"true\" allow=\"autoplay; clipboard-write; encrypted-media; picture-in-picture; web-share\"><\/iframe>\n\n\n\n<p><strong>Lire aussi :<\/strong><\/p>\n\n\n\n<ul class=\"wp-block-list\">\n<li><a href=\"https:\/\/www.webdo.tn\/fr\/actualite\/national\/tunisie-lappel-de-kais-saied-a-une-refonte-globale-des-politiques-publiques\/382074\/\">Tunisie&nbsp;: L\u2019appel de Ka\u00efs Sa\u00efed \u00e0 une refonte globale des politiques publiques<\/a><\/li>\n\n\n\n<li><a href=\"https:\/\/www.webdo.tn\/fr\/actualite\/national\/kais-saied-en-visite-surprise-rentree-scolaire-rabta-et-sit-in-des-docteurs-chomeurs\/381861\/\">Ka\u00efs Sa\u00efed en visite surprise : Rentr\u00e9e scolaire, Rabta et sit-in des docteurs ch\u00f4meurs<\/a><\/li>\n\n\n\n<li><a href=\"https:\/\/www.webdo.tn\/fr\/actualite\/national\/kais-saied-de-nombreuses-banques-doivent-se-conformer-a-la-politique-de-letat\/381803\/\">Ka\u00efs Sa\u00efed : \u00ab&nbsp;De nombreuses banques doivent se conformer \u00e0 la politique de l\u2019\u00c9tat&nbsp;\u00bb<\/a><\/li>\n<\/ul>\n","protected":false},"excerpt":{"rendered":"<p>Le pr\u00e9sident de la R\u00e9publique, Ka\u00efs Sa\u00efed, a pr\u00e9sid\u00e9 vendredi 29 ao\u00fbt 2025 un Conseil des ministres. Il a r\u00e9affirm\u00e9 la volont\u00e9 de l\u2019\u00c9tat d\u2019avancer malgr\u00e9 les obstacles, de combattre les pratiques ill\u00e9gales, de consolider l\u2019\u00c9tat social et de r\u00e9former les circuits de distribution pour prot\u00e9ger le pouvoir d\u2019achat des citoyens. Le chef de l\u2019\u00c9tat [&hellip;]<\/p>\n","protected":false},"author":3191,"featured_media":382445,"comment_status":"closed","ping_status":"closed","sticky":false,"template":"","format":"standard","meta":{"footnotes":""},"categories":[44],"tags":[5449,11767,3016,2614,3055,2608],"class_list":["post-382444","post","type-post","status-publish","format-standard","has-post-thumbnail","hentry","category-national","tag-conseil-des-ministres","tag-etat-social","tag-justice-sociale","tag-kais-saied","tag-speculation","tag-tunisie"],"yoast_head":"<!-- This site is optimized with the Yoast SEO Premium plugin v27.5 (Yoast SEO v27.5) - https:\/\/yoast.com\/product\/yoast-seo-premium-wordpress\/ -->\n<title>Ka\u00efs Sa\u00efed au Conseil des ministres : Avancer malgr\u00e9 les obstacles - webdo<\/title>\n<meta name=\"description\" content=\"Dans son dernier discours, Ka\u00efs Sa\u00efed \u00e9voque la progression de la Tunisie et les d\u00e9fis \u00e0 relever pour le bien-\u00eatre des citoyens.\" \/>\n<link rel=\"canonical\" href=\"https:\/\/www.webdo.tn\/fr\/actualite\/national\/kais-saied-au-conseil-des-ministres-la-justice-sociale-et-la-lutte-contre-la-speculation-sont-des-priorites\/382444\/\" \/>\n<meta property=\"og:locale\" content=\"fr_FR\" \/>\n<meta property=\"og:type\" content=\"article\" \/>\n<meta property=\"og:title\" content=\"Ka\u00efs Sa\u00efed : &quot;La Tunisie progresse malgr\u00e9 des ph\u00e9nom\u00e8nes anormaux&quot;\" \/>\n<meta property=\"og:description\" content=\"Dans son dernier discours, Ka\u00efs Sa\u00efed \u00e9voque la progression de la Tunisie et les d\u00e9fis \u00e0 relever pour le bien-\u00eatre des citoyens.\" \/>\n<meta property=\"og:url\" content=\"https:\/\/www.webdo.tn\/fr\/actualite\/national\/kais-saied-au-conseil-des-ministres-la-justice-sociale-et-la-lutte-contre-la-speculation-sont-des-priorites\/382444\/\" \/>\n<meta property=\"og:site_name\" content=\"webdo\" \/>\n<meta property=\"article:publisher\" content=\"https:\/\/www.facebook.com\/webdotn\" \/>\n<meta property=\"article:published_time\" content=\"2025-08-30T08:23:55+00:00\" \/>\n<meta property=\"article:modified_time\" content=\"2025-08-30T11:49:28+00:00\" \/>\n<meta property=\"og:image\" content=\"https:\/\/www.webdo.tn\/fr\/wp-content\/uploads\/2025\/08\/540970146_1188014036690528_6416997926644415540_n-e1756542158749.jpg\" \/>\n\t<meta property=\"og:image:width\" content=\"491\" \/>\n\t<meta property=\"og:image:height\" content=\"300\" \/>\n\t<meta property=\"og:image:type\" content=\"image\/jpeg\" \/>\n<meta name=\"author\" content=\"Mohamed Hedi Touati\" \/>\n<meta name=\"twitter:card\" content=\"summary_large_image\" \/>\n<meta name=\"twitter:creator\" content=\"@webdo_tn\" \/>\n<meta name=\"twitter:site\" content=\"@webdo_tn\" \/>\n<meta name=\"twitter:label1\" content=\"\u00c9crit par\" \/>\n\t<meta name=\"twitter:data1\" content=\"Mohamed Hedi Touati\" \/>\n\t<meta name=\"twitter:label2\" content=\"Dur\u00e9e de lecture estim\u00e9e\" \/>\n\t<meta name=\"twitter:data2\" content=\"3 minutes\" \/>\n<script type=\"application\/ld+json\" class=\"yoast-schema-graph\">{\"@context\":\"https:\\\/\\\/schema.org\",\"@graph\":[{\"@type\":\"NewsArticle\",\"@id\":\"https:\\\/\\\/www.webdo.tn\\\/fr\\\/actualite\\\/national\\\/kais-saied-au-conseil-des-ministres-la-justice-sociale-et-la-lutte-contre-la-speculation-sont-des-priorites\\\/382444\\\/#article\",\"isPartOf\":{\"@id\":\"https:\\\/\\\/www.webdo.tn\\\/fr\\\/actualite\\\/national\\\/kais-saied-au-conseil-des-ministres-la-justice-sociale-et-la-lutte-contre-la-speculation-sont-des-priorites\\\/382444\\\/\"},\"author\":{\"name\":\"Mohamed Hedi Touati\",\"@id\":\"https:\\\/\\\/www.webdo.tn\\\/fr\\\/#\\\/schema\\\/person\\\/c652cd8fc2b1b44412b5ffb48c5a911d\"},\"headline\":\"Ka\u00efs Sa\u00efed : \u00ab\u00a0La Tunisie progresse malgr\u00e9 des ph\u00e9nom\u00e8nes anormaux\u00a0\u00bb\",\"datePublished\":\"2025-08-30T08:23:55+00:00\",\"dateModified\":\"2025-08-30T11:49:28+00:00\",\"mainEntityOfPage\":{\"@id\":\"https:\\\/\\\/www.webdo.tn\\\/fr\\\/actualite\\\/national\\\/kais-saied-au-conseil-des-ministres-la-justice-sociale-et-la-lutte-contre-la-speculation-sont-des-priorites\\\/382444\\\/\"},\"wordCount\":477,\"publisher\":{\"@id\":\"https:\\\/\\\/www.webdo.tn\\\/fr\\\/#organization\"},\"image\":{\"@id\":\"https:\\\/\\\/www.webdo.tn\\\/fr\\\/actualite\\\/national\\\/kais-saied-au-conseil-des-ministres-la-justice-sociale-et-la-lutte-contre-la-speculation-sont-des-priorites\\\/382444\\\/#primaryimage\"},\"thumbnailUrl\":\"https:\\\/\\\/www.webdo.tn\\\/fr\\\/wp-content\\\/uploads\\\/2025\\\/08\\\/540970146_1188014036690528_6416997926644415540_n-e1756542158749.jpg\",\"keywords\":[\"Conseil des ministres\",\"Etat social\",\"Justice sociale\",\"Kais Saied\",\"sp\u00e9culation\",\"Tunisie\"],\"articleSection\":[\"National\"],\"inLanguage\":\"fr-FR\"},{\"@type\":\"WebPage\",\"@id\":\"https:\\\/\\\/www.webdo.tn\\\/fr\\\/actualite\\\/national\\\/kais-saied-au-conseil-des-ministres-la-justice-sociale-et-la-lutte-contre-la-speculation-sont-des-priorites\\\/382444\\\/\",\"url\":\"https:\\\/\\\/www.webdo.tn\\\/fr\\\/actualite\\\/national\\\/kais-saied-au-conseil-des-ministres-la-justice-sociale-et-la-lutte-contre-la-speculation-sont-des-priorites\\\/382444\\\/\",\"name\":\"Ka\u00efs Sa\u00efed au Conseil des ministres : Avancer malgr\u00e9 les obstacles - webdo\",\"isPartOf\":{\"@id\":\"https:\\\/\\\/www.webdo.tn\\\/fr\\\/#website\"},\"primaryImageOfPage\":{\"@id\":\"https:\\\/\\\/www.webdo.tn\\\/fr\\\/actualite\\\/national\\\/kais-saied-au-conseil-des-ministres-la-justice-sociale-et-la-lutte-contre-la-speculation-sont-des-priorites\\\/382444\\\/#primaryimage\"},\"image\":{\"@id\":\"https:\\\/\\\/www.webdo.tn\\\/fr\\\/actualite\\\/national\\\/kais-saied-au-conseil-des-ministres-la-justice-sociale-et-la-lutte-contre-la-speculation-sont-des-priorites\\\/382444\\\/#primaryimage\"},\"thumbnailUrl\":\"https:\\\/\\\/www.webdo.tn\\\/fr\\\/wp-content\\\/uploads\\\/2025\\\/08\\\/540970146_1188014036690528_6416997926644415540_n-e1756542158749.jpg\",\"datePublished\":\"2025-08-30T08:23:55+00:00\",\"dateModified\":\"2025-08-30T11:49:28+00:00\",\"description\":\"Dans son dernier discours, Ka\u00efs Sa\u00efed \u00e9voque la progression de la Tunisie et les d\u00e9fis \u00e0 relever pour le bien-\u00eatre des citoyens.\",\"breadcrumb\":{\"@id\":\"https:\\\/\\\/www.webdo.tn\\\/fr\\\/actualite\\\/national\\\/kais-saied-au-conseil-des-ministres-la-justice-sociale-et-la-lutte-contre-la-speculation-sont-des-priorites\\\/382444\\\/#breadcrumb\"},\"inLanguage\":\"fr-FR\",\"potentialAction\":[{\"@type\":\"ReadAction\",\"target\":[\"https:\\\/\\\/www.webdo.tn\\\/fr\\\/actualite\\\/national\\\/kais-saied-au-conseil-des-ministres-la-justice-sociale-et-la-lutte-contre-la-speculation-sont-des-priorites\\\/382444\\\/\"]}]},{\"@type\":\"ImageObject\",\"inLanguage\":\"fr-FR\",\"@id\":\"https:\\\/\\\/www.webdo.tn\\\/fr\\\/actualite\\\/national\\\/kais-saied-au-conseil-des-ministres-la-justice-sociale-et-la-lutte-contre-la-speculation-sont-des-priorites\\\/382444\\\/#primaryimage\",\"url\":\"https:\\\/\\\/www.webdo.tn\\\/fr\\\/wp-content\\\/uploads\\\/2025\\\/08\\\/540970146_1188014036690528_6416997926644415540_n-e1756542158749.jpg\",\"contentUrl\":\"https:\\\/\\\/www.webdo.tn\\\/fr\\\/wp-content\\\/uploads\\\/2025\\\/08\\\/540970146_1188014036690528_6416997926644415540_n-e1756542158749.jpg\",\"width\":491,\"height\":300,\"caption\":\"Ka\u00efs Sa\u00efed : \\\"La Tunisie progresse malgr\u00e9 des ph\u00e9nom\u00e8nes anormaux\\\"\"},{\"@type\":\"BreadcrumbList\",\"@id\":\"https:\\\/\\\/www.webdo.tn\\\/fr\\\/actualite\\\/national\\\/kais-saied-au-conseil-des-ministres-la-justice-sociale-et-la-lutte-contre-la-speculation-sont-des-priorites\\\/382444\\\/#breadcrumb\",\"itemListElement\":[{\"@type\":\"ListItem\",\"position\":1,\"name\":\"Accueil\",\"item\":\"https:\\\/\\\/www.webdo.tn\\\/fr\\\/\"},{\"@type\":\"ListItem\",\"position\":2,\"name\":\"Ka\u00efs Sa\u00efed : \u00ab\u00a0La Tunisie progresse malgr\u00e9 des ph\u00e9nom\u00e8nes anormaux\u00a0\u00bb\"}]},{\"@type\":\"WebSite\",\"@id\":\"https:\\\/\\\/www.webdo.tn\\\/fr\\\/#website\",\"url\":\"https:\\\/\\\/www.webdo.tn\\\/fr\\\/\",\"name\":\"webdo\",\"description\":\"Tunisie - News en Tunisie et \u00e0 l&#039;international sur Webdo.tn\",\"publisher\":{\"@id\":\"https:\\\/\\\/www.webdo.tn\\\/fr\\\/#organization\"},\"potentialAction\":[{\"@type\":\"SearchAction\",\"target\":{\"@type\":\"EntryPoint\",\"urlTemplate\":\"https:\\\/\\\/www.webdo.tn\\\/fr\\\/?s={search_term_string}\"},\"query-input\":{\"@type\":\"PropertyValueSpecification\",\"valueRequired\":true,\"valueName\":\"search_term_string\"}}],\"inLanguage\":\"fr-FR\"},{\"@type\":\"Organization\",\"@id\":\"https:\\\/\\\/www.webdo.tn\\\/fr\\\/#organization\",\"name\":\"Webdo\",\"alternateName\":\"Webdo.tn\",\"url\":\"https:\\\/\\\/www.webdo.tn\\\/fr\\\/\",\"logo\":{\"@type\":\"ImageObject\",\"inLanguage\":\"fr-FR\",\"@id\":\"https:\\\/\\\/www.webdo.tn\\\/fr\\\/#\\\/schema\\\/logo\\\/image\\\/\",\"url\":\"https:\\\/\\\/www.webdo.tn\\\/fr\\\/wp-content\\\/uploads\\\/2025\\\/06\\\/Webdo-Tunisie_168377.jpg\",\"contentUrl\":\"https:\\\/\\\/www.webdo.tn\\\/fr\\\/wp-content\\\/uploads\\\/2025\\\/06\\\/Webdo-Tunisie_168377.jpg\",\"width\":301,\"height\":301,\"caption\":\"Webdo\"},\"image\":{\"@id\":\"https:\\\/\\\/www.webdo.tn\\\/fr\\\/#\\\/schema\\\/logo\\\/image\\\/\"},\"sameAs\":[\"https:\\\/\\\/www.facebook.com\\\/webdotn\",\"https:\\\/\\\/x.com\\\/webdo_tn\"],\"description\":\"Webdo est un m\u00e9dia num\u00e9rique tunisien fond\u00e9 en 2010, sp\u00e9cialis\u00e9 dans l\u2019actualit\u00e9 nationale et internationale, l\u2019\u00e9conomie, la soci\u00e9t\u00e9 et les analyses politiques. Le site s\u2019adresse \u00e0 un large public francophone et couvre l\u2019information tunisienne en temps r\u00e9el.\",\"email\":\"redac@webdo.tn\",\"legalName\":\"YNJ SARL\",\"foundingDate\":\"2010-09-06\",\"numberOfEmployees\":{\"@type\":\"QuantitativeValue\",\"minValue\":\"11\",\"maxValue\":\"50\"}},{\"@type\":\"Person\",\"@id\":\"https:\\\/\\\/www.webdo.tn\\\/fr\\\/#\\\/schema\\\/person\\\/c652cd8fc2b1b44412b5ffb48c5a911d\",\"name\":\"Mohamed Hedi Touati\",\"image\":{\"@type\":\"ImageObject\",\"inLanguage\":\"fr-FR\",\"@id\":\"https:\\\/\\\/secure.gravatar.com\\\/avatar\\\/9cfd402c745b7a685f13eed0ea6e59d2144a3c2fc50a3db6fd5ed451f6cddf1a?s=96&d=mm&r=g\",\"url\":\"https:\\\/\\\/secure.gravatar.com\\\/avatar\\\/9cfd402c745b7a685f13eed0ea6e59d2144a3c2fc50a3db6fd5ed451f6cddf1a?s=96&d=mm&r=g\",\"contentUrl\":\"https:\\\/\\\/secure.gravatar.com\\\/avatar\\\/9cfd402c745b7a685f13eed0ea6e59d2144a3c2fc50a3db6fd5ed451f6cddf1a?s=96&d=mm&r=g\",\"caption\":\"Mohamed Hedi Touati\"},\"url\":\"https:\\\/\\\/www.webdo.tn\\\/fr\\\/actualite\\\/author\\\/mohamed-hedi-touati\\\/\"}]}<\/script>\n<!-- \/ Yoast SEO Premium plugin. -->","yoast_head_json":{"title":"Ka\u00efs Sa\u00efed au Conseil des ministres : Avancer malgr\u00e9 les obstacles - webdo","description":"Dans son dernier discours, Ka\u00efs Sa\u00efed \u00e9voque la progression de la Tunisie et les d\u00e9fis \u00e0 relever pour le bien-\u00eatre des citoyens.","canonical":"https:\/\/www.webdo.tn\/fr\/actualite\/national\/kais-saied-au-conseil-des-ministres-la-justice-sociale-et-la-lutte-contre-la-speculation-sont-des-priorites\/382444\/","og_locale":"fr_FR","og_type":"article","og_title":"Ka\u00efs Sa\u00efed : \"La Tunisie progresse malgr\u00e9 des ph\u00e9nom\u00e8nes anormaux\"","og_description":"Dans son dernier discours, Ka\u00efs Sa\u00efed \u00e9voque la progression de la Tunisie et les d\u00e9fis \u00e0 relever pour le bien-\u00eatre des citoyens.","og_url":"https:\/\/www.webdo.tn\/fr\/actualite\/national\/kais-saied-au-conseil-des-ministres-la-justice-sociale-et-la-lutte-contre-la-speculation-sont-des-priorites\/382444\/","og_site_name":"webdo","article_publisher":"https:\/\/www.facebook.com\/webdotn","article_published_time":"2025-08-30T08:23:55+00:00","article_modified_time":"2025-08-30T11:49:28+00:00","og_image":[{"width":491,"height":300,"url":"https:\/\/www.webdo.tn\/fr\/wp-content\/uploads\/2025\/08\/540970146_1188014036690528_6416997926644415540_n-e1756542158749.jpg","type":"image\/jpeg"}],"author":"Mohamed Hedi Touati","twitter_card":"summary_large_image","twitter_creator":"@webdo_tn","twitter_site":"@webdo_tn","twitter_misc":{"\u00c9crit par":"Mohamed Hedi Touati","Dur\u00e9e de lecture estim\u00e9e":"3 minutes"},"schema":{"@context":"https:\/\/schema.org","@graph":[{"@type":"NewsArticle","@id":"https:\/\/www.webdo.tn\/fr\/actualite\/national\/kais-saied-au-conseil-des-ministres-la-justice-sociale-et-la-lutte-contre-la-speculation-sont-des-priorites\/382444\/#article","isPartOf":{"@id":"https:\/\/www.webdo.tn\/fr\/actualite\/national\/kais-saied-au-conseil-des-ministres-la-justice-sociale-et-la-lutte-contre-la-speculation-sont-des-priorites\/382444\/"},"author":{"name":"Mohamed Hedi Touati","@id":"https:\/\/www.webdo.tn\/fr\/#\/schema\/person\/c652cd8fc2b1b44412b5ffb48c5a911d"},"headline":"Ka\u00efs Sa\u00efed : \u00ab\u00a0La Tunisie progresse malgr\u00e9 des ph\u00e9nom\u00e8nes anormaux\u00a0\u00bb","datePublished":"2025-08-30T08:23:55+00:00","dateModified":"2025-08-30T11:49:28+00:00","mainEntityOfPage":{"@id":"https:\/\/www.webdo.tn\/fr\/actualite\/national\/kais-saied-au-conseil-des-ministres-la-justice-sociale-et-la-lutte-contre-la-speculation-sont-des-priorites\/382444\/"},"wordCount":477,"publisher":{"@id":"https:\/\/www.webdo.tn\/fr\/#organization"},"image":{"@id":"https:\/\/www.webdo.tn\/fr\/actualite\/national\/kais-saied-au-conseil-des-ministres-la-justice-sociale-et-la-lutte-contre-la-speculation-sont-des-priorites\/382444\/#primaryimage"},"thumbnailUrl":"https:\/\/www.webdo.tn\/fr\/wp-content\/uploads\/2025\/08\/540970146_1188014036690528_6416997926644415540_n-e1756542158749.jpg","keywords":["Conseil des ministres","Etat social","Justice sociale","Kais Saied","sp\u00e9culation","Tunisie"],"articleSection":["National"],"inLanguage":"fr-FR"},{"@type":"WebPage","@id":"https:\/\/www.webdo.tn\/fr\/actualite\/national\/kais-saied-au-conseil-des-ministres-la-justice-sociale-et-la-lutte-contre-la-speculation-sont-des-priorites\/382444\/","url":"https:\/\/www.webdo.tn\/fr\/actualite\/national\/kais-saied-au-conseil-des-ministres-la-justice-sociale-et-la-lutte-contre-la-speculation-sont-des-priorites\/382444\/","name":"Ka\u00efs Sa\u00efed au Conseil des ministres : Avancer malgr\u00e9 les obstacles - webdo","isPartOf":{"@id":"https:\/\/www.webdo.tn\/fr\/#website"},"primaryImageOfPage":{"@id":"https:\/\/www.webdo.tn\/fr\/actualite\/national\/kais-saied-au-conseil-des-ministres-la-justice-sociale-et-la-lutte-contre-la-speculation-sont-des-priorites\/382444\/#primaryimage"},"image":{"@id":"https:\/\/www.webdo.tn\/fr\/actualite\/national\/kais-saied-au-conseil-des-ministres-la-justice-sociale-et-la-lutte-contre-la-speculation-sont-des-priorites\/382444\/#primaryimage"},"thumbnailUrl":"https:\/\/www.webdo.tn\/fr\/wp-content\/uploads\/2025\/08\/540970146_1188014036690528_6416997926644415540_n-e1756542158749.jpg","datePublished":"2025-08-30T08:23:55+00:00","dateModified":"2025-08-30T11:49:28+00:00","description":"Dans son dernier discours, Ka\u00efs Sa\u00efed \u00e9voque la progression de la Tunisie et les d\u00e9fis \u00e0 relever pour le bien-\u00eatre des citoyens.","breadcrumb":{"@id":"https:\/\/www.webdo.tn\/fr\/actualite\/national\/kais-saied-au-conseil-des-ministres-la-justice-sociale-et-la-lutte-contre-la-speculation-sont-des-priorites\/382444\/#breadcrumb"},"inLanguage":"fr-FR","potentialAction":[{"@type":"ReadAction","target":["https:\/\/www.webdo.tn\/fr\/actualite\/national\/kais-saied-au-conseil-des-ministres-la-justice-sociale-et-la-lutte-contre-la-speculation-sont-des-priorites\/382444\/"]}]},{"@type":"ImageObject","inLanguage":"fr-FR","@id":"https:\/\/www.webdo.tn\/fr\/actualite\/national\/kais-saied-au-conseil-des-ministres-la-justice-sociale-et-la-lutte-contre-la-speculation-sont-des-priorites\/382444\/#primaryimage","url":"https:\/\/www.webdo.tn\/fr\/wp-content\/uploads\/2025\/08\/540970146_1188014036690528_6416997926644415540_n-e1756542158749.jpg","contentUrl":"https:\/\/www.webdo.tn\/fr\/wp-content\/uploads\/2025\/08\/540970146_1188014036690528_6416997926644415540_n-e1756542158749.jpg","width":491,"height":300,"caption":"Ka\u00efs Sa\u00efed : \"La Tunisie progresse malgr\u00e9 des ph\u00e9nom\u00e8nes anormaux\""},{"@type":"BreadcrumbList","@id":"https:\/\/www.webdo.tn\/fr\/actualite\/national\/kais-saied-au-conseil-des-ministres-la-justice-sociale-et-la-lutte-contre-la-speculation-sont-des-priorites\/382444\/#breadcrumb","itemListElement":[{"@type":"ListItem","position":1,"name":"Accueil","item":"https:\/\/www.webdo.tn\/fr\/"},{"@type":"ListItem","position":2,"name":"Ka\u00efs Sa\u00efed : \u00ab\u00a0La Tunisie progresse malgr\u00e9 des ph\u00e9nom\u00e8nes anormaux\u00a0\u00bb"}]},{"@type":"WebSite","@id":"https:\/\/www.webdo.tn\/fr\/#website","url":"https:\/\/www.webdo.tn\/fr\/","name":"webdo","description":"Tunisie - News en Tunisie et \u00e0 l&#039;international sur Webdo.tn","publisher":{"@id":"https:\/\/www.webdo.tn\/fr\/#organization"},"potentialAction":[{"@type":"SearchAction","target":{"@type":"EntryPoint","urlTemplate":"https:\/\/www.webdo.tn\/fr\/?s={search_term_string}"},"query-input":{"@type":"PropertyValueSpecification","valueRequired":true,"valueName":"search_term_string"}}],"inLanguage":"fr-FR"},{"@type":"Organization","@id":"https:\/\/www.webdo.tn\/fr\/#organization","name":"Webdo","alternateName":"Webdo.tn","url":"https:\/\/www.webdo.tn\/fr\/","logo":{"@type":"ImageObject","inLanguage":"fr-FR","@id":"https:\/\/www.webdo.tn\/fr\/#\/schema\/logo\/image\/","url":"https:\/\/www.webdo.tn\/fr\/wp-content\/uploads\/2025\/06\/Webdo-Tunisie_168377.jpg","contentUrl":"https:\/\/www.webdo.tn\/fr\/wp-content\/uploads\/2025\/06\/Webdo-Tunisie_168377.jpg","width":301,"height":301,"caption":"Webdo"},"image":{"@id":"https:\/\/www.webdo.tn\/fr\/#\/schema\/logo\/image\/"},"sameAs":["https:\/\/www.facebook.com\/webdotn","https:\/\/x.com\/webdo_tn"],"description":"Webdo est un m\u00e9dia num\u00e9rique tunisien fond\u00e9 en 2010, sp\u00e9cialis\u00e9 dans l\u2019actualit\u00e9 nationale et internationale, l\u2019\u00e9conomie, la soci\u00e9t\u00e9 et les analyses politiques. Le site s\u2019adresse \u00e0 un large public francophone et couvre l\u2019information tunisienne en temps r\u00e9el.","email":"redac@webdo.tn","legalName":"YNJ SARL","foundingDate":"2010-09-06","numberOfEmployees":{"@type":"QuantitativeValue","minValue":"11","maxValue":"50"}},{"@type":"Person","@id":"https:\/\/www.webdo.tn\/fr\/#\/schema\/person\/c652cd8fc2b1b44412b5ffb48c5a911d","name":"Mohamed Hedi Touati","image":{"@type":"ImageObject","inLanguage":"fr-FR","@id":"https:\/\/secure.gravatar.com\/avatar\/9cfd402c745b7a685f13eed0ea6e59d2144a3c2fc50a3db6fd5ed451f6cddf1a?s=96&d=mm&r=g","url":"https:\/\/secure.gravatar.com\/avatar\/9cfd402c745b7a685f13eed0ea6e59d2144a3c2fc50a3db6fd5ed451f6cddf1a?s=96&d=mm&r=g","contentUrl":"https:\/\/secure.gravatar.com\/avatar\/9cfd402c745b7a685f13eed0ea6e59d2144a3c2fc50a3db6fd5ed451f6cddf1a?s=96&d=mm&r=g","caption":"Mohamed Hedi Touati"},"url":"https:\/\/www.webdo.tn\/fr\/actualite\/author\/mohamed-hedi-touati\/"}]}},"_links":{"self":[{"href":"https:\/\/www.webdo.tn\/fr\/wp-json\/wp\/v2\/posts\/382444","targetHints":{"allow":["GET"]}}],"collection":[{"href":"https:\/\/www.webdo.tn\/fr\/wp-json\/wp\/v2\/posts"}],"about":[{"href":"https:\/\/www.webdo.tn\/fr\/wp-json\/wp\/v2\/types\/post"}],"author":[{"embeddable":true,"href":"https:\/\/www.webdo.tn\/fr\/wp-json\/wp\/v2\/users\/3191"}],"replies":[{"embeddable":true,"href":"https:\/\/www.webdo.tn\/fr\/wp-json\/wp\/v2\/comments?post=382444"}],"version-history":[{"count":0,"href":"https:\/\/www.webdo.tn\/fr\/wp-json\/wp\/v2\/posts\/382444\/revisions"}],"wp:featuredmedia":[{"embeddable":true,"href":"https:\/\/www.webdo.tn\/fr\/wp-json\/wp\/v2\/media\/382445"}],"wp:attachment":[{"href":"https:\/\/www.webdo.tn\/fr\/wp-json\/wp\/v2\/media?parent=382444"}],"wp:term":[{"taxonomy":"category","embeddable":true,"href":"https:\/\/www.webdo.tn\/fr\/wp-json\/wp\/v2\/categories?post=382444"},{"taxonomy":"post_tag","embeddable":true,"href":"https:\/\/www.webdo.tn\/fr\/wp-json\/wp\/v2\/tags?post=382444"}],"curies":[{"name":"wp","href":"https:\/\/api.w.org\/{rel}","templated":true}]}}