{"id":382433,"date":"2025-08-29T19:36:20","date_gmt":"2025-08-29T18:36:20","guid":{"rendered":"https:\/\/www.webdo.tn\/fr\/?p=382433"},"modified":"2025-08-29T19:36:29","modified_gmt":"2025-08-29T18:36:29","slug":"tunisie-jort-six-hopitaux-regionaux-integrent-le-reseau-universitaire","status":"publish","type":"post","link":"https:\/\/www.webdo.tn\/fr\/actualite\/national\/tunisie-jort-six-hopitaux-regionaux-integrent-le-reseau-universitaire\/382433\/","title":{"rendered":"Tunisie &#8211; JORT: Six h\u00f4pitaux r\u00e9gionaux int\u00e8grent le r\u00e9seau universitaire"},"content":{"rendered":"\n<p><strong>Le Journal Officiel de la R\u00e9publique Tunisienne a publi\u00e9, ce vendredi 29 ao\u00fbt 2025, six arr\u00eat\u00e9s conjoints des ministres de l\u2019Enseignement Sup\u00e9rieur et de la Recherche Scientifique et de la Sant\u00e9, dat\u00e9s du 27 ao\u00fbt 2025. Ces textes accordent la qualit\u00e9 universitaire \u00e0 plusieurs services m\u00e9dicaux de six h\u00f4pitaux r\u00e9gionaux du pays.<\/strong><\/p>\n\n\n\n<p>Les services concern\u00e9s sont r\u00e9partis comme suit :<\/p>\n\n\n\n<ul class=\"wp-block-list\">\n<li><strong>H\u00f4pital r\u00e9gional de K\u00e9bili<\/strong> : service d\u2019anesth\u00e9sie-r\u00e9animation<\/li>\n\n\n\n<li><strong>H\u00f4pital r\u00e9gional de Zaghouan<\/strong> : service de gyn\u00e9cologie-obst\u00e9trique<\/li>\n\n\n\n<li><strong>H\u00f4pital r\u00e9gional de Menzel Temime<\/strong> : service des urgences m\u00e9dicales<\/li>\n\n\n\n<li><strong>H\u00f4pital r\u00e9gional de Siliana<\/strong> : service de p\u00e9diatrie<\/li>\n\n\n\n<li><strong>H\u00f4pital r\u00e9gional de B\u00e9ja<\/strong> : services d\u2019ophtalmologie et de chirurgie de l\u2019appareil digestif<\/li>\n\n\n\n<li><strong>H\u00f4pital r\u00e9gional du Kef<\/strong> : services de chirurgie orthop\u00e9dique et traumatologique, et de gyn\u00e9cologie-obst\u00e9trique<\/li>\n<\/ul>\n\n\n\n<p>Cette d\u00e9cision vise \u00e0 renforcer l\u2019expertise m\u00e9dicale et \u00e0 d\u00e9velopper la formation universitaire dans les \u00e9tablissements de sant\u00e9 r\u00e9gionaux, contribuant ainsi \u00e0 l\u2019am\u00e9lioration de la qualit\u00e9 des soins dans le pays.<\/p>\n\n\n\n<p><\/p>\n","protected":false},"excerpt":{"rendered":"<p>Le Journal Officiel de la R\u00e9publique Tunisienne a publi\u00e9, ce vendredi 29 ao\u00fbt 2025, six arr\u00eat\u00e9s conjoints des ministres de l\u2019Enseignement Sup\u00e9rieur et de la Recherche Scientifique et de la Sant\u00e9, dat\u00e9s du 27 ao\u00fbt 2025. Ces textes accordent la qualit\u00e9 universitaire \u00e0 plusieurs services m\u00e9dicaux de six h\u00f4pitaux r\u00e9gionaux du pays. Les services concern\u00e9s [&hellip;]<\/p>\n","protected":false},"author":4782,"featured_media":372103,"comment_status":"closed","ping_status":"closed","sticky":false,"template":"","format":"standard","meta":{"footnotes":""},"categories":[44],"tags":[2858,3897,2608],"class_list":["post-382433","post","type-post","status-publish","format-standard","has-post-thumbnail","hentry","category-national","tag-hopital","tag-jort","tag-tunisie"],"yoast_head":"<!-- This site is optimized with the Yoast SEO Premium plugin v27.4 (Yoast SEO v27.5) - https:\/\/yoast.com\/product\/yoast-seo-premium-wordpress\/ -->\n<title>Tunisie - JORT: Six h\u00f4pitaux r\u00e9gionaux int\u00e8grent le r\u00e9seau universitaire - webdo<\/title>\n<meta name=\"description\" content=\"Informez-vous sur les nouveaux arr\u00eat\u00e9s concernant la qualit\u00e9 universitaire des h\u00f4pitaux r\u00e9gionaux et leurs services m\u00e9dicaux.\" \/>\n<link rel=\"canonical\" href=\"https:\/\/www.webdo.tn\/fr\/actualite\/national\/tunisie-jort-six-hopitaux-regionaux-integrent-le-reseau-universitaire\/382433\/\" \/>\n<meta property=\"og:locale\" content=\"fr_FR\" \/>\n<meta property=\"og:type\" content=\"article\" \/>\n<meta property=\"og:title\" content=\"Tunisie - JORT: Six h\u00f4pitaux r\u00e9gionaux int\u00e8grent le r\u00e9seau universitaire\" \/>\n<meta property=\"og:description\" content=\"Informez-vous sur les nouveaux arr\u00eat\u00e9s concernant la qualit\u00e9 universitaire des h\u00f4pitaux r\u00e9gionaux et leurs services m\u00e9dicaux.\" \/>\n<meta property=\"og:url\" content=\"https:\/\/www.webdo.tn\/fr\/actualite\/national\/tunisie-jort-six-hopitaux-regionaux-integrent-le-reseau-universitaire\/382433\/\" \/>\n<meta property=\"og:site_name\" content=\"webdo\" \/>\n<meta property=\"article:publisher\" content=\"https:\/\/www.facebook.com\/webdotn\" \/>\n<meta property=\"article:published_time\" content=\"2025-08-29T18:36:20+00:00\" \/>\n<meta property=\"article:modified_time\" content=\"2025-08-29T18:36:29+00:00\" \/>\n<meta property=\"og:image\" content=\"https:\/\/www.webdo.tn\/fr\/wp-content\/uploads\/2025\/06\/hopital-chu-medenine_158538.jpg\" \/>\n\t<meta property=\"og:image:width\" content=\"800\" \/>\n\t<meta property=\"og:image:height\" content=\"449\" \/>\n\t<meta property=\"og:image:type\" content=\"image\/jpeg\" \/>\n<meta name=\"author\" content=\"Mohamed Fethi\" \/>\n<meta name=\"twitter:card\" content=\"summary_large_image\" \/>\n<meta name=\"twitter:creator\" content=\"@webdo_tn\" \/>\n<meta name=\"twitter:site\" content=\"@webdo_tn\" \/>\n<meta name=\"twitter:label1\" content=\"\u00c9crit par\" \/>\n\t<meta name=\"twitter:data1\" content=\"Mohamed Fethi\" \/>\n\t<meta name=\"twitter:label2\" content=\"Dur\u00e9e de lecture estim\u00e9e\" \/>\n\t<meta name=\"twitter:data2\" content=\"1 minute\" \/>\n<script type=\"application\/ld+json\" class=\"yoast-schema-graph\">{\"@context\":\"https:\\\/\\\/schema.org\",\"@graph\":[{\"@type\":\"NewsArticle\",\"@id\":\"https:\\\/\\\/www.webdo.tn\\\/fr\\\/actualite\\\/national\\\/tunisie-jort-six-hopitaux-regionaux-integrent-le-reseau-universitaire\\\/382433\\\/#article\",\"isPartOf\":{\"@id\":\"https:\\\/\\\/www.webdo.tn\\\/fr\\\/actualite\\\/national\\\/tunisie-jort-six-hopitaux-regionaux-integrent-le-reseau-universitaire\\\/382433\\\/\"},\"author\":{\"name\":\"Mohamed Fethi\",\"@id\":\"https:\\\/\\\/www.webdo.tn\\\/fr\\\/#\\\/schema\\\/person\\\/16a4857e77dfc0b610c4c2cadffc9ac4\"},\"headline\":\"Tunisie &#8211; JORT: Six h\u00f4pitaux r\u00e9gionaux int\u00e8grent le r\u00e9seau universitaire\",\"datePublished\":\"2025-08-29T18:36:20+00:00\",\"dateModified\":\"2025-08-29T18:36:29+00:00\",\"mainEntityOfPage\":{\"@id\":\"https:\\\/\\\/www.webdo.tn\\\/fr\\\/actualite\\\/national\\\/tunisie-jort-six-hopitaux-regionaux-integrent-le-reseau-universitaire\\\/382433\\\/\"},\"wordCount\":196,\"publisher\":{\"@id\":\"https:\\\/\\\/www.webdo.tn\\\/fr\\\/#organization\"},\"image\":{\"@id\":\"https:\\\/\\\/www.webdo.tn\\\/fr\\\/actualite\\\/national\\\/tunisie-jort-six-hopitaux-regionaux-integrent-le-reseau-universitaire\\\/382433\\\/#primaryimage\"},\"thumbnailUrl\":\"https:\\\/\\\/www.webdo.tn\\\/fr\\\/wp-content\\\/uploads\\\/2025\\\/06\\\/hopital-chu-medenine_158538.jpg\",\"keywords\":[\"H\u00f4pital\",\"JORT\",\"Tunisie\"],\"articleSection\":[\"National\"],\"inLanguage\":\"fr-FR\"},{\"@type\":\"WebPage\",\"@id\":\"https:\\\/\\\/www.webdo.tn\\\/fr\\\/actualite\\\/national\\\/tunisie-jort-six-hopitaux-regionaux-integrent-le-reseau-universitaire\\\/382433\\\/\",\"url\":\"https:\\\/\\\/www.webdo.tn\\\/fr\\\/actualite\\\/national\\\/tunisie-jort-six-hopitaux-regionaux-integrent-le-reseau-universitaire\\\/382433\\\/\",\"name\":\"Tunisie - JORT: Six h\u00f4pitaux r\u00e9gionaux int\u00e8grent le r\u00e9seau universitaire - webdo\",\"isPartOf\":{\"@id\":\"https:\\\/\\\/www.webdo.tn\\\/fr\\\/#website\"},\"primaryImageOfPage\":{\"@id\":\"https:\\\/\\\/www.webdo.tn\\\/fr\\\/actualite\\\/national\\\/tunisie-jort-six-hopitaux-regionaux-integrent-le-reseau-universitaire\\\/382433\\\/#primaryimage\"},\"image\":{\"@id\":\"https:\\\/\\\/www.webdo.tn\\\/fr\\\/actualite\\\/national\\\/tunisie-jort-six-hopitaux-regionaux-integrent-le-reseau-universitaire\\\/382433\\\/#primaryimage\"},\"thumbnailUrl\":\"https:\\\/\\\/www.webdo.tn\\\/fr\\\/wp-content\\\/uploads\\\/2025\\\/06\\\/hopital-chu-medenine_158538.jpg\",\"datePublished\":\"2025-08-29T18:36:20+00:00\",\"dateModified\":\"2025-08-29T18:36:29+00:00\",\"description\":\"Informez-vous sur les nouveaux arr\u00eat\u00e9s concernant la qualit\u00e9 universitaire des h\u00f4pitaux r\u00e9gionaux et leurs services m\u00e9dicaux.\",\"breadcrumb\":{\"@id\":\"https:\\\/\\\/www.webdo.tn\\\/fr\\\/actualite\\\/national\\\/tunisie-jort-six-hopitaux-regionaux-integrent-le-reseau-universitaire\\\/382433\\\/#breadcrumb\"},\"inLanguage\":\"fr-FR\",\"potentialAction\":[{\"@type\":\"ReadAction\",\"target\":[\"https:\\\/\\\/www.webdo.tn\\\/fr\\\/actualite\\\/national\\\/tunisie-jort-six-hopitaux-regionaux-integrent-le-reseau-universitaire\\\/382433\\\/\"]}]},{\"@type\":\"ImageObject\",\"inLanguage\":\"fr-FR\",\"@id\":\"https:\\\/\\\/www.webdo.tn\\\/fr\\\/actualite\\\/national\\\/tunisie-jort-six-hopitaux-regionaux-integrent-le-reseau-universitaire\\\/382433\\\/#primaryimage\",\"url\":\"https:\\\/\\\/www.webdo.tn\\\/fr\\\/wp-content\\\/uploads\\\/2025\\\/06\\\/hopital-chu-medenine_158538.jpg\",\"contentUrl\":\"https:\\\/\\\/www.webdo.tn\\\/fr\\\/wp-content\\\/uploads\\\/2025\\\/06\\\/hopital-chu-medenine_158538.jpg\",\"width\":800,\"height\":449,\"caption\":\"M\u00e9denine : Des op\u00e9rations d'accouchement report\u00e9es en l'absence d'anesth\u00e9siste\"},{\"@type\":\"BreadcrumbList\",\"@id\":\"https:\\\/\\\/www.webdo.tn\\\/fr\\\/actualite\\\/national\\\/tunisie-jort-six-hopitaux-regionaux-integrent-le-reseau-universitaire\\\/382433\\\/#breadcrumb\",\"itemListElement\":[{\"@type\":\"ListItem\",\"position\":1,\"name\":\"Accueil\",\"item\":\"https:\\\/\\\/www.webdo.tn\\\/fr\\\/\"},{\"@type\":\"ListItem\",\"position\":2,\"name\":\"Tunisie &#8211; JORT: Six h\u00f4pitaux r\u00e9gionaux int\u00e8grent le r\u00e9seau universitaire\"}]},{\"@type\":\"WebSite\",\"@id\":\"https:\\\/\\\/www.webdo.tn\\\/fr\\\/#website\",\"url\":\"https:\\\/\\\/www.webdo.tn\\\/fr\\\/\",\"name\":\"webdo\",\"description\":\"Tunisie - News en Tunisie et \u00e0 l&#039;international sur Webdo.tn\",\"publisher\":{\"@id\":\"https:\\\/\\\/www.webdo.tn\\\/fr\\\/#organization\"},\"potentialAction\":[{\"@type\":\"SearchAction\",\"target\":{\"@type\":\"EntryPoint\",\"urlTemplate\":\"https:\\\/\\\/www.webdo.tn\\\/fr\\\/?s={search_term_string}\"},\"query-input\":{\"@type\":\"PropertyValueSpecification\",\"valueRequired\":true,\"valueName\":\"search_term_string\"}}],\"inLanguage\":\"fr-FR\"},{\"@type\":\"Organization\",\"@id\":\"https:\\\/\\\/www.webdo.tn\\\/fr\\\/#organization\",\"name\":\"Webdo\",\"alternateName\":\"Webdo.tn\",\"url\":\"https:\\\/\\\/www.webdo.tn\\\/fr\\\/\",\"logo\":{\"@type\":\"ImageObject\",\"inLanguage\":\"fr-FR\",\"@id\":\"https:\\\/\\\/www.webdo.tn\\\/fr\\\/#\\\/schema\\\/logo\\\/image\\\/\",\"url\":\"https:\\\/\\\/www.webdo.tn\\\/fr\\\/wp-content\\\/uploads\\\/2025\\\/06\\\/Webdo-Tunisie_168377.jpg\",\"contentUrl\":\"https:\\\/\\\/www.webdo.tn\\\/fr\\\/wp-content\\\/uploads\\\/2025\\\/06\\\/Webdo-Tunisie_168377.jpg\",\"width\":301,\"height\":301,\"caption\":\"Webdo\"},\"image\":{\"@id\":\"https:\\\/\\\/www.webdo.tn\\\/fr\\\/#\\\/schema\\\/logo\\\/image\\\/\"},\"sameAs\":[\"https:\\\/\\\/www.facebook.com\\\/webdotn\",\"https:\\\/\\\/x.com\\\/webdo_tn\"],\"description\":\"Webdo est un m\u00e9dia num\u00e9rique tunisien fond\u00e9 en 2010, sp\u00e9cialis\u00e9 dans l\u2019actualit\u00e9 nationale et internationale, l\u2019\u00e9conomie, la soci\u00e9t\u00e9 et les analyses politiques. Le site s\u2019adresse \u00e0 un large public francophone et couvre l\u2019information tunisienne en temps r\u00e9el.\",\"email\":\"redac@webdo.tn\",\"legalName\":\"YNJ SARL\",\"foundingDate\":\"2010-09-06\",\"numberOfEmployees\":{\"@type\":\"QuantitativeValue\",\"minValue\":\"11\",\"maxValue\":\"50\"}},{\"@type\":\"Person\",\"@id\":\"https:\\\/\\\/www.webdo.tn\\\/fr\\\/#\\\/schema\\\/person\\\/16a4857e77dfc0b610c4c2cadffc9ac4\",\"name\":\"Mohamed Fethi\",\"image\":{\"@type\":\"ImageObject\",\"inLanguage\":\"fr-FR\",\"@id\":\"https:\\\/\\\/www.webdo.tn\\\/fr\\\/wp-content\\\/uploads\\\/2026\\\/04\\\/mohamed-fethi_avatar_1-96x96.jpg\",\"url\":\"https:\\\/\\\/www.webdo.tn\\\/fr\\\/wp-content\\\/uploads\\\/2026\\\/04\\\/mohamed-fethi_avatar_1-96x96.jpg\",\"contentUrl\":\"https:\\\/\\\/www.webdo.tn\\\/fr\\\/wp-content\\\/uploads\\\/2026\\\/04\\\/mohamed-fethi_avatar_1-96x96.jpg\",\"caption\":\"Mohamed Fethi\"},\"description\":\"Signature \u00e9ditoriale de Maher Chaabane Mohamed Fethi est le pseudonyme \u00e9ditorial de Maher Chaabane, r\u00e9dacteur en chef de Webdo.tn depuis 2012. Cette signature est d\u00e9di\u00e9e au traitement intensif de l'actualit\u00e9 nationale et internationale en temps r\u00e9el. S'appuyant sur les deux d\u00e9cennies d'expertise journalistique de Maher Chaabane \u2014 d\u00e9but\u00e9e au sein du groupe Tunis Hebdo en 2000 \u2014 Mohamed Fethi assure une veille rigoureuse sur les enjeux politiques, \u00e9conomiques et sportifs. Sa mission est de garantir une information structur\u00e9e, fluide et fid\u00e8le aux standards de la r\u00e9daction. Pour consulter le parcours complet du r\u00e9dacteur en chef, visitez le profil officiel de Maher Chaabane.\",\"knowsAbout\":[\"actualit\u00e9\",\"journalisme\",\"information\",\"politique\",\"sport\",\"m\u00e9dias\",\"actualit\u00e9 internationale\"],\"knowsLanguage\":[\"Fran\u00e7ais\",\"Arabe\"],\"jobTitle\":\"Journaliste \u2013 R\u00e9daction Webdo\",\"worksFor\":\"Webdo.tn\",\"url\":\"https:\\\/\\\/www.webdo.tn\\\/fr\\\/actualite\\\/author\\\/mohamed-fethi\\\/\"}]}<\/script>\n<!-- \/ Yoast SEO Premium plugin. -->","yoast_head_json":{"title":"Tunisie - JORT: Six h\u00f4pitaux r\u00e9gionaux int\u00e8grent le r\u00e9seau universitaire - webdo","description":"Informez-vous sur les nouveaux arr\u00eat\u00e9s concernant la qualit\u00e9 universitaire des h\u00f4pitaux r\u00e9gionaux et leurs services m\u00e9dicaux.","canonical":"https:\/\/www.webdo.tn\/fr\/actualite\/national\/tunisie-jort-six-hopitaux-regionaux-integrent-le-reseau-universitaire\/382433\/","og_locale":"fr_FR","og_type":"article","og_title":"Tunisie - JORT: Six h\u00f4pitaux r\u00e9gionaux int\u00e8grent le r\u00e9seau universitaire","og_description":"Informez-vous sur les nouveaux arr\u00eat\u00e9s concernant la qualit\u00e9 universitaire des h\u00f4pitaux r\u00e9gionaux et leurs services m\u00e9dicaux.","og_url":"https:\/\/www.webdo.tn\/fr\/actualite\/national\/tunisie-jort-six-hopitaux-regionaux-integrent-le-reseau-universitaire\/382433\/","og_site_name":"webdo","article_publisher":"https:\/\/www.facebook.com\/webdotn","article_published_time":"2025-08-29T18:36:20+00:00","article_modified_time":"2025-08-29T18:36:29+00:00","og_image":[{"width":800,"height":449,"url":"https:\/\/www.webdo.tn\/fr\/wp-content\/uploads\/2025\/06\/hopital-chu-medenine_158538.jpg","type":"image\/jpeg"}],"author":"Mohamed Fethi","twitter_card":"summary_large_image","twitter_creator":"@webdo_tn","twitter_site":"@webdo_tn","twitter_misc":{"\u00c9crit par":"Mohamed Fethi","Dur\u00e9e de lecture estim\u00e9e":"1 minute"},"schema":{"@context":"https:\/\/schema.org","@graph":[{"@type":"NewsArticle","@id":"https:\/\/www.webdo.tn\/fr\/actualite\/national\/tunisie-jort-six-hopitaux-regionaux-integrent-le-reseau-universitaire\/382433\/#article","isPartOf":{"@id":"https:\/\/www.webdo.tn\/fr\/actualite\/national\/tunisie-jort-six-hopitaux-regionaux-integrent-le-reseau-universitaire\/382433\/"},"author":{"name":"Mohamed Fethi","@id":"https:\/\/www.webdo.tn\/fr\/#\/schema\/person\/16a4857e77dfc0b610c4c2cadffc9ac4"},"headline":"Tunisie &#8211; JORT: Six h\u00f4pitaux r\u00e9gionaux int\u00e8grent le r\u00e9seau universitaire","datePublished":"2025-08-29T18:36:20+00:00","dateModified":"2025-08-29T18:36:29+00:00","mainEntityOfPage":{"@id":"https:\/\/www.webdo.tn\/fr\/actualite\/national\/tunisie-jort-six-hopitaux-regionaux-integrent-le-reseau-universitaire\/382433\/"},"wordCount":196,"publisher":{"@id":"https:\/\/www.webdo.tn\/fr\/#organization"},"image":{"@id":"https:\/\/www.webdo.tn\/fr\/actualite\/national\/tunisie-jort-six-hopitaux-regionaux-integrent-le-reseau-universitaire\/382433\/#primaryimage"},"thumbnailUrl":"https:\/\/www.webdo.tn\/fr\/wp-content\/uploads\/2025\/06\/hopital-chu-medenine_158538.jpg","keywords":["H\u00f4pital","JORT","Tunisie"],"articleSection":["National"],"inLanguage":"fr-FR"},{"@type":"WebPage","@id":"https:\/\/www.webdo.tn\/fr\/actualite\/national\/tunisie-jort-six-hopitaux-regionaux-integrent-le-reseau-universitaire\/382433\/","url":"https:\/\/www.webdo.tn\/fr\/actualite\/national\/tunisie-jort-six-hopitaux-regionaux-integrent-le-reseau-universitaire\/382433\/","name":"Tunisie - JORT: Six h\u00f4pitaux r\u00e9gionaux int\u00e8grent le r\u00e9seau universitaire - webdo","isPartOf":{"@id":"https:\/\/www.webdo.tn\/fr\/#website"},"primaryImageOfPage":{"@id":"https:\/\/www.webdo.tn\/fr\/actualite\/national\/tunisie-jort-six-hopitaux-regionaux-integrent-le-reseau-universitaire\/382433\/#primaryimage"},"image":{"@id":"https:\/\/www.webdo.tn\/fr\/actualite\/national\/tunisie-jort-six-hopitaux-regionaux-integrent-le-reseau-universitaire\/382433\/#primaryimage"},"thumbnailUrl":"https:\/\/www.webdo.tn\/fr\/wp-content\/uploads\/2025\/06\/hopital-chu-medenine_158538.jpg","datePublished":"2025-08-29T18:36:20+00:00","dateModified":"2025-08-29T18:36:29+00:00","description":"Informez-vous sur les nouveaux arr\u00eat\u00e9s concernant la qualit\u00e9 universitaire des h\u00f4pitaux r\u00e9gionaux et leurs services m\u00e9dicaux.","breadcrumb":{"@id":"https:\/\/www.webdo.tn\/fr\/actualite\/national\/tunisie-jort-six-hopitaux-regionaux-integrent-le-reseau-universitaire\/382433\/#breadcrumb"},"inLanguage":"fr-FR","potentialAction":[{"@type":"ReadAction","target":["https:\/\/www.webdo.tn\/fr\/actualite\/national\/tunisie-jort-six-hopitaux-regionaux-integrent-le-reseau-universitaire\/382433\/"]}]},{"@type":"ImageObject","inLanguage":"fr-FR","@id":"https:\/\/www.webdo.tn\/fr\/actualite\/national\/tunisie-jort-six-hopitaux-regionaux-integrent-le-reseau-universitaire\/382433\/#primaryimage","url":"https:\/\/www.webdo.tn\/fr\/wp-content\/uploads\/2025\/06\/hopital-chu-medenine_158538.jpg","contentUrl":"https:\/\/www.webdo.tn\/fr\/wp-content\/uploads\/2025\/06\/hopital-chu-medenine_158538.jpg","width":800,"height":449,"caption":"M\u00e9denine : Des op\u00e9rations d'accouchement report\u00e9es en l'absence d'anesth\u00e9siste"},{"@type":"BreadcrumbList","@id":"https:\/\/www.webdo.tn\/fr\/actualite\/national\/tunisie-jort-six-hopitaux-regionaux-integrent-le-reseau-universitaire\/382433\/#breadcrumb","itemListElement":[{"@type":"ListItem","position":1,"name":"Accueil","item":"https:\/\/www.webdo.tn\/fr\/"},{"@type":"ListItem","position":2,"name":"Tunisie &#8211; JORT: Six h\u00f4pitaux r\u00e9gionaux int\u00e8grent le r\u00e9seau universitaire"}]},{"@type":"WebSite","@id":"https:\/\/www.webdo.tn\/fr\/#website","url":"https:\/\/www.webdo.tn\/fr\/","name":"webdo","description":"Tunisie - News en Tunisie et \u00e0 l&#039;international sur Webdo.tn","publisher":{"@id":"https:\/\/www.webdo.tn\/fr\/#organization"},"potentialAction":[{"@type":"SearchAction","target":{"@type":"EntryPoint","urlTemplate":"https:\/\/www.webdo.tn\/fr\/?s={search_term_string}"},"query-input":{"@type":"PropertyValueSpecification","valueRequired":true,"valueName":"search_term_string"}}],"inLanguage":"fr-FR"},{"@type":"Organization","@id":"https:\/\/www.webdo.tn\/fr\/#organization","name":"Webdo","alternateName":"Webdo.tn","url":"https:\/\/www.webdo.tn\/fr\/","logo":{"@type":"ImageObject","inLanguage":"fr-FR","@id":"https:\/\/www.webdo.tn\/fr\/#\/schema\/logo\/image\/","url":"https:\/\/www.webdo.tn\/fr\/wp-content\/uploads\/2025\/06\/Webdo-Tunisie_168377.jpg","contentUrl":"https:\/\/www.webdo.tn\/fr\/wp-content\/uploads\/2025\/06\/Webdo-Tunisie_168377.jpg","width":301,"height":301,"caption":"Webdo"},"image":{"@id":"https:\/\/www.webdo.tn\/fr\/#\/schema\/logo\/image\/"},"sameAs":["https:\/\/www.facebook.com\/webdotn","https:\/\/x.com\/webdo_tn"],"description":"Webdo est un m\u00e9dia num\u00e9rique tunisien fond\u00e9 en 2010, sp\u00e9cialis\u00e9 dans l\u2019actualit\u00e9 nationale et internationale, l\u2019\u00e9conomie, la soci\u00e9t\u00e9 et les analyses politiques. Le site s\u2019adresse \u00e0 un large public francophone et couvre l\u2019information tunisienne en temps r\u00e9el.","email":"redac@webdo.tn","legalName":"YNJ SARL","foundingDate":"2010-09-06","numberOfEmployees":{"@type":"QuantitativeValue","minValue":"11","maxValue":"50"}},{"@type":"Person","@id":"https:\/\/www.webdo.tn\/fr\/#\/schema\/person\/16a4857e77dfc0b610c4c2cadffc9ac4","name":"Mohamed Fethi","image":{"@type":"ImageObject","inLanguage":"fr-FR","@id":"https:\/\/www.webdo.tn\/fr\/wp-content\/uploads\/2026\/04\/mohamed-fethi_avatar_1-96x96.jpg","url":"https:\/\/www.webdo.tn\/fr\/wp-content\/uploads\/2026\/04\/mohamed-fethi_avatar_1-96x96.jpg","contentUrl":"https:\/\/www.webdo.tn\/fr\/wp-content\/uploads\/2026\/04\/mohamed-fethi_avatar_1-96x96.jpg","caption":"Mohamed Fethi"},"description":"Signature \u00e9ditoriale de Maher Chaabane Mohamed Fethi est le pseudonyme \u00e9ditorial de Maher Chaabane, r\u00e9dacteur en chef de Webdo.tn depuis 2012. Cette signature est d\u00e9di\u00e9e au traitement intensif de l'actualit\u00e9 nationale et internationale en temps r\u00e9el. S'appuyant sur les deux d\u00e9cennies d'expertise journalistique de Maher Chaabane \u2014 d\u00e9but\u00e9e au sein du groupe Tunis Hebdo en 2000 \u2014 Mohamed Fethi assure une veille rigoureuse sur les enjeux politiques, \u00e9conomiques et sportifs. Sa mission est de garantir une information structur\u00e9e, fluide et fid\u00e8le aux standards de la r\u00e9daction. Pour consulter le parcours complet du r\u00e9dacteur en chef, visitez le profil officiel de Maher Chaabane.","knowsAbout":["actualit\u00e9","journalisme","information","politique","sport","m\u00e9dias","actualit\u00e9 internationale"],"knowsLanguage":["Fran\u00e7ais","Arabe"],"jobTitle":"Journaliste \u2013 R\u00e9daction Webdo","worksFor":"Webdo.tn","url":"https:\/\/www.webdo.tn\/fr\/actualite\/author\/mohamed-fethi\/"}]}},"_links":{"self":[{"href":"https:\/\/www.webdo.tn\/fr\/wp-json\/wp\/v2\/posts\/382433","targetHints":{"allow":["GET"]}}],"collection":[{"href":"https:\/\/www.webdo.tn\/fr\/wp-json\/wp\/v2\/posts"}],"about":[{"href":"https:\/\/www.webdo.tn\/fr\/wp-json\/wp\/v2\/types\/post"}],"author":[{"embeddable":true,"href":"https:\/\/www.webdo.tn\/fr\/wp-json\/wp\/v2\/users\/4782"}],"replies":[{"embeddable":true,"href":"https:\/\/www.webdo.tn\/fr\/wp-json\/wp\/v2\/comments?post=382433"}],"version-history":[{"count":0,"href":"https:\/\/www.webdo.tn\/fr\/wp-json\/wp\/v2\/posts\/382433\/revisions"}],"wp:featuredmedia":[{"embeddable":true,"href":"https:\/\/www.webdo.tn\/fr\/wp-json\/wp\/v2\/media\/372103"}],"wp:attachment":[{"href":"https:\/\/www.webdo.tn\/fr\/wp-json\/wp\/v2\/media?parent=382433"}],"wp:term":[{"taxonomy":"category","embeddable":true,"href":"https:\/\/www.webdo.tn\/fr\/wp-json\/wp\/v2\/categories?post=382433"},{"taxonomy":"post_tag","embeddable":true,"href":"https:\/\/www.webdo.tn\/fr\/wp-json\/wp\/v2\/tags?post=382433"}],"curies":[{"name":"wp","href":"https:\/\/api.w.org\/{rel}","templated":true}]}}