{"id":382429,"date":"2025-08-29T19:03:37","date_gmt":"2025-08-29T18:03:37","guid":{"rendered":"https:\/\/www.webdo.tn\/fr\/?p=382429"},"modified":"2025-08-30T10:05:44","modified_gmt":"2025-08-30T09:05:44","slug":"alerte-sanitaire-le-ministere-de-la-sante-met-en-garde-contre-certains-vernis-semi-permanents","status":"publish","type":"post","link":"https:\/\/www.webdo.tn\/fr\/actualite\/national\/alerte-sanitaire-le-ministere-de-la-sante-met-en-garde-contre-certains-vernis-semi-permanents\/382429\/","title":{"rendered":"Alerte sanitaire : le minist\u00e8re de la Sant\u00e9 met en garde contre certains vernis semi-permanents"},"content":{"rendered":"\n<p><strong>Le minist\u00e8re de la Sant\u00e9 a averti, ce vendredi 29 ao\u00fbt, des dangers li\u00e9s \u00e0 certains vernis \u00e0 ongles semi-permanents. Ces produits contiennent une substance chimique appel\u00e9e Oxyde de diph\u00e9nyl trim\u00e9thylbenzoyl phosphine (TPO). Des analyses ont montr\u00e9 que cette mol\u00e9cule est toxique et canc\u00e9rig\u00e8ne.<\/strong><\/p>\n\n\n\n<p>Dans son communiqu\u00e9, le minist\u00e8re a demand\u00e9 aux citoyennes et citoyens d\u2019\u00e9viter d\u2019acheter ou d\u2019utiliser ce type de vernis. Il a \u00e9galement rappel\u00e9 l\u2019importance de lire attentivement la liste des ingr\u00e9dients avant toute utilisation. Les centres de beaut\u00e9 sont, eux aussi, invit\u00e9s \u00e0 ne pas appliquer ni commercialiser ces produits.<\/p>\n\n\n\n<p>Cette mesure suit l\u2019exemple de l\u2019Union europ\u00e9enne, qui a d\u00e9j\u00e0 interdit l\u2019usage du TPO. Les autorit\u00e9s sanitaires tunisiennes assurent qu\u2019elles suivent de pr\u00e8s les d\u00e9cisions internationales dans le domaine de la s\u00e9curit\u00e9 des cosm\u00e9tiques. Elles affirment \u00e9galement qu\u2019elles prendront toutes les dispositions n\u00e9cessaires pour prot\u00e9ger la sant\u00e9 des consommateurs.<\/p>\n\n\n\n<p><\/p>\n","protected":false},"excerpt":{"rendered":"<p>Le minist\u00e8re de la Sant\u00e9 a averti, ce vendredi 29 ao\u00fbt, des dangers li\u00e9s \u00e0 certains vernis \u00e0 ongles semi-permanents. Ces produits contiennent une substance chimique appel\u00e9e Oxyde de diph\u00e9nyl trim\u00e9thylbenzoyl phosphine (TPO). Des analyses ont montr\u00e9 que cette mol\u00e9cule est toxique et canc\u00e9rig\u00e8ne. Dans son communiqu\u00e9, le minist\u00e8re a demand\u00e9 aux citoyennes et citoyens [&hellip;]<\/p>\n","protected":false},"author":4782,"featured_media":382431,"comment_status":"closed","ping_status":"closed","sticky":false,"template":"","format":"standard","meta":{"footnotes":""},"categories":[44],"tags":[12520,2731,2608,12519],"class_list":["post-382429","post","type-post","status-publish","format-standard","has-post-thumbnail","hentry","category-national","tag-alerte-sanitaire","tag-sante","tag-tunisie","tag-vernis-a-ongle"],"yoast_head":"<!-- This site is optimized with the Yoast SEO Premium plugin v27.5 (Yoast SEO v27.5) - https:\/\/yoast.com\/product\/yoast-seo-premium-wordpress\/ -->\n<title>Alerte sanitaire : le minist\u00e8re de la Sant\u00e9 met en garde contre certains vernis semi-permanents - webdo<\/title>\n<meta name=\"description\" content=\"Le minist\u00e8re de la Sant\u00e9 alerte sur les dangers des vernis \u00e0 ongles contenant du TPO. Informez-vous avant d&#039;utiliser ces produits.\" \/>\n<link rel=\"canonical\" href=\"https:\/\/www.webdo.tn\/fr\/actualite\/national\/alerte-sanitaire-le-ministere-de-la-sante-met-en-garde-contre-certains-vernis-semi-permanents\/382429\/\" \/>\n<meta property=\"og:locale\" content=\"fr_FR\" \/>\n<meta property=\"og:type\" content=\"article\" \/>\n<meta property=\"og:title\" content=\"Alerte sanitaire : le minist\u00e8re de la Sant\u00e9 met en garde contre certains vernis semi-permanents\" \/>\n<meta property=\"og:description\" content=\"Le minist\u00e8re de la Sant\u00e9 alerte sur les dangers des vernis \u00e0 ongles contenant du TPO. Informez-vous avant d&#039;utiliser ces produits.\" \/>\n<meta property=\"og:url\" content=\"https:\/\/www.webdo.tn\/fr\/actualite\/national\/alerte-sanitaire-le-ministere-de-la-sante-met-en-garde-contre-certains-vernis-semi-permanents\/382429\/\" \/>\n<meta property=\"og:site_name\" content=\"webdo\" \/>\n<meta property=\"article:publisher\" content=\"https:\/\/www.facebook.com\/webdotn\" \/>\n<meta property=\"article:published_time\" content=\"2025-08-29T18:03:37+00:00\" \/>\n<meta property=\"article:modified_time\" content=\"2025-08-30T09:05:44+00:00\" \/>\n<meta property=\"og:image\" content=\"https:\/\/www.webdo.tn\/fr\/wp-content\/uploads\/2025\/08\/5-astuces-pour-conserver-son-vernis-plus-longtemps.jpg\" \/>\n\t<meta property=\"og:image:width\" content=\"600\" \/>\n\t<meta property=\"og:image:height\" content=\"300\" \/>\n\t<meta property=\"og:image:type\" content=\"image\/jpeg\" \/>\n<meta name=\"author\" content=\"Mohamed Fethi\" \/>\n<meta name=\"twitter:card\" content=\"summary_large_image\" \/>\n<meta name=\"twitter:creator\" content=\"@webdo_tn\" \/>\n<meta name=\"twitter:site\" content=\"@webdo_tn\" \/>\n<meta name=\"twitter:label1\" content=\"\u00c9crit par\" \/>\n\t<meta name=\"twitter:data1\" content=\"Mohamed Fethi\" \/>\n\t<meta name=\"twitter:label2\" content=\"Dur\u00e9e de lecture estim\u00e9e\" \/>\n\t<meta name=\"twitter:data2\" content=\"1 minute\" \/>\n<script type=\"application\/ld+json\" class=\"yoast-schema-graph\">{\"@context\":\"https:\\\/\\\/schema.org\",\"@graph\":[{\"@type\":\"NewsArticle\",\"@id\":\"https:\\\/\\\/www.webdo.tn\\\/fr\\\/actualite\\\/national\\\/alerte-sanitaire-le-ministere-de-la-sante-met-en-garde-contre-certains-vernis-semi-permanents\\\/382429\\\/#article\",\"isPartOf\":{\"@id\":\"https:\\\/\\\/www.webdo.tn\\\/fr\\\/actualite\\\/national\\\/alerte-sanitaire-le-ministere-de-la-sante-met-en-garde-contre-certains-vernis-semi-permanents\\\/382429\\\/\"},\"author\":{\"name\":\"Mohamed Fethi\",\"@id\":\"https:\\\/\\\/www.webdo.tn\\\/fr\\\/#\\\/schema\\\/person\\\/16a4857e77dfc0b610c4c2cadffc9ac4\"},\"headline\":\"Alerte sanitaire : le minist\u00e8re de la Sant\u00e9 met en garde contre certains vernis semi-permanents\",\"datePublished\":\"2025-08-29T18:03:37+00:00\",\"dateModified\":\"2025-08-30T09:05:44+00:00\",\"mainEntityOfPage\":{\"@id\":\"https:\\\/\\\/www.webdo.tn\\\/fr\\\/actualite\\\/national\\\/alerte-sanitaire-le-ministere-de-la-sante-met-en-garde-contre-certains-vernis-semi-permanents\\\/382429\\\/\"},\"wordCount\":184,\"publisher\":{\"@id\":\"https:\\\/\\\/www.webdo.tn\\\/fr\\\/#organization\"},\"image\":{\"@id\":\"https:\\\/\\\/www.webdo.tn\\\/fr\\\/actualite\\\/national\\\/alerte-sanitaire-le-ministere-de-la-sante-met-en-garde-contre-certains-vernis-semi-permanents\\\/382429\\\/#primaryimage\"},\"thumbnailUrl\":\"https:\\\/\\\/www.webdo.tn\\\/fr\\\/wp-content\\\/uploads\\\/2025\\\/08\\\/5-astuces-pour-conserver-son-vernis-plus-longtemps.jpg\",\"keywords\":[\"alerte sanitaire\",\"Sant\u00e9\",\"Tunisie\",\"Vernis \u00e0 ongle\"],\"articleSection\":[\"National\"],\"inLanguage\":\"fr-FR\"},{\"@type\":\"WebPage\",\"@id\":\"https:\\\/\\\/www.webdo.tn\\\/fr\\\/actualite\\\/national\\\/alerte-sanitaire-le-ministere-de-la-sante-met-en-garde-contre-certains-vernis-semi-permanents\\\/382429\\\/\",\"url\":\"https:\\\/\\\/www.webdo.tn\\\/fr\\\/actualite\\\/national\\\/alerte-sanitaire-le-ministere-de-la-sante-met-en-garde-contre-certains-vernis-semi-permanents\\\/382429\\\/\",\"name\":\"Alerte sanitaire : le minist\u00e8re de la Sant\u00e9 met en garde contre certains vernis semi-permanents - webdo\",\"isPartOf\":{\"@id\":\"https:\\\/\\\/www.webdo.tn\\\/fr\\\/#website\"},\"primaryImageOfPage\":{\"@id\":\"https:\\\/\\\/www.webdo.tn\\\/fr\\\/actualite\\\/national\\\/alerte-sanitaire-le-ministere-de-la-sante-met-en-garde-contre-certains-vernis-semi-permanents\\\/382429\\\/#primaryimage\"},\"image\":{\"@id\":\"https:\\\/\\\/www.webdo.tn\\\/fr\\\/actualite\\\/national\\\/alerte-sanitaire-le-ministere-de-la-sante-met-en-garde-contre-certains-vernis-semi-permanents\\\/382429\\\/#primaryimage\"},\"thumbnailUrl\":\"https:\\\/\\\/www.webdo.tn\\\/fr\\\/wp-content\\\/uploads\\\/2025\\\/08\\\/5-astuces-pour-conserver-son-vernis-plus-longtemps.jpg\",\"datePublished\":\"2025-08-29T18:03:37+00:00\",\"dateModified\":\"2025-08-30T09:05:44+00:00\",\"description\":\"Le minist\u00e8re de la Sant\u00e9 alerte sur les dangers des vernis \u00e0 ongles contenant du TPO. Informez-vous avant d'utiliser ces produits.\",\"breadcrumb\":{\"@id\":\"https:\\\/\\\/www.webdo.tn\\\/fr\\\/actualite\\\/national\\\/alerte-sanitaire-le-ministere-de-la-sante-met-en-garde-contre-certains-vernis-semi-permanents\\\/382429\\\/#breadcrumb\"},\"inLanguage\":\"fr-FR\",\"potentialAction\":[{\"@type\":\"ReadAction\",\"target\":[\"https:\\\/\\\/www.webdo.tn\\\/fr\\\/actualite\\\/national\\\/alerte-sanitaire-le-ministere-de-la-sante-met-en-garde-contre-certains-vernis-semi-permanents\\\/382429\\\/\"]}]},{\"@type\":\"ImageObject\",\"inLanguage\":\"fr-FR\",\"@id\":\"https:\\\/\\\/www.webdo.tn\\\/fr\\\/actualite\\\/national\\\/alerte-sanitaire-le-ministere-de-la-sante-met-en-garde-contre-certains-vernis-semi-permanents\\\/382429\\\/#primaryimage\",\"url\":\"https:\\\/\\\/www.webdo.tn\\\/fr\\\/wp-content\\\/uploads\\\/2025\\\/08\\\/5-astuces-pour-conserver-son-vernis-plus-longtemps.jpg\",\"contentUrl\":\"https:\\\/\\\/www.webdo.tn\\\/fr\\\/wp-content\\\/uploads\\\/2025\\\/08\\\/5-astuces-pour-conserver-son-vernis-plus-longtemps.jpg\",\"width\":600,\"height\":300},{\"@type\":\"BreadcrumbList\",\"@id\":\"https:\\\/\\\/www.webdo.tn\\\/fr\\\/actualite\\\/national\\\/alerte-sanitaire-le-ministere-de-la-sante-met-en-garde-contre-certains-vernis-semi-permanents\\\/382429\\\/#breadcrumb\",\"itemListElement\":[{\"@type\":\"ListItem\",\"position\":1,\"name\":\"Accueil\",\"item\":\"https:\\\/\\\/www.webdo.tn\\\/fr\\\/\"},{\"@type\":\"ListItem\",\"position\":2,\"name\":\"Alerte sanitaire : le minist\u00e8re de la Sant\u00e9 met en garde contre certains vernis semi-permanents\"}]},{\"@type\":\"WebSite\",\"@id\":\"https:\\\/\\\/www.webdo.tn\\\/fr\\\/#website\",\"url\":\"https:\\\/\\\/www.webdo.tn\\\/fr\\\/\",\"name\":\"webdo\",\"description\":\"Tunisie - News en Tunisie et \u00e0 l&#039;international sur Webdo.tn\",\"publisher\":{\"@id\":\"https:\\\/\\\/www.webdo.tn\\\/fr\\\/#organization\"},\"potentialAction\":[{\"@type\":\"SearchAction\",\"target\":{\"@type\":\"EntryPoint\",\"urlTemplate\":\"https:\\\/\\\/www.webdo.tn\\\/fr\\\/?s={search_term_string}\"},\"query-input\":{\"@type\":\"PropertyValueSpecification\",\"valueRequired\":true,\"valueName\":\"search_term_string\"}}],\"inLanguage\":\"fr-FR\"},{\"@type\":\"Organization\",\"@id\":\"https:\\\/\\\/www.webdo.tn\\\/fr\\\/#organization\",\"name\":\"Webdo\",\"alternateName\":\"Webdo.tn\",\"url\":\"https:\\\/\\\/www.webdo.tn\\\/fr\\\/\",\"logo\":{\"@type\":\"ImageObject\",\"inLanguage\":\"fr-FR\",\"@id\":\"https:\\\/\\\/www.webdo.tn\\\/fr\\\/#\\\/schema\\\/logo\\\/image\\\/\",\"url\":\"https:\\\/\\\/www.webdo.tn\\\/fr\\\/wp-content\\\/uploads\\\/2025\\\/06\\\/Webdo-Tunisie_168377.jpg\",\"contentUrl\":\"https:\\\/\\\/www.webdo.tn\\\/fr\\\/wp-content\\\/uploads\\\/2025\\\/06\\\/Webdo-Tunisie_168377.jpg\",\"width\":301,\"height\":301,\"caption\":\"Webdo\"},\"image\":{\"@id\":\"https:\\\/\\\/www.webdo.tn\\\/fr\\\/#\\\/schema\\\/logo\\\/image\\\/\"},\"sameAs\":[\"https:\\\/\\\/www.facebook.com\\\/webdotn\",\"https:\\\/\\\/x.com\\\/webdo_tn\"],\"description\":\"Webdo est un m\u00e9dia num\u00e9rique tunisien fond\u00e9 en 2010, sp\u00e9cialis\u00e9 dans l\u2019actualit\u00e9 nationale et internationale, l\u2019\u00e9conomie, la soci\u00e9t\u00e9 et les analyses politiques. Le site s\u2019adresse \u00e0 un large public francophone et couvre l\u2019information tunisienne en temps r\u00e9el.\",\"email\":\"redac@webdo.tn\",\"legalName\":\"YNJ SARL\",\"foundingDate\":\"2010-09-06\",\"numberOfEmployees\":{\"@type\":\"QuantitativeValue\",\"minValue\":\"11\",\"maxValue\":\"50\"}},{\"@type\":\"Person\",\"@id\":\"https:\\\/\\\/www.webdo.tn\\\/fr\\\/#\\\/schema\\\/person\\\/16a4857e77dfc0b610c4c2cadffc9ac4\",\"name\":\"Mohamed Fethi\",\"image\":{\"@type\":\"ImageObject\",\"inLanguage\":\"fr-FR\",\"@id\":\"https:\\\/\\\/www.webdo.tn\\\/fr\\\/wp-content\\\/uploads\\\/2026\\\/04\\\/mohamed-fethi_avatar_1-96x96.jpg\",\"url\":\"https:\\\/\\\/www.webdo.tn\\\/fr\\\/wp-content\\\/uploads\\\/2026\\\/04\\\/mohamed-fethi_avatar_1-96x96.jpg\",\"contentUrl\":\"https:\\\/\\\/www.webdo.tn\\\/fr\\\/wp-content\\\/uploads\\\/2026\\\/04\\\/mohamed-fethi_avatar_1-96x96.jpg\",\"caption\":\"Mohamed Fethi\"},\"description\":\"Signature \u00e9ditoriale de Maher Chaabane Mohamed Fethi est le pseudonyme \u00e9ditorial de Maher Chaabane, r\u00e9dacteur en chef de Webdo.tn depuis 2012. Cette signature est d\u00e9di\u00e9e au traitement intensif de l'actualit\u00e9 nationale et internationale en temps r\u00e9el. S'appuyant sur les deux d\u00e9cennies d'expertise journalistique de Maher Chaabane \u2014 d\u00e9but\u00e9e au sein du groupe Tunis Hebdo en 2000 \u2014 Mohamed Fethi assure une veille rigoureuse sur les enjeux politiques, \u00e9conomiques et sportifs. Sa mission est de garantir une information structur\u00e9e, fluide et fid\u00e8le aux standards de la r\u00e9daction. Pour consulter le parcours complet du r\u00e9dacteur en chef, visitez le profil officiel de Maher Chaabane.\",\"knowsAbout\":[\"actualit\u00e9\",\"journalisme\",\"information\",\"politique\",\"sport\",\"m\u00e9dias\",\"actualit\u00e9 internationale\"],\"knowsLanguage\":[\"Fran\u00e7ais\",\"Arabe\"],\"jobTitle\":\"Journaliste \u2013 R\u00e9daction Webdo\",\"worksFor\":\"Webdo.tn\",\"url\":\"https:\\\/\\\/www.webdo.tn\\\/fr\\\/actualite\\\/author\\\/mohamed-fethi\\\/\"}]}<\/script>\n<!-- \/ Yoast SEO Premium plugin. -->","yoast_head_json":{"title":"Alerte sanitaire : le minist\u00e8re de la Sant\u00e9 met en garde contre certains vernis semi-permanents - webdo","description":"Le minist\u00e8re de la Sant\u00e9 alerte sur les dangers des vernis \u00e0 ongles contenant du TPO. Informez-vous avant d'utiliser ces produits.","canonical":"https:\/\/www.webdo.tn\/fr\/actualite\/national\/alerte-sanitaire-le-ministere-de-la-sante-met-en-garde-contre-certains-vernis-semi-permanents\/382429\/","og_locale":"fr_FR","og_type":"article","og_title":"Alerte sanitaire : le minist\u00e8re de la Sant\u00e9 met en garde contre certains vernis semi-permanents","og_description":"Le minist\u00e8re de la Sant\u00e9 alerte sur les dangers des vernis \u00e0 ongles contenant du TPO. Informez-vous avant d'utiliser ces produits.","og_url":"https:\/\/www.webdo.tn\/fr\/actualite\/national\/alerte-sanitaire-le-ministere-de-la-sante-met-en-garde-contre-certains-vernis-semi-permanents\/382429\/","og_site_name":"webdo","article_publisher":"https:\/\/www.facebook.com\/webdotn","article_published_time":"2025-08-29T18:03:37+00:00","article_modified_time":"2025-08-30T09:05:44+00:00","og_image":[{"width":600,"height":300,"url":"https:\/\/www.webdo.tn\/fr\/wp-content\/uploads\/2025\/08\/5-astuces-pour-conserver-son-vernis-plus-longtemps.jpg","type":"image\/jpeg"}],"author":"Mohamed Fethi","twitter_card":"summary_large_image","twitter_creator":"@webdo_tn","twitter_site":"@webdo_tn","twitter_misc":{"\u00c9crit par":"Mohamed Fethi","Dur\u00e9e de lecture estim\u00e9e":"1 minute"},"schema":{"@context":"https:\/\/schema.org","@graph":[{"@type":"NewsArticle","@id":"https:\/\/www.webdo.tn\/fr\/actualite\/national\/alerte-sanitaire-le-ministere-de-la-sante-met-en-garde-contre-certains-vernis-semi-permanents\/382429\/#article","isPartOf":{"@id":"https:\/\/www.webdo.tn\/fr\/actualite\/national\/alerte-sanitaire-le-ministere-de-la-sante-met-en-garde-contre-certains-vernis-semi-permanents\/382429\/"},"author":{"name":"Mohamed Fethi","@id":"https:\/\/www.webdo.tn\/fr\/#\/schema\/person\/16a4857e77dfc0b610c4c2cadffc9ac4"},"headline":"Alerte sanitaire : le minist\u00e8re de la Sant\u00e9 met en garde contre certains vernis semi-permanents","datePublished":"2025-08-29T18:03:37+00:00","dateModified":"2025-08-30T09:05:44+00:00","mainEntityOfPage":{"@id":"https:\/\/www.webdo.tn\/fr\/actualite\/national\/alerte-sanitaire-le-ministere-de-la-sante-met-en-garde-contre-certains-vernis-semi-permanents\/382429\/"},"wordCount":184,"publisher":{"@id":"https:\/\/www.webdo.tn\/fr\/#organization"},"image":{"@id":"https:\/\/www.webdo.tn\/fr\/actualite\/national\/alerte-sanitaire-le-ministere-de-la-sante-met-en-garde-contre-certains-vernis-semi-permanents\/382429\/#primaryimage"},"thumbnailUrl":"https:\/\/www.webdo.tn\/fr\/wp-content\/uploads\/2025\/08\/5-astuces-pour-conserver-son-vernis-plus-longtemps.jpg","keywords":["alerte sanitaire","Sant\u00e9","Tunisie","Vernis \u00e0 ongle"],"articleSection":["National"],"inLanguage":"fr-FR"},{"@type":"WebPage","@id":"https:\/\/www.webdo.tn\/fr\/actualite\/national\/alerte-sanitaire-le-ministere-de-la-sante-met-en-garde-contre-certains-vernis-semi-permanents\/382429\/","url":"https:\/\/www.webdo.tn\/fr\/actualite\/national\/alerte-sanitaire-le-ministere-de-la-sante-met-en-garde-contre-certains-vernis-semi-permanents\/382429\/","name":"Alerte sanitaire : le minist\u00e8re de la Sant\u00e9 met en garde contre certains vernis semi-permanents - webdo","isPartOf":{"@id":"https:\/\/www.webdo.tn\/fr\/#website"},"primaryImageOfPage":{"@id":"https:\/\/www.webdo.tn\/fr\/actualite\/national\/alerte-sanitaire-le-ministere-de-la-sante-met-en-garde-contre-certains-vernis-semi-permanents\/382429\/#primaryimage"},"image":{"@id":"https:\/\/www.webdo.tn\/fr\/actualite\/national\/alerte-sanitaire-le-ministere-de-la-sante-met-en-garde-contre-certains-vernis-semi-permanents\/382429\/#primaryimage"},"thumbnailUrl":"https:\/\/www.webdo.tn\/fr\/wp-content\/uploads\/2025\/08\/5-astuces-pour-conserver-son-vernis-plus-longtemps.jpg","datePublished":"2025-08-29T18:03:37+00:00","dateModified":"2025-08-30T09:05:44+00:00","description":"Le minist\u00e8re de la Sant\u00e9 alerte sur les dangers des vernis \u00e0 ongles contenant du TPO. Informez-vous avant d'utiliser ces produits.","breadcrumb":{"@id":"https:\/\/www.webdo.tn\/fr\/actualite\/national\/alerte-sanitaire-le-ministere-de-la-sante-met-en-garde-contre-certains-vernis-semi-permanents\/382429\/#breadcrumb"},"inLanguage":"fr-FR","potentialAction":[{"@type":"ReadAction","target":["https:\/\/www.webdo.tn\/fr\/actualite\/national\/alerte-sanitaire-le-ministere-de-la-sante-met-en-garde-contre-certains-vernis-semi-permanents\/382429\/"]}]},{"@type":"ImageObject","inLanguage":"fr-FR","@id":"https:\/\/www.webdo.tn\/fr\/actualite\/national\/alerte-sanitaire-le-ministere-de-la-sante-met-en-garde-contre-certains-vernis-semi-permanents\/382429\/#primaryimage","url":"https:\/\/www.webdo.tn\/fr\/wp-content\/uploads\/2025\/08\/5-astuces-pour-conserver-son-vernis-plus-longtemps.jpg","contentUrl":"https:\/\/www.webdo.tn\/fr\/wp-content\/uploads\/2025\/08\/5-astuces-pour-conserver-son-vernis-plus-longtemps.jpg","width":600,"height":300},{"@type":"BreadcrumbList","@id":"https:\/\/www.webdo.tn\/fr\/actualite\/national\/alerte-sanitaire-le-ministere-de-la-sante-met-en-garde-contre-certains-vernis-semi-permanents\/382429\/#breadcrumb","itemListElement":[{"@type":"ListItem","position":1,"name":"Accueil","item":"https:\/\/www.webdo.tn\/fr\/"},{"@type":"ListItem","position":2,"name":"Alerte sanitaire : le minist\u00e8re de la Sant\u00e9 met en garde contre certains vernis semi-permanents"}]},{"@type":"WebSite","@id":"https:\/\/www.webdo.tn\/fr\/#website","url":"https:\/\/www.webdo.tn\/fr\/","name":"webdo","description":"Tunisie - News en Tunisie et \u00e0 l&#039;international sur Webdo.tn","publisher":{"@id":"https:\/\/www.webdo.tn\/fr\/#organization"},"potentialAction":[{"@type":"SearchAction","target":{"@type":"EntryPoint","urlTemplate":"https:\/\/www.webdo.tn\/fr\/?s={search_term_string}"},"query-input":{"@type":"PropertyValueSpecification","valueRequired":true,"valueName":"search_term_string"}}],"inLanguage":"fr-FR"},{"@type":"Organization","@id":"https:\/\/www.webdo.tn\/fr\/#organization","name":"Webdo","alternateName":"Webdo.tn","url":"https:\/\/www.webdo.tn\/fr\/","logo":{"@type":"ImageObject","inLanguage":"fr-FR","@id":"https:\/\/www.webdo.tn\/fr\/#\/schema\/logo\/image\/","url":"https:\/\/www.webdo.tn\/fr\/wp-content\/uploads\/2025\/06\/Webdo-Tunisie_168377.jpg","contentUrl":"https:\/\/www.webdo.tn\/fr\/wp-content\/uploads\/2025\/06\/Webdo-Tunisie_168377.jpg","width":301,"height":301,"caption":"Webdo"},"image":{"@id":"https:\/\/www.webdo.tn\/fr\/#\/schema\/logo\/image\/"},"sameAs":["https:\/\/www.facebook.com\/webdotn","https:\/\/x.com\/webdo_tn"],"description":"Webdo est un m\u00e9dia num\u00e9rique tunisien fond\u00e9 en 2010, sp\u00e9cialis\u00e9 dans l\u2019actualit\u00e9 nationale et internationale, l\u2019\u00e9conomie, la soci\u00e9t\u00e9 et les analyses politiques. Le site s\u2019adresse \u00e0 un large public francophone et couvre l\u2019information tunisienne en temps r\u00e9el.","email":"redac@webdo.tn","legalName":"YNJ SARL","foundingDate":"2010-09-06","numberOfEmployees":{"@type":"QuantitativeValue","minValue":"11","maxValue":"50"}},{"@type":"Person","@id":"https:\/\/www.webdo.tn\/fr\/#\/schema\/person\/16a4857e77dfc0b610c4c2cadffc9ac4","name":"Mohamed Fethi","image":{"@type":"ImageObject","inLanguage":"fr-FR","@id":"https:\/\/www.webdo.tn\/fr\/wp-content\/uploads\/2026\/04\/mohamed-fethi_avatar_1-96x96.jpg","url":"https:\/\/www.webdo.tn\/fr\/wp-content\/uploads\/2026\/04\/mohamed-fethi_avatar_1-96x96.jpg","contentUrl":"https:\/\/www.webdo.tn\/fr\/wp-content\/uploads\/2026\/04\/mohamed-fethi_avatar_1-96x96.jpg","caption":"Mohamed Fethi"},"description":"Signature \u00e9ditoriale de Maher Chaabane Mohamed Fethi est le pseudonyme \u00e9ditorial de Maher Chaabane, r\u00e9dacteur en chef de Webdo.tn depuis 2012. Cette signature est d\u00e9di\u00e9e au traitement intensif de l'actualit\u00e9 nationale et internationale en temps r\u00e9el. S'appuyant sur les deux d\u00e9cennies d'expertise journalistique de Maher Chaabane \u2014 d\u00e9but\u00e9e au sein du groupe Tunis Hebdo en 2000 \u2014 Mohamed Fethi assure une veille rigoureuse sur les enjeux politiques, \u00e9conomiques et sportifs. Sa mission est de garantir une information structur\u00e9e, fluide et fid\u00e8le aux standards de la r\u00e9daction. Pour consulter le parcours complet du r\u00e9dacteur en chef, visitez le profil officiel de Maher Chaabane.","knowsAbout":["actualit\u00e9","journalisme","information","politique","sport","m\u00e9dias","actualit\u00e9 internationale"],"knowsLanguage":["Fran\u00e7ais","Arabe"],"jobTitle":"Journaliste \u2013 R\u00e9daction Webdo","worksFor":"Webdo.tn","url":"https:\/\/www.webdo.tn\/fr\/actualite\/author\/mohamed-fethi\/"}]}},"_links":{"self":[{"href":"https:\/\/www.webdo.tn\/fr\/wp-json\/wp\/v2\/posts\/382429","targetHints":{"allow":["GET"]}}],"collection":[{"href":"https:\/\/www.webdo.tn\/fr\/wp-json\/wp\/v2\/posts"}],"about":[{"href":"https:\/\/www.webdo.tn\/fr\/wp-json\/wp\/v2\/types\/post"}],"author":[{"embeddable":true,"href":"https:\/\/www.webdo.tn\/fr\/wp-json\/wp\/v2\/users\/4782"}],"replies":[{"embeddable":true,"href":"https:\/\/www.webdo.tn\/fr\/wp-json\/wp\/v2\/comments?post=382429"}],"version-history":[{"count":0,"href":"https:\/\/www.webdo.tn\/fr\/wp-json\/wp\/v2\/posts\/382429\/revisions"}],"wp:featuredmedia":[{"embeddable":true,"href":"https:\/\/www.webdo.tn\/fr\/wp-json\/wp\/v2\/media\/382431"}],"wp:attachment":[{"href":"https:\/\/www.webdo.tn\/fr\/wp-json\/wp\/v2\/media?parent=382429"}],"wp:term":[{"taxonomy":"category","embeddable":true,"href":"https:\/\/www.webdo.tn\/fr\/wp-json\/wp\/v2\/categories?post=382429"},{"taxonomy":"post_tag","embeddable":true,"href":"https:\/\/www.webdo.tn\/fr\/wp-json\/wp\/v2\/tags?post=382429"}],"curies":[{"name":"wp","href":"https:\/\/api.w.org\/{rel}","templated":true}]}}