{"id":382341,"date":"2025-08-29T12:39:39","date_gmt":"2025-08-29T11:39:39","guid":{"rendered":"https:\/\/www.webdo.tn\/fr\/?p=382341"},"modified":"2025-08-30T11:54:48","modified_gmt":"2025-08-30T10:54:48","slug":"global-sumud-flotilla-la-plus-grande-flottille-civile-internationale-en-route-pour-gaza","status":"publish","type":"post","link":"https:\/\/www.webdo.tn\/fr\/actualite\/international\/global-sumud-flotilla-la-plus-grande-flottille-civile-internationale-en-route-pour-gaza\/382341\/","title":{"rendered":"Global Sumud Flotilla : La plus grande flottille civile internationale en route pour Gaza"},"content":{"rendered":"\n<p><strong>Des militants pro-palestiniens s\u2019appr\u00eatent \u00e0 appareiller d\u2019Espagne ce dimanche dans le cadre de la Global Sumud Flotilla, organis\u00e9e notamment par Freedom Flotilla Coalition, Sumud Convoy, et le Global Movement To Gaza, constituant ainsi la plus vaste op\u00e9ration navale organis\u00e9e \u00e0 ce jour pour tenter de briser le blocus impos\u00e9 \u00e0 la bande de Gaza.<\/strong><\/p>\n\n\n\n<p>Compos\u00e9e de dizaines de bateaux charg\u00e9s d\u2019aide humanitaire, la flottille r\u00e9unit des centaines de participants venus de plus de 80 pays. Les organisateurs appellent la communaut\u00e9 internationale \u00e0 faire pression sur l\u2019entit\u00e9 sioniste afin de garantir la r\u00e9ussite de leur mission.<\/p>\n\n\n\n<p>Une partie de la flottille appareillera le 31 ao\u00fbt depuis Barcelone, pour ensuite faire escale dans d\u2019autres ports de la M\u00e9diterran\u00e9e (y compris \u00e0 Tunis, le 4 septembre). Les \u00e9quipages seront compos\u00e9s de skippers, de m\u00e9decins, de journalistes, de responsables politiques, etc., d\u00e9termin\u00e9s \u00e0 mener \u00e0 bien cette mission.<\/p>\n\n\n\n<p>Parmi les figures marquantes \u00e0 bord figurent la militante \u00e9cologiste su\u00e9doise Greta Thunberg ainsi que la responsable politique portugaise Mariana Mort\u00e1gua.<\/p>\n\n\n\n<p>Le nom de l\u2019initiative, Sumud &#8211; qui signifie \u00ab pers\u00e9v\u00e9rance \u00bb en arabe -, refl\u00e8te la volont\u00e9 des participants de mettre en lumi\u00e8re la situation humanitaire \u00e0 Gaza, de revendiquer la libert\u00e9 de circulation pour ses habitants et de briser l\u2019isolement de la population palestinienne en apportant une aide humanitaire et une solidarit\u00e9 active.<\/p>\n\n\n\n<p>Il s\u2019agit \u00e9galement de rompre le mur m\u00e9diatique qui entoure Gaza et de cr\u00e9er un front civil uni capable de mobiliser des r\u00e9seaux et l\u2019opinion publique \u00e0 travers le monde.<\/p>\n\n\n\n<p><\/p>\n\n\n\n<iframe src=\"https:\/\/www.facebook.com\/plugins\/post.php?href=https%3A%2F%2Fwww.facebook.com%2Fphoto%2F%3Ffbid%3D122127170570918721%26set%3Da.122101895180918721&#038;show_text=true&#038;width=500\" width=\"500\" height=\"461\" style=\"border:none;overflow:hidden\" scrolling=\"no\" frameborder=\"0\" allowfullscreen=\"true\" allow=\"autoplay; clipboard-write; encrypted-media; picture-in-picture; web-share\"><\/iframe>\n\n\n\n<iframe src=\"https:\/\/www.facebook.com\/plugins\/post.php?href=https%3A%2F%2Fwww.facebook.com%2Fsol.soto2%2Fposts%2Fpfbid08HcMfZbQV8kaCZ8JYyGTvdw7neqUpuQvt5viMnN2reS2zdz23thJsfYwgmBU8gwSl&#038;show_text=true&#038;width=500\" width=\"500\" height=\"452\" style=\"border:none;overflow:hidden\" scrolling=\"no\" frameborder=\"0\" allowfullscreen=\"true\" allow=\"autoplay; clipboard-write; encrypted-media; picture-in-picture; web-share\"><\/iframe>\n\n\n\n<ul class=\"wp-block-list\">\n<li>Lire aussi : <a href=\"https:\/\/www.webdo.tn\/fr\/actualite\/national\/un-depart-depuis-tunis-la-flottille-de-la-resistance-prepare-son-voyage-pour-briser-le-blocus-de-gaza\/380950\/\">Un d\u00e9part depuis Tunis : La \u00ab\u00a0Flottille de la r\u00e9sistance\u00a0\u00bb pr\u00e9pare son voyage pour briser le blocus de Gaza<\/a><\/li>\n<\/ul>\n\n\n\n<p><\/p>\n\n\n\n<p><\/p>\n\n\n\n<p><\/p>\n\n\n\n<p><\/p>\n","protected":false},"excerpt":{"rendered":"<p>Des militants pro-palestiniens s\u2019appr\u00eatent \u00e0 appareiller d\u2019Espagne ce dimanche dans le cadre de la Global Sumud Flotilla, organis\u00e9e notamment par Freedom Flotilla Coalition, Sumud Convoy, et le Global Movement To Gaza, constituant ainsi la plus vaste op\u00e9ration navale organis\u00e9e \u00e0 ce jour pour tenter de briser le blocus impos\u00e9 \u00e0 la bande de Gaza. Compos\u00e9e [&hellip;]<\/p>\n","protected":false},"author":3191,"featured_media":380951,"comment_status":"closed","ping_status":"closed","sticky":false,"template":"","format":"standard","meta":{"footnotes":""},"categories":[2598],"tags":[12378,2689,12515,2608],"class_list":["post-382341","post","type-post","status-publish","format-standard","has-post-thumbnail","hentry","category-international","tag-flottille","tag-gaza","tag-global-sumud-flotilla","tag-tunisie"],"yoast_head":"<!-- This site is optimized with the Yoast SEO Premium plugin v27.5 (Yoast SEO v27.5) - https:\/\/yoast.com\/product\/yoast-seo-premium-wordpress\/ -->\n<title>Global Sumud Flotilla : La plus grande flottille civile internationale en route pour Gaza - webdo<\/title>\n<meta name=\"description\" content=\"D\u00e9couvrez la Global Sumud Flotilla : la plus grande flottille civile internationale en route pour Gaza avec de l&#039;aide humanitaire.\" \/>\n<link rel=\"canonical\" href=\"https:\/\/www.webdo.tn\/fr\/actualite\/international\/global-sumud-flotilla-la-plus-grande-flottille-civile-internationale-en-route-pour-gaza\/382341\/\" \/>\n<meta property=\"og:locale\" content=\"fr_FR\" \/>\n<meta property=\"og:type\" content=\"article\" \/>\n<meta property=\"og:title\" content=\"Global Sumud Flotilla : La plus grande flottille civile internationale en route pour Gaza\" \/>\n<meta property=\"og:description\" content=\"D\u00e9couvrez la Global Sumud Flotilla : la plus grande flottille civile internationale en route pour Gaza avec de l&#039;aide humanitaire.\" \/>\n<meta property=\"og:url\" content=\"https:\/\/www.webdo.tn\/fr\/actualite\/international\/global-sumud-flotilla-la-plus-grande-flottille-civile-internationale-en-route-pour-gaza\/382341\/\" \/>\n<meta property=\"og:site_name\" content=\"webdo\" \/>\n<meta property=\"article:publisher\" content=\"https:\/\/www.facebook.com\/webdotn\" \/>\n<meta property=\"article:published_time\" content=\"2025-08-29T11:39:39+00:00\" \/>\n<meta property=\"article:modified_time\" content=\"2025-08-30T10:54:48+00:00\" \/>\n<meta property=\"og:image\" content=\"https:\/\/www.webdo.tn\/fr\/wp-content\/uploads\/2025\/08\/\u0627\u0644\u0625\u0639\u0644\u0627\u0646-\u0639\u0646-\u0645\u0648\u0639\u062f-\u0627\u0646\u0637\u0644\u0627\u0642-\u0623\u0633\u0637\u0648\u0644-\u0627\u0644\u0635\u0645\u0648\u062f-\u0645\u0646-\u062a\u0648\u0646\u0633-\u0628\u0627\u062a\u062c\u0627\u0647-\u063a\u0640.\u0640\u0632\u0629-e1756467471155.jpg\" \/>\n\t<meta property=\"og:image:width\" content=\"535\" \/>\n\t<meta property=\"og:image:height\" content=\"300\" \/>\n\t<meta property=\"og:image:type\" content=\"image\/jpeg\" \/>\n<meta name=\"author\" content=\"Mohamed Hedi Touati\" \/>\n<meta name=\"twitter:card\" content=\"summary_large_image\" \/>\n<meta name=\"twitter:creator\" content=\"@webdo_tn\" \/>\n<meta name=\"twitter:site\" content=\"@webdo_tn\" \/>\n<meta name=\"twitter:label1\" content=\"\u00c9crit par\" \/>\n\t<meta name=\"twitter:data1\" content=\"Mohamed Hedi Touati\" \/>\n\t<meta name=\"twitter:label2\" content=\"Dur\u00e9e de lecture estim\u00e9e\" \/>\n\t<meta name=\"twitter:data2\" content=\"2 minutes\" \/>\n<script type=\"application\/ld+json\" class=\"yoast-schema-graph\">{\"@context\":\"https:\\\/\\\/schema.org\",\"@graph\":[{\"@type\":\"NewsArticle\",\"@id\":\"https:\\\/\\\/www.webdo.tn\\\/fr\\\/actualite\\\/international\\\/global-sumud-flotilla-la-plus-grande-flottille-civile-internationale-en-route-pour-gaza\\\/382341\\\/#article\",\"isPartOf\":{\"@id\":\"https:\\\/\\\/www.webdo.tn\\\/fr\\\/actualite\\\/international\\\/global-sumud-flotilla-la-plus-grande-flottille-civile-internationale-en-route-pour-gaza\\\/382341\\\/\"},\"author\":{\"name\":\"Mohamed Hedi Touati\",\"@id\":\"https:\\\/\\\/www.webdo.tn\\\/fr\\\/#\\\/schema\\\/person\\\/c652cd8fc2b1b44412b5ffb48c5a911d\"},\"headline\":\"Global Sumud Flotilla : La plus grande flottille civile internationale en route pour Gaza\",\"datePublished\":\"2025-08-29T11:39:39+00:00\",\"dateModified\":\"2025-08-30T10:54:48+00:00\",\"mainEntityOfPage\":{\"@id\":\"https:\\\/\\\/www.webdo.tn\\\/fr\\\/actualite\\\/international\\\/global-sumud-flotilla-la-plus-grande-flottille-civile-internationale-en-route-pour-gaza\\\/382341\\\/\"},\"wordCount\":303,\"publisher\":{\"@id\":\"https:\\\/\\\/www.webdo.tn\\\/fr\\\/#organization\"},\"image\":{\"@id\":\"https:\\\/\\\/www.webdo.tn\\\/fr\\\/actualite\\\/international\\\/global-sumud-flotilla-la-plus-grande-flottille-civile-internationale-en-route-pour-gaza\\\/382341\\\/#primaryimage\"},\"thumbnailUrl\":\"https:\\\/\\\/www.webdo.tn\\\/fr\\\/wp-content\\\/uploads\\\/2025\\\/08\\\/\u0627\u0644\u0625\u0639\u0644\u0627\u0646-\u0639\u0646-\u0645\u0648\u0639\u062f-\u0627\u0646\u0637\u0644\u0627\u0642-\u0623\u0633\u0637\u0648\u0644-\u0627\u0644\u0635\u0645\u0648\u062f-\u0645\u0646-\u062a\u0648\u0646\u0633-\u0628\u0627\u062a\u062c\u0627\u0647-\u063a\u0640.\u0640\u0632\u0629-e1756467471155.jpg\",\"keywords\":[\"Flottille\",\"Gaza\",\"Global Sumud Flotilla\",\"Tunisie\"],\"articleSection\":[\"International\"],\"inLanguage\":\"fr-FR\"},{\"@type\":\"WebPage\",\"@id\":\"https:\\\/\\\/www.webdo.tn\\\/fr\\\/actualite\\\/international\\\/global-sumud-flotilla-la-plus-grande-flottille-civile-internationale-en-route-pour-gaza\\\/382341\\\/\",\"url\":\"https:\\\/\\\/www.webdo.tn\\\/fr\\\/actualite\\\/international\\\/global-sumud-flotilla-la-plus-grande-flottille-civile-internationale-en-route-pour-gaza\\\/382341\\\/\",\"name\":\"Global Sumud Flotilla : La plus grande flottille civile internationale en route pour Gaza - webdo\",\"isPartOf\":{\"@id\":\"https:\\\/\\\/www.webdo.tn\\\/fr\\\/#website\"},\"primaryImageOfPage\":{\"@id\":\"https:\\\/\\\/www.webdo.tn\\\/fr\\\/actualite\\\/international\\\/global-sumud-flotilla-la-plus-grande-flottille-civile-internationale-en-route-pour-gaza\\\/382341\\\/#primaryimage\"},\"image\":{\"@id\":\"https:\\\/\\\/www.webdo.tn\\\/fr\\\/actualite\\\/international\\\/global-sumud-flotilla-la-plus-grande-flottille-civile-internationale-en-route-pour-gaza\\\/382341\\\/#primaryimage\"},\"thumbnailUrl\":\"https:\\\/\\\/www.webdo.tn\\\/fr\\\/wp-content\\\/uploads\\\/2025\\\/08\\\/\u0627\u0644\u0625\u0639\u0644\u0627\u0646-\u0639\u0646-\u0645\u0648\u0639\u062f-\u0627\u0646\u0637\u0644\u0627\u0642-\u0623\u0633\u0637\u0648\u0644-\u0627\u0644\u0635\u0645\u0648\u062f-\u0645\u0646-\u062a\u0648\u0646\u0633-\u0628\u0627\u062a\u062c\u0627\u0647-\u063a\u0640.\u0640\u0632\u0629-e1756467471155.jpg\",\"datePublished\":\"2025-08-29T11:39:39+00:00\",\"dateModified\":\"2025-08-30T10:54:48+00:00\",\"description\":\"D\u00e9couvrez la Global Sumud Flotilla : la plus grande flottille civile internationale en route pour Gaza avec de l'aide humanitaire.\",\"breadcrumb\":{\"@id\":\"https:\\\/\\\/www.webdo.tn\\\/fr\\\/actualite\\\/international\\\/global-sumud-flotilla-la-plus-grande-flottille-civile-internationale-en-route-pour-gaza\\\/382341\\\/#breadcrumb\"},\"inLanguage\":\"fr-FR\",\"potentialAction\":[{\"@type\":\"ReadAction\",\"target\":[\"https:\\\/\\\/www.webdo.tn\\\/fr\\\/actualite\\\/international\\\/global-sumud-flotilla-la-plus-grande-flottille-civile-internationale-en-route-pour-gaza\\\/382341\\\/\"]}]},{\"@type\":\"ImageObject\",\"inLanguage\":\"fr-FR\",\"@id\":\"https:\\\/\\\/www.webdo.tn\\\/fr\\\/actualite\\\/international\\\/global-sumud-flotilla-la-plus-grande-flottille-civile-internationale-en-route-pour-gaza\\\/382341\\\/#primaryimage\",\"url\":\"https:\\\/\\\/www.webdo.tn\\\/fr\\\/wp-content\\\/uploads\\\/2025\\\/08\\\/\u0627\u0644\u0625\u0639\u0644\u0627\u0646-\u0639\u0646-\u0645\u0648\u0639\u062f-\u0627\u0646\u0637\u0644\u0627\u0642-\u0623\u0633\u0637\u0648\u0644-\u0627\u0644\u0635\u0645\u0648\u062f-\u0645\u0646-\u062a\u0648\u0646\u0633-\u0628\u0627\u062a\u062c\u0627\u0647-\u063a\u0640.\u0640\u0632\u0629-e1756467471155.jpg\",\"contentUrl\":\"https:\\\/\\\/www.webdo.tn\\\/fr\\\/wp-content\\\/uploads\\\/2025\\\/08\\\/\u0627\u0644\u0625\u0639\u0644\u0627\u0646-\u0639\u0646-\u0645\u0648\u0639\u062f-\u0627\u0646\u0637\u0644\u0627\u0642-\u0623\u0633\u0637\u0648\u0644-\u0627\u0644\u0635\u0645\u0648\u062f-\u0645\u0646-\u062a\u0648\u0646\u0633-\u0628\u0627\u062a\u062c\u0627\u0647-\u063a\u0640.\u0640\u0632\u0629-e1756467471155.jpg\",\"width\":535,\"height\":300,\"caption\":\"Global Sumud Flotilla : La plus grande flottille civile internationale en route pour Gaza\"},{\"@type\":\"BreadcrumbList\",\"@id\":\"https:\\\/\\\/www.webdo.tn\\\/fr\\\/actualite\\\/international\\\/global-sumud-flotilla-la-plus-grande-flottille-civile-internationale-en-route-pour-gaza\\\/382341\\\/#breadcrumb\",\"itemListElement\":[{\"@type\":\"ListItem\",\"position\":1,\"name\":\"Accueil\",\"item\":\"https:\\\/\\\/www.webdo.tn\\\/fr\\\/\"},{\"@type\":\"ListItem\",\"position\":2,\"name\":\"Global Sumud Flotilla : La plus grande flottille civile internationale en route pour Gaza\"}]},{\"@type\":\"WebSite\",\"@id\":\"https:\\\/\\\/www.webdo.tn\\\/fr\\\/#website\",\"url\":\"https:\\\/\\\/www.webdo.tn\\\/fr\\\/\",\"name\":\"webdo\",\"description\":\"Tunisie - News en Tunisie et \u00e0 l&#039;international sur Webdo.tn\",\"publisher\":{\"@id\":\"https:\\\/\\\/www.webdo.tn\\\/fr\\\/#organization\"},\"potentialAction\":[{\"@type\":\"SearchAction\",\"target\":{\"@type\":\"EntryPoint\",\"urlTemplate\":\"https:\\\/\\\/www.webdo.tn\\\/fr\\\/?s={search_term_string}\"},\"query-input\":{\"@type\":\"PropertyValueSpecification\",\"valueRequired\":true,\"valueName\":\"search_term_string\"}}],\"inLanguage\":\"fr-FR\"},{\"@type\":\"Organization\",\"@id\":\"https:\\\/\\\/www.webdo.tn\\\/fr\\\/#organization\",\"name\":\"Webdo\",\"alternateName\":\"Webdo.tn\",\"url\":\"https:\\\/\\\/www.webdo.tn\\\/fr\\\/\",\"logo\":{\"@type\":\"ImageObject\",\"inLanguage\":\"fr-FR\",\"@id\":\"https:\\\/\\\/www.webdo.tn\\\/fr\\\/#\\\/schema\\\/logo\\\/image\\\/\",\"url\":\"https:\\\/\\\/www.webdo.tn\\\/fr\\\/wp-content\\\/uploads\\\/2025\\\/06\\\/Webdo-Tunisie_168377.jpg\",\"contentUrl\":\"https:\\\/\\\/www.webdo.tn\\\/fr\\\/wp-content\\\/uploads\\\/2025\\\/06\\\/Webdo-Tunisie_168377.jpg\",\"width\":301,\"height\":301,\"caption\":\"Webdo\"},\"image\":{\"@id\":\"https:\\\/\\\/www.webdo.tn\\\/fr\\\/#\\\/schema\\\/logo\\\/image\\\/\"},\"sameAs\":[\"https:\\\/\\\/www.facebook.com\\\/webdotn\",\"https:\\\/\\\/x.com\\\/webdo_tn\"],\"description\":\"Webdo est un m\u00e9dia num\u00e9rique tunisien fond\u00e9 en 2010, sp\u00e9cialis\u00e9 dans l\u2019actualit\u00e9 nationale et internationale, l\u2019\u00e9conomie, la soci\u00e9t\u00e9 et les analyses politiques. Le site s\u2019adresse \u00e0 un large public francophone et couvre l\u2019information tunisienne en temps r\u00e9el.\",\"email\":\"redac@webdo.tn\",\"legalName\":\"YNJ SARL\",\"foundingDate\":\"2010-09-06\",\"numberOfEmployees\":{\"@type\":\"QuantitativeValue\",\"minValue\":\"11\",\"maxValue\":\"50\"}},{\"@type\":\"Person\",\"@id\":\"https:\\\/\\\/www.webdo.tn\\\/fr\\\/#\\\/schema\\\/person\\\/c652cd8fc2b1b44412b5ffb48c5a911d\",\"name\":\"Mohamed Hedi Touati\",\"image\":{\"@type\":\"ImageObject\",\"inLanguage\":\"fr-FR\",\"@id\":\"https:\\\/\\\/secure.gravatar.com\\\/avatar\\\/9cfd402c745b7a685f13eed0ea6e59d2144a3c2fc50a3db6fd5ed451f6cddf1a?s=96&d=mm&r=g\",\"url\":\"https:\\\/\\\/secure.gravatar.com\\\/avatar\\\/9cfd402c745b7a685f13eed0ea6e59d2144a3c2fc50a3db6fd5ed451f6cddf1a?s=96&d=mm&r=g\",\"contentUrl\":\"https:\\\/\\\/secure.gravatar.com\\\/avatar\\\/9cfd402c745b7a685f13eed0ea6e59d2144a3c2fc50a3db6fd5ed451f6cddf1a?s=96&d=mm&r=g\",\"caption\":\"Mohamed Hedi Touati\"},\"url\":\"https:\\\/\\\/www.webdo.tn\\\/fr\\\/actualite\\\/author\\\/mohamed-hedi-touati\\\/\"}]}<\/script>\n<!-- \/ Yoast SEO Premium plugin. -->","yoast_head_json":{"title":"Global Sumud Flotilla : La plus grande flottille civile internationale en route pour Gaza - webdo","description":"D\u00e9couvrez la Global Sumud Flotilla : la plus grande flottille civile internationale en route pour Gaza avec de l'aide humanitaire.","canonical":"https:\/\/www.webdo.tn\/fr\/actualite\/international\/global-sumud-flotilla-la-plus-grande-flottille-civile-internationale-en-route-pour-gaza\/382341\/","og_locale":"fr_FR","og_type":"article","og_title":"Global Sumud Flotilla : La plus grande flottille civile internationale en route pour Gaza","og_description":"D\u00e9couvrez la Global Sumud Flotilla : la plus grande flottille civile internationale en route pour Gaza avec de l'aide humanitaire.","og_url":"https:\/\/www.webdo.tn\/fr\/actualite\/international\/global-sumud-flotilla-la-plus-grande-flottille-civile-internationale-en-route-pour-gaza\/382341\/","og_site_name":"webdo","article_publisher":"https:\/\/www.facebook.com\/webdotn","article_published_time":"2025-08-29T11:39:39+00:00","article_modified_time":"2025-08-30T10:54:48+00:00","og_image":[{"width":535,"height":300,"url":"https:\/\/www.webdo.tn\/fr\/wp-content\/uploads\/2025\/08\/\u0627\u0644\u0625\u0639\u0644\u0627\u0646-\u0639\u0646-\u0645\u0648\u0639\u062f-\u0627\u0646\u0637\u0644\u0627\u0642-\u0623\u0633\u0637\u0648\u0644-\u0627\u0644\u0635\u0645\u0648\u062f-\u0645\u0646-\u062a\u0648\u0646\u0633-\u0628\u0627\u062a\u062c\u0627\u0647-\u063a\u0640.\u0640\u0632\u0629-e1756467471155.jpg","type":"image\/jpeg"}],"author":"Mohamed Hedi Touati","twitter_card":"summary_large_image","twitter_creator":"@webdo_tn","twitter_site":"@webdo_tn","twitter_misc":{"\u00c9crit par":"Mohamed Hedi Touati","Dur\u00e9e de lecture estim\u00e9e":"2 minutes"},"schema":{"@context":"https:\/\/schema.org","@graph":[{"@type":"NewsArticle","@id":"https:\/\/www.webdo.tn\/fr\/actualite\/international\/global-sumud-flotilla-la-plus-grande-flottille-civile-internationale-en-route-pour-gaza\/382341\/#article","isPartOf":{"@id":"https:\/\/www.webdo.tn\/fr\/actualite\/international\/global-sumud-flotilla-la-plus-grande-flottille-civile-internationale-en-route-pour-gaza\/382341\/"},"author":{"name":"Mohamed Hedi Touati","@id":"https:\/\/www.webdo.tn\/fr\/#\/schema\/person\/c652cd8fc2b1b44412b5ffb48c5a911d"},"headline":"Global Sumud Flotilla : La plus grande flottille civile internationale en route pour Gaza","datePublished":"2025-08-29T11:39:39+00:00","dateModified":"2025-08-30T10:54:48+00:00","mainEntityOfPage":{"@id":"https:\/\/www.webdo.tn\/fr\/actualite\/international\/global-sumud-flotilla-la-plus-grande-flottille-civile-internationale-en-route-pour-gaza\/382341\/"},"wordCount":303,"publisher":{"@id":"https:\/\/www.webdo.tn\/fr\/#organization"},"image":{"@id":"https:\/\/www.webdo.tn\/fr\/actualite\/international\/global-sumud-flotilla-la-plus-grande-flottille-civile-internationale-en-route-pour-gaza\/382341\/#primaryimage"},"thumbnailUrl":"https:\/\/www.webdo.tn\/fr\/wp-content\/uploads\/2025\/08\/\u0627\u0644\u0625\u0639\u0644\u0627\u0646-\u0639\u0646-\u0645\u0648\u0639\u062f-\u0627\u0646\u0637\u0644\u0627\u0642-\u0623\u0633\u0637\u0648\u0644-\u0627\u0644\u0635\u0645\u0648\u062f-\u0645\u0646-\u062a\u0648\u0646\u0633-\u0628\u0627\u062a\u062c\u0627\u0647-\u063a\u0640.\u0640\u0632\u0629-e1756467471155.jpg","keywords":["Flottille","Gaza","Global Sumud Flotilla","Tunisie"],"articleSection":["International"],"inLanguage":"fr-FR"},{"@type":"WebPage","@id":"https:\/\/www.webdo.tn\/fr\/actualite\/international\/global-sumud-flotilla-la-plus-grande-flottille-civile-internationale-en-route-pour-gaza\/382341\/","url":"https:\/\/www.webdo.tn\/fr\/actualite\/international\/global-sumud-flotilla-la-plus-grande-flottille-civile-internationale-en-route-pour-gaza\/382341\/","name":"Global Sumud Flotilla : La plus grande flottille civile internationale en route pour Gaza - webdo","isPartOf":{"@id":"https:\/\/www.webdo.tn\/fr\/#website"},"primaryImageOfPage":{"@id":"https:\/\/www.webdo.tn\/fr\/actualite\/international\/global-sumud-flotilla-la-plus-grande-flottille-civile-internationale-en-route-pour-gaza\/382341\/#primaryimage"},"image":{"@id":"https:\/\/www.webdo.tn\/fr\/actualite\/international\/global-sumud-flotilla-la-plus-grande-flottille-civile-internationale-en-route-pour-gaza\/382341\/#primaryimage"},"thumbnailUrl":"https:\/\/www.webdo.tn\/fr\/wp-content\/uploads\/2025\/08\/\u0627\u0644\u0625\u0639\u0644\u0627\u0646-\u0639\u0646-\u0645\u0648\u0639\u062f-\u0627\u0646\u0637\u0644\u0627\u0642-\u0623\u0633\u0637\u0648\u0644-\u0627\u0644\u0635\u0645\u0648\u062f-\u0645\u0646-\u062a\u0648\u0646\u0633-\u0628\u0627\u062a\u062c\u0627\u0647-\u063a\u0640.\u0640\u0632\u0629-e1756467471155.jpg","datePublished":"2025-08-29T11:39:39+00:00","dateModified":"2025-08-30T10:54:48+00:00","description":"D\u00e9couvrez la Global Sumud Flotilla : la plus grande flottille civile internationale en route pour Gaza avec de l'aide humanitaire.","breadcrumb":{"@id":"https:\/\/www.webdo.tn\/fr\/actualite\/international\/global-sumud-flotilla-la-plus-grande-flottille-civile-internationale-en-route-pour-gaza\/382341\/#breadcrumb"},"inLanguage":"fr-FR","potentialAction":[{"@type":"ReadAction","target":["https:\/\/www.webdo.tn\/fr\/actualite\/international\/global-sumud-flotilla-la-plus-grande-flottille-civile-internationale-en-route-pour-gaza\/382341\/"]}]},{"@type":"ImageObject","inLanguage":"fr-FR","@id":"https:\/\/www.webdo.tn\/fr\/actualite\/international\/global-sumud-flotilla-la-plus-grande-flottille-civile-internationale-en-route-pour-gaza\/382341\/#primaryimage","url":"https:\/\/www.webdo.tn\/fr\/wp-content\/uploads\/2025\/08\/\u0627\u0644\u0625\u0639\u0644\u0627\u0646-\u0639\u0646-\u0645\u0648\u0639\u062f-\u0627\u0646\u0637\u0644\u0627\u0642-\u0623\u0633\u0637\u0648\u0644-\u0627\u0644\u0635\u0645\u0648\u062f-\u0645\u0646-\u062a\u0648\u0646\u0633-\u0628\u0627\u062a\u062c\u0627\u0647-\u063a\u0640.\u0640\u0632\u0629-e1756467471155.jpg","contentUrl":"https:\/\/www.webdo.tn\/fr\/wp-content\/uploads\/2025\/08\/\u0627\u0644\u0625\u0639\u0644\u0627\u0646-\u0639\u0646-\u0645\u0648\u0639\u062f-\u0627\u0646\u0637\u0644\u0627\u0642-\u0623\u0633\u0637\u0648\u0644-\u0627\u0644\u0635\u0645\u0648\u062f-\u0645\u0646-\u062a\u0648\u0646\u0633-\u0628\u0627\u062a\u062c\u0627\u0647-\u063a\u0640.\u0640\u0632\u0629-e1756467471155.jpg","width":535,"height":300,"caption":"Global Sumud Flotilla : La plus grande flottille civile internationale en route pour Gaza"},{"@type":"BreadcrumbList","@id":"https:\/\/www.webdo.tn\/fr\/actualite\/international\/global-sumud-flotilla-la-plus-grande-flottille-civile-internationale-en-route-pour-gaza\/382341\/#breadcrumb","itemListElement":[{"@type":"ListItem","position":1,"name":"Accueil","item":"https:\/\/www.webdo.tn\/fr\/"},{"@type":"ListItem","position":2,"name":"Global Sumud Flotilla : La plus grande flottille civile internationale en route pour Gaza"}]},{"@type":"WebSite","@id":"https:\/\/www.webdo.tn\/fr\/#website","url":"https:\/\/www.webdo.tn\/fr\/","name":"webdo","description":"Tunisie - News en Tunisie et \u00e0 l&#039;international sur Webdo.tn","publisher":{"@id":"https:\/\/www.webdo.tn\/fr\/#organization"},"potentialAction":[{"@type":"SearchAction","target":{"@type":"EntryPoint","urlTemplate":"https:\/\/www.webdo.tn\/fr\/?s={search_term_string}"},"query-input":{"@type":"PropertyValueSpecification","valueRequired":true,"valueName":"search_term_string"}}],"inLanguage":"fr-FR"},{"@type":"Organization","@id":"https:\/\/www.webdo.tn\/fr\/#organization","name":"Webdo","alternateName":"Webdo.tn","url":"https:\/\/www.webdo.tn\/fr\/","logo":{"@type":"ImageObject","inLanguage":"fr-FR","@id":"https:\/\/www.webdo.tn\/fr\/#\/schema\/logo\/image\/","url":"https:\/\/www.webdo.tn\/fr\/wp-content\/uploads\/2025\/06\/Webdo-Tunisie_168377.jpg","contentUrl":"https:\/\/www.webdo.tn\/fr\/wp-content\/uploads\/2025\/06\/Webdo-Tunisie_168377.jpg","width":301,"height":301,"caption":"Webdo"},"image":{"@id":"https:\/\/www.webdo.tn\/fr\/#\/schema\/logo\/image\/"},"sameAs":["https:\/\/www.facebook.com\/webdotn","https:\/\/x.com\/webdo_tn"],"description":"Webdo est un m\u00e9dia num\u00e9rique tunisien fond\u00e9 en 2010, sp\u00e9cialis\u00e9 dans l\u2019actualit\u00e9 nationale et internationale, l\u2019\u00e9conomie, la soci\u00e9t\u00e9 et les analyses politiques. Le site s\u2019adresse \u00e0 un large public francophone et couvre l\u2019information tunisienne en temps r\u00e9el.","email":"redac@webdo.tn","legalName":"YNJ SARL","foundingDate":"2010-09-06","numberOfEmployees":{"@type":"QuantitativeValue","minValue":"11","maxValue":"50"}},{"@type":"Person","@id":"https:\/\/www.webdo.tn\/fr\/#\/schema\/person\/c652cd8fc2b1b44412b5ffb48c5a911d","name":"Mohamed Hedi Touati","image":{"@type":"ImageObject","inLanguage":"fr-FR","@id":"https:\/\/secure.gravatar.com\/avatar\/9cfd402c745b7a685f13eed0ea6e59d2144a3c2fc50a3db6fd5ed451f6cddf1a?s=96&d=mm&r=g","url":"https:\/\/secure.gravatar.com\/avatar\/9cfd402c745b7a685f13eed0ea6e59d2144a3c2fc50a3db6fd5ed451f6cddf1a?s=96&d=mm&r=g","contentUrl":"https:\/\/secure.gravatar.com\/avatar\/9cfd402c745b7a685f13eed0ea6e59d2144a3c2fc50a3db6fd5ed451f6cddf1a?s=96&d=mm&r=g","caption":"Mohamed Hedi Touati"},"url":"https:\/\/www.webdo.tn\/fr\/actualite\/author\/mohamed-hedi-touati\/"}]}},"_links":{"self":[{"href":"https:\/\/www.webdo.tn\/fr\/wp-json\/wp\/v2\/posts\/382341","targetHints":{"allow":["GET"]}}],"collection":[{"href":"https:\/\/www.webdo.tn\/fr\/wp-json\/wp\/v2\/posts"}],"about":[{"href":"https:\/\/www.webdo.tn\/fr\/wp-json\/wp\/v2\/types\/post"}],"author":[{"embeddable":true,"href":"https:\/\/www.webdo.tn\/fr\/wp-json\/wp\/v2\/users\/3191"}],"replies":[{"embeddable":true,"href":"https:\/\/www.webdo.tn\/fr\/wp-json\/wp\/v2\/comments?post=382341"}],"version-history":[{"count":0,"href":"https:\/\/www.webdo.tn\/fr\/wp-json\/wp\/v2\/posts\/382341\/revisions"}],"wp:featuredmedia":[{"embeddable":true,"href":"https:\/\/www.webdo.tn\/fr\/wp-json\/wp\/v2\/media\/380951"}],"wp:attachment":[{"href":"https:\/\/www.webdo.tn\/fr\/wp-json\/wp\/v2\/media?parent=382341"}],"wp:term":[{"taxonomy":"category","embeddable":true,"href":"https:\/\/www.webdo.tn\/fr\/wp-json\/wp\/v2\/categories?post=382341"},{"taxonomy":"post_tag","embeddable":true,"href":"https:\/\/www.webdo.tn\/fr\/wp-json\/wp\/v2\/tags?post=382341"}],"curies":[{"name":"wp","href":"https:\/\/api.w.org\/{rel}","templated":true}]}}