{"id":382317,"date":"2025-08-28T19:51:25","date_gmt":"2025-08-28T18:51:25","guid":{"rendered":"https:\/\/www.webdo.tn\/fr\/?p=382317"},"modified":"2025-08-29T12:22:02","modified_gmt":"2025-08-29T11:22:02","slug":"tunisie-nafti-recoit-une-delegation-du-congres-americain","status":"publish","type":"post","link":"https:\/\/www.webdo.tn\/fr\/actualite\/national\/tunisie-nafti-recoit-une-delegation-du-congres-americain\/382317\/","title":{"rendered":"Tunisie : Nafti re\u00e7oit une d\u00e9l\u00e9gation du Congr\u00e8s am\u00e9ricain"},"content":{"rendered":"\n<p><strong>Le ministre des Affaires \u00e9trang\u00e8res, de la Migration et des Tunisiens \u00e0 l\u2019\u00e9tranger, Mohamed Ali Nafti, a appel\u00e9 \u00e0 d\u00e9velopper davantage les \u00e9changes commerciaux avec les \u00c9tats-Unis et \u00e0 lever les obstacles qui pourraient les entraver, afin de tirer parti des opportunit\u00e9s disponibles dans les deux pays et d\u2019ouvrir de nouvelles perspectives d\u2019investissement conjoint.<\/strong><\/p>\n\n\n\n<p><a href=\"https:\/\/www.facebook.com\/TunisieDiplo\/posts\/pfbid02DS5bxzkCT3opxGzfZ1Qmm6PhoiYmWMz2GBUuFLpDj8uSpx6gGZSWk1HQvhRcwVZxl\">En recevant, ce jeudi 28 ao\u00fbt 2025, une d\u00e9l\u00e9gation du Congr\u00e8s am\u00e9ricain conduite par Mike Lawler<\/a>, pr\u00e9sident de la sous-commission du Moyen-Orient et de l\u2019Afrique du Nord relevant de la Commission des affaires \u00e9trang\u00e8res et membre du groupe d\u2019amiti\u00e9 avec la Tunisie, et comprenant \u00e9galement Ritchie Torres, membre de la Commission des services financiers, ainsi que plusieurs de leurs collaborateurs, dans le cadre d\u2019une visite d\u2019amiti\u00e9 et de travail en Tunisie, les deux parties ont r\u00e9affirm\u00e9 la profondeur et la solidit\u00e9 des relations d\u2019amiti\u00e9 historiques qui lient les deux pays depuis la signature du Trait\u00e9 de paix et d\u2019amiti\u00e9 en 1797, dont ils c\u00e9l\u00e8brent aujourd\u2019hui le 228e anniversaire.<\/p>\n\n\n\n<p>Dans un communiqu\u00e9, le minist\u00e8re des Affaires \u00e9trang\u00e8res a indiqu\u00e9 que Mohamed Ali Nafti a r\u00e9it\u00e9r\u00e9 la volont\u00e9 de la Tunisie d\u2019\u00e9lever encore le niveau des relations bilat\u00e9rales \u00e0 travers l\u2019intensification et l\u2019\u00e9largissement des domaines de coop\u00e9ration, sur la base du respect mutuel et des valeurs communes qui fondent ces relations, conform\u00e9ment aux int\u00e9r\u00eats partag\u00e9s des deux peuples amis.<\/p>\n\n\n\n<p>Les deux parties ont pass\u00e9 en revue les secteurs prioritaires, tels que la s\u00e9curit\u00e9, le d\u00e9veloppement durable, les \u00e9nergies renouvelables et l\u2019agriculture, qui demeurent des axes d\u2019int\u00e9r\u00eat commun, en plus de la coop\u00e9ration acad\u00e9mique, technologique et scientifique, consid\u00e9r\u00e9s comme des piliers essentiels du rapprochement humain entre les deux pays, au service des int\u00e9r\u00eats mutuels et du renforcement des liens d\u2019amiti\u00e9 entre les peuples tunisien et am\u00e9ricain.<\/p>\n\n\n\n<p>De son c\u00f4t\u00e9, la d\u00e9l\u00e9gation am\u00e9ricaine a salu\u00e9 la solidit\u00e9 des liens d\u2019amiti\u00e9 unissant les deux nations, soulignant l\u2019attention particuli\u00e8re que le Congr\u00e8s accorde \u00e0 la stabilit\u00e9 s\u00e9curitaire et \u00e9conomique de la Tunisie et au renforcement des relations tuniso-am\u00e9ricaines, avec la volont\u00e9 d\u2019y apporter son appui parlementaire dans divers domaines.<\/p>\n\n\n\n<p>Elle a \u00e9galement mis en avant l\u2019importance de cr\u00e9er des passerelles entre les acteurs \u00e9conomiques du secteur priv\u00e9, afin de soutenir les opportunit\u00e9s d\u2019investissement am\u00e9ricain en Tunisie et d\u2019encourager la coop\u00e9ration dans l\u2019ensemble des secteurs porteurs.<\/p>\n","protected":false},"excerpt":{"rendered":"<p>Le ministre des Affaires \u00e9trang\u00e8res, de la Migration et des Tunisiens \u00e0 l\u2019\u00e9tranger, Mohamed Ali Nafti, a appel\u00e9 \u00e0 d\u00e9velopper davantage les \u00e9changes commerciaux avec les \u00c9tats-Unis et \u00e0 lever les obstacles qui pourraient les entraver, afin de tirer parti des opportunit\u00e9s disponibles dans les deux pays et d\u2019ouvrir de nouvelles perspectives d\u2019investissement conjoint. En [&hellip;]<\/p>\n","protected":false},"author":3184,"featured_media":382318,"comment_status":"closed","ping_status":"closed","sticky":false,"template":"","format":"standard","meta":{"footnotes":""},"categories":[44],"tags":[6554,2608,3061],"class_list":["post-382317","post","type-post","status-publish","format-standard","has-post-thumbnail","hentry","category-national","tag-congres","tag-tunisie","tag-usa"],"yoast_head":"<!-- This site is optimized with the Yoast SEO Premium plugin v27.5 (Yoast SEO v27.5) - https:\/\/yoast.com\/product\/yoast-seo-premium-wordpress\/ -->\n<title>Tunisie : Nafti re\u00e7oit une d\u00e9l\u00e9gation du Congr\u00e8s am\u00e9ricain - webdo<\/title>\n<meta name=\"description\" content=\"D\u00e9couvrez les enjeux du Congres pour renforcer les \u00e9changes commerciaux entre la Tunisie et les \u00c9tats-Unis.\" \/>\n<link rel=\"canonical\" href=\"https:\/\/www.webdo.tn\/fr\/actualite\/national\/tunisie-nafti-recoit-une-delegation-du-congres-americain\/382317\/\" \/>\n<meta property=\"og:locale\" content=\"fr_FR\" \/>\n<meta property=\"og:type\" content=\"article\" \/>\n<meta property=\"og:title\" content=\"Tunisie : Nafti re\u00e7oit une d\u00e9l\u00e9gation du Congr\u00e8s am\u00e9ricain\" \/>\n<meta property=\"og:description\" content=\"D\u00e9couvrez les enjeux du Congres pour renforcer les \u00e9changes commerciaux entre la Tunisie et les \u00c9tats-Unis.\" \/>\n<meta property=\"og:url\" content=\"https:\/\/www.webdo.tn\/fr\/actualite\/national\/tunisie-nafti-recoit-une-delegation-du-congres-americain\/382317\/\" \/>\n<meta property=\"og:site_name\" content=\"webdo\" \/>\n<meta property=\"article:publisher\" content=\"https:\/\/www.facebook.com\/webdotn\" \/>\n<meta property=\"article:published_time\" content=\"2025-08-28T18:51:25+00:00\" \/>\n<meta property=\"article:modified_time\" content=\"2025-08-29T11:22:02+00:00\" \/>\n<meta property=\"og:image\" content=\"https:\/\/www.webdo.tn\/fr\/wp-content\/uploads\/2025\/08\/541509038_1210139171156702_1420117502666206338_n-e1756458063898.jpg\" \/>\n\t<meta property=\"og:image:width\" content=\"471\" \/>\n\t<meta property=\"og:image:height\" content=\"300\" \/>\n\t<meta property=\"og:image:type\" content=\"image\/jpeg\" \/>\n<meta name=\"author\" content=\"Wided Belhaj\" \/>\n<meta name=\"twitter:card\" content=\"summary_large_image\" \/>\n<meta name=\"twitter:creator\" content=\"@webdo_tn\" \/>\n<meta name=\"twitter:site\" content=\"@webdo_tn\" \/>\n<meta name=\"twitter:label1\" content=\"\u00c9crit par\" \/>\n\t<meta name=\"twitter:data1\" content=\"Wided Belhaj\" \/>\n\t<meta name=\"twitter:label2\" content=\"Dur\u00e9e de lecture estim\u00e9e\" \/>\n\t<meta name=\"twitter:data2\" content=\"3 minutes\" \/>\n<script type=\"application\/ld+json\" class=\"yoast-schema-graph\">{\"@context\":\"https:\\\/\\\/schema.org\",\"@graph\":[{\"@type\":\"NewsArticle\",\"@id\":\"https:\\\/\\\/www.webdo.tn\\\/fr\\\/actualite\\\/national\\\/tunisie-nafti-recoit-une-delegation-du-congres-americain\\\/382317\\\/#article\",\"isPartOf\":{\"@id\":\"https:\\\/\\\/www.webdo.tn\\\/fr\\\/actualite\\\/national\\\/tunisie-nafti-recoit-une-delegation-du-congres-americain\\\/382317\\\/\"},\"author\":{\"name\":\"Wided Belhaj\",\"@id\":\"https:\\\/\\\/www.webdo.tn\\\/fr\\\/#\\\/schema\\\/person\\\/b9ecde7a5574cb4fcf4b496ea5fadb15\"},\"headline\":\"Tunisie : Nafti re\u00e7oit une d\u00e9l\u00e9gation du Congr\u00e8s am\u00e9ricain\",\"datePublished\":\"2025-08-28T18:51:25+00:00\",\"dateModified\":\"2025-08-29T11:22:02+00:00\",\"mainEntityOfPage\":{\"@id\":\"https:\\\/\\\/www.webdo.tn\\\/fr\\\/actualite\\\/national\\\/tunisie-nafti-recoit-une-delegation-du-congres-americain\\\/382317\\\/\"},\"wordCount\":447,\"publisher\":{\"@id\":\"https:\\\/\\\/www.webdo.tn\\\/fr\\\/#organization\"},\"image\":{\"@id\":\"https:\\\/\\\/www.webdo.tn\\\/fr\\\/actualite\\\/national\\\/tunisie-nafti-recoit-une-delegation-du-congres-americain\\\/382317\\\/#primaryimage\"},\"thumbnailUrl\":\"https:\\\/\\\/www.webdo.tn\\\/fr\\\/wp-content\\\/uploads\\\/2025\\\/08\\\/541509038_1210139171156702_1420117502666206338_n-e1756458063898.jpg\",\"keywords\":[\"Congr\u00e8s\",\"Tunisie\",\"USA\"],\"articleSection\":[\"National\"],\"inLanguage\":\"fr-FR\"},{\"@type\":\"WebPage\",\"@id\":\"https:\\\/\\\/www.webdo.tn\\\/fr\\\/actualite\\\/national\\\/tunisie-nafti-recoit-une-delegation-du-congres-americain\\\/382317\\\/\",\"url\":\"https:\\\/\\\/www.webdo.tn\\\/fr\\\/actualite\\\/national\\\/tunisie-nafti-recoit-une-delegation-du-congres-americain\\\/382317\\\/\",\"name\":\"Tunisie : Nafti re\u00e7oit une d\u00e9l\u00e9gation du Congr\u00e8s am\u00e9ricain - webdo\",\"isPartOf\":{\"@id\":\"https:\\\/\\\/www.webdo.tn\\\/fr\\\/#website\"},\"primaryImageOfPage\":{\"@id\":\"https:\\\/\\\/www.webdo.tn\\\/fr\\\/actualite\\\/national\\\/tunisie-nafti-recoit-une-delegation-du-congres-americain\\\/382317\\\/#primaryimage\"},\"image\":{\"@id\":\"https:\\\/\\\/www.webdo.tn\\\/fr\\\/actualite\\\/national\\\/tunisie-nafti-recoit-une-delegation-du-congres-americain\\\/382317\\\/#primaryimage\"},\"thumbnailUrl\":\"https:\\\/\\\/www.webdo.tn\\\/fr\\\/wp-content\\\/uploads\\\/2025\\\/08\\\/541509038_1210139171156702_1420117502666206338_n-e1756458063898.jpg\",\"datePublished\":\"2025-08-28T18:51:25+00:00\",\"dateModified\":\"2025-08-29T11:22:02+00:00\",\"description\":\"D\u00e9couvrez les enjeux du Congres pour renforcer les \u00e9changes commerciaux entre la Tunisie et les \u00c9tats-Unis.\",\"breadcrumb\":{\"@id\":\"https:\\\/\\\/www.webdo.tn\\\/fr\\\/actualite\\\/national\\\/tunisie-nafti-recoit-une-delegation-du-congres-americain\\\/382317\\\/#breadcrumb\"},\"inLanguage\":\"fr-FR\",\"potentialAction\":[{\"@type\":\"ReadAction\",\"target\":[\"https:\\\/\\\/www.webdo.tn\\\/fr\\\/actualite\\\/national\\\/tunisie-nafti-recoit-une-delegation-du-congres-americain\\\/382317\\\/\"]}]},{\"@type\":\"ImageObject\",\"inLanguage\":\"fr-FR\",\"@id\":\"https:\\\/\\\/www.webdo.tn\\\/fr\\\/actualite\\\/national\\\/tunisie-nafti-recoit-une-delegation-du-congres-americain\\\/382317\\\/#primaryimage\",\"url\":\"https:\\\/\\\/www.webdo.tn\\\/fr\\\/wp-content\\\/uploads\\\/2025\\\/08\\\/541509038_1210139171156702_1420117502666206338_n-e1756458063898.jpg\",\"contentUrl\":\"https:\\\/\\\/www.webdo.tn\\\/fr\\\/wp-content\\\/uploads\\\/2025\\\/08\\\/541509038_1210139171156702_1420117502666206338_n-e1756458063898.jpg\",\"width\":471,\"height\":300},{\"@type\":\"BreadcrumbList\",\"@id\":\"https:\\\/\\\/www.webdo.tn\\\/fr\\\/actualite\\\/national\\\/tunisie-nafti-recoit-une-delegation-du-congres-americain\\\/382317\\\/#breadcrumb\",\"itemListElement\":[{\"@type\":\"ListItem\",\"position\":1,\"name\":\"Accueil\",\"item\":\"https:\\\/\\\/www.webdo.tn\\\/fr\\\/\"},{\"@type\":\"ListItem\",\"position\":2,\"name\":\"Tunisie : Nafti re\u00e7oit une d\u00e9l\u00e9gation du Congr\u00e8s am\u00e9ricain\"}]},{\"@type\":\"WebSite\",\"@id\":\"https:\\\/\\\/www.webdo.tn\\\/fr\\\/#website\",\"url\":\"https:\\\/\\\/www.webdo.tn\\\/fr\\\/\",\"name\":\"webdo\",\"description\":\"Tunisie - News en Tunisie et \u00e0 l&#039;international sur Webdo.tn\",\"publisher\":{\"@id\":\"https:\\\/\\\/www.webdo.tn\\\/fr\\\/#organization\"},\"potentialAction\":[{\"@type\":\"SearchAction\",\"target\":{\"@type\":\"EntryPoint\",\"urlTemplate\":\"https:\\\/\\\/www.webdo.tn\\\/fr\\\/?s={search_term_string}\"},\"query-input\":{\"@type\":\"PropertyValueSpecification\",\"valueRequired\":true,\"valueName\":\"search_term_string\"}}],\"inLanguage\":\"fr-FR\"},{\"@type\":\"Organization\",\"@id\":\"https:\\\/\\\/www.webdo.tn\\\/fr\\\/#organization\",\"name\":\"Webdo\",\"alternateName\":\"Webdo.tn\",\"url\":\"https:\\\/\\\/www.webdo.tn\\\/fr\\\/\",\"logo\":{\"@type\":\"ImageObject\",\"inLanguage\":\"fr-FR\",\"@id\":\"https:\\\/\\\/www.webdo.tn\\\/fr\\\/#\\\/schema\\\/logo\\\/image\\\/\",\"url\":\"https:\\\/\\\/www.webdo.tn\\\/fr\\\/wp-content\\\/uploads\\\/2025\\\/06\\\/Webdo-Tunisie_168377.jpg\",\"contentUrl\":\"https:\\\/\\\/www.webdo.tn\\\/fr\\\/wp-content\\\/uploads\\\/2025\\\/06\\\/Webdo-Tunisie_168377.jpg\",\"width\":301,\"height\":301,\"caption\":\"Webdo\"},\"image\":{\"@id\":\"https:\\\/\\\/www.webdo.tn\\\/fr\\\/#\\\/schema\\\/logo\\\/image\\\/\"},\"sameAs\":[\"https:\\\/\\\/www.facebook.com\\\/webdotn\",\"https:\\\/\\\/x.com\\\/webdo_tn\"],\"description\":\"Webdo est un m\u00e9dia num\u00e9rique tunisien fond\u00e9 en 2010, sp\u00e9cialis\u00e9 dans l\u2019actualit\u00e9 nationale et internationale, l\u2019\u00e9conomie, la soci\u00e9t\u00e9 et les analyses politiques. Le site s\u2019adresse \u00e0 un large public francophone et couvre l\u2019information tunisienne en temps r\u00e9el.\",\"email\":\"redac@webdo.tn\",\"legalName\":\"YNJ SARL\",\"foundingDate\":\"2010-09-06\",\"numberOfEmployees\":{\"@type\":\"QuantitativeValue\",\"minValue\":\"11\",\"maxValue\":\"50\"}},{\"@type\":\"Person\",\"@id\":\"https:\\\/\\\/www.webdo.tn\\\/fr\\\/#\\\/schema\\\/person\\\/b9ecde7a5574cb4fcf4b496ea5fadb15\",\"name\":\"Wided Belhaj\",\"image\":{\"@type\":\"ImageObject\",\"inLanguage\":\"fr-FR\",\"@id\":\"https:\\\/\\\/www.webdo.tn\\\/fr\\\/wp-content\\\/uploads\\\/2026\\\/04\\\/wided-belhaj_avatar-96x96.jpg\",\"url\":\"https:\\\/\\\/www.webdo.tn\\\/fr\\\/wp-content\\\/uploads\\\/2026\\\/04\\\/wided-belhaj_avatar-96x96.jpg\",\"contentUrl\":\"https:\\\/\\\/www.webdo.tn\\\/fr\\\/wp-content\\\/uploads\\\/2026\\\/04\\\/wided-belhaj_avatar-96x96.jpg\",\"caption\":\"Wided Belhaj\"},\"description\":\"Wided Belhaj est le pseudonyme \u00e9ditorial utilis\u00e9 par Khalil Jelassi, journaliste, ma\u00eetre-assistant \u00e0 l\u2019Institut de presse et des sciences de l\u2019information (IPSI) et chercheur en sciences de l\u2019information et de la communication. Cette signature est d\u00e9di\u00e9e \u00e0 l\u2019analyse des m\u00e9dias, des pratiques journalistiques et des mutations de l\u2019information \u00e0 l\u2019\u00e8re digitale. \u00c0 travers ses contributions, Wided Belhaj propose une lecture analytique de l\u2019actualit\u00e9, en croisant regard critique et expertise acad\u00e9mique.\",\"knowsAbout\":[\"m\u00e9dias\",\"journalisme\",\"communication\",\"information\",\"transformation num\u00e9rique\",\"analyse des m\u00e9dias\"],\"knowsLanguage\":[\"Fran\u00e7ais\",\"Arabe\"],\"jobTitle\":\"Webdo.tn\",\"worksFor\":\"Journaliste \u2013 Analyse des m\u00e9dias\",\"url\":\"https:\\\/\\\/www.webdo.tn\\\/fr\\\/actualite\\\/author\\\/wided-belhaj\\\/\"}]}<\/script>\n<!-- \/ Yoast SEO Premium plugin. -->","yoast_head_json":{"title":"Tunisie : Nafti re\u00e7oit une d\u00e9l\u00e9gation du Congr\u00e8s am\u00e9ricain - webdo","description":"D\u00e9couvrez les enjeux du Congres pour renforcer les \u00e9changes commerciaux entre la Tunisie et les \u00c9tats-Unis.","canonical":"https:\/\/www.webdo.tn\/fr\/actualite\/national\/tunisie-nafti-recoit-une-delegation-du-congres-americain\/382317\/","og_locale":"fr_FR","og_type":"article","og_title":"Tunisie : Nafti re\u00e7oit une d\u00e9l\u00e9gation du Congr\u00e8s am\u00e9ricain","og_description":"D\u00e9couvrez les enjeux du Congres pour renforcer les \u00e9changes commerciaux entre la Tunisie et les \u00c9tats-Unis.","og_url":"https:\/\/www.webdo.tn\/fr\/actualite\/national\/tunisie-nafti-recoit-une-delegation-du-congres-americain\/382317\/","og_site_name":"webdo","article_publisher":"https:\/\/www.facebook.com\/webdotn","article_published_time":"2025-08-28T18:51:25+00:00","article_modified_time":"2025-08-29T11:22:02+00:00","og_image":[{"width":471,"height":300,"url":"https:\/\/www.webdo.tn\/fr\/wp-content\/uploads\/2025\/08\/541509038_1210139171156702_1420117502666206338_n-e1756458063898.jpg","type":"image\/jpeg"}],"author":"Wided Belhaj","twitter_card":"summary_large_image","twitter_creator":"@webdo_tn","twitter_site":"@webdo_tn","twitter_misc":{"\u00c9crit par":"Wided Belhaj","Dur\u00e9e de lecture estim\u00e9e":"3 minutes"},"schema":{"@context":"https:\/\/schema.org","@graph":[{"@type":"NewsArticle","@id":"https:\/\/www.webdo.tn\/fr\/actualite\/national\/tunisie-nafti-recoit-une-delegation-du-congres-americain\/382317\/#article","isPartOf":{"@id":"https:\/\/www.webdo.tn\/fr\/actualite\/national\/tunisie-nafti-recoit-une-delegation-du-congres-americain\/382317\/"},"author":{"name":"Wided Belhaj","@id":"https:\/\/www.webdo.tn\/fr\/#\/schema\/person\/b9ecde7a5574cb4fcf4b496ea5fadb15"},"headline":"Tunisie : Nafti re\u00e7oit une d\u00e9l\u00e9gation du Congr\u00e8s am\u00e9ricain","datePublished":"2025-08-28T18:51:25+00:00","dateModified":"2025-08-29T11:22:02+00:00","mainEntityOfPage":{"@id":"https:\/\/www.webdo.tn\/fr\/actualite\/national\/tunisie-nafti-recoit-une-delegation-du-congres-americain\/382317\/"},"wordCount":447,"publisher":{"@id":"https:\/\/www.webdo.tn\/fr\/#organization"},"image":{"@id":"https:\/\/www.webdo.tn\/fr\/actualite\/national\/tunisie-nafti-recoit-une-delegation-du-congres-americain\/382317\/#primaryimage"},"thumbnailUrl":"https:\/\/www.webdo.tn\/fr\/wp-content\/uploads\/2025\/08\/541509038_1210139171156702_1420117502666206338_n-e1756458063898.jpg","keywords":["Congr\u00e8s","Tunisie","USA"],"articleSection":["National"],"inLanguage":"fr-FR"},{"@type":"WebPage","@id":"https:\/\/www.webdo.tn\/fr\/actualite\/national\/tunisie-nafti-recoit-une-delegation-du-congres-americain\/382317\/","url":"https:\/\/www.webdo.tn\/fr\/actualite\/national\/tunisie-nafti-recoit-une-delegation-du-congres-americain\/382317\/","name":"Tunisie : Nafti re\u00e7oit une d\u00e9l\u00e9gation du Congr\u00e8s am\u00e9ricain - webdo","isPartOf":{"@id":"https:\/\/www.webdo.tn\/fr\/#website"},"primaryImageOfPage":{"@id":"https:\/\/www.webdo.tn\/fr\/actualite\/national\/tunisie-nafti-recoit-une-delegation-du-congres-americain\/382317\/#primaryimage"},"image":{"@id":"https:\/\/www.webdo.tn\/fr\/actualite\/national\/tunisie-nafti-recoit-une-delegation-du-congres-americain\/382317\/#primaryimage"},"thumbnailUrl":"https:\/\/www.webdo.tn\/fr\/wp-content\/uploads\/2025\/08\/541509038_1210139171156702_1420117502666206338_n-e1756458063898.jpg","datePublished":"2025-08-28T18:51:25+00:00","dateModified":"2025-08-29T11:22:02+00:00","description":"D\u00e9couvrez les enjeux du Congres pour renforcer les \u00e9changes commerciaux entre la Tunisie et les \u00c9tats-Unis.","breadcrumb":{"@id":"https:\/\/www.webdo.tn\/fr\/actualite\/national\/tunisie-nafti-recoit-une-delegation-du-congres-americain\/382317\/#breadcrumb"},"inLanguage":"fr-FR","potentialAction":[{"@type":"ReadAction","target":["https:\/\/www.webdo.tn\/fr\/actualite\/national\/tunisie-nafti-recoit-une-delegation-du-congres-americain\/382317\/"]}]},{"@type":"ImageObject","inLanguage":"fr-FR","@id":"https:\/\/www.webdo.tn\/fr\/actualite\/national\/tunisie-nafti-recoit-une-delegation-du-congres-americain\/382317\/#primaryimage","url":"https:\/\/www.webdo.tn\/fr\/wp-content\/uploads\/2025\/08\/541509038_1210139171156702_1420117502666206338_n-e1756458063898.jpg","contentUrl":"https:\/\/www.webdo.tn\/fr\/wp-content\/uploads\/2025\/08\/541509038_1210139171156702_1420117502666206338_n-e1756458063898.jpg","width":471,"height":300},{"@type":"BreadcrumbList","@id":"https:\/\/www.webdo.tn\/fr\/actualite\/national\/tunisie-nafti-recoit-une-delegation-du-congres-americain\/382317\/#breadcrumb","itemListElement":[{"@type":"ListItem","position":1,"name":"Accueil","item":"https:\/\/www.webdo.tn\/fr\/"},{"@type":"ListItem","position":2,"name":"Tunisie : Nafti re\u00e7oit une d\u00e9l\u00e9gation du Congr\u00e8s am\u00e9ricain"}]},{"@type":"WebSite","@id":"https:\/\/www.webdo.tn\/fr\/#website","url":"https:\/\/www.webdo.tn\/fr\/","name":"webdo","description":"Tunisie - News en Tunisie et \u00e0 l&#039;international sur Webdo.tn","publisher":{"@id":"https:\/\/www.webdo.tn\/fr\/#organization"},"potentialAction":[{"@type":"SearchAction","target":{"@type":"EntryPoint","urlTemplate":"https:\/\/www.webdo.tn\/fr\/?s={search_term_string}"},"query-input":{"@type":"PropertyValueSpecification","valueRequired":true,"valueName":"search_term_string"}}],"inLanguage":"fr-FR"},{"@type":"Organization","@id":"https:\/\/www.webdo.tn\/fr\/#organization","name":"Webdo","alternateName":"Webdo.tn","url":"https:\/\/www.webdo.tn\/fr\/","logo":{"@type":"ImageObject","inLanguage":"fr-FR","@id":"https:\/\/www.webdo.tn\/fr\/#\/schema\/logo\/image\/","url":"https:\/\/www.webdo.tn\/fr\/wp-content\/uploads\/2025\/06\/Webdo-Tunisie_168377.jpg","contentUrl":"https:\/\/www.webdo.tn\/fr\/wp-content\/uploads\/2025\/06\/Webdo-Tunisie_168377.jpg","width":301,"height":301,"caption":"Webdo"},"image":{"@id":"https:\/\/www.webdo.tn\/fr\/#\/schema\/logo\/image\/"},"sameAs":["https:\/\/www.facebook.com\/webdotn","https:\/\/x.com\/webdo_tn"],"description":"Webdo est un m\u00e9dia num\u00e9rique tunisien fond\u00e9 en 2010, sp\u00e9cialis\u00e9 dans l\u2019actualit\u00e9 nationale et internationale, l\u2019\u00e9conomie, la soci\u00e9t\u00e9 et les analyses politiques. Le site s\u2019adresse \u00e0 un large public francophone et couvre l\u2019information tunisienne en temps r\u00e9el.","email":"redac@webdo.tn","legalName":"YNJ SARL","foundingDate":"2010-09-06","numberOfEmployees":{"@type":"QuantitativeValue","minValue":"11","maxValue":"50"}},{"@type":"Person","@id":"https:\/\/www.webdo.tn\/fr\/#\/schema\/person\/b9ecde7a5574cb4fcf4b496ea5fadb15","name":"Wided Belhaj","image":{"@type":"ImageObject","inLanguage":"fr-FR","@id":"https:\/\/www.webdo.tn\/fr\/wp-content\/uploads\/2026\/04\/wided-belhaj_avatar-96x96.jpg","url":"https:\/\/www.webdo.tn\/fr\/wp-content\/uploads\/2026\/04\/wided-belhaj_avatar-96x96.jpg","contentUrl":"https:\/\/www.webdo.tn\/fr\/wp-content\/uploads\/2026\/04\/wided-belhaj_avatar-96x96.jpg","caption":"Wided Belhaj"},"description":"Wided Belhaj est le pseudonyme \u00e9ditorial utilis\u00e9 par Khalil Jelassi, journaliste, ma\u00eetre-assistant \u00e0 l\u2019Institut de presse et des sciences de l\u2019information (IPSI) et chercheur en sciences de l\u2019information et de la communication. Cette signature est d\u00e9di\u00e9e \u00e0 l\u2019analyse des m\u00e9dias, des pratiques journalistiques et des mutations de l\u2019information \u00e0 l\u2019\u00e8re digitale. \u00c0 travers ses contributions, Wided Belhaj propose une lecture analytique de l\u2019actualit\u00e9, en croisant regard critique et expertise acad\u00e9mique.","knowsAbout":["m\u00e9dias","journalisme","communication","information","transformation num\u00e9rique","analyse des m\u00e9dias"],"knowsLanguage":["Fran\u00e7ais","Arabe"],"jobTitle":"Webdo.tn","worksFor":"Journaliste \u2013 Analyse des m\u00e9dias","url":"https:\/\/www.webdo.tn\/fr\/actualite\/author\/wided-belhaj\/"}]}},"_links":{"self":[{"href":"https:\/\/www.webdo.tn\/fr\/wp-json\/wp\/v2\/posts\/382317","targetHints":{"allow":["GET"]}}],"collection":[{"href":"https:\/\/www.webdo.tn\/fr\/wp-json\/wp\/v2\/posts"}],"about":[{"href":"https:\/\/www.webdo.tn\/fr\/wp-json\/wp\/v2\/types\/post"}],"author":[{"embeddable":true,"href":"https:\/\/www.webdo.tn\/fr\/wp-json\/wp\/v2\/users\/3184"}],"replies":[{"embeddable":true,"href":"https:\/\/www.webdo.tn\/fr\/wp-json\/wp\/v2\/comments?post=382317"}],"version-history":[{"count":0,"href":"https:\/\/www.webdo.tn\/fr\/wp-json\/wp\/v2\/posts\/382317\/revisions"}],"wp:featuredmedia":[{"embeddable":true,"href":"https:\/\/www.webdo.tn\/fr\/wp-json\/wp\/v2\/media\/382318"}],"wp:attachment":[{"href":"https:\/\/www.webdo.tn\/fr\/wp-json\/wp\/v2\/media?parent=382317"}],"wp:term":[{"taxonomy":"category","embeddable":true,"href":"https:\/\/www.webdo.tn\/fr\/wp-json\/wp\/v2\/categories?post=382317"},{"taxonomy":"post_tag","embeddable":true,"href":"https:\/\/www.webdo.tn\/fr\/wp-json\/wp\/v2\/tags?post=382317"}],"curies":[{"name":"wp","href":"https:\/\/api.w.org\/{rel}","templated":true}]}}