{"id":382305,"date":"2025-08-28T13:34:47","date_gmt":"2025-08-28T12:34:47","guid":{"rendered":"https:\/\/www.webdo.tn\/fr\/?p=382305"},"modified":"2025-08-28T13:34:49","modified_gmt":"2025-08-28T12:34:49","slug":"tunisie-vers-la-generalisation-de-la-facturation-electronique-dans-les-marches-de-gros","status":"publish","type":"post","link":"https:\/\/www.webdo.tn\/fr\/actualite\/national\/tunisie-vers-la-generalisation-de-la-facturation-electronique-dans-les-marches-de-gros\/382305\/","title":{"rendered":"Tunisie : Vers la g\u00e9n\u00e9ralisation de la facturation \u00e9lectronique dans les march\u00e9s de gros"},"content":{"rendered":"\n<p><strong>Le minist\u00e8re du Commerce et du d\u00e9veloppement des exportations intensifie ses efforts pour g\u00e9n\u00e9raliser la facturation \u00e9lectronique dans les march\u00e9s de gros \u00e0 travers tous les gouvernorats et pour d\u00e9velopper et organiser les fili\u00e8res de distribution, dans le cadre d\u2019un suivi des visites minist\u00e9rielles \u00e0 Monastir et Mahdia en 2024 et 2025.<\/strong><\/p>\n\n\n\n<p><strong>Objectifs de la g\u00e9n\u00e9ralisation de la facturation \u00e9lectronique<\/strong><\/p>\n\n\n\n<p>Cette initiative vise \u00e0 assurer la transparence des transactions commerciales ; unifier les acteurs du march\u00e9 et r\u00e9duire le r\u00f4le des interm\u00e9diaires et sp\u00e9culateurs ; enfin, optimiser l\u2019organisation et le fonctionnement des march\u00e9s de gros sous la supervision de la Soci\u00e9t\u00e9 Tunisienne des March\u00e9s de Gros.<\/p>\n\n\n\n<p><strong>D\u00e9ploiement pr\u00e9vu par r\u00e9gions<\/strong><\/p>\n\n\n\n<p>La mise en place de la facturation \u00e9lectronique se fera par \u00e9tapes :<\/p>\n\n\n\n<ul class=\"wp-block-list\">\n<li>1er octobre 2025 : d\u00e9ploiement complet aux march\u00e9s de gros des fruits et l\u00e9gumes de Moknine et des poissons de Teboulba (Monastir) apr\u00e8s accord entre la soci\u00e9t\u00e9, les autorit\u00e9s locales et r\u00e9gionales.<\/li>\n\n\n\n<li>Fin 2025 : mise en service aux march\u00e9s de gros des poissons de Chebba et Salakta et des fruits et l\u00e9gumes d\u2019El Jem, Ksour Essef (Mahdia), suite \u00e0 un accord conclu au si\u00e8ge de la gouvernorat.<\/li>\n<\/ul>\n\n\n\n<p>Le minist\u00e8re du Commerce et de d\u00e9veloppement des exportations, en coordination avec la Soci\u00e9t\u00e9 Tunisienne des March\u00e9s de Gros et les autorit\u00e9s r\u00e9gionales, assurera un suivi r\u00e9gulier de l\u2019avancement de la g\u00e9n\u00e9ralisation de la facturation \u00e9lectronique afin de respecter les d\u00e9lais et atteindre les objectifs fix\u00e9s.<\/p>\n\n\n\n<p><\/p>\n\n\n\n<iframe src=\"https:\/\/www.facebook.com\/plugins\/post.php?href=https%3A%2F%2Fwww.facebook.com%2FMCDE.TUNISIE%2Fposts%2Fpfbid02exCq7kfieDRCP6ZT9CBLuAb3uR93CduQK1y4X47AkW7GzGqHHq41HiMq8NH3rRzrl&#038;show_text=true&#038;width=500\" width=\"500\" height=\"684\" style=\"border:none;overflow:hidden\" scrolling=\"no\" frameborder=\"0\" allowfullscreen=\"true\" allow=\"autoplay; clipboard-write; encrypted-media; picture-in-picture; web-share\"><\/iframe>\n\n\n\n<p><\/p>\n\n\n\n<ul class=\"wp-block-list\">\n<li>Lire aussi : <a href=\"https:\/\/www.webdo.tn\/fr\/actualite\/regions\/tunisie-sfax-mise-en-place-dun-systeme-de-facturation-electronique-dans-les-marches-de-gros\/378820\/\">Tunisie \u2013 Sfax : Un syst\u00e8me de facturation \u00e9lectronique dans les march\u00e9s de gros<\/a><\/li>\n<\/ul>\n","protected":false},"excerpt":{"rendered":"<p>Le minist\u00e8re du Commerce et du d\u00e9veloppement des exportations intensifie ses efforts pour g\u00e9n\u00e9raliser la facturation \u00e9lectronique dans les march\u00e9s de gros \u00e0 travers tous les gouvernorats et pour d\u00e9velopper et organiser les fili\u00e8res de distribution, dans le cadre d\u2019un suivi des visites minist\u00e9rielles \u00e0 Monastir et Mahdia en 2024 et 2025. Objectifs de la [&hellip;]<\/p>\n","protected":false},"author":3191,"featured_media":382306,"comment_status":"closed","ping_status":"closed","sticky":false,"template":"","format":"standard","meta":{"footnotes":""},"categories":[44],"tags":[11658,12102,2608],"class_list":["post-382305","post","type-post","status-publish","format-standard","has-post-thumbnail","hentry","category-national","tag-facturation-electronique","tag-marche-de-gros","tag-tunisie"],"yoast_head":"<!-- This site is optimized with the Yoast SEO Premium plugin v27.4 (Yoast SEO v27.4) - https:\/\/yoast.com\/product\/yoast-seo-premium-wordpress\/ -->\n<title>Tunisie : Vers la g\u00e9n\u00e9ralisation de la facturation \u00e9lectronique dans les march\u00e9s de gros - webdo<\/title>\n<meta name=\"description\" content=\"Tunisie : la facturation \u00e9lectronique devient essentielle pour optimiser les march\u00e9s de gros et am\u00e9liorer les transactions commerciales.\" \/>\n<link rel=\"canonical\" href=\"https:\/\/www.webdo.tn\/fr\/actualite\/national\/tunisie-vers-la-generalisation-de-la-facturation-electronique-dans-les-marches-de-gros\/382305\/\" \/>\n<meta property=\"og:locale\" content=\"fr_FR\" \/>\n<meta property=\"og:type\" content=\"article\" \/>\n<meta property=\"og:title\" content=\"Tunisie : Vers la g\u00e9n\u00e9ralisation de la facturation \u00e9lectronique dans les march\u00e9s de gros\" \/>\n<meta property=\"og:description\" content=\"Tunisie : la facturation \u00e9lectronique devient essentielle pour optimiser les march\u00e9s de gros et am\u00e9liorer les transactions commerciales.\" \/>\n<meta property=\"og:url\" content=\"https:\/\/www.webdo.tn\/fr\/actualite\/national\/tunisie-vers-la-generalisation-de-la-facturation-electronique-dans-les-marches-de-gros\/382305\/\" \/>\n<meta property=\"og:site_name\" content=\"webdo\" \/>\n<meta property=\"article:publisher\" content=\"https:\/\/www.facebook.com\/webdotn\" \/>\n<meta property=\"article:published_time\" content=\"2025-08-28T12:34:47+00:00\" \/>\n<meta property=\"article:modified_time\" content=\"2025-08-28T12:34:49+00:00\" \/>\n<meta property=\"og:image\" content=\"https:\/\/www.webdo.tn\/fr\/wp-content\/uploads\/2025\/08\/540733547_1117213353922872_3404065876770613951_n.jpg\" \/>\n\t<meta property=\"og:image:width\" content=\"720\" \/>\n\t<meta property=\"og:image:height\" content=\"398\" \/>\n\t<meta property=\"og:image:type\" content=\"image\/jpeg\" \/>\n<meta name=\"author\" content=\"Mohamed Hedi Touati\" \/>\n<meta name=\"twitter:card\" content=\"summary_large_image\" \/>\n<meta name=\"twitter:creator\" content=\"@webdo_tn\" \/>\n<meta name=\"twitter:site\" content=\"@webdo_tn\" \/>\n<meta name=\"twitter:label1\" content=\"\u00c9crit par\" \/>\n\t<meta name=\"twitter:data1\" content=\"Mohamed Hedi Touati\" \/>\n\t<meta name=\"twitter:label2\" content=\"Dur\u00e9e de lecture estim\u00e9e\" \/>\n\t<meta name=\"twitter:data2\" content=\"2 minutes\" \/>\n<script type=\"application\/ld+json\" class=\"yoast-schema-graph\">{\"@context\":\"https:\\\/\\\/schema.org\",\"@graph\":[{\"@type\":\"NewsArticle\",\"@id\":\"https:\\\/\\\/www.webdo.tn\\\/fr\\\/actualite\\\/national\\\/tunisie-vers-la-generalisation-de-la-facturation-electronique-dans-les-marches-de-gros\\\/382305\\\/#article\",\"isPartOf\":{\"@id\":\"https:\\\/\\\/www.webdo.tn\\\/fr\\\/actualite\\\/national\\\/tunisie-vers-la-generalisation-de-la-facturation-electronique-dans-les-marches-de-gros\\\/382305\\\/\"},\"author\":{\"name\":\"Mohamed Hedi Touati\",\"@id\":\"https:\\\/\\\/www.webdo.tn\\\/fr\\\/#\\\/schema\\\/person\\\/c652cd8fc2b1b44412b5ffb48c5a911d\"},\"headline\":\"Tunisie : Vers la g\u00e9n\u00e9ralisation de la facturation \u00e9lectronique dans les march\u00e9s de gros\",\"datePublished\":\"2025-08-28T12:34:47+00:00\",\"dateModified\":\"2025-08-28T12:34:49+00:00\",\"mainEntityOfPage\":{\"@id\":\"https:\\\/\\\/www.webdo.tn\\\/fr\\\/actualite\\\/national\\\/tunisie-vers-la-generalisation-de-la-facturation-electronique-dans-les-marches-de-gros\\\/382305\\\/\"},\"wordCount\":301,\"publisher\":{\"@id\":\"https:\\\/\\\/www.webdo.tn\\\/fr\\\/#organization\"},\"image\":{\"@id\":\"https:\\\/\\\/www.webdo.tn\\\/fr\\\/actualite\\\/national\\\/tunisie-vers-la-generalisation-de-la-facturation-electronique-dans-les-marches-de-gros\\\/382305\\\/#primaryimage\"},\"thumbnailUrl\":\"https:\\\/\\\/www.webdo.tn\\\/fr\\\/wp-content\\\/uploads\\\/2025\\\/08\\\/540733547_1117213353922872_3404065876770613951_n.jpg\",\"keywords\":[\"Facturation \u00e9lectronique\",\"march\u00e9 de gros\",\"Tunisie\"],\"articleSection\":[\"National\"],\"inLanguage\":\"fr-FR\"},{\"@type\":\"WebPage\",\"@id\":\"https:\\\/\\\/www.webdo.tn\\\/fr\\\/actualite\\\/national\\\/tunisie-vers-la-generalisation-de-la-facturation-electronique-dans-les-marches-de-gros\\\/382305\\\/\",\"url\":\"https:\\\/\\\/www.webdo.tn\\\/fr\\\/actualite\\\/national\\\/tunisie-vers-la-generalisation-de-la-facturation-electronique-dans-les-marches-de-gros\\\/382305\\\/\",\"name\":\"Tunisie : Vers la g\u00e9n\u00e9ralisation de la facturation \u00e9lectronique dans les march\u00e9s de gros - webdo\",\"isPartOf\":{\"@id\":\"https:\\\/\\\/www.webdo.tn\\\/fr\\\/#website\"},\"primaryImageOfPage\":{\"@id\":\"https:\\\/\\\/www.webdo.tn\\\/fr\\\/actualite\\\/national\\\/tunisie-vers-la-generalisation-de-la-facturation-electronique-dans-les-marches-de-gros\\\/382305\\\/#primaryimage\"},\"image\":{\"@id\":\"https:\\\/\\\/www.webdo.tn\\\/fr\\\/actualite\\\/national\\\/tunisie-vers-la-generalisation-de-la-facturation-electronique-dans-les-marches-de-gros\\\/382305\\\/#primaryimage\"},\"thumbnailUrl\":\"https:\\\/\\\/www.webdo.tn\\\/fr\\\/wp-content\\\/uploads\\\/2025\\\/08\\\/540733547_1117213353922872_3404065876770613951_n.jpg\",\"datePublished\":\"2025-08-28T12:34:47+00:00\",\"dateModified\":\"2025-08-28T12:34:49+00:00\",\"description\":\"Tunisie : la facturation \u00e9lectronique devient essentielle pour optimiser les march\u00e9s de gros et am\u00e9liorer les transactions commerciales.\",\"breadcrumb\":{\"@id\":\"https:\\\/\\\/www.webdo.tn\\\/fr\\\/actualite\\\/national\\\/tunisie-vers-la-generalisation-de-la-facturation-electronique-dans-les-marches-de-gros\\\/382305\\\/#breadcrumb\"},\"inLanguage\":\"fr-FR\",\"potentialAction\":[{\"@type\":\"ReadAction\",\"target\":[\"https:\\\/\\\/www.webdo.tn\\\/fr\\\/actualite\\\/national\\\/tunisie-vers-la-generalisation-de-la-facturation-electronique-dans-les-marches-de-gros\\\/382305\\\/\"]}]},{\"@type\":\"ImageObject\",\"inLanguage\":\"fr-FR\",\"@id\":\"https:\\\/\\\/www.webdo.tn\\\/fr\\\/actualite\\\/national\\\/tunisie-vers-la-generalisation-de-la-facturation-electronique-dans-les-marches-de-gros\\\/382305\\\/#primaryimage\",\"url\":\"https:\\\/\\\/www.webdo.tn\\\/fr\\\/wp-content\\\/uploads\\\/2025\\\/08\\\/540733547_1117213353922872_3404065876770613951_n.jpg\",\"contentUrl\":\"https:\\\/\\\/www.webdo.tn\\\/fr\\\/wp-content\\\/uploads\\\/2025\\\/08\\\/540733547_1117213353922872_3404065876770613951_n.jpg\",\"width\":720,\"height\":398,\"caption\":\"Tunisie : Vers la g\u00e9n\u00e9ralisation de la facturation \u00e9lectronique dans les march\u00e9s de gros\"},{\"@type\":\"BreadcrumbList\",\"@id\":\"https:\\\/\\\/www.webdo.tn\\\/fr\\\/actualite\\\/national\\\/tunisie-vers-la-generalisation-de-la-facturation-electronique-dans-les-marches-de-gros\\\/382305\\\/#breadcrumb\",\"itemListElement\":[{\"@type\":\"ListItem\",\"position\":1,\"name\":\"Accueil\",\"item\":\"https:\\\/\\\/www.webdo.tn\\\/fr\\\/\"},{\"@type\":\"ListItem\",\"position\":2,\"name\":\"Tunisie : Vers la g\u00e9n\u00e9ralisation de la facturation \u00e9lectronique dans les march\u00e9s de gros\"}]},{\"@type\":\"WebSite\",\"@id\":\"https:\\\/\\\/www.webdo.tn\\\/fr\\\/#website\",\"url\":\"https:\\\/\\\/www.webdo.tn\\\/fr\\\/\",\"name\":\"webdo\",\"description\":\"Tunisie - News en Tunisie et \u00e0 l&#039;international sur Webdo.tn\",\"publisher\":{\"@id\":\"https:\\\/\\\/www.webdo.tn\\\/fr\\\/#organization\"},\"potentialAction\":[{\"@type\":\"SearchAction\",\"target\":{\"@type\":\"EntryPoint\",\"urlTemplate\":\"https:\\\/\\\/www.webdo.tn\\\/fr\\\/?s={search_term_string}\"},\"query-input\":{\"@type\":\"PropertyValueSpecification\",\"valueRequired\":true,\"valueName\":\"search_term_string\"}}],\"inLanguage\":\"fr-FR\"},{\"@type\":\"Organization\",\"@id\":\"https:\\\/\\\/www.webdo.tn\\\/fr\\\/#organization\",\"name\":\"Webdo\",\"alternateName\":\"Webdo.tn\",\"url\":\"https:\\\/\\\/www.webdo.tn\\\/fr\\\/\",\"logo\":{\"@type\":\"ImageObject\",\"inLanguage\":\"fr-FR\",\"@id\":\"https:\\\/\\\/www.webdo.tn\\\/fr\\\/#\\\/schema\\\/logo\\\/image\\\/\",\"url\":\"https:\\\/\\\/www.webdo.tn\\\/fr\\\/wp-content\\\/uploads\\\/2025\\\/06\\\/Webdo-Tunisie_168377.jpg\",\"contentUrl\":\"https:\\\/\\\/www.webdo.tn\\\/fr\\\/wp-content\\\/uploads\\\/2025\\\/06\\\/Webdo-Tunisie_168377.jpg\",\"width\":301,\"height\":301,\"caption\":\"Webdo\"},\"image\":{\"@id\":\"https:\\\/\\\/www.webdo.tn\\\/fr\\\/#\\\/schema\\\/logo\\\/image\\\/\"},\"sameAs\":[\"https:\\\/\\\/www.facebook.com\\\/webdotn\",\"https:\\\/\\\/x.com\\\/webdo_tn\"],\"description\":\"Webdo est un m\u00e9dia num\u00e9rique tunisien fond\u00e9 en 2010, sp\u00e9cialis\u00e9 dans l\u2019actualit\u00e9 nationale et internationale, l\u2019\u00e9conomie, la soci\u00e9t\u00e9 et les analyses politiques. Le site s\u2019adresse \u00e0 un large public francophone et couvre l\u2019information tunisienne en temps r\u00e9el.\",\"email\":\"redac@webdo.tn\",\"legalName\":\"YNJ SARL\",\"foundingDate\":\"2010-09-06\",\"numberOfEmployees\":{\"@type\":\"QuantitativeValue\",\"minValue\":\"11\",\"maxValue\":\"50\"}},{\"@type\":\"Person\",\"@id\":\"https:\\\/\\\/www.webdo.tn\\\/fr\\\/#\\\/schema\\\/person\\\/c652cd8fc2b1b44412b5ffb48c5a911d\",\"name\":\"Mohamed Hedi Touati\",\"image\":{\"@type\":\"ImageObject\",\"inLanguage\":\"fr-FR\",\"@id\":\"https:\\\/\\\/secure.gravatar.com\\\/avatar\\\/9cfd402c745b7a685f13eed0ea6e59d2144a3c2fc50a3db6fd5ed451f6cddf1a?s=96&d=mm&r=g\",\"url\":\"https:\\\/\\\/secure.gravatar.com\\\/avatar\\\/9cfd402c745b7a685f13eed0ea6e59d2144a3c2fc50a3db6fd5ed451f6cddf1a?s=96&d=mm&r=g\",\"contentUrl\":\"https:\\\/\\\/secure.gravatar.com\\\/avatar\\\/9cfd402c745b7a685f13eed0ea6e59d2144a3c2fc50a3db6fd5ed451f6cddf1a?s=96&d=mm&r=g\",\"caption\":\"Mohamed Hedi Touati\"},\"url\":\"https:\\\/\\\/www.webdo.tn\\\/fr\\\/actualite\\\/author\\\/mohamed-hedi-touati\\\/\"}]}<\/script>\n<!-- \/ Yoast SEO Premium plugin. -->","yoast_head_json":{"title":"Tunisie : Vers la g\u00e9n\u00e9ralisation de la facturation \u00e9lectronique dans les march\u00e9s de gros - webdo","description":"Tunisie : la facturation \u00e9lectronique devient essentielle pour optimiser les march\u00e9s de gros et am\u00e9liorer les transactions commerciales.","canonical":"https:\/\/www.webdo.tn\/fr\/actualite\/national\/tunisie-vers-la-generalisation-de-la-facturation-electronique-dans-les-marches-de-gros\/382305\/","og_locale":"fr_FR","og_type":"article","og_title":"Tunisie : Vers la g\u00e9n\u00e9ralisation de la facturation \u00e9lectronique dans les march\u00e9s de gros","og_description":"Tunisie : la facturation \u00e9lectronique devient essentielle pour optimiser les march\u00e9s de gros et am\u00e9liorer les transactions commerciales.","og_url":"https:\/\/www.webdo.tn\/fr\/actualite\/national\/tunisie-vers-la-generalisation-de-la-facturation-electronique-dans-les-marches-de-gros\/382305\/","og_site_name":"webdo","article_publisher":"https:\/\/www.facebook.com\/webdotn","article_published_time":"2025-08-28T12:34:47+00:00","article_modified_time":"2025-08-28T12:34:49+00:00","og_image":[{"width":720,"height":398,"url":"https:\/\/www.webdo.tn\/fr\/wp-content\/uploads\/2025\/08\/540733547_1117213353922872_3404065876770613951_n.jpg","type":"image\/jpeg"}],"author":"Mohamed Hedi Touati","twitter_card":"summary_large_image","twitter_creator":"@webdo_tn","twitter_site":"@webdo_tn","twitter_misc":{"\u00c9crit par":"Mohamed Hedi Touati","Dur\u00e9e de lecture estim\u00e9e":"2 minutes"},"schema":{"@context":"https:\/\/schema.org","@graph":[{"@type":"NewsArticle","@id":"https:\/\/www.webdo.tn\/fr\/actualite\/national\/tunisie-vers-la-generalisation-de-la-facturation-electronique-dans-les-marches-de-gros\/382305\/#article","isPartOf":{"@id":"https:\/\/www.webdo.tn\/fr\/actualite\/national\/tunisie-vers-la-generalisation-de-la-facturation-electronique-dans-les-marches-de-gros\/382305\/"},"author":{"name":"Mohamed Hedi Touati","@id":"https:\/\/www.webdo.tn\/fr\/#\/schema\/person\/c652cd8fc2b1b44412b5ffb48c5a911d"},"headline":"Tunisie : Vers la g\u00e9n\u00e9ralisation de la facturation \u00e9lectronique dans les march\u00e9s de gros","datePublished":"2025-08-28T12:34:47+00:00","dateModified":"2025-08-28T12:34:49+00:00","mainEntityOfPage":{"@id":"https:\/\/www.webdo.tn\/fr\/actualite\/national\/tunisie-vers-la-generalisation-de-la-facturation-electronique-dans-les-marches-de-gros\/382305\/"},"wordCount":301,"publisher":{"@id":"https:\/\/www.webdo.tn\/fr\/#organization"},"image":{"@id":"https:\/\/www.webdo.tn\/fr\/actualite\/national\/tunisie-vers-la-generalisation-de-la-facturation-electronique-dans-les-marches-de-gros\/382305\/#primaryimage"},"thumbnailUrl":"https:\/\/www.webdo.tn\/fr\/wp-content\/uploads\/2025\/08\/540733547_1117213353922872_3404065876770613951_n.jpg","keywords":["Facturation \u00e9lectronique","march\u00e9 de gros","Tunisie"],"articleSection":["National"],"inLanguage":"fr-FR"},{"@type":"WebPage","@id":"https:\/\/www.webdo.tn\/fr\/actualite\/national\/tunisie-vers-la-generalisation-de-la-facturation-electronique-dans-les-marches-de-gros\/382305\/","url":"https:\/\/www.webdo.tn\/fr\/actualite\/national\/tunisie-vers-la-generalisation-de-la-facturation-electronique-dans-les-marches-de-gros\/382305\/","name":"Tunisie : Vers la g\u00e9n\u00e9ralisation de la facturation \u00e9lectronique dans les march\u00e9s de gros - webdo","isPartOf":{"@id":"https:\/\/www.webdo.tn\/fr\/#website"},"primaryImageOfPage":{"@id":"https:\/\/www.webdo.tn\/fr\/actualite\/national\/tunisie-vers-la-generalisation-de-la-facturation-electronique-dans-les-marches-de-gros\/382305\/#primaryimage"},"image":{"@id":"https:\/\/www.webdo.tn\/fr\/actualite\/national\/tunisie-vers-la-generalisation-de-la-facturation-electronique-dans-les-marches-de-gros\/382305\/#primaryimage"},"thumbnailUrl":"https:\/\/www.webdo.tn\/fr\/wp-content\/uploads\/2025\/08\/540733547_1117213353922872_3404065876770613951_n.jpg","datePublished":"2025-08-28T12:34:47+00:00","dateModified":"2025-08-28T12:34:49+00:00","description":"Tunisie : la facturation \u00e9lectronique devient essentielle pour optimiser les march\u00e9s de gros et am\u00e9liorer les transactions commerciales.","breadcrumb":{"@id":"https:\/\/www.webdo.tn\/fr\/actualite\/national\/tunisie-vers-la-generalisation-de-la-facturation-electronique-dans-les-marches-de-gros\/382305\/#breadcrumb"},"inLanguage":"fr-FR","potentialAction":[{"@type":"ReadAction","target":["https:\/\/www.webdo.tn\/fr\/actualite\/national\/tunisie-vers-la-generalisation-de-la-facturation-electronique-dans-les-marches-de-gros\/382305\/"]}]},{"@type":"ImageObject","inLanguage":"fr-FR","@id":"https:\/\/www.webdo.tn\/fr\/actualite\/national\/tunisie-vers-la-generalisation-de-la-facturation-electronique-dans-les-marches-de-gros\/382305\/#primaryimage","url":"https:\/\/www.webdo.tn\/fr\/wp-content\/uploads\/2025\/08\/540733547_1117213353922872_3404065876770613951_n.jpg","contentUrl":"https:\/\/www.webdo.tn\/fr\/wp-content\/uploads\/2025\/08\/540733547_1117213353922872_3404065876770613951_n.jpg","width":720,"height":398,"caption":"Tunisie : Vers la g\u00e9n\u00e9ralisation de la facturation \u00e9lectronique dans les march\u00e9s de gros"},{"@type":"BreadcrumbList","@id":"https:\/\/www.webdo.tn\/fr\/actualite\/national\/tunisie-vers-la-generalisation-de-la-facturation-electronique-dans-les-marches-de-gros\/382305\/#breadcrumb","itemListElement":[{"@type":"ListItem","position":1,"name":"Accueil","item":"https:\/\/www.webdo.tn\/fr\/"},{"@type":"ListItem","position":2,"name":"Tunisie : Vers la g\u00e9n\u00e9ralisation de la facturation \u00e9lectronique dans les march\u00e9s de gros"}]},{"@type":"WebSite","@id":"https:\/\/www.webdo.tn\/fr\/#website","url":"https:\/\/www.webdo.tn\/fr\/","name":"webdo","description":"Tunisie - News en Tunisie et \u00e0 l&#039;international sur Webdo.tn","publisher":{"@id":"https:\/\/www.webdo.tn\/fr\/#organization"},"potentialAction":[{"@type":"SearchAction","target":{"@type":"EntryPoint","urlTemplate":"https:\/\/www.webdo.tn\/fr\/?s={search_term_string}"},"query-input":{"@type":"PropertyValueSpecification","valueRequired":true,"valueName":"search_term_string"}}],"inLanguage":"fr-FR"},{"@type":"Organization","@id":"https:\/\/www.webdo.tn\/fr\/#organization","name":"Webdo","alternateName":"Webdo.tn","url":"https:\/\/www.webdo.tn\/fr\/","logo":{"@type":"ImageObject","inLanguage":"fr-FR","@id":"https:\/\/www.webdo.tn\/fr\/#\/schema\/logo\/image\/","url":"https:\/\/www.webdo.tn\/fr\/wp-content\/uploads\/2025\/06\/Webdo-Tunisie_168377.jpg","contentUrl":"https:\/\/www.webdo.tn\/fr\/wp-content\/uploads\/2025\/06\/Webdo-Tunisie_168377.jpg","width":301,"height":301,"caption":"Webdo"},"image":{"@id":"https:\/\/www.webdo.tn\/fr\/#\/schema\/logo\/image\/"},"sameAs":["https:\/\/www.facebook.com\/webdotn","https:\/\/x.com\/webdo_tn"],"description":"Webdo est un m\u00e9dia num\u00e9rique tunisien fond\u00e9 en 2010, sp\u00e9cialis\u00e9 dans l\u2019actualit\u00e9 nationale et internationale, l\u2019\u00e9conomie, la soci\u00e9t\u00e9 et les analyses politiques. Le site s\u2019adresse \u00e0 un large public francophone et couvre l\u2019information tunisienne en temps r\u00e9el.","email":"redac@webdo.tn","legalName":"YNJ SARL","foundingDate":"2010-09-06","numberOfEmployees":{"@type":"QuantitativeValue","minValue":"11","maxValue":"50"}},{"@type":"Person","@id":"https:\/\/www.webdo.tn\/fr\/#\/schema\/person\/c652cd8fc2b1b44412b5ffb48c5a911d","name":"Mohamed Hedi Touati","image":{"@type":"ImageObject","inLanguage":"fr-FR","@id":"https:\/\/secure.gravatar.com\/avatar\/9cfd402c745b7a685f13eed0ea6e59d2144a3c2fc50a3db6fd5ed451f6cddf1a?s=96&d=mm&r=g","url":"https:\/\/secure.gravatar.com\/avatar\/9cfd402c745b7a685f13eed0ea6e59d2144a3c2fc50a3db6fd5ed451f6cddf1a?s=96&d=mm&r=g","contentUrl":"https:\/\/secure.gravatar.com\/avatar\/9cfd402c745b7a685f13eed0ea6e59d2144a3c2fc50a3db6fd5ed451f6cddf1a?s=96&d=mm&r=g","caption":"Mohamed Hedi Touati"},"url":"https:\/\/www.webdo.tn\/fr\/actualite\/author\/mohamed-hedi-touati\/"}]}},"_links":{"self":[{"href":"https:\/\/www.webdo.tn\/fr\/wp-json\/wp\/v2\/posts\/382305","targetHints":{"allow":["GET"]}}],"collection":[{"href":"https:\/\/www.webdo.tn\/fr\/wp-json\/wp\/v2\/posts"}],"about":[{"href":"https:\/\/www.webdo.tn\/fr\/wp-json\/wp\/v2\/types\/post"}],"author":[{"embeddable":true,"href":"https:\/\/www.webdo.tn\/fr\/wp-json\/wp\/v2\/users\/3191"}],"replies":[{"embeddable":true,"href":"https:\/\/www.webdo.tn\/fr\/wp-json\/wp\/v2\/comments?post=382305"}],"version-history":[{"count":0,"href":"https:\/\/www.webdo.tn\/fr\/wp-json\/wp\/v2\/posts\/382305\/revisions"}],"wp:featuredmedia":[{"embeddable":true,"href":"https:\/\/www.webdo.tn\/fr\/wp-json\/wp\/v2\/media\/382306"}],"wp:attachment":[{"href":"https:\/\/www.webdo.tn\/fr\/wp-json\/wp\/v2\/media?parent=382305"}],"wp:term":[{"taxonomy":"category","embeddable":true,"href":"https:\/\/www.webdo.tn\/fr\/wp-json\/wp\/v2\/categories?post=382305"},{"taxonomy":"post_tag","embeddable":true,"href":"https:\/\/www.webdo.tn\/fr\/wp-json\/wp\/v2\/tags?post=382305"}],"curies":[{"name":"wp","href":"https:\/\/api.w.org\/{rel}","templated":true}]}}