{"id":382272,"date":"2025-08-28T09:37:14","date_gmt":"2025-08-28T08:37:14","guid":{"rendered":"https:\/\/www.webdo.tn\/fr\/?p=382272"},"modified":"2025-08-29T08:13:48","modified_gmt":"2025-08-29T07:13:48","slug":"tunisie-huit-candidats-en-lice-pour-le-batonnat-de-lordre-des-avocats","status":"publish","type":"post","link":"https:\/\/www.webdo.tn\/fr\/actualite\/national\/tunisie-huit-candidats-en-lice-pour-le-batonnat-de-lordre-des-avocats\/382272\/","title":{"rendered":"Tunisie\u00a0: Huit candidats en lice pour le b\u00e2tonnat de l\u2019Ordre des avocats"},"content":{"rendered":"\n<p><strong>L\u2019Ordre national des avocats de Tunisie a valid\u00e9 huit candidatures pour le poste de b\u00e2tonnier. L\u2019\u00e9lection aura lieu les 12 et 13 septembre 2025 \u00e0 la Cit\u00e9 de la Culture \u00e0 Tunis, en marge du congr\u00e8s de la profession. Initialement annonc\u00e9s \u00e0 neuf, les postulants ne sont finalement que huit apr\u00e8s retrait d\u2019un candidat.<\/strong><\/p>\n\n\n\n<p><strong>La liste officielle des candidats<\/strong><\/p>\n\n\n\n<p>L\u2019Ordre des avocats a publi\u00e9 la liste d\u00e9finitive des candidats qui brigueront le poste de b\u00e2tonnier pour le mandat 2025-2028&nbsp;:<\/p>\n\n\n\n<ul class=\"wp-block-list\">\n<li>Me Najla Triki<\/li>\n\n\n\n<li>Me Abderraouf Ayadi<\/li>\n\n\n\n<li>Me Hassen Toukabri<\/li>\n\n\n\n<li>Me Mohamed Hedfi<\/li>\n\n\n\n<li>Me Nidhal Kraiem<\/li>\n\n\n\n<li>Me Mohamed Mahjoub<\/li>\n\n\n\n<li>Me Badreddine Mhiri<\/li>\n\n\n\n<li>Me Boubaker Bethabet<\/li>\n<\/ul>\n\n\n\n<p><strong>Un processus encadr\u00e9 et rigoureux<\/strong><\/p>\n\n\n\n<p>Le d\u00e9p\u00f4t des candidatures a eu lieu d\u00e9but ao\u00fbt. Une premi\u00e8re communication faisait \u00e9tat de neuf postulants, mais le retrait d\u2019un candidat (Abdelwahed Chtioui) ont conduit \u00e0 la liste finale de huit noms. Par ailleurs, 42 avocats se sont port\u00e9s candidats pour int\u00e9grer le Conseil de l\u2019Ordre national des avocats.<\/p>\n\n\n\n<p>Le b\u00e2tonnier sortant, Hatem Mziou, avait rappel\u00e9 que \u00ab la liste d\u00e9finitive des candidatures sera publi\u00e9e apr\u00e8s v\u00e9rification de la conformit\u00e9 des dossiers \u00bb, ce qui explique la correction apport\u00e9e au chiffre initial.<\/p>\n\n\n\n<p><strong>Le rendez-vous de septembre<\/strong><\/p>\n\n\n\n<p>Le Congr\u00e8s national des avocats se tiendra les 12 et 13 septembre 2025 \u00e0 la Cit\u00e9 de la Culture (Tunis). Seuls les avocats en exercice depuis au moins un an auront le droit de vote, tandis que les avocats retrait\u00e9s ou honoraires pourront assister sans participer au scrutin.<\/p>\n\n\n\n<p>Le b\u00e2tonnier et le Conseil de l\u2019Ordre seront renouvel\u00e9s lors de ce congr\u00e8s. Environ 9000 avocats sont attendus aux urnes, avec une participation qui avoisine habituellement les 40%.<\/p>\n\n\n\n<p><\/p>\n\n\n\n<iframe src=\"https:\/\/www.facebook.com\/plugins\/post.php?href=https%3A%2F%2Fwww.facebook.com%2FOrdreNationalDesAvocatsDeTunisie%2Fposts%2Fpfbid0SkR1CFVRUKSiZYWD4UzpS8CtKryNRqeiuppNc58bWreM2iixL5oQ1eLBf7yB4zsml&#038;show_text=true&#038;width=500\" width=\"500\" height=\"498\" style=\"border:none;overflow:hidden\" scrolling=\"no\" frameborder=\"0\" allowfullscreen=\"true\" allow=\"autoplay; clipboard-write; encrypted-media; picture-in-picture; web-share\"><\/iframe>\n\n\n\n<iframe src=\"https:\/\/www.facebook.com\/plugins\/post.php?href=https%3A%2F%2Fwww.facebook.com%2FOrdreNationalDesAvocatsDeTunisie%2Fposts%2Fpfbid02UwCwAKqbsoUYXy2HEaTZvqRbHrxe38NQqcbrP6G8FjJZC4THGSsVdeySLefyPKr4l&#038;show_text=true&#038;width=500\" width=\"500\" height=\"627\" style=\"border:none;overflow:hidden\" scrolling=\"no\" frameborder=\"0\" allowfullscreen=\"true\" allow=\"autoplay; clipboard-write; encrypted-media; picture-in-picture; web-share\"><\/iframe>\n\n\n\n<p><\/p>\n\n\n\n<ul class=\"wp-block-list\">\n<li>Lire aussi : <a href=\"https:\/\/www.webdo.tn\/fr\/actualite\/national\/tunisie-9-candidats-pour-le-poste-de-batonnier-de-lordre-des-avocats\/382032\/\">Tunisie : 9 candidats pour le poste de b\u00e2tonnier de l\u2019Ordre des avocats<\/a><\/li>\n<\/ul>\n","protected":false},"excerpt":{"rendered":"<p>L\u2019Ordre national des avocats de Tunisie a valid\u00e9 huit candidatures pour le poste de b\u00e2tonnier. L\u2019\u00e9lection aura lieu les 12 et 13 septembre 2025 \u00e0 la Cit\u00e9 de la Culture \u00e0 Tunis, en marge du congr\u00e8s de la profession. Initialement annonc\u00e9s \u00e0 neuf, les postulants ne sont finalement que huit apr\u00e8s retrait d\u2019un candidat. La [&hellip;]<\/p>\n","protected":false},"author":3191,"featured_media":382033,"comment_status":"closed","ping_status":"closed","sticky":false,"template":"","format":"standard","meta":{"footnotes":""},"categories":[44],"tags":[4962,12502,6554,3923,5693,3040,2608],"class_list":["post-382272","post","type-post","status-publish","format-standard","has-post-thumbnail","hentry","category-national","tag-avocats","tag-batonnier-2","tag-congres","tag-elections","tag-onat","tag-ordre-des-avocats","tag-tunisie"],"yoast_head":"<!-- This site is optimized with the Yoast SEO Premium plugin v27.4 (Yoast SEO v27.5) - https:\/\/yoast.com\/product\/yoast-seo-premium-wordpress\/ -->\n<title>Tunisie\u00a0: Huit candidats en lice pour le b\u00e2tonnat de l\u2019Ordre des avocats - webdo<\/title>\n<meta name=\"description\" content=\"\u00c9lection du b\u00e2tonnier en Tunisie : huit candidats se disputent le poste lors du congr\u00e8s de la profession en septembre 2025.\" \/>\n<link rel=\"canonical\" href=\"https:\/\/www.webdo.tn\/fr\/actualite\/national\/tunisie-huit-candidats-en-lice-pour-le-batonnat-de-lordre-des-avocats\/382272\/\" \/>\n<meta property=\"og:locale\" content=\"fr_FR\" \/>\n<meta property=\"og:type\" content=\"article\" \/>\n<meta property=\"og:title\" content=\"Tunisie\u00a0: Huit candidats en lice pour le b\u00e2tonnat de l\u2019Ordre des avocats\" \/>\n<meta property=\"og:description\" content=\"\u00c9lection du b\u00e2tonnier en Tunisie : huit candidats se disputent le poste lors du congr\u00e8s de la profession en septembre 2025.\" \/>\n<meta property=\"og:url\" content=\"https:\/\/www.webdo.tn\/fr\/actualite\/national\/tunisie-huit-candidats-en-lice-pour-le-batonnat-de-lordre-des-avocats\/382272\/\" \/>\n<meta property=\"og:site_name\" content=\"webdo\" \/>\n<meta property=\"article:publisher\" content=\"https:\/\/www.facebook.com\/webdotn\" \/>\n<meta property=\"article:published_time\" content=\"2025-08-28T08:37:14+00:00\" \/>\n<meta property=\"article:modified_time\" content=\"2025-08-29T07:13:48+00:00\" \/>\n<meta property=\"og:image\" content=\"https:\/\/www.webdo.tn\/fr\/wp-content\/uploads\/2025\/08\/252297719_248903530607575_1647872153081959492_n.png\" \/>\n\t<meta property=\"og:image:width\" content=\"640\" \/>\n\t<meta property=\"og:image:height\" content=\"405\" \/>\n\t<meta property=\"og:image:type\" content=\"image\/png\" \/>\n<meta name=\"author\" content=\"Mohamed Hedi Touati\" \/>\n<meta name=\"twitter:card\" content=\"summary_large_image\" \/>\n<meta name=\"twitter:creator\" content=\"@webdo_tn\" \/>\n<meta name=\"twitter:site\" content=\"@webdo_tn\" \/>\n<meta name=\"twitter:label1\" content=\"\u00c9crit par\" \/>\n\t<meta name=\"twitter:data1\" content=\"Mohamed Hedi Touati\" \/>\n\t<meta name=\"twitter:label2\" content=\"Dur\u00e9e de lecture estim\u00e9e\" \/>\n\t<meta name=\"twitter:data2\" content=\"2 minutes\" \/>\n<script type=\"application\/ld+json\" class=\"yoast-schema-graph\">{\"@context\":\"https:\\\/\\\/schema.org\",\"@graph\":[{\"@type\":\"NewsArticle\",\"@id\":\"https:\\\/\\\/www.webdo.tn\\\/fr\\\/actualite\\\/national\\\/tunisie-huit-candidats-en-lice-pour-le-batonnat-de-lordre-des-avocats\\\/382272\\\/#article\",\"isPartOf\":{\"@id\":\"https:\\\/\\\/www.webdo.tn\\\/fr\\\/actualite\\\/national\\\/tunisie-huit-candidats-en-lice-pour-le-batonnat-de-lordre-des-avocats\\\/382272\\\/\"},\"author\":{\"name\":\"Mohamed Hedi Touati\",\"@id\":\"https:\\\/\\\/www.webdo.tn\\\/fr\\\/#\\\/schema\\\/person\\\/c652cd8fc2b1b44412b5ffb48c5a911d\"},\"headline\":\"Tunisie\u00a0: Huit candidats en lice pour le b\u00e2tonnat de l\u2019Ordre des avocats\",\"datePublished\":\"2025-08-28T08:37:14+00:00\",\"dateModified\":\"2025-08-29T07:13:48+00:00\",\"mainEntityOfPage\":{\"@id\":\"https:\\\/\\\/www.webdo.tn\\\/fr\\\/actualite\\\/national\\\/tunisie-huit-candidats-en-lice-pour-le-batonnat-de-lordre-des-avocats\\\/382272\\\/\"},\"wordCount\":316,\"publisher\":{\"@id\":\"https:\\\/\\\/www.webdo.tn\\\/fr\\\/#organization\"},\"image\":{\"@id\":\"https:\\\/\\\/www.webdo.tn\\\/fr\\\/actualite\\\/national\\\/tunisie-huit-candidats-en-lice-pour-le-batonnat-de-lordre-des-avocats\\\/382272\\\/#primaryimage\"},\"thumbnailUrl\":\"https:\\\/\\\/www.webdo.tn\\\/fr\\\/wp-content\\\/uploads\\\/2025\\\/08\\\/252297719_248903530607575_1647872153081959492_n.png\",\"keywords\":[\"avocats\",\"b\u00e2tonnier\",\"Congr\u00e8s\",\"\u00e9lections\",\"onat\",\"Ordre des avocats\",\"Tunisie\"],\"articleSection\":[\"National\"],\"inLanguage\":\"fr-FR\"},{\"@type\":\"WebPage\",\"@id\":\"https:\\\/\\\/www.webdo.tn\\\/fr\\\/actualite\\\/national\\\/tunisie-huit-candidats-en-lice-pour-le-batonnat-de-lordre-des-avocats\\\/382272\\\/\",\"url\":\"https:\\\/\\\/www.webdo.tn\\\/fr\\\/actualite\\\/national\\\/tunisie-huit-candidats-en-lice-pour-le-batonnat-de-lordre-des-avocats\\\/382272\\\/\",\"name\":\"Tunisie\u00a0: Huit candidats en lice pour le b\u00e2tonnat de l\u2019Ordre des avocats - webdo\",\"isPartOf\":{\"@id\":\"https:\\\/\\\/www.webdo.tn\\\/fr\\\/#website\"},\"primaryImageOfPage\":{\"@id\":\"https:\\\/\\\/www.webdo.tn\\\/fr\\\/actualite\\\/national\\\/tunisie-huit-candidats-en-lice-pour-le-batonnat-de-lordre-des-avocats\\\/382272\\\/#primaryimage\"},\"image\":{\"@id\":\"https:\\\/\\\/www.webdo.tn\\\/fr\\\/actualite\\\/national\\\/tunisie-huit-candidats-en-lice-pour-le-batonnat-de-lordre-des-avocats\\\/382272\\\/#primaryimage\"},\"thumbnailUrl\":\"https:\\\/\\\/www.webdo.tn\\\/fr\\\/wp-content\\\/uploads\\\/2025\\\/08\\\/252297719_248903530607575_1647872153081959492_n.png\",\"datePublished\":\"2025-08-28T08:37:14+00:00\",\"dateModified\":\"2025-08-29T07:13:48+00:00\",\"description\":\"\u00c9lection du b\u00e2tonnier en Tunisie : huit candidats se disputent le poste lors du congr\u00e8s de la profession en septembre 2025.\",\"breadcrumb\":{\"@id\":\"https:\\\/\\\/www.webdo.tn\\\/fr\\\/actualite\\\/national\\\/tunisie-huit-candidats-en-lice-pour-le-batonnat-de-lordre-des-avocats\\\/382272\\\/#breadcrumb\"},\"inLanguage\":\"fr-FR\",\"potentialAction\":[{\"@type\":\"ReadAction\",\"target\":[\"https:\\\/\\\/www.webdo.tn\\\/fr\\\/actualite\\\/national\\\/tunisie-huit-candidats-en-lice-pour-le-batonnat-de-lordre-des-avocats\\\/382272\\\/\"]}]},{\"@type\":\"ImageObject\",\"inLanguage\":\"fr-FR\",\"@id\":\"https:\\\/\\\/www.webdo.tn\\\/fr\\\/actualite\\\/national\\\/tunisie-huit-candidats-en-lice-pour-le-batonnat-de-lordre-des-avocats\\\/382272\\\/#primaryimage\",\"url\":\"https:\\\/\\\/www.webdo.tn\\\/fr\\\/wp-content\\\/uploads\\\/2025\\\/08\\\/252297719_248903530607575_1647872153081959492_n.png\",\"contentUrl\":\"https:\\\/\\\/www.webdo.tn\\\/fr\\\/wp-content\\\/uploads\\\/2025\\\/08\\\/252297719_248903530607575_1647872153081959492_n.png\",\"width\":640,\"height\":405,\"caption\":\"Tunisie\u00a0: Huit candidats en lice pour le b\u00e2tonnat de l\u2019Ordre des avocats\"},{\"@type\":\"BreadcrumbList\",\"@id\":\"https:\\\/\\\/www.webdo.tn\\\/fr\\\/actualite\\\/national\\\/tunisie-huit-candidats-en-lice-pour-le-batonnat-de-lordre-des-avocats\\\/382272\\\/#breadcrumb\",\"itemListElement\":[{\"@type\":\"ListItem\",\"position\":1,\"name\":\"Accueil\",\"item\":\"https:\\\/\\\/www.webdo.tn\\\/fr\\\/\"},{\"@type\":\"ListItem\",\"position\":2,\"name\":\"Tunisie\u00a0: Huit candidats en lice pour le b\u00e2tonnat de l\u2019Ordre des avocats\"}]},{\"@type\":\"WebSite\",\"@id\":\"https:\\\/\\\/www.webdo.tn\\\/fr\\\/#website\",\"url\":\"https:\\\/\\\/www.webdo.tn\\\/fr\\\/\",\"name\":\"webdo\",\"description\":\"Tunisie - News en Tunisie et \u00e0 l&#039;international sur Webdo.tn\",\"publisher\":{\"@id\":\"https:\\\/\\\/www.webdo.tn\\\/fr\\\/#organization\"},\"potentialAction\":[{\"@type\":\"SearchAction\",\"target\":{\"@type\":\"EntryPoint\",\"urlTemplate\":\"https:\\\/\\\/www.webdo.tn\\\/fr\\\/?s={search_term_string}\"},\"query-input\":{\"@type\":\"PropertyValueSpecification\",\"valueRequired\":true,\"valueName\":\"search_term_string\"}}],\"inLanguage\":\"fr-FR\"},{\"@type\":\"Organization\",\"@id\":\"https:\\\/\\\/www.webdo.tn\\\/fr\\\/#organization\",\"name\":\"Webdo\",\"alternateName\":\"Webdo.tn\",\"url\":\"https:\\\/\\\/www.webdo.tn\\\/fr\\\/\",\"logo\":{\"@type\":\"ImageObject\",\"inLanguage\":\"fr-FR\",\"@id\":\"https:\\\/\\\/www.webdo.tn\\\/fr\\\/#\\\/schema\\\/logo\\\/image\\\/\",\"url\":\"https:\\\/\\\/www.webdo.tn\\\/fr\\\/wp-content\\\/uploads\\\/2025\\\/06\\\/Webdo-Tunisie_168377.jpg\",\"contentUrl\":\"https:\\\/\\\/www.webdo.tn\\\/fr\\\/wp-content\\\/uploads\\\/2025\\\/06\\\/Webdo-Tunisie_168377.jpg\",\"width\":301,\"height\":301,\"caption\":\"Webdo\"},\"image\":{\"@id\":\"https:\\\/\\\/www.webdo.tn\\\/fr\\\/#\\\/schema\\\/logo\\\/image\\\/\"},\"sameAs\":[\"https:\\\/\\\/www.facebook.com\\\/webdotn\",\"https:\\\/\\\/x.com\\\/webdo_tn\"],\"description\":\"Webdo est un m\u00e9dia num\u00e9rique tunisien fond\u00e9 en 2010, sp\u00e9cialis\u00e9 dans l\u2019actualit\u00e9 nationale et internationale, l\u2019\u00e9conomie, la soci\u00e9t\u00e9 et les analyses politiques. Le site s\u2019adresse \u00e0 un large public francophone et couvre l\u2019information tunisienne en temps r\u00e9el.\",\"email\":\"redac@webdo.tn\",\"legalName\":\"YNJ SARL\",\"foundingDate\":\"2010-09-06\",\"numberOfEmployees\":{\"@type\":\"QuantitativeValue\",\"minValue\":\"11\",\"maxValue\":\"50\"}},{\"@type\":\"Person\",\"@id\":\"https:\\\/\\\/www.webdo.tn\\\/fr\\\/#\\\/schema\\\/person\\\/c652cd8fc2b1b44412b5ffb48c5a911d\",\"name\":\"Mohamed Hedi Touati\",\"image\":{\"@type\":\"ImageObject\",\"inLanguage\":\"fr-FR\",\"@id\":\"https:\\\/\\\/secure.gravatar.com\\\/avatar\\\/9cfd402c745b7a685f13eed0ea6e59d2144a3c2fc50a3db6fd5ed451f6cddf1a?s=96&d=mm&r=g\",\"url\":\"https:\\\/\\\/secure.gravatar.com\\\/avatar\\\/9cfd402c745b7a685f13eed0ea6e59d2144a3c2fc50a3db6fd5ed451f6cddf1a?s=96&d=mm&r=g\",\"contentUrl\":\"https:\\\/\\\/secure.gravatar.com\\\/avatar\\\/9cfd402c745b7a685f13eed0ea6e59d2144a3c2fc50a3db6fd5ed451f6cddf1a?s=96&d=mm&r=g\",\"caption\":\"Mohamed Hedi Touati\"},\"url\":\"https:\\\/\\\/www.webdo.tn\\\/fr\\\/actualite\\\/author\\\/mohamed-hedi-touati\\\/\"}]}<\/script>\n<!-- \/ Yoast SEO Premium plugin. -->","yoast_head_json":{"title":"Tunisie\u00a0: Huit candidats en lice pour le b\u00e2tonnat de l\u2019Ordre des avocats - webdo","description":"\u00c9lection du b\u00e2tonnier en Tunisie : huit candidats se disputent le poste lors du congr\u00e8s de la profession en septembre 2025.","canonical":"https:\/\/www.webdo.tn\/fr\/actualite\/national\/tunisie-huit-candidats-en-lice-pour-le-batonnat-de-lordre-des-avocats\/382272\/","og_locale":"fr_FR","og_type":"article","og_title":"Tunisie\u00a0: Huit candidats en lice pour le b\u00e2tonnat de l\u2019Ordre des avocats","og_description":"\u00c9lection du b\u00e2tonnier en Tunisie : huit candidats se disputent le poste lors du congr\u00e8s de la profession en septembre 2025.","og_url":"https:\/\/www.webdo.tn\/fr\/actualite\/national\/tunisie-huit-candidats-en-lice-pour-le-batonnat-de-lordre-des-avocats\/382272\/","og_site_name":"webdo","article_publisher":"https:\/\/www.facebook.com\/webdotn","article_published_time":"2025-08-28T08:37:14+00:00","article_modified_time":"2025-08-29T07:13:48+00:00","og_image":[{"width":640,"height":405,"url":"https:\/\/www.webdo.tn\/fr\/wp-content\/uploads\/2025\/08\/252297719_248903530607575_1647872153081959492_n.png","type":"image\/png"}],"author":"Mohamed Hedi Touati","twitter_card":"summary_large_image","twitter_creator":"@webdo_tn","twitter_site":"@webdo_tn","twitter_misc":{"\u00c9crit par":"Mohamed Hedi Touati","Dur\u00e9e de lecture estim\u00e9e":"2 minutes"},"schema":{"@context":"https:\/\/schema.org","@graph":[{"@type":"NewsArticle","@id":"https:\/\/www.webdo.tn\/fr\/actualite\/national\/tunisie-huit-candidats-en-lice-pour-le-batonnat-de-lordre-des-avocats\/382272\/#article","isPartOf":{"@id":"https:\/\/www.webdo.tn\/fr\/actualite\/national\/tunisie-huit-candidats-en-lice-pour-le-batonnat-de-lordre-des-avocats\/382272\/"},"author":{"name":"Mohamed Hedi Touati","@id":"https:\/\/www.webdo.tn\/fr\/#\/schema\/person\/c652cd8fc2b1b44412b5ffb48c5a911d"},"headline":"Tunisie\u00a0: Huit candidats en lice pour le b\u00e2tonnat de l\u2019Ordre des avocats","datePublished":"2025-08-28T08:37:14+00:00","dateModified":"2025-08-29T07:13:48+00:00","mainEntityOfPage":{"@id":"https:\/\/www.webdo.tn\/fr\/actualite\/national\/tunisie-huit-candidats-en-lice-pour-le-batonnat-de-lordre-des-avocats\/382272\/"},"wordCount":316,"publisher":{"@id":"https:\/\/www.webdo.tn\/fr\/#organization"},"image":{"@id":"https:\/\/www.webdo.tn\/fr\/actualite\/national\/tunisie-huit-candidats-en-lice-pour-le-batonnat-de-lordre-des-avocats\/382272\/#primaryimage"},"thumbnailUrl":"https:\/\/www.webdo.tn\/fr\/wp-content\/uploads\/2025\/08\/252297719_248903530607575_1647872153081959492_n.png","keywords":["avocats","b\u00e2tonnier","Congr\u00e8s","\u00e9lections","onat","Ordre des avocats","Tunisie"],"articleSection":["National"],"inLanguage":"fr-FR"},{"@type":"WebPage","@id":"https:\/\/www.webdo.tn\/fr\/actualite\/national\/tunisie-huit-candidats-en-lice-pour-le-batonnat-de-lordre-des-avocats\/382272\/","url":"https:\/\/www.webdo.tn\/fr\/actualite\/national\/tunisie-huit-candidats-en-lice-pour-le-batonnat-de-lordre-des-avocats\/382272\/","name":"Tunisie\u00a0: Huit candidats en lice pour le b\u00e2tonnat de l\u2019Ordre des avocats - webdo","isPartOf":{"@id":"https:\/\/www.webdo.tn\/fr\/#website"},"primaryImageOfPage":{"@id":"https:\/\/www.webdo.tn\/fr\/actualite\/national\/tunisie-huit-candidats-en-lice-pour-le-batonnat-de-lordre-des-avocats\/382272\/#primaryimage"},"image":{"@id":"https:\/\/www.webdo.tn\/fr\/actualite\/national\/tunisie-huit-candidats-en-lice-pour-le-batonnat-de-lordre-des-avocats\/382272\/#primaryimage"},"thumbnailUrl":"https:\/\/www.webdo.tn\/fr\/wp-content\/uploads\/2025\/08\/252297719_248903530607575_1647872153081959492_n.png","datePublished":"2025-08-28T08:37:14+00:00","dateModified":"2025-08-29T07:13:48+00:00","description":"\u00c9lection du b\u00e2tonnier en Tunisie : huit candidats se disputent le poste lors du congr\u00e8s de la profession en septembre 2025.","breadcrumb":{"@id":"https:\/\/www.webdo.tn\/fr\/actualite\/national\/tunisie-huit-candidats-en-lice-pour-le-batonnat-de-lordre-des-avocats\/382272\/#breadcrumb"},"inLanguage":"fr-FR","potentialAction":[{"@type":"ReadAction","target":["https:\/\/www.webdo.tn\/fr\/actualite\/national\/tunisie-huit-candidats-en-lice-pour-le-batonnat-de-lordre-des-avocats\/382272\/"]}]},{"@type":"ImageObject","inLanguage":"fr-FR","@id":"https:\/\/www.webdo.tn\/fr\/actualite\/national\/tunisie-huit-candidats-en-lice-pour-le-batonnat-de-lordre-des-avocats\/382272\/#primaryimage","url":"https:\/\/www.webdo.tn\/fr\/wp-content\/uploads\/2025\/08\/252297719_248903530607575_1647872153081959492_n.png","contentUrl":"https:\/\/www.webdo.tn\/fr\/wp-content\/uploads\/2025\/08\/252297719_248903530607575_1647872153081959492_n.png","width":640,"height":405,"caption":"Tunisie\u00a0: Huit candidats en lice pour le b\u00e2tonnat de l\u2019Ordre des avocats"},{"@type":"BreadcrumbList","@id":"https:\/\/www.webdo.tn\/fr\/actualite\/national\/tunisie-huit-candidats-en-lice-pour-le-batonnat-de-lordre-des-avocats\/382272\/#breadcrumb","itemListElement":[{"@type":"ListItem","position":1,"name":"Accueil","item":"https:\/\/www.webdo.tn\/fr\/"},{"@type":"ListItem","position":2,"name":"Tunisie\u00a0: Huit candidats en lice pour le b\u00e2tonnat de l\u2019Ordre des avocats"}]},{"@type":"WebSite","@id":"https:\/\/www.webdo.tn\/fr\/#website","url":"https:\/\/www.webdo.tn\/fr\/","name":"webdo","description":"Tunisie - News en Tunisie et \u00e0 l&#039;international sur Webdo.tn","publisher":{"@id":"https:\/\/www.webdo.tn\/fr\/#organization"},"potentialAction":[{"@type":"SearchAction","target":{"@type":"EntryPoint","urlTemplate":"https:\/\/www.webdo.tn\/fr\/?s={search_term_string}"},"query-input":{"@type":"PropertyValueSpecification","valueRequired":true,"valueName":"search_term_string"}}],"inLanguage":"fr-FR"},{"@type":"Organization","@id":"https:\/\/www.webdo.tn\/fr\/#organization","name":"Webdo","alternateName":"Webdo.tn","url":"https:\/\/www.webdo.tn\/fr\/","logo":{"@type":"ImageObject","inLanguage":"fr-FR","@id":"https:\/\/www.webdo.tn\/fr\/#\/schema\/logo\/image\/","url":"https:\/\/www.webdo.tn\/fr\/wp-content\/uploads\/2025\/06\/Webdo-Tunisie_168377.jpg","contentUrl":"https:\/\/www.webdo.tn\/fr\/wp-content\/uploads\/2025\/06\/Webdo-Tunisie_168377.jpg","width":301,"height":301,"caption":"Webdo"},"image":{"@id":"https:\/\/www.webdo.tn\/fr\/#\/schema\/logo\/image\/"},"sameAs":["https:\/\/www.facebook.com\/webdotn","https:\/\/x.com\/webdo_tn"],"description":"Webdo est un m\u00e9dia num\u00e9rique tunisien fond\u00e9 en 2010, sp\u00e9cialis\u00e9 dans l\u2019actualit\u00e9 nationale et internationale, l\u2019\u00e9conomie, la soci\u00e9t\u00e9 et les analyses politiques. Le site s\u2019adresse \u00e0 un large public francophone et couvre l\u2019information tunisienne en temps r\u00e9el.","email":"redac@webdo.tn","legalName":"YNJ SARL","foundingDate":"2010-09-06","numberOfEmployees":{"@type":"QuantitativeValue","minValue":"11","maxValue":"50"}},{"@type":"Person","@id":"https:\/\/www.webdo.tn\/fr\/#\/schema\/person\/c652cd8fc2b1b44412b5ffb48c5a911d","name":"Mohamed Hedi Touati","image":{"@type":"ImageObject","inLanguage":"fr-FR","@id":"https:\/\/secure.gravatar.com\/avatar\/9cfd402c745b7a685f13eed0ea6e59d2144a3c2fc50a3db6fd5ed451f6cddf1a?s=96&d=mm&r=g","url":"https:\/\/secure.gravatar.com\/avatar\/9cfd402c745b7a685f13eed0ea6e59d2144a3c2fc50a3db6fd5ed451f6cddf1a?s=96&d=mm&r=g","contentUrl":"https:\/\/secure.gravatar.com\/avatar\/9cfd402c745b7a685f13eed0ea6e59d2144a3c2fc50a3db6fd5ed451f6cddf1a?s=96&d=mm&r=g","caption":"Mohamed Hedi Touati"},"url":"https:\/\/www.webdo.tn\/fr\/actualite\/author\/mohamed-hedi-touati\/"}]}},"_links":{"self":[{"href":"https:\/\/www.webdo.tn\/fr\/wp-json\/wp\/v2\/posts\/382272","targetHints":{"allow":["GET"]}}],"collection":[{"href":"https:\/\/www.webdo.tn\/fr\/wp-json\/wp\/v2\/posts"}],"about":[{"href":"https:\/\/www.webdo.tn\/fr\/wp-json\/wp\/v2\/types\/post"}],"author":[{"embeddable":true,"href":"https:\/\/www.webdo.tn\/fr\/wp-json\/wp\/v2\/users\/3191"}],"replies":[{"embeddable":true,"href":"https:\/\/www.webdo.tn\/fr\/wp-json\/wp\/v2\/comments?post=382272"}],"version-history":[{"count":0,"href":"https:\/\/www.webdo.tn\/fr\/wp-json\/wp\/v2\/posts\/382272\/revisions"}],"wp:featuredmedia":[{"embeddable":true,"href":"https:\/\/www.webdo.tn\/fr\/wp-json\/wp\/v2\/media\/382033"}],"wp:attachment":[{"href":"https:\/\/www.webdo.tn\/fr\/wp-json\/wp\/v2\/media?parent=382272"}],"wp:term":[{"taxonomy":"category","embeddable":true,"href":"https:\/\/www.webdo.tn\/fr\/wp-json\/wp\/v2\/categories?post=382272"},{"taxonomy":"post_tag","embeddable":true,"href":"https:\/\/www.webdo.tn\/fr\/wp-json\/wp\/v2\/tags?post=382272"}],"curies":[{"name":"wp","href":"https:\/\/api.w.org\/{rel}","templated":true}]}}