{"id":382163,"date":"2025-08-26T19:48:24","date_gmt":"2025-08-26T18:48:24","guid":{"rendered":"https:\/\/www.webdo.tn\/fr\/?p=382163"},"modified":"2025-08-27T06:47:02","modified_gmt":"2025-08-27T05:47:02","slug":"tunisie-orages-attendus-cette-nuit-au-nord-et-au-centre-chaleur-tenace-au-sud","status":"publish","type":"post","link":"https:\/\/www.webdo.tn\/fr\/actualite\/national\/tunisie-orages-attendus-cette-nuit-au-nord-et-au-centre-chaleur-tenace-au-sud\/382163\/","title":{"rendered":"Tunisie\u00a0: Orages attendus cette nuit au nord et au centre, chaleur tenace au sud"},"content":{"rendered":"\n<p><strong>La soir\u00e9e du mardi 26 ao\u00fbt 2025 sera marqu\u00e9e par des orages et des pluies sur plusieurs r\u00e9gions du pays, avant un retour \u00e0 un ciel partiellement nuageux. Les temp\u00e9ratures resteront \u00e9lev\u00e9es, notamment dans le sud, o\u00f9 elles atteindront jusqu\u2019\u00e0 34\u00b0C la nuit.<\/strong><\/p>\n\n\n\n<p><strong>Des orages et pluies localis\u00e9s en d\u00e9but de nuit<\/strong><\/p>\n\n\n\n<p>Selon l\u2019Institut national de la m\u00e9t\u00e9orologie (INM), l\u2019activit\u00e9 orageuse se maintiendra ce soir dans le centre et les r\u00e9gions ouest du nord. Ces orages s\u2019accompagneront de pluies, avant que le ciel ne devienne partiellement nuageux sur l\u2019ensemble du territoire.<\/p>\n\n\n\n<p><strong>Des vents forts sous les cellules orageuses<\/strong><\/p>\n\n\n\n<p>Les vents souffleront du secteur sud sur le nord et le centre, et du secteur est sur le sud. Ils seront relativement forts pr\u00e8s des c\u00f4tes et dans le sud, plus faibles ailleurs. En cas d\u2019orage, des rafales pourraient d\u00e9passer 70 km\/h. La mer sera peu agit\u00e9e \u00e0 agit\u00e9e.<\/p>\n\n\n\n<p><strong>Des nuits toujours chaudes<\/strong><\/p>\n\n\n\n<p>Les temp\u00e9ratures nocturnes resteront \u00e9lev\u00e9es : entre 24 et 28\u00b0C sur les hauteurs, entre 28 et 32\u00b0C dans la plupart des autres r\u00e9gions, jusqu\u2019\u00e0 34\u00b0C \u00e0 l\u2019extr\u00eame sud.<\/p>\n\n\n\n<p><\/p>\n\n\n\n<iframe src=\"https:\/\/www.facebook.com\/plugins\/post.php?href=https%3A%2F%2Fwww.facebook.com%2FInstitut.National.Meteorologie%2Fposts%2Fpfbid0FEhjrfm9jrRcy6vU7vosZQMz32pBPpR5m1mTTYPeSHSPM6spPbTYA2trKkvzjHvcl&#038;show_text=true&#038;width=500\" width=\"500\" height=\"711\" style=\"border:none;overflow:hidden\" scrolling=\"no\" frameborder=\"0\" allowfullscreen=\"true\" allow=\"autoplay; clipboard-write; encrypted-media; picture-in-picture; web-share\"><\/iframe>\n\n\n\n<ul class=\"wp-block-list\">\n<li>Lire aussi : <a href=\"https:\/\/www.webdo.tn\/fr\/actualite\/national\/tunisie-orages-averses-isolees-et-chaleur-etouffante-ce-mardi\/382086\/\">Tunisie : Orages, averses isol\u00e9es et chaleur \u00e9touffante ce mardi<\/a><\/li>\n<\/ul>\n","protected":false},"excerpt":{"rendered":"<p>La soir\u00e9e du mardi 26 ao\u00fbt 2025 sera marqu\u00e9e par des orages et des pluies sur plusieurs r\u00e9gions du pays, avant un retour \u00e0 un ciel partiellement nuageux. Les temp\u00e9ratures resteront \u00e9lev\u00e9es, notamment dans le sud, o\u00f9 elles atteindront jusqu\u2019\u00e0 34\u00b0C la nuit. Des orages et pluies localis\u00e9s en d\u00e9but de nuit Selon l\u2019Institut national [&hellip;]<\/p>\n","protected":false},"author":3191,"featured_media":366078,"comment_status":"closed","ping_status":"closed","sticky":false,"template":"","format":"standard","meta":{"footnotes":""},"categories":[44],"tags":[3319,2670,2795,2671,2608],"class_list":["post-382163","post","type-post","status-publish","format-standard","has-post-thumbnail","hentry","category-national","tag-chaleur","tag-meteo","tag-orages","tag-pluie","tag-tunisie"],"yoast_head":"<!-- This site is optimized with the Yoast SEO Premium plugin v27.4 (Yoast SEO v27.5) - https:\/\/yoast.com\/product\/yoast-seo-premium-wordpress\/ -->\n<title>Tunisie\u00a0: Orages attendus cette nuit au nord et au centre, chaleur tenace au sud - webdo<\/title>\n<meta name=\"description\" content=\"Informez-vous sur les orages attendus et la chaleur tenace au sud. Pr\u00e9parez-vous pour des nuits chaudes et orageuses.\" \/>\n<link rel=\"canonical\" href=\"https:\/\/www.webdo.tn\/fr\/actualite\/national\/tunisie-orages-attendus-cette-nuit-au-nord-et-au-centre-chaleur-tenace-au-sud\/382163\/\" \/>\n<meta property=\"og:locale\" content=\"fr_FR\" \/>\n<meta property=\"og:type\" content=\"article\" \/>\n<meta property=\"og:title\" content=\"Tunisie\u00a0: Orages attendus cette nuit au nord et au centre, chaleur tenace au sud\" \/>\n<meta property=\"og:description\" content=\"Informez-vous sur les orages attendus et la chaleur tenace au sud. Pr\u00e9parez-vous pour des nuits chaudes et orageuses.\" \/>\n<meta property=\"og:url\" content=\"https:\/\/www.webdo.tn\/fr\/actualite\/national\/tunisie-orages-attendus-cette-nuit-au-nord-et-au-centre-chaleur-tenace-au-sud\/382163\/\" \/>\n<meta property=\"og:site_name\" content=\"webdo\" \/>\n<meta property=\"article:publisher\" content=\"https:\/\/www.facebook.com\/webdotn\" \/>\n<meta property=\"article:published_time\" content=\"2025-08-26T18:48:24+00:00\" \/>\n<meta property=\"article:modified_time\" content=\"2025-08-27T05:47:02+00:00\" \/>\n<meta property=\"og:image\" content=\"https:\/\/www.webdo.tn\/fr\/wp-content\/uploads\/2025\/05\/599bf6da09ad17c483f91d3f64429d7d.webp\" \/>\n\t<meta property=\"og:image:width\" content=\"750\" \/>\n\t<meta property=\"og:image:height\" content=\"400\" \/>\n\t<meta property=\"og:image:type\" content=\"image\/webp\" \/>\n<meta name=\"author\" content=\"Mohamed Hedi Touati\" \/>\n<meta name=\"twitter:card\" content=\"summary_large_image\" \/>\n<meta name=\"twitter:creator\" content=\"@webdo_tn\" \/>\n<meta name=\"twitter:site\" content=\"@webdo_tn\" \/>\n<meta name=\"twitter:label1\" content=\"\u00c9crit par\" \/>\n\t<meta name=\"twitter:data1\" content=\"Mohamed Hedi Touati\" \/>\n\t<meta name=\"twitter:label2\" content=\"Dur\u00e9e de lecture estim\u00e9e\" \/>\n\t<meta name=\"twitter:data2\" content=\"2 minutes\" \/>\n<script type=\"application\/ld+json\" class=\"yoast-schema-graph\">{\"@context\":\"https:\\\/\\\/schema.org\",\"@graph\":[{\"@type\":\"NewsArticle\",\"@id\":\"https:\\\/\\\/www.webdo.tn\\\/fr\\\/actualite\\\/national\\\/tunisie-orages-attendus-cette-nuit-au-nord-et-au-centre-chaleur-tenace-au-sud\\\/382163\\\/#article\",\"isPartOf\":{\"@id\":\"https:\\\/\\\/www.webdo.tn\\\/fr\\\/actualite\\\/national\\\/tunisie-orages-attendus-cette-nuit-au-nord-et-au-centre-chaleur-tenace-au-sud\\\/382163\\\/\"},\"author\":{\"name\":\"Mohamed Hedi Touati\",\"@id\":\"https:\\\/\\\/www.webdo.tn\\\/fr\\\/#\\\/schema\\\/person\\\/c652cd8fc2b1b44412b5ffb48c5a911d\"},\"headline\":\"Tunisie\u00a0: Orages attendus cette nuit au nord et au centre, chaleur tenace au sud\",\"datePublished\":\"2025-08-26T18:48:24+00:00\",\"dateModified\":\"2025-08-27T05:47:02+00:00\",\"mainEntityOfPage\":{\"@id\":\"https:\\\/\\\/www.webdo.tn\\\/fr\\\/actualite\\\/national\\\/tunisie-orages-attendus-cette-nuit-au-nord-et-au-centre-chaleur-tenace-au-sud\\\/382163\\\/\"},\"wordCount\":223,\"publisher\":{\"@id\":\"https:\\\/\\\/www.webdo.tn\\\/fr\\\/#organization\"},\"image\":{\"@id\":\"https:\\\/\\\/www.webdo.tn\\\/fr\\\/actualite\\\/national\\\/tunisie-orages-attendus-cette-nuit-au-nord-et-au-centre-chaleur-tenace-au-sud\\\/382163\\\/#primaryimage\"},\"thumbnailUrl\":\"https:\\\/\\\/www.webdo.tn\\\/fr\\\/wp-content\\\/uploads\\\/2025\\\/05\\\/599bf6da09ad17c483f91d3f64429d7d-e1757492333242.webp\",\"keywords\":[\"chaleur\",\"m\u00e9t\u00e9o\",\"Orages\",\"Pluie\",\"Tunisie\"],\"articleSection\":[\"National\"],\"inLanguage\":\"fr-FR\"},{\"@type\":\"WebPage\",\"@id\":\"https:\\\/\\\/www.webdo.tn\\\/fr\\\/actualite\\\/national\\\/tunisie-orages-attendus-cette-nuit-au-nord-et-au-centre-chaleur-tenace-au-sud\\\/382163\\\/\",\"url\":\"https:\\\/\\\/www.webdo.tn\\\/fr\\\/actualite\\\/national\\\/tunisie-orages-attendus-cette-nuit-au-nord-et-au-centre-chaleur-tenace-au-sud\\\/382163\\\/\",\"name\":\"Tunisie\u00a0: Orages attendus cette nuit au nord et au centre, chaleur tenace au sud - webdo\",\"isPartOf\":{\"@id\":\"https:\\\/\\\/www.webdo.tn\\\/fr\\\/#website\"},\"primaryImageOfPage\":{\"@id\":\"https:\\\/\\\/www.webdo.tn\\\/fr\\\/actualite\\\/national\\\/tunisie-orages-attendus-cette-nuit-au-nord-et-au-centre-chaleur-tenace-au-sud\\\/382163\\\/#primaryimage\"},\"image\":{\"@id\":\"https:\\\/\\\/www.webdo.tn\\\/fr\\\/actualite\\\/national\\\/tunisie-orages-attendus-cette-nuit-au-nord-et-au-centre-chaleur-tenace-au-sud\\\/382163\\\/#primaryimage\"},\"thumbnailUrl\":\"https:\\\/\\\/www.webdo.tn\\\/fr\\\/wp-content\\\/uploads\\\/2025\\\/05\\\/599bf6da09ad17c483f91d3f64429d7d-e1757492333242.webp\",\"datePublished\":\"2025-08-26T18:48:24+00:00\",\"dateModified\":\"2025-08-27T05:47:02+00:00\",\"description\":\"Informez-vous sur les orages attendus et la chaleur tenace au sud. Pr\u00e9parez-vous pour des nuits chaudes et orageuses.\",\"breadcrumb\":{\"@id\":\"https:\\\/\\\/www.webdo.tn\\\/fr\\\/actualite\\\/national\\\/tunisie-orages-attendus-cette-nuit-au-nord-et-au-centre-chaleur-tenace-au-sud\\\/382163\\\/#breadcrumb\"},\"inLanguage\":\"fr-FR\",\"potentialAction\":[{\"@type\":\"ReadAction\",\"target\":[\"https:\\\/\\\/www.webdo.tn\\\/fr\\\/actualite\\\/national\\\/tunisie-orages-attendus-cette-nuit-au-nord-et-au-centre-chaleur-tenace-au-sud\\\/382163\\\/\"]}]},{\"@type\":\"ImageObject\",\"inLanguage\":\"fr-FR\",\"@id\":\"https:\\\/\\\/www.webdo.tn\\\/fr\\\/actualite\\\/national\\\/tunisie-orages-attendus-cette-nuit-au-nord-et-au-centre-chaleur-tenace-au-sud\\\/382163\\\/#primaryimage\",\"url\":\"https:\\\/\\\/www.webdo.tn\\\/fr\\\/wp-content\\\/uploads\\\/2025\\\/05\\\/599bf6da09ad17c483f91d3f64429d7d-e1757492333242.webp\",\"contentUrl\":\"https:\\\/\\\/www.webdo.tn\\\/fr\\\/wp-content\\\/uploads\\\/2025\\\/05\\\/599bf6da09ad17c483f91d3f64429d7d-e1757492333242.webp\",\"width\":563,\"height\":300,\"caption\":\"Tunisie - M\u00e9t\u00e9o : Orages au nord et temp\u00e9ratures entre 23 et 41\u00b0C\"},{\"@type\":\"BreadcrumbList\",\"@id\":\"https:\\\/\\\/www.webdo.tn\\\/fr\\\/actualite\\\/national\\\/tunisie-orages-attendus-cette-nuit-au-nord-et-au-centre-chaleur-tenace-au-sud\\\/382163\\\/#breadcrumb\",\"itemListElement\":[{\"@type\":\"ListItem\",\"position\":1,\"name\":\"Accueil\",\"item\":\"https:\\\/\\\/www.webdo.tn\\\/fr\\\/\"},{\"@type\":\"ListItem\",\"position\":2,\"name\":\"Tunisie\u00a0: Orages attendus cette nuit au nord et au centre, chaleur tenace au sud\"}]},{\"@type\":\"WebSite\",\"@id\":\"https:\\\/\\\/www.webdo.tn\\\/fr\\\/#website\",\"url\":\"https:\\\/\\\/www.webdo.tn\\\/fr\\\/\",\"name\":\"webdo\",\"description\":\"Tunisie - News en Tunisie et \u00e0 l&#039;international sur Webdo.tn\",\"publisher\":{\"@id\":\"https:\\\/\\\/www.webdo.tn\\\/fr\\\/#organization\"},\"potentialAction\":[{\"@type\":\"SearchAction\",\"target\":{\"@type\":\"EntryPoint\",\"urlTemplate\":\"https:\\\/\\\/www.webdo.tn\\\/fr\\\/?s={search_term_string}\"},\"query-input\":{\"@type\":\"PropertyValueSpecification\",\"valueRequired\":true,\"valueName\":\"search_term_string\"}}],\"inLanguage\":\"fr-FR\"},{\"@type\":\"Organization\",\"@id\":\"https:\\\/\\\/www.webdo.tn\\\/fr\\\/#organization\",\"name\":\"Webdo\",\"alternateName\":\"Webdo.tn\",\"url\":\"https:\\\/\\\/www.webdo.tn\\\/fr\\\/\",\"logo\":{\"@type\":\"ImageObject\",\"inLanguage\":\"fr-FR\",\"@id\":\"https:\\\/\\\/www.webdo.tn\\\/fr\\\/#\\\/schema\\\/logo\\\/image\\\/\",\"url\":\"https:\\\/\\\/www.webdo.tn\\\/fr\\\/wp-content\\\/uploads\\\/2025\\\/06\\\/Webdo-Tunisie_168377.jpg\",\"contentUrl\":\"https:\\\/\\\/www.webdo.tn\\\/fr\\\/wp-content\\\/uploads\\\/2025\\\/06\\\/Webdo-Tunisie_168377.jpg\",\"width\":301,\"height\":301,\"caption\":\"Webdo\"},\"image\":{\"@id\":\"https:\\\/\\\/www.webdo.tn\\\/fr\\\/#\\\/schema\\\/logo\\\/image\\\/\"},\"sameAs\":[\"https:\\\/\\\/www.facebook.com\\\/webdotn\",\"https:\\\/\\\/x.com\\\/webdo_tn\"],\"description\":\"Webdo est un m\u00e9dia num\u00e9rique tunisien fond\u00e9 en 2010, sp\u00e9cialis\u00e9 dans l\u2019actualit\u00e9 nationale et internationale, l\u2019\u00e9conomie, la soci\u00e9t\u00e9 et les analyses politiques. Le site s\u2019adresse \u00e0 un large public francophone et couvre l\u2019information tunisienne en temps r\u00e9el.\",\"email\":\"redac@webdo.tn\",\"legalName\":\"YNJ SARL\",\"foundingDate\":\"2010-09-06\",\"numberOfEmployees\":{\"@type\":\"QuantitativeValue\",\"minValue\":\"11\",\"maxValue\":\"50\"}},{\"@type\":\"Person\",\"@id\":\"https:\\\/\\\/www.webdo.tn\\\/fr\\\/#\\\/schema\\\/person\\\/c652cd8fc2b1b44412b5ffb48c5a911d\",\"name\":\"Mohamed Hedi Touati\",\"image\":{\"@type\":\"ImageObject\",\"inLanguage\":\"fr-FR\",\"@id\":\"https:\\\/\\\/secure.gravatar.com\\\/avatar\\\/9cfd402c745b7a685f13eed0ea6e59d2144a3c2fc50a3db6fd5ed451f6cddf1a?s=96&d=mm&r=g\",\"url\":\"https:\\\/\\\/secure.gravatar.com\\\/avatar\\\/9cfd402c745b7a685f13eed0ea6e59d2144a3c2fc50a3db6fd5ed451f6cddf1a?s=96&d=mm&r=g\",\"contentUrl\":\"https:\\\/\\\/secure.gravatar.com\\\/avatar\\\/9cfd402c745b7a685f13eed0ea6e59d2144a3c2fc50a3db6fd5ed451f6cddf1a?s=96&d=mm&r=g\",\"caption\":\"Mohamed Hedi Touati\"},\"url\":\"https:\\\/\\\/www.webdo.tn\\\/fr\\\/actualite\\\/author\\\/mohamed-hedi-touati\\\/\"}]}<\/script>\n<!-- \/ Yoast SEO Premium plugin. -->","yoast_head_json":{"title":"Tunisie\u00a0: Orages attendus cette nuit au nord et au centre, chaleur tenace au sud - webdo","description":"Informez-vous sur les orages attendus et la chaleur tenace au sud. Pr\u00e9parez-vous pour des nuits chaudes et orageuses.","canonical":"https:\/\/www.webdo.tn\/fr\/actualite\/national\/tunisie-orages-attendus-cette-nuit-au-nord-et-au-centre-chaleur-tenace-au-sud\/382163\/","og_locale":"fr_FR","og_type":"article","og_title":"Tunisie\u00a0: Orages attendus cette nuit au nord et au centre, chaleur tenace au sud","og_description":"Informez-vous sur les orages attendus et la chaleur tenace au sud. Pr\u00e9parez-vous pour des nuits chaudes et orageuses.","og_url":"https:\/\/www.webdo.tn\/fr\/actualite\/national\/tunisie-orages-attendus-cette-nuit-au-nord-et-au-centre-chaleur-tenace-au-sud\/382163\/","og_site_name":"webdo","article_publisher":"https:\/\/www.facebook.com\/webdotn","article_published_time":"2025-08-26T18:48:24+00:00","article_modified_time":"2025-08-27T05:47:02+00:00","og_image":[{"width":750,"height":400,"url":"https:\/\/www.webdo.tn\/fr\/wp-content\/uploads\/2025\/05\/599bf6da09ad17c483f91d3f64429d7d.webp","type":"image\/webp"}],"author":"Mohamed Hedi Touati","twitter_card":"summary_large_image","twitter_creator":"@webdo_tn","twitter_site":"@webdo_tn","twitter_misc":{"\u00c9crit par":"Mohamed Hedi Touati","Dur\u00e9e de lecture estim\u00e9e":"2 minutes"},"schema":{"@context":"https:\/\/schema.org","@graph":[{"@type":"NewsArticle","@id":"https:\/\/www.webdo.tn\/fr\/actualite\/national\/tunisie-orages-attendus-cette-nuit-au-nord-et-au-centre-chaleur-tenace-au-sud\/382163\/#article","isPartOf":{"@id":"https:\/\/www.webdo.tn\/fr\/actualite\/national\/tunisie-orages-attendus-cette-nuit-au-nord-et-au-centre-chaleur-tenace-au-sud\/382163\/"},"author":{"name":"Mohamed Hedi Touati","@id":"https:\/\/www.webdo.tn\/fr\/#\/schema\/person\/c652cd8fc2b1b44412b5ffb48c5a911d"},"headline":"Tunisie\u00a0: Orages attendus cette nuit au nord et au centre, chaleur tenace au sud","datePublished":"2025-08-26T18:48:24+00:00","dateModified":"2025-08-27T05:47:02+00:00","mainEntityOfPage":{"@id":"https:\/\/www.webdo.tn\/fr\/actualite\/national\/tunisie-orages-attendus-cette-nuit-au-nord-et-au-centre-chaleur-tenace-au-sud\/382163\/"},"wordCount":223,"publisher":{"@id":"https:\/\/www.webdo.tn\/fr\/#organization"},"image":{"@id":"https:\/\/www.webdo.tn\/fr\/actualite\/national\/tunisie-orages-attendus-cette-nuit-au-nord-et-au-centre-chaleur-tenace-au-sud\/382163\/#primaryimage"},"thumbnailUrl":"https:\/\/www.webdo.tn\/fr\/wp-content\/uploads\/2025\/05\/599bf6da09ad17c483f91d3f64429d7d-e1757492333242.webp","keywords":["chaleur","m\u00e9t\u00e9o","Orages","Pluie","Tunisie"],"articleSection":["National"],"inLanguage":"fr-FR"},{"@type":"WebPage","@id":"https:\/\/www.webdo.tn\/fr\/actualite\/national\/tunisie-orages-attendus-cette-nuit-au-nord-et-au-centre-chaleur-tenace-au-sud\/382163\/","url":"https:\/\/www.webdo.tn\/fr\/actualite\/national\/tunisie-orages-attendus-cette-nuit-au-nord-et-au-centre-chaleur-tenace-au-sud\/382163\/","name":"Tunisie\u00a0: Orages attendus cette nuit au nord et au centre, chaleur tenace au sud - webdo","isPartOf":{"@id":"https:\/\/www.webdo.tn\/fr\/#website"},"primaryImageOfPage":{"@id":"https:\/\/www.webdo.tn\/fr\/actualite\/national\/tunisie-orages-attendus-cette-nuit-au-nord-et-au-centre-chaleur-tenace-au-sud\/382163\/#primaryimage"},"image":{"@id":"https:\/\/www.webdo.tn\/fr\/actualite\/national\/tunisie-orages-attendus-cette-nuit-au-nord-et-au-centre-chaleur-tenace-au-sud\/382163\/#primaryimage"},"thumbnailUrl":"https:\/\/www.webdo.tn\/fr\/wp-content\/uploads\/2025\/05\/599bf6da09ad17c483f91d3f64429d7d-e1757492333242.webp","datePublished":"2025-08-26T18:48:24+00:00","dateModified":"2025-08-27T05:47:02+00:00","description":"Informez-vous sur les orages attendus et la chaleur tenace au sud. Pr\u00e9parez-vous pour des nuits chaudes et orageuses.","breadcrumb":{"@id":"https:\/\/www.webdo.tn\/fr\/actualite\/national\/tunisie-orages-attendus-cette-nuit-au-nord-et-au-centre-chaleur-tenace-au-sud\/382163\/#breadcrumb"},"inLanguage":"fr-FR","potentialAction":[{"@type":"ReadAction","target":["https:\/\/www.webdo.tn\/fr\/actualite\/national\/tunisie-orages-attendus-cette-nuit-au-nord-et-au-centre-chaleur-tenace-au-sud\/382163\/"]}]},{"@type":"ImageObject","inLanguage":"fr-FR","@id":"https:\/\/www.webdo.tn\/fr\/actualite\/national\/tunisie-orages-attendus-cette-nuit-au-nord-et-au-centre-chaleur-tenace-au-sud\/382163\/#primaryimage","url":"https:\/\/www.webdo.tn\/fr\/wp-content\/uploads\/2025\/05\/599bf6da09ad17c483f91d3f64429d7d-e1757492333242.webp","contentUrl":"https:\/\/www.webdo.tn\/fr\/wp-content\/uploads\/2025\/05\/599bf6da09ad17c483f91d3f64429d7d-e1757492333242.webp","width":563,"height":300,"caption":"Tunisie - M\u00e9t\u00e9o : Orages au nord et temp\u00e9ratures entre 23 et 41\u00b0C"},{"@type":"BreadcrumbList","@id":"https:\/\/www.webdo.tn\/fr\/actualite\/national\/tunisie-orages-attendus-cette-nuit-au-nord-et-au-centre-chaleur-tenace-au-sud\/382163\/#breadcrumb","itemListElement":[{"@type":"ListItem","position":1,"name":"Accueil","item":"https:\/\/www.webdo.tn\/fr\/"},{"@type":"ListItem","position":2,"name":"Tunisie\u00a0: Orages attendus cette nuit au nord et au centre, chaleur tenace au sud"}]},{"@type":"WebSite","@id":"https:\/\/www.webdo.tn\/fr\/#website","url":"https:\/\/www.webdo.tn\/fr\/","name":"webdo","description":"Tunisie - News en Tunisie et \u00e0 l&#039;international sur Webdo.tn","publisher":{"@id":"https:\/\/www.webdo.tn\/fr\/#organization"},"potentialAction":[{"@type":"SearchAction","target":{"@type":"EntryPoint","urlTemplate":"https:\/\/www.webdo.tn\/fr\/?s={search_term_string}"},"query-input":{"@type":"PropertyValueSpecification","valueRequired":true,"valueName":"search_term_string"}}],"inLanguage":"fr-FR"},{"@type":"Organization","@id":"https:\/\/www.webdo.tn\/fr\/#organization","name":"Webdo","alternateName":"Webdo.tn","url":"https:\/\/www.webdo.tn\/fr\/","logo":{"@type":"ImageObject","inLanguage":"fr-FR","@id":"https:\/\/www.webdo.tn\/fr\/#\/schema\/logo\/image\/","url":"https:\/\/www.webdo.tn\/fr\/wp-content\/uploads\/2025\/06\/Webdo-Tunisie_168377.jpg","contentUrl":"https:\/\/www.webdo.tn\/fr\/wp-content\/uploads\/2025\/06\/Webdo-Tunisie_168377.jpg","width":301,"height":301,"caption":"Webdo"},"image":{"@id":"https:\/\/www.webdo.tn\/fr\/#\/schema\/logo\/image\/"},"sameAs":["https:\/\/www.facebook.com\/webdotn","https:\/\/x.com\/webdo_tn"],"description":"Webdo est un m\u00e9dia num\u00e9rique tunisien fond\u00e9 en 2010, sp\u00e9cialis\u00e9 dans l\u2019actualit\u00e9 nationale et internationale, l\u2019\u00e9conomie, la soci\u00e9t\u00e9 et les analyses politiques. Le site s\u2019adresse \u00e0 un large public francophone et couvre l\u2019information tunisienne en temps r\u00e9el.","email":"redac@webdo.tn","legalName":"YNJ SARL","foundingDate":"2010-09-06","numberOfEmployees":{"@type":"QuantitativeValue","minValue":"11","maxValue":"50"}},{"@type":"Person","@id":"https:\/\/www.webdo.tn\/fr\/#\/schema\/person\/c652cd8fc2b1b44412b5ffb48c5a911d","name":"Mohamed Hedi Touati","image":{"@type":"ImageObject","inLanguage":"fr-FR","@id":"https:\/\/secure.gravatar.com\/avatar\/9cfd402c745b7a685f13eed0ea6e59d2144a3c2fc50a3db6fd5ed451f6cddf1a?s=96&d=mm&r=g","url":"https:\/\/secure.gravatar.com\/avatar\/9cfd402c745b7a685f13eed0ea6e59d2144a3c2fc50a3db6fd5ed451f6cddf1a?s=96&d=mm&r=g","contentUrl":"https:\/\/secure.gravatar.com\/avatar\/9cfd402c745b7a685f13eed0ea6e59d2144a3c2fc50a3db6fd5ed451f6cddf1a?s=96&d=mm&r=g","caption":"Mohamed Hedi Touati"},"url":"https:\/\/www.webdo.tn\/fr\/actualite\/author\/mohamed-hedi-touati\/"}]}},"_links":{"self":[{"href":"https:\/\/www.webdo.tn\/fr\/wp-json\/wp\/v2\/posts\/382163","targetHints":{"allow":["GET"]}}],"collection":[{"href":"https:\/\/www.webdo.tn\/fr\/wp-json\/wp\/v2\/posts"}],"about":[{"href":"https:\/\/www.webdo.tn\/fr\/wp-json\/wp\/v2\/types\/post"}],"author":[{"embeddable":true,"href":"https:\/\/www.webdo.tn\/fr\/wp-json\/wp\/v2\/users\/3191"}],"replies":[{"embeddable":true,"href":"https:\/\/www.webdo.tn\/fr\/wp-json\/wp\/v2\/comments?post=382163"}],"version-history":[{"count":0,"href":"https:\/\/www.webdo.tn\/fr\/wp-json\/wp\/v2\/posts\/382163\/revisions"}],"wp:featuredmedia":[{"embeddable":true,"href":"https:\/\/www.webdo.tn\/fr\/wp-json\/wp\/v2\/media\/366078"}],"wp:attachment":[{"href":"https:\/\/www.webdo.tn\/fr\/wp-json\/wp\/v2\/media?parent=382163"}],"wp:term":[{"taxonomy":"category","embeddable":true,"href":"https:\/\/www.webdo.tn\/fr\/wp-json\/wp\/v2\/categories?post=382163"},{"taxonomy":"post_tag","embeddable":true,"href":"https:\/\/www.webdo.tn\/fr\/wp-json\/wp\/v2\/tags?post=382163"}],"curies":[{"name":"wp","href":"https:\/\/api.w.org\/{rel}","templated":true}]}}