{"id":381965,"date":"2025-08-24T11:17:31","date_gmt":"2025-08-24T10:17:31","guid":{"rendered":"https:\/\/www.webdo.tn\/fr\/?p=381965"},"modified":"2025-08-25T13:20:20","modified_gmt":"2025-08-25T12:20:20","slug":"tunisie-lancement-de-la-campagne-pour-le-retrait-du-mandat-dun-elu","status":"publish","type":"post","link":"https:\/\/www.webdo.tn\/fr\/actualite\/national\/tunisie-lancement-de-la-campagne-pour-le-retrait-du-mandat-dun-elu\/381965\/","title":{"rendered":"Tunisie : Lancement de la campagne pour le retrait du mandat d\u2019un \u00e9lu"},"content":{"rendered":"\n<p><strong>L\u2019Instance r\u00e9gionale ind\u00e9pendante pour les \u00e9lections (IRIE) de Mahdia a annonc\u00e9 le lancement, \u00e0 partir du lundi 25 ao\u00fbt 2025, de la campagne de retrait du mandat visant un \u00e9lu de la circonscription d\u2019El Guassem-ouest (d\u00e9l\u00e9gation de Chorbane). Cette proc\u00e9dure, une premi\u00e8re en Tunisie, fait suite \u00e0 la validation par l\u2019ISIE d\u2019une p\u00e9tition initi\u00e9e par les \u00e9lecteurs. Le vote d\u00e9cisif est pr\u00e9vu pour le 28 septembre.<\/strong><\/p>\n\n\n\n<p>En juillet dernier, le pr\u00e9sident de l\u2019ISIE, Farouk Bouasker, avait confirm\u00e9 que le Conseil de l\u2019Instance avait valid\u00e9 pour la premi\u00e8re fois une p\u00e9tition demandant la r\u00e9vocation d\u2019un membre d\u2019un conseil local \u00e9lu, en l\u2019occurrence dans la d\u00e9l\u00e9gation de Chorbane (gouvernorat de Mahdia).<\/p>\n\n\n\n<p><strong>Une premi\u00e8re proc\u00e9dure de r\u00e9vocation en Tunisie<\/strong><\/p>\n\n\n\n<p>Cette d\u00e9marche in\u00e9dite s\u2019inscrit dans le cadre des nouveaux m\u00e9canismes de reddition de comptes instaur\u00e9s par la r\u00e9forme institutionnelle. La p\u00e9tition avait \u00e9t\u00e9 initi\u00e9e par un dixi\u00e8me des \u00e9lecteurs de la circonscription, conform\u00e9ment \u00e0 la loi, et d\u00e9pos\u00e9e apr\u00e8s un an de mandat. L\u2019ISIE avait v\u00e9rifi\u00e9 la conformit\u00e9 juridique, la validit\u00e9 des signatures et le respect des proc\u00e9dures avant d\u2019approuver le dossier \u00e0 l\u2019unanimit\u00e9.<\/p>\n\n\n\n<p><strong>Modalit\u00e9s de participation \u00e0 la campagne<\/strong><\/p>\n\n\n\n<p>L\u2019IRIE de Mahdia a pr\u00e9cis\u00e9 que les demandes de participation \u00e0 la campagne seront re\u00e7ues du lundi 25 ao\u00fbt \u00e0 8h jusqu\u2019au dimanche 31 ao\u00fbt au si\u00e8ge r\u00e9gional, sis avenue de Carthage \u00e0 Mahdia.<\/p>\n\n\n\n<p>Deux formulaires officiels ont \u00e9t\u00e9 mis en ligne : une d\u00e9claration de participation \u00e0 la campagne de vote pour le retrait du mandat et une d\u00e9claration sur l\u2019honneur remplie par le repr\u00e9sentant l\u00e9gal de la partie participante. Les signatures doivent \u00eatre l\u00e9galis\u00e9es avant leur d\u00e9p\u00f4t.<\/p>\n\n\n\n<p><strong>Un vote populaire fix\u00e9 au 28 septembre<\/strong><\/p>\n\n\n\n<p>Les \u00e9lecteurs de la circonscription d\u2019El Guassem-ouest seront appel\u00e9s aux urnes le dimanche 28 septembre 2025 pour se prononcer par \u00ab oui \u00bb ou \u00ab non \u00bb sur la r\u00e9vocation de l\u2019\u00e9lu.<\/p>\n\n\n\n<p>Si la majorit\u00e9 absolue des \u00e9lecteurs inscrits (50% plus un) vote en faveur de la p\u00e9tition, le mandat sera annul\u00e9 et une \u00e9lection partielle sera organis\u00e9e pour pourvoir le si\u00e8ge vacant. Dans le cas contraire, l\u2019\u00e9lu conservera son mandat jusqu\u2019\u00e0 son terme, sans possibilit\u00e9 de nouvelle r\u00e9vocation.<\/p>\n\n\n\n<p><strong>Un tournant institutionnel<\/strong><\/p>\n\n\n\n<p>Le pr\u00e9sident de l\u2019ISIE a qualifi\u00e9 ce m\u00e9canisme de r\u00e9vocation de \u00ab tournant juridique et constitutionnel majeur \u00bb, estimant qu\u2019il constitue un test pour mesurer l\u2019efficacit\u00e9 des instruments de contr\u00f4le populaire par les urnes. Pour Mahdia, cette campagne s\u2019annonce comme un moment politique in\u00e9dit, o\u00f9 les \u00e9lecteurs auront pour la premi\u00e8re fois en Tunisie l\u2019opportunit\u00e9 de retirer leur confiance \u00e0 un \u00e9lu local en cours de mandat.<\/p>\n\n\n\n<p><\/p>\n\n\n\n<iframe src=\"https:\/\/www.facebook.com\/plugins\/post.php?href=https%3A%2F%2Fwww.facebook.com%2Fisietn%2Fposts%2Fpfbid02zP98ESJPcPmJ3kh5JRVcRwaJnPwcWJppMwn6d1Y2pMpw3SMLRGAQ35K1XWyGJuxVl&#038;show_text=true&#038;width=500\" width=\"500\" height=\"754\" style=\"border:none;overflow:hidden\" scrolling=\"no\" frameborder=\"0\" allowfullscreen=\"true\" allow=\"autoplay; clipboard-write; encrypted-media; picture-in-picture; web-share\"><\/iframe>\n\n\n\n<p><\/p>\n\n\n\n<ul class=\"wp-block-list\">\n<li>Lire aussi : <a href=\"https:\/\/www.webdo.tn\/fr\/actualite\/national\/tunisie-lisie-donne-son-feu-vert-a-une-premiere-procedure-de-revocation-dun-elu-local\/379558\/\">Tunisie : L\u2019ISIE donne son feu vert \u00e0 une premi\u00e8re proc\u00e9dure de r\u00e9vocation d\u2019un \u00e9lu local<\/a><\/li>\n<\/ul>\n","protected":false},"excerpt":{"rendered":"<p>L\u2019Instance r\u00e9gionale ind\u00e9pendante pour les \u00e9lections (IRIE) de Mahdia a annonc\u00e9 le lancement, \u00e0 partir du lundi 25 ao\u00fbt 2025, de la campagne de retrait du mandat visant un \u00e9lu de la circonscription d\u2019El Guassem-ouest (d\u00e9l\u00e9gation de Chorbane). Cette proc\u00e9dure, une premi\u00e8re en Tunisie, fait suite \u00e0 la validation par l\u2019ISIE d\u2019une p\u00e9tition initi\u00e9e par [&hellip;]<\/p>\n","protected":false},"author":3191,"featured_media":381966,"comment_status":"closed","ping_status":"closed","sticky":false,"template":"","format":"standard","meta":{"footnotes":""},"categories":[44],"tags":[12475,12474,2967,2980,5631,6849,2608],"class_list":["post-381965","post","type-post","status-publish","format-standard","has-post-thumbnail","hentry","category-national","tag-elu-local","tag-irie","tag-isie","tag-mahdia","tag-retrait","tag-revocation","tag-tunisie"],"yoast_head":"<!-- This site is optimized with the Yoast SEO Premium plugin v27.5 (Yoast SEO v27.5) - https:\/\/yoast.com\/product\/yoast-seo-premium-wordpress\/ -->\n<title>Tunisie : Lancement de la campagne pour le retrait du mandat d\u2019un \u00e9lu - webdo<\/title>\n<meta name=\"description\" content=\"L&#039;IRIE de Mahdia annonce une campagne in\u00e9dite pour le retrait du mandat d\u2019un \u00e9lu, suite \u00e0 une p\u00e9tition valid\u00e9e par l&#039;ISIE.\" \/>\n<link rel=\"canonical\" href=\"https:\/\/www.webdo.tn\/fr\/actualite\/national\/tunisie-lancement-de-la-campagne-pour-le-retrait-du-mandat-dun-elu\/381965\/\" \/>\n<meta property=\"og:locale\" content=\"fr_FR\" \/>\n<meta property=\"og:type\" content=\"article\" \/>\n<meta property=\"og:title\" content=\"Tunisie : Lancement de la campagne pour le retrait du mandat d\u2019un \u00e9lu\" \/>\n<meta property=\"og:description\" content=\"L&#039;IRIE de Mahdia annonce une campagne in\u00e9dite pour le retrait du mandat d\u2019un \u00e9lu, suite \u00e0 une p\u00e9tition valid\u00e9e par l&#039;ISIE.\" \/>\n<meta property=\"og:url\" content=\"https:\/\/www.webdo.tn\/fr\/actualite\/national\/tunisie-lancement-de-la-campagne-pour-le-retrait-du-mandat-dun-elu\/381965\/\" \/>\n<meta property=\"og:site_name\" content=\"webdo\" \/>\n<meta property=\"article:publisher\" content=\"https:\/\/www.facebook.com\/webdotn\" \/>\n<meta property=\"article:published_time\" content=\"2025-08-24T10:17:31+00:00\" \/>\n<meta property=\"article:modified_time\" content=\"2025-08-25T12:20:20+00:00\" \/>\n<meta property=\"og:image\" content=\"https:\/\/www.webdo.tn\/fr\/wp-content\/uploads\/2025\/08\/ISIE.jpg\" \/>\n\t<meta property=\"og:image:width\" content=\"850\" \/>\n\t<meta property=\"og:image:height\" content=\"491\" \/>\n\t<meta property=\"og:image:type\" content=\"image\/jpeg\" \/>\n<meta name=\"author\" content=\"Mohamed Hedi Touati\" \/>\n<meta name=\"twitter:card\" content=\"summary_large_image\" \/>\n<meta name=\"twitter:creator\" content=\"@webdo_tn\" \/>\n<meta name=\"twitter:site\" content=\"@webdo_tn\" \/>\n<meta name=\"twitter:label1\" content=\"\u00c9crit par\" \/>\n\t<meta name=\"twitter:data1\" content=\"Mohamed Hedi Touati\" \/>\n\t<meta name=\"twitter:label2\" content=\"Dur\u00e9e de lecture estim\u00e9e\" \/>\n\t<meta name=\"twitter:data2\" content=\"3 minutes\" \/>\n<script type=\"application\/ld+json\" class=\"yoast-schema-graph\">{\"@context\":\"https:\\\/\\\/schema.org\",\"@graph\":[{\"@type\":\"NewsArticle\",\"@id\":\"https:\\\/\\\/www.webdo.tn\\\/fr\\\/actualite\\\/national\\\/tunisie-lancement-de-la-campagne-pour-le-retrait-du-mandat-dun-elu\\\/381965\\\/#article\",\"isPartOf\":{\"@id\":\"https:\\\/\\\/www.webdo.tn\\\/fr\\\/actualite\\\/national\\\/tunisie-lancement-de-la-campagne-pour-le-retrait-du-mandat-dun-elu\\\/381965\\\/\"},\"author\":{\"name\":\"Mohamed Hedi Touati\",\"@id\":\"https:\\\/\\\/www.webdo.tn\\\/fr\\\/#\\\/schema\\\/person\\\/c652cd8fc2b1b44412b5ffb48c5a911d\"},\"headline\":\"Tunisie : Lancement de la campagne pour le retrait du mandat d\u2019un \u00e9lu\",\"datePublished\":\"2025-08-24T10:17:31+00:00\",\"dateModified\":\"2025-08-25T12:20:20+00:00\",\"mainEntityOfPage\":{\"@id\":\"https:\\\/\\\/www.webdo.tn\\\/fr\\\/actualite\\\/national\\\/tunisie-lancement-de-la-campagne-pour-le-retrait-du-mandat-dun-elu\\\/381965\\\/\"},\"wordCount\":514,\"publisher\":{\"@id\":\"https:\\\/\\\/www.webdo.tn\\\/fr\\\/#organization\"},\"image\":{\"@id\":\"https:\\\/\\\/www.webdo.tn\\\/fr\\\/actualite\\\/national\\\/tunisie-lancement-de-la-campagne-pour-le-retrait-du-mandat-dun-elu\\\/381965\\\/#primaryimage\"},\"thumbnailUrl\":\"https:\\\/\\\/www.webdo.tn\\\/fr\\\/wp-content\\\/uploads\\\/2025\\\/08\\\/ISIE.jpg\",\"keywords\":[\"\u00e9lu local\",\"IRIE\",\"ISIE\",\"mahdia\",\"Retrait\",\"r\u00e9vocation\",\"Tunisie\"],\"articleSection\":[\"National\"],\"inLanguage\":\"fr-FR\"},{\"@type\":\"WebPage\",\"@id\":\"https:\\\/\\\/www.webdo.tn\\\/fr\\\/actualite\\\/national\\\/tunisie-lancement-de-la-campagne-pour-le-retrait-du-mandat-dun-elu\\\/381965\\\/\",\"url\":\"https:\\\/\\\/www.webdo.tn\\\/fr\\\/actualite\\\/national\\\/tunisie-lancement-de-la-campagne-pour-le-retrait-du-mandat-dun-elu\\\/381965\\\/\",\"name\":\"Tunisie : Lancement de la campagne pour le retrait du mandat d\u2019un \u00e9lu - webdo\",\"isPartOf\":{\"@id\":\"https:\\\/\\\/www.webdo.tn\\\/fr\\\/#website\"},\"primaryImageOfPage\":{\"@id\":\"https:\\\/\\\/www.webdo.tn\\\/fr\\\/actualite\\\/national\\\/tunisie-lancement-de-la-campagne-pour-le-retrait-du-mandat-dun-elu\\\/381965\\\/#primaryimage\"},\"image\":{\"@id\":\"https:\\\/\\\/www.webdo.tn\\\/fr\\\/actualite\\\/national\\\/tunisie-lancement-de-la-campagne-pour-le-retrait-du-mandat-dun-elu\\\/381965\\\/#primaryimage\"},\"thumbnailUrl\":\"https:\\\/\\\/www.webdo.tn\\\/fr\\\/wp-content\\\/uploads\\\/2025\\\/08\\\/ISIE.jpg\",\"datePublished\":\"2025-08-24T10:17:31+00:00\",\"dateModified\":\"2025-08-25T12:20:20+00:00\",\"description\":\"L'IRIE de Mahdia annonce une campagne in\u00e9dite pour le retrait du mandat d\u2019un \u00e9lu, suite \u00e0 une p\u00e9tition valid\u00e9e par l'ISIE.\",\"breadcrumb\":{\"@id\":\"https:\\\/\\\/www.webdo.tn\\\/fr\\\/actualite\\\/national\\\/tunisie-lancement-de-la-campagne-pour-le-retrait-du-mandat-dun-elu\\\/381965\\\/#breadcrumb\"},\"inLanguage\":\"fr-FR\",\"potentialAction\":[{\"@type\":\"ReadAction\",\"target\":[\"https:\\\/\\\/www.webdo.tn\\\/fr\\\/actualite\\\/national\\\/tunisie-lancement-de-la-campagne-pour-le-retrait-du-mandat-dun-elu\\\/381965\\\/\"]}]},{\"@type\":\"ImageObject\",\"inLanguage\":\"fr-FR\",\"@id\":\"https:\\\/\\\/www.webdo.tn\\\/fr\\\/actualite\\\/national\\\/tunisie-lancement-de-la-campagne-pour-le-retrait-du-mandat-dun-elu\\\/381965\\\/#primaryimage\",\"url\":\"https:\\\/\\\/www.webdo.tn\\\/fr\\\/wp-content\\\/uploads\\\/2025\\\/08\\\/ISIE.jpg\",\"contentUrl\":\"https:\\\/\\\/www.webdo.tn\\\/fr\\\/wp-content\\\/uploads\\\/2025\\\/08\\\/ISIE.jpg\",\"width\":850,\"height\":491,\"caption\":\"Tunisie : Lancement de la campagne pour le retrait du mandat d\u2019un \u00e9lu\"},{\"@type\":\"BreadcrumbList\",\"@id\":\"https:\\\/\\\/www.webdo.tn\\\/fr\\\/actualite\\\/national\\\/tunisie-lancement-de-la-campagne-pour-le-retrait-du-mandat-dun-elu\\\/381965\\\/#breadcrumb\",\"itemListElement\":[{\"@type\":\"ListItem\",\"position\":1,\"name\":\"Accueil\",\"item\":\"https:\\\/\\\/www.webdo.tn\\\/fr\\\/\"},{\"@type\":\"ListItem\",\"position\":2,\"name\":\"Tunisie : Lancement de la campagne pour le retrait du mandat d\u2019un \u00e9lu\"}]},{\"@type\":\"WebSite\",\"@id\":\"https:\\\/\\\/www.webdo.tn\\\/fr\\\/#website\",\"url\":\"https:\\\/\\\/www.webdo.tn\\\/fr\\\/\",\"name\":\"webdo\",\"description\":\"Tunisie - News en Tunisie et \u00e0 l&#039;international sur Webdo.tn\",\"publisher\":{\"@id\":\"https:\\\/\\\/www.webdo.tn\\\/fr\\\/#organization\"},\"potentialAction\":[{\"@type\":\"SearchAction\",\"target\":{\"@type\":\"EntryPoint\",\"urlTemplate\":\"https:\\\/\\\/www.webdo.tn\\\/fr\\\/?s={search_term_string}\"},\"query-input\":{\"@type\":\"PropertyValueSpecification\",\"valueRequired\":true,\"valueName\":\"search_term_string\"}}],\"inLanguage\":\"fr-FR\"},{\"@type\":\"Organization\",\"@id\":\"https:\\\/\\\/www.webdo.tn\\\/fr\\\/#organization\",\"name\":\"Webdo\",\"alternateName\":\"Webdo.tn\",\"url\":\"https:\\\/\\\/www.webdo.tn\\\/fr\\\/\",\"logo\":{\"@type\":\"ImageObject\",\"inLanguage\":\"fr-FR\",\"@id\":\"https:\\\/\\\/www.webdo.tn\\\/fr\\\/#\\\/schema\\\/logo\\\/image\\\/\",\"url\":\"https:\\\/\\\/www.webdo.tn\\\/fr\\\/wp-content\\\/uploads\\\/2025\\\/06\\\/Webdo-Tunisie_168377.jpg\",\"contentUrl\":\"https:\\\/\\\/www.webdo.tn\\\/fr\\\/wp-content\\\/uploads\\\/2025\\\/06\\\/Webdo-Tunisie_168377.jpg\",\"width\":301,\"height\":301,\"caption\":\"Webdo\"},\"image\":{\"@id\":\"https:\\\/\\\/www.webdo.tn\\\/fr\\\/#\\\/schema\\\/logo\\\/image\\\/\"},\"sameAs\":[\"https:\\\/\\\/www.facebook.com\\\/webdotn\",\"https:\\\/\\\/x.com\\\/webdo_tn\"],\"description\":\"Webdo est un m\u00e9dia num\u00e9rique tunisien fond\u00e9 en 2010, sp\u00e9cialis\u00e9 dans l\u2019actualit\u00e9 nationale et internationale, l\u2019\u00e9conomie, la soci\u00e9t\u00e9 et les analyses politiques. Le site s\u2019adresse \u00e0 un large public francophone et couvre l\u2019information tunisienne en temps r\u00e9el.\",\"email\":\"redac@webdo.tn\",\"legalName\":\"YNJ SARL\",\"foundingDate\":\"2010-09-06\",\"numberOfEmployees\":{\"@type\":\"QuantitativeValue\",\"minValue\":\"11\",\"maxValue\":\"50\"}},{\"@type\":\"Person\",\"@id\":\"https:\\\/\\\/www.webdo.tn\\\/fr\\\/#\\\/schema\\\/person\\\/c652cd8fc2b1b44412b5ffb48c5a911d\",\"name\":\"Mohamed Hedi Touati\",\"image\":{\"@type\":\"ImageObject\",\"inLanguage\":\"fr-FR\",\"@id\":\"https:\\\/\\\/secure.gravatar.com\\\/avatar\\\/9cfd402c745b7a685f13eed0ea6e59d2144a3c2fc50a3db6fd5ed451f6cddf1a?s=96&d=mm&r=g\",\"url\":\"https:\\\/\\\/secure.gravatar.com\\\/avatar\\\/9cfd402c745b7a685f13eed0ea6e59d2144a3c2fc50a3db6fd5ed451f6cddf1a?s=96&d=mm&r=g\",\"contentUrl\":\"https:\\\/\\\/secure.gravatar.com\\\/avatar\\\/9cfd402c745b7a685f13eed0ea6e59d2144a3c2fc50a3db6fd5ed451f6cddf1a?s=96&d=mm&r=g\",\"caption\":\"Mohamed Hedi Touati\"},\"url\":\"https:\\\/\\\/www.webdo.tn\\\/fr\\\/actualite\\\/author\\\/mohamed-hedi-touati\\\/\"}]}<\/script>\n<!-- \/ Yoast SEO Premium plugin. -->","yoast_head_json":{"title":"Tunisie : Lancement de la campagne pour le retrait du mandat d\u2019un \u00e9lu - webdo","description":"L'IRIE de Mahdia annonce une campagne in\u00e9dite pour le retrait du mandat d\u2019un \u00e9lu, suite \u00e0 une p\u00e9tition valid\u00e9e par l'ISIE.","canonical":"https:\/\/www.webdo.tn\/fr\/actualite\/national\/tunisie-lancement-de-la-campagne-pour-le-retrait-du-mandat-dun-elu\/381965\/","og_locale":"fr_FR","og_type":"article","og_title":"Tunisie : Lancement de la campagne pour le retrait du mandat d\u2019un \u00e9lu","og_description":"L'IRIE de Mahdia annonce une campagne in\u00e9dite pour le retrait du mandat d\u2019un \u00e9lu, suite \u00e0 une p\u00e9tition valid\u00e9e par l'ISIE.","og_url":"https:\/\/www.webdo.tn\/fr\/actualite\/national\/tunisie-lancement-de-la-campagne-pour-le-retrait-du-mandat-dun-elu\/381965\/","og_site_name":"webdo","article_publisher":"https:\/\/www.facebook.com\/webdotn","article_published_time":"2025-08-24T10:17:31+00:00","article_modified_time":"2025-08-25T12:20:20+00:00","og_image":[{"width":850,"height":491,"url":"https:\/\/www.webdo.tn\/fr\/wp-content\/uploads\/2025\/08\/ISIE.jpg","type":"image\/jpeg"}],"author":"Mohamed Hedi Touati","twitter_card":"summary_large_image","twitter_creator":"@webdo_tn","twitter_site":"@webdo_tn","twitter_misc":{"\u00c9crit par":"Mohamed Hedi Touati","Dur\u00e9e de lecture estim\u00e9e":"3 minutes"},"schema":{"@context":"https:\/\/schema.org","@graph":[{"@type":"NewsArticle","@id":"https:\/\/www.webdo.tn\/fr\/actualite\/national\/tunisie-lancement-de-la-campagne-pour-le-retrait-du-mandat-dun-elu\/381965\/#article","isPartOf":{"@id":"https:\/\/www.webdo.tn\/fr\/actualite\/national\/tunisie-lancement-de-la-campagne-pour-le-retrait-du-mandat-dun-elu\/381965\/"},"author":{"name":"Mohamed Hedi Touati","@id":"https:\/\/www.webdo.tn\/fr\/#\/schema\/person\/c652cd8fc2b1b44412b5ffb48c5a911d"},"headline":"Tunisie : Lancement de la campagne pour le retrait du mandat d\u2019un \u00e9lu","datePublished":"2025-08-24T10:17:31+00:00","dateModified":"2025-08-25T12:20:20+00:00","mainEntityOfPage":{"@id":"https:\/\/www.webdo.tn\/fr\/actualite\/national\/tunisie-lancement-de-la-campagne-pour-le-retrait-du-mandat-dun-elu\/381965\/"},"wordCount":514,"publisher":{"@id":"https:\/\/www.webdo.tn\/fr\/#organization"},"image":{"@id":"https:\/\/www.webdo.tn\/fr\/actualite\/national\/tunisie-lancement-de-la-campagne-pour-le-retrait-du-mandat-dun-elu\/381965\/#primaryimage"},"thumbnailUrl":"https:\/\/www.webdo.tn\/fr\/wp-content\/uploads\/2025\/08\/ISIE.jpg","keywords":["\u00e9lu local","IRIE","ISIE","mahdia","Retrait","r\u00e9vocation","Tunisie"],"articleSection":["National"],"inLanguage":"fr-FR"},{"@type":"WebPage","@id":"https:\/\/www.webdo.tn\/fr\/actualite\/national\/tunisie-lancement-de-la-campagne-pour-le-retrait-du-mandat-dun-elu\/381965\/","url":"https:\/\/www.webdo.tn\/fr\/actualite\/national\/tunisie-lancement-de-la-campagne-pour-le-retrait-du-mandat-dun-elu\/381965\/","name":"Tunisie : Lancement de la campagne pour le retrait du mandat d\u2019un \u00e9lu - webdo","isPartOf":{"@id":"https:\/\/www.webdo.tn\/fr\/#website"},"primaryImageOfPage":{"@id":"https:\/\/www.webdo.tn\/fr\/actualite\/national\/tunisie-lancement-de-la-campagne-pour-le-retrait-du-mandat-dun-elu\/381965\/#primaryimage"},"image":{"@id":"https:\/\/www.webdo.tn\/fr\/actualite\/national\/tunisie-lancement-de-la-campagne-pour-le-retrait-du-mandat-dun-elu\/381965\/#primaryimage"},"thumbnailUrl":"https:\/\/www.webdo.tn\/fr\/wp-content\/uploads\/2025\/08\/ISIE.jpg","datePublished":"2025-08-24T10:17:31+00:00","dateModified":"2025-08-25T12:20:20+00:00","description":"L'IRIE de Mahdia annonce une campagne in\u00e9dite pour le retrait du mandat d\u2019un \u00e9lu, suite \u00e0 une p\u00e9tition valid\u00e9e par l'ISIE.","breadcrumb":{"@id":"https:\/\/www.webdo.tn\/fr\/actualite\/national\/tunisie-lancement-de-la-campagne-pour-le-retrait-du-mandat-dun-elu\/381965\/#breadcrumb"},"inLanguage":"fr-FR","potentialAction":[{"@type":"ReadAction","target":["https:\/\/www.webdo.tn\/fr\/actualite\/national\/tunisie-lancement-de-la-campagne-pour-le-retrait-du-mandat-dun-elu\/381965\/"]}]},{"@type":"ImageObject","inLanguage":"fr-FR","@id":"https:\/\/www.webdo.tn\/fr\/actualite\/national\/tunisie-lancement-de-la-campagne-pour-le-retrait-du-mandat-dun-elu\/381965\/#primaryimage","url":"https:\/\/www.webdo.tn\/fr\/wp-content\/uploads\/2025\/08\/ISIE.jpg","contentUrl":"https:\/\/www.webdo.tn\/fr\/wp-content\/uploads\/2025\/08\/ISIE.jpg","width":850,"height":491,"caption":"Tunisie : Lancement de la campagne pour le retrait du mandat d\u2019un \u00e9lu"},{"@type":"BreadcrumbList","@id":"https:\/\/www.webdo.tn\/fr\/actualite\/national\/tunisie-lancement-de-la-campagne-pour-le-retrait-du-mandat-dun-elu\/381965\/#breadcrumb","itemListElement":[{"@type":"ListItem","position":1,"name":"Accueil","item":"https:\/\/www.webdo.tn\/fr\/"},{"@type":"ListItem","position":2,"name":"Tunisie : Lancement de la campagne pour le retrait du mandat d\u2019un \u00e9lu"}]},{"@type":"WebSite","@id":"https:\/\/www.webdo.tn\/fr\/#website","url":"https:\/\/www.webdo.tn\/fr\/","name":"webdo","description":"Tunisie - News en Tunisie et \u00e0 l&#039;international sur Webdo.tn","publisher":{"@id":"https:\/\/www.webdo.tn\/fr\/#organization"},"potentialAction":[{"@type":"SearchAction","target":{"@type":"EntryPoint","urlTemplate":"https:\/\/www.webdo.tn\/fr\/?s={search_term_string}"},"query-input":{"@type":"PropertyValueSpecification","valueRequired":true,"valueName":"search_term_string"}}],"inLanguage":"fr-FR"},{"@type":"Organization","@id":"https:\/\/www.webdo.tn\/fr\/#organization","name":"Webdo","alternateName":"Webdo.tn","url":"https:\/\/www.webdo.tn\/fr\/","logo":{"@type":"ImageObject","inLanguage":"fr-FR","@id":"https:\/\/www.webdo.tn\/fr\/#\/schema\/logo\/image\/","url":"https:\/\/www.webdo.tn\/fr\/wp-content\/uploads\/2025\/06\/Webdo-Tunisie_168377.jpg","contentUrl":"https:\/\/www.webdo.tn\/fr\/wp-content\/uploads\/2025\/06\/Webdo-Tunisie_168377.jpg","width":301,"height":301,"caption":"Webdo"},"image":{"@id":"https:\/\/www.webdo.tn\/fr\/#\/schema\/logo\/image\/"},"sameAs":["https:\/\/www.facebook.com\/webdotn","https:\/\/x.com\/webdo_tn"],"description":"Webdo est un m\u00e9dia num\u00e9rique tunisien fond\u00e9 en 2010, sp\u00e9cialis\u00e9 dans l\u2019actualit\u00e9 nationale et internationale, l\u2019\u00e9conomie, la soci\u00e9t\u00e9 et les analyses politiques. Le site s\u2019adresse \u00e0 un large public francophone et couvre l\u2019information tunisienne en temps r\u00e9el.","email":"redac@webdo.tn","legalName":"YNJ SARL","foundingDate":"2010-09-06","numberOfEmployees":{"@type":"QuantitativeValue","minValue":"11","maxValue":"50"}},{"@type":"Person","@id":"https:\/\/www.webdo.tn\/fr\/#\/schema\/person\/c652cd8fc2b1b44412b5ffb48c5a911d","name":"Mohamed Hedi Touati","image":{"@type":"ImageObject","inLanguage":"fr-FR","@id":"https:\/\/secure.gravatar.com\/avatar\/9cfd402c745b7a685f13eed0ea6e59d2144a3c2fc50a3db6fd5ed451f6cddf1a?s=96&d=mm&r=g","url":"https:\/\/secure.gravatar.com\/avatar\/9cfd402c745b7a685f13eed0ea6e59d2144a3c2fc50a3db6fd5ed451f6cddf1a?s=96&d=mm&r=g","contentUrl":"https:\/\/secure.gravatar.com\/avatar\/9cfd402c745b7a685f13eed0ea6e59d2144a3c2fc50a3db6fd5ed451f6cddf1a?s=96&d=mm&r=g","caption":"Mohamed Hedi Touati"},"url":"https:\/\/www.webdo.tn\/fr\/actualite\/author\/mohamed-hedi-touati\/"}]}},"_links":{"self":[{"href":"https:\/\/www.webdo.tn\/fr\/wp-json\/wp\/v2\/posts\/381965","targetHints":{"allow":["GET"]}}],"collection":[{"href":"https:\/\/www.webdo.tn\/fr\/wp-json\/wp\/v2\/posts"}],"about":[{"href":"https:\/\/www.webdo.tn\/fr\/wp-json\/wp\/v2\/types\/post"}],"author":[{"embeddable":true,"href":"https:\/\/www.webdo.tn\/fr\/wp-json\/wp\/v2\/users\/3191"}],"replies":[{"embeddable":true,"href":"https:\/\/www.webdo.tn\/fr\/wp-json\/wp\/v2\/comments?post=381965"}],"version-history":[{"count":0,"href":"https:\/\/www.webdo.tn\/fr\/wp-json\/wp\/v2\/posts\/381965\/revisions"}],"wp:featuredmedia":[{"embeddable":true,"href":"https:\/\/www.webdo.tn\/fr\/wp-json\/wp\/v2\/media\/381966"}],"wp:attachment":[{"href":"https:\/\/www.webdo.tn\/fr\/wp-json\/wp\/v2\/media?parent=381965"}],"wp:term":[{"taxonomy":"category","embeddable":true,"href":"https:\/\/www.webdo.tn\/fr\/wp-json\/wp\/v2\/categories?post=381965"},{"taxonomy":"post_tag","embeddable":true,"href":"https:\/\/www.webdo.tn\/fr\/wp-json\/wp\/v2\/tags?post=381965"}],"curies":[{"name":"wp","href":"https:\/\/api.w.org\/{rel}","templated":true}]}}