{"id":381961,"date":"2025-08-24T11:11:15","date_gmt":"2025-08-24T10:11:15","guid":{"rendered":"https:\/\/www.webdo.tn\/fr\/?p=381961"},"modified":"2025-08-24T11:13:02","modified_gmt":"2025-08-24T10:13:02","slug":"hommage-kalthoum-bornaz-toujours-dans-nos-memoires","status":"publish","type":"post","link":"https:\/\/www.webdo.tn\/fr\/actualite\/chroniques\/hommage-kalthoum-bornaz-toujours-dans-nos-memoires\/381961\/","title":{"rendered":"Hommage : Kalthoum Bornaz, toujours dans nos m\u00e9moires"},"content":{"rendered":"\n<p><strong>Cin\u00e9aste et esth\u00e9te, Kalthoum Bornaz \u00e9tait n\u00e9e un 24 ao\u00fbt, il y a quatre-vingt ans. D\u00e9c\u00e9d\u00e9e le 3 septembre dans un accident domestique, sa m\u00e9moire reste vive et d\u00e9sormais une rue porte son nom.<\/strong><\/p>\n\n\n\n<p>Kalthoum Bornaz nous a laiss\u00e9 de nombreux films dont \u00ab\u00a0Chtar Mhaba\u00a0\u00bb et \u00ab\u00a0Kesswa\u00a0\u00bb restent inoubliables.<\/p>\n\n\n\n<p>Elle a \u00e9galement r\u00e9alis\u00e9 \u00ab\u00a0Trois personnages en qu\u00eate d&rsquo;un th\u00e9\u00e2tre\u00a0\u00bb, un film qui en 1987, revenait sur les mobilisations qui avaient sauv\u00e9 le Th\u00e9\u00e2tre municipal de la d\u00e9molition et racontait l&rsquo;histoire de la v\u00e9n\u00e9rable Bonbonni\u00e8re de Tunis.<\/p>\n\n\n\n<p>Ce film de Kalthoum Bornaz revient au devant de l&rsquo;actualit\u00e9 alors que la soci\u00e9t\u00e9 civile se mobilise aujourd&rsquo;hui pour que l&rsquo;h\u00f4tel du lac ne disparaisse pas.<\/p>\n\n\n\n<p>Paix \u00e0 l&rsquo;\u00e2me d&rsquo;une cin\u00e9aste exemplaire qui fut d\u00e8s 1968 l&rsquo;une des premi\u00e8res tunisiennes \u00e0 \u00eatre dipl\u00f4m\u00e9e de l&rsquo;Institut des Hautes \u00e9tudes cin\u00e9matographiques \u00ab\u00a0IDHEC\u00a0\u00bb.<\/p>\n\n\n\n<p><\/p>\n\n\n\n<ul class=\"wp-block-list\">\n<li>Lire aussi : <a href=\"https:\/\/www.webdo.tn\/fr\/actualite\/culture\/personnalites-tunisiennes-ont-quittes-2016\/116778\/\">Les personnalit\u00e9s tunisiennes qui nous ont quitt\u00e9s en 2016<\/a><\/li>\n<\/ul>\n","protected":false},"excerpt":{"rendered":"<p>Cin\u00e9aste et esth\u00e9te, Kalthoum Bornaz \u00e9tait n\u00e9e un 24 ao\u00fbt, il y a quatre-vingt ans. D\u00e9c\u00e9d\u00e9e le 3 septembre dans un accident domestique, sa m\u00e9moire reste vive et d\u00e9sormais une rue porte son nom. Kalthoum Bornaz nous a laiss\u00e9 de nombreux films dont \u00ab\u00a0Chtar Mhaba\u00a0\u00bb et \u00ab\u00a0Kesswa\u00a0\u00bb restent inoubliables. Elle a \u00e9galement r\u00e9alis\u00e9 \u00ab\u00a0Trois personnages [&hellip;]<\/p>\n","protected":false},"author":3229,"featured_media":381962,"comment_status":"closed","ping_status":"closed","sticky":false,"template":"","format":"standard","meta":{"footnotes":""},"categories":[2596,2594],"tags":[3106,12473,2608],"class_list":["post-381961","post","type-post","status-publish","format-standard","has-post-thumbnail","hentry","category-chroniques","category-culture","tag-hommage","tag-kalthoum-bornaz","tag-tunisie"],"yoast_head":"<!-- This site is optimized with the Yoast SEO Premium plugin v27.5 (Yoast SEO v27.5) - https:\/\/yoast.com\/product\/yoast-seo-premium-wordpress\/ -->\n<title>Hommage : Kalthoum Bornaz, toujours dans nos m\u00e9moires - webdo<\/title>\n<meta name=\"description\" content=\"Hommage \u00e0 Kalthoum Bornaz : une cin\u00e9aste qui a marqu\u00e9 le cin\u00e9ma et l&#039;histoire culturelle de la Tunisie.\" \/>\n<link rel=\"canonical\" href=\"https:\/\/www.webdo.tn\/fr\/actualite\/chroniques\/hommage-kalthoum-bornaz-toujours-dans-nos-memoires\/381961\/\" \/>\n<meta property=\"og:locale\" content=\"fr_FR\" \/>\n<meta property=\"og:type\" content=\"article\" \/>\n<meta property=\"og:title\" content=\"Hommage : Kalthoum Bornaz, toujours dans nos m\u00e9moires\" \/>\n<meta property=\"og:description\" content=\"Hommage \u00e0 Kalthoum Bornaz : une cin\u00e9aste qui a marqu\u00e9 le cin\u00e9ma et l&#039;histoire culturelle de la Tunisie.\" \/>\n<meta property=\"og:url\" content=\"https:\/\/www.webdo.tn\/fr\/actualite\/chroniques\/hommage-kalthoum-bornaz-toujours-dans-nos-memoires\/381961\/\" \/>\n<meta property=\"og:site_name\" content=\"webdo\" \/>\n<meta property=\"article:publisher\" content=\"https:\/\/www.facebook.com\/webdotn\" \/>\n<meta property=\"article:author\" content=\"https:\/\/www.facebook.com\/hatem.bourial.2025\" \/>\n<meta property=\"article:published_time\" content=\"2025-08-24T10:11:15+00:00\" \/>\n<meta property=\"article:modified_time\" content=\"2025-08-24T10:13:02+00:00\" \/>\n<meta property=\"og:image\" content=\"https:\/\/www.webdo.tn\/fr\/wp-content\/uploads\/2025\/08\/KalthoumBornaz_11.jpg\" \/>\n\t<meta property=\"og:image:width\" content=\"1842\" \/>\n\t<meta property=\"og:image:height\" content=\"1217\" \/>\n\t<meta property=\"og:image:type\" content=\"image\/jpeg\" \/>\n<meta name=\"author\" content=\"Hatem Bourial\" \/>\n<meta name=\"twitter:card\" content=\"summary_large_image\" \/>\n<meta name=\"twitter:creator\" content=\"@webdo_tn\" \/>\n<meta name=\"twitter:site\" content=\"@webdo_tn\" \/>\n<meta name=\"twitter:label1\" content=\"\u00c9crit par\" \/>\n\t<meta name=\"twitter:data1\" content=\"Hatem Bourial\" \/>\n\t<meta name=\"twitter:label2\" content=\"Dur\u00e9e de lecture estim\u00e9e\" \/>\n\t<meta name=\"twitter:data2\" content=\"1 minute\" \/>\n<script type=\"application\/ld+json\" class=\"yoast-schema-graph\">{\"@context\":\"https:\\\/\\\/schema.org\",\"@graph\":[{\"@type\":\"NewsArticle\",\"@id\":\"https:\\\/\\\/www.webdo.tn\\\/fr\\\/actualite\\\/chroniques\\\/hommage-kalthoum-bornaz-toujours-dans-nos-memoires\\\/381961\\\/#article\",\"isPartOf\":{\"@id\":\"https:\\\/\\\/www.webdo.tn\\\/fr\\\/actualite\\\/chroniques\\\/hommage-kalthoum-bornaz-toujours-dans-nos-memoires\\\/381961\\\/\"},\"author\":{\"name\":\"Hatem Bourial\",\"@id\":\"https:\\\/\\\/www.webdo.tn\\\/fr\\\/#\\\/schema\\\/person\\\/6bc0beba2cd23aec27cb5df85ca2554f\"},\"headline\":\"Hommage : Kalthoum Bornaz, toujours dans nos m\u00e9moires\",\"datePublished\":\"2025-08-24T10:11:15+00:00\",\"dateModified\":\"2025-08-24T10:13:02+00:00\",\"mainEntityOfPage\":{\"@id\":\"https:\\\/\\\/www.webdo.tn\\\/fr\\\/actualite\\\/chroniques\\\/hommage-kalthoum-bornaz-toujours-dans-nos-memoires\\\/381961\\\/\"},\"wordCount\":184,\"publisher\":{\"@id\":\"https:\\\/\\\/www.webdo.tn\\\/fr\\\/#organization\"},\"image\":{\"@id\":\"https:\\\/\\\/www.webdo.tn\\\/fr\\\/actualite\\\/chroniques\\\/hommage-kalthoum-bornaz-toujours-dans-nos-memoires\\\/381961\\\/#primaryimage\"},\"thumbnailUrl\":\"https:\\\/\\\/www.webdo.tn\\\/fr\\\/wp-content\\\/uploads\\\/2025\\\/08\\\/KalthoumBornaz_11.jpg\",\"keywords\":[\"Hommage\",\"Kalthoum Bornaz\",\"Tunisie\"],\"articleSection\":[\"Chroniques\",\"Culture\"],\"inLanguage\":\"fr-FR\"},{\"@type\":\"WebPage\",\"@id\":\"https:\\\/\\\/www.webdo.tn\\\/fr\\\/actualite\\\/chroniques\\\/hommage-kalthoum-bornaz-toujours-dans-nos-memoires\\\/381961\\\/\",\"url\":\"https:\\\/\\\/www.webdo.tn\\\/fr\\\/actualite\\\/chroniques\\\/hommage-kalthoum-bornaz-toujours-dans-nos-memoires\\\/381961\\\/\",\"name\":\"Hommage : Kalthoum Bornaz, toujours dans nos m\u00e9moires - webdo\",\"isPartOf\":{\"@id\":\"https:\\\/\\\/www.webdo.tn\\\/fr\\\/#website\"},\"primaryImageOfPage\":{\"@id\":\"https:\\\/\\\/www.webdo.tn\\\/fr\\\/actualite\\\/chroniques\\\/hommage-kalthoum-bornaz-toujours-dans-nos-memoires\\\/381961\\\/#primaryimage\"},\"image\":{\"@id\":\"https:\\\/\\\/www.webdo.tn\\\/fr\\\/actualite\\\/chroniques\\\/hommage-kalthoum-bornaz-toujours-dans-nos-memoires\\\/381961\\\/#primaryimage\"},\"thumbnailUrl\":\"https:\\\/\\\/www.webdo.tn\\\/fr\\\/wp-content\\\/uploads\\\/2025\\\/08\\\/KalthoumBornaz_11.jpg\",\"datePublished\":\"2025-08-24T10:11:15+00:00\",\"dateModified\":\"2025-08-24T10:13:02+00:00\",\"description\":\"Hommage \u00e0 Kalthoum Bornaz : une cin\u00e9aste qui a marqu\u00e9 le cin\u00e9ma et l'histoire culturelle de la Tunisie.\",\"breadcrumb\":{\"@id\":\"https:\\\/\\\/www.webdo.tn\\\/fr\\\/actualite\\\/chroniques\\\/hommage-kalthoum-bornaz-toujours-dans-nos-memoires\\\/381961\\\/#breadcrumb\"},\"inLanguage\":\"fr-FR\",\"potentialAction\":[{\"@type\":\"ReadAction\",\"target\":[\"https:\\\/\\\/www.webdo.tn\\\/fr\\\/actualite\\\/chroniques\\\/hommage-kalthoum-bornaz-toujours-dans-nos-memoires\\\/381961\\\/\"]}]},{\"@type\":\"ImageObject\",\"inLanguage\":\"fr-FR\",\"@id\":\"https:\\\/\\\/www.webdo.tn\\\/fr\\\/actualite\\\/chroniques\\\/hommage-kalthoum-bornaz-toujours-dans-nos-memoires\\\/381961\\\/#primaryimage\",\"url\":\"https:\\\/\\\/www.webdo.tn\\\/fr\\\/wp-content\\\/uploads\\\/2025\\\/08\\\/KalthoumBornaz_11.jpg\",\"contentUrl\":\"https:\\\/\\\/www.webdo.tn\\\/fr\\\/wp-content\\\/uploads\\\/2025\\\/08\\\/KalthoumBornaz_11.jpg\",\"width\":1842,\"height\":1217,\"caption\":\"Hommage : Kalthoum Bornaz, toujours dans nos m\u00e9moires\"},{\"@type\":\"BreadcrumbList\",\"@id\":\"https:\\\/\\\/www.webdo.tn\\\/fr\\\/actualite\\\/chroniques\\\/hommage-kalthoum-bornaz-toujours-dans-nos-memoires\\\/381961\\\/#breadcrumb\",\"itemListElement\":[{\"@type\":\"ListItem\",\"position\":1,\"name\":\"Accueil\",\"item\":\"https:\\\/\\\/www.webdo.tn\\\/fr\\\/\"},{\"@type\":\"ListItem\",\"position\":2,\"name\":\"Hommage : Kalthoum Bornaz, toujours dans nos m\u00e9moires\"}]},{\"@type\":\"WebSite\",\"@id\":\"https:\\\/\\\/www.webdo.tn\\\/fr\\\/#website\",\"url\":\"https:\\\/\\\/www.webdo.tn\\\/fr\\\/\",\"name\":\"webdo\",\"description\":\"Tunisie - News en Tunisie et \u00e0 l&#039;international sur Webdo.tn\",\"publisher\":{\"@id\":\"https:\\\/\\\/www.webdo.tn\\\/fr\\\/#organization\"},\"potentialAction\":[{\"@type\":\"SearchAction\",\"target\":{\"@type\":\"EntryPoint\",\"urlTemplate\":\"https:\\\/\\\/www.webdo.tn\\\/fr\\\/?s={search_term_string}\"},\"query-input\":{\"@type\":\"PropertyValueSpecification\",\"valueRequired\":true,\"valueName\":\"search_term_string\"}}],\"inLanguage\":\"fr-FR\"},{\"@type\":\"Organization\",\"@id\":\"https:\\\/\\\/www.webdo.tn\\\/fr\\\/#organization\",\"name\":\"Webdo\",\"alternateName\":\"Webdo.tn\",\"url\":\"https:\\\/\\\/www.webdo.tn\\\/fr\\\/\",\"logo\":{\"@type\":\"ImageObject\",\"inLanguage\":\"fr-FR\",\"@id\":\"https:\\\/\\\/www.webdo.tn\\\/fr\\\/#\\\/schema\\\/logo\\\/image\\\/\",\"url\":\"https:\\\/\\\/www.webdo.tn\\\/fr\\\/wp-content\\\/uploads\\\/2025\\\/06\\\/Webdo-Tunisie_168377.jpg\",\"contentUrl\":\"https:\\\/\\\/www.webdo.tn\\\/fr\\\/wp-content\\\/uploads\\\/2025\\\/06\\\/Webdo-Tunisie_168377.jpg\",\"width\":301,\"height\":301,\"caption\":\"Webdo\"},\"image\":{\"@id\":\"https:\\\/\\\/www.webdo.tn\\\/fr\\\/#\\\/schema\\\/logo\\\/image\\\/\"},\"sameAs\":[\"https:\\\/\\\/www.facebook.com\\\/webdotn\",\"https:\\\/\\\/x.com\\\/webdo_tn\"],\"description\":\"Webdo est un m\u00e9dia num\u00e9rique tunisien fond\u00e9 en 2010, sp\u00e9cialis\u00e9 dans l\u2019actualit\u00e9 nationale et internationale, l\u2019\u00e9conomie, la soci\u00e9t\u00e9 et les analyses politiques. Le site s\u2019adresse \u00e0 un large public francophone et couvre l\u2019information tunisienne en temps r\u00e9el.\",\"email\":\"redac@webdo.tn\",\"legalName\":\"YNJ SARL\",\"foundingDate\":\"2010-09-06\",\"numberOfEmployees\":{\"@type\":\"QuantitativeValue\",\"minValue\":\"11\",\"maxValue\":\"50\"}},{\"@type\":\"Person\",\"@id\":\"https:\\\/\\\/www.webdo.tn\\\/fr\\\/#\\\/schema\\\/person\\\/6bc0beba2cd23aec27cb5df85ca2554f\",\"name\":\"Hatem Bourial\",\"image\":{\"@type\":\"ImageObject\",\"inLanguage\":\"fr-FR\",\"@id\":\"https:\\\/\\\/www.webdo.tn\\\/fr\\\/wp-content\\\/uploads\\\/2026\\\/04\\\/hatem-bourial_avatar-96x96.jpg\",\"url\":\"https:\\\/\\\/www.webdo.tn\\\/fr\\\/wp-content\\\/uploads\\\/2026\\\/04\\\/hatem-bourial_avatar-96x96.jpg\",\"contentUrl\":\"https:\\\/\\\/www.webdo.tn\\\/fr\\\/wp-content\\\/uploads\\\/2026\\\/04\\\/hatem-bourial_avatar-96x96.jpg\",\"caption\":\"Hatem Bourial\"},\"description\":\"Hatem Bourial est journaliste, \u00e9crivain et chroniqueur tunisien. Actif depuis plusieurs d\u00e9cennies, il s\u2019est impos\u00e9 comme un observateur attentif de la soci\u00e9t\u00e9 tunisienne, m\u00ealant dans ses \u00e9crits m\u00e9moire, culture et analyse du quotidien. Auteur de nombreux ouvrages, il d\u00e9veloppe une \u0153uvre \u00e0 la crois\u00e9e du r\u00e9cit, de la po\u00e9sie et de l\u2019observation sociologique. Parall\u00e8lement \u00e0 ses contributions dans la presse, il intervient r\u00e9guli\u00e8rement \u00e0 la radio et dans des espaces culturels, o\u00f9 il explore les enjeux li\u00e9s au patrimoine, \u00e0 l\u2019identit\u00e9 et aux transformations du monde contemporain. \u00c0 travers ses chroniques, Hatem Bourial propose une lecture sensible et approfondie de l\u2019actualit\u00e9, nourrie par une exp\u00e9rience journalistique et litt\u00e9raire reconnue. \ud83d\udd17 Facebook : https:\\\/\\\/www.facebook.com\\\/hatem.bourial.2025\",\"sameAs\":[\"https:\\\/\\\/www.facebook.com\\\/hatem.bourial.2025\",\"https:\\\/\\\/fr.wikipedia.org\\\/wiki\\\/Fichier:Hatem_Bourial.jpg\"],\"knowsAbout\":[\"Culture & patrimoine tunisien\",\"Chronique soci\u00e9tale\",\"Litt\u00e9rature & m\u00e9moire\",\"Cin\u00e9ma & critique culturelle\",\"Identit\u00e9 & mutations sociales\"],\"knowsLanguage\":[\"Arabe\",\"Fran\u00e7ais\",\"Anglais\",\"Italien\",\"Polonais\"],\"jobTitle\":\"Journaliste, \u00e9crivain et chroniqueur culturel\",\"worksFor\":\"Webdo\",\"url\":\"https:\\\/\\\/www.webdo.tn\\\/fr\\\/actualite\\\/author\\\/hatem-bourial-2\\\/\"}]}<\/script>\n<!-- \/ Yoast SEO Premium plugin. -->","yoast_head_json":{"title":"Hommage : Kalthoum Bornaz, toujours dans nos m\u00e9moires - webdo","description":"Hommage \u00e0 Kalthoum Bornaz : une cin\u00e9aste qui a marqu\u00e9 le cin\u00e9ma et l'histoire culturelle de la Tunisie.","canonical":"https:\/\/www.webdo.tn\/fr\/actualite\/chroniques\/hommage-kalthoum-bornaz-toujours-dans-nos-memoires\/381961\/","og_locale":"fr_FR","og_type":"article","og_title":"Hommage : Kalthoum Bornaz, toujours dans nos m\u00e9moires","og_description":"Hommage \u00e0 Kalthoum Bornaz : une cin\u00e9aste qui a marqu\u00e9 le cin\u00e9ma et l'histoire culturelle de la Tunisie.","og_url":"https:\/\/www.webdo.tn\/fr\/actualite\/chroniques\/hommage-kalthoum-bornaz-toujours-dans-nos-memoires\/381961\/","og_site_name":"webdo","article_publisher":"https:\/\/www.facebook.com\/webdotn","article_author":"https:\/\/www.facebook.com\/hatem.bourial.2025","article_published_time":"2025-08-24T10:11:15+00:00","article_modified_time":"2025-08-24T10:13:02+00:00","og_image":[{"width":1842,"height":1217,"url":"https:\/\/www.webdo.tn\/fr\/wp-content\/uploads\/2025\/08\/KalthoumBornaz_11.jpg","type":"image\/jpeg"}],"author":"Hatem Bourial","twitter_card":"summary_large_image","twitter_creator":"@webdo_tn","twitter_site":"@webdo_tn","twitter_misc":{"\u00c9crit par":"Hatem Bourial","Dur\u00e9e de lecture estim\u00e9e":"1 minute"},"schema":{"@context":"https:\/\/schema.org","@graph":[{"@type":"NewsArticle","@id":"https:\/\/www.webdo.tn\/fr\/actualite\/chroniques\/hommage-kalthoum-bornaz-toujours-dans-nos-memoires\/381961\/#article","isPartOf":{"@id":"https:\/\/www.webdo.tn\/fr\/actualite\/chroniques\/hommage-kalthoum-bornaz-toujours-dans-nos-memoires\/381961\/"},"author":{"name":"Hatem Bourial","@id":"https:\/\/www.webdo.tn\/fr\/#\/schema\/person\/6bc0beba2cd23aec27cb5df85ca2554f"},"headline":"Hommage : Kalthoum Bornaz, toujours dans nos m\u00e9moires","datePublished":"2025-08-24T10:11:15+00:00","dateModified":"2025-08-24T10:13:02+00:00","mainEntityOfPage":{"@id":"https:\/\/www.webdo.tn\/fr\/actualite\/chroniques\/hommage-kalthoum-bornaz-toujours-dans-nos-memoires\/381961\/"},"wordCount":184,"publisher":{"@id":"https:\/\/www.webdo.tn\/fr\/#organization"},"image":{"@id":"https:\/\/www.webdo.tn\/fr\/actualite\/chroniques\/hommage-kalthoum-bornaz-toujours-dans-nos-memoires\/381961\/#primaryimage"},"thumbnailUrl":"https:\/\/www.webdo.tn\/fr\/wp-content\/uploads\/2025\/08\/KalthoumBornaz_11.jpg","keywords":["Hommage","Kalthoum Bornaz","Tunisie"],"articleSection":["Chroniques","Culture"],"inLanguage":"fr-FR"},{"@type":"WebPage","@id":"https:\/\/www.webdo.tn\/fr\/actualite\/chroniques\/hommage-kalthoum-bornaz-toujours-dans-nos-memoires\/381961\/","url":"https:\/\/www.webdo.tn\/fr\/actualite\/chroniques\/hommage-kalthoum-bornaz-toujours-dans-nos-memoires\/381961\/","name":"Hommage : Kalthoum Bornaz, toujours dans nos m\u00e9moires - webdo","isPartOf":{"@id":"https:\/\/www.webdo.tn\/fr\/#website"},"primaryImageOfPage":{"@id":"https:\/\/www.webdo.tn\/fr\/actualite\/chroniques\/hommage-kalthoum-bornaz-toujours-dans-nos-memoires\/381961\/#primaryimage"},"image":{"@id":"https:\/\/www.webdo.tn\/fr\/actualite\/chroniques\/hommage-kalthoum-bornaz-toujours-dans-nos-memoires\/381961\/#primaryimage"},"thumbnailUrl":"https:\/\/www.webdo.tn\/fr\/wp-content\/uploads\/2025\/08\/KalthoumBornaz_11.jpg","datePublished":"2025-08-24T10:11:15+00:00","dateModified":"2025-08-24T10:13:02+00:00","description":"Hommage \u00e0 Kalthoum Bornaz : une cin\u00e9aste qui a marqu\u00e9 le cin\u00e9ma et l'histoire culturelle de la Tunisie.","breadcrumb":{"@id":"https:\/\/www.webdo.tn\/fr\/actualite\/chroniques\/hommage-kalthoum-bornaz-toujours-dans-nos-memoires\/381961\/#breadcrumb"},"inLanguage":"fr-FR","potentialAction":[{"@type":"ReadAction","target":["https:\/\/www.webdo.tn\/fr\/actualite\/chroniques\/hommage-kalthoum-bornaz-toujours-dans-nos-memoires\/381961\/"]}]},{"@type":"ImageObject","inLanguage":"fr-FR","@id":"https:\/\/www.webdo.tn\/fr\/actualite\/chroniques\/hommage-kalthoum-bornaz-toujours-dans-nos-memoires\/381961\/#primaryimage","url":"https:\/\/www.webdo.tn\/fr\/wp-content\/uploads\/2025\/08\/KalthoumBornaz_11.jpg","contentUrl":"https:\/\/www.webdo.tn\/fr\/wp-content\/uploads\/2025\/08\/KalthoumBornaz_11.jpg","width":1842,"height":1217,"caption":"Hommage : Kalthoum Bornaz, toujours dans nos m\u00e9moires"},{"@type":"BreadcrumbList","@id":"https:\/\/www.webdo.tn\/fr\/actualite\/chroniques\/hommage-kalthoum-bornaz-toujours-dans-nos-memoires\/381961\/#breadcrumb","itemListElement":[{"@type":"ListItem","position":1,"name":"Accueil","item":"https:\/\/www.webdo.tn\/fr\/"},{"@type":"ListItem","position":2,"name":"Hommage : Kalthoum Bornaz, toujours dans nos m\u00e9moires"}]},{"@type":"WebSite","@id":"https:\/\/www.webdo.tn\/fr\/#website","url":"https:\/\/www.webdo.tn\/fr\/","name":"webdo","description":"Tunisie - News en Tunisie et \u00e0 l&#039;international sur Webdo.tn","publisher":{"@id":"https:\/\/www.webdo.tn\/fr\/#organization"},"potentialAction":[{"@type":"SearchAction","target":{"@type":"EntryPoint","urlTemplate":"https:\/\/www.webdo.tn\/fr\/?s={search_term_string}"},"query-input":{"@type":"PropertyValueSpecification","valueRequired":true,"valueName":"search_term_string"}}],"inLanguage":"fr-FR"},{"@type":"Organization","@id":"https:\/\/www.webdo.tn\/fr\/#organization","name":"Webdo","alternateName":"Webdo.tn","url":"https:\/\/www.webdo.tn\/fr\/","logo":{"@type":"ImageObject","inLanguage":"fr-FR","@id":"https:\/\/www.webdo.tn\/fr\/#\/schema\/logo\/image\/","url":"https:\/\/www.webdo.tn\/fr\/wp-content\/uploads\/2025\/06\/Webdo-Tunisie_168377.jpg","contentUrl":"https:\/\/www.webdo.tn\/fr\/wp-content\/uploads\/2025\/06\/Webdo-Tunisie_168377.jpg","width":301,"height":301,"caption":"Webdo"},"image":{"@id":"https:\/\/www.webdo.tn\/fr\/#\/schema\/logo\/image\/"},"sameAs":["https:\/\/www.facebook.com\/webdotn","https:\/\/x.com\/webdo_tn"],"description":"Webdo est un m\u00e9dia num\u00e9rique tunisien fond\u00e9 en 2010, sp\u00e9cialis\u00e9 dans l\u2019actualit\u00e9 nationale et internationale, l\u2019\u00e9conomie, la soci\u00e9t\u00e9 et les analyses politiques. Le site s\u2019adresse \u00e0 un large public francophone et couvre l\u2019information tunisienne en temps r\u00e9el.","email":"redac@webdo.tn","legalName":"YNJ SARL","foundingDate":"2010-09-06","numberOfEmployees":{"@type":"QuantitativeValue","minValue":"11","maxValue":"50"}},{"@type":"Person","@id":"https:\/\/www.webdo.tn\/fr\/#\/schema\/person\/6bc0beba2cd23aec27cb5df85ca2554f","name":"Hatem Bourial","image":{"@type":"ImageObject","inLanguage":"fr-FR","@id":"https:\/\/www.webdo.tn\/fr\/wp-content\/uploads\/2026\/04\/hatem-bourial_avatar-96x96.jpg","url":"https:\/\/www.webdo.tn\/fr\/wp-content\/uploads\/2026\/04\/hatem-bourial_avatar-96x96.jpg","contentUrl":"https:\/\/www.webdo.tn\/fr\/wp-content\/uploads\/2026\/04\/hatem-bourial_avatar-96x96.jpg","caption":"Hatem Bourial"},"description":"Hatem Bourial est journaliste, \u00e9crivain et chroniqueur tunisien. Actif depuis plusieurs d\u00e9cennies, il s\u2019est impos\u00e9 comme un observateur attentif de la soci\u00e9t\u00e9 tunisienne, m\u00ealant dans ses \u00e9crits m\u00e9moire, culture et analyse du quotidien. Auteur de nombreux ouvrages, il d\u00e9veloppe une \u0153uvre \u00e0 la crois\u00e9e du r\u00e9cit, de la po\u00e9sie et de l\u2019observation sociologique. Parall\u00e8lement \u00e0 ses contributions dans la presse, il intervient r\u00e9guli\u00e8rement \u00e0 la radio et dans des espaces culturels, o\u00f9 il explore les enjeux li\u00e9s au patrimoine, \u00e0 l\u2019identit\u00e9 et aux transformations du monde contemporain. \u00c0 travers ses chroniques, Hatem Bourial propose une lecture sensible et approfondie de l\u2019actualit\u00e9, nourrie par une exp\u00e9rience journalistique et litt\u00e9raire reconnue. \ud83d\udd17 Facebook : https:\/\/www.facebook.com\/hatem.bourial.2025","sameAs":["https:\/\/www.facebook.com\/hatem.bourial.2025","https:\/\/fr.wikipedia.org\/wiki\/Fichier:Hatem_Bourial.jpg"],"knowsAbout":["Culture & patrimoine tunisien","Chronique soci\u00e9tale","Litt\u00e9rature & m\u00e9moire","Cin\u00e9ma & critique culturelle","Identit\u00e9 & mutations sociales"],"knowsLanguage":["Arabe","Fran\u00e7ais","Anglais","Italien","Polonais"],"jobTitle":"Journaliste, \u00e9crivain et chroniqueur culturel","worksFor":"Webdo","url":"https:\/\/www.webdo.tn\/fr\/actualite\/author\/hatem-bourial-2\/"}]}},"_links":{"self":[{"href":"https:\/\/www.webdo.tn\/fr\/wp-json\/wp\/v2\/posts\/381961","targetHints":{"allow":["GET"]}}],"collection":[{"href":"https:\/\/www.webdo.tn\/fr\/wp-json\/wp\/v2\/posts"}],"about":[{"href":"https:\/\/www.webdo.tn\/fr\/wp-json\/wp\/v2\/types\/post"}],"author":[{"embeddable":true,"href":"https:\/\/www.webdo.tn\/fr\/wp-json\/wp\/v2\/users\/3229"}],"replies":[{"embeddable":true,"href":"https:\/\/www.webdo.tn\/fr\/wp-json\/wp\/v2\/comments?post=381961"}],"version-history":[{"count":0,"href":"https:\/\/www.webdo.tn\/fr\/wp-json\/wp\/v2\/posts\/381961\/revisions"}],"wp:featuredmedia":[{"embeddable":true,"href":"https:\/\/www.webdo.tn\/fr\/wp-json\/wp\/v2\/media\/381962"}],"wp:attachment":[{"href":"https:\/\/www.webdo.tn\/fr\/wp-json\/wp\/v2\/media?parent=381961"}],"wp:term":[{"taxonomy":"category","embeddable":true,"href":"https:\/\/www.webdo.tn\/fr\/wp-json\/wp\/v2\/categories?post=381961"},{"taxonomy":"post_tag","embeddable":true,"href":"https:\/\/www.webdo.tn\/fr\/wp-json\/wp\/v2\/tags?post=381961"}],"curies":[{"name":"wp","href":"https:\/\/api.w.org\/{rel}","templated":true}]}}