{"id":381895,"date":"2025-08-22T18:34:01","date_gmt":"2025-08-22T17:34:01","guid":{"rendered":"https:\/\/www.webdo.tn\/fr\/?p=381895"},"modified":"2025-08-22T18:34:10","modified_gmt":"2025-08-22T17:34:10","slug":"tunisie-le-conseil-national-de-lhuile-prepare-la-saison-2025-2026","status":"publish","type":"post","link":"https:\/\/www.webdo.tn\/fr\/actualite\/national\/tunisie-le-conseil-national-de-lhuile-prepare-la-saison-2025-2026\/381895\/","title":{"rendered":"Tunisie : Le Conseil national de l\u2019huile pr\u00e9pare la saison 2025\/2026"},"content":{"rendered":"\n<p><strong>Le vendredi 22 ao\u00fbt 2025, le Conseil national de l\u2019huile s\u2019est r\u00e9uni sous la supervision du ministre de l\u2019Agriculture, des Ressources hydrauliques et de la P\u00eache, Ezzeddine Ben Cheikh. La r\u00e9union a rassembl\u00e9 des repr\u00e9sentants des structures publiques et de la fili\u00e8re ol\u00e9icole.<\/strong><\/p>\n\n\n\n<p>Le conseil a examin\u00e9 l\u2019avancement des exportations, les indicateurs mondiaux de production et de prix, ainsi que les programmes pour r\u00e9ussir la saison 2025\/2026. Les membres ont salu\u00e9 la tenue pr\u00e9coce de cette r\u00e9union, qui permet de mieux se pr\u00e9parer.<\/p>\n\n\n\n<p>Ils ont \u00e9tudi\u00e9 les propositions de la matrice de programmes et ajout\u00e9 de nouvelles recommandations. Ces mesures concernent toutes les \u00e9tapes de la fili\u00e8re : production, transformation, stockage et commercialisation.<\/p>\n\n\n\n<p>Le ministre a confirm\u00e9 qu\u2019il tiendrait compte de toutes les suggestions. Il a indiqu\u00e9 que les signes pour la prochaine saison sont positifs et a appel\u00e9 \u00e0 une coop\u00e9ration plus \u00e9troite entre tous les acteurs. L\u2019objectif est de corriger les lacunes de la saison pr\u00e9c\u00e9dente et de mieux coordonner les efforts pour assurer le bon d\u00e9roulement de la saison.<\/p>\n\n\n\n<p>Il convient de rappeler que durant la saison 2025\/2026, la Tunisie a export\u00e9 239 000 tonnes d\u2019huile d\u2019olive, soit une hausse de 35 % par rapport \u00e0 la m\u00eame p\u00e9riode l\u2019an dernier.<\/p>\n\n\n\n<p><strong>Lire aussi : <\/strong><\/p>\n\n\n\n<ul class=\"wp-block-list\">\n<li>Tunisie \u2013 Huile d\u2019olive : Hausse des volumes export\u00e9s malgr\u00e9 la chute des recettes<\/li>\n<\/ul>\n\n\n\n<p><\/p>\n","protected":false},"excerpt":{"rendered":"<p>Le vendredi 22 ao\u00fbt 2025, le Conseil national de l\u2019huile s\u2019est r\u00e9uni sous la supervision du ministre de l\u2019Agriculture, des Ressources hydrauliques et de la P\u00eache, Ezzeddine Ben Cheikh. La r\u00e9union a rassembl\u00e9 des repr\u00e9sentants des structures publiques et de la fili\u00e8re ol\u00e9icole. Le conseil a examin\u00e9 l\u2019avancement des exportations, les indicateurs mondiaux de production [&hellip;]<\/p>\n","protected":false},"author":4782,"featured_media":381896,"comment_status":"closed","ping_status":"closed","sticky":false,"template":"","format":"standard","meta":{"footnotes":""},"categories":[44],"tags":[12468,2874,2608],"class_list":["post-381895","post","type-post","status-publish","format-standard","has-post-thumbnail","hentry","category-national","tag-conseil-national-de-lhuile","tag-huile-dolive","tag-tunisie"],"yoast_head":"<!-- This site is optimized with the Yoast SEO Premium plugin v27.4 (Yoast SEO v27.4) - https:\/\/yoast.com\/product\/yoast-seo-premium-wordpress\/ -->\n<title>Tunisie : Le Conseil national de l\u2019huile pr\u00e9pare la saison 2025\/2026 - webdo<\/title>\n<meta name=\"description\" content=\"Le Conseil national de l&#039;huile a examin\u00e9 l&#039;avancement des exportations et propos\u00e9 des recommandations strat\u00e9giques.\" \/>\n<link rel=\"canonical\" href=\"https:\/\/www.webdo.tn\/fr\/actualite\/national\/tunisie-le-conseil-national-de-lhuile-prepare-la-saison-2025-2026\/381895\/\" \/>\n<meta property=\"og:locale\" content=\"fr_FR\" \/>\n<meta property=\"og:type\" content=\"article\" \/>\n<meta property=\"og:title\" content=\"Tunisie : Le Conseil national de l\u2019huile pr\u00e9pare la saison 2025\/2026\" \/>\n<meta property=\"og:description\" content=\"Le Conseil national de l&#039;huile a examin\u00e9 l&#039;avancement des exportations et propos\u00e9 des recommandations strat\u00e9giques.\" \/>\n<meta property=\"og:url\" content=\"https:\/\/www.webdo.tn\/fr\/actualite\/national\/tunisie-le-conseil-national-de-lhuile-prepare-la-saison-2025-2026\/381895\/\" \/>\n<meta property=\"og:site_name\" content=\"webdo\" \/>\n<meta property=\"article:publisher\" content=\"https:\/\/www.facebook.com\/webdotn\" \/>\n<meta property=\"article:published_time\" content=\"2025-08-22T17:34:01+00:00\" \/>\n<meta property=\"article:modified_time\" content=\"2025-08-22T17:34:10+00:00\" \/>\n<meta property=\"og:image\" content=\"https:\/\/www.webdo.tn\/fr\/wp-content\/uploads\/2025\/08\/536270117_1070257165274703_2195719466002962288_n.jpg\" \/>\n\t<meta property=\"og:image:width\" content=\"1280\" \/>\n\t<meta property=\"og:image:height\" content=\"853\" \/>\n\t<meta property=\"og:image:type\" content=\"image\/jpeg\" \/>\n<meta name=\"author\" content=\"Mohamed Fethi\" \/>\n<meta name=\"twitter:card\" content=\"summary_large_image\" \/>\n<meta name=\"twitter:creator\" content=\"@webdo_tn\" \/>\n<meta name=\"twitter:site\" content=\"@webdo_tn\" \/>\n<meta name=\"twitter:label1\" content=\"\u00c9crit par\" \/>\n\t<meta name=\"twitter:data1\" content=\"Mohamed Fethi\" \/>\n\t<meta name=\"twitter:label2\" content=\"Dur\u00e9e de lecture estim\u00e9e\" \/>\n\t<meta name=\"twitter:data2\" content=\"2 minutes\" \/>\n<script type=\"application\/ld+json\" class=\"yoast-schema-graph\">{\"@context\":\"https:\\\/\\\/schema.org\",\"@graph\":[{\"@type\":\"NewsArticle\",\"@id\":\"https:\\\/\\\/www.webdo.tn\\\/fr\\\/actualite\\\/national\\\/tunisie-le-conseil-national-de-lhuile-prepare-la-saison-2025-2026\\\/381895\\\/#article\",\"isPartOf\":{\"@id\":\"https:\\\/\\\/www.webdo.tn\\\/fr\\\/actualite\\\/national\\\/tunisie-le-conseil-national-de-lhuile-prepare-la-saison-2025-2026\\\/381895\\\/\"},\"author\":{\"name\":\"Mohamed Fethi\",\"@id\":\"https:\\\/\\\/www.webdo.tn\\\/fr\\\/#\\\/schema\\\/person\\\/16a4857e77dfc0b610c4c2cadffc9ac4\"},\"headline\":\"Tunisie : Le Conseil national de l\u2019huile pr\u00e9pare la saison 2025\\\/2026\",\"datePublished\":\"2025-08-22T17:34:01+00:00\",\"dateModified\":\"2025-08-22T17:34:10+00:00\",\"mainEntityOfPage\":{\"@id\":\"https:\\\/\\\/www.webdo.tn\\\/fr\\\/actualite\\\/national\\\/tunisie-le-conseil-national-de-lhuile-prepare-la-saison-2025-2026\\\/381895\\\/\"},\"wordCount\":247,\"publisher\":{\"@id\":\"https:\\\/\\\/www.webdo.tn\\\/fr\\\/#organization\"},\"image\":{\"@id\":\"https:\\\/\\\/www.webdo.tn\\\/fr\\\/actualite\\\/national\\\/tunisie-le-conseil-national-de-lhuile-prepare-la-saison-2025-2026\\\/381895\\\/#primaryimage\"},\"thumbnailUrl\":\"https:\\\/\\\/www.webdo.tn\\\/fr\\\/wp-content\\\/uploads\\\/2025\\\/08\\\/536270117_1070257165274703_2195719466002962288_n.jpg\",\"keywords\":[\"Conseil national de l'huile\",\"Huile d'olive\",\"Tunisie\"],\"articleSection\":[\"National\"],\"inLanguage\":\"fr-FR\"},{\"@type\":\"WebPage\",\"@id\":\"https:\\\/\\\/www.webdo.tn\\\/fr\\\/actualite\\\/national\\\/tunisie-le-conseil-national-de-lhuile-prepare-la-saison-2025-2026\\\/381895\\\/\",\"url\":\"https:\\\/\\\/www.webdo.tn\\\/fr\\\/actualite\\\/national\\\/tunisie-le-conseil-national-de-lhuile-prepare-la-saison-2025-2026\\\/381895\\\/\",\"name\":\"Tunisie : Le Conseil national de l\u2019huile pr\u00e9pare la saison 2025\\\/2026 - webdo\",\"isPartOf\":{\"@id\":\"https:\\\/\\\/www.webdo.tn\\\/fr\\\/#website\"},\"primaryImageOfPage\":{\"@id\":\"https:\\\/\\\/www.webdo.tn\\\/fr\\\/actualite\\\/national\\\/tunisie-le-conseil-national-de-lhuile-prepare-la-saison-2025-2026\\\/381895\\\/#primaryimage\"},\"image\":{\"@id\":\"https:\\\/\\\/www.webdo.tn\\\/fr\\\/actualite\\\/national\\\/tunisie-le-conseil-national-de-lhuile-prepare-la-saison-2025-2026\\\/381895\\\/#primaryimage\"},\"thumbnailUrl\":\"https:\\\/\\\/www.webdo.tn\\\/fr\\\/wp-content\\\/uploads\\\/2025\\\/08\\\/536270117_1070257165274703_2195719466002962288_n.jpg\",\"datePublished\":\"2025-08-22T17:34:01+00:00\",\"dateModified\":\"2025-08-22T17:34:10+00:00\",\"description\":\"Le Conseil national de l'huile a examin\u00e9 l'avancement des exportations et propos\u00e9 des recommandations strat\u00e9giques.\",\"breadcrumb\":{\"@id\":\"https:\\\/\\\/www.webdo.tn\\\/fr\\\/actualite\\\/national\\\/tunisie-le-conseil-national-de-lhuile-prepare-la-saison-2025-2026\\\/381895\\\/#breadcrumb\"},\"inLanguage\":\"fr-FR\",\"potentialAction\":[{\"@type\":\"ReadAction\",\"target\":[\"https:\\\/\\\/www.webdo.tn\\\/fr\\\/actualite\\\/national\\\/tunisie-le-conseil-national-de-lhuile-prepare-la-saison-2025-2026\\\/381895\\\/\"]}]},{\"@type\":\"ImageObject\",\"inLanguage\":\"fr-FR\",\"@id\":\"https:\\\/\\\/www.webdo.tn\\\/fr\\\/actualite\\\/national\\\/tunisie-le-conseil-national-de-lhuile-prepare-la-saison-2025-2026\\\/381895\\\/#primaryimage\",\"url\":\"https:\\\/\\\/www.webdo.tn\\\/fr\\\/wp-content\\\/uploads\\\/2025\\\/08\\\/536270117_1070257165274703_2195719466002962288_n.jpg\",\"contentUrl\":\"https:\\\/\\\/www.webdo.tn\\\/fr\\\/wp-content\\\/uploads\\\/2025\\\/08\\\/536270117_1070257165274703_2195719466002962288_n.jpg\",\"width\":1280,\"height\":853},{\"@type\":\"BreadcrumbList\",\"@id\":\"https:\\\/\\\/www.webdo.tn\\\/fr\\\/actualite\\\/national\\\/tunisie-le-conseil-national-de-lhuile-prepare-la-saison-2025-2026\\\/381895\\\/#breadcrumb\",\"itemListElement\":[{\"@type\":\"ListItem\",\"position\":1,\"name\":\"Accueil\",\"item\":\"https:\\\/\\\/www.webdo.tn\\\/fr\\\/\"},{\"@type\":\"ListItem\",\"position\":2,\"name\":\"Tunisie : Le Conseil national de l\u2019huile pr\u00e9pare la saison 2025\\\/2026\"}]},{\"@type\":\"WebSite\",\"@id\":\"https:\\\/\\\/www.webdo.tn\\\/fr\\\/#website\",\"url\":\"https:\\\/\\\/www.webdo.tn\\\/fr\\\/\",\"name\":\"webdo\",\"description\":\"Tunisie - News en Tunisie et \u00e0 l&#039;international sur Webdo.tn\",\"publisher\":{\"@id\":\"https:\\\/\\\/www.webdo.tn\\\/fr\\\/#organization\"},\"potentialAction\":[{\"@type\":\"SearchAction\",\"target\":{\"@type\":\"EntryPoint\",\"urlTemplate\":\"https:\\\/\\\/www.webdo.tn\\\/fr\\\/?s={search_term_string}\"},\"query-input\":{\"@type\":\"PropertyValueSpecification\",\"valueRequired\":true,\"valueName\":\"search_term_string\"}}],\"inLanguage\":\"fr-FR\"},{\"@type\":\"Organization\",\"@id\":\"https:\\\/\\\/www.webdo.tn\\\/fr\\\/#organization\",\"name\":\"Webdo\",\"alternateName\":\"Webdo.tn\",\"url\":\"https:\\\/\\\/www.webdo.tn\\\/fr\\\/\",\"logo\":{\"@type\":\"ImageObject\",\"inLanguage\":\"fr-FR\",\"@id\":\"https:\\\/\\\/www.webdo.tn\\\/fr\\\/#\\\/schema\\\/logo\\\/image\\\/\",\"url\":\"https:\\\/\\\/www.webdo.tn\\\/fr\\\/wp-content\\\/uploads\\\/2025\\\/06\\\/Webdo-Tunisie_168377.jpg\",\"contentUrl\":\"https:\\\/\\\/www.webdo.tn\\\/fr\\\/wp-content\\\/uploads\\\/2025\\\/06\\\/Webdo-Tunisie_168377.jpg\",\"width\":301,\"height\":301,\"caption\":\"Webdo\"},\"image\":{\"@id\":\"https:\\\/\\\/www.webdo.tn\\\/fr\\\/#\\\/schema\\\/logo\\\/image\\\/\"},\"sameAs\":[\"https:\\\/\\\/www.facebook.com\\\/webdotn\",\"https:\\\/\\\/x.com\\\/webdo_tn\"],\"description\":\"Webdo est un m\u00e9dia num\u00e9rique tunisien fond\u00e9 en 2010, sp\u00e9cialis\u00e9 dans l\u2019actualit\u00e9 nationale et internationale, l\u2019\u00e9conomie, la soci\u00e9t\u00e9 et les analyses politiques. Le site s\u2019adresse \u00e0 un large public francophone et couvre l\u2019information tunisienne en temps r\u00e9el.\",\"email\":\"redac@webdo.tn\",\"legalName\":\"YNJ SARL\",\"foundingDate\":\"2010-09-06\",\"numberOfEmployees\":{\"@type\":\"QuantitativeValue\",\"minValue\":\"11\",\"maxValue\":\"50\"}},{\"@type\":\"Person\",\"@id\":\"https:\\\/\\\/www.webdo.tn\\\/fr\\\/#\\\/schema\\\/person\\\/16a4857e77dfc0b610c4c2cadffc9ac4\",\"name\":\"Mohamed Fethi\",\"image\":{\"@type\":\"ImageObject\",\"inLanguage\":\"fr-FR\",\"@id\":\"https:\\\/\\\/www.webdo.tn\\\/fr\\\/wp-content\\\/uploads\\\/2026\\\/04\\\/mohamed-fethi_avatar_1-96x96.jpg\",\"url\":\"https:\\\/\\\/www.webdo.tn\\\/fr\\\/wp-content\\\/uploads\\\/2026\\\/04\\\/mohamed-fethi_avatar_1-96x96.jpg\",\"contentUrl\":\"https:\\\/\\\/www.webdo.tn\\\/fr\\\/wp-content\\\/uploads\\\/2026\\\/04\\\/mohamed-fethi_avatar_1-96x96.jpg\",\"caption\":\"Mohamed Fethi\"},\"description\":\"Signature \u00e9ditoriale de Maher Chaabane Mohamed Fethi est le pseudonyme \u00e9ditorial de Maher Chaabane, r\u00e9dacteur en chef de Webdo.tn depuis 2012. Cette signature est d\u00e9di\u00e9e au traitement intensif de l'actualit\u00e9 nationale et internationale en temps r\u00e9el. S'appuyant sur les deux d\u00e9cennies d'expertise journalistique de Maher Chaabane \u2014 d\u00e9but\u00e9e au sein du groupe Tunis Hebdo en 2000 \u2014 Mohamed Fethi assure une veille rigoureuse sur les enjeux politiques, \u00e9conomiques et sportifs. Sa mission est de garantir une information structur\u00e9e, fluide et fid\u00e8le aux standards de la r\u00e9daction. Pour consulter le parcours complet du r\u00e9dacteur en chef, visitez le profil officiel de Maher Chaabane.\",\"knowsAbout\":[\"actualit\u00e9\",\"journalisme\",\"information\",\"politique\",\"sport\",\"m\u00e9dias\",\"actualit\u00e9 internationale\"],\"knowsLanguage\":[\"Fran\u00e7ais\",\"Arabe\"],\"jobTitle\":\"Journaliste \u2013 R\u00e9daction Webdo\",\"worksFor\":\"Webdo.tn\",\"url\":\"https:\\\/\\\/www.webdo.tn\\\/fr\\\/actualite\\\/author\\\/mohamed-fethi\\\/\"}]}<\/script>\n<!-- \/ Yoast SEO Premium plugin. -->","yoast_head_json":{"title":"Tunisie : Le Conseil national de l\u2019huile pr\u00e9pare la saison 2025\/2026 - webdo","description":"Le Conseil national de l'huile a examin\u00e9 l'avancement des exportations et propos\u00e9 des recommandations strat\u00e9giques.","canonical":"https:\/\/www.webdo.tn\/fr\/actualite\/national\/tunisie-le-conseil-national-de-lhuile-prepare-la-saison-2025-2026\/381895\/","og_locale":"fr_FR","og_type":"article","og_title":"Tunisie : Le Conseil national de l\u2019huile pr\u00e9pare la saison 2025\/2026","og_description":"Le Conseil national de l'huile a examin\u00e9 l'avancement des exportations et propos\u00e9 des recommandations strat\u00e9giques.","og_url":"https:\/\/www.webdo.tn\/fr\/actualite\/national\/tunisie-le-conseil-national-de-lhuile-prepare-la-saison-2025-2026\/381895\/","og_site_name":"webdo","article_publisher":"https:\/\/www.facebook.com\/webdotn","article_published_time":"2025-08-22T17:34:01+00:00","article_modified_time":"2025-08-22T17:34:10+00:00","og_image":[{"width":1280,"height":853,"url":"https:\/\/www.webdo.tn\/fr\/wp-content\/uploads\/2025\/08\/536270117_1070257165274703_2195719466002962288_n.jpg","type":"image\/jpeg"}],"author":"Mohamed Fethi","twitter_card":"summary_large_image","twitter_creator":"@webdo_tn","twitter_site":"@webdo_tn","twitter_misc":{"\u00c9crit par":"Mohamed Fethi","Dur\u00e9e de lecture estim\u00e9e":"2 minutes"},"schema":{"@context":"https:\/\/schema.org","@graph":[{"@type":"NewsArticle","@id":"https:\/\/www.webdo.tn\/fr\/actualite\/national\/tunisie-le-conseil-national-de-lhuile-prepare-la-saison-2025-2026\/381895\/#article","isPartOf":{"@id":"https:\/\/www.webdo.tn\/fr\/actualite\/national\/tunisie-le-conseil-national-de-lhuile-prepare-la-saison-2025-2026\/381895\/"},"author":{"name":"Mohamed Fethi","@id":"https:\/\/www.webdo.tn\/fr\/#\/schema\/person\/16a4857e77dfc0b610c4c2cadffc9ac4"},"headline":"Tunisie : Le Conseil national de l\u2019huile pr\u00e9pare la saison 2025\/2026","datePublished":"2025-08-22T17:34:01+00:00","dateModified":"2025-08-22T17:34:10+00:00","mainEntityOfPage":{"@id":"https:\/\/www.webdo.tn\/fr\/actualite\/national\/tunisie-le-conseil-national-de-lhuile-prepare-la-saison-2025-2026\/381895\/"},"wordCount":247,"publisher":{"@id":"https:\/\/www.webdo.tn\/fr\/#organization"},"image":{"@id":"https:\/\/www.webdo.tn\/fr\/actualite\/national\/tunisie-le-conseil-national-de-lhuile-prepare-la-saison-2025-2026\/381895\/#primaryimage"},"thumbnailUrl":"https:\/\/www.webdo.tn\/fr\/wp-content\/uploads\/2025\/08\/536270117_1070257165274703_2195719466002962288_n.jpg","keywords":["Conseil national de l'huile","Huile d'olive","Tunisie"],"articleSection":["National"],"inLanguage":"fr-FR"},{"@type":"WebPage","@id":"https:\/\/www.webdo.tn\/fr\/actualite\/national\/tunisie-le-conseil-national-de-lhuile-prepare-la-saison-2025-2026\/381895\/","url":"https:\/\/www.webdo.tn\/fr\/actualite\/national\/tunisie-le-conseil-national-de-lhuile-prepare-la-saison-2025-2026\/381895\/","name":"Tunisie : Le Conseil national de l\u2019huile pr\u00e9pare la saison 2025\/2026 - webdo","isPartOf":{"@id":"https:\/\/www.webdo.tn\/fr\/#website"},"primaryImageOfPage":{"@id":"https:\/\/www.webdo.tn\/fr\/actualite\/national\/tunisie-le-conseil-national-de-lhuile-prepare-la-saison-2025-2026\/381895\/#primaryimage"},"image":{"@id":"https:\/\/www.webdo.tn\/fr\/actualite\/national\/tunisie-le-conseil-national-de-lhuile-prepare-la-saison-2025-2026\/381895\/#primaryimage"},"thumbnailUrl":"https:\/\/www.webdo.tn\/fr\/wp-content\/uploads\/2025\/08\/536270117_1070257165274703_2195719466002962288_n.jpg","datePublished":"2025-08-22T17:34:01+00:00","dateModified":"2025-08-22T17:34:10+00:00","description":"Le Conseil national de l'huile a examin\u00e9 l'avancement des exportations et propos\u00e9 des recommandations strat\u00e9giques.","breadcrumb":{"@id":"https:\/\/www.webdo.tn\/fr\/actualite\/national\/tunisie-le-conseil-national-de-lhuile-prepare-la-saison-2025-2026\/381895\/#breadcrumb"},"inLanguage":"fr-FR","potentialAction":[{"@type":"ReadAction","target":["https:\/\/www.webdo.tn\/fr\/actualite\/national\/tunisie-le-conseil-national-de-lhuile-prepare-la-saison-2025-2026\/381895\/"]}]},{"@type":"ImageObject","inLanguage":"fr-FR","@id":"https:\/\/www.webdo.tn\/fr\/actualite\/national\/tunisie-le-conseil-national-de-lhuile-prepare-la-saison-2025-2026\/381895\/#primaryimage","url":"https:\/\/www.webdo.tn\/fr\/wp-content\/uploads\/2025\/08\/536270117_1070257165274703_2195719466002962288_n.jpg","contentUrl":"https:\/\/www.webdo.tn\/fr\/wp-content\/uploads\/2025\/08\/536270117_1070257165274703_2195719466002962288_n.jpg","width":1280,"height":853},{"@type":"BreadcrumbList","@id":"https:\/\/www.webdo.tn\/fr\/actualite\/national\/tunisie-le-conseil-national-de-lhuile-prepare-la-saison-2025-2026\/381895\/#breadcrumb","itemListElement":[{"@type":"ListItem","position":1,"name":"Accueil","item":"https:\/\/www.webdo.tn\/fr\/"},{"@type":"ListItem","position":2,"name":"Tunisie : Le Conseil national de l\u2019huile pr\u00e9pare la saison 2025\/2026"}]},{"@type":"WebSite","@id":"https:\/\/www.webdo.tn\/fr\/#website","url":"https:\/\/www.webdo.tn\/fr\/","name":"webdo","description":"Tunisie - News en Tunisie et \u00e0 l&#039;international sur Webdo.tn","publisher":{"@id":"https:\/\/www.webdo.tn\/fr\/#organization"},"potentialAction":[{"@type":"SearchAction","target":{"@type":"EntryPoint","urlTemplate":"https:\/\/www.webdo.tn\/fr\/?s={search_term_string}"},"query-input":{"@type":"PropertyValueSpecification","valueRequired":true,"valueName":"search_term_string"}}],"inLanguage":"fr-FR"},{"@type":"Organization","@id":"https:\/\/www.webdo.tn\/fr\/#organization","name":"Webdo","alternateName":"Webdo.tn","url":"https:\/\/www.webdo.tn\/fr\/","logo":{"@type":"ImageObject","inLanguage":"fr-FR","@id":"https:\/\/www.webdo.tn\/fr\/#\/schema\/logo\/image\/","url":"https:\/\/www.webdo.tn\/fr\/wp-content\/uploads\/2025\/06\/Webdo-Tunisie_168377.jpg","contentUrl":"https:\/\/www.webdo.tn\/fr\/wp-content\/uploads\/2025\/06\/Webdo-Tunisie_168377.jpg","width":301,"height":301,"caption":"Webdo"},"image":{"@id":"https:\/\/www.webdo.tn\/fr\/#\/schema\/logo\/image\/"},"sameAs":["https:\/\/www.facebook.com\/webdotn","https:\/\/x.com\/webdo_tn"],"description":"Webdo est un m\u00e9dia num\u00e9rique tunisien fond\u00e9 en 2010, sp\u00e9cialis\u00e9 dans l\u2019actualit\u00e9 nationale et internationale, l\u2019\u00e9conomie, la soci\u00e9t\u00e9 et les analyses politiques. Le site s\u2019adresse \u00e0 un large public francophone et couvre l\u2019information tunisienne en temps r\u00e9el.","email":"redac@webdo.tn","legalName":"YNJ SARL","foundingDate":"2010-09-06","numberOfEmployees":{"@type":"QuantitativeValue","minValue":"11","maxValue":"50"}},{"@type":"Person","@id":"https:\/\/www.webdo.tn\/fr\/#\/schema\/person\/16a4857e77dfc0b610c4c2cadffc9ac4","name":"Mohamed Fethi","image":{"@type":"ImageObject","inLanguage":"fr-FR","@id":"https:\/\/www.webdo.tn\/fr\/wp-content\/uploads\/2026\/04\/mohamed-fethi_avatar_1-96x96.jpg","url":"https:\/\/www.webdo.tn\/fr\/wp-content\/uploads\/2026\/04\/mohamed-fethi_avatar_1-96x96.jpg","contentUrl":"https:\/\/www.webdo.tn\/fr\/wp-content\/uploads\/2026\/04\/mohamed-fethi_avatar_1-96x96.jpg","caption":"Mohamed Fethi"},"description":"Signature \u00e9ditoriale de Maher Chaabane Mohamed Fethi est le pseudonyme \u00e9ditorial de Maher Chaabane, r\u00e9dacteur en chef de Webdo.tn depuis 2012. Cette signature est d\u00e9di\u00e9e au traitement intensif de l'actualit\u00e9 nationale et internationale en temps r\u00e9el. S'appuyant sur les deux d\u00e9cennies d'expertise journalistique de Maher Chaabane \u2014 d\u00e9but\u00e9e au sein du groupe Tunis Hebdo en 2000 \u2014 Mohamed Fethi assure une veille rigoureuse sur les enjeux politiques, \u00e9conomiques et sportifs. Sa mission est de garantir une information structur\u00e9e, fluide et fid\u00e8le aux standards de la r\u00e9daction. Pour consulter le parcours complet du r\u00e9dacteur en chef, visitez le profil officiel de Maher Chaabane.","knowsAbout":["actualit\u00e9","journalisme","information","politique","sport","m\u00e9dias","actualit\u00e9 internationale"],"knowsLanguage":["Fran\u00e7ais","Arabe"],"jobTitle":"Journaliste \u2013 R\u00e9daction Webdo","worksFor":"Webdo.tn","url":"https:\/\/www.webdo.tn\/fr\/actualite\/author\/mohamed-fethi\/"}]}},"_links":{"self":[{"href":"https:\/\/www.webdo.tn\/fr\/wp-json\/wp\/v2\/posts\/381895","targetHints":{"allow":["GET"]}}],"collection":[{"href":"https:\/\/www.webdo.tn\/fr\/wp-json\/wp\/v2\/posts"}],"about":[{"href":"https:\/\/www.webdo.tn\/fr\/wp-json\/wp\/v2\/types\/post"}],"author":[{"embeddable":true,"href":"https:\/\/www.webdo.tn\/fr\/wp-json\/wp\/v2\/users\/4782"}],"replies":[{"embeddable":true,"href":"https:\/\/www.webdo.tn\/fr\/wp-json\/wp\/v2\/comments?post=381895"}],"version-history":[{"count":0,"href":"https:\/\/www.webdo.tn\/fr\/wp-json\/wp\/v2\/posts\/381895\/revisions"}],"wp:featuredmedia":[{"embeddable":true,"href":"https:\/\/www.webdo.tn\/fr\/wp-json\/wp\/v2\/media\/381896"}],"wp:attachment":[{"href":"https:\/\/www.webdo.tn\/fr\/wp-json\/wp\/v2\/media?parent=381895"}],"wp:term":[{"taxonomy":"category","embeddable":true,"href":"https:\/\/www.webdo.tn\/fr\/wp-json\/wp\/v2\/categories?post=381895"},{"taxonomy":"post_tag","embeddable":true,"href":"https:\/\/www.webdo.tn\/fr\/wp-json\/wp\/v2\/tags?post=381895"}],"curies":[{"name":"wp","href":"https:\/\/api.w.org\/{rel}","templated":true}]}}