{"id":381890,"date":"2025-08-22T17:52:53","date_gmt":"2025-08-22T16:52:53","guid":{"rendered":"https:\/\/www.webdo.tn\/fr\/?p=381890"},"modified":"2025-08-22T17:53:04","modified_gmt":"2025-08-22T16:53:04","slug":"tunisie-rentree-scolaire-ouverture-des-inscriptions-aux-cantines-et-internats","status":"publish","type":"post","link":"https:\/\/www.webdo.tn\/fr\/actualite\/national\/tunisie-rentree-scolaire-ouverture-des-inscriptions-aux-cantines-et-internats\/381890\/","title":{"rendered":"Tunisie &#8211; rentr\u00e9e scolaire : Ouverture des inscriptions aux cantines et internats"},"content":{"rendered":"\n<p><strong>Le minist\u00e8re de l\u2019\u00c9ducation a annonc\u00e9 ce vendredi 22 ao\u00fbt 2025 le d\u00e9but des inscriptions aux services d\u2019h\u00e9bergement et de restauration pour les coll\u00e8ges et lyc\u00e9es. Ces services concernent l\u2019ann\u00e9e scolaire 2025-2026.<\/strong><\/p>\n\n\n\n<p>Les familles doivent effectuer la d\u00e9marche sur la plateforme <strong><a href=\"https:\/\/parent.education.tn\/index.php\">parent.education.tn<\/a><\/strong>. Les nouveaux inscrits, comme les anciens b\u00e9n\u00e9ficiaires, doivent d\u00e9poser une demande. Les commissions r\u00e9gionales valident ensuite les dossiers avant de d\u00e9livrer le re\u00e7u final.<\/p>\n\n\n\n<p>Les demandes de bourses doivent \u00eatre d\u00e9pos\u00e9es directement aupr\u00e8s des surveillants g\u00e9n\u00e9raux des \u00e9tablissements. Le minist\u00e8re a pr\u00e9cis\u00e9 qu\u2019il n\u2019y aura pas de renouvellement automatique cette ann\u00e9e. Les \u00e9l\u00e8ves issus de familles modestes ou d\u00e9favoris\u00e9es recevront toutefois une aide, en coordination avec le minist\u00e8re des Affaires sociales.<\/p>\n\n\n\n<p>Un dispositif sp\u00e9cial existe aussi pour les \u00e9l\u00e8ves en situation de handicap. La pr\u00e9sentation d\u2019une carte d\u2019invalidit\u00e9 est obligatoire. Les enfants des martyrs et bless\u00e9s de la R\u00e9volution obtiennent la priorit\u00e9 d\u2019acc\u00e8s aux internats et cantines.<\/p>\n\n\n\n<p>Le paiement des frais se fait uniquement en ligne, par voie \u00e9lectronique.<\/p>\n\n\n\n<p><\/p>\n","protected":false},"excerpt":{"rendered":"<p>Le minist\u00e8re de l\u2019\u00c9ducation a annonc\u00e9 ce vendredi 22 ao\u00fbt 2025 le d\u00e9but des inscriptions aux services d\u2019h\u00e9bergement et de restauration pour les coll\u00e8ges et lyc\u00e9es. Ces services concernent l\u2019ann\u00e9e scolaire 2025-2026. Les familles doivent effectuer la d\u00e9marche sur la plateforme parent.education.tn. Les nouveaux inscrits, comme les anciens b\u00e9n\u00e9ficiaires, doivent d\u00e9poser une demande. Les commissions [&hellip;]<\/p>\n","protected":false},"author":4782,"featured_media":381892,"comment_status":"closed","ping_status":"closed","sticky":false,"template":"","format":"standard","meta":{"footnotes":""},"categories":[44],"tags":[12466,12467,2608],"class_list":["post-381890","post","type-post","status-publish","format-standard","has-post-thumbnail","hentry","category-national","tag-cantine-scolaire","tag-inscription-en-ligne","tag-tunisie"],"yoast_head":"<!-- This site is optimized with the Yoast SEO Premium plugin v27.4 (Yoast SEO v27.4) - https:\/\/yoast.com\/product\/yoast-seo-premium-wordpress\/ -->\n<title>Tunisie - rentr\u00e9e scolaire : Ouverture des inscriptions aux cantines et internats - webdo<\/title>\n<meta name=\"description\" content=\"Les inscriptions aux services scolaires en ligne sont ouvertes. D\u00e9couvrez les \u00e9tapes et les aides disponibles pour les familles.\" \/>\n<link rel=\"canonical\" href=\"https:\/\/www.webdo.tn\/fr\/actualite\/national\/tunisie-rentree-scolaire-ouverture-des-inscriptions-aux-cantines-et-internats\/381890\/\" \/>\n<meta property=\"og:locale\" content=\"fr_FR\" \/>\n<meta property=\"og:type\" content=\"article\" \/>\n<meta property=\"og:title\" content=\"Tunisie - rentr\u00e9e scolaire : Ouverture des inscriptions aux cantines et internats\" \/>\n<meta property=\"og:description\" content=\"Les inscriptions aux services scolaires en ligne sont ouvertes. D\u00e9couvrez les \u00e9tapes et les aides disponibles pour les familles.\" \/>\n<meta property=\"og:url\" content=\"https:\/\/www.webdo.tn\/fr\/actualite\/national\/tunisie-rentree-scolaire-ouverture-des-inscriptions-aux-cantines-et-internats\/381890\/\" \/>\n<meta property=\"og:site_name\" content=\"webdo\" \/>\n<meta property=\"article:publisher\" content=\"https:\/\/www.facebook.com\/webdotn\" \/>\n<meta property=\"article:published_time\" content=\"2025-08-22T16:52:53+00:00\" \/>\n<meta property=\"article:modified_time\" content=\"2025-08-22T16:53:04+00:00\" \/>\n<meta property=\"og:image\" content=\"https:\/\/www.webdo.tn\/fr\/wp-content\/uploads\/2025\/08\/cantine.webp\" \/>\n\t<meta property=\"og:image:width\" content=\"750\" \/>\n\t<meta property=\"og:image:height\" content=\"422\" \/>\n\t<meta property=\"og:image:type\" content=\"image\/webp\" \/>\n<meta name=\"author\" content=\"Mohamed Fethi\" \/>\n<meta name=\"twitter:card\" content=\"summary_large_image\" \/>\n<meta name=\"twitter:creator\" content=\"@webdo_tn\" \/>\n<meta name=\"twitter:site\" content=\"@webdo_tn\" \/>\n<meta name=\"twitter:label1\" content=\"\u00c9crit par\" \/>\n\t<meta name=\"twitter:data1\" content=\"Mohamed Fethi\" \/>\n\t<meta name=\"twitter:label2\" content=\"Dur\u00e9e de lecture estim\u00e9e\" \/>\n\t<meta name=\"twitter:data2\" content=\"2 minutes\" \/>\n<script type=\"application\/ld+json\" class=\"yoast-schema-graph\">{\"@context\":\"https:\\\/\\\/schema.org\",\"@graph\":[{\"@type\":\"NewsArticle\",\"@id\":\"https:\\\/\\\/www.webdo.tn\\\/fr\\\/actualite\\\/national\\\/tunisie-rentree-scolaire-ouverture-des-inscriptions-aux-cantines-et-internats\\\/381890\\\/#article\",\"isPartOf\":{\"@id\":\"https:\\\/\\\/www.webdo.tn\\\/fr\\\/actualite\\\/national\\\/tunisie-rentree-scolaire-ouverture-des-inscriptions-aux-cantines-et-internats\\\/381890\\\/\"},\"author\":{\"name\":\"Mohamed Fethi\",\"@id\":\"https:\\\/\\\/www.webdo.tn\\\/fr\\\/#\\\/schema\\\/person\\\/16a4857e77dfc0b610c4c2cadffc9ac4\"},\"headline\":\"Tunisie &#8211; rentr\u00e9e scolaire : Ouverture des inscriptions aux cantines et internats\",\"datePublished\":\"2025-08-22T16:52:53+00:00\",\"dateModified\":\"2025-08-22T16:53:04+00:00\",\"mainEntityOfPage\":{\"@id\":\"https:\\\/\\\/www.webdo.tn\\\/fr\\\/actualite\\\/national\\\/tunisie-rentree-scolaire-ouverture-des-inscriptions-aux-cantines-et-internats\\\/381890\\\/\"},\"wordCount\":213,\"publisher\":{\"@id\":\"https:\\\/\\\/www.webdo.tn\\\/fr\\\/#organization\"},\"image\":{\"@id\":\"https:\\\/\\\/www.webdo.tn\\\/fr\\\/actualite\\\/national\\\/tunisie-rentree-scolaire-ouverture-des-inscriptions-aux-cantines-et-internats\\\/381890\\\/#primaryimage\"},\"thumbnailUrl\":\"https:\\\/\\\/www.webdo.tn\\\/fr\\\/wp-content\\\/uploads\\\/2025\\\/08\\\/cantine.webp\",\"keywords\":[\"Cantine scolaire\",\"Inscription en ligne\",\"Tunisie\"],\"articleSection\":[\"National\"],\"inLanguage\":\"fr-FR\"},{\"@type\":\"WebPage\",\"@id\":\"https:\\\/\\\/www.webdo.tn\\\/fr\\\/actualite\\\/national\\\/tunisie-rentree-scolaire-ouverture-des-inscriptions-aux-cantines-et-internats\\\/381890\\\/\",\"url\":\"https:\\\/\\\/www.webdo.tn\\\/fr\\\/actualite\\\/national\\\/tunisie-rentree-scolaire-ouverture-des-inscriptions-aux-cantines-et-internats\\\/381890\\\/\",\"name\":\"Tunisie - rentr\u00e9e scolaire : Ouverture des inscriptions aux cantines et internats - webdo\",\"isPartOf\":{\"@id\":\"https:\\\/\\\/www.webdo.tn\\\/fr\\\/#website\"},\"primaryImageOfPage\":{\"@id\":\"https:\\\/\\\/www.webdo.tn\\\/fr\\\/actualite\\\/national\\\/tunisie-rentree-scolaire-ouverture-des-inscriptions-aux-cantines-et-internats\\\/381890\\\/#primaryimage\"},\"image\":{\"@id\":\"https:\\\/\\\/www.webdo.tn\\\/fr\\\/actualite\\\/national\\\/tunisie-rentree-scolaire-ouverture-des-inscriptions-aux-cantines-et-internats\\\/381890\\\/#primaryimage\"},\"thumbnailUrl\":\"https:\\\/\\\/www.webdo.tn\\\/fr\\\/wp-content\\\/uploads\\\/2025\\\/08\\\/cantine.webp\",\"datePublished\":\"2025-08-22T16:52:53+00:00\",\"dateModified\":\"2025-08-22T16:53:04+00:00\",\"description\":\"Les inscriptions aux services scolaires en ligne sont ouvertes. D\u00e9couvrez les \u00e9tapes et les aides disponibles pour les familles.\",\"breadcrumb\":{\"@id\":\"https:\\\/\\\/www.webdo.tn\\\/fr\\\/actualite\\\/national\\\/tunisie-rentree-scolaire-ouverture-des-inscriptions-aux-cantines-et-internats\\\/381890\\\/#breadcrumb\"},\"inLanguage\":\"fr-FR\",\"potentialAction\":[{\"@type\":\"ReadAction\",\"target\":[\"https:\\\/\\\/www.webdo.tn\\\/fr\\\/actualite\\\/national\\\/tunisie-rentree-scolaire-ouverture-des-inscriptions-aux-cantines-et-internats\\\/381890\\\/\"]}]},{\"@type\":\"ImageObject\",\"inLanguage\":\"fr-FR\",\"@id\":\"https:\\\/\\\/www.webdo.tn\\\/fr\\\/actualite\\\/national\\\/tunisie-rentree-scolaire-ouverture-des-inscriptions-aux-cantines-et-internats\\\/381890\\\/#primaryimage\",\"url\":\"https:\\\/\\\/www.webdo.tn\\\/fr\\\/wp-content\\\/uploads\\\/2025\\\/08\\\/cantine.webp\",\"contentUrl\":\"https:\\\/\\\/www.webdo.tn\\\/fr\\\/wp-content\\\/uploads\\\/2025\\\/08\\\/cantine.webp\",\"width\":750,\"height\":422},{\"@type\":\"BreadcrumbList\",\"@id\":\"https:\\\/\\\/www.webdo.tn\\\/fr\\\/actualite\\\/national\\\/tunisie-rentree-scolaire-ouverture-des-inscriptions-aux-cantines-et-internats\\\/381890\\\/#breadcrumb\",\"itemListElement\":[{\"@type\":\"ListItem\",\"position\":1,\"name\":\"Accueil\",\"item\":\"https:\\\/\\\/www.webdo.tn\\\/fr\\\/\"},{\"@type\":\"ListItem\",\"position\":2,\"name\":\"Tunisie &#8211; rentr\u00e9e scolaire : Ouverture des inscriptions aux cantines et internats\"}]},{\"@type\":\"WebSite\",\"@id\":\"https:\\\/\\\/www.webdo.tn\\\/fr\\\/#website\",\"url\":\"https:\\\/\\\/www.webdo.tn\\\/fr\\\/\",\"name\":\"webdo\",\"description\":\"Tunisie - News en Tunisie et \u00e0 l&#039;international sur Webdo.tn\",\"publisher\":{\"@id\":\"https:\\\/\\\/www.webdo.tn\\\/fr\\\/#organization\"},\"potentialAction\":[{\"@type\":\"SearchAction\",\"target\":{\"@type\":\"EntryPoint\",\"urlTemplate\":\"https:\\\/\\\/www.webdo.tn\\\/fr\\\/?s={search_term_string}\"},\"query-input\":{\"@type\":\"PropertyValueSpecification\",\"valueRequired\":true,\"valueName\":\"search_term_string\"}}],\"inLanguage\":\"fr-FR\"},{\"@type\":\"Organization\",\"@id\":\"https:\\\/\\\/www.webdo.tn\\\/fr\\\/#organization\",\"name\":\"Webdo\",\"alternateName\":\"Webdo.tn\",\"url\":\"https:\\\/\\\/www.webdo.tn\\\/fr\\\/\",\"logo\":{\"@type\":\"ImageObject\",\"inLanguage\":\"fr-FR\",\"@id\":\"https:\\\/\\\/www.webdo.tn\\\/fr\\\/#\\\/schema\\\/logo\\\/image\\\/\",\"url\":\"https:\\\/\\\/www.webdo.tn\\\/fr\\\/wp-content\\\/uploads\\\/2025\\\/06\\\/Webdo-Tunisie_168377.jpg\",\"contentUrl\":\"https:\\\/\\\/www.webdo.tn\\\/fr\\\/wp-content\\\/uploads\\\/2025\\\/06\\\/Webdo-Tunisie_168377.jpg\",\"width\":301,\"height\":301,\"caption\":\"Webdo\"},\"image\":{\"@id\":\"https:\\\/\\\/www.webdo.tn\\\/fr\\\/#\\\/schema\\\/logo\\\/image\\\/\"},\"sameAs\":[\"https:\\\/\\\/www.facebook.com\\\/webdotn\",\"https:\\\/\\\/x.com\\\/webdo_tn\"],\"description\":\"Webdo est un m\u00e9dia num\u00e9rique tunisien fond\u00e9 en 2010, sp\u00e9cialis\u00e9 dans l\u2019actualit\u00e9 nationale et internationale, l\u2019\u00e9conomie, la soci\u00e9t\u00e9 et les analyses politiques. Le site s\u2019adresse \u00e0 un large public francophone et couvre l\u2019information tunisienne en temps r\u00e9el.\",\"email\":\"redac@webdo.tn\",\"legalName\":\"YNJ SARL\",\"foundingDate\":\"2010-09-06\",\"numberOfEmployees\":{\"@type\":\"QuantitativeValue\",\"minValue\":\"11\",\"maxValue\":\"50\"}},{\"@type\":\"Person\",\"@id\":\"https:\\\/\\\/www.webdo.tn\\\/fr\\\/#\\\/schema\\\/person\\\/16a4857e77dfc0b610c4c2cadffc9ac4\",\"name\":\"Mohamed Fethi\",\"image\":{\"@type\":\"ImageObject\",\"inLanguage\":\"fr-FR\",\"@id\":\"https:\\\/\\\/www.webdo.tn\\\/fr\\\/wp-content\\\/uploads\\\/2026\\\/04\\\/mohamed-fethi_avatar_1-96x96.jpg\",\"url\":\"https:\\\/\\\/www.webdo.tn\\\/fr\\\/wp-content\\\/uploads\\\/2026\\\/04\\\/mohamed-fethi_avatar_1-96x96.jpg\",\"contentUrl\":\"https:\\\/\\\/www.webdo.tn\\\/fr\\\/wp-content\\\/uploads\\\/2026\\\/04\\\/mohamed-fethi_avatar_1-96x96.jpg\",\"caption\":\"Mohamed Fethi\"},\"description\":\"Signature \u00e9ditoriale de Maher Chaabane Mohamed Fethi est le pseudonyme \u00e9ditorial de Maher Chaabane, r\u00e9dacteur en chef de Webdo.tn depuis 2012. Cette signature est d\u00e9di\u00e9e au traitement intensif de l'actualit\u00e9 nationale et internationale en temps r\u00e9el. S'appuyant sur les deux d\u00e9cennies d'expertise journalistique de Maher Chaabane \u2014 d\u00e9but\u00e9e au sein du groupe Tunis Hebdo en 2000 \u2014 Mohamed Fethi assure une veille rigoureuse sur les enjeux politiques, \u00e9conomiques et sportifs. Sa mission est de garantir une information structur\u00e9e, fluide et fid\u00e8le aux standards de la r\u00e9daction. Pour consulter le parcours complet du r\u00e9dacteur en chef, visitez le profil officiel de Maher Chaabane.\",\"knowsAbout\":[\"actualit\u00e9\",\"journalisme\",\"information\",\"politique\",\"sport\",\"m\u00e9dias\",\"actualit\u00e9 internationale\"],\"knowsLanguage\":[\"Fran\u00e7ais\",\"Arabe\"],\"jobTitle\":\"Journaliste \u2013 R\u00e9daction Webdo\",\"worksFor\":\"Webdo.tn\",\"url\":\"https:\\\/\\\/www.webdo.tn\\\/fr\\\/actualite\\\/author\\\/mohamed-fethi\\\/\"}]}<\/script>\n<!-- \/ Yoast SEO Premium plugin. -->","yoast_head_json":{"title":"Tunisie - rentr\u00e9e scolaire : Ouverture des inscriptions aux cantines et internats - webdo","description":"Les inscriptions aux services scolaires en ligne sont ouvertes. D\u00e9couvrez les \u00e9tapes et les aides disponibles pour les familles.","canonical":"https:\/\/www.webdo.tn\/fr\/actualite\/national\/tunisie-rentree-scolaire-ouverture-des-inscriptions-aux-cantines-et-internats\/381890\/","og_locale":"fr_FR","og_type":"article","og_title":"Tunisie - rentr\u00e9e scolaire : Ouverture des inscriptions aux cantines et internats","og_description":"Les inscriptions aux services scolaires en ligne sont ouvertes. D\u00e9couvrez les \u00e9tapes et les aides disponibles pour les familles.","og_url":"https:\/\/www.webdo.tn\/fr\/actualite\/national\/tunisie-rentree-scolaire-ouverture-des-inscriptions-aux-cantines-et-internats\/381890\/","og_site_name":"webdo","article_publisher":"https:\/\/www.facebook.com\/webdotn","article_published_time":"2025-08-22T16:52:53+00:00","article_modified_time":"2025-08-22T16:53:04+00:00","og_image":[{"width":750,"height":422,"url":"https:\/\/www.webdo.tn\/fr\/wp-content\/uploads\/2025\/08\/cantine.webp","type":"image\/webp"}],"author":"Mohamed Fethi","twitter_card":"summary_large_image","twitter_creator":"@webdo_tn","twitter_site":"@webdo_tn","twitter_misc":{"\u00c9crit par":"Mohamed Fethi","Dur\u00e9e de lecture estim\u00e9e":"2 minutes"},"schema":{"@context":"https:\/\/schema.org","@graph":[{"@type":"NewsArticle","@id":"https:\/\/www.webdo.tn\/fr\/actualite\/national\/tunisie-rentree-scolaire-ouverture-des-inscriptions-aux-cantines-et-internats\/381890\/#article","isPartOf":{"@id":"https:\/\/www.webdo.tn\/fr\/actualite\/national\/tunisie-rentree-scolaire-ouverture-des-inscriptions-aux-cantines-et-internats\/381890\/"},"author":{"name":"Mohamed Fethi","@id":"https:\/\/www.webdo.tn\/fr\/#\/schema\/person\/16a4857e77dfc0b610c4c2cadffc9ac4"},"headline":"Tunisie &#8211; rentr\u00e9e scolaire : Ouverture des inscriptions aux cantines et internats","datePublished":"2025-08-22T16:52:53+00:00","dateModified":"2025-08-22T16:53:04+00:00","mainEntityOfPage":{"@id":"https:\/\/www.webdo.tn\/fr\/actualite\/national\/tunisie-rentree-scolaire-ouverture-des-inscriptions-aux-cantines-et-internats\/381890\/"},"wordCount":213,"publisher":{"@id":"https:\/\/www.webdo.tn\/fr\/#organization"},"image":{"@id":"https:\/\/www.webdo.tn\/fr\/actualite\/national\/tunisie-rentree-scolaire-ouverture-des-inscriptions-aux-cantines-et-internats\/381890\/#primaryimage"},"thumbnailUrl":"https:\/\/www.webdo.tn\/fr\/wp-content\/uploads\/2025\/08\/cantine.webp","keywords":["Cantine scolaire","Inscription en ligne","Tunisie"],"articleSection":["National"],"inLanguage":"fr-FR"},{"@type":"WebPage","@id":"https:\/\/www.webdo.tn\/fr\/actualite\/national\/tunisie-rentree-scolaire-ouverture-des-inscriptions-aux-cantines-et-internats\/381890\/","url":"https:\/\/www.webdo.tn\/fr\/actualite\/national\/tunisie-rentree-scolaire-ouverture-des-inscriptions-aux-cantines-et-internats\/381890\/","name":"Tunisie - rentr\u00e9e scolaire : Ouverture des inscriptions aux cantines et internats - webdo","isPartOf":{"@id":"https:\/\/www.webdo.tn\/fr\/#website"},"primaryImageOfPage":{"@id":"https:\/\/www.webdo.tn\/fr\/actualite\/national\/tunisie-rentree-scolaire-ouverture-des-inscriptions-aux-cantines-et-internats\/381890\/#primaryimage"},"image":{"@id":"https:\/\/www.webdo.tn\/fr\/actualite\/national\/tunisie-rentree-scolaire-ouverture-des-inscriptions-aux-cantines-et-internats\/381890\/#primaryimage"},"thumbnailUrl":"https:\/\/www.webdo.tn\/fr\/wp-content\/uploads\/2025\/08\/cantine.webp","datePublished":"2025-08-22T16:52:53+00:00","dateModified":"2025-08-22T16:53:04+00:00","description":"Les inscriptions aux services scolaires en ligne sont ouvertes. D\u00e9couvrez les \u00e9tapes et les aides disponibles pour les familles.","breadcrumb":{"@id":"https:\/\/www.webdo.tn\/fr\/actualite\/national\/tunisie-rentree-scolaire-ouverture-des-inscriptions-aux-cantines-et-internats\/381890\/#breadcrumb"},"inLanguage":"fr-FR","potentialAction":[{"@type":"ReadAction","target":["https:\/\/www.webdo.tn\/fr\/actualite\/national\/tunisie-rentree-scolaire-ouverture-des-inscriptions-aux-cantines-et-internats\/381890\/"]}]},{"@type":"ImageObject","inLanguage":"fr-FR","@id":"https:\/\/www.webdo.tn\/fr\/actualite\/national\/tunisie-rentree-scolaire-ouverture-des-inscriptions-aux-cantines-et-internats\/381890\/#primaryimage","url":"https:\/\/www.webdo.tn\/fr\/wp-content\/uploads\/2025\/08\/cantine.webp","contentUrl":"https:\/\/www.webdo.tn\/fr\/wp-content\/uploads\/2025\/08\/cantine.webp","width":750,"height":422},{"@type":"BreadcrumbList","@id":"https:\/\/www.webdo.tn\/fr\/actualite\/national\/tunisie-rentree-scolaire-ouverture-des-inscriptions-aux-cantines-et-internats\/381890\/#breadcrumb","itemListElement":[{"@type":"ListItem","position":1,"name":"Accueil","item":"https:\/\/www.webdo.tn\/fr\/"},{"@type":"ListItem","position":2,"name":"Tunisie &#8211; rentr\u00e9e scolaire : Ouverture des inscriptions aux cantines et internats"}]},{"@type":"WebSite","@id":"https:\/\/www.webdo.tn\/fr\/#website","url":"https:\/\/www.webdo.tn\/fr\/","name":"webdo","description":"Tunisie - News en Tunisie et \u00e0 l&#039;international sur Webdo.tn","publisher":{"@id":"https:\/\/www.webdo.tn\/fr\/#organization"},"potentialAction":[{"@type":"SearchAction","target":{"@type":"EntryPoint","urlTemplate":"https:\/\/www.webdo.tn\/fr\/?s={search_term_string}"},"query-input":{"@type":"PropertyValueSpecification","valueRequired":true,"valueName":"search_term_string"}}],"inLanguage":"fr-FR"},{"@type":"Organization","@id":"https:\/\/www.webdo.tn\/fr\/#organization","name":"Webdo","alternateName":"Webdo.tn","url":"https:\/\/www.webdo.tn\/fr\/","logo":{"@type":"ImageObject","inLanguage":"fr-FR","@id":"https:\/\/www.webdo.tn\/fr\/#\/schema\/logo\/image\/","url":"https:\/\/www.webdo.tn\/fr\/wp-content\/uploads\/2025\/06\/Webdo-Tunisie_168377.jpg","contentUrl":"https:\/\/www.webdo.tn\/fr\/wp-content\/uploads\/2025\/06\/Webdo-Tunisie_168377.jpg","width":301,"height":301,"caption":"Webdo"},"image":{"@id":"https:\/\/www.webdo.tn\/fr\/#\/schema\/logo\/image\/"},"sameAs":["https:\/\/www.facebook.com\/webdotn","https:\/\/x.com\/webdo_tn"],"description":"Webdo est un m\u00e9dia num\u00e9rique tunisien fond\u00e9 en 2010, sp\u00e9cialis\u00e9 dans l\u2019actualit\u00e9 nationale et internationale, l\u2019\u00e9conomie, la soci\u00e9t\u00e9 et les analyses politiques. Le site s\u2019adresse \u00e0 un large public francophone et couvre l\u2019information tunisienne en temps r\u00e9el.","email":"redac@webdo.tn","legalName":"YNJ SARL","foundingDate":"2010-09-06","numberOfEmployees":{"@type":"QuantitativeValue","minValue":"11","maxValue":"50"}},{"@type":"Person","@id":"https:\/\/www.webdo.tn\/fr\/#\/schema\/person\/16a4857e77dfc0b610c4c2cadffc9ac4","name":"Mohamed Fethi","image":{"@type":"ImageObject","inLanguage":"fr-FR","@id":"https:\/\/www.webdo.tn\/fr\/wp-content\/uploads\/2026\/04\/mohamed-fethi_avatar_1-96x96.jpg","url":"https:\/\/www.webdo.tn\/fr\/wp-content\/uploads\/2026\/04\/mohamed-fethi_avatar_1-96x96.jpg","contentUrl":"https:\/\/www.webdo.tn\/fr\/wp-content\/uploads\/2026\/04\/mohamed-fethi_avatar_1-96x96.jpg","caption":"Mohamed Fethi"},"description":"Signature \u00e9ditoriale de Maher Chaabane Mohamed Fethi est le pseudonyme \u00e9ditorial de Maher Chaabane, r\u00e9dacteur en chef de Webdo.tn depuis 2012. Cette signature est d\u00e9di\u00e9e au traitement intensif de l'actualit\u00e9 nationale et internationale en temps r\u00e9el. S'appuyant sur les deux d\u00e9cennies d'expertise journalistique de Maher Chaabane \u2014 d\u00e9but\u00e9e au sein du groupe Tunis Hebdo en 2000 \u2014 Mohamed Fethi assure une veille rigoureuse sur les enjeux politiques, \u00e9conomiques et sportifs. Sa mission est de garantir une information structur\u00e9e, fluide et fid\u00e8le aux standards de la r\u00e9daction. Pour consulter le parcours complet du r\u00e9dacteur en chef, visitez le profil officiel de Maher Chaabane.","knowsAbout":["actualit\u00e9","journalisme","information","politique","sport","m\u00e9dias","actualit\u00e9 internationale"],"knowsLanguage":["Fran\u00e7ais","Arabe"],"jobTitle":"Journaliste \u2013 R\u00e9daction Webdo","worksFor":"Webdo.tn","url":"https:\/\/www.webdo.tn\/fr\/actualite\/author\/mohamed-fethi\/"}]}},"_links":{"self":[{"href":"https:\/\/www.webdo.tn\/fr\/wp-json\/wp\/v2\/posts\/381890","targetHints":{"allow":["GET"]}}],"collection":[{"href":"https:\/\/www.webdo.tn\/fr\/wp-json\/wp\/v2\/posts"}],"about":[{"href":"https:\/\/www.webdo.tn\/fr\/wp-json\/wp\/v2\/types\/post"}],"author":[{"embeddable":true,"href":"https:\/\/www.webdo.tn\/fr\/wp-json\/wp\/v2\/users\/4782"}],"replies":[{"embeddable":true,"href":"https:\/\/www.webdo.tn\/fr\/wp-json\/wp\/v2\/comments?post=381890"}],"version-history":[{"count":0,"href":"https:\/\/www.webdo.tn\/fr\/wp-json\/wp\/v2\/posts\/381890\/revisions"}],"wp:featuredmedia":[{"embeddable":true,"href":"https:\/\/www.webdo.tn\/fr\/wp-json\/wp\/v2\/media\/381892"}],"wp:attachment":[{"href":"https:\/\/www.webdo.tn\/fr\/wp-json\/wp\/v2\/media?parent=381890"}],"wp:term":[{"taxonomy":"category","embeddable":true,"href":"https:\/\/www.webdo.tn\/fr\/wp-json\/wp\/v2\/categories?post=381890"},{"taxonomy":"post_tag","embeddable":true,"href":"https:\/\/www.webdo.tn\/fr\/wp-json\/wp\/v2\/tags?post=381890"}],"curies":[{"name":"wp","href":"https:\/\/api.w.org\/{rel}","templated":true}]}}