{"id":381868,"date":"2025-08-22T09:59:14","date_gmt":"2025-08-22T08:59:14","guid":{"rendered":"https:\/\/www.webdo.tn\/fr\/?p=381868"},"modified":"2025-08-24T10:45:36","modified_gmt":"2025-08-24T09:45:36","slug":"ben-guerdane-un-tir-accidentel-lors-dun-mariage-coute-la-vie-au-marie","status":"publish","type":"post","link":"https:\/\/www.webdo.tn\/fr\/actualite\/divers\/ben-guerdane-un-tir-accidentel-lors-dun-mariage-coute-la-vie-au-marie\/381868\/","title":{"rendered":"Ben Guerdane : Un tir accidentel lors d\u2019un mariage co\u00fbte la vie au mari\u00e9"},"content":{"rendered":"\n<p>Un drame s\u2019est produit jeudi soir dans la localit\u00e9 d\u2019El Amria, \u00e0 Ben Guerdane (gouvernorat de M\u00e9denine). Au cours d\u2019une c\u00e9r\u00e9monie de mariage, un tir accidentel \u00e0 la carabine de chasse a bless\u00e9 plusieurs personnes et caus\u00e9 la mort du mari\u00e9, transformant la f\u00eate en trag\u00e9die.<\/p>\n\n\n\n<p>Selon des t\u00e9moins, un invit\u00e9 aurait fait usage de son fusil de chasse lors du cort\u00e8ge nuptial. Le tir, parti par erreur, a atteint plusieurs personnes. Le mari\u00e9 a \u00e9t\u00e9 gri\u00e8vement bless\u00e9 et transport\u00e9 d\u2019urgence \u00e0 l\u2019h\u00f4pital r\u00e9gional de Ben Guerdane, o\u00f9 il a succomb\u00e9 \u00e0 ses blessures, rapporte Mosaique fm.<\/p>\n\n\n\n<p>L\u2019incident a plong\u00e9 les festivit\u00e9s dans la consternation, faisant basculer l\u2019\u00e9v\u00e9nement de la joie au deuil.<\/p>\n\n\n\n<p>Le parquet de M\u00e9denine a imm\u00e9diatement ordonn\u00e9 l\u2019ouverture d\u2019une enqu\u00eate afin de d\u00e9terminer les circonstances exactes de l\u2019accident. Le corps du d\u00e9funt a \u00e9t\u00e9 transf\u00e9r\u00e9 \u00e0 la morgue de l\u2019h\u00f4pital r\u00e9gional pour autopsie.<\/p>\n\n\n\n<h4 class=\"wp-block-heading\" id=\"h-un-tragique-fil-conducteur\">Un tragique fil conducteur<\/h4>\n\n\n\n<p>Ce drame fait \u00e9cho \u00e0 un autre \u00e9v\u00e9nement r\u00e9cent. Quelques jours plus t\u00f4t, le <strong>28 juin 2025<\/strong>, le Festival de S\u00e2f \u00e0 Haouaria a \u00e9t\u00e9 le th\u00e9\u00e2tre d&rsquo;un incident similaire, bien que distinct. L\u00e0-bas, une arme traditionnelle, une <strong>bandoqia<\/strong>, a explos\u00e9 entre les mains d&rsquo;un participant lors du d\u00e9fil\u00e9. L&rsquo;accident a caus\u00e9 l&rsquo;amputation de sa main et a \u00e9galement bless\u00e9 gri\u00e8vement une femme dans le public.<\/p>\n\n\n\n<p>Ces deux trag\u00e9dies soulignent le danger de l&rsquo;utilisation d&rsquo;armes \u00e0 feu, qu&rsquo;elles soient de chasse ou traditionnelles, lors de c\u00e9l\u00e9brations. Elles rappellent que ces moments de joie peuvent basculer en un instant, si la prudence et la s\u00e9curit\u00e9 ne sont pas au rendez-vous.<\/p>\n\n\n\n<p><strong>Lire aussi: <\/strong><a href=\"https:\/\/www.webdo.tn\/fr\/actualite\/divers\/un-grave-incident-marque-louverture-du-festival-de-saf-a-el-haouaria\/378556\/\">Un grave incident marque l\u2019ouverture du Festival de S\u00e2f \u00e0 Haouaria<br><\/a><\/p>\n","protected":false},"excerpt":{"rendered":"<p>Un drame s\u2019est produit jeudi soir dans la localit\u00e9 d\u2019El Amria, \u00e0 Ben Guerdane (gouvernorat de M\u00e9denine). Au cours d\u2019une c\u00e9r\u00e9monie de mariage, un tir accidentel \u00e0 la carabine de chasse a bless\u00e9 plusieurs personnes et caus\u00e9 la mort du mari\u00e9, transformant la f\u00eate en trag\u00e9die. Selon des t\u00e9moins, un invit\u00e9 aurait fait usage de [&hellip;]<\/p>\n","protected":false},"author":3191,"featured_media":381869,"comment_status":"closed","ping_status":"closed","sticky":false,"template":"","format":"standard","meta":{"footnotes":""},"categories":[2839],"tags":[3748,12461,3124,2865,12460,2608],"class_list":["post-381868","post","type-post","status-publish","format-standard","has-post-thumbnail","hentry","category-divers","tag-ben-guerdane","tag-carabine","tag-drame","tag-mariage","tag-tir-accidentel","tag-tunisie"],"yoast_head":"<!-- This site is optimized with the Yoast SEO Premium plugin v27.4 (Yoast SEO v27.5) - https:\/\/yoast.com\/product\/yoast-seo-premium-wordpress\/ -->\n<title>Ben Guerdane : Un tir accidentel lors d\u2019un mariage co\u00fbte la vie au mari\u00e9 - webdo<\/title>\n<meta name=\"description\" content=\"Un tir accidentel lors d\u2019un mariage \u00e0 El Amria a caus\u00e9 la mort du mari\u00e9 et bless\u00e9 plusieurs invit\u00e9s lors des festivit\u00e9s.\" \/>\n<link rel=\"canonical\" href=\"https:\/\/www.webdo.tn\/fr\/actualite\/divers\/ben-guerdane-un-tir-accidentel-lors-dun-mariage-coute-la-vie-au-marie\/381868\/\" \/>\n<meta property=\"og:locale\" content=\"fr_FR\" \/>\n<meta property=\"og:type\" content=\"article\" \/>\n<meta property=\"og:title\" content=\"Ben Guerdane : Un tir accidentel lors d\u2019un mariage co\u00fbte la vie au mari\u00e9\" \/>\n<meta property=\"og:description\" content=\"Un tir accidentel lors d\u2019un mariage \u00e0 El Amria a caus\u00e9 la mort du mari\u00e9 et bless\u00e9 plusieurs invit\u00e9s lors des festivit\u00e9s.\" \/>\n<meta property=\"og:url\" content=\"https:\/\/www.webdo.tn\/fr\/actualite\/divers\/ben-guerdane-un-tir-accidentel-lors-dun-mariage-coute-la-vie-au-marie\/381868\/\" \/>\n<meta property=\"og:site_name\" content=\"webdo\" \/>\n<meta property=\"article:publisher\" content=\"https:\/\/www.facebook.com\/webdotn\" \/>\n<meta property=\"article:published_time\" content=\"2025-08-22T08:59:14+00:00\" \/>\n<meta property=\"article:modified_time\" content=\"2025-08-24T09:45:36+00:00\" \/>\n<meta property=\"og:image\" content=\"https:\/\/www.webdo.tn\/fr\/wp-content\/uploads\/2025\/08\/536285266_780266361177543_4922867250777051035_n.jpg\" \/>\n\t<meta property=\"og:image:width\" content=\"655\" \/>\n\t<meta property=\"og:image:height\" content=\"486\" \/>\n\t<meta property=\"og:image:type\" content=\"image\/jpeg\" \/>\n<meta name=\"author\" content=\"Mohamed Hedi Touati\" \/>\n<meta name=\"twitter:card\" content=\"summary_large_image\" \/>\n<meta name=\"twitter:creator\" content=\"@webdo_tn\" \/>\n<meta name=\"twitter:site\" content=\"@webdo_tn\" \/>\n<meta name=\"twitter:label1\" content=\"\u00c9crit par\" \/>\n\t<meta name=\"twitter:data1\" content=\"Mohamed Hedi Touati\" \/>\n\t<meta name=\"twitter:label2\" content=\"Dur\u00e9e de lecture estim\u00e9e\" \/>\n\t<meta name=\"twitter:data2\" content=\"2 minutes\" \/>\n<script type=\"application\/ld+json\" class=\"yoast-schema-graph\">{\"@context\":\"https:\\\/\\\/schema.org\",\"@graph\":[{\"@type\":\"NewsArticle\",\"@id\":\"https:\\\/\\\/www.webdo.tn\\\/fr\\\/actualite\\\/divers\\\/ben-guerdane-un-tir-accidentel-lors-dun-mariage-coute-la-vie-au-marie\\\/381868\\\/#article\",\"isPartOf\":{\"@id\":\"https:\\\/\\\/www.webdo.tn\\\/fr\\\/actualite\\\/divers\\\/ben-guerdane-un-tir-accidentel-lors-dun-mariage-coute-la-vie-au-marie\\\/381868\\\/\"},\"author\":{\"name\":\"Mohamed Hedi Touati\",\"@id\":\"https:\\\/\\\/www.webdo.tn\\\/fr\\\/#\\\/schema\\\/person\\\/c652cd8fc2b1b44412b5ffb48c5a911d\"},\"headline\":\"Ben Guerdane : Un tir accidentel lors d\u2019un mariage co\u00fbte la vie au mari\u00e9\",\"datePublished\":\"2025-08-22T08:59:14+00:00\",\"dateModified\":\"2025-08-24T09:45:36+00:00\",\"mainEntityOfPage\":{\"@id\":\"https:\\\/\\\/www.webdo.tn\\\/fr\\\/actualite\\\/divers\\\/ben-guerdane-un-tir-accidentel-lors-dun-mariage-coute-la-vie-au-marie\\\/381868\\\/\"},\"wordCount\":328,\"publisher\":{\"@id\":\"https:\\\/\\\/www.webdo.tn\\\/fr\\\/#organization\"},\"image\":{\"@id\":\"https:\\\/\\\/www.webdo.tn\\\/fr\\\/actualite\\\/divers\\\/ben-guerdane-un-tir-accidentel-lors-dun-mariage-coute-la-vie-au-marie\\\/381868\\\/#primaryimage\"},\"thumbnailUrl\":\"https:\\\/\\\/www.webdo.tn\\\/fr\\\/wp-content\\\/uploads\\\/2025\\\/08\\\/536285266_780266361177543_4922867250777051035_n.jpg\",\"keywords\":[\"Ben Guerdane\",\"carabine\",\"Drame\",\"Mariage\",\"tir accidentel\",\"Tunisie\"],\"articleSection\":[\"Divers\"],\"inLanguage\":\"fr-FR\"},{\"@type\":\"WebPage\",\"@id\":\"https:\\\/\\\/www.webdo.tn\\\/fr\\\/actualite\\\/divers\\\/ben-guerdane-un-tir-accidentel-lors-dun-mariage-coute-la-vie-au-marie\\\/381868\\\/\",\"url\":\"https:\\\/\\\/www.webdo.tn\\\/fr\\\/actualite\\\/divers\\\/ben-guerdane-un-tir-accidentel-lors-dun-mariage-coute-la-vie-au-marie\\\/381868\\\/\",\"name\":\"Ben Guerdane : Un tir accidentel lors d\u2019un mariage co\u00fbte la vie au mari\u00e9 - webdo\",\"isPartOf\":{\"@id\":\"https:\\\/\\\/www.webdo.tn\\\/fr\\\/#website\"},\"primaryImageOfPage\":{\"@id\":\"https:\\\/\\\/www.webdo.tn\\\/fr\\\/actualite\\\/divers\\\/ben-guerdane-un-tir-accidentel-lors-dun-mariage-coute-la-vie-au-marie\\\/381868\\\/#primaryimage\"},\"image\":{\"@id\":\"https:\\\/\\\/www.webdo.tn\\\/fr\\\/actualite\\\/divers\\\/ben-guerdane-un-tir-accidentel-lors-dun-mariage-coute-la-vie-au-marie\\\/381868\\\/#primaryimage\"},\"thumbnailUrl\":\"https:\\\/\\\/www.webdo.tn\\\/fr\\\/wp-content\\\/uploads\\\/2025\\\/08\\\/536285266_780266361177543_4922867250777051035_n.jpg\",\"datePublished\":\"2025-08-22T08:59:14+00:00\",\"dateModified\":\"2025-08-24T09:45:36+00:00\",\"description\":\"Un tir accidentel lors d\u2019un mariage \u00e0 El Amria a caus\u00e9 la mort du mari\u00e9 et bless\u00e9 plusieurs invit\u00e9s lors des festivit\u00e9s.\",\"breadcrumb\":{\"@id\":\"https:\\\/\\\/www.webdo.tn\\\/fr\\\/actualite\\\/divers\\\/ben-guerdane-un-tir-accidentel-lors-dun-mariage-coute-la-vie-au-marie\\\/381868\\\/#breadcrumb\"},\"inLanguage\":\"fr-FR\",\"potentialAction\":[{\"@type\":\"ReadAction\",\"target\":[\"https:\\\/\\\/www.webdo.tn\\\/fr\\\/actualite\\\/divers\\\/ben-guerdane-un-tir-accidentel-lors-dun-mariage-coute-la-vie-au-marie\\\/381868\\\/\"]}]},{\"@type\":\"ImageObject\",\"inLanguage\":\"fr-FR\",\"@id\":\"https:\\\/\\\/www.webdo.tn\\\/fr\\\/actualite\\\/divers\\\/ben-guerdane-un-tir-accidentel-lors-dun-mariage-coute-la-vie-au-marie\\\/381868\\\/#primaryimage\",\"url\":\"https:\\\/\\\/www.webdo.tn\\\/fr\\\/wp-content\\\/uploads\\\/2025\\\/08\\\/536285266_780266361177543_4922867250777051035_n.jpg\",\"contentUrl\":\"https:\\\/\\\/www.webdo.tn\\\/fr\\\/wp-content\\\/uploads\\\/2025\\\/08\\\/536285266_780266361177543_4922867250777051035_n.jpg\",\"width\":655,\"height\":486,\"caption\":\"Le mari\u00e9 a succomb\u00e9 \u00e0 ses blessures\"},{\"@type\":\"BreadcrumbList\",\"@id\":\"https:\\\/\\\/www.webdo.tn\\\/fr\\\/actualite\\\/divers\\\/ben-guerdane-un-tir-accidentel-lors-dun-mariage-coute-la-vie-au-marie\\\/381868\\\/#breadcrumb\",\"itemListElement\":[{\"@type\":\"ListItem\",\"position\":1,\"name\":\"Accueil\",\"item\":\"https:\\\/\\\/www.webdo.tn\\\/fr\\\/\"},{\"@type\":\"ListItem\",\"position\":2,\"name\":\"Ben Guerdane : Un tir accidentel lors d\u2019un mariage co\u00fbte la vie au mari\u00e9\"}]},{\"@type\":\"WebSite\",\"@id\":\"https:\\\/\\\/www.webdo.tn\\\/fr\\\/#website\",\"url\":\"https:\\\/\\\/www.webdo.tn\\\/fr\\\/\",\"name\":\"webdo\",\"description\":\"Tunisie - News en Tunisie et \u00e0 l&#039;international sur Webdo.tn\",\"publisher\":{\"@id\":\"https:\\\/\\\/www.webdo.tn\\\/fr\\\/#organization\"},\"potentialAction\":[{\"@type\":\"SearchAction\",\"target\":{\"@type\":\"EntryPoint\",\"urlTemplate\":\"https:\\\/\\\/www.webdo.tn\\\/fr\\\/?s={search_term_string}\"},\"query-input\":{\"@type\":\"PropertyValueSpecification\",\"valueRequired\":true,\"valueName\":\"search_term_string\"}}],\"inLanguage\":\"fr-FR\"},{\"@type\":\"Organization\",\"@id\":\"https:\\\/\\\/www.webdo.tn\\\/fr\\\/#organization\",\"name\":\"Webdo\",\"alternateName\":\"Webdo.tn\",\"url\":\"https:\\\/\\\/www.webdo.tn\\\/fr\\\/\",\"logo\":{\"@type\":\"ImageObject\",\"inLanguage\":\"fr-FR\",\"@id\":\"https:\\\/\\\/www.webdo.tn\\\/fr\\\/#\\\/schema\\\/logo\\\/image\\\/\",\"url\":\"https:\\\/\\\/www.webdo.tn\\\/fr\\\/wp-content\\\/uploads\\\/2025\\\/06\\\/Webdo-Tunisie_168377.jpg\",\"contentUrl\":\"https:\\\/\\\/www.webdo.tn\\\/fr\\\/wp-content\\\/uploads\\\/2025\\\/06\\\/Webdo-Tunisie_168377.jpg\",\"width\":301,\"height\":301,\"caption\":\"Webdo\"},\"image\":{\"@id\":\"https:\\\/\\\/www.webdo.tn\\\/fr\\\/#\\\/schema\\\/logo\\\/image\\\/\"},\"sameAs\":[\"https:\\\/\\\/www.facebook.com\\\/webdotn\",\"https:\\\/\\\/x.com\\\/webdo_tn\"],\"description\":\"Webdo est un m\u00e9dia num\u00e9rique tunisien fond\u00e9 en 2010, sp\u00e9cialis\u00e9 dans l\u2019actualit\u00e9 nationale et internationale, l\u2019\u00e9conomie, la soci\u00e9t\u00e9 et les analyses politiques. Le site s\u2019adresse \u00e0 un large public francophone et couvre l\u2019information tunisienne en temps r\u00e9el.\",\"email\":\"redac@webdo.tn\",\"legalName\":\"YNJ SARL\",\"foundingDate\":\"2010-09-06\",\"numberOfEmployees\":{\"@type\":\"QuantitativeValue\",\"minValue\":\"11\",\"maxValue\":\"50\"}},{\"@type\":\"Person\",\"@id\":\"https:\\\/\\\/www.webdo.tn\\\/fr\\\/#\\\/schema\\\/person\\\/c652cd8fc2b1b44412b5ffb48c5a911d\",\"name\":\"Mohamed Hedi Touati\",\"image\":{\"@type\":\"ImageObject\",\"inLanguage\":\"fr-FR\",\"@id\":\"https:\\\/\\\/secure.gravatar.com\\\/avatar\\\/9cfd402c745b7a685f13eed0ea6e59d2144a3c2fc50a3db6fd5ed451f6cddf1a?s=96&d=mm&r=g\",\"url\":\"https:\\\/\\\/secure.gravatar.com\\\/avatar\\\/9cfd402c745b7a685f13eed0ea6e59d2144a3c2fc50a3db6fd5ed451f6cddf1a?s=96&d=mm&r=g\",\"contentUrl\":\"https:\\\/\\\/secure.gravatar.com\\\/avatar\\\/9cfd402c745b7a685f13eed0ea6e59d2144a3c2fc50a3db6fd5ed451f6cddf1a?s=96&d=mm&r=g\",\"caption\":\"Mohamed Hedi Touati\"},\"url\":\"https:\\\/\\\/www.webdo.tn\\\/fr\\\/actualite\\\/author\\\/mohamed-hedi-touati\\\/\"}]}<\/script>\n<!-- \/ Yoast SEO Premium plugin. -->","yoast_head_json":{"title":"Ben Guerdane : Un tir accidentel lors d\u2019un mariage co\u00fbte la vie au mari\u00e9 - webdo","description":"Un tir accidentel lors d\u2019un mariage \u00e0 El Amria a caus\u00e9 la mort du mari\u00e9 et bless\u00e9 plusieurs invit\u00e9s lors des festivit\u00e9s.","canonical":"https:\/\/www.webdo.tn\/fr\/actualite\/divers\/ben-guerdane-un-tir-accidentel-lors-dun-mariage-coute-la-vie-au-marie\/381868\/","og_locale":"fr_FR","og_type":"article","og_title":"Ben Guerdane : Un tir accidentel lors d\u2019un mariage co\u00fbte la vie au mari\u00e9","og_description":"Un tir accidentel lors d\u2019un mariage \u00e0 El Amria a caus\u00e9 la mort du mari\u00e9 et bless\u00e9 plusieurs invit\u00e9s lors des festivit\u00e9s.","og_url":"https:\/\/www.webdo.tn\/fr\/actualite\/divers\/ben-guerdane-un-tir-accidentel-lors-dun-mariage-coute-la-vie-au-marie\/381868\/","og_site_name":"webdo","article_publisher":"https:\/\/www.facebook.com\/webdotn","article_published_time":"2025-08-22T08:59:14+00:00","article_modified_time":"2025-08-24T09:45:36+00:00","og_image":[{"width":655,"height":486,"url":"https:\/\/www.webdo.tn\/fr\/wp-content\/uploads\/2025\/08\/536285266_780266361177543_4922867250777051035_n.jpg","type":"image\/jpeg"}],"author":"Mohamed Hedi Touati","twitter_card":"summary_large_image","twitter_creator":"@webdo_tn","twitter_site":"@webdo_tn","twitter_misc":{"\u00c9crit par":"Mohamed Hedi Touati","Dur\u00e9e de lecture estim\u00e9e":"2 minutes"},"schema":{"@context":"https:\/\/schema.org","@graph":[{"@type":"NewsArticle","@id":"https:\/\/www.webdo.tn\/fr\/actualite\/divers\/ben-guerdane-un-tir-accidentel-lors-dun-mariage-coute-la-vie-au-marie\/381868\/#article","isPartOf":{"@id":"https:\/\/www.webdo.tn\/fr\/actualite\/divers\/ben-guerdane-un-tir-accidentel-lors-dun-mariage-coute-la-vie-au-marie\/381868\/"},"author":{"name":"Mohamed Hedi Touati","@id":"https:\/\/www.webdo.tn\/fr\/#\/schema\/person\/c652cd8fc2b1b44412b5ffb48c5a911d"},"headline":"Ben Guerdane : Un tir accidentel lors d\u2019un mariage co\u00fbte la vie au mari\u00e9","datePublished":"2025-08-22T08:59:14+00:00","dateModified":"2025-08-24T09:45:36+00:00","mainEntityOfPage":{"@id":"https:\/\/www.webdo.tn\/fr\/actualite\/divers\/ben-guerdane-un-tir-accidentel-lors-dun-mariage-coute-la-vie-au-marie\/381868\/"},"wordCount":328,"publisher":{"@id":"https:\/\/www.webdo.tn\/fr\/#organization"},"image":{"@id":"https:\/\/www.webdo.tn\/fr\/actualite\/divers\/ben-guerdane-un-tir-accidentel-lors-dun-mariage-coute-la-vie-au-marie\/381868\/#primaryimage"},"thumbnailUrl":"https:\/\/www.webdo.tn\/fr\/wp-content\/uploads\/2025\/08\/536285266_780266361177543_4922867250777051035_n.jpg","keywords":["Ben Guerdane","carabine","Drame","Mariage","tir accidentel","Tunisie"],"articleSection":["Divers"],"inLanguage":"fr-FR"},{"@type":"WebPage","@id":"https:\/\/www.webdo.tn\/fr\/actualite\/divers\/ben-guerdane-un-tir-accidentel-lors-dun-mariage-coute-la-vie-au-marie\/381868\/","url":"https:\/\/www.webdo.tn\/fr\/actualite\/divers\/ben-guerdane-un-tir-accidentel-lors-dun-mariage-coute-la-vie-au-marie\/381868\/","name":"Ben Guerdane : Un tir accidentel lors d\u2019un mariage co\u00fbte la vie au mari\u00e9 - webdo","isPartOf":{"@id":"https:\/\/www.webdo.tn\/fr\/#website"},"primaryImageOfPage":{"@id":"https:\/\/www.webdo.tn\/fr\/actualite\/divers\/ben-guerdane-un-tir-accidentel-lors-dun-mariage-coute-la-vie-au-marie\/381868\/#primaryimage"},"image":{"@id":"https:\/\/www.webdo.tn\/fr\/actualite\/divers\/ben-guerdane-un-tir-accidentel-lors-dun-mariage-coute-la-vie-au-marie\/381868\/#primaryimage"},"thumbnailUrl":"https:\/\/www.webdo.tn\/fr\/wp-content\/uploads\/2025\/08\/536285266_780266361177543_4922867250777051035_n.jpg","datePublished":"2025-08-22T08:59:14+00:00","dateModified":"2025-08-24T09:45:36+00:00","description":"Un tir accidentel lors d\u2019un mariage \u00e0 El Amria a caus\u00e9 la mort du mari\u00e9 et bless\u00e9 plusieurs invit\u00e9s lors des festivit\u00e9s.","breadcrumb":{"@id":"https:\/\/www.webdo.tn\/fr\/actualite\/divers\/ben-guerdane-un-tir-accidentel-lors-dun-mariage-coute-la-vie-au-marie\/381868\/#breadcrumb"},"inLanguage":"fr-FR","potentialAction":[{"@type":"ReadAction","target":["https:\/\/www.webdo.tn\/fr\/actualite\/divers\/ben-guerdane-un-tir-accidentel-lors-dun-mariage-coute-la-vie-au-marie\/381868\/"]}]},{"@type":"ImageObject","inLanguage":"fr-FR","@id":"https:\/\/www.webdo.tn\/fr\/actualite\/divers\/ben-guerdane-un-tir-accidentel-lors-dun-mariage-coute-la-vie-au-marie\/381868\/#primaryimage","url":"https:\/\/www.webdo.tn\/fr\/wp-content\/uploads\/2025\/08\/536285266_780266361177543_4922867250777051035_n.jpg","contentUrl":"https:\/\/www.webdo.tn\/fr\/wp-content\/uploads\/2025\/08\/536285266_780266361177543_4922867250777051035_n.jpg","width":655,"height":486,"caption":"Le mari\u00e9 a succomb\u00e9 \u00e0 ses blessures"},{"@type":"BreadcrumbList","@id":"https:\/\/www.webdo.tn\/fr\/actualite\/divers\/ben-guerdane-un-tir-accidentel-lors-dun-mariage-coute-la-vie-au-marie\/381868\/#breadcrumb","itemListElement":[{"@type":"ListItem","position":1,"name":"Accueil","item":"https:\/\/www.webdo.tn\/fr\/"},{"@type":"ListItem","position":2,"name":"Ben Guerdane : Un tir accidentel lors d\u2019un mariage co\u00fbte la vie au mari\u00e9"}]},{"@type":"WebSite","@id":"https:\/\/www.webdo.tn\/fr\/#website","url":"https:\/\/www.webdo.tn\/fr\/","name":"webdo","description":"Tunisie - News en Tunisie et \u00e0 l&#039;international sur Webdo.tn","publisher":{"@id":"https:\/\/www.webdo.tn\/fr\/#organization"},"potentialAction":[{"@type":"SearchAction","target":{"@type":"EntryPoint","urlTemplate":"https:\/\/www.webdo.tn\/fr\/?s={search_term_string}"},"query-input":{"@type":"PropertyValueSpecification","valueRequired":true,"valueName":"search_term_string"}}],"inLanguage":"fr-FR"},{"@type":"Organization","@id":"https:\/\/www.webdo.tn\/fr\/#organization","name":"Webdo","alternateName":"Webdo.tn","url":"https:\/\/www.webdo.tn\/fr\/","logo":{"@type":"ImageObject","inLanguage":"fr-FR","@id":"https:\/\/www.webdo.tn\/fr\/#\/schema\/logo\/image\/","url":"https:\/\/www.webdo.tn\/fr\/wp-content\/uploads\/2025\/06\/Webdo-Tunisie_168377.jpg","contentUrl":"https:\/\/www.webdo.tn\/fr\/wp-content\/uploads\/2025\/06\/Webdo-Tunisie_168377.jpg","width":301,"height":301,"caption":"Webdo"},"image":{"@id":"https:\/\/www.webdo.tn\/fr\/#\/schema\/logo\/image\/"},"sameAs":["https:\/\/www.facebook.com\/webdotn","https:\/\/x.com\/webdo_tn"],"description":"Webdo est un m\u00e9dia num\u00e9rique tunisien fond\u00e9 en 2010, sp\u00e9cialis\u00e9 dans l\u2019actualit\u00e9 nationale et internationale, l\u2019\u00e9conomie, la soci\u00e9t\u00e9 et les analyses politiques. Le site s\u2019adresse \u00e0 un large public francophone et couvre l\u2019information tunisienne en temps r\u00e9el.","email":"redac@webdo.tn","legalName":"YNJ SARL","foundingDate":"2010-09-06","numberOfEmployees":{"@type":"QuantitativeValue","minValue":"11","maxValue":"50"}},{"@type":"Person","@id":"https:\/\/www.webdo.tn\/fr\/#\/schema\/person\/c652cd8fc2b1b44412b5ffb48c5a911d","name":"Mohamed Hedi Touati","image":{"@type":"ImageObject","inLanguage":"fr-FR","@id":"https:\/\/secure.gravatar.com\/avatar\/9cfd402c745b7a685f13eed0ea6e59d2144a3c2fc50a3db6fd5ed451f6cddf1a?s=96&d=mm&r=g","url":"https:\/\/secure.gravatar.com\/avatar\/9cfd402c745b7a685f13eed0ea6e59d2144a3c2fc50a3db6fd5ed451f6cddf1a?s=96&d=mm&r=g","contentUrl":"https:\/\/secure.gravatar.com\/avatar\/9cfd402c745b7a685f13eed0ea6e59d2144a3c2fc50a3db6fd5ed451f6cddf1a?s=96&d=mm&r=g","caption":"Mohamed Hedi Touati"},"url":"https:\/\/www.webdo.tn\/fr\/actualite\/author\/mohamed-hedi-touati\/"}]}},"_links":{"self":[{"href":"https:\/\/www.webdo.tn\/fr\/wp-json\/wp\/v2\/posts\/381868","targetHints":{"allow":["GET"]}}],"collection":[{"href":"https:\/\/www.webdo.tn\/fr\/wp-json\/wp\/v2\/posts"}],"about":[{"href":"https:\/\/www.webdo.tn\/fr\/wp-json\/wp\/v2\/types\/post"}],"author":[{"embeddable":true,"href":"https:\/\/www.webdo.tn\/fr\/wp-json\/wp\/v2\/users\/3191"}],"replies":[{"embeddable":true,"href":"https:\/\/www.webdo.tn\/fr\/wp-json\/wp\/v2\/comments?post=381868"}],"version-history":[{"count":0,"href":"https:\/\/www.webdo.tn\/fr\/wp-json\/wp\/v2\/posts\/381868\/revisions"}],"wp:featuredmedia":[{"embeddable":true,"href":"https:\/\/www.webdo.tn\/fr\/wp-json\/wp\/v2\/media\/381869"}],"wp:attachment":[{"href":"https:\/\/www.webdo.tn\/fr\/wp-json\/wp\/v2\/media?parent=381868"}],"wp:term":[{"taxonomy":"category","embeddable":true,"href":"https:\/\/www.webdo.tn\/fr\/wp-json\/wp\/v2\/categories?post=381868"},{"taxonomy":"post_tag","embeddable":true,"href":"https:\/\/www.webdo.tn\/fr\/wp-json\/wp\/v2\/tags?post=381868"}],"curies":[{"name":"wp","href":"https:\/\/api.w.org\/{rel}","templated":true}]}}