{"id":381852,"date":"2025-08-22T08:46:01","date_gmt":"2025-08-22T07:46:01","guid":{"rendered":"https:\/\/www.webdo.tn\/fr\/?p=381852"},"modified":"2025-08-24T01:24:32","modified_gmt":"2025-08-24T00:24:32","slug":"urgences-medicales-kais-saied-exige-la-prise-en-charge-immediate-sans-condition-financiere","status":"publish","type":"post","link":"https:\/\/www.webdo.tn\/fr\/actualite\/national\/urgences-medicales-kais-saied-exige-la-prise-en-charge-immediate-sans-condition-financiere\/381852\/","title":{"rendered":"Urgences m\u00e9dicales : Ka\u00efs Sa\u00efed exige la prise en charge imm\u00e9diate sans condition financi\u00e8re"},"content":{"rendered":"\n<p><strong>Le pr\u00e9sident de la R\u00e9publique, Ka\u00efs Sa\u00efed, a effectu\u00e9 jeudi une visite surprise \u00e0 l\u2019h\u00f4pital de La Rabta (Tunis). Il a ordonn\u00e9 que tout patient en \u00e9tat d\u2019urgence soit pris en charge imm\u00e9diatement, sans exigence financi\u00e8re ni formalit\u00e9 pr\u00e9alable. Cette sortie intervient apr\u00e8s plusieurs incidents de refus de soins signal\u00e9s dans certaines r\u00e9gions.<\/strong><\/p>\n\n\n\n<p>Lors de cette visite inopin\u00e9e, Ka\u00efs Sa\u00efed a inspect\u00e9 le service des urgences et \u00e9chang\u00e9 avec le personnel m\u00e9dical. Il a r\u00e9affirm\u00e9 que \u00ab la sant\u00e9 humaine est une priorit\u00e9 \u00bb et qu\u2019aucun citoyen ne doit \u00eatre contraint de payer avant d\u2019\u00eatre soign\u00e9.<\/p>\n\n\n\n<p>\u00ab C\u2019est au m\u00e9decin d\u2019\u00e9valuer l\u2019\u00e9tat du patient, pas \u00e0 un guichet \u00bb, a-t-il martel\u00e9, soulignant que les d\u00e9marches administratives doivent se faire apr\u00e8s, et non avant, la prise en charge m\u00e9dicale.<\/p>\n\n\n\n<p>Le pr\u00e9sident a d\u00e9nonc\u00e9 des cas r\u00e9cents, notamment \u00e0 Gafsa, o\u00f9 des patients en situation critique auraient vu leur admission retard\u00e9e pour des motifs financiers ou administratifs. Il a qualifi\u00e9 ces pratiques d\u2019\u00ab inacceptables \u00bb et a exig\u00e9 qu\u2019elles cessent imm\u00e9diatement.<\/p>\n\n\n\n<p>Du c\u00f4t\u00e9 du personnel soignant, plusieurs m\u00e9decins et infirmiers ont expos\u00e9 leurs difficult\u00e9s quotidiennes li\u00e9es au manque de moyens et \u00e0 la lourdeur administrative.<\/p>\n\n\n\n<p>La question de l\u2019acc\u00e8s aux soins est au c\u0153ur d\u2019un d\u00e9bat r\u00e9current en Tunisie. Les urgences, notamment, souvent satur\u00e9es, sont particuli\u00e8rement touch\u00e9es par ces dysfonctionnements. La r\u00e9forme du syst\u00e8me de sant\u00e9 reste un dossier prioritaire mais encore inachev\u00e9.<\/p>\n\n\n\n<p>Par ailleurs, le pr\u00e9sident de la R\u00e9publique, Ka\u00efs Sa\u00efed, a effectu\u00e9, jeudi, une tourn\u00e9e dans plusieurs quartiers de la capitale et inspect\u00e9 les travaux du futur si\u00e8ge du Conseil sup\u00e9rieur de l&rsquo;\u00e9ducation. Il a men\u00e9 une visite dans plusieurs secteurs de Tunis, d\u00e9butant par le Centre national p\u00e9dagogique (CNP) avant d&rsquo;effectuer une tourn\u00e9e \u00e0 pied dans diff\u00e9rents quartiers populaires de la capitale.<\/p>\n\n\n\n<p>Le pr\u00e9sident Sa\u00efed a conclu sa tourn\u00e9e en s&rsquo;enqu\u00e9rant de l&rsquo;\u00e9tat d&rsquo;avancement des travaux du futur si\u00e8ge du Conseil sup\u00e9rieur de l&rsquo;\u00e9ducation et de l&rsquo;enseignement, situ\u00e9 rue de la Libert\u00e9.<\/p>\n\n\n\n<iframe src=\"https:\/\/www.facebook.com\/plugins\/video.php?height=314&#038;href=https%3A%2F%2Fwww.facebook.com%2FPresidence.tn%2Fvideos%2F1475448416811855%2F&#038;show_text=false&#038;width=560&#038;t=0\" width=\"560\" height=\"314\" style=\"border:none;overflow:hidden\" scrolling=\"no\" frameborder=\"0\" allowfullscreen=\"true\" allow=\"autoplay; clipboard-write; encrypted-media; picture-in-picture; web-share\" allowFullScreen=\"true\"><\/iframe>\n\n\n\n<p><\/p>\n\n\n\n<p><strong>Lire aussi : <\/strong><\/p>\n\n\n\n<ul class=\"wp-block-list\">\n<li><a href=\"https:\/\/www.webdo.tn\/fr\/actualite\/regions\/mort-dune-jeune-femme-a-lhopital-de-gafsa-double-enquete-ouverte-apres-un-refus-de-soins-presume\/380313\/\">Mort d\u2019une jeune femme \u00e0 l\u2019h\u00f4pital de Gafsa : Double enqu\u00eate ouverte apr\u00e8s un refus de soins pr\u00e9sum\u00e9<\/a><\/li>\n\n\n\n<li><a href=\"https:\/\/www.webdo.tn\/fr\/actualite\/regions\/tunisie-polemique-suite-au-deces-dune-jeune-a-lhopital-de-gafsa\/380247\/\">Tunisie : Pol\u00e9mique suite au d\u00e9c\u00e8s d\u2019une jeune \u00e0 l\u2019h\u00f4pital de Gafsa<\/a><\/li>\n<\/ul>\n","protected":false},"excerpt":{"rendered":"<p>Le pr\u00e9sident de la R\u00e9publique, Ka\u00efs Sa\u00efed, a effectu\u00e9 jeudi une visite surprise \u00e0 l\u2019h\u00f4pital de La Rabta (Tunis). Il a ordonn\u00e9 que tout patient en \u00e9tat d\u2019urgence soit pris en charge imm\u00e9diatement, sans exigence financi\u00e8re ni formalit\u00e9 pr\u00e9alable. Cette sortie intervient apr\u00e8s plusieurs incidents de refus de soins signal\u00e9s dans certaines r\u00e9gions. Lors de [&hellip;]<\/p>\n","protected":false},"author":3191,"featured_media":381854,"comment_status":"closed","ping_status":"closed","sticky":false,"template":"","format":"standard","meta":{"footnotes":""},"categories":[44],"tags":[2614,2731,2608,3098],"class_list":["post-381852","post","type-post","status-publish","format-standard","has-post-thumbnail","hentry","category-national","tag-kais-saied","tag-sante","tag-tunisie","tag-urgences"],"yoast_head":"<!-- This site is optimized with the Yoast SEO Premium plugin v27.5 (Yoast SEO v27.5) - https:\/\/yoast.com\/product\/yoast-seo-premium-wordpress\/ -->\n<title>Urgences m\u00e9dicales : Ka\u00efs Sa\u00efed exige la prise en charge imm\u00e9diate sans condition financi\u00e8re - webdo<\/title>\n<meta name=\"description\" content=\"Le pr\u00e9sident Ka\u00efs Sa\u00efed souligne l&#039;importance des urgences m\u00e9dicales lors d&#039;une visite \u00e0 l&#039;h\u00f4pital de La Rabta.\" \/>\n<link rel=\"canonical\" href=\"https:\/\/www.webdo.tn\/fr\/actualite\/national\/urgences-medicales-kais-saied-exige-la-prise-en-charge-immediate-sans-condition-financiere\/381852\/\" \/>\n<meta property=\"og:locale\" content=\"fr_FR\" \/>\n<meta property=\"og:type\" content=\"article\" \/>\n<meta property=\"og:title\" content=\"Urgences m\u00e9dicales : Ka\u00efs Sa\u00efed exige la prise en charge imm\u00e9diate sans condition financi\u00e8re\" \/>\n<meta property=\"og:description\" content=\"Le pr\u00e9sident Ka\u00efs Sa\u00efed souligne l&#039;importance des urgences m\u00e9dicales lors d&#039;une visite \u00e0 l&#039;h\u00f4pital de La Rabta.\" \/>\n<meta property=\"og:url\" content=\"https:\/\/www.webdo.tn\/fr\/actualite\/national\/urgences-medicales-kais-saied-exige-la-prise-en-charge-immediate-sans-condition-financiere\/381852\/\" \/>\n<meta property=\"og:site_name\" content=\"webdo\" \/>\n<meta property=\"article:publisher\" content=\"https:\/\/www.facebook.com\/webdotn\" \/>\n<meta property=\"article:published_time\" content=\"2025-08-22T07:46:01+00:00\" \/>\n<meta property=\"article:modified_time\" content=\"2025-08-24T00:24:32+00:00\" \/>\n<meta property=\"og:image\" content=\"https:\/\/www.webdo.tn\/fr\/wp-content\/uploads\/2025\/08\/536283651_1181237074034891_3198767790215847890_n.jpg\" \/>\n\t<meta property=\"og:image:width\" content=\"2048\" \/>\n\t<meta property=\"og:image:height\" content=\"1206\" \/>\n\t<meta property=\"og:image:type\" content=\"image\/jpeg\" \/>\n<meta name=\"author\" content=\"Mohamed Hedi Touati\" \/>\n<meta name=\"twitter:card\" content=\"summary_large_image\" \/>\n<meta name=\"twitter:creator\" content=\"@webdo_tn\" \/>\n<meta name=\"twitter:site\" content=\"@webdo_tn\" \/>\n<meta name=\"twitter:label1\" content=\"\u00c9crit par\" \/>\n\t<meta name=\"twitter:data1\" content=\"Mohamed Hedi Touati\" \/>\n\t<meta name=\"twitter:label2\" content=\"Dur\u00e9e de lecture estim\u00e9e\" \/>\n\t<meta name=\"twitter:data2\" content=\"2 minutes\" \/>\n<script type=\"application\/ld+json\" class=\"yoast-schema-graph\">{\"@context\":\"https:\\\/\\\/schema.org\",\"@graph\":[{\"@type\":\"NewsArticle\",\"@id\":\"https:\\\/\\\/www.webdo.tn\\\/fr\\\/actualite\\\/national\\\/urgences-medicales-kais-saied-exige-la-prise-en-charge-immediate-sans-condition-financiere\\\/381852\\\/#article\",\"isPartOf\":{\"@id\":\"https:\\\/\\\/www.webdo.tn\\\/fr\\\/actualite\\\/national\\\/urgences-medicales-kais-saied-exige-la-prise-en-charge-immediate-sans-condition-financiere\\\/381852\\\/\"},\"author\":{\"name\":\"Mohamed Hedi Touati\",\"@id\":\"https:\\\/\\\/www.webdo.tn\\\/fr\\\/#\\\/schema\\\/person\\\/c652cd8fc2b1b44412b5ffb48c5a911d\"},\"headline\":\"Urgences m\u00e9dicales : Ka\u00efs Sa\u00efed exige la prise en charge imm\u00e9diate sans condition financi\u00e8re\",\"datePublished\":\"2025-08-22T07:46:01+00:00\",\"dateModified\":\"2025-08-24T00:24:32+00:00\",\"mainEntityOfPage\":{\"@id\":\"https:\\\/\\\/www.webdo.tn\\\/fr\\\/actualite\\\/national\\\/urgences-medicales-kais-saied-exige-la-prise-en-charge-immediate-sans-condition-financiere\\\/381852\\\/\"},\"wordCount\":443,\"publisher\":{\"@id\":\"https:\\\/\\\/www.webdo.tn\\\/fr\\\/#organization\"},\"image\":{\"@id\":\"https:\\\/\\\/www.webdo.tn\\\/fr\\\/actualite\\\/national\\\/urgences-medicales-kais-saied-exige-la-prise-en-charge-immediate-sans-condition-financiere\\\/381852\\\/#primaryimage\"},\"thumbnailUrl\":\"https:\\\/\\\/www.webdo.tn\\\/fr\\\/wp-content\\\/uploads\\\/2025\\\/08\\\/536283651_1181237074034891_3198767790215847890_n.jpg\",\"keywords\":[\"Kais Saied\",\"Sant\u00e9\",\"Tunisie\",\"Urgences\"],\"articleSection\":[\"National\"],\"inLanguage\":\"fr-FR\"},{\"@type\":\"WebPage\",\"@id\":\"https:\\\/\\\/www.webdo.tn\\\/fr\\\/actualite\\\/national\\\/urgences-medicales-kais-saied-exige-la-prise-en-charge-immediate-sans-condition-financiere\\\/381852\\\/\",\"url\":\"https:\\\/\\\/www.webdo.tn\\\/fr\\\/actualite\\\/national\\\/urgences-medicales-kais-saied-exige-la-prise-en-charge-immediate-sans-condition-financiere\\\/381852\\\/\",\"name\":\"Urgences m\u00e9dicales : Ka\u00efs Sa\u00efed exige la prise en charge imm\u00e9diate sans condition financi\u00e8re - webdo\",\"isPartOf\":{\"@id\":\"https:\\\/\\\/www.webdo.tn\\\/fr\\\/#website\"},\"primaryImageOfPage\":{\"@id\":\"https:\\\/\\\/www.webdo.tn\\\/fr\\\/actualite\\\/national\\\/urgences-medicales-kais-saied-exige-la-prise-en-charge-immediate-sans-condition-financiere\\\/381852\\\/#primaryimage\"},\"image\":{\"@id\":\"https:\\\/\\\/www.webdo.tn\\\/fr\\\/actualite\\\/national\\\/urgences-medicales-kais-saied-exige-la-prise-en-charge-immediate-sans-condition-financiere\\\/381852\\\/#primaryimage\"},\"thumbnailUrl\":\"https:\\\/\\\/www.webdo.tn\\\/fr\\\/wp-content\\\/uploads\\\/2025\\\/08\\\/536283651_1181237074034891_3198767790215847890_n.jpg\",\"datePublished\":\"2025-08-22T07:46:01+00:00\",\"dateModified\":\"2025-08-24T00:24:32+00:00\",\"description\":\"Le pr\u00e9sident Ka\u00efs Sa\u00efed souligne l'importance des urgences m\u00e9dicales lors d'une visite \u00e0 l'h\u00f4pital de La Rabta.\",\"breadcrumb\":{\"@id\":\"https:\\\/\\\/www.webdo.tn\\\/fr\\\/actualite\\\/national\\\/urgences-medicales-kais-saied-exige-la-prise-en-charge-immediate-sans-condition-financiere\\\/381852\\\/#breadcrumb\"},\"inLanguage\":\"fr-FR\",\"potentialAction\":[{\"@type\":\"ReadAction\",\"target\":[\"https:\\\/\\\/www.webdo.tn\\\/fr\\\/actualite\\\/national\\\/urgences-medicales-kais-saied-exige-la-prise-en-charge-immediate-sans-condition-financiere\\\/381852\\\/\"]}]},{\"@type\":\"ImageObject\",\"inLanguage\":\"fr-FR\",\"@id\":\"https:\\\/\\\/www.webdo.tn\\\/fr\\\/actualite\\\/national\\\/urgences-medicales-kais-saied-exige-la-prise-en-charge-immediate-sans-condition-financiere\\\/381852\\\/#primaryimage\",\"url\":\"https:\\\/\\\/www.webdo.tn\\\/fr\\\/wp-content\\\/uploads\\\/2025\\\/08\\\/536283651_1181237074034891_3198767790215847890_n.jpg\",\"contentUrl\":\"https:\\\/\\\/www.webdo.tn\\\/fr\\\/wp-content\\\/uploads\\\/2025\\\/08\\\/536283651_1181237074034891_3198767790215847890_n.jpg\",\"width\":2048,\"height\":1206,\"caption\":\"Urgences m\u00e9dicales : Ka\u00efs Sa\u00efed exige la prise en charge imm\u00e9diate sans condition financi\u00e8re\"},{\"@type\":\"BreadcrumbList\",\"@id\":\"https:\\\/\\\/www.webdo.tn\\\/fr\\\/actualite\\\/national\\\/urgences-medicales-kais-saied-exige-la-prise-en-charge-immediate-sans-condition-financiere\\\/381852\\\/#breadcrumb\",\"itemListElement\":[{\"@type\":\"ListItem\",\"position\":1,\"name\":\"Accueil\",\"item\":\"https:\\\/\\\/www.webdo.tn\\\/fr\\\/\"},{\"@type\":\"ListItem\",\"position\":2,\"name\":\"Urgences m\u00e9dicales : Ka\u00efs Sa\u00efed exige la prise en charge imm\u00e9diate sans condition financi\u00e8re\"}]},{\"@type\":\"WebSite\",\"@id\":\"https:\\\/\\\/www.webdo.tn\\\/fr\\\/#website\",\"url\":\"https:\\\/\\\/www.webdo.tn\\\/fr\\\/\",\"name\":\"webdo\",\"description\":\"Tunisie - News en Tunisie et \u00e0 l&#039;international sur Webdo.tn\",\"publisher\":{\"@id\":\"https:\\\/\\\/www.webdo.tn\\\/fr\\\/#organization\"},\"potentialAction\":[{\"@type\":\"SearchAction\",\"target\":{\"@type\":\"EntryPoint\",\"urlTemplate\":\"https:\\\/\\\/www.webdo.tn\\\/fr\\\/?s={search_term_string}\"},\"query-input\":{\"@type\":\"PropertyValueSpecification\",\"valueRequired\":true,\"valueName\":\"search_term_string\"}}],\"inLanguage\":\"fr-FR\"},{\"@type\":\"Organization\",\"@id\":\"https:\\\/\\\/www.webdo.tn\\\/fr\\\/#organization\",\"name\":\"Webdo\",\"alternateName\":\"Webdo.tn\",\"url\":\"https:\\\/\\\/www.webdo.tn\\\/fr\\\/\",\"logo\":{\"@type\":\"ImageObject\",\"inLanguage\":\"fr-FR\",\"@id\":\"https:\\\/\\\/www.webdo.tn\\\/fr\\\/#\\\/schema\\\/logo\\\/image\\\/\",\"url\":\"https:\\\/\\\/www.webdo.tn\\\/fr\\\/wp-content\\\/uploads\\\/2025\\\/06\\\/Webdo-Tunisie_168377.jpg\",\"contentUrl\":\"https:\\\/\\\/www.webdo.tn\\\/fr\\\/wp-content\\\/uploads\\\/2025\\\/06\\\/Webdo-Tunisie_168377.jpg\",\"width\":301,\"height\":301,\"caption\":\"Webdo\"},\"image\":{\"@id\":\"https:\\\/\\\/www.webdo.tn\\\/fr\\\/#\\\/schema\\\/logo\\\/image\\\/\"},\"sameAs\":[\"https:\\\/\\\/www.facebook.com\\\/webdotn\",\"https:\\\/\\\/x.com\\\/webdo_tn\"],\"description\":\"Webdo est un m\u00e9dia num\u00e9rique tunisien fond\u00e9 en 2010, sp\u00e9cialis\u00e9 dans l\u2019actualit\u00e9 nationale et internationale, l\u2019\u00e9conomie, la soci\u00e9t\u00e9 et les analyses politiques. Le site s\u2019adresse \u00e0 un large public francophone et couvre l\u2019information tunisienne en temps r\u00e9el.\",\"email\":\"redac@webdo.tn\",\"legalName\":\"YNJ SARL\",\"foundingDate\":\"2010-09-06\",\"numberOfEmployees\":{\"@type\":\"QuantitativeValue\",\"minValue\":\"11\",\"maxValue\":\"50\"}},{\"@type\":\"Person\",\"@id\":\"https:\\\/\\\/www.webdo.tn\\\/fr\\\/#\\\/schema\\\/person\\\/c652cd8fc2b1b44412b5ffb48c5a911d\",\"name\":\"Mohamed Hedi Touati\",\"image\":{\"@type\":\"ImageObject\",\"inLanguage\":\"fr-FR\",\"@id\":\"https:\\\/\\\/secure.gravatar.com\\\/avatar\\\/9cfd402c745b7a685f13eed0ea6e59d2144a3c2fc50a3db6fd5ed451f6cddf1a?s=96&d=mm&r=g\",\"url\":\"https:\\\/\\\/secure.gravatar.com\\\/avatar\\\/9cfd402c745b7a685f13eed0ea6e59d2144a3c2fc50a3db6fd5ed451f6cddf1a?s=96&d=mm&r=g\",\"contentUrl\":\"https:\\\/\\\/secure.gravatar.com\\\/avatar\\\/9cfd402c745b7a685f13eed0ea6e59d2144a3c2fc50a3db6fd5ed451f6cddf1a?s=96&d=mm&r=g\",\"caption\":\"Mohamed Hedi Touati\"},\"url\":\"https:\\\/\\\/www.webdo.tn\\\/fr\\\/actualite\\\/author\\\/mohamed-hedi-touati\\\/\"}]}<\/script>\n<!-- \/ Yoast SEO Premium plugin. -->","yoast_head_json":{"title":"Urgences m\u00e9dicales : Ka\u00efs Sa\u00efed exige la prise en charge imm\u00e9diate sans condition financi\u00e8re - webdo","description":"Le pr\u00e9sident Ka\u00efs Sa\u00efed souligne l'importance des urgences m\u00e9dicales lors d'une visite \u00e0 l'h\u00f4pital de La Rabta.","canonical":"https:\/\/www.webdo.tn\/fr\/actualite\/national\/urgences-medicales-kais-saied-exige-la-prise-en-charge-immediate-sans-condition-financiere\/381852\/","og_locale":"fr_FR","og_type":"article","og_title":"Urgences m\u00e9dicales : Ka\u00efs Sa\u00efed exige la prise en charge imm\u00e9diate sans condition financi\u00e8re","og_description":"Le pr\u00e9sident Ka\u00efs Sa\u00efed souligne l'importance des urgences m\u00e9dicales lors d'une visite \u00e0 l'h\u00f4pital de La Rabta.","og_url":"https:\/\/www.webdo.tn\/fr\/actualite\/national\/urgences-medicales-kais-saied-exige-la-prise-en-charge-immediate-sans-condition-financiere\/381852\/","og_site_name":"webdo","article_publisher":"https:\/\/www.facebook.com\/webdotn","article_published_time":"2025-08-22T07:46:01+00:00","article_modified_time":"2025-08-24T00:24:32+00:00","og_image":[{"width":2048,"height":1206,"url":"https:\/\/www.webdo.tn\/fr\/wp-content\/uploads\/2025\/08\/536283651_1181237074034891_3198767790215847890_n.jpg","type":"image\/jpeg"}],"author":"Mohamed Hedi Touati","twitter_card":"summary_large_image","twitter_creator":"@webdo_tn","twitter_site":"@webdo_tn","twitter_misc":{"\u00c9crit par":"Mohamed Hedi Touati","Dur\u00e9e de lecture estim\u00e9e":"2 minutes"},"schema":{"@context":"https:\/\/schema.org","@graph":[{"@type":"NewsArticle","@id":"https:\/\/www.webdo.tn\/fr\/actualite\/national\/urgences-medicales-kais-saied-exige-la-prise-en-charge-immediate-sans-condition-financiere\/381852\/#article","isPartOf":{"@id":"https:\/\/www.webdo.tn\/fr\/actualite\/national\/urgences-medicales-kais-saied-exige-la-prise-en-charge-immediate-sans-condition-financiere\/381852\/"},"author":{"name":"Mohamed Hedi Touati","@id":"https:\/\/www.webdo.tn\/fr\/#\/schema\/person\/c652cd8fc2b1b44412b5ffb48c5a911d"},"headline":"Urgences m\u00e9dicales : Ka\u00efs Sa\u00efed exige la prise en charge imm\u00e9diate sans condition financi\u00e8re","datePublished":"2025-08-22T07:46:01+00:00","dateModified":"2025-08-24T00:24:32+00:00","mainEntityOfPage":{"@id":"https:\/\/www.webdo.tn\/fr\/actualite\/national\/urgences-medicales-kais-saied-exige-la-prise-en-charge-immediate-sans-condition-financiere\/381852\/"},"wordCount":443,"publisher":{"@id":"https:\/\/www.webdo.tn\/fr\/#organization"},"image":{"@id":"https:\/\/www.webdo.tn\/fr\/actualite\/national\/urgences-medicales-kais-saied-exige-la-prise-en-charge-immediate-sans-condition-financiere\/381852\/#primaryimage"},"thumbnailUrl":"https:\/\/www.webdo.tn\/fr\/wp-content\/uploads\/2025\/08\/536283651_1181237074034891_3198767790215847890_n.jpg","keywords":["Kais Saied","Sant\u00e9","Tunisie","Urgences"],"articleSection":["National"],"inLanguage":"fr-FR"},{"@type":"WebPage","@id":"https:\/\/www.webdo.tn\/fr\/actualite\/national\/urgences-medicales-kais-saied-exige-la-prise-en-charge-immediate-sans-condition-financiere\/381852\/","url":"https:\/\/www.webdo.tn\/fr\/actualite\/national\/urgences-medicales-kais-saied-exige-la-prise-en-charge-immediate-sans-condition-financiere\/381852\/","name":"Urgences m\u00e9dicales : Ka\u00efs Sa\u00efed exige la prise en charge imm\u00e9diate sans condition financi\u00e8re - webdo","isPartOf":{"@id":"https:\/\/www.webdo.tn\/fr\/#website"},"primaryImageOfPage":{"@id":"https:\/\/www.webdo.tn\/fr\/actualite\/national\/urgences-medicales-kais-saied-exige-la-prise-en-charge-immediate-sans-condition-financiere\/381852\/#primaryimage"},"image":{"@id":"https:\/\/www.webdo.tn\/fr\/actualite\/national\/urgences-medicales-kais-saied-exige-la-prise-en-charge-immediate-sans-condition-financiere\/381852\/#primaryimage"},"thumbnailUrl":"https:\/\/www.webdo.tn\/fr\/wp-content\/uploads\/2025\/08\/536283651_1181237074034891_3198767790215847890_n.jpg","datePublished":"2025-08-22T07:46:01+00:00","dateModified":"2025-08-24T00:24:32+00:00","description":"Le pr\u00e9sident Ka\u00efs Sa\u00efed souligne l'importance des urgences m\u00e9dicales lors d'une visite \u00e0 l'h\u00f4pital de La Rabta.","breadcrumb":{"@id":"https:\/\/www.webdo.tn\/fr\/actualite\/national\/urgences-medicales-kais-saied-exige-la-prise-en-charge-immediate-sans-condition-financiere\/381852\/#breadcrumb"},"inLanguage":"fr-FR","potentialAction":[{"@type":"ReadAction","target":["https:\/\/www.webdo.tn\/fr\/actualite\/national\/urgences-medicales-kais-saied-exige-la-prise-en-charge-immediate-sans-condition-financiere\/381852\/"]}]},{"@type":"ImageObject","inLanguage":"fr-FR","@id":"https:\/\/www.webdo.tn\/fr\/actualite\/national\/urgences-medicales-kais-saied-exige-la-prise-en-charge-immediate-sans-condition-financiere\/381852\/#primaryimage","url":"https:\/\/www.webdo.tn\/fr\/wp-content\/uploads\/2025\/08\/536283651_1181237074034891_3198767790215847890_n.jpg","contentUrl":"https:\/\/www.webdo.tn\/fr\/wp-content\/uploads\/2025\/08\/536283651_1181237074034891_3198767790215847890_n.jpg","width":2048,"height":1206,"caption":"Urgences m\u00e9dicales : Ka\u00efs Sa\u00efed exige la prise en charge imm\u00e9diate sans condition financi\u00e8re"},{"@type":"BreadcrumbList","@id":"https:\/\/www.webdo.tn\/fr\/actualite\/national\/urgences-medicales-kais-saied-exige-la-prise-en-charge-immediate-sans-condition-financiere\/381852\/#breadcrumb","itemListElement":[{"@type":"ListItem","position":1,"name":"Accueil","item":"https:\/\/www.webdo.tn\/fr\/"},{"@type":"ListItem","position":2,"name":"Urgences m\u00e9dicales : Ka\u00efs Sa\u00efed exige la prise en charge imm\u00e9diate sans condition financi\u00e8re"}]},{"@type":"WebSite","@id":"https:\/\/www.webdo.tn\/fr\/#website","url":"https:\/\/www.webdo.tn\/fr\/","name":"webdo","description":"Tunisie - News en Tunisie et \u00e0 l&#039;international sur Webdo.tn","publisher":{"@id":"https:\/\/www.webdo.tn\/fr\/#organization"},"potentialAction":[{"@type":"SearchAction","target":{"@type":"EntryPoint","urlTemplate":"https:\/\/www.webdo.tn\/fr\/?s={search_term_string}"},"query-input":{"@type":"PropertyValueSpecification","valueRequired":true,"valueName":"search_term_string"}}],"inLanguage":"fr-FR"},{"@type":"Organization","@id":"https:\/\/www.webdo.tn\/fr\/#organization","name":"Webdo","alternateName":"Webdo.tn","url":"https:\/\/www.webdo.tn\/fr\/","logo":{"@type":"ImageObject","inLanguage":"fr-FR","@id":"https:\/\/www.webdo.tn\/fr\/#\/schema\/logo\/image\/","url":"https:\/\/www.webdo.tn\/fr\/wp-content\/uploads\/2025\/06\/Webdo-Tunisie_168377.jpg","contentUrl":"https:\/\/www.webdo.tn\/fr\/wp-content\/uploads\/2025\/06\/Webdo-Tunisie_168377.jpg","width":301,"height":301,"caption":"Webdo"},"image":{"@id":"https:\/\/www.webdo.tn\/fr\/#\/schema\/logo\/image\/"},"sameAs":["https:\/\/www.facebook.com\/webdotn","https:\/\/x.com\/webdo_tn"],"description":"Webdo est un m\u00e9dia num\u00e9rique tunisien fond\u00e9 en 2010, sp\u00e9cialis\u00e9 dans l\u2019actualit\u00e9 nationale et internationale, l\u2019\u00e9conomie, la soci\u00e9t\u00e9 et les analyses politiques. Le site s\u2019adresse \u00e0 un large public francophone et couvre l\u2019information tunisienne en temps r\u00e9el.","email":"redac@webdo.tn","legalName":"YNJ SARL","foundingDate":"2010-09-06","numberOfEmployees":{"@type":"QuantitativeValue","minValue":"11","maxValue":"50"}},{"@type":"Person","@id":"https:\/\/www.webdo.tn\/fr\/#\/schema\/person\/c652cd8fc2b1b44412b5ffb48c5a911d","name":"Mohamed Hedi Touati","image":{"@type":"ImageObject","inLanguage":"fr-FR","@id":"https:\/\/secure.gravatar.com\/avatar\/9cfd402c745b7a685f13eed0ea6e59d2144a3c2fc50a3db6fd5ed451f6cddf1a?s=96&d=mm&r=g","url":"https:\/\/secure.gravatar.com\/avatar\/9cfd402c745b7a685f13eed0ea6e59d2144a3c2fc50a3db6fd5ed451f6cddf1a?s=96&d=mm&r=g","contentUrl":"https:\/\/secure.gravatar.com\/avatar\/9cfd402c745b7a685f13eed0ea6e59d2144a3c2fc50a3db6fd5ed451f6cddf1a?s=96&d=mm&r=g","caption":"Mohamed Hedi Touati"},"url":"https:\/\/www.webdo.tn\/fr\/actualite\/author\/mohamed-hedi-touati\/"}]}},"_links":{"self":[{"href":"https:\/\/www.webdo.tn\/fr\/wp-json\/wp\/v2\/posts\/381852","targetHints":{"allow":["GET"]}}],"collection":[{"href":"https:\/\/www.webdo.tn\/fr\/wp-json\/wp\/v2\/posts"}],"about":[{"href":"https:\/\/www.webdo.tn\/fr\/wp-json\/wp\/v2\/types\/post"}],"author":[{"embeddable":true,"href":"https:\/\/www.webdo.tn\/fr\/wp-json\/wp\/v2\/users\/3191"}],"replies":[{"embeddable":true,"href":"https:\/\/www.webdo.tn\/fr\/wp-json\/wp\/v2\/comments?post=381852"}],"version-history":[{"count":0,"href":"https:\/\/www.webdo.tn\/fr\/wp-json\/wp\/v2\/posts\/381852\/revisions"}],"wp:featuredmedia":[{"embeddable":true,"href":"https:\/\/www.webdo.tn\/fr\/wp-json\/wp\/v2\/media\/381854"}],"wp:attachment":[{"href":"https:\/\/www.webdo.tn\/fr\/wp-json\/wp\/v2\/media?parent=381852"}],"wp:term":[{"taxonomy":"category","embeddable":true,"href":"https:\/\/www.webdo.tn\/fr\/wp-json\/wp\/v2\/categories?post=381852"},{"taxonomy":"post_tag","embeddable":true,"href":"https:\/\/www.webdo.tn\/fr\/wp-json\/wp\/v2\/tags?post=381852"}],"curies":[{"name":"wp","href":"https:\/\/api.w.org\/{rel}","templated":true}]}}