{"id":381835,"date":"2025-08-21T19:56:14","date_gmt":"2025-08-21T18:56:14","guid":{"rendered":"https:\/\/www.webdo.tn\/fr\/?p=381835"},"modified":"2025-08-21T19:57:44","modified_gmt":"2025-08-21T18:57:44","slug":"el-gouna-2025-12-premiers-films-selectionnes-pour-la-8%e1%b5%89-edition","status":"publish","type":"post","link":"https:\/\/www.webdo.tn\/fr\/actualite\/culture\/el-gouna-2025-12-premiers-films-selectionnes-pour-la-8%e1%b5%89-edition\/381835\/","title":{"rendered":"El Gouna 2025 &#8211; 12 premiers films s\u00e9lectionn\u00e9s pour la 8\u1d49 \u00e9dition"},"content":{"rendered":"\n<p>Du 16 au 24 octobre 2025, la station baln\u00e9aire d\u2019El Gouna, en \u00c9gypte, accueillera la 8\u1d49 \u00e9dition de son festival de cin\u00e9ma, un rendez-vous d\u00e9sormais incontournable sur la carte des grands \u00e9v\u00e9nements culturels de la r\u00e9gion MENA. Depuis sa cr\u00e9ation, le Festival du film d\u2019El Gouna (GFF) s\u2019est impos\u00e9 comme un espace de rencontre entre cin\u00e9matographies arabes et internationales, un lieu de d\u00e9couverte et de dialogue o\u00f9 se croisent cin\u00e9astes confirm\u00e9s et nouveaux talents. L\u2019annonce de la premi\u00e8re partie de sa programmation confirme cette ambition : treize films, dont plusieurs d\u00e9j\u00e0 aur\u00e9ol\u00e9s de prix dans les plus grands festivals, viennent donner le ton d\u2019une \u00e9dition qui s\u2019annonce particuli\u00e8rement prestigieuse.<\/p>\n\n\n\n<p>\u00ab <em>Nous sommes incroyablement fiers du programme soigneusement \u00e9labor\u00e9 qui sera pr\u00e9sent\u00e9, chaque film contribuant \u00e0 une riche tapisserie d\u2019histoires venues du monde entier. Le festival est une plateforme de dialogue et de d\u00e9couverte, et nous sommes convaincus que cette premi\u00e8re s\u00e9lection r\u00e9sonnera profond\u00e9ment aupr\u00e8s de notre public<\/em> \u00bb, a d\u00e9clar\u00e9 Marianne Khoury, directrice artistique du GFF.<\/p>\n\n\n\n<p><strong>Des films d\u00e9j\u00e0 prim\u00e9s sur la sc\u00e8ne internationale<\/strong><\/p>\n\n\n\n<p>Le cin\u00e9ma iranien ouvrira cette premi\u00e8re s\u00e9lection avec <em><a href=\"https:\/\/www.webdo.tn\/fr\/actualite\/culture\/cannes-2025-un-simple-accident-un-film-de-colere-et-d-humanite\/222091\/\">It Was Just an Accident\/Un simple accident<\/a><\/em> de Jafar Panahi, <a href=\"https:\/\/www.webdo.tn\/fr\/actualite\/culture\/cannes-2025-l-iranien-jafar-panahi-sacre-l-irakien-hasan-hadi-distingue\/222187\/\">Palme d\u2019or au dernier Festival de Cannes<\/a>. Fid\u00e8le \u00e0 son art de faire surgir de petites situations un portrait plus vaste de la soci\u00e9t\u00e9, Panahi suit les cons\u00e9quences en cascade d\u2019un simple accident de la route. Derri\u00e8re l\u2019apparente banalit\u00e9 du point de d\u00e9part, le film met \u00e0 nu des m\u00e9canismes sociaux et politiques complexes, une \u00e9criture qui a valu au cin\u00e9aste sa reconnaissance internationale et qui trouve \u00e0 El Gouna un nouveau public.<\/p>\n\n\n\n<p>Autre grand nom du cin\u00e9ma d\u2019auteur contemporain, Joachim Trier revient avec <em><a href=\"https:\/\/www.webdo.tn\/fr\/actualite\/culture\/cannes-2025-sentimental-value-l-intime-en-heritage\/222180\/\">Sentimental Value<\/a><\/em>. Laur\u00e9at du Grand Prix \u00e0 Cannes, ce r\u00e9cit intime explore la relation de deux s\u0153urs aux trajectoires oppos\u00e9es : l\u2019une a choisi la carri\u00e8re d\u2019actrice, l\u2019autre la vie de famille. Le retour de leur p\u00e8re, cin\u00e9aste absent et d\u00e9sormais vieilli, ravive des blessures anciennes et interroge le rapport \u00e0 la m\u00e9moire, \u00e0 l\u2019art et aux liens familiaux. Trier avait d\u00e9j\u00e0 marqu\u00e9 El Gouna en 2021 avec <em>The Worst Person in the World<\/em> ; son retour t\u00e9moigne de la fid\u00e9lit\u00e9 de certains cin\u00e9astes au festival.<\/p>\n\n\n\n<p>Toujours venu de Norv\u00e8ge, Dag Johan Haugerud a remport\u00e9 l\u2019Ours d\u2019or \u00e0 la Berlinale avec <em>Dreams (Sex Love)<\/em>. Le film adopte le point de vue adolescent d\u2019une jeune fille tombant amoureuse de son professeur, qu\u2019elle raconte dans ses \u00e9crits. Plus qu\u2019un simple r\u00e9cit d\u2019initiation, l\u2019\u0153uvre met en lumi\u00e8re la d\u00e9couverte du d\u00e9sir, la construction de l\u2019identit\u00e9 et la complexit\u00e9 de la parole intime. La reconnaissance critique obtenue \u00e0 Berlin \u2013 avec en prime le Prix FIPRESCI \u2013 confirme la singularit\u00e9 de son approche.<\/p>\n\n\n\n<p>Richard Linklater, quant \u00e0 lui, propose avec <em>Blue Moon<\/em> une variation audacieuse sur le temps r\u00e9el : le r\u00e9cit se concentre sur la soir\u00e9e du 31 mars 1943, o\u00f9 le parolier Lorenz Hart fait face \u00e0 l\u2019effondrement de sa vie professionnelle et personnelle. Port\u00e9 par Andrew Scott, r\u00e9compens\u00e9 \u00e0 Berlin d\u2019un Ours d\u2019argent pour sa prestation, le film est une plong\u00e9e dans le destin d\u2019un artiste, o\u00f9 la fragilit\u00e9 humaine rencontre l\u2019exigence de la cr\u00e9ation.<\/p>\n\n\n\n<p><strong>Entre r\u00e9alisme et imaginaire : la fiction en \u00e9clats<\/strong><\/p>\n\n\n\n<p>La s\u00e9lection met \u00e9galement \u00e0 l\u2019honneur des r\u00e9cits o\u00f9 le r\u00e9el se trouble au contact de l\u2019imaginaire. Avec <em>Resurrection<\/em>, Bi Gan imagine un monde priv\u00e9 du r\u00eave o\u00f9 un monstre tente de pr\u00e9server les derni\u00e8res illusions. Port\u00e9 par une esth\u00e9tique sensorielle, le film, couronn\u00e9 \u00e0 Cannes d\u2019un Prix sp\u00e9cial, interroge la place du r\u00eave et de l\u2019inconscient dans une soci\u00e9t\u00e9 m\u00e9canis\u00e9e.<\/p>\n\n\n\n<p>Dans <em>Sound of Falling<\/em>, Mascha Schilinski raconte l\u2019histoire de quatre jeunes filles, s\u00e9par\u00e9es par un si\u00e8cle mais r\u00e9unies par un m\u00eame lieu, une ferme o\u00f9 leurs existences se refl\u00e8tent les unes dans les autres. Laur\u00e9at du Prix du jury \u00e0 Cannes, le film aborde le passage du temps, la m\u00e9moire des lieux et la transmission entre g\u00e9n\u00e9rations.<\/p>\n\n\n\n<p>Le Mexicain Ernesto Mart\u00ednez Bucio fait une entr\u00e9e remarqu\u00e9e avec son premier long-m\u00e9trage, <em>The Devil Smokes (and Saves the Burnt Matches in the Same Box)<\/em>. Le film met en sc\u00e8ne cinq enfants abandonn\u00e9s, livr\u00e9s \u00e0 la garde d\u2019une grand-m\u00e8re schizophr\u00e8ne. Entre r\u00e9alit\u00e9 et hallucinations, ce r\u00e9cit d\u00e9rangeant, prim\u00e9 \u00e0 la Berlinale, propose une plong\u00e9e dans un imaginaire sombre, r\u00e9v\u00e9lant un nouveau talent \u00e0 suivre.<\/p>\n\n\n\n<p>Deux autres films viennent enrichir cette cat\u00e9gorie de r\u00e9cits ancr\u00e9s dans la vie et la cr\u00e9ation. Avec <em>A Poet<\/em>, Sim\u00f3n Mesa Soto suit le parcours d\u2019un vieil \u00e9crivain erratique qui retrouve un sens \u00e0 sa vie en guidant une adolescente vers l\u2019\u00e9criture. Prim\u00e9 \u00e0 Cannes dans la section <em>Un Certain Regard<\/em>, le film t\u00e9moigne de l\u2019importance des rencontres et du r\u00f4le des mentors. Enfin, Laura Wandel, d\u00e9j\u00e0 connue du public d\u2019El Gouna pour <em><a href=\"https:\/\/www.webdo.tn\/fr\/actualite\/culture\/cannes-2021-immersion-dans-un-monde-parfois-cruel-des-enfants\/199981\/\">Un monde\/Playground,<\/a><\/em> revient avec <em>Adam\u2019s Sake<\/em>. L\u2019histoire, centr\u00e9e sur une infirmi\u00e8re p\u00e9diatrique confront\u00e9e au d\u00e9sespoir d\u2019une m\u00e8re refusant de quitter son enfant hospitalis\u00e9, aborde avec d\u00e9licatesse la douleur, la solidarit\u00e9 et l\u2019engagement des soignants. Pr\u00e9sent\u00e9 en ouverture de la Semaine de la critique \u00e0 Cannes, le film confirme la place de Wandel comme une cin\u00e9aste attentive \u00e0 l\u2019enfance et aux relations humaines.<\/p>\n\n\n\n<p><strong>Des documentaires puissants et po\u00e9tiques<\/strong><\/p>\n\n\n\n<p>\u00c0 la fin de cette premi\u00e8re s\u00e9lection, le festival propose aussi plusieurs documentaires marquants. <em>Better Go Mad in the Wild<\/em> de Miro Remo (R\u00e9publique tch\u00e8que, Slovaquie) explore la relation complexe de jumeaux \u00e9lev\u00e9s dans la nature et confront\u00e9s \u00e0 la s\u00e9paration. R\u00e9compens\u00e9 par le Grand Prix du Festival de Karlovy Vary, le film m\u00eale observation sensible et r\u00e9flexion sur le lien fraternel et la solitude.<\/p>\n\n\n\n<p>Avec <em>Always<\/em>, Deming Chen livre une all\u00e9gorie sur la perte de l\u2019innocence \u00e0 travers le parcours d\u2019un jeune Chinois, Gong Youbin, qui se d\u00e9couvre au fil de la po\u00e9sie. Ce premier film, d\u00e9j\u00e0 laur\u00e9at du DOX:AWARD \u00e0 CPH:DOX, d\u00e9montre la vitalit\u00e9 du documentaire contemporain et sa capacit\u00e9 \u00e0 s\u2019emparer de formes narratives in\u00e9dites.<\/p>\n\n\n\n<p>Enfin, Raoul Peck, figure majeure du documentaire engag\u00e9, revient avec <em>Orwell: 2+2=5<\/em>. Apr\u00e8s le succ\u00e8s international de <em>I Am Not Your Negro<\/em>, pr\u00e9sent\u00e9 \u00e0 El Gouna en 2017, Peck s\u2019attache cette fois aux derniers mois de George Orwell et \u00e0 l\u2019actualit\u00e9 br\u00fblante de son \u0153uvre <em>1984<\/em>. Concepts tels que le <em>doublethink<\/em> ou le <em>newspeak<\/em> trouvent une r\u00e9sonance troublante dans notre monde contemporain, renfor\u00e7ant la pertinence politique du cin\u00e9ma documentaire.<\/p>\n\n\n\n<p><strong>Un festival au c\u0153ur du dialogue culturel<\/strong><\/p>\n\n\n\n<p>Depuis sa cr\u00e9ation, le Festival du film d\u2019El Gouna s\u2019est fix\u00e9 pour mission de cr\u00e9er un pont entre les cin\u00e9mas du monde. En pr\u00e9sentant des films arabes et internationaux \u00e0 un public curieux et averti, il contribue \u00e0 la circulation des \u0153uvres et \u00e0 l\u2019\u00e9mergence de nouvelles voix. \u00ab Ces films repr\u00e9sentent un \u00e9ventail mondial de r\u00e9cits, allant de la fiction aux documentaires les plus percutants, dont beaucoup ont d\u00e9j\u00e0 \u00e9t\u00e9 distingu\u00e9s dans les grands festivals. Ce n\u2019est qu\u2019un aper\u00e7u du voyage cin\u00e9matographique qui attend notre public \u00bb, a soulign\u00e9 Andrew Mohsen, responsable de la programmation.<\/p>\n\n\n\n<p>La richesse de cette premi\u00e8re s\u00e9lection t\u00e9moigne de l\u2019ambition du GFF : mettre en avant des films exigeants, des signatures confirm\u00e9es comme des r\u00e9v\u00e9lations, et offrir aux spectateurs une exp\u00e9rience o\u00f9 se rencontrent cultures, esth\u00e9tiques et visions du monde. Dans les semaines \u00e0 venir, de nouveaux titres viendront compl\u00e9ter cette programmation, mais d\u00e9j\u00e0, cette premi\u00e8re annonce affirme le r\u00f4le d\u2019El Gouna comme un carrefour incontournable du cin\u00e9ma international.<\/p>\n\n\n\n<p><strong>Ne\u00efla Driss<\/strong><strong><\/strong><\/p>\n","protected":false},"excerpt":{"rendered":"<p>Du 16 au 24 octobre 2025, la station baln\u00e9aire d\u2019El Gouna, en \u00c9gypte, accueillera la 8\u1d49 \u00e9dition de son festival de cin\u00e9ma, un rendez-vous d\u00e9sormais incontournable sur la carte des grands \u00e9v\u00e9nements culturels de la r\u00e9gion MENA. Depuis sa cr\u00e9ation, le Festival du film d\u2019El Gouna (GFF) s\u2019est impos\u00e9 comme un espace de rencontre entre [&hellip;]<\/p>\n","protected":false},"author":3164,"featured_media":381836,"comment_status":"closed","ping_status":"closed","sticky":false,"template":"","format":"standard","meta":{"footnotes":""},"categories":[2594],"tags":[2626,6648,12358,2628,3258],"class_list":["post-381835","post","type-post","status-publish","format-standard","has-post-thumbnail","hentry","category-culture","tag-cinema","tag-el-gouna","tag-el-gouna-2025","tag-festival","tag-festival-du-film-del-gouna"],"yoast_head":"<!-- This site is optimized with the Yoast SEO Premium plugin v27.5 (Yoast SEO v27.5) - https:\/\/yoast.com\/product\/yoast-seo-premium-wordpress\/ -->\n<title>El Gouna 2025 - 12 premiers films s\u00e9lectionn\u00e9s pour la 8\u1d49 \u00e9dition - webdo<\/title>\n<meta name=\"description\" content=\"Le festival du film d&#039;El Gouna d\u00e9voile une premi\u00e8re s\u00e9lection de 12 films, entre fictions prim\u00e9es et documentaires, pour sa 8\u1d49 \u00e9dition.\" \/>\n<link rel=\"canonical\" href=\"https:\/\/www.webdo.tn\/fr\/actualite\/culture\/el-gouna-2025-12-premiers-films-selectionnes-pour-la-8\u1d49-edition\/381835\/\" \/>\n<meta property=\"og:locale\" content=\"fr_FR\" \/>\n<meta property=\"og:type\" content=\"article\" \/>\n<meta property=\"og:title\" content=\"El Gouna 2025 - 12 premiers films s\u00e9lectionn\u00e9s pour la 8\u1d49 \u00e9dition\" \/>\n<meta property=\"og:description\" content=\"Le festival du film d&#039;El Gouna d\u00e9voile une premi\u00e8re s\u00e9lection de 12 films, entre fictions prim\u00e9es et documentaires, pour sa 8\u1d49 \u00e9dition.\" \/>\n<meta property=\"og:url\" content=\"https:\/\/www.webdo.tn\/fr\/actualite\/culture\/el-gouna-2025-12-premiers-films-selectionnes-pour-la-8\u1d49-edition\/381835\/\" \/>\n<meta property=\"og:site_name\" content=\"webdo\" \/>\n<meta property=\"article:publisher\" content=\"https:\/\/www.facebook.com\/webdotn\" \/>\n<meta property=\"article:author\" content=\"https:\/\/www.facebook.com\/massir.destiniii\/\" \/>\n<meta property=\"article:published_time\" content=\"2025-08-21T18:56:14+00:00\" \/>\n<meta property=\"article:modified_time\" content=\"2025-08-21T18:57:44+00:00\" \/>\n<meta property=\"og:image\" content=\"https:\/\/www.webdo.tn\/fr\/wp-content\/uploads\/2025\/08\/El-Gouna-2025-12-films-devoiles.jpg\" \/>\n\t<meta property=\"og:image:width\" content=\"1280\" \/>\n\t<meta property=\"og:image:height\" content=\"720\" \/>\n\t<meta property=\"og:image:type\" content=\"image\/jpeg\" \/>\n<meta name=\"author\" content=\"Ne\u00efla DRISS\" \/>\n<meta name=\"twitter:card\" content=\"summary_large_image\" \/>\n<meta name=\"twitter:creator\" content=\"@https:\/\/x.com\/MassirDestin\" \/>\n<meta name=\"twitter:site\" content=\"@webdo_tn\" \/>\n<meta name=\"twitter:label1\" content=\"\u00c9crit par\" \/>\n\t<meta name=\"twitter:data1\" content=\"Ne\u00efla DRISS\" \/>\n\t<meta name=\"twitter:label2\" content=\"Dur\u00e9e de lecture estim\u00e9e\" \/>\n\t<meta name=\"twitter:data2\" content=\"7 minutes\" \/>\n<script type=\"application\/ld+json\" class=\"yoast-schema-graph\">{\"@context\":\"https:\\\/\\\/schema.org\",\"@graph\":[{\"@type\":\"NewsArticle\",\"@id\":\"https:\\\/\\\/www.webdo.tn\\\/fr\\\/actualite\\\/culture\\\/el-gouna-2025-12-premiers-films-selectionnes-pour-la-8%e1%b5%89-edition\\\/381835\\\/#article\",\"isPartOf\":{\"@id\":\"https:\\\/\\\/www.webdo.tn\\\/fr\\\/actualite\\\/culture\\\/el-gouna-2025-12-premiers-films-selectionnes-pour-la-8%e1%b5%89-edition\\\/381835\\\/\"},\"author\":{\"name\":\"Ne\u00efla DRISS\",\"@id\":\"https:\\\/\\\/www.webdo.tn\\\/fr\\\/#\\\/schema\\\/person\\\/60d5ba619ed3f58783b0dc82b7dada80\"},\"headline\":\"El Gouna 2025 &#8211; 12 premiers films s\u00e9lectionn\u00e9s pour la 8\u1d49 \u00e9dition\",\"datePublished\":\"2025-08-21T18:56:14+00:00\",\"dateModified\":\"2025-08-21T18:57:44+00:00\",\"mainEntityOfPage\":{\"@id\":\"https:\\\/\\\/www.webdo.tn\\\/fr\\\/actualite\\\/culture\\\/el-gouna-2025-12-premiers-films-selectionnes-pour-la-8%e1%b5%89-edition\\\/381835\\\/\"},\"wordCount\":1392,\"publisher\":{\"@id\":\"https:\\\/\\\/www.webdo.tn\\\/fr\\\/#organization\"},\"image\":{\"@id\":\"https:\\\/\\\/www.webdo.tn\\\/fr\\\/actualite\\\/culture\\\/el-gouna-2025-12-premiers-films-selectionnes-pour-la-8%e1%b5%89-edition\\\/381835\\\/#primaryimage\"},\"thumbnailUrl\":\"https:\\\/\\\/www.webdo.tn\\\/fr\\\/wp-content\\\/uploads\\\/2025\\\/08\\\/El-Gouna-2025-12-films-devoiles.jpg\",\"keywords\":[\"Cin\u00e9ma\",\"El Gouna\",\"El Gouna 2025\",\"Festival\",\"Festival du Film d'El Gouna\"],\"articleSection\":[\"Culture\"],\"inLanguage\":\"fr-FR\"},{\"@type\":\"WebPage\",\"@id\":\"https:\\\/\\\/www.webdo.tn\\\/fr\\\/actualite\\\/culture\\\/el-gouna-2025-12-premiers-films-selectionnes-pour-la-8%e1%b5%89-edition\\\/381835\\\/\",\"url\":\"https:\\\/\\\/www.webdo.tn\\\/fr\\\/actualite\\\/culture\\\/el-gouna-2025-12-premiers-films-selectionnes-pour-la-8%e1%b5%89-edition\\\/381835\\\/\",\"name\":\"El Gouna 2025 - 12 premiers films s\u00e9lectionn\u00e9s pour la 8\u1d49 \u00e9dition - webdo\",\"isPartOf\":{\"@id\":\"https:\\\/\\\/www.webdo.tn\\\/fr\\\/#website\"},\"primaryImageOfPage\":{\"@id\":\"https:\\\/\\\/www.webdo.tn\\\/fr\\\/actualite\\\/culture\\\/el-gouna-2025-12-premiers-films-selectionnes-pour-la-8%e1%b5%89-edition\\\/381835\\\/#primaryimage\"},\"image\":{\"@id\":\"https:\\\/\\\/www.webdo.tn\\\/fr\\\/actualite\\\/culture\\\/el-gouna-2025-12-premiers-films-selectionnes-pour-la-8%e1%b5%89-edition\\\/381835\\\/#primaryimage\"},\"thumbnailUrl\":\"https:\\\/\\\/www.webdo.tn\\\/fr\\\/wp-content\\\/uploads\\\/2025\\\/08\\\/El-Gouna-2025-12-films-devoiles.jpg\",\"datePublished\":\"2025-08-21T18:56:14+00:00\",\"dateModified\":\"2025-08-21T18:57:44+00:00\",\"description\":\"Le festival du film d'El Gouna d\u00e9voile une premi\u00e8re s\u00e9lection de 12 films, entre fictions prim\u00e9es et documentaires, pour sa 8\u1d49 \u00e9dition.\",\"breadcrumb\":{\"@id\":\"https:\\\/\\\/www.webdo.tn\\\/fr\\\/actualite\\\/culture\\\/el-gouna-2025-12-premiers-films-selectionnes-pour-la-8%e1%b5%89-edition\\\/381835\\\/#breadcrumb\"},\"inLanguage\":\"fr-FR\",\"potentialAction\":[{\"@type\":\"ReadAction\",\"target\":[\"https:\\\/\\\/www.webdo.tn\\\/fr\\\/actualite\\\/culture\\\/el-gouna-2025-12-premiers-films-selectionnes-pour-la-8%e1%b5%89-edition\\\/381835\\\/\"]}]},{\"@type\":\"ImageObject\",\"inLanguage\":\"fr-FR\",\"@id\":\"https:\\\/\\\/www.webdo.tn\\\/fr\\\/actualite\\\/culture\\\/el-gouna-2025-12-premiers-films-selectionnes-pour-la-8%e1%b5%89-edition\\\/381835\\\/#primaryimage\",\"url\":\"https:\\\/\\\/www.webdo.tn\\\/fr\\\/wp-content\\\/uploads\\\/2025\\\/08\\\/El-Gouna-2025-12-films-devoiles.jpg\",\"contentUrl\":\"https:\\\/\\\/www.webdo.tn\\\/fr\\\/wp-content\\\/uploads\\\/2025\\\/08\\\/El-Gouna-2025-12-films-devoiles.jpg\",\"width\":1280,\"height\":720,\"caption\":\"El Gouna 2025 12 films de\u0301voile\u0301s\"},{\"@type\":\"BreadcrumbList\",\"@id\":\"https:\\\/\\\/www.webdo.tn\\\/fr\\\/actualite\\\/culture\\\/el-gouna-2025-12-premiers-films-selectionnes-pour-la-8%e1%b5%89-edition\\\/381835\\\/#breadcrumb\",\"itemListElement\":[{\"@type\":\"ListItem\",\"position\":1,\"name\":\"Accueil\",\"item\":\"https:\\\/\\\/www.webdo.tn\\\/fr\\\/\"},{\"@type\":\"ListItem\",\"position\":2,\"name\":\"El Gouna 2025 &#8211; 12 premiers films s\u00e9lectionn\u00e9s pour la 8\u1d49 \u00e9dition\"}]},{\"@type\":\"WebSite\",\"@id\":\"https:\\\/\\\/www.webdo.tn\\\/fr\\\/#website\",\"url\":\"https:\\\/\\\/www.webdo.tn\\\/fr\\\/\",\"name\":\"webdo\",\"description\":\"Tunisie - News en Tunisie et \u00e0 l&#039;international sur Webdo.tn\",\"publisher\":{\"@id\":\"https:\\\/\\\/www.webdo.tn\\\/fr\\\/#organization\"},\"potentialAction\":[{\"@type\":\"SearchAction\",\"target\":{\"@type\":\"EntryPoint\",\"urlTemplate\":\"https:\\\/\\\/www.webdo.tn\\\/fr\\\/?s={search_term_string}\"},\"query-input\":{\"@type\":\"PropertyValueSpecification\",\"valueRequired\":true,\"valueName\":\"search_term_string\"}}],\"inLanguage\":\"fr-FR\"},{\"@type\":\"Organization\",\"@id\":\"https:\\\/\\\/www.webdo.tn\\\/fr\\\/#organization\",\"name\":\"Webdo\",\"alternateName\":\"Webdo.tn\",\"url\":\"https:\\\/\\\/www.webdo.tn\\\/fr\\\/\",\"logo\":{\"@type\":\"ImageObject\",\"inLanguage\":\"fr-FR\",\"@id\":\"https:\\\/\\\/www.webdo.tn\\\/fr\\\/#\\\/schema\\\/logo\\\/image\\\/\",\"url\":\"https:\\\/\\\/www.webdo.tn\\\/fr\\\/wp-content\\\/uploads\\\/2025\\\/06\\\/Webdo-Tunisie_168377.jpg\",\"contentUrl\":\"https:\\\/\\\/www.webdo.tn\\\/fr\\\/wp-content\\\/uploads\\\/2025\\\/06\\\/Webdo-Tunisie_168377.jpg\",\"width\":301,\"height\":301,\"caption\":\"Webdo\"},\"image\":{\"@id\":\"https:\\\/\\\/www.webdo.tn\\\/fr\\\/#\\\/schema\\\/logo\\\/image\\\/\"},\"sameAs\":[\"https:\\\/\\\/www.facebook.com\\\/webdotn\",\"https:\\\/\\\/x.com\\\/webdo_tn\"],\"description\":\"Webdo est un m\u00e9dia num\u00e9rique tunisien fond\u00e9 en 2010, sp\u00e9cialis\u00e9 dans l\u2019actualit\u00e9 nationale et internationale, l\u2019\u00e9conomie, la soci\u00e9t\u00e9 et les analyses politiques. Le site s\u2019adresse \u00e0 un large public francophone et couvre l\u2019information tunisienne en temps r\u00e9el.\",\"email\":\"redac@webdo.tn\",\"legalName\":\"YNJ SARL\",\"foundingDate\":\"2010-09-06\",\"numberOfEmployees\":{\"@type\":\"QuantitativeValue\",\"minValue\":\"11\",\"maxValue\":\"50\"}},{\"@type\":\"Person\",\"@id\":\"https:\\\/\\\/www.webdo.tn\\\/fr\\\/#\\\/schema\\\/person\\\/60d5ba619ed3f58783b0dc82b7dada80\",\"name\":\"Ne\u00efla DRISS\",\"image\":{\"@type\":\"ImageObject\",\"inLanguage\":\"fr-FR\",\"@id\":\"https:\\\/\\\/www.webdo.tn\\\/fr\\\/wp-content\\\/uploads\\\/2026\\\/04\\\/neila-driss_avatar-96x96.jpg\",\"url\":\"https:\\\/\\\/www.webdo.tn\\\/fr\\\/wp-content\\\/uploads\\\/2026\\\/04\\\/neila-driss_avatar-96x96.jpg\",\"contentUrl\":\"https:\\\/\\\/www.webdo.tn\\\/fr\\\/wp-content\\\/uploads\\\/2026\\\/04\\\/neila-driss_avatar-96x96.jpg\",\"caption\":\"Ne\u00efla DRISS\"},\"description\":\"Ne\u00efla Driss est juriste, journaliste culturelle et critique de cin\u00e9ma tunisienne. Titulaire d\u2019un DEA en droit priv\u00e9 de l\u2019Universit\u00e9 Paris II et d\u2019un DESS de l\u2019IHEC Carthage, elle d\u00e9bute sa carri\u00e8re comme juriste sp\u00e9cialis\u00e9e en gestion de patrimoine immobilier. Elle s\u2019oriente ensuite vers l\u2019\u00e9criture en ligne, o\u00f9 elle se distingue d\u00e8s 2006 aux Tunisia Blog Awards, avant de se consacrer au journalisme culturel, avec une sp\u00e9cialisation dans la critique cin\u00e9matographique. Elle couvre r\u00e9guli\u00e8rement les grands festivals internationaux, notamment le Festival de Cannes, les Journ\u00e9es Cin\u00e9matographiques de Carthage et le Festival du film du Caire. Membre de l\u2019ATPCC et de la FIPRESCI, elle participe \u00e0 des jurys et initiatives internationales de critique. Depuis 2024, elle est \u00e9lectrice internationale aux Golden Globes. Facebook : https:\\\/\\\/www.facebook.com\\\/massir.destiniii\\\/ X : https:\\\/\\\/x.com\\\/MassirDestin\",\"sameAs\":[\"https:\\\/\\\/www.facebook.com\\\/massir.destiniii\\\/\",\"https:\\\/\\\/www.instagram.com\\\/neila.driss\\\/?hl=fr\",\"https:\\\/\\\/www.linkedin.com\\\/in\\\/neila-driss-22606a80\\\/\",\"https:\\\/\\\/x.com\\\/https:\\\/\\\/x.com\\\/MassirDestin\"],\"knowsAbout\":[\"Cin\u00e9ma international\",\"critique cin\u00e9matographique\",\"festivals de cin\u00e9ma\",\"journalisme culturel\"],\"knowsLanguage\":[\"Fran\u00e7ais\",\"Arabe\",\"Anglais\"],\"jobTitle\":\"Journaliste culturelle et critique de cin\u00e9ma\",\"worksFor\":\"Webdo\",\"url\":\"https:\\\/\\\/www.webdo.tn\\\/fr\\\/actualite\\\/author\\\/neila-driss\\\/\"}]}<\/script>\n<!-- \/ Yoast SEO Premium plugin. -->","yoast_head_json":{"title":"El Gouna 2025 - 12 premiers films s\u00e9lectionn\u00e9s pour la 8\u1d49 \u00e9dition - webdo","description":"Le festival du film d'El Gouna d\u00e9voile une premi\u00e8re s\u00e9lection de 12 films, entre fictions prim\u00e9es et documentaires, pour sa 8\u1d49 \u00e9dition.","canonical":"https:\/\/www.webdo.tn\/fr\/actualite\/culture\/el-gouna-2025-12-premiers-films-selectionnes-pour-la-8\u1d49-edition\/381835\/","og_locale":"fr_FR","og_type":"article","og_title":"El Gouna 2025 - 12 premiers films s\u00e9lectionn\u00e9s pour la 8\u1d49 \u00e9dition","og_description":"Le festival du film d'El Gouna d\u00e9voile une premi\u00e8re s\u00e9lection de 12 films, entre fictions prim\u00e9es et documentaires, pour sa 8\u1d49 \u00e9dition.","og_url":"https:\/\/www.webdo.tn\/fr\/actualite\/culture\/el-gouna-2025-12-premiers-films-selectionnes-pour-la-8\u1d49-edition\/381835\/","og_site_name":"webdo","article_publisher":"https:\/\/www.facebook.com\/webdotn","article_author":"https:\/\/www.facebook.com\/massir.destiniii\/","article_published_time":"2025-08-21T18:56:14+00:00","article_modified_time":"2025-08-21T18:57:44+00:00","og_image":[{"width":1280,"height":720,"url":"https:\/\/www.webdo.tn\/fr\/wp-content\/uploads\/2025\/08\/El-Gouna-2025-12-films-devoiles.jpg","type":"image\/jpeg"}],"author":"Ne\u00efla DRISS","twitter_card":"summary_large_image","twitter_creator":"@https:\/\/x.com\/MassirDestin","twitter_site":"@webdo_tn","twitter_misc":{"\u00c9crit par":"Ne\u00efla DRISS","Dur\u00e9e de lecture estim\u00e9e":"7 minutes"},"schema":{"@context":"https:\/\/schema.org","@graph":[{"@type":"NewsArticle","@id":"https:\/\/www.webdo.tn\/fr\/actualite\/culture\/el-gouna-2025-12-premiers-films-selectionnes-pour-la-8%e1%b5%89-edition\/381835\/#article","isPartOf":{"@id":"https:\/\/www.webdo.tn\/fr\/actualite\/culture\/el-gouna-2025-12-premiers-films-selectionnes-pour-la-8%e1%b5%89-edition\/381835\/"},"author":{"name":"Ne\u00efla DRISS","@id":"https:\/\/www.webdo.tn\/fr\/#\/schema\/person\/60d5ba619ed3f58783b0dc82b7dada80"},"headline":"El Gouna 2025 &#8211; 12 premiers films s\u00e9lectionn\u00e9s pour la 8\u1d49 \u00e9dition","datePublished":"2025-08-21T18:56:14+00:00","dateModified":"2025-08-21T18:57:44+00:00","mainEntityOfPage":{"@id":"https:\/\/www.webdo.tn\/fr\/actualite\/culture\/el-gouna-2025-12-premiers-films-selectionnes-pour-la-8%e1%b5%89-edition\/381835\/"},"wordCount":1392,"publisher":{"@id":"https:\/\/www.webdo.tn\/fr\/#organization"},"image":{"@id":"https:\/\/www.webdo.tn\/fr\/actualite\/culture\/el-gouna-2025-12-premiers-films-selectionnes-pour-la-8%e1%b5%89-edition\/381835\/#primaryimage"},"thumbnailUrl":"https:\/\/www.webdo.tn\/fr\/wp-content\/uploads\/2025\/08\/El-Gouna-2025-12-films-devoiles.jpg","keywords":["Cin\u00e9ma","El Gouna","El Gouna 2025","Festival","Festival du Film d'El Gouna"],"articleSection":["Culture"],"inLanguage":"fr-FR"},{"@type":"WebPage","@id":"https:\/\/www.webdo.tn\/fr\/actualite\/culture\/el-gouna-2025-12-premiers-films-selectionnes-pour-la-8%e1%b5%89-edition\/381835\/","url":"https:\/\/www.webdo.tn\/fr\/actualite\/culture\/el-gouna-2025-12-premiers-films-selectionnes-pour-la-8%e1%b5%89-edition\/381835\/","name":"El Gouna 2025 - 12 premiers films s\u00e9lectionn\u00e9s pour la 8\u1d49 \u00e9dition - webdo","isPartOf":{"@id":"https:\/\/www.webdo.tn\/fr\/#website"},"primaryImageOfPage":{"@id":"https:\/\/www.webdo.tn\/fr\/actualite\/culture\/el-gouna-2025-12-premiers-films-selectionnes-pour-la-8%e1%b5%89-edition\/381835\/#primaryimage"},"image":{"@id":"https:\/\/www.webdo.tn\/fr\/actualite\/culture\/el-gouna-2025-12-premiers-films-selectionnes-pour-la-8%e1%b5%89-edition\/381835\/#primaryimage"},"thumbnailUrl":"https:\/\/www.webdo.tn\/fr\/wp-content\/uploads\/2025\/08\/El-Gouna-2025-12-films-devoiles.jpg","datePublished":"2025-08-21T18:56:14+00:00","dateModified":"2025-08-21T18:57:44+00:00","description":"Le festival du film d'El Gouna d\u00e9voile une premi\u00e8re s\u00e9lection de 12 films, entre fictions prim\u00e9es et documentaires, pour sa 8\u1d49 \u00e9dition.","breadcrumb":{"@id":"https:\/\/www.webdo.tn\/fr\/actualite\/culture\/el-gouna-2025-12-premiers-films-selectionnes-pour-la-8%e1%b5%89-edition\/381835\/#breadcrumb"},"inLanguage":"fr-FR","potentialAction":[{"@type":"ReadAction","target":["https:\/\/www.webdo.tn\/fr\/actualite\/culture\/el-gouna-2025-12-premiers-films-selectionnes-pour-la-8%e1%b5%89-edition\/381835\/"]}]},{"@type":"ImageObject","inLanguage":"fr-FR","@id":"https:\/\/www.webdo.tn\/fr\/actualite\/culture\/el-gouna-2025-12-premiers-films-selectionnes-pour-la-8%e1%b5%89-edition\/381835\/#primaryimage","url":"https:\/\/www.webdo.tn\/fr\/wp-content\/uploads\/2025\/08\/El-Gouna-2025-12-films-devoiles.jpg","contentUrl":"https:\/\/www.webdo.tn\/fr\/wp-content\/uploads\/2025\/08\/El-Gouna-2025-12-films-devoiles.jpg","width":1280,"height":720,"caption":"El Gouna 2025 12 films de\u0301voile\u0301s"},{"@type":"BreadcrumbList","@id":"https:\/\/www.webdo.tn\/fr\/actualite\/culture\/el-gouna-2025-12-premiers-films-selectionnes-pour-la-8%e1%b5%89-edition\/381835\/#breadcrumb","itemListElement":[{"@type":"ListItem","position":1,"name":"Accueil","item":"https:\/\/www.webdo.tn\/fr\/"},{"@type":"ListItem","position":2,"name":"El Gouna 2025 &#8211; 12 premiers films s\u00e9lectionn\u00e9s pour la 8\u1d49 \u00e9dition"}]},{"@type":"WebSite","@id":"https:\/\/www.webdo.tn\/fr\/#website","url":"https:\/\/www.webdo.tn\/fr\/","name":"webdo","description":"Tunisie - News en Tunisie et \u00e0 l&#039;international sur Webdo.tn","publisher":{"@id":"https:\/\/www.webdo.tn\/fr\/#organization"},"potentialAction":[{"@type":"SearchAction","target":{"@type":"EntryPoint","urlTemplate":"https:\/\/www.webdo.tn\/fr\/?s={search_term_string}"},"query-input":{"@type":"PropertyValueSpecification","valueRequired":true,"valueName":"search_term_string"}}],"inLanguage":"fr-FR"},{"@type":"Organization","@id":"https:\/\/www.webdo.tn\/fr\/#organization","name":"Webdo","alternateName":"Webdo.tn","url":"https:\/\/www.webdo.tn\/fr\/","logo":{"@type":"ImageObject","inLanguage":"fr-FR","@id":"https:\/\/www.webdo.tn\/fr\/#\/schema\/logo\/image\/","url":"https:\/\/www.webdo.tn\/fr\/wp-content\/uploads\/2025\/06\/Webdo-Tunisie_168377.jpg","contentUrl":"https:\/\/www.webdo.tn\/fr\/wp-content\/uploads\/2025\/06\/Webdo-Tunisie_168377.jpg","width":301,"height":301,"caption":"Webdo"},"image":{"@id":"https:\/\/www.webdo.tn\/fr\/#\/schema\/logo\/image\/"},"sameAs":["https:\/\/www.facebook.com\/webdotn","https:\/\/x.com\/webdo_tn"],"description":"Webdo est un m\u00e9dia num\u00e9rique tunisien fond\u00e9 en 2010, sp\u00e9cialis\u00e9 dans l\u2019actualit\u00e9 nationale et internationale, l\u2019\u00e9conomie, la soci\u00e9t\u00e9 et les analyses politiques. Le site s\u2019adresse \u00e0 un large public francophone et couvre l\u2019information tunisienne en temps r\u00e9el.","email":"redac@webdo.tn","legalName":"YNJ SARL","foundingDate":"2010-09-06","numberOfEmployees":{"@type":"QuantitativeValue","minValue":"11","maxValue":"50"}},{"@type":"Person","@id":"https:\/\/www.webdo.tn\/fr\/#\/schema\/person\/60d5ba619ed3f58783b0dc82b7dada80","name":"Ne\u00efla DRISS","image":{"@type":"ImageObject","inLanguage":"fr-FR","@id":"https:\/\/www.webdo.tn\/fr\/wp-content\/uploads\/2026\/04\/neila-driss_avatar-96x96.jpg","url":"https:\/\/www.webdo.tn\/fr\/wp-content\/uploads\/2026\/04\/neila-driss_avatar-96x96.jpg","contentUrl":"https:\/\/www.webdo.tn\/fr\/wp-content\/uploads\/2026\/04\/neila-driss_avatar-96x96.jpg","caption":"Ne\u00efla DRISS"},"description":"Ne\u00efla Driss est juriste, journaliste culturelle et critique de cin\u00e9ma tunisienne. Titulaire d\u2019un DEA en droit priv\u00e9 de l\u2019Universit\u00e9 Paris II et d\u2019un DESS de l\u2019IHEC Carthage, elle d\u00e9bute sa carri\u00e8re comme juriste sp\u00e9cialis\u00e9e en gestion de patrimoine immobilier. Elle s\u2019oriente ensuite vers l\u2019\u00e9criture en ligne, o\u00f9 elle se distingue d\u00e8s 2006 aux Tunisia Blog Awards, avant de se consacrer au journalisme culturel, avec une sp\u00e9cialisation dans la critique cin\u00e9matographique. Elle couvre r\u00e9guli\u00e8rement les grands festivals internationaux, notamment le Festival de Cannes, les Journ\u00e9es Cin\u00e9matographiques de Carthage et le Festival du film du Caire. Membre de l\u2019ATPCC et de la FIPRESCI, elle participe \u00e0 des jurys et initiatives internationales de critique. Depuis 2024, elle est \u00e9lectrice internationale aux Golden Globes. Facebook : https:\/\/www.facebook.com\/massir.destiniii\/ X : https:\/\/x.com\/MassirDestin","sameAs":["https:\/\/www.facebook.com\/massir.destiniii\/","https:\/\/www.instagram.com\/neila.driss\/?hl=fr","https:\/\/www.linkedin.com\/in\/neila-driss-22606a80\/","https:\/\/x.com\/https:\/\/x.com\/MassirDestin"],"knowsAbout":["Cin\u00e9ma international","critique cin\u00e9matographique","festivals de cin\u00e9ma","journalisme culturel"],"knowsLanguage":["Fran\u00e7ais","Arabe","Anglais"],"jobTitle":"Journaliste culturelle et critique de cin\u00e9ma","worksFor":"Webdo","url":"https:\/\/www.webdo.tn\/fr\/actualite\/author\/neila-driss\/"}]}},"_links":{"self":[{"href":"https:\/\/www.webdo.tn\/fr\/wp-json\/wp\/v2\/posts\/381835","targetHints":{"allow":["GET"]}}],"collection":[{"href":"https:\/\/www.webdo.tn\/fr\/wp-json\/wp\/v2\/posts"}],"about":[{"href":"https:\/\/www.webdo.tn\/fr\/wp-json\/wp\/v2\/types\/post"}],"author":[{"embeddable":true,"href":"https:\/\/www.webdo.tn\/fr\/wp-json\/wp\/v2\/users\/3164"}],"replies":[{"embeddable":true,"href":"https:\/\/www.webdo.tn\/fr\/wp-json\/wp\/v2\/comments?post=381835"}],"version-history":[{"count":0,"href":"https:\/\/www.webdo.tn\/fr\/wp-json\/wp\/v2\/posts\/381835\/revisions"}],"wp:featuredmedia":[{"embeddable":true,"href":"https:\/\/www.webdo.tn\/fr\/wp-json\/wp\/v2\/media\/381836"}],"wp:attachment":[{"href":"https:\/\/www.webdo.tn\/fr\/wp-json\/wp\/v2\/media?parent=381835"}],"wp:term":[{"taxonomy":"category","embeddable":true,"href":"https:\/\/www.webdo.tn\/fr\/wp-json\/wp\/v2\/categories?post=381835"},{"taxonomy":"post_tag","embeddable":true,"href":"https:\/\/www.webdo.tn\/fr\/wp-json\/wp\/v2\/tags?post=381835"}],"curies":[{"name":"wp","href":"https:\/\/api.w.org\/{rel}","templated":true}]}}