{"id":381712,"date":"2025-08-20T08:56:44","date_gmt":"2025-08-20T07:56:44","guid":{"rendered":"https:\/\/www.webdo.tn\/fr\/?p=381712"},"modified":"2025-08-20T13:35:28","modified_gmt":"2025-08-20T12:35:28","slug":"nouvelle-vague-de-chaleur-en-tunisie-jusqua-45c-attendus-a-kairouan","status":"publish","type":"post","link":"https:\/\/www.webdo.tn\/fr\/actualite\/national\/nouvelle-vague-de-chaleur-en-tunisie-jusqua-45c-attendus-a-kairouan\/381712\/","title":{"rendered":"Nouvelle vague de chaleur en Tunisie : Jusqu\u2019\u00e0 45\u00b0C attendus \u00e0 Kairouan"},"content":{"rendered":"\n<p><strong>Le temps sera marqu\u00e9 ce mercredi par une forte hausse des temp\u00e9ratures sur l\u2019ensemble du territoire, avec des pics d\u00e9passant les 40\u00b0C dans plusieurs r\u00e9gions. Les vents du sud accentueront la sensation de chaleur, tandis que la mer sera agit\u00e9e \u00e0 tr\u00e8s agit\u00e9e.<\/strong><\/p>\n\n\n\n<p>Selon l\u2019Institut national de la m\u00e9t\u00e9orologie (INM), la journ\u00e9e sera caract\u00e9ris\u00e9e par des passages nuageux sur la plupart des r\u00e9gions, devenant plus denses dans l\u2019apr\u00e8s-midi sur les zones orientales du Nord.<\/p>\n\n\n\n<p>Le vent soufflera du secteur sud, assez fort \u00e0 fort pr\u00e8s des c\u00f4tes et faible \u00e0 mod\u00e9r\u00e9 ailleurs. Il se renforcera toutefois sur les reliefs, avec des rafales pouvant d\u00e9passer temporairement les 60 km\/h. La mer sera agit\u00e9e \u00e0 tr\u00e8s agit\u00e9e.<\/p>\n\n\n\n<p>Les temp\u00e9ratures seront en forte hausse. Au Cap Bon, les maximales varieront entre 32 et 36\u00b0C. Dans la plupart des autres r\u00e9gions, elles oscilleront entre 37 et 43\u00b0C. Les pics les plus \u00e9lev\u00e9s atteindront 45\u00b0C \u00e0 Kairouan et dans l\u2019extr\u00eame sud-ouest, sous l\u2019effet du vent chaud \u00ab chergui \u00bb.<\/p>\n","protected":false},"excerpt":{"rendered":"<p>Le temps sera marqu\u00e9 ce mercredi par une forte hausse des temp\u00e9ratures sur l\u2019ensemble du territoire, avec des pics d\u00e9passant les 40\u00b0C dans plusieurs r\u00e9gions. Les vents du sud accentueront la sensation de chaleur, tandis que la mer sera agit\u00e9e \u00e0 tr\u00e8s agit\u00e9e. Selon l\u2019Institut national de la m\u00e9t\u00e9orologie (INM), la journ\u00e9e sera caract\u00e9ris\u00e9e par [&hellip;]<\/p>\n","protected":false},"author":3191,"featured_media":298916,"comment_status":"closed","ping_status":"closed","sticky":false,"template":"","format":"standard","meta":{"footnotes":""},"categories":[44],"tags":[5930,2670,2608,12300],"class_list":["post-381712","post","type-post","status-publish","format-standard","has-post-thumbnail","hentry","category-national","tag-canicule","tag-meteo","tag-tunisie","tag-vague-de-chaleur"],"yoast_head":"<!-- This site is optimized with the Yoast SEO Premium plugin v27.4 (Yoast SEO v27.4) - https:\/\/yoast.com\/product\/yoast-seo-premium-wordpress\/ -->\n<title>Nouvelle vague de chaleur en Tunisie : Jusqu\u2019\u00e0 45\u00b0C attendus \u00e0 Kairouan - webdo<\/title>\n<meta name=\"description\" content=\"Des temp\u00e9ratures jusqu\u2019\u00e0 45\u00b0C attendues \u00e0 Kairouan ce mercredi. Pr\u00e9parez-vous \u00e0 une chaleur intense et des conditions vent\u00e9es.\" \/>\n<link rel=\"canonical\" href=\"https:\/\/www.webdo.tn\/fr\/actualite\/national\/nouvelle-vague-de-chaleur-en-tunisie-jusqua-45c-attendus-a-kairouan\/381712\/\" \/>\n<meta property=\"og:locale\" content=\"fr_FR\" \/>\n<meta property=\"og:type\" content=\"article\" \/>\n<meta property=\"og:title\" content=\"Nouvelle vague de chaleur en Tunisie : Jusqu\u2019\u00e0 45\u00b0C attendus \u00e0 Kairouan\" \/>\n<meta property=\"og:description\" content=\"Des temp\u00e9ratures jusqu\u2019\u00e0 45\u00b0C attendues \u00e0 Kairouan ce mercredi. Pr\u00e9parez-vous \u00e0 une chaleur intense et des conditions vent\u00e9es.\" \/>\n<meta property=\"og:url\" content=\"https:\/\/www.webdo.tn\/fr\/actualite\/national\/nouvelle-vague-de-chaleur-en-tunisie-jusqua-45c-attendus-a-kairouan\/381712\/\" \/>\n<meta property=\"og:site_name\" content=\"webdo\" \/>\n<meta property=\"article:publisher\" content=\"https:\/\/www.facebook.com\/webdotn\" \/>\n<meta property=\"article:published_time\" content=\"2025-08-20T07:56:44+00:00\" \/>\n<meta property=\"article:modified_time\" content=\"2025-08-20T12:35:28+00:00\" \/>\n<meta property=\"og:image\" content=\"https:\/\/www.webdo.tn\/fr\/wp-content\/uploads\/2018\/07\/canicule.png\" \/>\n\t<meta property=\"og:image:width\" content=\"742\" \/>\n\t<meta property=\"og:image:height\" content=\"493\" \/>\n\t<meta property=\"og:image:type\" content=\"image\/png\" \/>\n<meta name=\"author\" content=\"Mohamed Hedi Touati\" \/>\n<meta name=\"twitter:card\" content=\"summary_large_image\" \/>\n<meta name=\"twitter:creator\" content=\"@webdo_tn\" \/>\n<meta name=\"twitter:site\" content=\"@webdo_tn\" \/>\n<meta name=\"twitter:label1\" content=\"\u00c9crit par\" \/>\n\t<meta name=\"twitter:data1\" content=\"Mohamed Hedi Touati\" \/>\n\t<meta name=\"twitter:label2\" content=\"Dur\u00e9e de lecture estim\u00e9e\" \/>\n\t<meta name=\"twitter:data2\" content=\"2 minutes\" \/>\n<script type=\"application\/ld+json\" class=\"yoast-schema-graph\">{\"@context\":\"https:\\\/\\\/schema.org\",\"@graph\":[{\"@type\":\"NewsArticle\",\"@id\":\"https:\\\/\\\/www.webdo.tn\\\/fr\\\/actualite\\\/national\\\/nouvelle-vague-de-chaleur-en-tunisie-jusqua-45c-attendus-a-kairouan\\\/381712\\\/#article\",\"isPartOf\":{\"@id\":\"https:\\\/\\\/www.webdo.tn\\\/fr\\\/actualite\\\/national\\\/nouvelle-vague-de-chaleur-en-tunisie-jusqua-45c-attendus-a-kairouan\\\/381712\\\/\"},\"author\":{\"name\":\"Mohamed Hedi Touati\",\"@id\":\"https:\\\/\\\/www.webdo.tn\\\/fr\\\/#\\\/schema\\\/person\\\/c652cd8fc2b1b44412b5ffb48c5a911d\"},\"headline\":\"Nouvelle vague de chaleur en Tunisie : Jusqu\u2019\u00e0 45\u00b0C attendus \u00e0 Kairouan\",\"datePublished\":\"2025-08-20T07:56:44+00:00\",\"dateModified\":\"2025-08-20T12:35:28+00:00\",\"mainEntityOfPage\":{\"@id\":\"https:\\\/\\\/www.webdo.tn\\\/fr\\\/actualite\\\/national\\\/nouvelle-vague-de-chaleur-en-tunisie-jusqua-45c-attendus-a-kairouan\\\/381712\\\/\"},\"wordCount\":194,\"publisher\":{\"@id\":\"https:\\\/\\\/www.webdo.tn\\\/fr\\\/#organization\"},\"image\":{\"@id\":\"https:\\\/\\\/www.webdo.tn\\\/fr\\\/actualite\\\/national\\\/nouvelle-vague-de-chaleur-en-tunisie-jusqua-45c-attendus-a-kairouan\\\/381712\\\/#primaryimage\"},\"thumbnailUrl\":\"https:\\\/\\\/www.webdo.tn\\\/fr\\\/wp-content\\\/uploads\\\/2018\\\/07\\\/canicule.png\",\"keywords\":[\"Canicule\",\"m\u00e9t\u00e9o\",\"Tunisie\",\"vague de chaleur\"],\"articleSection\":[\"National\"],\"inLanguage\":\"fr-FR\"},{\"@type\":\"WebPage\",\"@id\":\"https:\\\/\\\/www.webdo.tn\\\/fr\\\/actualite\\\/national\\\/nouvelle-vague-de-chaleur-en-tunisie-jusqua-45c-attendus-a-kairouan\\\/381712\\\/\",\"url\":\"https:\\\/\\\/www.webdo.tn\\\/fr\\\/actualite\\\/national\\\/nouvelle-vague-de-chaleur-en-tunisie-jusqua-45c-attendus-a-kairouan\\\/381712\\\/\",\"name\":\"Nouvelle vague de chaleur en Tunisie : Jusqu\u2019\u00e0 45\u00b0C attendus \u00e0 Kairouan - webdo\",\"isPartOf\":{\"@id\":\"https:\\\/\\\/www.webdo.tn\\\/fr\\\/#website\"},\"primaryImageOfPage\":{\"@id\":\"https:\\\/\\\/www.webdo.tn\\\/fr\\\/actualite\\\/national\\\/nouvelle-vague-de-chaleur-en-tunisie-jusqua-45c-attendus-a-kairouan\\\/381712\\\/#primaryimage\"},\"image\":{\"@id\":\"https:\\\/\\\/www.webdo.tn\\\/fr\\\/actualite\\\/national\\\/nouvelle-vague-de-chaleur-en-tunisie-jusqua-45c-attendus-a-kairouan\\\/381712\\\/#primaryimage\"},\"thumbnailUrl\":\"https:\\\/\\\/www.webdo.tn\\\/fr\\\/wp-content\\\/uploads\\\/2018\\\/07\\\/canicule.png\",\"datePublished\":\"2025-08-20T07:56:44+00:00\",\"dateModified\":\"2025-08-20T12:35:28+00:00\",\"description\":\"Des temp\u00e9ratures jusqu\u2019\u00e0 45\u00b0C attendues \u00e0 Kairouan ce mercredi. Pr\u00e9parez-vous \u00e0 une chaleur intense et des conditions vent\u00e9es.\",\"breadcrumb\":{\"@id\":\"https:\\\/\\\/www.webdo.tn\\\/fr\\\/actualite\\\/national\\\/nouvelle-vague-de-chaleur-en-tunisie-jusqua-45c-attendus-a-kairouan\\\/381712\\\/#breadcrumb\"},\"inLanguage\":\"fr-FR\",\"potentialAction\":[{\"@type\":\"ReadAction\",\"target\":[\"https:\\\/\\\/www.webdo.tn\\\/fr\\\/actualite\\\/national\\\/nouvelle-vague-de-chaleur-en-tunisie-jusqua-45c-attendus-a-kairouan\\\/381712\\\/\"]}]},{\"@type\":\"ImageObject\",\"inLanguage\":\"fr-FR\",\"@id\":\"https:\\\/\\\/www.webdo.tn\\\/fr\\\/actualite\\\/national\\\/nouvelle-vague-de-chaleur-en-tunisie-jusqua-45c-attendus-a-kairouan\\\/381712\\\/#primaryimage\",\"url\":\"https:\\\/\\\/www.webdo.tn\\\/fr\\\/wp-content\\\/uploads\\\/2018\\\/07\\\/canicule.png\",\"contentUrl\":\"https:\\\/\\\/www.webdo.tn\\\/fr\\\/wp-content\\\/uploads\\\/2018\\\/07\\\/canicule.png\",\"width\":742,\"height\":493,\"caption\":\"Nouvelle vague de chaleur en Tunisie : Jusqu\u2019\u00e0 45\u00b0C attendus \u00e0 Kairouan\"},{\"@type\":\"BreadcrumbList\",\"@id\":\"https:\\\/\\\/www.webdo.tn\\\/fr\\\/actualite\\\/national\\\/nouvelle-vague-de-chaleur-en-tunisie-jusqua-45c-attendus-a-kairouan\\\/381712\\\/#breadcrumb\",\"itemListElement\":[{\"@type\":\"ListItem\",\"position\":1,\"name\":\"Accueil\",\"item\":\"https:\\\/\\\/www.webdo.tn\\\/fr\\\/\"},{\"@type\":\"ListItem\",\"position\":2,\"name\":\"Nouvelle vague de chaleur en Tunisie : Jusqu\u2019\u00e0 45\u00b0C attendus \u00e0 Kairouan\"}]},{\"@type\":\"WebSite\",\"@id\":\"https:\\\/\\\/www.webdo.tn\\\/fr\\\/#website\",\"url\":\"https:\\\/\\\/www.webdo.tn\\\/fr\\\/\",\"name\":\"webdo\",\"description\":\"Tunisie - News en Tunisie et \u00e0 l&#039;international sur Webdo.tn\",\"publisher\":{\"@id\":\"https:\\\/\\\/www.webdo.tn\\\/fr\\\/#organization\"},\"potentialAction\":[{\"@type\":\"SearchAction\",\"target\":{\"@type\":\"EntryPoint\",\"urlTemplate\":\"https:\\\/\\\/www.webdo.tn\\\/fr\\\/?s={search_term_string}\"},\"query-input\":{\"@type\":\"PropertyValueSpecification\",\"valueRequired\":true,\"valueName\":\"search_term_string\"}}],\"inLanguage\":\"fr-FR\"},{\"@type\":\"Organization\",\"@id\":\"https:\\\/\\\/www.webdo.tn\\\/fr\\\/#organization\",\"name\":\"Webdo\",\"alternateName\":\"Webdo.tn\",\"url\":\"https:\\\/\\\/www.webdo.tn\\\/fr\\\/\",\"logo\":{\"@type\":\"ImageObject\",\"inLanguage\":\"fr-FR\",\"@id\":\"https:\\\/\\\/www.webdo.tn\\\/fr\\\/#\\\/schema\\\/logo\\\/image\\\/\",\"url\":\"https:\\\/\\\/www.webdo.tn\\\/fr\\\/wp-content\\\/uploads\\\/2025\\\/06\\\/Webdo-Tunisie_168377.jpg\",\"contentUrl\":\"https:\\\/\\\/www.webdo.tn\\\/fr\\\/wp-content\\\/uploads\\\/2025\\\/06\\\/Webdo-Tunisie_168377.jpg\",\"width\":301,\"height\":301,\"caption\":\"Webdo\"},\"image\":{\"@id\":\"https:\\\/\\\/www.webdo.tn\\\/fr\\\/#\\\/schema\\\/logo\\\/image\\\/\"},\"sameAs\":[\"https:\\\/\\\/www.facebook.com\\\/webdotn\",\"https:\\\/\\\/x.com\\\/webdo_tn\"],\"description\":\"Webdo est un m\u00e9dia num\u00e9rique tunisien fond\u00e9 en 2010, sp\u00e9cialis\u00e9 dans l\u2019actualit\u00e9 nationale et internationale, l\u2019\u00e9conomie, la soci\u00e9t\u00e9 et les analyses politiques. Le site s\u2019adresse \u00e0 un large public francophone et couvre l\u2019information tunisienne en temps r\u00e9el.\",\"email\":\"redac@webdo.tn\",\"legalName\":\"YNJ SARL\",\"foundingDate\":\"2010-09-06\",\"numberOfEmployees\":{\"@type\":\"QuantitativeValue\",\"minValue\":\"11\",\"maxValue\":\"50\"}},{\"@type\":\"Person\",\"@id\":\"https:\\\/\\\/www.webdo.tn\\\/fr\\\/#\\\/schema\\\/person\\\/c652cd8fc2b1b44412b5ffb48c5a911d\",\"name\":\"Mohamed Hedi Touati\",\"image\":{\"@type\":\"ImageObject\",\"inLanguage\":\"fr-FR\",\"@id\":\"https:\\\/\\\/secure.gravatar.com\\\/avatar\\\/9cfd402c745b7a685f13eed0ea6e59d2144a3c2fc50a3db6fd5ed451f6cddf1a?s=96&d=mm&r=g\",\"url\":\"https:\\\/\\\/secure.gravatar.com\\\/avatar\\\/9cfd402c745b7a685f13eed0ea6e59d2144a3c2fc50a3db6fd5ed451f6cddf1a?s=96&d=mm&r=g\",\"contentUrl\":\"https:\\\/\\\/secure.gravatar.com\\\/avatar\\\/9cfd402c745b7a685f13eed0ea6e59d2144a3c2fc50a3db6fd5ed451f6cddf1a?s=96&d=mm&r=g\",\"caption\":\"Mohamed Hedi Touati\"},\"url\":\"https:\\\/\\\/www.webdo.tn\\\/fr\\\/actualite\\\/author\\\/mohamed-hedi-touati\\\/\"}]}<\/script>\n<!-- \/ Yoast SEO Premium plugin. -->","yoast_head_json":{"title":"Nouvelle vague de chaleur en Tunisie : Jusqu\u2019\u00e0 45\u00b0C attendus \u00e0 Kairouan - webdo","description":"Des temp\u00e9ratures jusqu\u2019\u00e0 45\u00b0C attendues \u00e0 Kairouan ce mercredi. Pr\u00e9parez-vous \u00e0 une chaleur intense et des conditions vent\u00e9es.","canonical":"https:\/\/www.webdo.tn\/fr\/actualite\/national\/nouvelle-vague-de-chaleur-en-tunisie-jusqua-45c-attendus-a-kairouan\/381712\/","og_locale":"fr_FR","og_type":"article","og_title":"Nouvelle vague de chaleur en Tunisie : Jusqu\u2019\u00e0 45\u00b0C attendus \u00e0 Kairouan","og_description":"Des temp\u00e9ratures jusqu\u2019\u00e0 45\u00b0C attendues \u00e0 Kairouan ce mercredi. Pr\u00e9parez-vous \u00e0 une chaleur intense et des conditions vent\u00e9es.","og_url":"https:\/\/www.webdo.tn\/fr\/actualite\/national\/nouvelle-vague-de-chaleur-en-tunisie-jusqua-45c-attendus-a-kairouan\/381712\/","og_site_name":"webdo","article_publisher":"https:\/\/www.facebook.com\/webdotn","article_published_time":"2025-08-20T07:56:44+00:00","article_modified_time":"2025-08-20T12:35:28+00:00","og_image":[{"width":742,"height":493,"url":"https:\/\/www.webdo.tn\/fr\/wp-content\/uploads\/2018\/07\/canicule.png","type":"image\/png"}],"author":"Mohamed Hedi Touati","twitter_card":"summary_large_image","twitter_creator":"@webdo_tn","twitter_site":"@webdo_tn","twitter_misc":{"\u00c9crit par":"Mohamed Hedi Touati","Dur\u00e9e de lecture estim\u00e9e":"2 minutes"},"schema":{"@context":"https:\/\/schema.org","@graph":[{"@type":"NewsArticle","@id":"https:\/\/www.webdo.tn\/fr\/actualite\/national\/nouvelle-vague-de-chaleur-en-tunisie-jusqua-45c-attendus-a-kairouan\/381712\/#article","isPartOf":{"@id":"https:\/\/www.webdo.tn\/fr\/actualite\/national\/nouvelle-vague-de-chaleur-en-tunisie-jusqua-45c-attendus-a-kairouan\/381712\/"},"author":{"name":"Mohamed Hedi Touati","@id":"https:\/\/www.webdo.tn\/fr\/#\/schema\/person\/c652cd8fc2b1b44412b5ffb48c5a911d"},"headline":"Nouvelle vague de chaleur en Tunisie : Jusqu\u2019\u00e0 45\u00b0C attendus \u00e0 Kairouan","datePublished":"2025-08-20T07:56:44+00:00","dateModified":"2025-08-20T12:35:28+00:00","mainEntityOfPage":{"@id":"https:\/\/www.webdo.tn\/fr\/actualite\/national\/nouvelle-vague-de-chaleur-en-tunisie-jusqua-45c-attendus-a-kairouan\/381712\/"},"wordCount":194,"publisher":{"@id":"https:\/\/www.webdo.tn\/fr\/#organization"},"image":{"@id":"https:\/\/www.webdo.tn\/fr\/actualite\/national\/nouvelle-vague-de-chaleur-en-tunisie-jusqua-45c-attendus-a-kairouan\/381712\/#primaryimage"},"thumbnailUrl":"https:\/\/www.webdo.tn\/fr\/wp-content\/uploads\/2018\/07\/canicule.png","keywords":["Canicule","m\u00e9t\u00e9o","Tunisie","vague de chaleur"],"articleSection":["National"],"inLanguage":"fr-FR"},{"@type":"WebPage","@id":"https:\/\/www.webdo.tn\/fr\/actualite\/national\/nouvelle-vague-de-chaleur-en-tunisie-jusqua-45c-attendus-a-kairouan\/381712\/","url":"https:\/\/www.webdo.tn\/fr\/actualite\/national\/nouvelle-vague-de-chaleur-en-tunisie-jusqua-45c-attendus-a-kairouan\/381712\/","name":"Nouvelle vague de chaleur en Tunisie : Jusqu\u2019\u00e0 45\u00b0C attendus \u00e0 Kairouan - webdo","isPartOf":{"@id":"https:\/\/www.webdo.tn\/fr\/#website"},"primaryImageOfPage":{"@id":"https:\/\/www.webdo.tn\/fr\/actualite\/national\/nouvelle-vague-de-chaleur-en-tunisie-jusqua-45c-attendus-a-kairouan\/381712\/#primaryimage"},"image":{"@id":"https:\/\/www.webdo.tn\/fr\/actualite\/national\/nouvelle-vague-de-chaleur-en-tunisie-jusqua-45c-attendus-a-kairouan\/381712\/#primaryimage"},"thumbnailUrl":"https:\/\/www.webdo.tn\/fr\/wp-content\/uploads\/2018\/07\/canicule.png","datePublished":"2025-08-20T07:56:44+00:00","dateModified":"2025-08-20T12:35:28+00:00","description":"Des temp\u00e9ratures jusqu\u2019\u00e0 45\u00b0C attendues \u00e0 Kairouan ce mercredi. Pr\u00e9parez-vous \u00e0 une chaleur intense et des conditions vent\u00e9es.","breadcrumb":{"@id":"https:\/\/www.webdo.tn\/fr\/actualite\/national\/nouvelle-vague-de-chaleur-en-tunisie-jusqua-45c-attendus-a-kairouan\/381712\/#breadcrumb"},"inLanguage":"fr-FR","potentialAction":[{"@type":"ReadAction","target":["https:\/\/www.webdo.tn\/fr\/actualite\/national\/nouvelle-vague-de-chaleur-en-tunisie-jusqua-45c-attendus-a-kairouan\/381712\/"]}]},{"@type":"ImageObject","inLanguage":"fr-FR","@id":"https:\/\/www.webdo.tn\/fr\/actualite\/national\/nouvelle-vague-de-chaleur-en-tunisie-jusqua-45c-attendus-a-kairouan\/381712\/#primaryimage","url":"https:\/\/www.webdo.tn\/fr\/wp-content\/uploads\/2018\/07\/canicule.png","contentUrl":"https:\/\/www.webdo.tn\/fr\/wp-content\/uploads\/2018\/07\/canicule.png","width":742,"height":493,"caption":"Nouvelle vague de chaleur en Tunisie : Jusqu\u2019\u00e0 45\u00b0C attendus \u00e0 Kairouan"},{"@type":"BreadcrumbList","@id":"https:\/\/www.webdo.tn\/fr\/actualite\/national\/nouvelle-vague-de-chaleur-en-tunisie-jusqua-45c-attendus-a-kairouan\/381712\/#breadcrumb","itemListElement":[{"@type":"ListItem","position":1,"name":"Accueil","item":"https:\/\/www.webdo.tn\/fr\/"},{"@type":"ListItem","position":2,"name":"Nouvelle vague de chaleur en Tunisie : Jusqu\u2019\u00e0 45\u00b0C attendus \u00e0 Kairouan"}]},{"@type":"WebSite","@id":"https:\/\/www.webdo.tn\/fr\/#website","url":"https:\/\/www.webdo.tn\/fr\/","name":"webdo","description":"Tunisie - News en Tunisie et \u00e0 l&#039;international sur Webdo.tn","publisher":{"@id":"https:\/\/www.webdo.tn\/fr\/#organization"},"potentialAction":[{"@type":"SearchAction","target":{"@type":"EntryPoint","urlTemplate":"https:\/\/www.webdo.tn\/fr\/?s={search_term_string}"},"query-input":{"@type":"PropertyValueSpecification","valueRequired":true,"valueName":"search_term_string"}}],"inLanguage":"fr-FR"},{"@type":"Organization","@id":"https:\/\/www.webdo.tn\/fr\/#organization","name":"Webdo","alternateName":"Webdo.tn","url":"https:\/\/www.webdo.tn\/fr\/","logo":{"@type":"ImageObject","inLanguage":"fr-FR","@id":"https:\/\/www.webdo.tn\/fr\/#\/schema\/logo\/image\/","url":"https:\/\/www.webdo.tn\/fr\/wp-content\/uploads\/2025\/06\/Webdo-Tunisie_168377.jpg","contentUrl":"https:\/\/www.webdo.tn\/fr\/wp-content\/uploads\/2025\/06\/Webdo-Tunisie_168377.jpg","width":301,"height":301,"caption":"Webdo"},"image":{"@id":"https:\/\/www.webdo.tn\/fr\/#\/schema\/logo\/image\/"},"sameAs":["https:\/\/www.facebook.com\/webdotn","https:\/\/x.com\/webdo_tn"],"description":"Webdo est un m\u00e9dia num\u00e9rique tunisien fond\u00e9 en 2010, sp\u00e9cialis\u00e9 dans l\u2019actualit\u00e9 nationale et internationale, l\u2019\u00e9conomie, la soci\u00e9t\u00e9 et les analyses politiques. Le site s\u2019adresse \u00e0 un large public francophone et couvre l\u2019information tunisienne en temps r\u00e9el.","email":"redac@webdo.tn","legalName":"YNJ SARL","foundingDate":"2010-09-06","numberOfEmployees":{"@type":"QuantitativeValue","minValue":"11","maxValue":"50"}},{"@type":"Person","@id":"https:\/\/www.webdo.tn\/fr\/#\/schema\/person\/c652cd8fc2b1b44412b5ffb48c5a911d","name":"Mohamed Hedi Touati","image":{"@type":"ImageObject","inLanguage":"fr-FR","@id":"https:\/\/secure.gravatar.com\/avatar\/9cfd402c745b7a685f13eed0ea6e59d2144a3c2fc50a3db6fd5ed451f6cddf1a?s=96&d=mm&r=g","url":"https:\/\/secure.gravatar.com\/avatar\/9cfd402c745b7a685f13eed0ea6e59d2144a3c2fc50a3db6fd5ed451f6cddf1a?s=96&d=mm&r=g","contentUrl":"https:\/\/secure.gravatar.com\/avatar\/9cfd402c745b7a685f13eed0ea6e59d2144a3c2fc50a3db6fd5ed451f6cddf1a?s=96&d=mm&r=g","caption":"Mohamed Hedi Touati"},"url":"https:\/\/www.webdo.tn\/fr\/actualite\/author\/mohamed-hedi-touati\/"}]}},"_links":{"self":[{"href":"https:\/\/www.webdo.tn\/fr\/wp-json\/wp\/v2\/posts\/381712","targetHints":{"allow":["GET"]}}],"collection":[{"href":"https:\/\/www.webdo.tn\/fr\/wp-json\/wp\/v2\/posts"}],"about":[{"href":"https:\/\/www.webdo.tn\/fr\/wp-json\/wp\/v2\/types\/post"}],"author":[{"embeddable":true,"href":"https:\/\/www.webdo.tn\/fr\/wp-json\/wp\/v2\/users\/3191"}],"replies":[{"embeddable":true,"href":"https:\/\/www.webdo.tn\/fr\/wp-json\/wp\/v2\/comments?post=381712"}],"version-history":[{"count":0,"href":"https:\/\/www.webdo.tn\/fr\/wp-json\/wp\/v2\/posts\/381712\/revisions"}],"wp:featuredmedia":[{"embeddable":true,"href":"https:\/\/www.webdo.tn\/fr\/wp-json\/wp\/v2\/media\/298916"}],"wp:attachment":[{"href":"https:\/\/www.webdo.tn\/fr\/wp-json\/wp\/v2\/media?parent=381712"}],"wp:term":[{"taxonomy":"category","embeddable":true,"href":"https:\/\/www.webdo.tn\/fr\/wp-json\/wp\/v2\/categories?post=381712"},{"taxonomy":"post_tag","embeddable":true,"href":"https:\/\/www.webdo.tn\/fr\/wp-json\/wp\/v2\/tags?post=381712"}],"curies":[{"name":"wp","href":"https:\/\/api.w.org\/{rel}","templated":true}]}}