{"id":381610,"date":"2025-08-18T11:07:12","date_gmt":"2025-08-18T10:07:12","guid":{"rendered":"https:\/\/www.webdo.tn\/fr\/?p=381610"},"modified":"2025-08-19T08:58:58","modified_gmt":"2025-08-19T07:58:58","slug":"hopitaux-sous-tension-un-medecin-agresse-a-sfax-relance-la-colere-des-jeunes-praticiens","status":"publish","type":"post","link":"https:\/\/www.webdo.tn\/fr\/actualite\/national\/hopitaux-sous-tension-un-medecin-agresse-a-sfax-relance-la-colere-des-jeunes-praticiens\/381610\/","title":{"rendered":"H\u00f4pitaux sous tension : Un m\u00e9decin agress\u00e9 \u00e0 Sfax relance la col\u00e8re des jeunes praticiens"},"content":{"rendered":"\n<p><strong>Un m\u00e9decin r\u00e9sident de l\u2019h\u00f4pital Habib Bourguiba \u00e0 Sfax a \u00e9t\u00e9 agress\u00e9 samedi soir par un citoyen durant sa garde. Bless\u00e9 \u00e0 la t\u00eate, il a d\u00fb \u00eatre plac\u00e9 sous surveillance m\u00e9dicale. En r\u00e9action, l\u2019Organisation tunisienne des jeunes m\u00e9decins a appel\u00e9 \u00e0 un sit-in de protestation ce lundi 18 ao\u00fbt 2025 au sein de l\u2019h\u00f4pital.<\/strong><\/p>\n\n\n\n<p>Selon la d\u00e9claration publi\u00e9e par l\u2019Organisation tunisienne des jeunes m\u00e9decins, l\u2019agression a eu lieu dans l\u2019enceinte de l\u2019h\u00f4pital Habib Bourguiba. Le m\u00e9decin r\u00e9sident, victime de violences physiques, souffre de blessures \u00e0 la t\u00eate. L\u2019incident a suscit\u00e9 une profonde indignation dans le corps m\u00e9dical, qui d\u00e9nonce la r\u00e9p\u00e9tition de telles attaques dans les structures de sant\u00e9.<\/p>\n\n\n\n<p><strong>D\u00e9marches judiciaires<\/strong><\/p>\n\n\n\n<p>L\u2019organisation annonce qu\u2019elle entamera des d\u00e9marches judiciaires et recourra \u00e0 toutes les formes de protestation l\u00e9gale pour d\u00e9fendre la dignit\u00e9 et la s\u00e9curit\u00e9 des m\u00e9decins.<\/p>\n\n\n\n<p>Les jeunes m\u00e9decins d\u00e9noncent par ailleurs le \u201csilence\u201d des responsables et exhortent la direction de l\u2019h\u00f4pital \u00e0 assumer ses responsabilit\u00e9s en mettant en place une pr\u00e9sence permanente d\u2019agents de s\u00e9curit\u00e9, ainsi qu\u2019un v\u00e9ritable accompagnement juridique pour les internes et r\u00e9sidents.<\/p>\n\n\n\n<p>Le minist\u00e8re de la Sant\u00e9, pour sa part, avait d\u00e9j\u00e0 condamn\u00e9 fermement les violences contre les soignants apr\u00e8s une agression similaire survenue le 29 juin \u00e0 l\u2019h\u00f4pital r\u00e9gional de Kasserine. Il avait promis un renforcement de la s\u00e9curit\u00e9, notamment dans les services d\u2019urgence.<\/p>\n\n\n\n<p><strong>Les agressions se multiplient<\/strong><\/p>\n\n\n\n<p>Les agressions contre les soignants dans les h\u00f4pitaux tunisiens se multiplient depuis plusieurs ann\u00e9es, mettant en lumi\u00e8re les d\u00e9faillances en mati\u00e8re de s\u00e9curit\u00e9 hospitali\u00e8re. Face \u00e0 ces incidents, les syndicats et associations m\u00e9dicales r\u00e9clament depuis longtemps des mesures fermes pour prot\u00e9ger le personnel de sant\u00e9.<\/p>\n\n\n\n<p>Cette nouvelle agression qui relance le d\u00e9bat sur la s\u00e9curit\u00e9 du personnel m\u00e9dical dans les h\u00f4pitaux tunisiens.<\/p>\n\n\n\n<p><\/p>\n\n\n\n<iframe src=\"https:\/\/www.facebook.com\/plugins\/post.php?href=https%3A%2F%2Fwww.facebook.com%2Fpermalink.php%3Fstory_fbid%3Dpfbid02Sk5cvN1dLgvSgkPwmTgmxWXKCzxD3XWWb33QVY3fCNXFYzLhcK1qeEF1hu7rUGEol%26id%3D61570553852029&#038;show_text=true&#038;width=500\" width=\"500\" height=\"647\" style=\"border:none;overflow:hidden\" scrolling=\"no\" frameborder=\"0\" allowfullscreen=\"true\" allow=\"autoplay; clipboard-write; encrypted-media; picture-in-picture; web-share\"><\/iframe>\n\n\n\n<p><\/p>\n\n\n\n<p><strong>Lire aussi :<\/strong><\/p>\n\n\n\n<ul class=\"wp-block-list\">\n<li><a href=\"https:\/\/www.webdo.tn\/fr\/actualite\/regions\/violences-hopital-universitaire-kasserine\/378973\/\">Kasserine : Quatre arrestations apr\u00e8s les violences \u00e0 l\u2019h\u00f4pital universitaire<\/a><\/li>\n\n\n\n<li><a href=\"https:\/\/www.webdo.tn\/fr\/actualite\/national\/violences-a-lhopital-de-kasserine-le-service-des-urgences-vandalise-le-personnel-agresse\/378623\/\">Violences \u00e0 l\u2019h\u00f4pital de Kasserine : Le service des urgences vandalis\u00e9, le personnel agress\u00e9<\/a><\/li>\n<\/ul>\n","protected":false},"excerpt":{"rendered":"<p>Un m\u00e9decin r\u00e9sident de l\u2019h\u00f4pital Habib Bourguiba \u00e0 Sfax a \u00e9t\u00e9 agress\u00e9 samedi soir par un citoyen durant sa garde. Bless\u00e9 \u00e0 la t\u00eate, il a d\u00fb \u00eatre plac\u00e9 sous surveillance m\u00e9dicale. En r\u00e9action, l\u2019Organisation tunisienne des jeunes m\u00e9decins a appel\u00e9 \u00e0 un sit-in de protestation ce lundi 18 ao\u00fbt 2025 au sein de l\u2019h\u00f4pital. [&hellip;]<\/p>\n","protected":false},"author":3191,"featured_media":381611,"comment_status":"open","ping_status":"open","sticky":false,"template":"","format":"standard","meta":{"footnotes":""},"categories":[44],"tags":[3435,11449,3347,2675,2608],"class_list":["post-381610","post","type-post","status-publish","format-standard","has-post-thumbnail","hentry","category-national","tag-agression","tag-hopital-habib-bourguiba","tag-medecin","tag-sfax","tag-tunisie"],"yoast_head":"<!-- This site is optimized with the Yoast SEO Premium plugin v27.4 (Yoast SEO v27.5) - https:\/\/yoast.com\/product\/yoast-seo-premium-wordpress\/ -->\n<title>H\u00f4pitaux sous tension : Un m\u00e9decin agress\u00e9 \u00e0 Sfax relance la col\u00e8re des jeunes praticiens - webdo<\/title>\n<meta name=\"description\" content=\"Un m\u00e9decin agress\u00e9 \u00e0 Sfax a d\u00e9clench\u00e9 une vague d&#039;indignation. D\u00e9couvrez les d\u00e9tails de cet incident choquant.\" \/>\n<link rel=\"canonical\" href=\"https:\/\/www.webdo.tn\/fr\/actualite\/national\/hopitaux-sous-tension-un-medecin-agresse-a-sfax-relance-la-colere-des-jeunes-praticiens\/381610\/\" \/>\n<meta property=\"og:locale\" content=\"fr_FR\" \/>\n<meta property=\"og:type\" content=\"article\" \/>\n<meta property=\"og:title\" content=\"H\u00f4pitaux sous tension : Un m\u00e9decin agress\u00e9 \u00e0 Sfax relance la col\u00e8re des jeunes praticiens\" \/>\n<meta property=\"og:description\" content=\"Un m\u00e9decin agress\u00e9 \u00e0 Sfax a d\u00e9clench\u00e9 une vague d&#039;indignation. D\u00e9couvrez les d\u00e9tails de cet incident choquant.\" \/>\n<meta property=\"og:url\" content=\"https:\/\/www.webdo.tn\/fr\/actualite\/national\/hopitaux-sous-tension-un-medecin-agresse-a-sfax-relance-la-colere-des-jeunes-praticiens\/381610\/\" \/>\n<meta property=\"og:site_name\" content=\"webdo\" \/>\n<meta property=\"article:publisher\" content=\"https:\/\/www.facebook.com\/webdotn\" \/>\n<meta property=\"article:published_time\" content=\"2025-08-18T10:07:12+00:00\" \/>\n<meta property=\"article:modified_time\" content=\"2025-08-19T07:58:58+00:00\" \/>\n<meta property=\"og:image\" content=\"https:\/\/www.webdo.tn\/fr\/wp-content\/uploads\/2025\/08\/hopital-universitaire-habib-bourguiba-sfax.jpg\" \/>\n\t<meta property=\"og:image:width\" content=\"850\" \/>\n\t<meta property=\"og:image:height\" content=\"491\" \/>\n\t<meta property=\"og:image:type\" content=\"image\/jpeg\" \/>\n<meta name=\"author\" content=\"Mohamed Hedi Touati\" \/>\n<meta name=\"twitter:card\" content=\"summary_large_image\" \/>\n<meta name=\"twitter:creator\" content=\"@webdo_tn\" \/>\n<meta name=\"twitter:site\" content=\"@webdo_tn\" \/>\n<meta name=\"twitter:label1\" content=\"\u00c9crit par\" \/>\n\t<meta name=\"twitter:data1\" content=\"Mohamed Hedi Touati\" \/>\n\t<meta name=\"twitter:label2\" content=\"Dur\u00e9e de lecture estim\u00e9e\" \/>\n\t<meta name=\"twitter:data2\" content=\"2 minutes\" \/>\n<script type=\"application\/ld+json\" class=\"yoast-schema-graph\">{\"@context\":\"https:\\\/\\\/schema.org\",\"@graph\":[{\"@type\":\"NewsArticle\",\"@id\":\"https:\\\/\\\/www.webdo.tn\\\/fr\\\/actualite\\\/national\\\/hopitaux-sous-tension-un-medecin-agresse-a-sfax-relance-la-colere-des-jeunes-praticiens\\\/381610\\\/#article\",\"isPartOf\":{\"@id\":\"https:\\\/\\\/www.webdo.tn\\\/fr\\\/actualite\\\/national\\\/hopitaux-sous-tension-un-medecin-agresse-a-sfax-relance-la-colere-des-jeunes-praticiens\\\/381610\\\/\"},\"author\":{\"name\":\"Mohamed Hedi Touati\",\"@id\":\"https:\\\/\\\/www.webdo.tn\\\/fr\\\/#\\\/schema\\\/person\\\/c652cd8fc2b1b44412b5ffb48c5a911d\"},\"headline\":\"H\u00f4pitaux sous tension : Un m\u00e9decin agress\u00e9 \u00e0 Sfax relance la col\u00e8re des jeunes praticiens\",\"datePublished\":\"2025-08-18T10:07:12+00:00\",\"dateModified\":\"2025-08-19T07:58:58+00:00\",\"mainEntityOfPage\":{\"@id\":\"https:\\\/\\\/www.webdo.tn\\\/fr\\\/actualite\\\/national\\\/hopitaux-sous-tension-un-medecin-agresse-a-sfax-relance-la-colere-des-jeunes-praticiens\\\/381610\\\/\"},\"wordCount\":387,\"commentCount\":0,\"publisher\":{\"@id\":\"https:\\\/\\\/www.webdo.tn\\\/fr\\\/#organization\"},\"image\":{\"@id\":\"https:\\\/\\\/www.webdo.tn\\\/fr\\\/actualite\\\/national\\\/hopitaux-sous-tension-un-medecin-agresse-a-sfax-relance-la-colere-des-jeunes-praticiens\\\/381610\\\/#primaryimage\"},\"thumbnailUrl\":\"https:\\\/\\\/www.webdo.tn\\\/fr\\\/wp-content\\\/uploads\\\/2025\\\/08\\\/hopital-universitaire-habib-bourguiba-sfax.jpg\",\"keywords\":[\"agression\",\"h\u00f4pital Habib Bourguiba\",\"m\u00e9decin\",\"Sfax\",\"Tunisie\"],\"articleSection\":[\"National\"],\"inLanguage\":\"fr-FR\"},{\"@type\":\"WebPage\",\"@id\":\"https:\\\/\\\/www.webdo.tn\\\/fr\\\/actualite\\\/national\\\/hopitaux-sous-tension-un-medecin-agresse-a-sfax-relance-la-colere-des-jeunes-praticiens\\\/381610\\\/\",\"url\":\"https:\\\/\\\/www.webdo.tn\\\/fr\\\/actualite\\\/national\\\/hopitaux-sous-tension-un-medecin-agresse-a-sfax-relance-la-colere-des-jeunes-praticiens\\\/381610\\\/\",\"name\":\"H\u00f4pitaux sous tension : Un m\u00e9decin agress\u00e9 \u00e0 Sfax relance la col\u00e8re des jeunes praticiens - webdo\",\"isPartOf\":{\"@id\":\"https:\\\/\\\/www.webdo.tn\\\/fr\\\/#website\"},\"primaryImageOfPage\":{\"@id\":\"https:\\\/\\\/www.webdo.tn\\\/fr\\\/actualite\\\/national\\\/hopitaux-sous-tension-un-medecin-agresse-a-sfax-relance-la-colere-des-jeunes-praticiens\\\/381610\\\/#primaryimage\"},\"image\":{\"@id\":\"https:\\\/\\\/www.webdo.tn\\\/fr\\\/actualite\\\/national\\\/hopitaux-sous-tension-un-medecin-agresse-a-sfax-relance-la-colere-des-jeunes-praticiens\\\/381610\\\/#primaryimage\"},\"thumbnailUrl\":\"https:\\\/\\\/www.webdo.tn\\\/fr\\\/wp-content\\\/uploads\\\/2025\\\/08\\\/hopital-universitaire-habib-bourguiba-sfax.jpg\",\"datePublished\":\"2025-08-18T10:07:12+00:00\",\"dateModified\":\"2025-08-19T07:58:58+00:00\",\"description\":\"Un m\u00e9decin agress\u00e9 \u00e0 Sfax a d\u00e9clench\u00e9 une vague d'indignation. D\u00e9couvrez les d\u00e9tails de cet incident choquant.\",\"breadcrumb\":{\"@id\":\"https:\\\/\\\/www.webdo.tn\\\/fr\\\/actualite\\\/national\\\/hopitaux-sous-tension-un-medecin-agresse-a-sfax-relance-la-colere-des-jeunes-praticiens\\\/381610\\\/#breadcrumb\"},\"inLanguage\":\"fr-FR\",\"potentialAction\":[{\"@type\":\"ReadAction\",\"target\":[\"https:\\\/\\\/www.webdo.tn\\\/fr\\\/actualite\\\/national\\\/hopitaux-sous-tension-un-medecin-agresse-a-sfax-relance-la-colere-des-jeunes-praticiens\\\/381610\\\/\"]}]},{\"@type\":\"ImageObject\",\"inLanguage\":\"fr-FR\",\"@id\":\"https:\\\/\\\/www.webdo.tn\\\/fr\\\/actualite\\\/national\\\/hopitaux-sous-tension-un-medecin-agresse-a-sfax-relance-la-colere-des-jeunes-praticiens\\\/381610\\\/#primaryimage\",\"url\":\"https:\\\/\\\/www.webdo.tn\\\/fr\\\/wp-content\\\/uploads\\\/2025\\\/08\\\/hopital-universitaire-habib-bourguiba-sfax.jpg\",\"contentUrl\":\"https:\\\/\\\/www.webdo.tn\\\/fr\\\/wp-content\\\/uploads\\\/2025\\\/08\\\/hopital-universitaire-habib-bourguiba-sfax.jpg\",\"width\":850,\"height\":491,\"caption\":\"H\u00f4pitaux sous tension : Un m\u00e9decin agress\u00e9 \u00e0 Sfax relance la col\u00e8re des jeunes praticiens\"},{\"@type\":\"BreadcrumbList\",\"@id\":\"https:\\\/\\\/www.webdo.tn\\\/fr\\\/actualite\\\/national\\\/hopitaux-sous-tension-un-medecin-agresse-a-sfax-relance-la-colere-des-jeunes-praticiens\\\/381610\\\/#breadcrumb\",\"itemListElement\":[{\"@type\":\"ListItem\",\"position\":1,\"name\":\"Accueil\",\"item\":\"https:\\\/\\\/www.webdo.tn\\\/fr\\\/\"},{\"@type\":\"ListItem\",\"position\":2,\"name\":\"H\u00f4pitaux sous tension : Un m\u00e9decin agress\u00e9 \u00e0 Sfax relance la col\u00e8re des jeunes praticiens\"}]},{\"@type\":\"WebSite\",\"@id\":\"https:\\\/\\\/www.webdo.tn\\\/fr\\\/#website\",\"url\":\"https:\\\/\\\/www.webdo.tn\\\/fr\\\/\",\"name\":\"webdo\",\"description\":\"Tunisie - News en Tunisie et \u00e0 l&#039;international sur Webdo.tn\",\"publisher\":{\"@id\":\"https:\\\/\\\/www.webdo.tn\\\/fr\\\/#organization\"},\"potentialAction\":[{\"@type\":\"SearchAction\",\"target\":{\"@type\":\"EntryPoint\",\"urlTemplate\":\"https:\\\/\\\/www.webdo.tn\\\/fr\\\/?s={search_term_string}\"},\"query-input\":{\"@type\":\"PropertyValueSpecification\",\"valueRequired\":true,\"valueName\":\"search_term_string\"}}],\"inLanguage\":\"fr-FR\"},{\"@type\":\"Organization\",\"@id\":\"https:\\\/\\\/www.webdo.tn\\\/fr\\\/#organization\",\"name\":\"Webdo\",\"alternateName\":\"Webdo.tn\",\"url\":\"https:\\\/\\\/www.webdo.tn\\\/fr\\\/\",\"logo\":{\"@type\":\"ImageObject\",\"inLanguage\":\"fr-FR\",\"@id\":\"https:\\\/\\\/www.webdo.tn\\\/fr\\\/#\\\/schema\\\/logo\\\/image\\\/\",\"url\":\"https:\\\/\\\/www.webdo.tn\\\/fr\\\/wp-content\\\/uploads\\\/2025\\\/06\\\/Webdo-Tunisie_168377.jpg\",\"contentUrl\":\"https:\\\/\\\/www.webdo.tn\\\/fr\\\/wp-content\\\/uploads\\\/2025\\\/06\\\/Webdo-Tunisie_168377.jpg\",\"width\":301,\"height\":301,\"caption\":\"Webdo\"},\"image\":{\"@id\":\"https:\\\/\\\/www.webdo.tn\\\/fr\\\/#\\\/schema\\\/logo\\\/image\\\/\"},\"sameAs\":[\"https:\\\/\\\/www.facebook.com\\\/webdotn\",\"https:\\\/\\\/x.com\\\/webdo_tn\"],\"description\":\"Webdo est un m\u00e9dia num\u00e9rique tunisien fond\u00e9 en 2010, sp\u00e9cialis\u00e9 dans l\u2019actualit\u00e9 nationale et internationale, l\u2019\u00e9conomie, la soci\u00e9t\u00e9 et les analyses politiques. Le site s\u2019adresse \u00e0 un large public francophone et couvre l\u2019information tunisienne en temps r\u00e9el.\",\"email\":\"redac@webdo.tn\",\"legalName\":\"YNJ SARL\",\"foundingDate\":\"2010-09-06\",\"numberOfEmployees\":{\"@type\":\"QuantitativeValue\",\"minValue\":\"11\",\"maxValue\":\"50\"}},{\"@type\":\"Person\",\"@id\":\"https:\\\/\\\/www.webdo.tn\\\/fr\\\/#\\\/schema\\\/person\\\/c652cd8fc2b1b44412b5ffb48c5a911d\",\"name\":\"Mohamed Hedi Touati\",\"image\":{\"@type\":\"ImageObject\",\"inLanguage\":\"fr-FR\",\"@id\":\"https:\\\/\\\/secure.gravatar.com\\\/avatar\\\/9cfd402c745b7a685f13eed0ea6e59d2144a3c2fc50a3db6fd5ed451f6cddf1a?s=96&d=mm&r=g\",\"url\":\"https:\\\/\\\/secure.gravatar.com\\\/avatar\\\/9cfd402c745b7a685f13eed0ea6e59d2144a3c2fc50a3db6fd5ed451f6cddf1a?s=96&d=mm&r=g\",\"contentUrl\":\"https:\\\/\\\/secure.gravatar.com\\\/avatar\\\/9cfd402c745b7a685f13eed0ea6e59d2144a3c2fc50a3db6fd5ed451f6cddf1a?s=96&d=mm&r=g\",\"caption\":\"Mohamed Hedi Touati\"},\"url\":\"https:\\\/\\\/www.webdo.tn\\\/fr\\\/actualite\\\/author\\\/mohamed-hedi-touati\\\/\"}]}<\/script>\n<!-- \/ Yoast SEO Premium plugin. -->","yoast_head_json":{"title":"H\u00f4pitaux sous tension : Un m\u00e9decin agress\u00e9 \u00e0 Sfax relance la col\u00e8re des jeunes praticiens - webdo","description":"Un m\u00e9decin agress\u00e9 \u00e0 Sfax a d\u00e9clench\u00e9 une vague d'indignation. D\u00e9couvrez les d\u00e9tails de cet incident choquant.","canonical":"https:\/\/www.webdo.tn\/fr\/actualite\/national\/hopitaux-sous-tension-un-medecin-agresse-a-sfax-relance-la-colere-des-jeunes-praticiens\/381610\/","og_locale":"fr_FR","og_type":"article","og_title":"H\u00f4pitaux sous tension : Un m\u00e9decin agress\u00e9 \u00e0 Sfax relance la col\u00e8re des jeunes praticiens","og_description":"Un m\u00e9decin agress\u00e9 \u00e0 Sfax a d\u00e9clench\u00e9 une vague d'indignation. D\u00e9couvrez les d\u00e9tails de cet incident choquant.","og_url":"https:\/\/www.webdo.tn\/fr\/actualite\/national\/hopitaux-sous-tension-un-medecin-agresse-a-sfax-relance-la-colere-des-jeunes-praticiens\/381610\/","og_site_name":"webdo","article_publisher":"https:\/\/www.facebook.com\/webdotn","article_published_time":"2025-08-18T10:07:12+00:00","article_modified_time":"2025-08-19T07:58:58+00:00","og_image":[{"width":850,"height":491,"url":"https:\/\/www.webdo.tn\/fr\/wp-content\/uploads\/2025\/08\/hopital-universitaire-habib-bourguiba-sfax.jpg","type":"image\/jpeg"}],"author":"Mohamed Hedi Touati","twitter_card":"summary_large_image","twitter_creator":"@webdo_tn","twitter_site":"@webdo_tn","twitter_misc":{"\u00c9crit par":"Mohamed Hedi Touati","Dur\u00e9e de lecture estim\u00e9e":"2 minutes"},"schema":{"@context":"https:\/\/schema.org","@graph":[{"@type":"NewsArticle","@id":"https:\/\/www.webdo.tn\/fr\/actualite\/national\/hopitaux-sous-tension-un-medecin-agresse-a-sfax-relance-la-colere-des-jeunes-praticiens\/381610\/#article","isPartOf":{"@id":"https:\/\/www.webdo.tn\/fr\/actualite\/national\/hopitaux-sous-tension-un-medecin-agresse-a-sfax-relance-la-colere-des-jeunes-praticiens\/381610\/"},"author":{"name":"Mohamed Hedi Touati","@id":"https:\/\/www.webdo.tn\/fr\/#\/schema\/person\/c652cd8fc2b1b44412b5ffb48c5a911d"},"headline":"H\u00f4pitaux sous tension : Un m\u00e9decin agress\u00e9 \u00e0 Sfax relance la col\u00e8re des jeunes praticiens","datePublished":"2025-08-18T10:07:12+00:00","dateModified":"2025-08-19T07:58:58+00:00","mainEntityOfPage":{"@id":"https:\/\/www.webdo.tn\/fr\/actualite\/national\/hopitaux-sous-tension-un-medecin-agresse-a-sfax-relance-la-colere-des-jeunes-praticiens\/381610\/"},"wordCount":387,"commentCount":0,"publisher":{"@id":"https:\/\/www.webdo.tn\/fr\/#organization"},"image":{"@id":"https:\/\/www.webdo.tn\/fr\/actualite\/national\/hopitaux-sous-tension-un-medecin-agresse-a-sfax-relance-la-colere-des-jeunes-praticiens\/381610\/#primaryimage"},"thumbnailUrl":"https:\/\/www.webdo.tn\/fr\/wp-content\/uploads\/2025\/08\/hopital-universitaire-habib-bourguiba-sfax.jpg","keywords":["agression","h\u00f4pital Habib Bourguiba","m\u00e9decin","Sfax","Tunisie"],"articleSection":["National"],"inLanguage":"fr-FR"},{"@type":"WebPage","@id":"https:\/\/www.webdo.tn\/fr\/actualite\/national\/hopitaux-sous-tension-un-medecin-agresse-a-sfax-relance-la-colere-des-jeunes-praticiens\/381610\/","url":"https:\/\/www.webdo.tn\/fr\/actualite\/national\/hopitaux-sous-tension-un-medecin-agresse-a-sfax-relance-la-colere-des-jeunes-praticiens\/381610\/","name":"H\u00f4pitaux sous tension : Un m\u00e9decin agress\u00e9 \u00e0 Sfax relance la col\u00e8re des jeunes praticiens - webdo","isPartOf":{"@id":"https:\/\/www.webdo.tn\/fr\/#website"},"primaryImageOfPage":{"@id":"https:\/\/www.webdo.tn\/fr\/actualite\/national\/hopitaux-sous-tension-un-medecin-agresse-a-sfax-relance-la-colere-des-jeunes-praticiens\/381610\/#primaryimage"},"image":{"@id":"https:\/\/www.webdo.tn\/fr\/actualite\/national\/hopitaux-sous-tension-un-medecin-agresse-a-sfax-relance-la-colere-des-jeunes-praticiens\/381610\/#primaryimage"},"thumbnailUrl":"https:\/\/www.webdo.tn\/fr\/wp-content\/uploads\/2025\/08\/hopital-universitaire-habib-bourguiba-sfax.jpg","datePublished":"2025-08-18T10:07:12+00:00","dateModified":"2025-08-19T07:58:58+00:00","description":"Un m\u00e9decin agress\u00e9 \u00e0 Sfax a d\u00e9clench\u00e9 une vague d'indignation. D\u00e9couvrez les d\u00e9tails de cet incident choquant.","breadcrumb":{"@id":"https:\/\/www.webdo.tn\/fr\/actualite\/national\/hopitaux-sous-tension-un-medecin-agresse-a-sfax-relance-la-colere-des-jeunes-praticiens\/381610\/#breadcrumb"},"inLanguage":"fr-FR","potentialAction":[{"@type":"ReadAction","target":["https:\/\/www.webdo.tn\/fr\/actualite\/national\/hopitaux-sous-tension-un-medecin-agresse-a-sfax-relance-la-colere-des-jeunes-praticiens\/381610\/"]}]},{"@type":"ImageObject","inLanguage":"fr-FR","@id":"https:\/\/www.webdo.tn\/fr\/actualite\/national\/hopitaux-sous-tension-un-medecin-agresse-a-sfax-relance-la-colere-des-jeunes-praticiens\/381610\/#primaryimage","url":"https:\/\/www.webdo.tn\/fr\/wp-content\/uploads\/2025\/08\/hopital-universitaire-habib-bourguiba-sfax.jpg","contentUrl":"https:\/\/www.webdo.tn\/fr\/wp-content\/uploads\/2025\/08\/hopital-universitaire-habib-bourguiba-sfax.jpg","width":850,"height":491,"caption":"H\u00f4pitaux sous tension : Un m\u00e9decin agress\u00e9 \u00e0 Sfax relance la col\u00e8re des jeunes praticiens"},{"@type":"BreadcrumbList","@id":"https:\/\/www.webdo.tn\/fr\/actualite\/national\/hopitaux-sous-tension-un-medecin-agresse-a-sfax-relance-la-colere-des-jeunes-praticiens\/381610\/#breadcrumb","itemListElement":[{"@type":"ListItem","position":1,"name":"Accueil","item":"https:\/\/www.webdo.tn\/fr\/"},{"@type":"ListItem","position":2,"name":"H\u00f4pitaux sous tension : Un m\u00e9decin agress\u00e9 \u00e0 Sfax relance la col\u00e8re des jeunes praticiens"}]},{"@type":"WebSite","@id":"https:\/\/www.webdo.tn\/fr\/#website","url":"https:\/\/www.webdo.tn\/fr\/","name":"webdo","description":"Tunisie - News en Tunisie et \u00e0 l&#039;international sur Webdo.tn","publisher":{"@id":"https:\/\/www.webdo.tn\/fr\/#organization"},"potentialAction":[{"@type":"SearchAction","target":{"@type":"EntryPoint","urlTemplate":"https:\/\/www.webdo.tn\/fr\/?s={search_term_string}"},"query-input":{"@type":"PropertyValueSpecification","valueRequired":true,"valueName":"search_term_string"}}],"inLanguage":"fr-FR"},{"@type":"Organization","@id":"https:\/\/www.webdo.tn\/fr\/#organization","name":"Webdo","alternateName":"Webdo.tn","url":"https:\/\/www.webdo.tn\/fr\/","logo":{"@type":"ImageObject","inLanguage":"fr-FR","@id":"https:\/\/www.webdo.tn\/fr\/#\/schema\/logo\/image\/","url":"https:\/\/www.webdo.tn\/fr\/wp-content\/uploads\/2025\/06\/Webdo-Tunisie_168377.jpg","contentUrl":"https:\/\/www.webdo.tn\/fr\/wp-content\/uploads\/2025\/06\/Webdo-Tunisie_168377.jpg","width":301,"height":301,"caption":"Webdo"},"image":{"@id":"https:\/\/www.webdo.tn\/fr\/#\/schema\/logo\/image\/"},"sameAs":["https:\/\/www.facebook.com\/webdotn","https:\/\/x.com\/webdo_tn"],"description":"Webdo est un m\u00e9dia num\u00e9rique tunisien fond\u00e9 en 2010, sp\u00e9cialis\u00e9 dans l\u2019actualit\u00e9 nationale et internationale, l\u2019\u00e9conomie, la soci\u00e9t\u00e9 et les analyses politiques. Le site s\u2019adresse \u00e0 un large public francophone et couvre l\u2019information tunisienne en temps r\u00e9el.","email":"redac@webdo.tn","legalName":"YNJ SARL","foundingDate":"2010-09-06","numberOfEmployees":{"@type":"QuantitativeValue","minValue":"11","maxValue":"50"}},{"@type":"Person","@id":"https:\/\/www.webdo.tn\/fr\/#\/schema\/person\/c652cd8fc2b1b44412b5ffb48c5a911d","name":"Mohamed Hedi Touati","image":{"@type":"ImageObject","inLanguage":"fr-FR","@id":"https:\/\/secure.gravatar.com\/avatar\/9cfd402c745b7a685f13eed0ea6e59d2144a3c2fc50a3db6fd5ed451f6cddf1a?s=96&d=mm&r=g","url":"https:\/\/secure.gravatar.com\/avatar\/9cfd402c745b7a685f13eed0ea6e59d2144a3c2fc50a3db6fd5ed451f6cddf1a?s=96&d=mm&r=g","contentUrl":"https:\/\/secure.gravatar.com\/avatar\/9cfd402c745b7a685f13eed0ea6e59d2144a3c2fc50a3db6fd5ed451f6cddf1a?s=96&d=mm&r=g","caption":"Mohamed Hedi Touati"},"url":"https:\/\/www.webdo.tn\/fr\/actualite\/author\/mohamed-hedi-touati\/"}]}},"_links":{"self":[{"href":"https:\/\/www.webdo.tn\/fr\/wp-json\/wp\/v2\/posts\/381610","targetHints":{"allow":["GET"]}}],"collection":[{"href":"https:\/\/www.webdo.tn\/fr\/wp-json\/wp\/v2\/posts"}],"about":[{"href":"https:\/\/www.webdo.tn\/fr\/wp-json\/wp\/v2\/types\/post"}],"author":[{"embeddable":true,"href":"https:\/\/www.webdo.tn\/fr\/wp-json\/wp\/v2\/users\/3191"}],"replies":[{"embeddable":true,"href":"https:\/\/www.webdo.tn\/fr\/wp-json\/wp\/v2\/comments?post=381610"}],"version-history":[{"count":0,"href":"https:\/\/www.webdo.tn\/fr\/wp-json\/wp\/v2\/posts\/381610\/revisions"}],"wp:featuredmedia":[{"embeddable":true,"href":"https:\/\/www.webdo.tn\/fr\/wp-json\/wp\/v2\/media\/381611"}],"wp:attachment":[{"href":"https:\/\/www.webdo.tn\/fr\/wp-json\/wp\/v2\/media?parent=381610"}],"wp:term":[{"taxonomy":"category","embeddable":true,"href":"https:\/\/www.webdo.tn\/fr\/wp-json\/wp\/v2\/categories?post=381610"},{"taxonomy":"post_tag","embeddable":true,"href":"https:\/\/www.webdo.tn\/fr\/wp-json\/wp\/v2\/tags?post=381610"}],"curies":[{"name":"wp","href":"https:\/\/api.w.org\/{rel}","templated":true}]}}