{"id":381607,"date":"2025-08-18T10:30:46","date_gmt":"2025-08-18T09:30:46","guid":{"rendered":"https:\/\/www.webdo.tn\/fr\/?p=381607"},"modified":"2025-08-18T11:49:03","modified_gmt":"2025-08-18T10:49:03","slug":"le-president-du-conseil-libyen-mohamed-al-manfi-en-visite-officielle-en-tunisie","status":"publish","type":"post","link":"https:\/\/www.webdo.tn\/fr\/actualite\/national\/le-president-du-conseil-libyen-mohamed-al-manfi-en-visite-officielle-en-tunisie\/381607\/","title":{"rendered":"Le pr\u00e9sident du Conseil libyen Mohamed Al-Manfi en visite officielle en Tunisie"},"content":{"rendered":"\n<p><strong>La pr\u00e9sidence tunisienne a annonc\u00e9 que Mohamed Younes Al-Manfi, pr\u00e9sident du Conseil pr\u00e9sidentiel libyen, effectue ce lundi 18 ao\u00fbt 2025 une visite officielle en Tunisie. Cette rencontre s\u2019inscrit dans le cadre du renforcement des relations historiques et fraternelles entre les deux pays voisins.<\/strong><\/p>\n\n\n\n<p>Selon un communiqu\u00e9 publi\u00e9 par la Pr\u00e9sidence de la R\u00e9publique sur sa page officielle, le pr\u00e9sident du Conseil pr\u00e9sidentiel libyen est attendu \u00e0 Tunis pour une visite officielle. Aucune pr\u00e9cision n\u2019a encore \u00e9t\u00e9 donn\u00e9e sur le programme de la journ\u00e9e, mais les discussions devraient porter sur la coop\u00e9ration bilat\u00e9rale et la consolidation des liens tuniso-libyens.<\/p>\n\n\n\n<p>La pr\u00e9sidence tunisienne a soulign\u00e9 le caract\u00e8re fraternel et historique des relations entre la Tunisie et la Libye. Cette visite est per\u00e7ue comme un nouveau signal de rapprochement entre les deux pays, dans un contexte r\u00e9gional o\u00f9 les dossiers de s\u00e9curit\u00e9, de migration et d\u2019\u00e9conomie sont au c\u0153ur des pr\u00e9occupations.<\/p>\n\n\n\n<p>La Tunisie et la Libye entretiennent des liens \u00e9troits, marqu\u00e9s par des \u00e9changes \u00e9conomiques et humains constants. La Libye reste l\u2019un des premiers partenaires commerciaux de la Tunisie, tandis que Tunis accueille r\u00e9guli\u00e8rement des r\u00e9unions de concertation politique et diplomatique pour accompagner la transition libyenne.<\/p>\n\n\n\n<p><\/p>\n\n\n\n<iframe src=\"https:\/\/www.facebook.com\/plugins\/post.php?href=https%3A%2F%2Fwww.facebook.com%2FPresidence.tn%2Fposts%2Fpfbid0V3Rio3ScJzVWRznRQqdodgE1qgXTFwTWtVGJRWSKREoSLQ9sTTMvNaE16Xn5YQZhl&#038;show_text=true&#038;width=500\" width=\"500\" height=\"400\" style=\"border:none;overflow:hidden\" scrolling=\"no\" frameborder=\"0\" allowfullscreen=\"true\" allow=\"autoplay; clipboard-write; encrypted-media; picture-in-picture; web-share\"><\/iframe>\n\n\n\n<p><\/p>\n\n\n\n<p><strong>Lire aussi :<\/strong><\/p>\n\n\n\n<ul class=\"wp-block-list\">\n<li><a href=\"https:\/\/www.webdo.tn\/fr\/actualite\/national\/la-tunisie-ouvre-une-consulat-general-a-benghazi-en-libye\/381036\/\">La Tunisie ouvre un consulat g\u00e9n\u00e9ral \u00e0 Benghazi, en Libye<\/a><\/li>\n\n\n\n<li><a href=\"https:\/\/www.webdo.tn\/fr\/actualite\/international\/crise-a-tripoli-la-tunisie-se-propose-comme-mediatrice-entre-les-parties-libyennes\/222025\/\">Crise \u00e0 Tripoli : La Tunisie se propose comme m\u00e9diatrice entre les parties libyennes<\/a><\/li>\n\n\n\n<li><a href=\"https:\/\/www.webdo.tn\/fr\/actualite\/national\/ben-guerdane-au-coeur-d-une-strategie-entre-la-tunisie-l-algerie-et-la-libye\/220940\/\">Ben Guerdane au c\u0153ur d\u2019une strat\u00e9gie entre la Tunisie, l\u2019Alg\u00e9rie et la Libye<\/a><\/li>\n<\/ul>\n","protected":false},"excerpt":{"rendered":"<p>La pr\u00e9sidence tunisienne a annonc\u00e9 que Mohamed Younes Al-Manfi, pr\u00e9sident du Conseil pr\u00e9sidentiel libyen, effectue ce lundi 18 ao\u00fbt 2025 une visite officielle en Tunisie. Cette rencontre s\u2019inscrit dans le cadre du renforcement des relations historiques et fraternelles entre les deux pays voisins. Selon un communiqu\u00e9 publi\u00e9 par la Pr\u00e9sidence de la R\u00e9publique sur sa [&hellip;]<\/p>\n","protected":false},"author":3191,"featured_media":381608,"comment_status":"open","ping_status":"open","sticky":false,"template":"","format":"standard","meta":{"footnotes":""},"categories":[44],"tags":[12442,2732,2614,3279,12441,2608],"class_list":["post-381607","post","type-post","status-publish","format-standard","has-post-thumbnail","hentry","category-national","tag-conseil-libyen","tag-cooperation","tag-kais-saied","tag-libye","tag-mohamed-al-manfi","tag-tunisie"],"yoast_head":"<!-- This site is optimized with the Yoast SEO Premium plugin v27.5 (Yoast SEO v27.5) - https:\/\/yoast.com\/product\/yoast-seo-premium-wordpress\/ -->\n<title>Le pr\u00e9sident du Conseil libyen Mohamed Al-Manfi en visite officielle en Tunisie - webdo<\/title>\n<meta name=\"description\" content=\"Mohamed Al-Manfi en visite officielle en Tunisie pour renforcer les relations historiques entre les deux pays voisins.\" \/>\n<link rel=\"canonical\" href=\"https:\/\/www.webdo.tn\/fr\/actualite\/national\/le-president-du-conseil-libyen-mohamed-al-manfi-en-visite-officielle-en-tunisie\/381607\/\" \/>\n<meta property=\"og:locale\" content=\"fr_FR\" \/>\n<meta property=\"og:type\" content=\"article\" \/>\n<meta property=\"og:title\" content=\"Le pr\u00e9sident du Conseil libyen Mohamed Al-Manfi en visite officielle en Tunisie\" \/>\n<meta property=\"og:description\" content=\"Mohamed Al-Manfi en visite officielle en Tunisie pour renforcer les relations historiques entre les deux pays voisins.\" \/>\n<meta property=\"og:url\" content=\"https:\/\/www.webdo.tn\/fr\/actualite\/national\/le-president-du-conseil-libyen-mohamed-al-manfi-en-visite-officielle-en-tunisie\/381607\/\" \/>\n<meta property=\"og:site_name\" content=\"webdo\" \/>\n<meta property=\"article:publisher\" content=\"https:\/\/www.facebook.com\/webdotn\" \/>\n<meta property=\"article:published_time\" content=\"2025-08-18T09:30:46+00:00\" \/>\n<meta property=\"article:modified_time\" content=\"2025-08-18T10:49:03+00:00\" \/>\n<meta property=\"og:image\" content=\"https:\/\/www.webdo.tn\/fr\/wp-content\/uploads\/2025\/08\/Le-president-du-Conseil-libyen-Al-Manfi.jpg\" \/>\n\t<meta property=\"og:image:width\" content=\"946\" \/>\n\t<meta property=\"og:image:height\" content=\"610\" \/>\n\t<meta property=\"og:image:type\" content=\"image\/jpeg\" \/>\n<meta name=\"author\" content=\"Mohamed Hedi Touati\" \/>\n<meta name=\"twitter:card\" content=\"summary_large_image\" \/>\n<meta name=\"twitter:creator\" content=\"@webdo_tn\" \/>\n<meta name=\"twitter:site\" content=\"@webdo_tn\" \/>\n<meta name=\"twitter:label1\" content=\"\u00c9crit par\" \/>\n\t<meta name=\"twitter:data1\" content=\"Mohamed Hedi Touati\" \/>\n\t<meta name=\"twitter:label2\" content=\"Dur\u00e9e de lecture estim\u00e9e\" \/>\n\t<meta name=\"twitter:data2\" content=\"2 minutes\" \/>\n<script type=\"application\/ld+json\" class=\"yoast-schema-graph\">{\"@context\":\"https:\\\/\\\/schema.org\",\"@graph\":[{\"@type\":\"NewsArticle\",\"@id\":\"https:\\\/\\\/www.webdo.tn\\\/fr\\\/actualite\\\/national\\\/le-president-du-conseil-libyen-mohamed-al-manfi-en-visite-officielle-en-tunisie\\\/381607\\\/#article\",\"isPartOf\":{\"@id\":\"https:\\\/\\\/www.webdo.tn\\\/fr\\\/actualite\\\/national\\\/le-president-du-conseil-libyen-mohamed-al-manfi-en-visite-officielle-en-tunisie\\\/381607\\\/\"},\"author\":{\"name\":\"Mohamed Hedi Touati\",\"@id\":\"https:\\\/\\\/www.webdo.tn\\\/fr\\\/#\\\/schema\\\/person\\\/c652cd8fc2b1b44412b5ffb48c5a911d\"},\"headline\":\"Le pr\u00e9sident du Conseil libyen Mohamed Al-Manfi en visite officielle en Tunisie\",\"datePublished\":\"2025-08-18T09:30:46+00:00\",\"dateModified\":\"2025-08-18T10:49:03+00:00\",\"mainEntityOfPage\":{\"@id\":\"https:\\\/\\\/www.webdo.tn\\\/fr\\\/actualite\\\/national\\\/le-president-du-conseil-libyen-mohamed-al-manfi-en-visite-officielle-en-tunisie\\\/381607\\\/\"},\"wordCount\":275,\"commentCount\":0,\"publisher\":{\"@id\":\"https:\\\/\\\/www.webdo.tn\\\/fr\\\/#organization\"},\"image\":{\"@id\":\"https:\\\/\\\/www.webdo.tn\\\/fr\\\/actualite\\\/national\\\/le-president-du-conseil-libyen-mohamed-al-manfi-en-visite-officielle-en-tunisie\\\/381607\\\/#primaryimage\"},\"thumbnailUrl\":\"https:\\\/\\\/www.webdo.tn\\\/fr\\\/wp-content\\\/uploads\\\/2025\\\/08\\\/Le-president-du-Conseil-libyen-Al-Manfi.jpg\",\"keywords\":[\"Conseil libyen\",\"coop\u00e9ration\",\"Kais Saied\",\"Libye\",\"Mohamed Al-Manfi\",\"Tunisie\"],\"articleSection\":[\"National\"],\"inLanguage\":\"fr-FR\"},{\"@type\":\"WebPage\",\"@id\":\"https:\\\/\\\/www.webdo.tn\\\/fr\\\/actualite\\\/national\\\/le-president-du-conseil-libyen-mohamed-al-manfi-en-visite-officielle-en-tunisie\\\/381607\\\/\",\"url\":\"https:\\\/\\\/www.webdo.tn\\\/fr\\\/actualite\\\/national\\\/le-president-du-conseil-libyen-mohamed-al-manfi-en-visite-officielle-en-tunisie\\\/381607\\\/\",\"name\":\"Le pr\u00e9sident du Conseil libyen Mohamed Al-Manfi en visite officielle en Tunisie - webdo\",\"isPartOf\":{\"@id\":\"https:\\\/\\\/www.webdo.tn\\\/fr\\\/#website\"},\"primaryImageOfPage\":{\"@id\":\"https:\\\/\\\/www.webdo.tn\\\/fr\\\/actualite\\\/national\\\/le-president-du-conseil-libyen-mohamed-al-manfi-en-visite-officielle-en-tunisie\\\/381607\\\/#primaryimage\"},\"image\":{\"@id\":\"https:\\\/\\\/www.webdo.tn\\\/fr\\\/actualite\\\/national\\\/le-president-du-conseil-libyen-mohamed-al-manfi-en-visite-officielle-en-tunisie\\\/381607\\\/#primaryimage\"},\"thumbnailUrl\":\"https:\\\/\\\/www.webdo.tn\\\/fr\\\/wp-content\\\/uploads\\\/2025\\\/08\\\/Le-president-du-Conseil-libyen-Al-Manfi.jpg\",\"datePublished\":\"2025-08-18T09:30:46+00:00\",\"dateModified\":\"2025-08-18T10:49:03+00:00\",\"description\":\"Mohamed Al-Manfi en visite officielle en Tunisie pour renforcer les relations historiques entre les deux pays voisins.\",\"breadcrumb\":{\"@id\":\"https:\\\/\\\/www.webdo.tn\\\/fr\\\/actualite\\\/national\\\/le-president-du-conseil-libyen-mohamed-al-manfi-en-visite-officielle-en-tunisie\\\/381607\\\/#breadcrumb\"},\"inLanguage\":\"fr-FR\",\"potentialAction\":[{\"@type\":\"ReadAction\",\"target\":[\"https:\\\/\\\/www.webdo.tn\\\/fr\\\/actualite\\\/national\\\/le-president-du-conseil-libyen-mohamed-al-manfi-en-visite-officielle-en-tunisie\\\/381607\\\/\"]}]},{\"@type\":\"ImageObject\",\"inLanguage\":\"fr-FR\",\"@id\":\"https:\\\/\\\/www.webdo.tn\\\/fr\\\/actualite\\\/national\\\/le-president-du-conseil-libyen-mohamed-al-manfi-en-visite-officielle-en-tunisie\\\/381607\\\/#primaryimage\",\"url\":\"https:\\\/\\\/www.webdo.tn\\\/fr\\\/wp-content\\\/uploads\\\/2025\\\/08\\\/Le-president-du-Conseil-libyen-Al-Manfi.jpg\",\"contentUrl\":\"https:\\\/\\\/www.webdo.tn\\\/fr\\\/wp-content\\\/uploads\\\/2025\\\/08\\\/Le-president-du-Conseil-libyen-Al-Manfi.jpg\",\"width\":946,\"height\":610,\"caption\":\"Le pr\u00e9sident du Conseil libyen Mohamed Al-Manfi en visite officielle en Tunisie\"},{\"@type\":\"BreadcrumbList\",\"@id\":\"https:\\\/\\\/www.webdo.tn\\\/fr\\\/actualite\\\/national\\\/le-president-du-conseil-libyen-mohamed-al-manfi-en-visite-officielle-en-tunisie\\\/381607\\\/#breadcrumb\",\"itemListElement\":[{\"@type\":\"ListItem\",\"position\":1,\"name\":\"Accueil\",\"item\":\"https:\\\/\\\/www.webdo.tn\\\/fr\\\/\"},{\"@type\":\"ListItem\",\"position\":2,\"name\":\"Le pr\u00e9sident du Conseil libyen Mohamed Al-Manfi en visite officielle en Tunisie\"}]},{\"@type\":\"WebSite\",\"@id\":\"https:\\\/\\\/www.webdo.tn\\\/fr\\\/#website\",\"url\":\"https:\\\/\\\/www.webdo.tn\\\/fr\\\/\",\"name\":\"webdo\",\"description\":\"Tunisie - News en Tunisie et \u00e0 l&#039;international sur Webdo.tn\",\"publisher\":{\"@id\":\"https:\\\/\\\/www.webdo.tn\\\/fr\\\/#organization\"},\"potentialAction\":[{\"@type\":\"SearchAction\",\"target\":{\"@type\":\"EntryPoint\",\"urlTemplate\":\"https:\\\/\\\/www.webdo.tn\\\/fr\\\/?s={search_term_string}\"},\"query-input\":{\"@type\":\"PropertyValueSpecification\",\"valueRequired\":true,\"valueName\":\"search_term_string\"}}],\"inLanguage\":\"fr-FR\"},{\"@type\":\"Organization\",\"@id\":\"https:\\\/\\\/www.webdo.tn\\\/fr\\\/#organization\",\"name\":\"Webdo\",\"alternateName\":\"Webdo.tn\",\"url\":\"https:\\\/\\\/www.webdo.tn\\\/fr\\\/\",\"logo\":{\"@type\":\"ImageObject\",\"inLanguage\":\"fr-FR\",\"@id\":\"https:\\\/\\\/www.webdo.tn\\\/fr\\\/#\\\/schema\\\/logo\\\/image\\\/\",\"url\":\"https:\\\/\\\/www.webdo.tn\\\/fr\\\/wp-content\\\/uploads\\\/2025\\\/06\\\/Webdo-Tunisie_168377.jpg\",\"contentUrl\":\"https:\\\/\\\/www.webdo.tn\\\/fr\\\/wp-content\\\/uploads\\\/2025\\\/06\\\/Webdo-Tunisie_168377.jpg\",\"width\":301,\"height\":301,\"caption\":\"Webdo\"},\"image\":{\"@id\":\"https:\\\/\\\/www.webdo.tn\\\/fr\\\/#\\\/schema\\\/logo\\\/image\\\/\"},\"sameAs\":[\"https:\\\/\\\/www.facebook.com\\\/webdotn\",\"https:\\\/\\\/x.com\\\/webdo_tn\"],\"description\":\"Webdo est un m\u00e9dia num\u00e9rique tunisien fond\u00e9 en 2010, sp\u00e9cialis\u00e9 dans l\u2019actualit\u00e9 nationale et internationale, l\u2019\u00e9conomie, la soci\u00e9t\u00e9 et les analyses politiques. Le site s\u2019adresse \u00e0 un large public francophone et couvre l\u2019information tunisienne en temps r\u00e9el.\",\"email\":\"redac@webdo.tn\",\"legalName\":\"YNJ SARL\",\"foundingDate\":\"2010-09-06\",\"numberOfEmployees\":{\"@type\":\"QuantitativeValue\",\"minValue\":\"11\",\"maxValue\":\"50\"}},{\"@type\":\"Person\",\"@id\":\"https:\\\/\\\/www.webdo.tn\\\/fr\\\/#\\\/schema\\\/person\\\/c652cd8fc2b1b44412b5ffb48c5a911d\",\"name\":\"Mohamed Hedi Touati\",\"image\":{\"@type\":\"ImageObject\",\"inLanguage\":\"fr-FR\",\"@id\":\"https:\\\/\\\/secure.gravatar.com\\\/avatar\\\/9cfd402c745b7a685f13eed0ea6e59d2144a3c2fc50a3db6fd5ed451f6cddf1a?s=96&d=mm&r=g\",\"url\":\"https:\\\/\\\/secure.gravatar.com\\\/avatar\\\/9cfd402c745b7a685f13eed0ea6e59d2144a3c2fc50a3db6fd5ed451f6cddf1a?s=96&d=mm&r=g\",\"contentUrl\":\"https:\\\/\\\/secure.gravatar.com\\\/avatar\\\/9cfd402c745b7a685f13eed0ea6e59d2144a3c2fc50a3db6fd5ed451f6cddf1a?s=96&d=mm&r=g\",\"caption\":\"Mohamed Hedi Touati\"},\"url\":\"https:\\\/\\\/www.webdo.tn\\\/fr\\\/actualite\\\/author\\\/mohamed-hedi-touati\\\/\"}]}<\/script>\n<!-- \/ Yoast SEO Premium plugin. -->","yoast_head_json":{"title":"Le pr\u00e9sident du Conseil libyen Mohamed Al-Manfi en visite officielle en Tunisie - webdo","description":"Mohamed Al-Manfi en visite officielle en Tunisie pour renforcer les relations historiques entre les deux pays voisins.","canonical":"https:\/\/www.webdo.tn\/fr\/actualite\/national\/le-president-du-conseil-libyen-mohamed-al-manfi-en-visite-officielle-en-tunisie\/381607\/","og_locale":"fr_FR","og_type":"article","og_title":"Le pr\u00e9sident du Conseil libyen Mohamed Al-Manfi en visite officielle en Tunisie","og_description":"Mohamed Al-Manfi en visite officielle en Tunisie pour renforcer les relations historiques entre les deux pays voisins.","og_url":"https:\/\/www.webdo.tn\/fr\/actualite\/national\/le-president-du-conseil-libyen-mohamed-al-manfi-en-visite-officielle-en-tunisie\/381607\/","og_site_name":"webdo","article_publisher":"https:\/\/www.facebook.com\/webdotn","article_published_time":"2025-08-18T09:30:46+00:00","article_modified_time":"2025-08-18T10:49:03+00:00","og_image":[{"width":946,"height":610,"url":"https:\/\/www.webdo.tn\/fr\/wp-content\/uploads\/2025\/08\/Le-president-du-Conseil-libyen-Al-Manfi.jpg","type":"image\/jpeg"}],"author":"Mohamed Hedi Touati","twitter_card":"summary_large_image","twitter_creator":"@webdo_tn","twitter_site":"@webdo_tn","twitter_misc":{"\u00c9crit par":"Mohamed Hedi Touati","Dur\u00e9e de lecture estim\u00e9e":"2 minutes"},"schema":{"@context":"https:\/\/schema.org","@graph":[{"@type":"NewsArticle","@id":"https:\/\/www.webdo.tn\/fr\/actualite\/national\/le-president-du-conseil-libyen-mohamed-al-manfi-en-visite-officielle-en-tunisie\/381607\/#article","isPartOf":{"@id":"https:\/\/www.webdo.tn\/fr\/actualite\/national\/le-president-du-conseil-libyen-mohamed-al-manfi-en-visite-officielle-en-tunisie\/381607\/"},"author":{"name":"Mohamed Hedi Touati","@id":"https:\/\/www.webdo.tn\/fr\/#\/schema\/person\/c652cd8fc2b1b44412b5ffb48c5a911d"},"headline":"Le pr\u00e9sident du Conseil libyen Mohamed Al-Manfi en visite officielle en Tunisie","datePublished":"2025-08-18T09:30:46+00:00","dateModified":"2025-08-18T10:49:03+00:00","mainEntityOfPage":{"@id":"https:\/\/www.webdo.tn\/fr\/actualite\/national\/le-president-du-conseil-libyen-mohamed-al-manfi-en-visite-officielle-en-tunisie\/381607\/"},"wordCount":275,"commentCount":0,"publisher":{"@id":"https:\/\/www.webdo.tn\/fr\/#organization"},"image":{"@id":"https:\/\/www.webdo.tn\/fr\/actualite\/national\/le-president-du-conseil-libyen-mohamed-al-manfi-en-visite-officielle-en-tunisie\/381607\/#primaryimage"},"thumbnailUrl":"https:\/\/www.webdo.tn\/fr\/wp-content\/uploads\/2025\/08\/Le-president-du-Conseil-libyen-Al-Manfi.jpg","keywords":["Conseil libyen","coop\u00e9ration","Kais Saied","Libye","Mohamed Al-Manfi","Tunisie"],"articleSection":["National"],"inLanguage":"fr-FR"},{"@type":"WebPage","@id":"https:\/\/www.webdo.tn\/fr\/actualite\/national\/le-president-du-conseil-libyen-mohamed-al-manfi-en-visite-officielle-en-tunisie\/381607\/","url":"https:\/\/www.webdo.tn\/fr\/actualite\/national\/le-president-du-conseil-libyen-mohamed-al-manfi-en-visite-officielle-en-tunisie\/381607\/","name":"Le pr\u00e9sident du Conseil libyen Mohamed Al-Manfi en visite officielle en Tunisie - webdo","isPartOf":{"@id":"https:\/\/www.webdo.tn\/fr\/#website"},"primaryImageOfPage":{"@id":"https:\/\/www.webdo.tn\/fr\/actualite\/national\/le-president-du-conseil-libyen-mohamed-al-manfi-en-visite-officielle-en-tunisie\/381607\/#primaryimage"},"image":{"@id":"https:\/\/www.webdo.tn\/fr\/actualite\/national\/le-president-du-conseil-libyen-mohamed-al-manfi-en-visite-officielle-en-tunisie\/381607\/#primaryimage"},"thumbnailUrl":"https:\/\/www.webdo.tn\/fr\/wp-content\/uploads\/2025\/08\/Le-president-du-Conseil-libyen-Al-Manfi.jpg","datePublished":"2025-08-18T09:30:46+00:00","dateModified":"2025-08-18T10:49:03+00:00","description":"Mohamed Al-Manfi en visite officielle en Tunisie pour renforcer les relations historiques entre les deux pays voisins.","breadcrumb":{"@id":"https:\/\/www.webdo.tn\/fr\/actualite\/national\/le-president-du-conseil-libyen-mohamed-al-manfi-en-visite-officielle-en-tunisie\/381607\/#breadcrumb"},"inLanguage":"fr-FR","potentialAction":[{"@type":"ReadAction","target":["https:\/\/www.webdo.tn\/fr\/actualite\/national\/le-president-du-conseil-libyen-mohamed-al-manfi-en-visite-officielle-en-tunisie\/381607\/"]}]},{"@type":"ImageObject","inLanguage":"fr-FR","@id":"https:\/\/www.webdo.tn\/fr\/actualite\/national\/le-president-du-conseil-libyen-mohamed-al-manfi-en-visite-officielle-en-tunisie\/381607\/#primaryimage","url":"https:\/\/www.webdo.tn\/fr\/wp-content\/uploads\/2025\/08\/Le-president-du-Conseil-libyen-Al-Manfi.jpg","contentUrl":"https:\/\/www.webdo.tn\/fr\/wp-content\/uploads\/2025\/08\/Le-president-du-Conseil-libyen-Al-Manfi.jpg","width":946,"height":610,"caption":"Le pr\u00e9sident du Conseil libyen Mohamed Al-Manfi en visite officielle en Tunisie"},{"@type":"BreadcrumbList","@id":"https:\/\/www.webdo.tn\/fr\/actualite\/national\/le-president-du-conseil-libyen-mohamed-al-manfi-en-visite-officielle-en-tunisie\/381607\/#breadcrumb","itemListElement":[{"@type":"ListItem","position":1,"name":"Accueil","item":"https:\/\/www.webdo.tn\/fr\/"},{"@type":"ListItem","position":2,"name":"Le pr\u00e9sident du Conseil libyen Mohamed Al-Manfi en visite officielle en Tunisie"}]},{"@type":"WebSite","@id":"https:\/\/www.webdo.tn\/fr\/#website","url":"https:\/\/www.webdo.tn\/fr\/","name":"webdo","description":"Tunisie - News en Tunisie et \u00e0 l&#039;international sur Webdo.tn","publisher":{"@id":"https:\/\/www.webdo.tn\/fr\/#organization"},"potentialAction":[{"@type":"SearchAction","target":{"@type":"EntryPoint","urlTemplate":"https:\/\/www.webdo.tn\/fr\/?s={search_term_string}"},"query-input":{"@type":"PropertyValueSpecification","valueRequired":true,"valueName":"search_term_string"}}],"inLanguage":"fr-FR"},{"@type":"Organization","@id":"https:\/\/www.webdo.tn\/fr\/#organization","name":"Webdo","alternateName":"Webdo.tn","url":"https:\/\/www.webdo.tn\/fr\/","logo":{"@type":"ImageObject","inLanguage":"fr-FR","@id":"https:\/\/www.webdo.tn\/fr\/#\/schema\/logo\/image\/","url":"https:\/\/www.webdo.tn\/fr\/wp-content\/uploads\/2025\/06\/Webdo-Tunisie_168377.jpg","contentUrl":"https:\/\/www.webdo.tn\/fr\/wp-content\/uploads\/2025\/06\/Webdo-Tunisie_168377.jpg","width":301,"height":301,"caption":"Webdo"},"image":{"@id":"https:\/\/www.webdo.tn\/fr\/#\/schema\/logo\/image\/"},"sameAs":["https:\/\/www.facebook.com\/webdotn","https:\/\/x.com\/webdo_tn"],"description":"Webdo est un m\u00e9dia num\u00e9rique tunisien fond\u00e9 en 2010, sp\u00e9cialis\u00e9 dans l\u2019actualit\u00e9 nationale et internationale, l\u2019\u00e9conomie, la soci\u00e9t\u00e9 et les analyses politiques. Le site s\u2019adresse \u00e0 un large public francophone et couvre l\u2019information tunisienne en temps r\u00e9el.","email":"redac@webdo.tn","legalName":"YNJ SARL","foundingDate":"2010-09-06","numberOfEmployees":{"@type":"QuantitativeValue","minValue":"11","maxValue":"50"}},{"@type":"Person","@id":"https:\/\/www.webdo.tn\/fr\/#\/schema\/person\/c652cd8fc2b1b44412b5ffb48c5a911d","name":"Mohamed Hedi Touati","image":{"@type":"ImageObject","inLanguage":"fr-FR","@id":"https:\/\/secure.gravatar.com\/avatar\/9cfd402c745b7a685f13eed0ea6e59d2144a3c2fc50a3db6fd5ed451f6cddf1a?s=96&d=mm&r=g","url":"https:\/\/secure.gravatar.com\/avatar\/9cfd402c745b7a685f13eed0ea6e59d2144a3c2fc50a3db6fd5ed451f6cddf1a?s=96&d=mm&r=g","contentUrl":"https:\/\/secure.gravatar.com\/avatar\/9cfd402c745b7a685f13eed0ea6e59d2144a3c2fc50a3db6fd5ed451f6cddf1a?s=96&d=mm&r=g","caption":"Mohamed Hedi Touati"},"url":"https:\/\/www.webdo.tn\/fr\/actualite\/author\/mohamed-hedi-touati\/"}]}},"_links":{"self":[{"href":"https:\/\/www.webdo.tn\/fr\/wp-json\/wp\/v2\/posts\/381607","targetHints":{"allow":["GET"]}}],"collection":[{"href":"https:\/\/www.webdo.tn\/fr\/wp-json\/wp\/v2\/posts"}],"about":[{"href":"https:\/\/www.webdo.tn\/fr\/wp-json\/wp\/v2\/types\/post"}],"author":[{"embeddable":true,"href":"https:\/\/www.webdo.tn\/fr\/wp-json\/wp\/v2\/users\/3191"}],"replies":[{"embeddable":true,"href":"https:\/\/www.webdo.tn\/fr\/wp-json\/wp\/v2\/comments?post=381607"}],"version-history":[{"count":0,"href":"https:\/\/www.webdo.tn\/fr\/wp-json\/wp\/v2\/posts\/381607\/revisions"}],"wp:featuredmedia":[{"embeddable":true,"href":"https:\/\/www.webdo.tn\/fr\/wp-json\/wp\/v2\/media\/381608"}],"wp:attachment":[{"href":"https:\/\/www.webdo.tn\/fr\/wp-json\/wp\/v2\/media?parent=381607"}],"wp:term":[{"taxonomy":"category","embeddable":true,"href":"https:\/\/www.webdo.tn\/fr\/wp-json\/wp\/v2\/categories?post=381607"},{"taxonomy":"post_tag","embeddable":true,"href":"https:\/\/www.webdo.tn\/fr\/wp-json\/wp\/v2\/tags?post=381607"}],"curies":[{"name":"wp","href":"https:\/\/api.w.org\/{rel}","templated":true}]}}