{"id":381597,"date":"2025-08-18T08:41:52","date_gmt":"2025-08-18T07:41:52","guid":{"rendered":"https:\/\/www.webdo.tn\/fr\/?p=381597"},"modified":"2025-08-18T10:59:41","modified_gmt":"2025-08-18T09:59:41","slug":"tunisie-meteo-orages-et-temperatures-jusqua-42c-ce-lundi","status":"publish","type":"post","link":"https:\/\/www.webdo.tn\/fr\/actualite\/national\/tunisie-meteo-orages-et-temperatures-jusqua-42c-ce-lundi\/381597\/","title":{"rendered":"Tunisie &#8211; M\u00e9t\u00e9o : Orages et temp\u00e9ratures jusqu\u2019\u00e0 42\u00b0C ce lundi"},"content":{"rendered":"\n<p><strong>L\u2019Institut National de la M\u00e9t\u00e9orologie (INM) annonce pour ce lundi des nuages passagers sur la plupart des r\u00e9gions, avec un risque d\u2019orages localis\u00e9s sur les c\u00f4tes Est dans l\u2019apr\u00e8s-midi. Les temp\u00e9ratures varieront entre 29\u00b0C et 42\u00b0C selon les zones du pays.<\/strong><\/p>\n\n\n\n<p>Selon le bulletin de l\u2019INM, la journ\u00e9e sera marqu\u00e9e par des passages nuageux sur l\u2019ensemble du territoire. Ces nuages s\u2019\u00e9paissiront sur les r\u00e9gions c\u00f4ti\u00e8res Est dans l\u2019apr\u00e8s-midi, donnant lieu \u00e0 des cellules orageuses locales accompagn\u00e9es de pluies.<\/p>\n\n\n\n<p>Le vent soufflera du secteur nord au nord et au centre, et du secteur ouest au sud. Faible \u00e0 mod\u00e9r\u00e9 le matin, il se renforcera progressivement dans l\u2019apr\u00e8s-midi, notamment au sud-est. Lors des orages, des rafales d\u00e9passant 70 km\/h sont attendues.<\/p>\n\n\n\n<p>C\u00f4t\u00e9 mer, elle sera agit\u00e9e dans la zone de Serrat, mais restera peu agit\u00e9e sur le reste des c\u00f4tes. L\u2019INM appelle, de ce fait \u00e0 la vigilance, surtout dans les r\u00e9gions c\u00f4ti\u00e8res Est et le sud-est, en raison du risque de rafales violentes et de pluies orageuses.<\/p>\n\n\n\n<p>Les temp\u00e9ratures seront comprises entre 29 et 35 degr\u00e9s sur les r\u00e9gions c\u00f4ti\u00e8res et les hauteurs et entre 36 et 40 degr\u00e9s ailleurs et peuvent atteindre les 42 degr\u00e9s sur le sud-ouest avec des coups de sirocco.<\/p>\n","protected":false},"excerpt":{"rendered":"<p>L\u2019Institut National de la M\u00e9t\u00e9orologie (INM) annonce pour ce lundi des nuages passagers sur la plupart des r\u00e9gions, avec un risque d\u2019orages localis\u00e9s sur les c\u00f4tes Est dans l\u2019apr\u00e8s-midi. Les temp\u00e9ratures varieront entre 29\u00b0C et 42\u00b0C selon les zones du pays. Selon le bulletin de l\u2019INM, la journ\u00e9e sera marqu\u00e9e par des passages nuageux sur [&hellip;]<\/p>\n","protected":false},"author":3191,"featured_media":367764,"comment_status":"open","ping_status":"open","sticky":false,"template":"","format":"standard","meta":{"footnotes":""},"categories":[44],"tags":[5930,3319,12319,2670,2795,2608],"class_list":["post-381597","post","type-post","status-publish","format-standard","has-post-thumbnail","hentry","category-national","tag-canicule","tag-chaleur","tag-mer-agitee","tag-meteo","tag-orages","tag-tunisie"],"yoast_head":"<!-- This site is optimized with the Yoast SEO Premium plugin v27.4 (Yoast SEO v27.5) - https:\/\/yoast.com\/product\/yoast-seo-premium-wordpress\/ -->\n<title>Tunisie - M\u00e9t\u00e9o : Orages et temp\u00e9ratures jusqu\u2019\u00e0 42\u00b0C ce lundi - webdo<\/title>\n<meta name=\"description\" content=\"D\u00e9couvrez les orages et temp\u00e9ratures jusqu\u2019\u00e0 42\u00b0C. Pr\u00e9parez-vous pour des conditions m\u00e9t\u00e9orologiques changeantes aujourd&#039;hui.\" \/>\n<link rel=\"canonical\" href=\"https:\/\/www.webdo.tn\/fr\/actualite\/national\/tunisie-meteo-orages-et-temperatures-jusqua-42c-ce-lundi\/381597\/\" \/>\n<meta property=\"og:locale\" content=\"fr_FR\" \/>\n<meta property=\"og:type\" content=\"article\" \/>\n<meta property=\"og:title\" content=\"Tunisie - M\u00e9t\u00e9o : Orages et temp\u00e9ratures jusqu\u2019\u00e0 42\u00b0C ce lundi\" \/>\n<meta property=\"og:description\" content=\"D\u00e9couvrez les orages et temp\u00e9ratures jusqu\u2019\u00e0 42\u00b0C. Pr\u00e9parez-vous pour des conditions m\u00e9t\u00e9orologiques changeantes aujourd&#039;hui.\" \/>\n<meta property=\"og:url\" content=\"https:\/\/www.webdo.tn\/fr\/actualite\/national\/tunisie-meteo-orages-et-temperatures-jusqua-42c-ce-lundi\/381597\/\" \/>\n<meta property=\"og:site_name\" content=\"webdo\" \/>\n<meta property=\"article:publisher\" content=\"https:\/\/www.facebook.com\/webdotn\" \/>\n<meta property=\"article:published_time\" content=\"2025-08-18T07:41:52+00:00\" \/>\n<meta property=\"article:modified_time\" content=\"2025-08-18T09:59:41+00:00\" \/>\n<meta property=\"og:image\" content=\"https:\/\/www.webdo.tn\/fr\/wp-content\/uploads\/2025\/06\/canicule_136560.jpg\" \/>\n\t<meta property=\"og:image:width\" content=\"312\" \/>\n\t<meta property=\"og:image:height\" content=\"200\" \/>\n\t<meta property=\"og:image:type\" content=\"image\/jpeg\" \/>\n<meta name=\"author\" content=\"Mohamed Hedi Touati\" \/>\n<meta name=\"twitter:card\" content=\"summary_large_image\" \/>\n<meta name=\"twitter:creator\" content=\"@webdo_tn\" \/>\n<meta name=\"twitter:site\" content=\"@webdo_tn\" \/>\n<meta name=\"twitter:label1\" content=\"\u00c9crit par\" \/>\n\t<meta name=\"twitter:data1\" content=\"Mohamed Hedi Touati\" \/>\n\t<meta name=\"twitter:label2\" content=\"Dur\u00e9e de lecture estim\u00e9e\" \/>\n\t<meta name=\"twitter:data2\" content=\"2 minutes\" \/>\n<script type=\"application\/ld+json\" class=\"yoast-schema-graph\">{\"@context\":\"https:\\\/\\\/schema.org\",\"@graph\":[{\"@type\":\"NewsArticle\",\"@id\":\"https:\\\/\\\/www.webdo.tn\\\/fr\\\/actualite\\\/national\\\/tunisie-meteo-orages-et-temperatures-jusqua-42c-ce-lundi\\\/381597\\\/#article\",\"isPartOf\":{\"@id\":\"https:\\\/\\\/www.webdo.tn\\\/fr\\\/actualite\\\/national\\\/tunisie-meteo-orages-et-temperatures-jusqua-42c-ce-lundi\\\/381597\\\/\"},\"author\":{\"name\":\"Mohamed Hedi Touati\",\"@id\":\"https:\\\/\\\/www.webdo.tn\\\/fr\\\/#\\\/schema\\\/person\\\/c652cd8fc2b1b44412b5ffb48c5a911d\"},\"headline\":\"Tunisie &#8211; M\u00e9t\u00e9o : Orages et temp\u00e9ratures jusqu\u2019\u00e0 42\u00b0C ce lundi\",\"datePublished\":\"2025-08-18T07:41:52+00:00\",\"dateModified\":\"2025-08-18T09:59:41+00:00\",\"mainEntityOfPage\":{\"@id\":\"https:\\\/\\\/www.webdo.tn\\\/fr\\\/actualite\\\/national\\\/tunisie-meteo-orages-et-temperatures-jusqua-42c-ce-lundi\\\/381597\\\/\"},\"wordCount\":248,\"commentCount\":0,\"publisher\":{\"@id\":\"https:\\\/\\\/www.webdo.tn\\\/fr\\\/#organization\"},\"image\":{\"@id\":\"https:\\\/\\\/www.webdo.tn\\\/fr\\\/actualite\\\/national\\\/tunisie-meteo-orages-et-temperatures-jusqua-42c-ce-lundi\\\/381597\\\/#primaryimage\"},\"thumbnailUrl\":\"https:\\\/\\\/www.webdo.tn\\\/fr\\\/wp-content\\\/uploads\\\/2025\\\/06\\\/canicule_136560.jpg\",\"keywords\":[\"Canicule\",\"chaleur\",\"mer agit\u00e9e\",\"m\u00e9t\u00e9o\",\"Orages\",\"Tunisie\"],\"articleSection\":[\"National\"],\"inLanguage\":\"fr-FR\"},{\"@type\":\"WebPage\",\"@id\":\"https:\\\/\\\/www.webdo.tn\\\/fr\\\/actualite\\\/national\\\/tunisie-meteo-orages-et-temperatures-jusqua-42c-ce-lundi\\\/381597\\\/\",\"url\":\"https:\\\/\\\/www.webdo.tn\\\/fr\\\/actualite\\\/national\\\/tunisie-meteo-orages-et-temperatures-jusqua-42c-ce-lundi\\\/381597\\\/\",\"name\":\"Tunisie - M\u00e9t\u00e9o : Orages et temp\u00e9ratures jusqu\u2019\u00e0 42\u00b0C ce lundi - webdo\",\"isPartOf\":{\"@id\":\"https:\\\/\\\/www.webdo.tn\\\/fr\\\/#website\"},\"primaryImageOfPage\":{\"@id\":\"https:\\\/\\\/www.webdo.tn\\\/fr\\\/actualite\\\/national\\\/tunisie-meteo-orages-et-temperatures-jusqua-42c-ce-lundi\\\/381597\\\/#primaryimage\"},\"image\":{\"@id\":\"https:\\\/\\\/www.webdo.tn\\\/fr\\\/actualite\\\/national\\\/tunisie-meteo-orages-et-temperatures-jusqua-42c-ce-lundi\\\/381597\\\/#primaryimage\"},\"thumbnailUrl\":\"https:\\\/\\\/www.webdo.tn\\\/fr\\\/wp-content\\\/uploads\\\/2025\\\/06\\\/canicule_136560.jpg\",\"datePublished\":\"2025-08-18T07:41:52+00:00\",\"dateModified\":\"2025-08-18T09:59:41+00:00\",\"description\":\"D\u00e9couvrez les orages et temp\u00e9ratures jusqu\u2019\u00e0 42\u00b0C. Pr\u00e9parez-vous pour des conditions m\u00e9t\u00e9orologiques changeantes aujourd'hui.\",\"breadcrumb\":{\"@id\":\"https:\\\/\\\/www.webdo.tn\\\/fr\\\/actualite\\\/national\\\/tunisie-meteo-orages-et-temperatures-jusqua-42c-ce-lundi\\\/381597\\\/#breadcrumb\"},\"inLanguage\":\"fr-FR\",\"potentialAction\":[{\"@type\":\"ReadAction\",\"target\":[\"https:\\\/\\\/www.webdo.tn\\\/fr\\\/actualite\\\/national\\\/tunisie-meteo-orages-et-temperatures-jusqua-42c-ce-lundi\\\/381597\\\/\"]}]},{\"@type\":\"ImageObject\",\"inLanguage\":\"fr-FR\",\"@id\":\"https:\\\/\\\/www.webdo.tn\\\/fr\\\/actualite\\\/national\\\/tunisie-meteo-orages-et-temperatures-jusqua-42c-ce-lundi\\\/381597\\\/#primaryimage\",\"url\":\"https:\\\/\\\/www.webdo.tn\\\/fr\\\/wp-content\\\/uploads\\\/2025\\\/06\\\/canicule_136560.jpg\",\"contentUrl\":\"https:\\\/\\\/www.webdo.tn\\\/fr\\\/wp-content\\\/uploads\\\/2025\\\/06\\\/canicule_136560.jpg\",\"width\":312,\"height\":200,\"caption\":\"Tunisie - M\u00e9t\u00e9o : Orages et temp\u00e9ratures jusqu\u2019\u00e0 42\u00b0C ce lundi\"},{\"@type\":\"BreadcrumbList\",\"@id\":\"https:\\\/\\\/www.webdo.tn\\\/fr\\\/actualite\\\/national\\\/tunisie-meteo-orages-et-temperatures-jusqua-42c-ce-lundi\\\/381597\\\/#breadcrumb\",\"itemListElement\":[{\"@type\":\"ListItem\",\"position\":1,\"name\":\"Accueil\",\"item\":\"https:\\\/\\\/www.webdo.tn\\\/fr\\\/\"},{\"@type\":\"ListItem\",\"position\":2,\"name\":\"Tunisie &#8211; M\u00e9t\u00e9o : Orages et temp\u00e9ratures jusqu\u2019\u00e0 42\u00b0C ce lundi\"}]},{\"@type\":\"WebSite\",\"@id\":\"https:\\\/\\\/www.webdo.tn\\\/fr\\\/#website\",\"url\":\"https:\\\/\\\/www.webdo.tn\\\/fr\\\/\",\"name\":\"webdo\",\"description\":\"Tunisie - News en Tunisie et \u00e0 l&#039;international sur Webdo.tn\",\"publisher\":{\"@id\":\"https:\\\/\\\/www.webdo.tn\\\/fr\\\/#organization\"},\"potentialAction\":[{\"@type\":\"SearchAction\",\"target\":{\"@type\":\"EntryPoint\",\"urlTemplate\":\"https:\\\/\\\/www.webdo.tn\\\/fr\\\/?s={search_term_string}\"},\"query-input\":{\"@type\":\"PropertyValueSpecification\",\"valueRequired\":true,\"valueName\":\"search_term_string\"}}],\"inLanguage\":\"fr-FR\"},{\"@type\":\"Organization\",\"@id\":\"https:\\\/\\\/www.webdo.tn\\\/fr\\\/#organization\",\"name\":\"Webdo\",\"alternateName\":\"Webdo.tn\",\"url\":\"https:\\\/\\\/www.webdo.tn\\\/fr\\\/\",\"logo\":{\"@type\":\"ImageObject\",\"inLanguage\":\"fr-FR\",\"@id\":\"https:\\\/\\\/www.webdo.tn\\\/fr\\\/#\\\/schema\\\/logo\\\/image\\\/\",\"url\":\"https:\\\/\\\/www.webdo.tn\\\/fr\\\/wp-content\\\/uploads\\\/2025\\\/06\\\/Webdo-Tunisie_168377.jpg\",\"contentUrl\":\"https:\\\/\\\/www.webdo.tn\\\/fr\\\/wp-content\\\/uploads\\\/2025\\\/06\\\/Webdo-Tunisie_168377.jpg\",\"width\":301,\"height\":301,\"caption\":\"Webdo\"},\"image\":{\"@id\":\"https:\\\/\\\/www.webdo.tn\\\/fr\\\/#\\\/schema\\\/logo\\\/image\\\/\"},\"sameAs\":[\"https:\\\/\\\/www.facebook.com\\\/webdotn\",\"https:\\\/\\\/x.com\\\/webdo_tn\"],\"description\":\"Webdo est un m\u00e9dia num\u00e9rique tunisien fond\u00e9 en 2010, sp\u00e9cialis\u00e9 dans l\u2019actualit\u00e9 nationale et internationale, l\u2019\u00e9conomie, la soci\u00e9t\u00e9 et les analyses politiques. Le site s\u2019adresse \u00e0 un large public francophone et couvre l\u2019information tunisienne en temps r\u00e9el.\",\"email\":\"redac@webdo.tn\",\"legalName\":\"YNJ SARL\",\"foundingDate\":\"2010-09-06\",\"numberOfEmployees\":{\"@type\":\"QuantitativeValue\",\"minValue\":\"11\",\"maxValue\":\"50\"}},{\"@type\":\"Person\",\"@id\":\"https:\\\/\\\/www.webdo.tn\\\/fr\\\/#\\\/schema\\\/person\\\/c652cd8fc2b1b44412b5ffb48c5a911d\",\"name\":\"Mohamed Hedi Touati\",\"image\":{\"@type\":\"ImageObject\",\"inLanguage\":\"fr-FR\",\"@id\":\"https:\\\/\\\/secure.gravatar.com\\\/avatar\\\/9cfd402c745b7a685f13eed0ea6e59d2144a3c2fc50a3db6fd5ed451f6cddf1a?s=96&d=mm&r=g\",\"url\":\"https:\\\/\\\/secure.gravatar.com\\\/avatar\\\/9cfd402c745b7a685f13eed0ea6e59d2144a3c2fc50a3db6fd5ed451f6cddf1a?s=96&d=mm&r=g\",\"contentUrl\":\"https:\\\/\\\/secure.gravatar.com\\\/avatar\\\/9cfd402c745b7a685f13eed0ea6e59d2144a3c2fc50a3db6fd5ed451f6cddf1a?s=96&d=mm&r=g\",\"caption\":\"Mohamed Hedi Touati\"},\"url\":\"https:\\\/\\\/www.webdo.tn\\\/fr\\\/actualite\\\/author\\\/mohamed-hedi-touati\\\/\"}]}<\/script>\n<!-- \/ Yoast SEO Premium plugin. -->","yoast_head_json":{"title":"Tunisie - M\u00e9t\u00e9o : Orages et temp\u00e9ratures jusqu\u2019\u00e0 42\u00b0C ce lundi - webdo","description":"D\u00e9couvrez les orages et temp\u00e9ratures jusqu\u2019\u00e0 42\u00b0C. Pr\u00e9parez-vous pour des conditions m\u00e9t\u00e9orologiques changeantes aujourd'hui.","canonical":"https:\/\/www.webdo.tn\/fr\/actualite\/national\/tunisie-meteo-orages-et-temperatures-jusqua-42c-ce-lundi\/381597\/","og_locale":"fr_FR","og_type":"article","og_title":"Tunisie - M\u00e9t\u00e9o : Orages et temp\u00e9ratures jusqu\u2019\u00e0 42\u00b0C ce lundi","og_description":"D\u00e9couvrez les orages et temp\u00e9ratures jusqu\u2019\u00e0 42\u00b0C. Pr\u00e9parez-vous pour des conditions m\u00e9t\u00e9orologiques changeantes aujourd'hui.","og_url":"https:\/\/www.webdo.tn\/fr\/actualite\/national\/tunisie-meteo-orages-et-temperatures-jusqua-42c-ce-lundi\/381597\/","og_site_name":"webdo","article_publisher":"https:\/\/www.facebook.com\/webdotn","article_published_time":"2025-08-18T07:41:52+00:00","article_modified_time":"2025-08-18T09:59:41+00:00","og_image":[{"width":312,"height":200,"url":"https:\/\/www.webdo.tn\/fr\/wp-content\/uploads\/2025\/06\/canicule_136560.jpg","type":"image\/jpeg"}],"author":"Mohamed Hedi Touati","twitter_card":"summary_large_image","twitter_creator":"@webdo_tn","twitter_site":"@webdo_tn","twitter_misc":{"\u00c9crit par":"Mohamed Hedi Touati","Dur\u00e9e de lecture estim\u00e9e":"2 minutes"},"schema":{"@context":"https:\/\/schema.org","@graph":[{"@type":"NewsArticle","@id":"https:\/\/www.webdo.tn\/fr\/actualite\/national\/tunisie-meteo-orages-et-temperatures-jusqua-42c-ce-lundi\/381597\/#article","isPartOf":{"@id":"https:\/\/www.webdo.tn\/fr\/actualite\/national\/tunisie-meteo-orages-et-temperatures-jusqua-42c-ce-lundi\/381597\/"},"author":{"name":"Mohamed Hedi Touati","@id":"https:\/\/www.webdo.tn\/fr\/#\/schema\/person\/c652cd8fc2b1b44412b5ffb48c5a911d"},"headline":"Tunisie &#8211; M\u00e9t\u00e9o : Orages et temp\u00e9ratures jusqu\u2019\u00e0 42\u00b0C ce lundi","datePublished":"2025-08-18T07:41:52+00:00","dateModified":"2025-08-18T09:59:41+00:00","mainEntityOfPage":{"@id":"https:\/\/www.webdo.tn\/fr\/actualite\/national\/tunisie-meteo-orages-et-temperatures-jusqua-42c-ce-lundi\/381597\/"},"wordCount":248,"commentCount":0,"publisher":{"@id":"https:\/\/www.webdo.tn\/fr\/#organization"},"image":{"@id":"https:\/\/www.webdo.tn\/fr\/actualite\/national\/tunisie-meteo-orages-et-temperatures-jusqua-42c-ce-lundi\/381597\/#primaryimage"},"thumbnailUrl":"https:\/\/www.webdo.tn\/fr\/wp-content\/uploads\/2025\/06\/canicule_136560.jpg","keywords":["Canicule","chaleur","mer agit\u00e9e","m\u00e9t\u00e9o","Orages","Tunisie"],"articleSection":["National"],"inLanguage":"fr-FR"},{"@type":"WebPage","@id":"https:\/\/www.webdo.tn\/fr\/actualite\/national\/tunisie-meteo-orages-et-temperatures-jusqua-42c-ce-lundi\/381597\/","url":"https:\/\/www.webdo.tn\/fr\/actualite\/national\/tunisie-meteo-orages-et-temperatures-jusqua-42c-ce-lundi\/381597\/","name":"Tunisie - M\u00e9t\u00e9o : Orages et temp\u00e9ratures jusqu\u2019\u00e0 42\u00b0C ce lundi - webdo","isPartOf":{"@id":"https:\/\/www.webdo.tn\/fr\/#website"},"primaryImageOfPage":{"@id":"https:\/\/www.webdo.tn\/fr\/actualite\/national\/tunisie-meteo-orages-et-temperatures-jusqua-42c-ce-lundi\/381597\/#primaryimage"},"image":{"@id":"https:\/\/www.webdo.tn\/fr\/actualite\/national\/tunisie-meteo-orages-et-temperatures-jusqua-42c-ce-lundi\/381597\/#primaryimage"},"thumbnailUrl":"https:\/\/www.webdo.tn\/fr\/wp-content\/uploads\/2025\/06\/canicule_136560.jpg","datePublished":"2025-08-18T07:41:52+00:00","dateModified":"2025-08-18T09:59:41+00:00","description":"D\u00e9couvrez les orages et temp\u00e9ratures jusqu\u2019\u00e0 42\u00b0C. Pr\u00e9parez-vous pour des conditions m\u00e9t\u00e9orologiques changeantes aujourd'hui.","breadcrumb":{"@id":"https:\/\/www.webdo.tn\/fr\/actualite\/national\/tunisie-meteo-orages-et-temperatures-jusqua-42c-ce-lundi\/381597\/#breadcrumb"},"inLanguage":"fr-FR","potentialAction":[{"@type":"ReadAction","target":["https:\/\/www.webdo.tn\/fr\/actualite\/national\/tunisie-meteo-orages-et-temperatures-jusqua-42c-ce-lundi\/381597\/"]}]},{"@type":"ImageObject","inLanguage":"fr-FR","@id":"https:\/\/www.webdo.tn\/fr\/actualite\/national\/tunisie-meteo-orages-et-temperatures-jusqua-42c-ce-lundi\/381597\/#primaryimage","url":"https:\/\/www.webdo.tn\/fr\/wp-content\/uploads\/2025\/06\/canicule_136560.jpg","contentUrl":"https:\/\/www.webdo.tn\/fr\/wp-content\/uploads\/2025\/06\/canicule_136560.jpg","width":312,"height":200,"caption":"Tunisie - M\u00e9t\u00e9o : Orages et temp\u00e9ratures jusqu\u2019\u00e0 42\u00b0C ce lundi"},{"@type":"BreadcrumbList","@id":"https:\/\/www.webdo.tn\/fr\/actualite\/national\/tunisie-meteo-orages-et-temperatures-jusqua-42c-ce-lundi\/381597\/#breadcrumb","itemListElement":[{"@type":"ListItem","position":1,"name":"Accueil","item":"https:\/\/www.webdo.tn\/fr\/"},{"@type":"ListItem","position":2,"name":"Tunisie &#8211; M\u00e9t\u00e9o : Orages et temp\u00e9ratures jusqu\u2019\u00e0 42\u00b0C ce lundi"}]},{"@type":"WebSite","@id":"https:\/\/www.webdo.tn\/fr\/#website","url":"https:\/\/www.webdo.tn\/fr\/","name":"webdo","description":"Tunisie - News en Tunisie et \u00e0 l&#039;international sur Webdo.tn","publisher":{"@id":"https:\/\/www.webdo.tn\/fr\/#organization"},"potentialAction":[{"@type":"SearchAction","target":{"@type":"EntryPoint","urlTemplate":"https:\/\/www.webdo.tn\/fr\/?s={search_term_string}"},"query-input":{"@type":"PropertyValueSpecification","valueRequired":true,"valueName":"search_term_string"}}],"inLanguage":"fr-FR"},{"@type":"Organization","@id":"https:\/\/www.webdo.tn\/fr\/#organization","name":"Webdo","alternateName":"Webdo.tn","url":"https:\/\/www.webdo.tn\/fr\/","logo":{"@type":"ImageObject","inLanguage":"fr-FR","@id":"https:\/\/www.webdo.tn\/fr\/#\/schema\/logo\/image\/","url":"https:\/\/www.webdo.tn\/fr\/wp-content\/uploads\/2025\/06\/Webdo-Tunisie_168377.jpg","contentUrl":"https:\/\/www.webdo.tn\/fr\/wp-content\/uploads\/2025\/06\/Webdo-Tunisie_168377.jpg","width":301,"height":301,"caption":"Webdo"},"image":{"@id":"https:\/\/www.webdo.tn\/fr\/#\/schema\/logo\/image\/"},"sameAs":["https:\/\/www.facebook.com\/webdotn","https:\/\/x.com\/webdo_tn"],"description":"Webdo est un m\u00e9dia num\u00e9rique tunisien fond\u00e9 en 2010, sp\u00e9cialis\u00e9 dans l\u2019actualit\u00e9 nationale et internationale, l\u2019\u00e9conomie, la soci\u00e9t\u00e9 et les analyses politiques. Le site s\u2019adresse \u00e0 un large public francophone et couvre l\u2019information tunisienne en temps r\u00e9el.","email":"redac@webdo.tn","legalName":"YNJ SARL","foundingDate":"2010-09-06","numberOfEmployees":{"@type":"QuantitativeValue","minValue":"11","maxValue":"50"}},{"@type":"Person","@id":"https:\/\/www.webdo.tn\/fr\/#\/schema\/person\/c652cd8fc2b1b44412b5ffb48c5a911d","name":"Mohamed Hedi Touati","image":{"@type":"ImageObject","inLanguage":"fr-FR","@id":"https:\/\/secure.gravatar.com\/avatar\/9cfd402c745b7a685f13eed0ea6e59d2144a3c2fc50a3db6fd5ed451f6cddf1a?s=96&d=mm&r=g","url":"https:\/\/secure.gravatar.com\/avatar\/9cfd402c745b7a685f13eed0ea6e59d2144a3c2fc50a3db6fd5ed451f6cddf1a?s=96&d=mm&r=g","contentUrl":"https:\/\/secure.gravatar.com\/avatar\/9cfd402c745b7a685f13eed0ea6e59d2144a3c2fc50a3db6fd5ed451f6cddf1a?s=96&d=mm&r=g","caption":"Mohamed Hedi Touati"},"url":"https:\/\/www.webdo.tn\/fr\/actualite\/author\/mohamed-hedi-touati\/"}]}},"_links":{"self":[{"href":"https:\/\/www.webdo.tn\/fr\/wp-json\/wp\/v2\/posts\/381597","targetHints":{"allow":["GET"]}}],"collection":[{"href":"https:\/\/www.webdo.tn\/fr\/wp-json\/wp\/v2\/posts"}],"about":[{"href":"https:\/\/www.webdo.tn\/fr\/wp-json\/wp\/v2\/types\/post"}],"author":[{"embeddable":true,"href":"https:\/\/www.webdo.tn\/fr\/wp-json\/wp\/v2\/users\/3191"}],"replies":[{"embeddable":true,"href":"https:\/\/www.webdo.tn\/fr\/wp-json\/wp\/v2\/comments?post=381597"}],"version-history":[{"count":0,"href":"https:\/\/www.webdo.tn\/fr\/wp-json\/wp\/v2\/posts\/381597\/revisions"}],"wp:featuredmedia":[{"embeddable":true,"href":"https:\/\/www.webdo.tn\/fr\/wp-json\/wp\/v2\/media\/367764"}],"wp:attachment":[{"href":"https:\/\/www.webdo.tn\/fr\/wp-json\/wp\/v2\/media?parent=381597"}],"wp:term":[{"taxonomy":"category","embeddable":true,"href":"https:\/\/www.webdo.tn\/fr\/wp-json\/wp\/v2\/categories?post=381597"},{"taxonomy":"post_tag","embeddable":true,"href":"https:\/\/www.webdo.tn\/fr\/wp-json\/wp\/v2\/tags?post=381597"}],"curies":[{"name":"wp","href":"https:\/\/api.w.org\/{rel}","templated":true}]}}