{"id":381586,"date":"2025-08-17T12:26:30","date_gmt":"2025-08-17T11:26:30","guid":{"rendered":"https:\/\/www.webdo.tn\/fr\/?p=381586"},"modified":"2025-08-17T12:26:37","modified_gmt":"2025-08-17T11:26:37","slug":"greve-des-bacs-vers-djerba-les-automobilistes-invites-a-emprunter-un-itineraire-alternatif","status":"publish","type":"post","link":"https:\/\/www.webdo.tn\/fr\/actualite\/national\/greve-des-bacs-vers-djerba-les-automobilistes-invites-a-emprunter-un-itineraire-alternatif\/381586\/","title":{"rendered":"Gr\u00e8ve des bacs vers Djerba : les automobilistes invit\u00e9s \u00e0 emprunter un itin\u00e9raire alternatif"},"content":{"rendered":"\n<p><strong>Une gr\u00e8ve des agents des bateaux-navettes risque de perturber la circulation vers et depuis l\u2019\u00eele de Djerba. Le mouvement d\u00e9butera dimanche 17 ao\u00fbt \u00e0 minuit et se terminera mardi 19 ao\u00fbt \u00e0 minuit. Tous les services des bacs sont concern\u00e9s, sauf les interventions urgentes, selon l\u2019Union r\u00e9gionale du travail de M\u00e9denine.<\/strong><\/p>\n\n\n\n<p>Pour \u00e9viter les d\u00e9sagr\u00e9ments, le minist\u00e8re de l\u2019\u00c9quipement et de l\u2019Habitat recommande un itin\u00e9raire alternatif. Les conducteurs doivent prendre l\u2019autoroute jusqu\u2019au diffuseur de l\u2019entr\u00e9e de M\u00e9denine, puis suivre la route nationale n\u00b01 en direction de Zarzis. Ensuite, ils peuvent rejoindre Djerba via la route r\u00e9gionale n\u00b0117, connue sous le nom de \u00ab route romaine \u00bb qui traverse le pont.<\/p>\n\n\n\n<p>Les autorit\u00e9s exhortent les usagers \u00e0 anticiper leurs d\u00e9placements et \u00e0 suivre les itin\u00e9raires conseill\u00e9s. Elles insistent sur la vigilance pour limiter les encombrements aux points de passage habituels pendant la gr\u00e8ve.<\/p>\n\n\n\n<figure class=\"wp-block-image size-large\"><img decoding=\"async\" width=\"1024\" height=\"654\" src=\"https:\/\/www.webdo.tn\/fr\/wp-content\/uploads\/2025\/08\/532773564_1189511156536117_8979076662840758672_n-1024x654.jpg\" alt=\"\" class=\"wp-image-381587\" srcset=\"https:\/\/www.webdo.tn\/fr\/wp-content\/uploads\/2025\/08\/532773564_1189511156536117_8979076662840758672_n-1024x654.jpg 1024w, https:\/\/www.webdo.tn\/fr\/wp-content\/uploads\/2025\/08\/532773564_1189511156536117_8979076662840758672_n-300x192.jpg 300w, https:\/\/www.webdo.tn\/fr\/wp-content\/uploads\/2025\/08\/532773564_1189511156536117_8979076662840758672_n-768x491.jpg 768w, https:\/\/www.webdo.tn\/fr\/wp-content\/uploads\/2025\/08\/532773564_1189511156536117_8979076662840758672_n-750x479.jpg 750w, https:\/\/www.webdo.tn\/fr\/wp-content\/uploads\/2025\/08\/532773564_1189511156536117_8979076662840758672_n.jpg 1080w\" sizes=\"(max-width: 1024px) 100vw, 1024px\" \/><\/figure>\n","protected":false},"excerpt":{"rendered":"<p>Une gr\u00e8ve des agents des bateaux-navettes risque de perturber la circulation vers et depuis l\u2019\u00eele de Djerba. Le mouvement d\u00e9butera dimanche 17 ao\u00fbt \u00e0 minuit et se terminera mardi 19 ao\u00fbt \u00e0 minuit. Tous les services des bacs sont concern\u00e9s, sauf les interventions urgentes, selon l\u2019Union r\u00e9gionale du travail de M\u00e9denine. Pour \u00e9viter les d\u00e9sagr\u00e9ments, [&hellip;]<\/p>\n","protected":false},"author":4782,"featured_media":309830,"comment_status":"open","ping_status":"open","sticky":false,"template":"","format":"standard","meta":{"footnotes":""},"categories":[44,2595],"tags":[12439,3696,2608],"class_list":["post-381586","post","type-post","status-publish","format-standard","has-post-thumbnail","hentry","category-national","category-regions","tag-bacs","tag-djerba","tag-tunisie"],"yoast_head":"<!-- This site is optimized with the Yoast SEO Premium plugin v27.5 (Yoast SEO v27.5) - https:\/\/yoast.com\/product\/yoast-seo-premium-wordpress\/ -->\n<title>Gr\u00e8ve des bacs vers Djerba : les automobilistes invit\u00e9s \u00e0 emprunter un itin\u00e9raire alternatif - webdo<\/title>\n<meta name=\"description\" content=\"La gr\u00e8ve bacs Djerba impactera la circulation. Suivez les conseils du minist\u00e8re pour des d\u00e9placements sans encombre.\" \/>\n<link rel=\"canonical\" href=\"https:\/\/www.webdo.tn\/fr\/actualite\/national\/greve-des-bacs-vers-djerba-les-automobilistes-invites-a-emprunter-un-itineraire-alternatif\/381586\/\" \/>\n<meta property=\"og:locale\" content=\"fr_FR\" \/>\n<meta property=\"og:type\" content=\"article\" \/>\n<meta property=\"og:title\" content=\"Gr\u00e8ve des bacs vers Djerba : les automobilistes invit\u00e9s \u00e0 emprunter un itin\u00e9raire alternatif\" \/>\n<meta property=\"og:description\" content=\"La gr\u00e8ve bacs Djerba impactera la circulation. Suivez les conseils du minist\u00e8re pour des d\u00e9placements sans encombre.\" \/>\n<meta property=\"og:url\" content=\"https:\/\/www.webdo.tn\/fr\/actualite\/national\/greve-des-bacs-vers-djerba-les-automobilistes-invites-a-emprunter-un-itineraire-alternatif\/381586\/\" \/>\n<meta property=\"og:site_name\" content=\"webdo\" \/>\n<meta property=\"article:publisher\" content=\"https:\/\/www.facebook.com\/webdotn\" \/>\n<meta property=\"article:published_time\" content=\"2025-08-17T11:26:30+00:00\" \/>\n<meta property=\"article:modified_time\" content=\"2025-08-17T11:26:37+00:00\" \/>\n<meta property=\"og:image\" content=\"https:\/\/www.webdo.tn\/fr\/wp-content\/uploads\/2017\/06\/bac.jpg\" \/>\n\t<meta property=\"og:image:width\" content=\"500\" \/>\n\t<meta property=\"og:image:height\" content=\"333\" \/>\n\t<meta property=\"og:image:type\" content=\"image\/jpeg\" \/>\n<meta name=\"author\" content=\"Mohamed Fethi\" \/>\n<meta name=\"twitter:card\" content=\"summary_large_image\" \/>\n<meta name=\"twitter:creator\" content=\"@webdo_tn\" \/>\n<meta name=\"twitter:site\" content=\"@webdo_tn\" \/>\n<meta name=\"twitter:label1\" content=\"\u00c9crit par\" \/>\n\t<meta name=\"twitter:data1\" content=\"Mohamed Fethi\" \/>\n\t<meta name=\"twitter:label2\" content=\"Dur\u00e9e de lecture estim\u00e9e\" \/>\n\t<meta name=\"twitter:data2\" content=\"2 minutes\" \/>\n<script type=\"application\/ld+json\" class=\"yoast-schema-graph\">{\"@context\":\"https:\\\/\\\/schema.org\",\"@graph\":[{\"@type\":\"NewsArticle\",\"@id\":\"https:\\\/\\\/www.webdo.tn\\\/fr\\\/actualite\\\/national\\\/greve-des-bacs-vers-djerba-les-automobilistes-invites-a-emprunter-un-itineraire-alternatif\\\/381586\\\/#article\",\"isPartOf\":{\"@id\":\"https:\\\/\\\/www.webdo.tn\\\/fr\\\/actualite\\\/national\\\/greve-des-bacs-vers-djerba-les-automobilistes-invites-a-emprunter-un-itineraire-alternatif\\\/381586\\\/\"},\"author\":{\"name\":\"Mohamed Fethi\",\"@id\":\"https:\\\/\\\/www.webdo.tn\\\/fr\\\/#\\\/schema\\\/person\\\/16a4857e77dfc0b610c4c2cadffc9ac4\"},\"headline\":\"Gr\u00e8ve des bacs vers Djerba : les automobilistes invit\u00e9s \u00e0 emprunter un itin\u00e9raire alternatif\",\"datePublished\":\"2025-08-17T11:26:30+00:00\",\"dateModified\":\"2025-08-17T11:26:37+00:00\",\"mainEntityOfPage\":{\"@id\":\"https:\\\/\\\/www.webdo.tn\\\/fr\\\/actualite\\\/national\\\/greve-des-bacs-vers-djerba-les-automobilistes-invites-a-emprunter-un-itineraire-alternatif\\\/381586\\\/\"},\"wordCount\":175,\"commentCount\":0,\"publisher\":{\"@id\":\"https:\\\/\\\/www.webdo.tn\\\/fr\\\/#organization\"},\"image\":{\"@id\":\"https:\\\/\\\/www.webdo.tn\\\/fr\\\/actualite\\\/national\\\/greve-des-bacs-vers-djerba-les-automobilistes-invites-a-emprunter-un-itineraire-alternatif\\\/381586\\\/#primaryimage\"},\"thumbnailUrl\":\"https:\\\/\\\/www.webdo.tn\\\/fr\\\/wp-content\\\/uploads\\\/2017\\\/06\\\/bac.jpg\",\"keywords\":[\"bacs\",\"djerba\",\"Tunisie\"],\"articleSection\":[\"National\",\"regions\"],\"inLanguage\":\"fr-FR\"},{\"@type\":\"WebPage\",\"@id\":\"https:\\\/\\\/www.webdo.tn\\\/fr\\\/actualite\\\/national\\\/greve-des-bacs-vers-djerba-les-automobilistes-invites-a-emprunter-un-itineraire-alternatif\\\/381586\\\/\",\"url\":\"https:\\\/\\\/www.webdo.tn\\\/fr\\\/actualite\\\/national\\\/greve-des-bacs-vers-djerba-les-automobilistes-invites-a-emprunter-un-itineraire-alternatif\\\/381586\\\/\",\"name\":\"Gr\u00e8ve des bacs vers Djerba : les automobilistes invit\u00e9s \u00e0 emprunter un itin\u00e9raire alternatif - webdo\",\"isPartOf\":{\"@id\":\"https:\\\/\\\/www.webdo.tn\\\/fr\\\/#website\"},\"primaryImageOfPage\":{\"@id\":\"https:\\\/\\\/www.webdo.tn\\\/fr\\\/actualite\\\/national\\\/greve-des-bacs-vers-djerba-les-automobilistes-invites-a-emprunter-un-itineraire-alternatif\\\/381586\\\/#primaryimage\"},\"image\":{\"@id\":\"https:\\\/\\\/www.webdo.tn\\\/fr\\\/actualite\\\/national\\\/greve-des-bacs-vers-djerba-les-automobilistes-invites-a-emprunter-un-itineraire-alternatif\\\/381586\\\/#primaryimage\"},\"thumbnailUrl\":\"https:\\\/\\\/www.webdo.tn\\\/fr\\\/wp-content\\\/uploads\\\/2017\\\/06\\\/bac.jpg\",\"datePublished\":\"2025-08-17T11:26:30+00:00\",\"dateModified\":\"2025-08-17T11:26:37+00:00\",\"description\":\"La gr\u00e8ve bacs Djerba impactera la circulation. Suivez les conseils du minist\u00e8re pour des d\u00e9placements sans encombre.\",\"breadcrumb\":{\"@id\":\"https:\\\/\\\/www.webdo.tn\\\/fr\\\/actualite\\\/national\\\/greve-des-bacs-vers-djerba-les-automobilistes-invites-a-emprunter-un-itineraire-alternatif\\\/381586\\\/#breadcrumb\"},\"inLanguage\":\"fr-FR\",\"potentialAction\":[{\"@type\":\"ReadAction\",\"target\":[\"https:\\\/\\\/www.webdo.tn\\\/fr\\\/actualite\\\/national\\\/greve-des-bacs-vers-djerba-les-automobilistes-invites-a-emprunter-un-itineraire-alternatif\\\/381586\\\/\"]}]},{\"@type\":\"ImageObject\",\"inLanguage\":\"fr-FR\",\"@id\":\"https:\\\/\\\/www.webdo.tn\\\/fr\\\/actualite\\\/national\\\/greve-des-bacs-vers-djerba-les-automobilistes-invites-a-emprunter-un-itineraire-alternatif\\\/381586\\\/#primaryimage\",\"url\":\"https:\\\/\\\/www.webdo.tn\\\/fr\\\/wp-content\\\/uploads\\\/2017\\\/06\\\/bac.jpg\",\"contentUrl\":\"https:\\\/\\\/www.webdo.tn\\\/fr\\\/wp-content\\\/uploads\\\/2017\\\/06\\\/bac.jpg\",\"width\":500,\"height\":333,\"caption\":\"Les agents des bacs de Djerba en gr\u00e8ve pour r\u00e9clamer des primes\"},{\"@type\":\"BreadcrumbList\",\"@id\":\"https:\\\/\\\/www.webdo.tn\\\/fr\\\/actualite\\\/national\\\/greve-des-bacs-vers-djerba-les-automobilistes-invites-a-emprunter-un-itineraire-alternatif\\\/381586\\\/#breadcrumb\",\"itemListElement\":[{\"@type\":\"ListItem\",\"position\":1,\"name\":\"Accueil\",\"item\":\"https:\\\/\\\/www.webdo.tn\\\/fr\\\/\"},{\"@type\":\"ListItem\",\"position\":2,\"name\":\"Gr\u00e8ve des bacs vers Djerba : les automobilistes invit\u00e9s \u00e0 emprunter un itin\u00e9raire alternatif\"}]},{\"@type\":\"WebSite\",\"@id\":\"https:\\\/\\\/www.webdo.tn\\\/fr\\\/#website\",\"url\":\"https:\\\/\\\/www.webdo.tn\\\/fr\\\/\",\"name\":\"webdo\",\"description\":\"Tunisie - News en Tunisie et \u00e0 l&#039;international sur Webdo.tn\",\"publisher\":{\"@id\":\"https:\\\/\\\/www.webdo.tn\\\/fr\\\/#organization\"},\"potentialAction\":[{\"@type\":\"SearchAction\",\"target\":{\"@type\":\"EntryPoint\",\"urlTemplate\":\"https:\\\/\\\/www.webdo.tn\\\/fr\\\/?s={search_term_string}\"},\"query-input\":{\"@type\":\"PropertyValueSpecification\",\"valueRequired\":true,\"valueName\":\"search_term_string\"}}],\"inLanguage\":\"fr-FR\"},{\"@type\":\"Organization\",\"@id\":\"https:\\\/\\\/www.webdo.tn\\\/fr\\\/#organization\",\"name\":\"Webdo\",\"alternateName\":\"Webdo.tn\",\"url\":\"https:\\\/\\\/www.webdo.tn\\\/fr\\\/\",\"logo\":{\"@type\":\"ImageObject\",\"inLanguage\":\"fr-FR\",\"@id\":\"https:\\\/\\\/www.webdo.tn\\\/fr\\\/#\\\/schema\\\/logo\\\/image\\\/\",\"url\":\"https:\\\/\\\/www.webdo.tn\\\/fr\\\/wp-content\\\/uploads\\\/2025\\\/06\\\/Webdo-Tunisie_168377.jpg\",\"contentUrl\":\"https:\\\/\\\/www.webdo.tn\\\/fr\\\/wp-content\\\/uploads\\\/2025\\\/06\\\/Webdo-Tunisie_168377.jpg\",\"width\":301,\"height\":301,\"caption\":\"Webdo\"},\"image\":{\"@id\":\"https:\\\/\\\/www.webdo.tn\\\/fr\\\/#\\\/schema\\\/logo\\\/image\\\/\"},\"sameAs\":[\"https:\\\/\\\/www.facebook.com\\\/webdotn\",\"https:\\\/\\\/x.com\\\/webdo_tn\"],\"description\":\"Webdo est un m\u00e9dia num\u00e9rique tunisien fond\u00e9 en 2010, sp\u00e9cialis\u00e9 dans l\u2019actualit\u00e9 nationale et internationale, l\u2019\u00e9conomie, la soci\u00e9t\u00e9 et les analyses politiques. Le site s\u2019adresse \u00e0 un large public francophone et couvre l\u2019information tunisienne en temps r\u00e9el.\",\"email\":\"redac@webdo.tn\",\"legalName\":\"YNJ SARL\",\"foundingDate\":\"2010-09-06\",\"numberOfEmployees\":{\"@type\":\"QuantitativeValue\",\"minValue\":\"11\",\"maxValue\":\"50\"}},{\"@type\":\"Person\",\"@id\":\"https:\\\/\\\/www.webdo.tn\\\/fr\\\/#\\\/schema\\\/person\\\/16a4857e77dfc0b610c4c2cadffc9ac4\",\"name\":\"Mohamed Fethi\",\"image\":{\"@type\":\"ImageObject\",\"inLanguage\":\"fr-FR\",\"@id\":\"https:\\\/\\\/www.webdo.tn\\\/fr\\\/wp-content\\\/uploads\\\/2026\\\/04\\\/mohamed-fethi_avatar_1-96x96.jpg\",\"url\":\"https:\\\/\\\/www.webdo.tn\\\/fr\\\/wp-content\\\/uploads\\\/2026\\\/04\\\/mohamed-fethi_avatar_1-96x96.jpg\",\"contentUrl\":\"https:\\\/\\\/www.webdo.tn\\\/fr\\\/wp-content\\\/uploads\\\/2026\\\/04\\\/mohamed-fethi_avatar_1-96x96.jpg\",\"caption\":\"Mohamed Fethi\"},\"description\":\"Signature \u00e9ditoriale de Maher Chaabane Mohamed Fethi est le pseudonyme \u00e9ditorial de Maher Chaabane, r\u00e9dacteur en chef de Webdo.tn depuis 2012. Cette signature est d\u00e9di\u00e9e au traitement intensif de l'actualit\u00e9 nationale et internationale en temps r\u00e9el. S'appuyant sur les deux d\u00e9cennies d'expertise journalistique de Maher Chaabane \u2014 d\u00e9but\u00e9e au sein du groupe Tunis Hebdo en 2000 \u2014 Mohamed Fethi assure une veille rigoureuse sur les enjeux politiques, \u00e9conomiques et sportifs. Sa mission est de garantir une information structur\u00e9e, fluide et fid\u00e8le aux standards de la r\u00e9daction. Pour consulter le parcours complet du r\u00e9dacteur en chef, visitez le profil officiel de Maher Chaabane.\",\"knowsAbout\":[\"actualit\u00e9\",\"journalisme\",\"information\",\"politique\",\"sport\",\"m\u00e9dias\",\"actualit\u00e9 internationale\"],\"knowsLanguage\":[\"Fran\u00e7ais\",\"Arabe\"],\"jobTitle\":\"Journaliste \u2013 R\u00e9daction Webdo\",\"worksFor\":\"Webdo.tn\",\"url\":\"https:\\\/\\\/www.webdo.tn\\\/fr\\\/actualite\\\/author\\\/mohamed-fethi\\\/\"}]}<\/script>\n<!-- \/ Yoast SEO Premium plugin. -->","yoast_head_json":{"title":"Gr\u00e8ve des bacs vers Djerba : les automobilistes invit\u00e9s \u00e0 emprunter un itin\u00e9raire alternatif - webdo","description":"La gr\u00e8ve bacs Djerba impactera la circulation. Suivez les conseils du minist\u00e8re pour des d\u00e9placements sans encombre.","canonical":"https:\/\/www.webdo.tn\/fr\/actualite\/national\/greve-des-bacs-vers-djerba-les-automobilistes-invites-a-emprunter-un-itineraire-alternatif\/381586\/","og_locale":"fr_FR","og_type":"article","og_title":"Gr\u00e8ve des bacs vers Djerba : les automobilistes invit\u00e9s \u00e0 emprunter un itin\u00e9raire alternatif","og_description":"La gr\u00e8ve bacs Djerba impactera la circulation. Suivez les conseils du minist\u00e8re pour des d\u00e9placements sans encombre.","og_url":"https:\/\/www.webdo.tn\/fr\/actualite\/national\/greve-des-bacs-vers-djerba-les-automobilistes-invites-a-emprunter-un-itineraire-alternatif\/381586\/","og_site_name":"webdo","article_publisher":"https:\/\/www.facebook.com\/webdotn","article_published_time":"2025-08-17T11:26:30+00:00","article_modified_time":"2025-08-17T11:26:37+00:00","og_image":[{"width":500,"height":333,"url":"https:\/\/www.webdo.tn\/fr\/wp-content\/uploads\/2017\/06\/bac.jpg","type":"image\/jpeg"}],"author":"Mohamed Fethi","twitter_card":"summary_large_image","twitter_creator":"@webdo_tn","twitter_site":"@webdo_tn","twitter_misc":{"\u00c9crit par":"Mohamed Fethi","Dur\u00e9e de lecture estim\u00e9e":"2 minutes"},"schema":{"@context":"https:\/\/schema.org","@graph":[{"@type":"NewsArticle","@id":"https:\/\/www.webdo.tn\/fr\/actualite\/national\/greve-des-bacs-vers-djerba-les-automobilistes-invites-a-emprunter-un-itineraire-alternatif\/381586\/#article","isPartOf":{"@id":"https:\/\/www.webdo.tn\/fr\/actualite\/national\/greve-des-bacs-vers-djerba-les-automobilistes-invites-a-emprunter-un-itineraire-alternatif\/381586\/"},"author":{"name":"Mohamed Fethi","@id":"https:\/\/www.webdo.tn\/fr\/#\/schema\/person\/16a4857e77dfc0b610c4c2cadffc9ac4"},"headline":"Gr\u00e8ve des bacs vers Djerba : les automobilistes invit\u00e9s \u00e0 emprunter un itin\u00e9raire alternatif","datePublished":"2025-08-17T11:26:30+00:00","dateModified":"2025-08-17T11:26:37+00:00","mainEntityOfPage":{"@id":"https:\/\/www.webdo.tn\/fr\/actualite\/national\/greve-des-bacs-vers-djerba-les-automobilistes-invites-a-emprunter-un-itineraire-alternatif\/381586\/"},"wordCount":175,"commentCount":0,"publisher":{"@id":"https:\/\/www.webdo.tn\/fr\/#organization"},"image":{"@id":"https:\/\/www.webdo.tn\/fr\/actualite\/national\/greve-des-bacs-vers-djerba-les-automobilistes-invites-a-emprunter-un-itineraire-alternatif\/381586\/#primaryimage"},"thumbnailUrl":"https:\/\/www.webdo.tn\/fr\/wp-content\/uploads\/2017\/06\/bac.jpg","keywords":["bacs","djerba","Tunisie"],"articleSection":["National","regions"],"inLanguage":"fr-FR"},{"@type":"WebPage","@id":"https:\/\/www.webdo.tn\/fr\/actualite\/national\/greve-des-bacs-vers-djerba-les-automobilistes-invites-a-emprunter-un-itineraire-alternatif\/381586\/","url":"https:\/\/www.webdo.tn\/fr\/actualite\/national\/greve-des-bacs-vers-djerba-les-automobilistes-invites-a-emprunter-un-itineraire-alternatif\/381586\/","name":"Gr\u00e8ve des bacs vers Djerba : les automobilistes invit\u00e9s \u00e0 emprunter un itin\u00e9raire alternatif - webdo","isPartOf":{"@id":"https:\/\/www.webdo.tn\/fr\/#website"},"primaryImageOfPage":{"@id":"https:\/\/www.webdo.tn\/fr\/actualite\/national\/greve-des-bacs-vers-djerba-les-automobilistes-invites-a-emprunter-un-itineraire-alternatif\/381586\/#primaryimage"},"image":{"@id":"https:\/\/www.webdo.tn\/fr\/actualite\/national\/greve-des-bacs-vers-djerba-les-automobilistes-invites-a-emprunter-un-itineraire-alternatif\/381586\/#primaryimage"},"thumbnailUrl":"https:\/\/www.webdo.tn\/fr\/wp-content\/uploads\/2017\/06\/bac.jpg","datePublished":"2025-08-17T11:26:30+00:00","dateModified":"2025-08-17T11:26:37+00:00","description":"La gr\u00e8ve bacs Djerba impactera la circulation. Suivez les conseils du minist\u00e8re pour des d\u00e9placements sans encombre.","breadcrumb":{"@id":"https:\/\/www.webdo.tn\/fr\/actualite\/national\/greve-des-bacs-vers-djerba-les-automobilistes-invites-a-emprunter-un-itineraire-alternatif\/381586\/#breadcrumb"},"inLanguage":"fr-FR","potentialAction":[{"@type":"ReadAction","target":["https:\/\/www.webdo.tn\/fr\/actualite\/national\/greve-des-bacs-vers-djerba-les-automobilistes-invites-a-emprunter-un-itineraire-alternatif\/381586\/"]}]},{"@type":"ImageObject","inLanguage":"fr-FR","@id":"https:\/\/www.webdo.tn\/fr\/actualite\/national\/greve-des-bacs-vers-djerba-les-automobilistes-invites-a-emprunter-un-itineraire-alternatif\/381586\/#primaryimage","url":"https:\/\/www.webdo.tn\/fr\/wp-content\/uploads\/2017\/06\/bac.jpg","contentUrl":"https:\/\/www.webdo.tn\/fr\/wp-content\/uploads\/2017\/06\/bac.jpg","width":500,"height":333,"caption":"Les agents des bacs de Djerba en gr\u00e8ve pour r\u00e9clamer des primes"},{"@type":"BreadcrumbList","@id":"https:\/\/www.webdo.tn\/fr\/actualite\/national\/greve-des-bacs-vers-djerba-les-automobilistes-invites-a-emprunter-un-itineraire-alternatif\/381586\/#breadcrumb","itemListElement":[{"@type":"ListItem","position":1,"name":"Accueil","item":"https:\/\/www.webdo.tn\/fr\/"},{"@type":"ListItem","position":2,"name":"Gr\u00e8ve des bacs vers Djerba : les automobilistes invit\u00e9s \u00e0 emprunter un itin\u00e9raire alternatif"}]},{"@type":"WebSite","@id":"https:\/\/www.webdo.tn\/fr\/#website","url":"https:\/\/www.webdo.tn\/fr\/","name":"webdo","description":"Tunisie - News en Tunisie et \u00e0 l&#039;international sur Webdo.tn","publisher":{"@id":"https:\/\/www.webdo.tn\/fr\/#organization"},"potentialAction":[{"@type":"SearchAction","target":{"@type":"EntryPoint","urlTemplate":"https:\/\/www.webdo.tn\/fr\/?s={search_term_string}"},"query-input":{"@type":"PropertyValueSpecification","valueRequired":true,"valueName":"search_term_string"}}],"inLanguage":"fr-FR"},{"@type":"Organization","@id":"https:\/\/www.webdo.tn\/fr\/#organization","name":"Webdo","alternateName":"Webdo.tn","url":"https:\/\/www.webdo.tn\/fr\/","logo":{"@type":"ImageObject","inLanguage":"fr-FR","@id":"https:\/\/www.webdo.tn\/fr\/#\/schema\/logo\/image\/","url":"https:\/\/www.webdo.tn\/fr\/wp-content\/uploads\/2025\/06\/Webdo-Tunisie_168377.jpg","contentUrl":"https:\/\/www.webdo.tn\/fr\/wp-content\/uploads\/2025\/06\/Webdo-Tunisie_168377.jpg","width":301,"height":301,"caption":"Webdo"},"image":{"@id":"https:\/\/www.webdo.tn\/fr\/#\/schema\/logo\/image\/"},"sameAs":["https:\/\/www.facebook.com\/webdotn","https:\/\/x.com\/webdo_tn"],"description":"Webdo est un m\u00e9dia num\u00e9rique tunisien fond\u00e9 en 2010, sp\u00e9cialis\u00e9 dans l\u2019actualit\u00e9 nationale et internationale, l\u2019\u00e9conomie, la soci\u00e9t\u00e9 et les analyses politiques. Le site s\u2019adresse \u00e0 un large public francophone et couvre l\u2019information tunisienne en temps r\u00e9el.","email":"redac@webdo.tn","legalName":"YNJ SARL","foundingDate":"2010-09-06","numberOfEmployees":{"@type":"QuantitativeValue","minValue":"11","maxValue":"50"}},{"@type":"Person","@id":"https:\/\/www.webdo.tn\/fr\/#\/schema\/person\/16a4857e77dfc0b610c4c2cadffc9ac4","name":"Mohamed Fethi","image":{"@type":"ImageObject","inLanguage":"fr-FR","@id":"https:\/\/www.webdo.tn\/fr\/wp-content\/uploads\/2026\/04\/mohamed-fethi_avatar_1-96x96.jpg","url":"https:\/\/www.webdo.tn\/fr\/wp-content\/uploads\/2026\/04\/mohamed-fethi_avatar_1-96x96.jpg","contentUrl":"https:\/\/www.webdo.tn\/fr\/wp-content\/uploads\/2026\/04\/mohamed-fethi_avatar_1-96x96.jpg","caption":"Mohamed Fethi"},"description":"Signature \u00e9ditoriale de Maher Chaabane Mohamed Fethi est le pseudonyme \u00e9ditorial de Maher Chaabane, r\u00e9dacteur en chef de Webdo.tn depuis 2012. Cette signature est d\u00e9di\u00e9e au traitement intensif de l'actualit\u00e9 nationale et internationale en temps r\u00e9el. S'appuyant sur les deux d\u00e9cennies d'expertise journalistique de Maher Chaabane \u2014 d\u00e9but\u00e9e au sein du groupe Tunis Hebdo en 2000 \u2014 Mohamed Fethi assure une veille rigoureuse sur les enjeux politiques, \u00e9conomiques et sportifs. Sa mission est de garantir une information structur\u00e9e, fluide et fid\u00e8le aux standards de la r\u00e9daction. Pour consulter le parcours complet du r\u00e9dacteur en chef, visitez le profil officiel de Maher Chaabane.","knowsAbout":["actualit\u00e9","journalisme","information","politique","sport","m\u00e9dias","actualit\u00e9 internationale"],"knowsLanguage":["Fran\u00e7ais","Arabe"],"jobTitle":"Journaliste \u2013 R\u00e9daction Webdo","worksFor":"Webdo.tn","url":"https:\/\/www.webdo.tn\/fr\/actualite\/author\/mohamed-fethi\/"}]}},"_links":{"self":[{"href":"https:\/\/www.webdo.tn\/fr\/wp-json\/wp\/v2\/posts\/381586","targetHints":{"allow":["GET"]}}],"collection":[{"href":"https:\/\/www.webdo.tn\/fr\/wp-json\/wp\/v2\/posts"}],"about":[{"href":"https:\/\/www.webdo.tn\/fr\/wp-json\/wp\/v2\/types\/post"}],"author":[{"embeddable":true,"href":"https:\/\/www.webdo.tn\/fr\/wp-json\/wp\/v2\/users\/4782"}],"replies":[{"embeddable":true,"href":"https:\/\/www.webdo.tn\/fr\/wp-json\/wp\/v2\/comments?post=381586"}],"version-history":[{"count":0,"href":"https:\/\/www.webdo.tn\/fr\/wp-json\/wp\/v2\/posts\/381586\/revisions"}],"wp:featuredmedia":[{"embeddable":true,"href":"https:\/\/www.webdo.tn\/fr\/wp-json\/wp\/v2\/media\/309830"}],"wp:attachment":[{"href":"https:\/\/www.webdo.tn\/fr\/wp-json\/wp\/v2\/media?parent=381586"}],"wp:term":[{"taxonomy":"category","embeddable":true,"href":"https:\/\/www.webdo.tn\/fr\/wp-json\/wp\/v2\/categories?post=381586"},{"taxonomy":"post_tag","embeddable":true,"href":"https:\/\/www.webdo.tn\/fr\/wp-json\/wp\/v2\/tags?post=381586"}],"curies":[{"name":"wp","href":"https:\/\/api.w.org\/{rel}","templated":true}]}}