{"id":381567,"date":"2025-08-17T09:44:06","date_gmt":"2025-08-17T08:44:06","guid":{"rendered":"https:\/\/www.webdo.tn\/fr\/?p=381567"},"modified":"2025-08-17T09:44:15","modified_gmt":"2025-08-17T08:44:15","slug":"meteo-orages-attendus-sur-plusieurs-regions","status":"publish","type":"post","link":"https:\/\/www.webdo.tn\/fr\/actualite\/national\/meteo-orages-attendus-sur-plusieurs-regions\/381567\/","title":{"rendered":"M\u00e9t\u00e9o : orages attendus sur plusieurs r\u00e9gions"},"content":{"rendered":"\n<p><strong>L\u2019Institut National de la m\u00e9t\u00e9orologie annonce pour ce dimanche 17 ao\u00fbt un ciel variable avec des nuages passagers sur l\u2019ensemble du pays. L\u2019apr\u00e8s-midi, ces nuages deviendront plus denses sur le nord et les r\u00e9gions de l\u2019est. Des cellules orageuses pourront alors se former et donner des pluies parfois abondantes. Par endroits, il n\u2019est pas exclu que la gr\u00eale accompagne ces averses.<\/strong><\/p>\n\n\n\n<p>Le vent soufflera de l\u2019ouest sur le nord et le centre, et de l\u2019est sur le sud. Il restera g\u00e9n\u00e9ralement mod\u00e9r\u00e9, mais se renforcera pr\u00e8s des c\u00f4tes nord puis dans le golfe de Gab\u00e8s en fin de journ\u00e9e. Lors des orages, des rafales pourront d\u00e9passer les 70 km\/h.<\/p>\n\n\n\n<p>La mer sera agit\u00e9e au nord, parfois tr\u00e8s agit\u00e9e. Sur les autres c\u00f4tes, elle restera peu agit\u00e9e avant de devenir agit\u00e9e dans le golfe de Gab\u00e8s.<\/p>\n\n\n\n<p>Les temp\u00e9ratures maximales varieront entre 29 et 35 \u00b0C sur les r\u00e9gions c\u00f4ti\u00e8res et les hauteurs. A l\u2019int\u00e9rieur du pays, elles atteindront 36 \u00e0 40 \u00b0C.<\/p>\n\n\n\n<p><strong>Lire aussi <\/strong>: <a href=\"https:\/\/www.webdo.tn\/fr\/actualite\/national\/tempete-a-alexandrie-fin-mai-un-avertissement-climatique-pour-la-tunisie\/222312\/\">Temp\u00eate \u00e0 Alexandrie fin mai : un avertissement climatique pour la Tunisie<\/a><\/p>\n\n\n\n<p><\/p>\n","protected":false},"excerpt":{"rendered":"<p>L\u2019Institut National de la m\u00e9t\u00e9orologie annonce pour ce dimanche 17 ao\u00fbt un ciel variable avec des nuages passagers sur l\u2019ensemble du pays. L\u2019apr\u00e8s-midi, ces nuages deviendront plus denses sur le nord et les r\u00e9gions de l\u2019est. Des cellules orageuses pourront alors se former et donner des pluies parfois abondantes. Par endroits, il n\u2019est pas exclu [&hellip;]<\/p>\n","protected":false},"author":4782,"featured_media":349003,"comment_status":"open","ping_status":"open","sticky":false,"template":"","format":"standard","meta":{"footnotes":""},"categories":[44,2595],"tags":[2670,2671,2608],"class_list":["post-381567","post","type-post","status-publish","format-standard","has-post-thumbnail","hentry","category-national","category-regions","tag-meteo","tag-pluie","tag-tunisie"],"yoast_head":"<!-- This site is optimized with the Yoast SEO Premium plugin v27.4 (Yoast SEO v27.4) - https:\/\/yoast.com\/product\/yoast-seo-premium-wordpress\/ -->\n<title>M\u00e9t\u00e9o : orages attendus sur plusieurs r\u00e9gions - webdo<\/title>\n<meta name=\"description\" content=\"D\u00e9couvrez les pr\u00e9visions m\u00e9t\u00e9o en Tunisie pour le dimanche 17 ao\u00fbt: ciel variable et risques d&#039;orages avec averses.\" \/>\n<link rel=\"canonical\" href=\"https:\/\/www.webdo.tn\/fr\/actualite\/national\/meteo-orages-attendus-sur-plusieurs-regions\/381567\/\" \/>\n<meta property=\"og:locale\" content=\"fr_FR\" \/>\n<meta property=\"og:type\" content=\"article\" \/>\n<meta property=\"og:title\" content=\"M\u00e9t\u00e9o : orages attendus sur plusieurs r\u00e9gions\" \/>\n<meta property=\"og:description\" content=\"D\u00e9couvrez les pr\u00e9visions m\u00e9t\u00e9o en Tunisie pour le dimanche 17 ao\u00fbt: ciel variable et risques d&#039;orages avec averses.\" \/>\n<meta property=\"og:url\" content=\"https:\/\/www.webdo.tn\/fr\/actualite\/national\/meteo-orages-attendus-sur-plusieurs-regions\/381567\/\" \/>\n<meta property=\"og:site_name\" content=\"webdo\" \/>\n<meta property=\"article:publisher\" content=\"https:\/\/www.facebook.com\/webdotn\" \/>\n<meta property=\"article:published_time\" content=\"2025-08-17T08:44:06+00:00\" \/>\n<meta property=\"article:modified_time\" content=\"2025-08-17T08:44:15+00:00\" \/>\n<meta property=\"og:image\" content=\"https:\/\/www.webdo.tn\/fr\/wp-content\/uploads\/2022\/08\/pluie.jpg\" \/>\n\t<meta property=\"og:image:width\" content=\"1820\" \/>\n\t<meta property=\"og:image:height\" content=\"1137\" \/>\n\t<meta property=\"og:image:type\" content=\"image\/jpeg\" \/>\n<meta name=\"author\" content=\"Mohamed Fethi\" \/>\n<meta name=\"twitter:card\" content=\"summary_large_image\" \/>\n<meta name=\"twitter:creator\" content=\"@webdo_tn\" \/>\n<meta name=\"twitter:site\" content=\"@webdo_tn\" \/>\n<meta name=\"twitter:label1\" content=\"\u00c9crit par\" \/>\n\t<meta name=\"twitter:data1\" content=\"Mohamed Fethi\" \/>\n\t<meta name=\"twitter:label2\" content=\"Dur\u00e9e de lecture estim\u00e9e\" \/>\n\t<meta name=\"twitter:data2\" content=\"2 minutes\" \/>\n<script type=\"application\/ld+json\" class=\"yoast-schema-graph\">{\"@context\":\"https:\\\/\\\/schema.org\",\"@graph\":[{\"@type\":\"NewsArticle\",\"@id\":\"https:\\\/\\\/www.webdo.tn\\\/fr\\\/actualite\\\/national\\\/meteo-orages-attendus-sur-plusieurs-regions\\\/381567\\\/#article\",\"isPartOf\":{\"@id\":\"https:\\\/\\\/www.webdo.tn\\\/fr\\\/actualite\\\/national\\\/meteo-orages-attendus-sur-plusieurs-regions\\\/381567\\\/\"},\"author\":{\"name\":\"Mohamed Fethi\",\"@id\":\"https:\\\/\\\/www.webdo.tn\\\/fr\\\/#\\\/schema\\\/person\\\/16a4857e77dfc0b610c4c2cadffc9ac4\"},\"headline\":\"M\u00e9t\u00e9o : orages attendus sur plusieurs r\u00e9gions\",\"datePublished\":\"2025-08-17T08:44:06+00:00\",\"dateModified\":\"2025-08-17T08:44:15+00:00\",\"mainEntityOfPage\":{\"@id\":\"https:\\\/\\\/www.webdo.tn\\\/fr\\\/actualite\\\/national\\\/meteo-orages-attendus-sur-plusieurs-regions\\\/381567\\\/\"},\"wordCount\":211,\"commentCount\":0,\"publisher\":{\"@id\":\"https:\\\/\\\/www.webdo.tn\\\/fr\\\/#organization\"},\"image\":{\"@id\":\"https:\\\/\\\/www.webdo.tn\\\/fr\\\/actualite\\\/national\\\/meteo-orages-attendus-sur-plusieurs-regions\\\/381567\\\/#primaryimage\"},\"thumbnailUrl\":\"https:\\\/\\\/www.webdo.tn\\\/fr\\\/wp-content\\\/uploads\\\/2022\\\/08\\\/pluie.jpg\",\"keywords\":[\"m\u00e9t\u00e9o\",\"Pluie\",\"Tunisie\"],\"articleSection\":[\"National\",\"regions\"],\"inLanguage\":\"fr-FR\"},{\"@type\":\"WebPage\",\"@id\":\"https:\\\/\\\/www.webdo.tn\\\/fr\\\/actualite\\\/national\\\/meteo-orages-attendus-sur-plusieurs-regions\\\/381567\\\/\",\"url\":\"https:\\\/\\\/www.webdo.tn\\\/fr\\\/actualite\\\/national\\\/meteo-orages-attendus-sur-plusieurs-regions\\\/381567\\\/\",\"name\":\"M\u00e9t\u00e9o : orages attendus sur plusieurs r\u00e9gions - webdo\",\"isPartOf\":{\"@id\":\"https:\\\/\\\/www.webdo.tn\\\/fr\\\/#website\"},\"primaryImageOfPage\":{\"@id\":\"https:\\\/\\\/www.webdo.tn\\\/fr\\\/actualite\\\/national\\\/meteo-orages-attendus-sur-plusieurs-regions\\\/381567\\\/#primaryimage\"},\"image\":{\"@id\":\"https:\\\/\\\/www.webdo.tn\\\/fr\\\/actualite\\\/national\\\/meteo-orages-attendus-sur-plusieurs-regions\\\/381567\\\/#primaryimage\"},\"thumbnailUrl\":\"https:\\\/\\\/www.webdo.tn\\\/fr\\\/wp-content\\\/uploads\\\/2022\\\/08\\\/pluie.jpg\",\"datePublished\":\"2025-08-17T08:44:06+00:00\",\"dateModified\":\"2025-08-17T08:44:15+00:00\",\"description\":\"D\u00e9couvrez les pr\u00e9visions m\u00e9t\u00e9o en Tunisie pour le dimanche 17 ao\u00fbt: ciel variable et risques d'orages avec averses.\",\"breadcrumb\":{\"@id\":\"https:\\\/\\\/www.webdo.tn\\\/fr\\\/actualite\\\/national\\\/meteo-orages-attendus-sur-plusieurs-regions\\\/381567\\\/#breadcrumb\"},\"inLanguage\":\"fr-FR\",\"potentialAction\":[{\"@type\":\"ReadAction\",\"target\":[\"https:\\\/\\\/www.webdo.tn\\\/fr\\\/actualite\\\/national\\\/meteo-orages-attendus-sur-plusieurs-regions\\\/381567\\\/\"]}]},{\"@type\":\"ImageObject\",\"inLanguage\":\"fr-FR\",\"@id\":\"https:\\\/\\\/www.webdo.tn\\\/fr\\\/actualite\\\/national\\\/meteo-orages-attendus-sur-plusieurs-regions\\\/381567\\\/#primaryimage\",\"url\":\"https:\\\/\\\/www.webdo.tn\\\/fr\\\/wp-content\\\/uploads\\\/2022\\\/08\\\/pluie.jpg\",\"contentUrl\":\"https:\\\/\\\/www.webdo.tn\\\/fr\\\/wp-content\\\/uploads\\\/2022\\\/08\\\/pluie.jpg\",\"width\":1820,\"height\":1137,\"caption\":\"Tunisie - M\u00e9t\u00e9o : Pluies orageuses au sud et d\u00e9gradation attendue sur le nord\"},{\"@type\":\"BreadcrumbList\",\"@id\":\"https:\\\/\\\/www.webdo.tn\\\/fr\\\/actualite\\\/national\\\/meteo-orages-attendus-sur-plusieurs-regions\\\/381567\\\/#breadcrumb\",\"itemListElement\":[{\"@type\":\"ListItem\",\"position\":1,\"name\":\"Accueil\",\"item\":\"https:\\\/\\\/www.webdo.tn\\\/fr\\\/\"},{\"@type\":\"ListItem\",\"position\":2,\"name\":\"M\u00e9t\u00e9o : orages attendus sur plusieurs r\u00e9gions\"}]},{\"@type\":\"WebSite\",\"@id\":\"https:\\\/\\\/www.webdo.tn\\\/fr\\\/#website\",\"url\":\"https:\\\/\\\/www.webdo.tn\\\/fr\\\/\",\"name\":\"webdo\",\"description\":\"Tunisie - News en Tunisie et \u00e0 l&#039;international sur Webdo.tn\",\"publisher\":{\"@id\":\"https:\\\/\\\/www.webdo.tn\\\/fr\\\/#organization\"},\"potentialAction\":[{\"@type\":\"SearchAction\",\"target\":{\"@type\":\"EntryPoint\",\"urlTemplate\":\"https:\\\/\\\/www.webdo.tn\\\/fr\\\/?s={search_term_string}\"},\"query-input\":{\"@type\":\"PropertyValueSpecification\",\"valueRequired\":true,\"valueName\":\"search_term_string\"}}],\"inLanguage\":\"fr-FR\"},{\"@type\":\"Organization\",\"@id\":\"https:\\\/\\\/www.webdo.tn\\\/fr\\\/#organization\",\"name\":\"Webdo\",\"alternateName\":\"Webdo.tn\",\"url\":\"https:\\\/\\\/www.webdo.tn\\\/fr\\\/\",\"logo\":{\"@type\":\"ImageObject\",\"inLanguage\":\"fr-FR\",\"@id\":\"https:\\\/\\\/www.webdo.tn\\\/fr\\\/#\\\/schema\\\/logo\\\/image\\\/\",\"url\":\"https:\\\/\\\/www.webdo.tn\\\/fr\\\/wp-content\\\/uploads\\\/2025\\\/06\\\/Webdo-Tunisie_168377.jpg\",\"contentUrl\":\"https:\\\/\\\/www.webdo.tn\\\/fr\\\/wp-content\\\/uploads\\\/2025\\\/06\\\/Webdo-Tunisie_168377.jpg\",\"width\":301,\"height\":301,\"caption\":\"Webdo\"},\"image\":{\"@id\":\"https:\\\/\\\/www.webdo.tn\\\/fr\\\/#\\\/schema\\\/logo\\\/image\\\/\"},\"sameAs\":[\"https:\\\/\\\/www.facebook.com\\\/webdotn\",\"https:\\\/\\\/x.com\\\/webdo_tn\"],\"description\":\"Webdo est un m\u00e9dia num\u00e9rique tunisien fond\u00e9 en 2010, sp\u00e9cialis\u00e9 dans l\u2019actualit\u00e9 nationale et internationale, l\u2019\u00e9conomie, la soci\u00e9t\u00e9 et les analyses politiques. Le site s\u2019adresse \u00e0 un large public francophone et couvre l\u2019information tunisienne en temps r\u00e9el.\",\"email\":\"redac@webdo.tn\",\"legalName\":\"YNJ SARL\",\"foundingDate\":\"2010-09-06\",\"numberOfEmployees\":{\"@type\":\"QuantitativeValue\",\"minValue\":\"11\",\"maxValue\":\"50\"}},{\"@type\":\"Person\",\"@id\":\"https:\\\/\\\/www.webdo.tn\\\/fr\\\/#\\\/schema\\\/person\\\/16a4857e77dfc0b610c4c2cadffc9ac4\",\"name\":\"Mohamed Fethi\",\"image\":{\"@type\":\"ImageObject\",\"inLanguage\":\"fr-FR\",\"@id\":\"https:\\\/\\\/www.webdo.tn\\\/fr\\\/wp-content\\\/uploads\\\/2026\\\/04\\\/mohamed-fethi_avatar_1-96x96.jpg\",\"url\":\"https:\\\/\\\/www.webdo.tn\\\/fr\\\/wp-content\\\/uploads\\\/2026\\\/04\\\/mohamed-fethi_avatar_1-96x96.jpg\",\"contentUrl\":\"https:\\\/\\\/www.webdo.tn\\\/fr\\\/wp-content\\\/uploads\\\/2026\\\/04\\\/mohamed-fethi_avatar_1-96x96.jpg\",\"caption\":\"Mohamed Fethi\"},\"description\":\"Signature \u00e9ditoriale de Maher Chaabane Mohamed Fethi est le pseudonyme \u00e9ditorial de Maher Chaabane, r\u00e9dacteur en chef de Webdo.tn depuis 2012. Cette signature est d\u00e9di\u00e9e au traitement intensif de l'actualit\u00e9 nationale et internationale en temps r\u00e9el. S'appuyant sur les deux d\u00e9cennies d'expertise journalistique de Maher Chaabane \u2014 d\u00e9but\u00e9e au sein du groupe Tunis Hebdo en 2000 \u2014 Mohamed Fethi assure une veille rigoureuse sur les enjeux politiques, \u00e9conomiques et sportifs. Sa mission est de garantir une information structur\u00e9e, fluide et fid\u00e8le aux standards de la r\u00e9daction. Pour consulter le parcours complet du r\u00e9dacteur en chef, visitez le profil officiel de Maher Chaabane.\",\"knowsAbout\":[\"actualit\u00e9\",\"journalisme\",\"information\",\"politique\",\"sport\",\"m\u00e9dias\",\"actualit\u00e9 internationale\"],\"knowsLanguage\":[\"Fran\u00e7ais\",\"Arabe\"],\"jobTitle\":\"Journaliste \u2013 R\u00e9daction Webdo\",\"worksFor\":\"Webdo.tn\",\"url\":\"https:\\\/\\\/www.webdo.tn\\\/fr\\\/actualite\\\/author\\\/mohamed-fethi\\\/\"}]}<\/script>\n<!-- \/ Yoast SEO Premium plugin. -->","yoast_head_json":{"title":"M\u00e9t\u00e9o : orages attendus sur plusieurs r\u00e9gions - webdo","description":"D\u00e9couvrez les pr\u00e9visions m\u00e9t\u00e9o en Tunisie pour le dimanche 17 ao\u00fbt: ciel variable et risques d'orages avec averses.","canonical":"https:\/\/www.webdo.tn\/fr\/actualite\/national\/meteo-orages-attendus-sur-plusieurs-regions\/381567\/","og_locale":"fr_FR","og_type":"article","og_title":"M\u00e9t\u00e9o : orages attendus sur plusieurs r\u00e9gions","og_description":"D\u00e9couvrez les pr\u00e9visions m\u00e9t\u00e9o en Tunisie pour le dimanche 17 ao\u00fbt: ciel variable et risques d'orages avec averses.","og_url":"https:\/\/www.webdo.tn\/fr\/actualite\/national\/meteo-orages-attendus-sur-plusieurs-regions\/381567\/","og_site_name":"webdo","article_publisher":"https:\/\/www.facebook.com\/webdotn","article_published_time":"2025-08-17T08:44:06+00:00","article_modified_time":"2025-08-17T08:44:15+00:00","og_image":[{"width":1820,"height":1137,"url":"https:\/\/www.webdo.tn\/fr\/wp-content\/uploads\/2022\/08\/pluie.jpg","type":"image\/jpeg"}],"author":"Mohamed Fethi","twitter_card":"summary_large_image","twitter_creator":"@webdo_tn","twitter_site":"@webdo_tn","twitter_misc":{"\u00c9crit par":"Mohamed Fethi","Dur\u00e9e de lecture estim\u00e9e":"2 minutes"},"schema":{"@context":"https:\/\/schema.org","@graph":[{"@type":"NewsArticle","@id":"https:\/\/www.webdo.tn\/fr\/actualite\/national\/meteo-orages-attendus-sur-plusieurs-regions\/381567\/#article","isPartOf":{"@id":"https:\/\/www.webdo.tn\/fr\/actualite\/national\/meteo-orages-attendus-sur-plusieurs-regions\/381567\/"},"author":{"name":"Mohamed Fethi","@id":"https:\/\/www.webdo.tn\/fr\/#\/schema\/person\/16a4857e77dfc0b610c4c2cadffc9ac4"},"headline":"M\u00e9t\u00e9o : orages attendus sur plusieurs r\u00e9gions","datePublished":"2025-08-17T08:44:06+00:00","dateModified":"2025-08-17T08:44:15+00:00","mainEntityOfPage":{"@id":"https:\/\/www.webdo.tn\/fr\/actualite\/national\/meteo-orages-attendus-sur-plusieurs-regions\/381567\/"},"wordCount":211,"commentCount":0,"publisher":{"@id":"https:\/\/www.webdo.tn\/fr\/#organization"},"image":{"@id":"https:\/\/www.webdo.tn\/fr\/actualite\/national\/meteo-orages-attendus-sur-plusieurs-regions\/381567\/#primaryimage"},"thumbnailUrl":"https:\/\/www.webdo.tn\/fr\/wp-content\/uploads\/2022\/08\/pluie.jpg","keywords":["m\u00e9t\u00e9o","Pluie","Tunisie"],"articleSection":["National","regions"],"inLanguage":"fr-FR"},{"@type":"WebPage","@id":"https:\/\/www.webdo.tn\/fr\/actualite\/national\/meteo-orages-attendus-sur-plusieurs-regions\/381567\/","url":"https:\/\/www.webdo.tn\/fr\/actualite\/national\/meteo-orages-attendus-sur-plusieurs-regions\/381567\/","name":"M\u00e9t\u00e9o : orages attendus sur plusieurs r\u00e9gions - webdo","isPartOf":{"@id":"https:\/\/www.webdo.tn\/fr\/#website"},"primaryImageOfPage":{"@id":"https:\/\/www.webdo.tn\/fr\/actualite\/national\/meteo-orages-attendus-sur-plusieurs-regions\/381567\/#primaryimage"},"image":{"@id":"https:\/\/www.webdo.tn\/fr\/actualite\/national\/meteo-orages-attendus-sur-plusieurs-regions\/381567\/#primaryimage"},"thumbnailUrl":"https:\/\/www.webdo.tn\/fr\/wp-content\/uploads\/2022\/08\/pluie.jpg","datePublished":"2025-08-17T08:44:06+00:00","dateModified":"2025-08-17T08:44:15+00:00","description":"D\u00e9couvrez les pr\u00e9visions m\u00e9t\u00e9o en Tunisie pour le dimanche 17 ao\u00fbt: ciel variable et risques d'orages avec averses.","breadcrumb":{"@id":"https:\/\/www.webdo.tn\/fr\/actualite\/national\/meteo-orages-attendus-sur-plusieurs-regions\/381567\/#breadcrumb"},"inLanguage":"fr-FR","potentialAction":[{"@type":"ReadAction","target":["https:\/\/www.webdo.tn\/fr\/actualite\/national\/meteo-orages-attendus-sur-plusieurs-regions\/381567\/"]}]},{"@type":"ImageObject","inLanguage":"fr-FR","@id":"https:\/\/www.webdo.tn\/fr\/actualite\/national\/meteo-orages-attendus-sur-plusieurs-regions\/381567\/#primaryimage","url":"https:\/\/www.webdo.tn\/fr\/wp-content\/uploads\/2022\/08\/pluie.jpg","contentUrl":"https:\/\/www.webdo.tn\/fr\/wp-content\/uploads\/2022\/08\/pluie.jpg","width":1820,"height":1137,"caption":"Tunisie - M\u00e9t\u00e9o : Pluies orageuses au sud et d\u00e9gradation attendue sur le nord"},{"@type":"BreadcrumbList","@id":"https:\/\/www.webdo.tn\/fr\/actualite\/national\/meteo-orages-attendus-sur-plusieurs-regions\/381567\/#breadcrumb","itemListElement":[{"@type":"ListItem","position":1,"name":"Accueil","item":"https:\/\/www.webdo.tn\/fr\/"},{"@type":"ListItem","position":2,"name":"M\u00e9t\u00e9o : orages attendus sur plusieurs r\u00e9gions"}]},{"@type":"WebSite","@id":"https:\/\/www.webdo.tn\/fr\/#website","url":"https:\/\/www.webdo.tn\/fr\/","name":"webdo","description":"Tunisie - News en Tunisie et \u00e0 l&#039;international sur Webdo.tn","publisher":{"@id":"https:\/\/www.webdo.tn\/fr\/#organization"},"potentialAction":[{"@type":"SearchAction","target":{"@type":"EntryPoint","urlTemplate":"https:\/\/www.webdo.tn\/fr\/?s={search_term_string}"},"query-input":{"@type":"PropertyValueSpecification","valueRequired":true,"valueName":"search_term_string"}}],"inLanguage":"fr-FR"},{"@type":"Organization","@id":"https:\/\/www.webdo.tn\/fr\/#organization","name":"Webdo","alternateName":"Webdo.tn","url":"https:\/\/www.webdo.tn\/fr\/","logo":{"@type":"ImageObject","inLanguage":"fr-FR","@id":"https:\/\/www.webdo.tn\/fr\/#\/schema\/logo\/image\/","url":"https:\/\/www.webdo.tn\/fr\/wp-content\/uploads\/2025\/06\/Webdo-Tunisie_168377.jpg","contentUrl":"https:\/\/www.webdo.tn\/fr\/wp-content\/uploads\/2025\/06\/Webdo-Tunisie_168377.jpg","width":301,"height":301,"caption":"Webdo"},"image":{"@id":"https:\/\/www.webdo.tn\/fr\/#\/schema\/logo\/image\/"},"sameAs":["https:\/\/www.facebook.com\/webdotn","https:\/\/x.com\/webdo_tn"],"description":"Webdo est un m\u00e9dia num\u00e9rique tunisien fond\u00e9 en 2010, sp\u00e9cialis\u00e9 dans l\u2019actualit\u00e9 nationale et internationale, l\u2019\u00e9conomie, la soci\u00e9t\u00e9 et les analyses politiques. Le site s\u2019adresse \u00e0 un large public francophone et couvre l\u2019information tunisienne en temps r\u00e9el.","email":"redac@webdo.tn","legalName":"YNJ SARL","foundingDate":"2010-09-06","numberOfEmployees":{"@type":"QuantitativeValue","minValue":"11","maxValue":"50"}},{"@type":"Person","@id":"https:\/\/www.webdo.tn\/fr\/#\/schema\/person\/16a4857e77dfc0b610c4c2cadffc9ac4","name":"Mohamed Fethi","image":{"@type":"ImageObject","inLanguage":"fr-FR","@id":"https:\/\/www.webdo.tn\/fr\/wp-content\/uploads\/2026\/04\/mohamed-fethi_avatar_1-96x96.jpg","url":"https:\/\/www.webdo.tn\/fr\/wp-content\/uploads\/2026\/04\/mohamed-fethi_avatar_1-96x96.jpg","contentUrl":"https:\/\/www.webdo.tn\/fr\/wp-content\/uploads\/2026\/04\/mohamed-fethi_avatar_1-96x96.jpg","caption":"Mohamed Fethi"},"description":"Signature \u00e9ditoriale de Maher Chaabane Mohamed Fethi est le pseudonyme \u00e9ditorial de Maher Chaabane, r\u00e9dacteur en chef de Webdo.tn depuis 2012. Cette signature est d\u00e9di\u00e9e au traitement intensif de l'actualit\u00e9 nationale et internationale en temps r\u00e9el. S'appuyant sur les deux d\u00e9cennies d'expertise journalistique de Maher Chaabane \u2014 d\u00e9but\u00e9e au sein du groupe Tunis Hebdo en 2000 \u2014 Mohamed Fethi assure une veille rigoureuse sur les enjeux politiques, \u00e9conomiques et sportifs. Sa mission est de garantir une information structur\u00e9e, fluide et fid\u00e8le aux standards de la r\u00e9daction. Pour consulter le parcours complet du r\u00e9dacteur en chef, visitez le profil officiel de Maher Chaabane.","knowsAbout":["actualit\u00e9","journalisme","information","politique","sport","m\u00e9dias","actualit\u00e9 internationale"],"knowsLanguage":["Fran\u00e7ais","Arabe"],"jobTitle":"Journaliste \u2013 R\u00e9daction Webdo","worksFor":"Webdo.tn","url":"https:\/\/www.webdo.tn\/fr\/actualite\/author\/mohamed-fethi\/"}]}},"_links":{"self":[{"href":"https:\/\/www.webdo.tn\/fr\/wp-json\/wp\/v2\/posts\/381567","targetHints":{"allow":["GET"]}}],"collection":[{"href":"https:\/\/www.webdo.tn\/fr\/wp-json\/wp\/v2\/posts"}],"about":[{"href":"https:\/\/www.webdo.tn\/fr\/wp-json\/wp\/v2\/types\/post"}],"author":[{"embeddable":true,"href":"https:\/\/www.webdo.tn\/fr\/wp-json\/wp\/v2\/users\/4782"}],"replies":[{"embeddable":true,"href":"https:\/\/www.webdo.tn\/fr\/wp-json\/wp\/v2\/comments?post=381567"}],"version-history":[{"count":0,"href":"https:\/\/www.webdo.tn\/fr\/wp-json\/wp\/v2\/posts\/381567\/revisions"}],"wp:featuredmedia":[{"embeddable":true,"href":"https:\/\/www.webdo.tn\/fr\/wp-json\/wp\/v2\/media\/349003"}],"wp:attachment":[{"href":"https:\/\/www.webdo.tn\/fr\/wp-json\/wp\/v2\/media?parent=381567"}],"wp:term":[{"taxonomy":"category","embeddable":true,"href":"https:\/\/www.webdo.tn\/fr\/wp-json\/wp\/v2\/categories?post=381567"},{"taxonomy":"post_tag","embeddable":true,"href":"https:\/\/www.webdo.tn\/fr\/wp-json\/wp\/v2\/tags?post=381567"}],"curies":[{"name":"wp","href":"https:\/\/api.w.org\/{rel}","templated":true}]}}