{"id":381532,"date":"2025-08-16T09:00:05","date_gmt":"2025-08-16T08:00:05","guid":{"rendered":"https:\/\/www.webdo.tn\/fr\/?p=381532"},"modified":"2025-08-16T09:53:46","modified_gmt":"2025-08-16T08:53:46","slug":"lhomelie-de-larcheveque-de-tunis-avant-la-procession-de-la-madone-de-la-goulette","status":"publish","type":"post","link":"https:\/\/www.webdo.tn\/fr\/actualite\/chroniques\/lhomelie-de-larcheveque-de-tunis-avant-la-procession-de-la-madone-de-la-goulette\/381532\/","title":{"rendered":"L&rsquo;hom\u00e9lie de l&rsquo;archev\u00eaque de Tunis, avant la procession de la Madone de la Goulette\u00a0"},"content":{"rendered":"<p><strong>Au-del\u00e0 du caract\u00e8re religieux de la c\u00e9l\u00e9bration de l\u2019Assomption, la procession de Notre-Dame de Trapani qui se d\u00e9roule \u00e0 la Goulette, est un \u00e9v\u00e9nement culturel de premi\u00e8re importance. Cette procession souligne en effet la convivialit\u00e9 tunisienne et nos traditions plurielles dans la diversit\u00e9 m\u00e9diterran\u00e9enne.<br \/>Hier, vendredi 15 ao\u00fbt \u00e0 la Goulette, \u00e0 cette occasion annuelle, Monseigneur Nicolas Lhernould, archev\u00eaque de Tunis, a mis en exergue \u00a0\u00bb le signe d\u2019une humanit\u00e9 fraternelle portant dans l\u2019esp\u00e9rance la gravit\u00e9 du monde \u00ab\u00a0.<br \/>Nous vous invitons \u00e0 lire le texte complet de l&rsquo;hom\u00e9lie qu&rsquo;il a prononc\u00e9e hier en l&rsquo;\u00e9glise de la Goulette.<\/strong><\/p>\n\n\n<p>Mesdames et Messieurs en vos comp\u00e9tences et qualit\u00e9s, Chers fr\u00e8res et s\u0153urs et chers amis, de toutes nationalit\u00e9s et de toutes confessions, Vous qui \u00eates dans l\u2019\u00e9glise, sur la place, le parvis, ou qui participez \u00e0 cette c\u00e9r\u00e9monie par les moyens de retransmission num\u00e9riques, permettez-moi de vous souhaiter la bienvenue, et de vous remercier pour votre pr\u00e9sence si nombreuse \u00e0 l\u2019occasion de cette f\u00eate du 15 ao\u00fbt ; de souhaiter aussi une tr\u00e8s bonne f\u00eate, de mani\u00e8re particuli\u00e8re, \u00e0 celles et ceux qui portent le beau pr\u00e9nom de Marie.<\/p>\n\n\n\n<p>Nous c\u00e9l\u00e9brons aujourd\u2019hui l\u2019Assomption de la Vierge Marie, qui, dans l\u2019int\u00e9grit\u00e9 de son \u00eatre, fut \u00e9lev\u00e9e au Ciel sans avoir connu la d\u00e9gradation du tombeau. Tr\u00e8s t\u00f4t dans l\u2019histoire les chr\u00e9tiens eurent l\u2019intuition qu\u2019ayant mis au monde le Verbe de Dieu, \u00e9ternel et sans p\u00e9ch\u00e9, il fallait que Marie ait \u00e9t\u00e9 pr\u00e9serv\u00e9e elle aussi du p\u00e9ch\u00e9 par une gr\u00e2ce unique. Selon les Ecritures, la mort est le fruit du p\u00e9ch\u00e9 (cf. Rm 6,23). L\u00e0 o\u00f9 il n\u2019y a pas de p\u00e9ch\u00e9, il n\u2019y a pas de mort, sauf pour J\u00e9sus lui-m\u00eame, qui a choisi librement de mourir pour nous donner la vie. Comme aiment le dire nos fr\u00e8res et s\u0153urs orthodoxes, Marie, con\u00e7ue sans p\u00e9ch\u00e9, s\u2019est \u00ab endormie \u00bb \u00e0 la fin de sa vie terrestre sans conna\u00eetre la corruption, et fut \u00e9lev\u00e9e au Ciel, dans la vie m\u00eame de Dieu. <\/p>\n\n\n\n<p>Nous le disions l\u2019ann\u00e9e derni\u00e8re : l\u2019Assomption est la f\u00eate de la joie, celle de cette vie du Ciel qui ne finira pas. Une joie dans laquelle Marie nous pr\u00e9c\u00e8de. Une joie que nous sommes tous appel\u00e9s \u00e0 conna\u00eetre un jour. Une joie qui vient non pas du monde, mais de Dieu. L\u2019Assomption est la f\u00eate de la joie ; elle est aussi la f\u00eate de l\u2019esp\u00e9rance, le th\u00e8me de cette ann\u00e9e particuli\u00e8re o\u00f9 nous c\u00e9l\u00e9brons un jubil\u00e9 : l\u2019esp\u00e9rance d\u2019une terre nouvelle o\u00f9 \u00ab amour et v\u00e9rit\u00e9 se rencontrent \u00bb, o\u00f9 \u00ab justice et paix s\u2019embrassent \u00bb (cf. Ps 84,11) ; l\u2019esp\u00e9rance d\u2019une \u00e9ternit\u00e9 d\u00e9j\u00e0 commenc\u00e9e, que Dieu promet \u00e0 tous les peuples dans une communion qui ne finira pas (cf. Is 25,6-7).<\/p>\n\n\n\n<p>Cet horizon, pourtant, peut sembler bien lointain ! Ici m\u00eame, l\u2019an pass\u00e9, tous ensemble, nous avons implor\u00e9 Dieu pour que la paix revienne, \u00e0 Gaza, en Terre Sainte, et dans toutes les r\u00e9gions du monde meurtries par la violence. Un an apr\u00e8s, en bien des lieux, \u00e0 commencer par Gaza, la situation est pire, terrifiante, insupportable, au point que les mots manquent face au naufrage d\u2019humanit\u00e9 que la guerre entra\u00eene dans son sillage. <\/p>\n\n\n\n<p>La pri\u00e8re serait-elle vaine ? Esp\u00e9rer serait-il vain ? A quoi bon, dira-t-on, prier pour une paix qui semble s\u2019\u00e9loigner un peu plus chaque jour ? \u00ab Quand je crie, Dieu, r\u00e9ponds-moi, Dieu, ma justice ! Toi qui me lib\u00e8res dans la d\u00e9tresse, piti\u00e9 pour moi, \u00e9coute ma pri\u00e8re ! \u00bb (Ps 4,2) Seraient-elles inutiles ces paroles du psaume, inutile cet appel \u00e0 esp\u00e9rer envers et contre tout, malgr\u00e9 ce qui arrive ? <\/p>\n\n\n\n<p>Le m\u00eame psaume invite avec force \u00e0 la pers\u00e9v\u00e9rance : \u00ab Fils des hommes, dit le Seigneur, jusqu\u2019o\u00f9 irez-vous dans l\u2019insulte \u00e0 ma gloire, l\u2019amour du n\u00e9ant et la course au mensonge ? [\u2026] Faites confiance au Seigneur \u00bb (Ps 4,3.6).<\/p>\n\n\n\n<p>\u00ab La gloire de Dieu, c\u2019est l\u2019homme vivant \u00bb, disait saint Ir\u00e9n\u00e9e (Contre les H\u00e9r\u00e9sies, IV). L\u00e0 o\u00f9 l\u2019humanit\u00e9 meurt ou fait mourir dans la violence, la gloire de Dieu est pi\u00e9tin\u00e9e ; or cette gloire est sacr\u00e9e.<\/p>\n\n\n\n<p>La gloire de Dieu est pi\u00e9tin\u00e9e quand des \u00eatres humains tuent d\u2019autres \u00eatres humains, quelle qu\u2019en soit la raison, toujours contraire \u00e0 ce que Dieu d\u00e9sire. La gloire de Dieu est pi\u00e9tin\u00e9e quand des hommes, des femmes, des enfants sont bless\u00e9s, s\u00e9questr\u00e9s, affam\u00e9s, priv\u00e9s du n\u00e9cessaire pour tout simplement vivre. Elle est pi\u00e9tin\u00e9e quand les int\u00e9r\u00eats particuliers pr\u00e9valent sur le respect inconditionnel des personnes, toutes cr\u00e9\u00e9es \u00e0 son image et \u00e0 sa ressemblance, quand les droits des peuples sont bafou\u00e9s et que la volont\u00e9 de dominer l\u2019emporte sur la solidarit\u00e9, quand les morts restent sans s\u00e9pultures, les bless\u00e9s sans possibilit\u00e9s de soin, les enfants sans nourriture, les soci\u00e9t\u00e9s sans esp\u00e9rance. Elle est pi\u00e9tin\u00e9e chaque fois que la violence, l\u2019injustice et la haine d\u00e9figurent l\u2019humain, pourtant capable de tant de grandeur et de tant de beaut\u00e9.<\/p>\n\n\n\n<p>La violence conduit \u00e0 la violence. Elle n\u2019a pas le pouvoir de construire la paix. La pri\u00e8re, au contraire, parce qu\u2019elle proc\u00e8de de Dieu, qu\u2019elle est puissance de Dieu, \u00e9largit le sillon de la paix v\u00e9ritable. La violence d\u00e9figure ; la pri\u00e8re reconfigure. La violence d\u00e9truit ; la pri\u00e8re reconstruit. La violence divise ; la pri\u00e8re r\u00e9unit. La violence, f\u00e9brile, s\u2019impose dans la force ; la pri\u00e8re, confiante, avance d\u00e9sarm\u00e9e. La violence s\u00e9cr\u00e8te la vengeance ; la pri\u00e8re conduit au pardon. La violence prend l\u2019avenir en otage ; la pri\u00e8re le rend possible dans la concorde et dans la paix.<\/p>\n\n\n\n<p>Fr\u00e8res et s\u0153urs, chers amis, nous nous sentons souvent petits devant ce qui se passe, d\u00e9munis, parfois d\u00e9courag\u00e9s. Soyons de ceux et celles qui rendent l\u2019avenir possible. Notre pri\u00e8re commune, fervente et pers\u00e9v\u00e9rante, pr\u00e9pare le terrain des vraies reconstructions. Ayons le courage de croire en la promesse de Dieu : \u00ab Je connais les pens\u00e9es que je forme \u00e0 votre sujet, pens\u00e9es de paix et non de malheur, pour vous donner un avenir et une esp\u00e9rance \u00bb (Is 29,11). \u00ab Le loup habitera avec l\u2019agneau, le l\u00e9opard se couchera pr\u00e8s du chevreau, le veau et le lionceau seront nourris ensemble, un petit gar\u00e7on les conduira [\u2026] Il n\u2019y aura plus de mal ni de corruption sur toute ma montagne sainte ; car la connaissance du Seigneur remplira le pays comme les eaux recouvrent le fond des mers \u00bb (Is 11,6.9).<\/p>\n\n\n\n<p>Lors de la Journ\u00e9e Mondiale de la Paix, le 1er janvier 2002, le saint Pape Jean-Paul II pronon\u00e7ait ces paroles, qui restent br\u00fblantes d\u2019actualit\u00e9 (Message pour la Journ\u00e9e Mondiale de la Paix &#8211; 1er janvier 2002, n. 15) :<\/p>\n\n\n\n<p>\u00ab Il n\u2019y a pas de paix sans justice, il n\u2019y a pas de justice sans pardon : voil\u00e0 ce que je veux annoncer dans ce message aux croyants et aux non-croyants, aux hommes et aux femmes de bonne volont\u00e9, qui ont \u00e0 c\u0153ur le bien de la famille humaine et son avenir [\u2026]. \u00bb<\/p>\n\n\n\n<p>\u00ab Il n\u2019y a pas de paix sans justice, il n\u2019y a pas de justice sans pardon : voil\u00e0 ce que je veux rappeler \u00e0 ceux qui ont entre leurs mains le sort des communaut\u00e9s humaines, afin qu\u2019ils se laissent toujours guider, dans les choix graves et difficiles qu\u2019ils doivent faire, par la lumi\u00e8re du bien v\u00e9ritable de l\u2019homme, dans la perspective du bien commun [\u2026]. \u00bb<\/p>\n\n\n\n<p>\u00ab Il n\u2019y a pas de paix sans justice, il n\u2019y a pas de justice sans pardon : je ne me lasserai pas de r\u00e9p\u00e9ter cet avertissement \u00e0 ceux qui, pour un motif ou pour un autre, nourrissent en eux la haine, des d\u00e9sirs de vengeance, des instincts destructeurs. \u00bb<\/p>\n\n\n\n<p>\u00c0 ces paroles du pape, ajoutons qu\u2019il n\u2019y a pas de pardon possible sans courage de la v\u00e9rit\u00e9 ni d\u00e9sir sinc\u00e8re de vraie fraternit\u00e9 ; pas de fraternit\u00e9 sans dialogue v\u00e9ritable, sans esp\u00e9rance r\u00e9elle d\u2019un avenir partag\u00e9 ; pas d\u2019avenir partag\u00e9 sans pr\u00e9sent solidaire ni conscience vive et humble d\u2019avoir besoin les uns des autres pour donner tous ensemble le meilleur de nous-m\u00eames.<\/p>\n\n\n\n<p>Cette esp\u00e9rance, c\u2019est elle que nous manifestons tous ensemble dans cette rencontre de pri\u00e8re. Comme l\u2019ann\u00e9e derni\u00e8re, la statue de la Vierge Marie, Notre-Dame de Trapani et de La Goulette, symbole de fraternit\u00e9 entre les rives de la M\u00e9diterran\u00e9e et de paix pour notre monde, sera port\u00e9e sur la place apr\u00e8s la messe. Avec Marie, nous implorerons \u00e0 nouveau Dieu en faveur de la paix, \u00e0 travers cinq stations symbolisant les cinq continents. Nous demanderons \u00e0 Dieu de b\u00e9nir notre monde en lui donnant la paix.<\/p>\n\n\n\n<p>Donnons une nouvelle fois ensemble, en ce jour de l\u2019Assomption, le signe d\u2019une humanit\u00e9 fraternelle portant dans l\u2019esp\u00e9rance la gravit\u00e9 du monde ; et contribuons ainsi, \u00e0 notre mesure, comme le disait le Pape Fran\u00e7ois, \u00e0 ce \u00ab nous puissions tous ensemble faire rena\u00eetre un d\u00e9sir universel d\u2019humanit\u00e9 \u00bb (Fratelli Tutti, n. 8).<\/p>\n\n\n\n<p>Marie, en son \u00ab Magnificat \u00bb que nous venons \u00e0 nouveau d\u2019entendre dans l\u2019\u00c9vangile, nous montre le chemin. \u00ab Mon \u00e2me exalte le Seigneur \u00bb (Lc 1,46) : Dieu tout-puissant, donne-nous de te reconna\u00eetre et de t\u2019exalter dans le visage de tout fr\u00e8re, de toute s\u0153ur, que tu nous as donn\u00e9s, \u00e0 commencer par les plus fragiles et les plus petits. \u00ab Il s\u2019est pench\u00e9 sur son humble servante \u00bb (Lc 1,48) : donne-nous le courage et la joie de prendre soin les uns des autres, de choisir les chemins de l\u2019humilit\u00e9 devant les tentations de vouloir dominer.<\/p>\n\n\n\n<p>\u00ab Sa mis\u00e9ricorde s\u2019\u00e9tend d\u2019\u00e2ge en \u00e2ge sur ceux qui le craignent \u00bb (Lc 1,50) : d\u00e9sarme notre monde, apprends \u00e0 tous les peuples la puissance du pardon et conforte l\u2019action des artisans de paix. \u00ab D\u00e9ployant la force de son bras, il disperse les superbes \u00bb (Lc 1,51) : d\u00e9racine des c\u0153urs le venin de l\u2019orgueil, le poison des rancunes et les d\u00e9sirs \u00e9go\u00efstes au d\u00e9triment des autres. \u00ab Il renverse les puissants de leurs tr\u00f4nes \u00bb (Lc 1,52) : donne \u00e0 tous les dirigeants du monde un c\u0153ur simple, sage et bon, et fais que le bien commun soit toujours l\u2019horizon de ceux et celles qui exercent pour les autres le service de l\u2019autorit\u00e9.<\/p>\n\n\n\n<p>\u00ab Il comble de bien les affam\u00e9s \u00bb (Lc 1,53) : viens au secours de ceux qui n\u2019ont pas le n\u00e9cessaire pour vivre, qui souffrent de la faim, de la soif et du d\u00e9nuement, et ouvre les chemins pour leur venir en aide. \u00ab Il se souvient de son amour \u00bb (Lc 1,54) : prends en gr\u00e2ce notre monde, et qu\u2019en tournant ton visage vers nous, par l\u2019intercession de la Vierge Marie, nous connaissions vraiment la paix qui vient de toi.<\/p>\n\n\n\n<p><strong>Nicolas LHERNOULD<br>Archev\u00eaque de Tunis<\/strong><\/p>\n\n\n\n<figure class=\"wp-block-image size-full\"><img decoding=\"async\" width=\"512\" height=\"688\" src=\"https:\/\/www.webdo.tn\/fr\/wp-content\/uploads\/2025\/08\/La-Goulette-messe-de-lAssomption-1.jpg\" alt=\"\" class=\"wp-image-381537\" srcset=\"https:\/\/www.webdo.tn\/fr\/wp-content\/uploads\/2025\/08\/La-Goulette-messe-de-lAssomption-1.jpg 512w, https:\/\/www.webdo.tn\/fr\/wp-content\/uploads\/2025\/08\/La-Goulette-messe-de-lAssomption-1-223x300.jpg 223w\" sizes=\"(max-width: 512px) 100vw, 512px\" \/><\/figure>\n\n\n<\/blockquote>\n<p><!-- \/wp:post-content --><\/p>\n<p><!-- wp:quote --><\/p>\n<blockquote class=\"wp-block-quote\"><\/blockquote>\n<p><!-- \/wp:quote --><\/p>\n<p><!-- wp:paragraph --><\/p>\n<p><strong>Lire aussi: <\/strong><a href=\"https:\/\/www.webdo.tn\/fr\/actualite\/chroniques\/la-goulette-aujourdhui-messe-de-lassomption-procession-de-la-madone-et-prieres-pour-la-paix\/381481\/\">La Goulette : Aujourd\u2019hui, messe de l\u2019Assomption, procession de la Madone et pri\u00e8res pour la paix<\/a><\/p>\n<p><!-- \/wp:paragraph --><\/p>","protected":false},"excerpt":{"rendered":"<p>Au-del\u00e0 du caract\u00e8re religieux de la c\u00e9l\u00e9bration de l\u2019Assomption, la procession de Notre-Dame de Trapani qui se d\u00e9roule \u00e0 la Goulette, est un \u00e9v\u00e9nement culturel de premi\u00e8re importance. Cette procession souligne en effet la convivialit\u00e9 tunisienne et nos traditions plurielles dans la diversit\u00e9 m\u00e9diterran\u00e9enne.Hier, vendredi 15 ao\u00fbt \u00e0 la Goulette, \u00e0 cette occasion annuelle, Monseigneur [&hellip;]<\/p>\n","protected":false},"author":3229,"featured_media":381536,"comment_status":"open","ping_status":"open","sticky":false,"template":"","format":"standard","meta":{"footnotes":""},"categories":[2596],"tags":[6339,3958],"class_list":["post-381532","post","type-post","status-publish","format-standard","has-post-thumbnail","hentry","category-chroniques","tag-archeveque-de-tunis","tag-la-goulette"],"yoast_head":"<!-- This site is optimized with the Yoast SEO Premium plugin v27.4 (Yoast SEO v27.5) - https:\/\/yoast.com\/product\/yoast-seo-premium-wordpress\/ -->\n<title>L&#039;hom\u00e9lie de l&#039;archev\u00eaque de Tunis, avant la procession de la Madone de la Goulette\u00a0 - webdo<\/title>\n<meta name=\"description\" content=\"D\u00e9couvrez l&#039;hom\u00e9lie de l&#039;archev\u00eaque de Tunis lors de la procession de la Madone de la Goulette, un moment de fraternit\u00e9.\" \/>\n<link rel=\"canonical\" href=\"https:\/\/www.webdo.tn\/fr\/actualite\/chroniques\/lhomelie-de-larcheveque-de-tunis-avant-la-procession-de-la-madone-de-la-goulette\/381532\/\" \/>\n<meta property=\"og:locale\" content=\"fr_FR\" \/>\n<meta property=\"og:type\" content=\"article\" \/>\n<meta property=\"og:title\" content=\"L&#039;hom\u00e9lie de l&#039;archev\u00eaque de Tunis, avant la procession de la Madone de la Goulette\u00a0\" \/>\n<meta property=\"og:description\" content=\"D\u00e9couvrez l&#039;hom\u00e9lie de l&#039;archev\u00eaque de Tunis lors de la procession de la Madone de la Goulette, un moment de fraternit\u00e9.\" \/>\n<meta property=\"og:url\" content=\"https:\/\/www.webdo.tn\/fr\/actualite\/chroniques\/lhomelie-de-larcheveque-de-tunis-avant-la-procession-de-la-madone-de-la-goulette\/381532\/\" \/>\n<meta property=\"og:site_name\" content=\"webdo\" \/>\n<meta property=\"article:publisher\" content=\"https:\/\/www.facebook.com\/webdotn\" \/>\n<meta property=\"article:author\" content=\"https:\/\/www.facebook.com\/hatem.bourial.2025\" \/>\n<meta property=\"article:published_time\" content=\"2025-08-16T08:00:05+00:00\" \/>\n<meta property=\"article:modified_time\" content=\"2025-08-16T08:53:46+00:00\" \/>\n<meta property=\"og:image\" content=\"https:\/\/www.webdo.tn\/fr\/wp-content\/uploads\/2025\/08\/Monseigneur-Nicolas-Lhernould-archeveque-de-Tunis.jpg\" \/>\n\t<meta property=\"og:image:width\" content=\"900\" \/>\n\t<meta property=\"og:image:height\" content=\"485\" \/>\n\t<meta property=\"og:image:type\" content=\"image\/jpeg\" \/>\n<meta name=\"author\" content=\"Hatem Bourial\" \/>\n<meta name=\"twitter:card\" content=\"summary_large_image\" \/>\n<meta name=\"twitter:creator\" content=\"@webdo_tn\" \/>\n<meta name=\"twitter:site\" content=\"@webdo_tn\" \/>\n<meta name=\"twitter:label1\" content=\"\u00c9crit par\" \/>\n\t<meta name=\"twitter:data1\" content=\"Hatem Bourial\" \/>\n\t<meta name=\"twitter:label2\" content=\"Dur\u00e9e de lecture estim\u00e9e\" \/>\n\t<meta name=\"twitter:data2\" content=\"10 minutes\" \/>\n<script type=\"application\/ld+json\" class=\"yoast-schema-graph\">{\"@context\":\"https:\\\/\\\/schema.org\",\"@graph\":[{\"@type\":\"NewsArticle\",\"@id\":\"https:\\\/\\\/www.webdo.tn\\\/fr\\\/actualite\\\/chroniques\\\/lhomelie-de-larcheveque-de-tunis-avant-la-procession-de-la-madone-de-la-goulette\\\/381532\\\/#article\",\"isPartOf\":{\"@id\":\"https:\\\/\\\/www.webdo.tn\\\/fr\\\/actualite\\\/chroniques\\\/lhomelie-de-larcheveque-de-tunis-avant-la-procession-de-la-madone-de-la-goulette\\\/381532\\\/\"},\"author\":{\"name\":\"Hatem Bourial\",\"@id\":\"https:\\\/\\\/www.webdo.tn\\\/fr\\\/#\\\/schema\\\/person\\\/6bc0beba2cd23aec27cb5df85ca2554f\"},\"headline\":\"L&rsquo;hom\u00e9lie de l&rsquo;archev\u00eaque de Tunis, avant la procession de la Madone de la Goulette\u00a0\",\"datePublished\":\"2025-08-16T08:00:05+00:00\",\"dateModified\":\"2025-08-16T08:53:46+00:00\",\"mainEntityOfPage\":{\"@id\":\"https:\\\/\\\/www.webdo.tn\\\/fr\\\/actualite\\\/chroniques\\\/lhomelie-de-larcheveque-de-tunis-avant-la-procession-de-la-madone-de-la-goulette\\\/381532\\\/\"},\"wordCount\":1955,\"commentCount\":0,\"publisher\":{\"@id\":\"https:\\\/\\\/www.webdo.tn\\\/fr\\\/#organization\"},\"image\":{\"@id\":\"https:\\\/\\\/www.webdo.tn\\\/fr\\\/actualite\\\/chroniques\\\/lhomelie-de-larcheveque-de-tunis-avant-la-procession-de-la-madone-de-la-goulette\\\/381532\\\/#primaryimage\"},\"thumbnailUrl\":\"https:\\\/\\\/www.webdo.tn\\\/fr\\\/wp-content\\\/uploads\\\/2025\\\/08\\\/Monseigneur-Nicolas-Lhernould-archeveque-de-Tunis.jpg\",\"keywords\":[\"archev\u00eaque de Tunis\",\"la goulette\"],\"articleSection\":[\"Chroniques\"],\"inLanguage\":\"fr-FR\"},{\"@type\":\"WebPage\",\"@id\":\"https:\\\/\\\/www.webdo.tn\\\/fr\\\/actualite\\\/chroniques\\\/lhomelie-de-larcheveque-de-tunis-avant-la-procession-de-la-madone-de-la-goulette\\\/381532\\\/\",\"url\":\"https:\\\/\\\/www.webdo.tn\\\/fr\\\/actualite\\\/chroniques\\\/lhomelie-de-larcheveque-de-tunis-avant-la-procession-de-la-madone-de-la-goulette\\\/381532\\\/\",\"name\":\"L'hom\u00e9lie de l'archev\u00eaque de Tunis, avant la procession de la Madone de la Goulette\u00a0 - webdo\",\"isPartOf\":{\"@id\":\"https:\\\/\\\/www.webdo.tn\\\/fr\\\/#website\"},\"primaryImageOfPage\":{\"@id\":\"https:\\\/\\\/www.webdo.tn\\\/fr\\\/actualite\\\/chroniques\\\/lhomelie-de-larcheveque-de-tunis-avant-la-procession-de-la-madone-de-la-goulette\\\/381532\\\/#primaryimage\"},\"image\":{\"@id\":\"https:\\\/\\\/www.webdo.tn\\\/fr\\\/actualite\\\/chroniques\\\/lhomelie-de-larcheveque-de-tunis-avant-la-procession-de-la-madone-de-la-goulette\\\/381532\\\/#primaryimage\"},\"thumbnailUrl\":\"https:\\\/\\\/www.webdo.tn\\\/fr\\\/wp-content\\\/uploads\\\/2025\\\/08\\\/Monseigneur-Nicolas-Lhernould-archeveque-de-Tunis.jpg\",\"datePublished\":\"2025-08-16T08:00:05+00:00\",\"dateModified\":\"2025-08-16T08:53:46+00:00\",\"description\":\"D\u00e9couvrez l'hom\u00e9lie de l'archev\u00eaque de Tunis lors de la procession de la Madone de la Goulette, un moment de fraternit\u00e9.\",\"breadcrumb\":{\"@id\":\"https:\\\/\\\/www.webdo.tn\\\/fr\\\/actualite\\\/chroniques\\\/lhomelie-de-larcheveque-de-tunis-avant-la-procession-de-la-madone-de-la-goulette\\\/381532\\\/#breadcrumb\"},\"inLanguage\":\"fr-FR\",\"potentialAction\":[{\"@type\":\"ReadAction\",\"target\":[\"https:\\\/\\\/www.webdo.tn\\\/fr\\\/actualite\\\/chroniques\\\/lhomelie-de-larcheveque-de-tunis-avant-la-procession-de-la-madone-de-la-goulette\\\/381532\\\/\"]}]},{\"@type\":\"ImageObject\",\"inLanguage\":\"fr-FR\",\"@id\":\"https:\\\/\\\/www.webdo.tn\\\/fr\\\/actualite\\\/chroniques\\\/lhomelie-de-larcheveque-de-tunis-avant-la-procession-de-la-madone-de-la-goulette\\\/381532\\\/#primaryimage\",\"url\":\"https:\\\/\\\/www.webdo.tn\\\/fr\\\/wp-content\\\/uploads\\\/2025\\\/08\\\/Monseigneur-Nicolas-Lhernould-archeveque-de-Tunis.jpg\",\"contentUrl\":\"https:\\\/\\\/www.webdo.tn\\\/fr\\\/wp-content\\\/uploads\\\/2025\\\/08\\\/Monseigneur-Nicolas-Lhernould-archeveque-de-Tunis.jpg\",\"width\":900,\"height\":485,\"caption\":\"Monseigneur Nicolas Lhernould, archev\u00eaque de Tunis\"},{\"@type\":\"BreadcrumbList\",\"@id\":\"https:\\\/\\\/www.webdo.tn\\\/fr\\\/actualite\\\/chroniques\\\/lhomelie-de-larcheveque-de-tunis-avant-la-procession-de-la-madone-de-la-goulette\\\/381532\\\/#breadcrumb\",\"itemListElement\":[{\"@type\":\"ListItem\",\"position\":1,\"name\":\"Accueil\",\"item\":\"https:\\\/\\\/www.webdo.tn\\\/fr\\\/\"},{\"@type\":\"ListItem\",\"position\":2,\"name\":\"L&rsquo;hom\u00e9lie de l&rsquo;archev\u00eaque de Tunis, avant la procession de la Madone de la Goulette\u00a0\"}]},{\"@type\":\"WebSite\",\"@id\":\"https:\\\/\\\/www.webdo.tn\\\/fr\\\/#website\",\"url\":\"https:\\\/\\\/www.webdo.tn\\\/fr\\\/\",\"name\":\"webdo\",\"description\":\"Tunisie - News en Tunisie et \u00e0 l&#039;international sur Webdo.tn\",\"publisher\":{\"@id\":\"https:\\\/\\\/www.webdo.tn\\\/fr\\\/#organization\"},\"potentialAction\":[{\"@type\":\"SearchAction\",\"target\":{\"@type\":\"EntryPoint\",\"urlTemplate\":\"https:\\\/\\\/www.webdo.tn\\\/fr\\\/?s={search_term_string}\"},\"query-input\":{\"@type\":\"PropertyValueSpecification\",\"valueRequired\":true,\"valueName\":\"search_term_string\"}}],\"inLanguage\":\"fr-FR\"},{\"@type\":\"Organization\",\"@id\":\"https:\\\/\\\/www.webdo.tn\\\/fr\\\/#organization\",\"name\":\"Webdo\",\"alternateName\":\"Webdo.tn\",\"url\":\"https:\\\/\\\/www.webdo.tn\\\/fr\\\/\",\"logo\":{\"@type\":\"ImageObject\",\"inLanguage\":\"fr-FR\",\"@id\":\"https:\\\/\\\/www.webdo.tn\\\/fr\\\/#\\\/schema\\\/logo\\\/image\\\/\",\"url\":\"https:\\\/\\\/www.webdo.tn\\\/fr\\\/wp-content\\\/uploads\\\/2025\\\/06\\\/Webdo-Tunisie_168377.jpg\",\"contentUrl\":\"https:\\\/\\\/www.webdo.tn\\\/fr\\\/wp-content\\\/uploads\\\/2025\\\/06\\\/Webdo-Tunisie_168377.jpg\",\"width\":301,\"height\":301,\"caption\":\"Webdo\"},\"image\":{\"@id\":\"https:\\\/\\\/www.webdo.tn\\\/fr\\\/#\\\/schema\\\/logo\\\/image\\\/\"},\"sameAs\":[\"https:\\\/\\\/www.facebook.com\\\/webdotn\",\"https:\\\/\\\/x.com\\\/webdo_tn\"],\"description\":\"Webdo est un m\u00e9dia num\u00e9rique tunisien fond\u00e9 en 2010, sp\u00e9cialis\u00e9 dans l\u2019actualit\u00e9 nationale et internationale, l\u2019\u00e9conomie, la soci\u00e9t\u00e9 et les analyses politiques. Le site s\u2019adresse \u00e0 un large public francophone et couvre l\u2019information tunisienne en temps r\u00e9el.\",\"email\":\"redac@webdo.tn\",\"legalName\":\"YNJ SARL\",\"foundingDate\":\"2010-09-06\",\"numberOfEmployees\":{\"@type\":\"QuantitativeValue\",\"minValue\":\"11\",\"maxValue\":\"50\"}},{\"@type\":\"Person\",\"@id\":\"https:\\\/\\\/www.webdo.tn\\\/fr\\\/#\\\/schema\\\/person\\\/6bc0beba2cd23aec27cb5df85ca2554f\",\"name\":\"Hatem Bourial\",\"image\":{\"@type\":\"ImageObject\",\"inLanguage\":\"fr-FR\",\"@id\":\"https:\\\/\\\/www.webdo.tn\\\/fr\\\/wp-content\\\/uploads\\\/2026\\\/04\\\/hatem-bourial_avatar-96x96.jpg\",\"url\":\"https:\\\/\\\/www.webdo.tn\\\/fr\\\/wp-content\\\/uploads\\\/2026\\\/04\\\/hatem-bourial_avatar-96x96.jpg\",\"contentUrl\":\"https:\\\/\\\/www.webdo.tn\\\/fr\\\/wp-content\\\/uploads\\\/2026\\\/04\\\/hatem-bourial_avatar-96x96.jpg\",\"caption\":\"Hatem Bourial\"},\"description\":\"Hatem Bourial est journaliste, \u00e9crivain et chroniqueur tunisien. Actif depuis plusieurs d\u00e9cennies, il s\u2019est impos\u00e9 comme un observateur attentif de la soci\u00e9t\u00e9 tunisienne, m\u00ealant dans ses \u00e9crits m\u00e9moire, culture et analyse du quotidien. Auteur de nombreux ouvrages, il d\u00e9veloppe une \u0153uvre \u00e0 la crois\u00e9e du r\u00e9cit, de la po\u00e9sie et de l\u2019observation sociologique. Parall\u00e8lement \u00e0 ses contributions dans la presse, il intervient r\u00e9guli\u00e8rement \u00e0 la radio et dans des espaces culturels, o\u00f9 il explore les enjeux li\u00e9s au patrimoine, \u00e0 l\u2019identit\u00e9 et aux transformations du monde contemporain. \u00c0 travers ses chroniques, Hatem Bourial propose une lecture sensible et approfondie de l\u2019actualit\u00e9, nourrie par une exp\u00e9rience journalistique et litt\u00e9raire reconnue. \ud83d\udd17 Facebook : https:\\\/\\\/www.facebook.com\\\/hatem.bourial.2025\",\"sameAs\":[\"https:\\\/\\\/www.facebook.com\\\/hatem.bourial.2025\",\"https:\\\/\\\/fr.wikipedia.org\\\/wiki\\\/Fichier:Hatem_Bourial.jpg\"],\"knowsAbout\":[\"Culture & patrimoine tunisien\",\"Chronique soci\u00e9tale\",\"Litt\u00e9rature & m\u00e9moire\",\"Cin\u00e9ma & critique culturelle\",\"Identit\u00e9 & mutations sociales\"],\"knowsLanguage\":[\"Arabe\",\"Fran\u00e7ais\",\"Anglais\",\"Italien\",\"Polonais\"],\"jobTitle\":\"Journaliste, \u00e9crivain et chroniqueur culturel\",\"worksFor\":\"Webdo\",\"url\":\"https:\\\/\\\/www.webdo.tn\\\/fr\\\/actualite\\\/author\\\/hatem-bourial-2\\\/\"}]}<\/script>\n<!-- \/ Yoast SEO Premium plugin. -->","yoast_head_json":{"title":"L'hom\u00e9lie de l'archev\u00eaque de Tunis, avant la procession de la Madone de la Goulette\u00a0 - webdo","description":"D\u00e9couvrez l'hom\u00e9lie de l'archev\u00eaque de Tunis lors de la procession de la Madone de la Goulette, un moment de fraternit\u00e9.","canonical":"https:\/\/www.webdo.tn\/fr\/actualite\/chroniques\/lhomelie-de-larcheveque-de-tunis-avant-la-procession-de-la-madone-de-la-goulette\/381532\/","og_locale":"fr_FR","og_type":"article","og_title":"L'hom\u00e9lie de l'archev\u00eaque de Tunis, avant la procession de la Madone de la Goulette\u00a0","og_description":"D\u00e9couvrez l'hom\u00e9lie de l'archev\u00eaque de Tunis lors de la procession de la Madone de la Goulette, un moment de fraternit\u00e9.","og_url":"https:\/\/www.webdo.tn\/fr\/actualite\/chroniques\/lhomelie-de-larcheveque-de-tunis-avant-la-procession-de-la-madone-de-la-goulette\/381532\/","og_site_name":"webdo","article_publisher":"https:\/\/www.facebook.com\/webdotn","article_author":"https:\/\/www.facebook.com\/hatem.bourial.2025","article_published_time":"2025-08-16T08:00:05+00:00","article_modified_time":"2025-08-16T08:53:46+00:00","og_image":[{"width":900,"height":485,"url":"https:\/\/www.webdo.tn\/fr\/wp-content\/uploads\/2025\/08\/Monseigneur-Nicolas-Lhernould-archeveque-de-Tunis.jpg","type":"image\/jpeg"}],"author":"Hatem Bourial","twitter_card":"summary_large_image","twitter_creator":"@webdo_tn","twitter_site":"@webdo_tn","twitter_misc":{"\u00c9crit par":"Hatem Bourial","Dur\u00e9e de lecture estim\u00e9e":"10 minutes"},"schema":{"@context":"https:\/\/schema.org","@graph":[{"@type":"NewsArticle","@id":"https:\/\/www.webdo.tn\/fr\/actualite\/chroniques\/lhomelie-de-larcheveque-de-tunis-avant-la-procession-de-la-madone-de-la-goulette\/381532\/#article","isPartOf":{"@id":"https:\/\/www.webdo.tn\/fr\/actualite\/chroniques\/lhomelie-de-larcheveque-de-tunis-avant-la-procession-de-la-madone-de-la-goulette\/381532\/"},"author":{"name":"Hatem Bourial","@id":"https:\/\/www.webdo.tn\/fr\/#\/schema\/person\/6bc0beba2cd23aec27cb5df85ca2554f"},"headline":"L&rsquo;hom\u00e9lie de l&rsquo;archev\u00eaque de Tunis, avant la procession de la Madone de la Goulette\u00a0","datePublished":"2025-08-16T08:00:05+00:00","dateModified":"2025-08-16T08:53:46+00:00","mainEntityOfPage":{"@id":"https:\/\/www.webdo.tn\/fr\/actualite\/chroniques\/lhomelie-de-larcheveque-de-tunis-avant-la-procession-de-la-madone-de-la-goulette\/381532\/"},"wordCount":1955,"commentCount":0,"publisher":{"@id":"https:\/\/www.webdo.tn\/fr\/#organization"},"image":{"@id":"https:\/\/www.webdo.tn\/fr\/actualite\/chroniques\/lhomelie-de-larcheveque-de-tunis-avant-la-procession-de-la-madone-de-la-goulette\/381532\/#primaryimage"},"thumbnailUrl":"https:\/\/www.webdo.tn\/fr\/wp-content\/uploads\/2025\/08\/Monseigneur-Nicolas-Lhernould-archeveque-de-Tunis.jpg","keywords":["archev\u00eaque de Tunis","la goulette"],"articleSection":["Chroniques"],"inLanguage":"fr-FR"},{"@type":"WebPage","@id":"https:\/\/www.webdo.tn\/fr\/actualite\/chroniques\/lhomelie-de-larcheveque-de-tunis-avant-la-procession-de-la-madone-de-la-goulette\/381532\/","url":"https:\/\/www.webdo.tn\/fr\/actualite\/chroniques\/lhomelie-de-larcheveque-de-tunis-avant-la-procession-de-la-madone-de-la-goulette\/381532\/","name":"L'hom\u00e9lie de l'archev\u00eaque de Tunis, avant la procession de la Madone de la Goulette\u00a0 - webdo","isPartOf":{"@id":"https:\/\/www.webdo.tn\/fr\/#website"},"primaryImageOfPage":{"@id":"https:\/\/www.webdo.tn\/fr\/actualite\/chroniques\/lhomelie-de-larcheveque-de-tunis-avant-la-procession-de-la-madone-de-la-goulette\/381532\/#primaryimage"},"image":{"@id":"https:\/\/www.webdo.tn\/fr\/actualite\/chroniques\/lhomelie-de-larcheveque-de-tunis-avant-la-procession-de-la-madone-de-la-goulette\/381532\/#primaryimage"},"thumbnailUrl":"https:\/\/www.webdo.tn\/fr\/wp-content\/uploads\/2025\/08\/Monseigneur-Nicolas-Lhernould-archeveque-de-Tunis.jpg","datePublished":"2025-08-16T08:00:05+00:00","dateModified":"2025-08-16T08:53:46+00:00","description":"D\u00e9couvrez l'hom\u00e9lie de l'archev\u00eaque de Tunis lors de la procession de la Madone de la Goulette, un moment de fraternit\u00e9.","breadcrumb":{"@id":"https:\/\/www.webdo.tn\/fr\/actualite\/chroniques\/lhomelie-de-larcheveque-de-tunis-avant-la-procession-de-la-madone-de-la-goulette\/381532\/#breadcrumb"},"inLanguage":"fr-FR","potentialAction":[{"@type":"ReadAction","target":["https:\/\/www.webdo.tn\/fr\/actualite\/chroniques\/lhomelie-de-larcheveque-de-tunis-avant-la-procession-de-la-madone-de-la-goulette\/381532\/"]}]},{"@type":"ImageObject","inLanguage":"fr-FR","@id":"https:\/\/www.webdo.tn\/fr\/actualite\/chroniques\/lhomelie-de-larcheveque-de-tunis-avant-la-procession-de-la-madone-de-la-goulette\/381532\/#primaryimage","url":"https:\/\/www.webdo.tn\/fr\/wp-content\/uploads\/2025\/08\/Monseigneur-Nicolas-Lhernould-archeveque-de-Tunis.jpg","contentUrl":"https:\/\/www.webdo.tn\/fr\/wp-content\/uploads\/2025\/08\/Monseigneur-Nicolas-Lhernould-archeveque-de-Tunis.jpg","width":900,"height":485,"caption":"Monseigneur Nicolas Lhernould, archev\u00eaque de Tunis"},{"@type":"BreadcrumbList","@id":"https:\/\/www.webdo.tn\/fr\/actualite\/chroniques\/lhomelie-de-larcheveque-de-tunis-avant-la-procession-de-la-madone-de-la-goulette\/381532\/#breadcrumb","itemListElement":[{"@type":"ListItem","position":1,"name":"Accueil","item":"https:\/\/www.webdo.tn\/fr\/"},{"@type":"ListItem","position":2,"name":"L&rsquo;hom\u00e9lie de l&rsquo;archev\u00eaque de Tunis, avant la procession de la Madone de la Goulette\u00a0"}]},{"@type":"WebSite","@id":"https:\/\/www.webdo.tn\/fr\/#website","url":"https:\/\/www.webdo.tn\/fr\/","name":"webdo","description":"Tunisie - News en Tunisie et \u00e0 l&#039;international sur Webdo.tn","publisher":{"@id":"https:\/\/www.webdo.tn\/fr\/#organization"},"potentialAction":[{"@type":"SearchAction","target":{"@type":"EntryPoint","urlTemplate":"https:\/\/www.webdo.tn\/fr\/?s={search_term_string}"},"query-input":{"@type":"PropertyValueSpecification","valueRequired":true,"valueName":"search_term_string"}}],"inLanguage":"fr-FR"},{"@type":"Organization","@id":"https:\/\/www.webdo.tn\/fr\/#organization","name":"Webdo","alternateName":"Webdo.tn","url":"https:\/\/www.webdo.tn\/fr\/","logo":{"@type":"ImageObject","inLanguage":"fr-FR","@id":"https:\/\/www.webdo.tn\/fr\/#\/schema\/logo\/image\/","url":"https:\/\/www.webdo.tn\/fr\/wp-content\/uploads\/2025\/06\/Webdo-Tunisie_168377.jpg","contentUrl":"https:\/\/www.webdo.tn\/fr\/wp-content\/uploads\/2025\/06\/Webdo-Tunisie_168377.jpg","width":301,"height":301,"caption":"Webdo"},"image":{"@id":"https:\/\/www.webdo.tn\/fr\/#\/schema\/logo\/image\/"},"sameAs":["https:\/\/www.facebook.com\/webdotn","https:\/\/x.com\/webdo_tn"],"description":"Webdo est un m\u00e9dia num\u00e9rique tunisien fond\u00e9 en 2010, sp\u00e9cialis\u00e9 dans l\u2019actualit\u00e9 nationale et internationale, l\u2019\u00e9conomie, la soci\u00e9t\u00e9 et les analyses politiques. Le site s\u2019adresse \u00e0 un large public francophone et couvre l\u2019information tunisienne en temps r\u00e9el.","email":"redac@webdo.tn","legalName":"YNJ SARL","foundingDate":"2010-09-06","numberOfEmployees":{"@type":"QuantitativeValue","minValue":"11","maxValue":"50"}},{"@type":"Person","@id":"https:\/\/www.webdo.tn\/fr\/#\/schema\/person\/6bc0beba2cd23aec27cb5df85ca2554f","name":"Hatem Bourial","image":{"@type":"ImageObject","inLanguage":"fr-FR","@id":"https:\/\/www.webdo.tn\/fr\/wp-content\/uploads\/2026\/04\/hatem-bourial_avatar-96x96.jpg","url":"https:\/\/www.webdo.tn\/fr\/wp-content\/uploads\/2026\/04\/hatem-bourial_avatar-96x96.jpg","contentUrl":"https:\/\/www.webdo.tn\/fr\/wp-content\/uploads\/2026\/04\/hatem-bourial_avatar-96x96.jpg","caption":"Hatem Bourial"},"description":"Hatem Bourial est journaliste, \u00e9crivain et chroniqueur tunisien. Actif depuis plusieurs d\u00e9cennies, il s\u2019est impos\u00e9 comme un observateur attentif de la soci\u00e9t\u00e9 tunisienne, m\u00ealant dans ses \u00e9crits m\u00e9moire, culture et analyse du quotidien. Auteur de nombreux ouvrages, il d\u00e9veloppe une \u0153uvre \u00e0 la crois\u00e9e du r\u00e9cit, de la po\u00e9sie et de l\u2019observation sociologique. Parall\u00e8lement \u00e0 ses contributions dans la presse, il intervient r\u00e9guli\u00e8rement \u00e0 la radio et dans des espaces culturels, o\u00f9 il explore les enjeux li\u00e9s au patrimoine, \u00e0 l\u2019identit\u00e9 et aux transformations du monde contemporain. \u00c0 travers ses chroniques, Hatem Bourial propose une lecture sensible et approfondie de l\u2019actualit\u00e9, nourrie par une exp\u00e9rience journalistique et litt\u00e9raire reconnue. \ud83d\udd17 Facebook : https:\/\/www.facebook.com\/hatem.bourial.2025","sameAs":["https:\/\/www.facebook.com\/hatem.bourial.2025","https:\/\/fr.wikipedia.org\/wiki\/Fichier:Hatem_Bourial.jpg"],"knowsAbout":["Culture & patrimoine tunisien","Chronique soci\u00e9tale","Litt\u00e9rature & m\u00e9moire","Cin\u00e9ma & critique culturelle","Identit\u00e9 & mutations sociales"],"knowsLanguage":["Arabe","Fran\u00e7ais","Anglais","Italien","Polonais"],"jobTitle":"Journaliste, \u00e9crivain et chroniqueur culturel","worksFor":"Webdo","url":"https:\/\/www.webdo.tn\/fr\/actualite\/author\/hatem-bourial-2\/"}]}},"_links":{"self":[{"href":"https:\/\/www.webdo.tn\/fr\/wp-json\/wp\/v2\/posts\/381532","targetHints":{"allow":["GET"]}}],"collection":[{"href":"https:\/\/www.webdo.tn\/fr\/wp-json\/wp\/v2\/posts"}],"about":[{"href":"https:\/\/www.webdo.tn\/fr\/wp-json\/wp\/v2\/types\/post"}],"author":[{"embeddable":true,"href":"https:\/\/www.webdo.tn\/fr\/wp-json\/wp\/v2\/users\/3229"}],"replies":[{"embeddable":true,"href":"https:\/\/www.webdo.tn\/fr\/wp-json\/wp\/v2\/comments?post=381532"}],"version-history":[{"count":0,"href":"https:\/\/www.webdo.tn\/fr\/wp-json\/wp\/v2\/posts\/381532\/revisions"}],"wp:featuredmedia":[{"embeddable":true,"href":"https:\/\/www.webdo.tn\/fr\/wp-json\/wp\/v2\/media\/381536"}],"wp:attachment":[{"href":"https:\/\/www.webdo.tn\/fr\/wp-json\/wp\/v2\/media?parent=381532"}],"wp:term":[{"taxonomy":"category","embeddable":true,"href":"https:\/\/www.webdo.tn\/fr\/wp-json\/wp\/v2\/categories?post=381532"},{"taxonomy":"post_tag","embeddable":true,"href":"https:\/\/www.webdo.tn\/fr\/wp-json\/wp\/v2\/tags?post=381532"}],"curies":[{"name":"wp","href":"https:\/\/api.w.org\/{rel}","templated":true}]}}