{"id":381516,"date":"2025-08-15T20:31:51","date_gmt":"2025-08-15T19:31:51","guid":{"rendered":"https:\/\/www.webdo.tn\/fr\/?p=381516"},"modified":"2025-08-16T07:26:26","modified_gmt":"2025-08-16T06:26:26","slug":"tunisie-ligue-1-2eme-j-lesperance-et-monastir-se-neutralisent","status":"publish","type":"post","link":"https:\/\/www.webdo.tn\/fr\/actualite\/sport\/tunisie-ligue-1-2eme-j-lesperance-et-monastir-se-neutralisent\/381516\/","title":{"rendered":"Tunisie &#8211; Ligue 1 (2\u00e8me J.) : L&rsquo;Esp\u00e9rance et Monastir se neutralisent"},"content":{"rendered":"\n<p><strong>La deuxi\u00e8me journ\u00e9e de la Ligue 1 a livr\u00e9 quatre rencontres \u00e9quilibr\u00e9es et quelques rebondissements au classement.<\/strong><\/p>\n\n\n\n<p>L&rsquo;Esp\u00e9rance de Tunis et US Monastirienne se sont s\u00e9par\u00e9es sur un match nul 1-1. Abderamane Konat\u00e9 a ouvert le score pour l\u2019EST \u00e0 la 20\u1d49 minute, avant que Youssef Abdelli n\u2019\u00e9galise pour l\u2019US Monastir \u00e0 la 68\u1d49. Les visiteurs ont m\u00eame touch\u00e9 la transversale en seconde p\u00e9riode.<\/p>\n\n\n\n<p>L\u2019AS Marsa a remport\u00e9 sa premi\u00e8re victoire de la saison en battant l\u2019US Ben Guerdane 1-0 gr\u00e2ce \u00e0 un but d\u2019Ahmed Hadhri \u00e0 la 78\u1d49 minute. ES M\u00e9tlaoui a confirm\u00e9 son bon d\u00e9but de saison en s\u2019imposant 1-0 sur le terrain de l\u2019AS Soliman, Ahmed Ouled Bahia marquant \u00e0 la 72\u1d49.<\/p>\n\n\n\n<p>Enfin, l\u2019Olympique de B\u00e9ja et l\u2019AS Gab\u00e9s ont termin\u00e9 sur un score vierge (0-0), sans r\u00e9ussir \u00e0 concr\u00e9tiser leurs occasions.<\/p>\n\n\n\n<p><strong>R\u00e9sultats :<\/strong><\/p>\n\n\n\n<ul class=\"wp-block-list\">\n<li>Esp\u00e9rance de Tunis 1-1 US Monastirienne<\/li>\n\n\n\n<li>AS Marsa 1-0 US Ben Guerdane<\/li>\n\n\n\n<li>AS Soliman 0-1 ES M\u00e9tlaoui<\/li>\n\n\n\n<li>Olympique de B\u00e9ja 0-0 AS Gab\u00e9s<\/li>\n<\/ul>\n\n\n\n<p><strong>Classement provisoire : <\/strong><\/p>\n\n\n\n<ol class=\"wp-block-list\">\n<li>ES M\u00e9tlaoui 4 pts (2 j)<\/li>\n\n\n\n<li>JS Omrane 3 pts (1 j)<\/li>\n\n\n\n<li>Esp\u00e9rance de Zarzis 3 pts (1 j)<\/li>\n\n\n\n<li>Club Africain 3 pts (1 j)<\/li>\n\n\n\n<li>JS Kairouanaise 3 pts (1 j)<\/li>\n\n\n\n<li>US Ben Guerdane 3 pts (2 j)<\/li>\n\n\n\n<li>AS Marsa 3 pts (2 j)<\/li>\n\n\n\n<li>US Monastirienne 2 pts (2 j)<\/li>\n\n\n\n<li>Esp\u00e9rance de Tunis 2 pts (2 j)<\/li>\n\n\n\n<li>AS Gab\u00e9s 2 pts (2 j)<\/li>\n\n\n\n<li>Stade Tunisien 1 pt (1 j)<\/li>\n\n\n\n<li>CA Bizertin 1 pt (1 j)<\/li>\n\n\n\n<li>Olympique de B\u00e9ja 1 pt (2 j)<\/li>\n\n\n\n<li>Club Sportif Sfaxien 0 pt (1 j)<\/li>\n\n\n\n<li>Etoile du Sahel 0 pt (1 j)<\/li>\n\n\n\n<li>AS Soliman 0 pt (2 j)<\/li>\n<\/ol>\n\n\n\n<p><strong>Lire aussi : <\/strong><a href=\"https:\/\/www.webdo.tn\/fr\/actualite\/sport\/tunisie-ligue-1-1re-j-js-omrane-en-tete-du-classement\/381281\/\">Tunisie \u2013 Ligue 1 (1\u00e8re J.) : JS Omrane en t\u00eate du classement<\/a><\/p>\n\n\n\n<p><\/p>\n","protected":false},"excerpt":{"rendered":"<p>La deuxi\u00e8me journ\u00e9e de la Ligue 1 a livr\u00e9 quatre rencontres \u00e9quilibr\u00e9es et quelques rebondissements au classement. L&rsquo;Esp\u00e9rance de Tunis et US Monastirienne se sont s\u00e9par\u00e9es sur un match nul 1-1. Abderamane Konat\u00e9 a ouvert le score pour l\u2019EST \u00e0 la 20\u1d49 minute, avant que Youssef Abdelli n\u2019\u00e9galise pour l\u2019US Monastir \u00e0 la 68\u1d49. Les [&hellip;]<\/p>\n","protected":false},"author":4782,"featured_media":381517,"comment_status":"open","ping_status":"open","sticky":false,"template":"","format":"standard","meta":{"footnotes":""},"categories":[2593],"tags":[2622,2777,2608],"class_list":["post-381516","post","type-post","status-publish","format-standard","has-post-thumbnail","hentry","category-sport","tag-football","tag-ligue-1","tag-tunisie"],"yoast_head":"<!-- This site is optimized with the Yoast SEO Premium plugin v27.5 (Yoast SEO v27.5) - https:\/\/yoast.com\/product\/yoast-seo-premium-wordpress\/ -->\n<title>Tunisie - Ligue 1 (2\u00e8me J.) : L&#039;Esp\u00e9rance et Monastir se neutralisent - webdo<\/title>\n<meta name=\"description\" content=\"D\u00e9couvrez les r\u00e9sultats de la deuxi\u00e8me journ\u00e9e de la Tunisie Ligue 1 Football, marqu\u00e9e par des matchs serr\u00e9s et des rebondissements.\" \/>\n<link rel=\"canonical\" href=\"https:\/\/www.webdo.tn\/fr\/actualite\/sport\/tunisie-ligue-1-2eme-j-lesperance-et-monastir-se-neutralisent\/381516\/\" \/>\n<meta property=\"og:locale\" content=\"fr_FR\" \/>\n<meta property=\"og:type\" content=\"article\" \/>\n<meta property=\"og:title\" content=\"Tunisie - Ligue 1 (2\u00e8me J.) : L&#039;Esp\u00e9rance et Monastir se neutralisent\" \/>\n<meta property=\"og:description\" content=\"D\u00e9couvrez les r\u00e9sultats de la deuxi\u00e8me journ\u00e9e de la Tunisie Ligue 1 Football, marqu\u00e9e par des matchs serr\u00e9s et des rebondissements.\" \/>\n<meta property=\"og:url\" content=\"https:\/\/www.webdo.tn\/fr\/actualite\/sport\/tunisie-ligue-1-2eme-j-lesperance-et-monastir-se-neutralisent\/381516\/\" \/>\n<meta property=\"og:site_name\" content=\"webdo\" \/>\n<meta property=\"article:publisher\" content=\"https:\/\/www.facebook.com\/webdotn\" \/>\n<meta property=\"article:published_time\" content=\"2025-08-15T19:31:51+00:00\" \/>\n<meta property=\"article:modified_time\" content=\"2025-08-16T06:26:26+00:00\" \/>\n<meta property=\"og:image\" content=\"https:\/\/www.webdo.tn\/fr\/wp-content\/uploads\/2025\/08\/Capture-decran-2025-08-15-202937.png\" \/>\n\t<meta property=\"og:image:width\" content=\"1044\" \/>\n\t<meta property=\"og:image:height\" content=\"673\" \/>\n\t<meta property=\"og:image:type\" content=\"image\/png\" \/>\n<meta name=\"author\" content=\"Mohamed Fethi\" \/>\n<meta name=\"twitter:card\" content=\"summary_large_image\" \/>\n<meta name=\"twitter:creator\" content=\"@webdo_tn\" \/>\n<meta name=\"twitter:site\" content=\"@webdo_tn\" \/>\n<meta name=\"twitter:label1\" content=\"\u00c9crit par\" \/>\n\t<meta name=\"twitter:data1\" content=\"Mohamed Fethi\" \/>\n\t<meta name=\"twitter:label2\" content=\"Dur\u00e9e de lecture estim\u00e9e\" \/>\n\t<meta name=\"twitter:data2\" content=\"2 minutes\" \/>\n<script type=\"application\/ld+json\" class=\"yoast-schema-graph\">{\"@context\":\"https:\\\/\\\/schema.org\",\"@graph\":[{\"@type\":\"NewsArticle\",\"@id\":\"https:\\\/\\\/www.webdo.tn\\\/fr\\\/actualite\\\/sport\\\/tunisie-ligue-1-2eme-j-lesperance-et-monastir-se-neutralisent\\\/381516\\\/#article\",\"isPartOf\":{\"@id\":\"https:\\\/\\\/www.webdo.tn\\\/fr\\\/actualite\\\/sport\\\/tunisie-ligue-1-2eme-j-lesperance-et-monastir-se-neutralisent\\\/381516\\\/\"},\"author\":{\"name\":\"Mohamed Fethi\",\"@id\":\"https:\\\/\\\/www.webdo.tn\\\/fr\\\/#\\\/schema\\\/person\\\/16a4857e77dfc0b610c4c2cadffc9ac4\"},\"headline\":\"Tunisie &#8211; Ligue 1 (2\u00e8me J.) : L&rsquo;Esp\u00e9rance et Monastir se neutralisent\",\"datePublished\":\"2025-08-15T19:31:51+00:00\",\"dateModified\":\"2025-08-16T06:26:26+00:00\",\"mainEntityOfPage\":{\"@id\":\"https:\\\/\\\/www.webdo.tn\\\/fr\\\/actualite\\\/sport\\\/tunisie-ligue-1-2eme-j-lesperance-et-monastir-se-neutralisent\\\/381516\\\/\"},\"wordCount\":282,\"commentCount\":0,\"publisher\":{\"@id\":\"https:\\\/\\\/www.webdo.tn\\\/fr\\\/#organization\"},\"image\":{\"@id\":\"https:\\\/\\\/www.webdo.tn\\\/fr\\\/actualite\\\/sport\\\/tunisie-ligue-1-2eme-j-lesperance-et-monastir-se-neutralisent\\\/381516\\\/#primaryimage\"},\"thumbnailUrl\":\"https:\\\/\\\/www.webdo.tn\\\/fr\\\/wp-content\\\/uploads\\\/2025\\\/08\\\/Capture-decran-2025-08-15-202937.png\",\"keywords\":[\"football\",\"Ligue 1\",\"Tunisie\"],\"articleSection\":[\"Sport\"],\"inLanguage\":\"fr-FR\"},{\"@type\":\"WebPage\",\"@id\":\"https:\\\/\\\/www.webdo.tn\\\/fr\\\/actualite\\\/sport\\\/tunisie-ligue-1-2eme-j-lesperance-et-monastir-se-neutralisent\\\/381516\\\/\",\"url\":\"https:\\\/\\\/www.webdo.tn\\\/fr\\\/actualite\\\/sport\\\/tunisie-ligue-1-2eme-j-lesperance-et-monastir-se-neutralisent\\\/381516\\\/\",\"name\":\"Tunisie - Ligue 1 (2\u00e8me J.) : L'Esp\u00e9rance et Monastir se neutralisent - webdo\",\"isPartOf\":{\"@id\":\"https:\\\/\\\/www.webdo.tn\\\/fr\\\/#website\"},\"primaryImageOfPage\":{\"@id\":\"https:\\\/\\\/www.webdo.tn\\\/fr\\\/actualite\\\/sport\\\/tunisie-ligue-1-2eme-j-lesperance-et-monastir-se-neutralisent\\\/381516\\\/#primaryimage\"},\"image\":{\"@id\":\"https:\\\/\\\/www.webdo.tn\\\/fr\\\/actualite\\\/sport\\\/tunisie-ligue-1-2eme-j-lesperance-et-monastir-se-neutralisent\\\/381516\\\/#primaryimage\"},\"thumbnailUrl\":\"https:\\\/\\\/www.webdo.tn\\\/fr\\\/wp-content\\\/uploads\\\/2025\\\/08\\\/Capture-decran-2025-08-15-202937.png\",\"datePublished\":\"2025-08-15T19:31:51+00:00\",\"dateModified\":\"2025-08-16T06:26:26+00:00\",\"description\":\"D\u00e9couvrez les r\u00e9sultats de la deuxi\u00e8me journ\u00e9e de la Tunisie Ligue 1 Football, marqu\u00e9e par des matchs serr\u00e9s et des rebondissements.\",\"breadcrumb\":{\"@id\":\"https:\\\/\\\/www.webdo.tn\\\/fr\\\/actualite\\\/sport\\\/tunisie-ligue-1-2eme-j-lesperance-et-monastir-se-neutralisent\\\/381516\\\/#breadcrumb\"},\"inLanguage\":\"fr-FR\",\"potentialAction\":[{\"@type\":\"ReadAction\",\"target\":[\"https:\\\/\\\/www.webdo.tn\\\/fr\\\/actualite\\\/sport\\\/tunisie-ligue-1-2eme-j-lesperance-et-monastir-se-neutralisent\\\/381516\\\/\"]}]},{\"@type\":\"ImageObject\",\"inLanguage\":\"fr-FR\",\"@id\":\"https:\\\/\\\/www.webdo.tn\\\/fr\\\/actualite\\\/sport\\\/tunisie-ligue-1-2eme-j-lesperance-et-monastir-se-neutralisent\\\/381516\\\/#primaryimage\",\"url\":\"https:\\\/\\\/www.webdo.tn\\\/fr\\\/wp-content\\\/uploads\\\/2025\\\/08\\\/Capture-decran-2025-08-15-202937.png\",\"contentUrl\":\"https:\\\/\\\/www.webdo.tn\\\/fr\\\/wp-content\\\/uploads\\\/2025\\\/08\\\/Capture-decran-2025-08-15-202937.png\",\"width\":1044,\"height\":673},{\"@type\":\"BreadcrumbList\",\"@id\":\"https:\\\/\\\/www.webdo.tn\\\/fr\\\/actualite\\\/sport\\\/tunisie-ligue-1-2eme-j-lesperance-et-monastir-se-neutralisent\\\/381516\\\/#breadcrumb\",\"itemListElement\":[{\"@type\":\"ListItem\",\"position\":1,\"name\":\"Accueil\",\"item\":\"https:\\\/\\\/www.webdo.tn\\\/fr\\\/\"},{\"@type\":\"ListItem\",\"position\":2,\"name\":\"Tunisie &#8211; Ligue 1 (2\u00e8me J.) : L&rsquo;Esp\u00e9rance et Monastir se neutralisent\"}]},{\"@type\":\"WebSite\",\"@id\":\"https:\\\/\\\/www.webdo.tn\\\/fr\\\/#website\",\"url\":\"https:\\\/\\\/www.webdo.tn\\\/fr\\\/\",\"name\":\"webdo\",\"description\":\"Tunisie - News en Tunisie et \u00e0 l&#039;international sur Webdo.tn\",\"publisher\":{\"@id\":\"https:\\\/\\\/www.webdo.tn\\\/fr\\\/#organization\"},\"potentialAction\":[{\"@type\":\"SearchAction\",\"target\":{\"@type\":\"EntryPoint\",\"urlTemplate\":\"https:\\\/\\\/www.webdo.tn\\\/fr\\\/?s={search_term_string}\"},\"query-input\":{\"@type\":\"PropertyValueSpecification\",\"valueRequired\":true,\"valueName\":\"search_term_string\"}}],\"inLanguage\":\"fr-FR\"},{\"@type\":\"Organization\",\"@id\":\"https:\\\/\\\/www.webdo.tn\\\/fr\\\/#organization\",\"name\":\"Webdo\",\"alternateName\":\"Webdo.tn\",\"url\":\"https:\\\/\\\/www.webdo.tn\\\/fr\\\/\",\"logo\":{\"@type\":\"ImageObject\",\"inLanguage\":\"fr-FR\",\"@id\":\"https:\\\/\\\/www.webdo.tn\\\/fr\\\/#\\\/schema\\\/logo\\\/image\\\/\",\"url\":\"https:\\\/\\\/www.webdo.tn\\\/fr\\\/wp-content\\\/uploads\\\/2025\\\/06\\\/Webdo-Tunisie_168377.jpg\",\"contentUrl\":\"https:\\\/\\\/www.webdo.tn\\\/fr\\\/wp-content\\\/uploads\\\/2025\\\/06\\\/Webdo-Tunisie_168377.jpg\",\"width\":301,\"height\":301,\"caption\":\"Webdo\"},\"image\":{\"@id\":\"https:\\\/\\\/www.webdo.tn\\\/fr\\\/#\\\/schema\\\/logo\\\/image\\\/\"},\"sameAs\":[\"https:\\\/\\\/www.facebook.com\\\/webdotn\",\"https:\\\/\\\/x.com\\\/webdo_tn\"],\"description\":\"Webdo est un m\u00e9dia num\u00e9rique tunisien fond\u00e9 en 2010, sp\u00e9cialis\u00e9 dans l\u2019actualit\u00e9 nationale et internationale, l\u2019\u00e9conomie, la soci\u00e9t\u00e9 et les analyses politiques. Le site s\u2019adresse \u00e0 un large public francophone et couvre l\u2019information tunisienne en temps r\u00e9el.\",\"email\":\"redac@webdo.tn\",\"legalName\":\"YNJ SARL\",\"foundingDate\":\"2010-09-06\",\"numberOfEmployees\":{\"@type\":\"QuantitativeValue\",\"minValue\":\"11\",\"maxValue\":\"50\"}},{\"@type\":\"Person\",\"@id\":\"https:\\\/\\\/www.webdo.tn\\\/fr\\\/#\\\/schema\\\/person\\\/16a4857e77dfc0b610c4c2cadffc9ac4\",\"name\":\"Mohamed Fethi\",\"image\":{\"@type\":\"ImageObject\",\"inLanguage\":\"fr-FR\",\"@id\":\"https:\\\/\\\/www.webdo.tn\\\/fr\\\/wp-content\\\/uploads\\\/2026\\\/04\\\/mohamed-fethi_avatar_1-96x96.jpg\",\"url\":\"https:\\\/\\\/www.webdo.tn\\\/fr\\\/wp-content\\\/uploads\\\/2026\\\/04\\\/mohamed-fethi_avatar_1-96x96.jpg\",\"contentUrl\":\"https:\\\/\\\/www.webdo.tn\\\/fr\\\/wp-content\\\/uploads\\\/2026\\\/04\\\/mohamed-fethi_avatar_1-96x96.jpg\",\"caption\":\"Mohamed Fethi\"},\"description\":\"Signature \u00e9ditoriale de Maher Chaabane Mohamed Fethi est le pseudonyme \u00e9ditorial de Maher Chaabane, r\u00e9dacteur en chef de Webdo.tn depuis 2012. Cette signature est d\u00e9di\u00e9e au traitement intensif de l'actualit\u00e9 nationale et internationale en temps r\u00e9el. S'appuyant sur les deux d\u00e9cennies d'expertise journalistique de Maher Chaabane \u2014 d\u00e9but\u00e9e au sein du groupe Tunis Hebdo en 2000 \u2014 Mohamed Fethi assure une veille rigoureuse sur les enjeux politiques, \u00e9conomiques et sportifs. Sa mission est de garantir une information structur\u00e9e, fluide et fid\u00e8le aux standards de la r\u00e9daction. Pour consulter le parcours complet du r\u00e9dacteur en chef, visitez le profil officiel de Maher Chaabane.\",\"knowsAbout\":[\"actualit\u00e9\",\"journalisme\",\"information\",\"politique\",\"sport\",\"m\u00e9dias\",\"actualit\u00e9 internationale\"],\"knowsLanguage\":[\"Fran\u00e7ais\",\"Arabe\"],\"jobTitle\":\"Journaliste \u2013 R\u00e9daction Webdo\",\"worksFor\":\"Webdo.tn\",\"url\":\"https:\\\/\\\/www.webdo.tn\\\/fr\\\/actualite\\\/author\\\/mohamed-fethi\\\/\"}]}<\/script>\n<!-- \/ Yoast SEO Premium plugin. -->","yoast_head_json":{"title":"Tunisie - Ligue 1 (2\u00e8me J.) : L'Esp\u00e9rance et Monastir se neutralisent - webdo","description":"D\u00e9couvrez les r\u00e9sultats de la deuxi\u00e8me journ\u00e9e de la Tunisie Ligue 1 Football, marqu\u00e9e par des matchs serr\u00e9s et des rebondissements.","canonical":"https:\/\/www.webdo.tn\/fr\/actualite\/sport\/tunisie-ligue-1-2eme-j-lesperance-et-monastir-se-neutralisent\/381516\/","og_locale":"fr_FR","og_type":"article","og_title":"Tunisie - Ligue 1 (2\u00e8me J.) : L'Esp\u00e9rance et Monastir se neutralisent","og_description":"D\u00e9couvrez les r\u00e9sultats de la deuxi\u00e8me journ\u00e9e de la Tunisie Ligue 1 Football, marqu\u00e9e par des matchs serr\u00e9s et des rebondissements.","og_url":"https:\/\/www.webdo.tn\/fr\/actualite\/sport\/tunisie-ligue-1-2eme-j-lesperance-et-monastir-se-neutralisent\/381516\/","og_site_name":"webdo","article_publisher":"https:\/\/www.facebook.com\/webdotn","article_published_time":"2025-08-15T19:31:51+00:00","article_modified_time":"2025-08-16T06:26:26+00:00","og_image":[{"width":1044,"height":673,"url":"https:\/\/www.webdo.tn\/fr\/wp-content\/uploads\/2025\/08\/Capture-decran-2025-08-15-202937.png","type":"image\/png"}],"author":"Mohamed Fethi","twitter_card":"summary_large_image","twitter_creator":"@webdo_tn","twitter_site":"@webdo_tn","twitter_misc":{"\u00c9crit par":"Mohamed Fethi","Dur\u00e9e de lecture estim\u00e9e":"2 minutes"},"schema":{"@context":"https:\/\/schema.org","@graph":[{"@type":"NewsArticle","@id":"https:\/\/www.webdo.tn\/fr\/actualite\/sport\/tunisie-ligue-1-2eme-j-lesperance-et-monastir-se-neutralisent\/381516\/#article","isPartOf":{"@id":"https:\/\/www.webdo.tn\/fr\/actualite\/sport\/tunisie-ligue-1-2eme-j-lesperance-et-monastir-se-neutralisent\/381516\/"},"author":{"name":"Mohamed Fethi","@id":"https:\/\/www.webdo.tn\/fr\/#\/schema\/person\/16a4857e77dfc0b610c4c2cadffc9ac4"},"headline":"Tunisie &#8211; Ligue 1 (2\u00e8me J.) : L&rsquo;Esp\u00e9rance et Monastir se neutralisent","datePublished":"2025-08-15T19:31:51+00:00","dateModified":"2025-08-16T06:26:26+00:00","mainEntityOfPage":{"@id":"https:\/\/www.webdo.tn\/fr\/actualite\/sport\/tunisie-ligue-1-2eme-j-lesperance-et-monastir-se-neutralisent\/381516\/"},"wordCount":282,"commentCount":0,"publisher":{"@id":"https:\/\/www.webdo.tn\/fr\/#organization"},"image":{"@id":"https:\/\/www.webdo.tn\/fr\/actualite\/sport\/tunisie-ligue-1-2eme-j-lesperance-et-monastir-se-neutralisent\/381516\/#primaryimage"},"thumbnailUrl":"https:\/\/www.webdo.tn\/fr\/wp-content\/uploads\/2025\/08\/Capture-decran-2025-08-15-202937.png","keywords":["football","Ligue 1","Tunisie"],"articleSection":["Sport"],"inLanguage":"fr-FR"},{"@type":"WebPage","@id":"https:\/\/www.webdo.tn\/fr\/actualite\/sport\/tunisie-ligue-1-2eme-j-lesperance-et-monastir-se-neutralisent\/381516\/","url":"https:\/\/www.webdo.tn\/fr\/actualite\/sport\/tunisie-ligue-1-2eme-j-lesperance-et-monastir-se-neutralisent\/381516\/","name":"Tunisie - Ligue 1 (2\u00e8me J.) : L'Esp\u00e9rance et Monastir se neutralisent - webdo","isPartOf":{"@id":"https:\/\/www.webdo.tn\/fr\/#website"},"primaryImageOfPage":{"@id":"https:\/\/www.webdo.tn\/fr\/actualite\/sport\/tunisie-ligue-1-2eme-j-lesperance-et-monastir-se-neutralisent\/381516\/#primaryimage"},"image":{"@id":"https:\/\/www.webdo.tn\/fr\/actualite\/sport\/tunisie-ligue-1-2eme-j-lesperance-et-monastir-se-neutralisent\/381516\/#primaryimage"},"thumbnailUrl":"https:\/\/www.webdo.tn\/fr\/wp-content\/uploads\/2025\/08\/Capture-decran-2025-08-15-202937.png","datePublished":"2025-08-15T19:31:51+00:00","dateModified":"2025-08-16T06:26:26+00:00","description":"D\u00e9couvrez les r\u00e9sultats de la deuxi\u00e8me journ\u00e9e de la Tunisie Ligue 1 Football, marqu\u00e9e par des matchs serr\u00e9s et des rebondissements.","breadcrumb":{"@id":"https:\/\/www.webdo.tn\/fr\/actualite\/sport\/tunisie-ligue-1-2eme-j-lesperance-et-monastir-se-neutralisent\/381516\/#breadcrumb"},"inLanguage":"fr-FR","potentialAction":[{"@type":"ReadAction","target":["https:\/\/www.webdo.tn\/fr\/actualite\/sport\/tunisie-ligue-1-2eme-j-lesperance-et-monastir-se-neutralisent\/381516\/"]}]},{"@type":"ImageObject","inLanguage":"fr-FR","@id":"https:\/\/www.webdo.tn\/fr\/actualite\/sport\/tunisie-ligue-1-2eme-j-lesperance-et-monastir-se-neutralisent\/381516\/#primaryimage","url":"https:\/\/www.webdo.tn\/fr\/wp-content\/uploads\/2025\/08\/Capture-decran-2025-08-15-202937.png","contentUrl":"https:\/\/www.webdo.tn\/fr\/wp-content\/uploads\/2025\/08\/Capture-decran-2025-08-15-202937.png","width":1044,"height":673},{"@type":"BreadcrumbList","@id":"https:\/\/www.webdo.tn\/fr\/actualite\/sport\/tunisie-ligue-1-2eme-j-lesperance-et-monastir-se-neutralisent\/381516\/#breadcrumb","itemListElement":[{"@type":"ListItem","position":1,"name":"Accueil","item":"https:\/\/www.webdo.tn\/fr\/"},{"@type":"ListItem","position":2,"name":"Tunisie &#8211; Ligue 1 (2\u00e8me J.) : L&rsquo;Esp\u00e9rance et Monastir se neutralisent"}]},{"@type":"WebSite","@id":"https:\/\/www.webdo.tn\/fr\/#website","url":"https:\/\/www.webdo.tn\/fr\/","name":"webdo","description":"Tunisie - News en Tunisie et \u00e0 l&#039;international sur Webdo.tn","publisher":{"@id":"https:\/\/www.webdo.tn\/fr\/#organization"},"potentialAction":[{"@type":"SearchAction","target":{"@type":"EntryPoint","urlTemplate":"https:\/\/www.webdo.tn\/fr\/?s={search_term_string}"},"query-input":{"@type":"PropertyValueSpecification","valueRequired":true,"valueName":"search_term_string"}}],"inLanguage":"fr-FR"},{"@type":"Organization","@id":"https:\/\/www.webdo.tn\/fr\/#organization","name":"Webdo","alternateName":"Webdo.tn","url":"https:\/\/www.webdo.tn\/fr\/","logo":{"@type":"ImageObject","inLanguage":"fr-FR","@id":"https:\/\/www.webdo.tn\/fr\/#\/schema\/logo\/image\/","url":"https:\/\/www.webdo.tn\/fr\/wp-content\/uploads\/2025\/06\/Webdo-Tunisie_168377.jpg","contentUrl":"https:\/\/www.webdo.tn\/fr\/wp-content\/uploads\/2025\/06\/Webdo-Tunisie_168377.jpg","width":301,"height":301,"caption":"Webdo"},"image":{"@id":"https:\/\/www.webdo.tn\/fr\/#\/schema\/logo\/image\/"},"sameAs":["https:\/\/www.facebook.com\/webdotn","https:\/\/x.com\/webdo_tn"],"description":"Webdo est un m\u00e9dia num\u00e9rique tunisien fond\u00e9 en 2010, sp\u00e9cialis\u00e9 dans l\u2019actualit\u00e9 nationale et internationale, l\u2019\u00e9conomie, la soci\u00e9t\u00e9 et les analyses politiques. Le site s\u2019adresse \u00e0 un large public francophone et couvre l\u2019information tunisienne en temps r\u00e9el.","email":"redac@webdo.tn","legalName":"YNJ SARL","foundingDate":"2010-09-06","numberOfEmployees":{"@type":"QuantitativeValue","minValue":"11","maxValue":"50"}},{"@type":"Person","@id":"https:\/\/www.webdo.tn\/fr\/#\/schema\/person\/16a4857e77dfc0b610c4c2cadffc9ac4","name":"Mohamed Fethi","image":{"@type":"ImageObject","inLanguage":"fr-FR","@id":"https:\/\/www.webdo.tn\/fr\/wp-content\/uploads\/2026\/04\/mohamed-fethi_avatar_1-96x96.jpg","url":"https:\/\/www.webdo.tn\/fr\/wp-content\/uploads\/2026\/04\/mohamed-fethi_avatar_1-96x96.jpg","contentUrl":"https:\/\/www.webdo.tn\/fr\/wp-content\/uploads\/2026\/04\/mohamed-fethi_avatar_1-96x96.jpg","caption":"Mohamed Fethi"},"description":"Signature \u00e9ditoriale de Maher Chaabane Mohamed Fethi est le pseudonyme \u00e9ditorial de Maher Chaabane, r\u00e9dacteur en chef de Webdo.tn depuis 2012. Cette signature est d\u00e9di\u00e9e au traitement intensif de l'actualit\u00e9 nationale et internationale en temps r\u00e9el. S'appuyant sur les deux d\u00e9cennies d'expertise journalistique de Maher Chaabane \u2014 d\u00e9but\u00e9e au sein du groupe Tunis Hebdo en 2000 \u2014 Mohamed Fethi assure une veille rigoureuse sur les enjeux politiques, \u00e9conomiques et sportifs. Sa mission est de garantir une information structur\u00e9e, fluide et fid\u00e8le aux standards de la r\u00e9daction. Pour consulter le parcours complet du r\u00e9dacteur en chef, visitez le profil officiel de Maher Chaabane.","knowsAbout":["actualit\u00e9","journalisme","information","politique","sport","m\u00e9dias","actualit\u00e9 internationale"],"knowsLanguage":["Fran\u00e7ais","Arabe"],"jobTitle":"Journaliste \u2013 R\u00e9daction Webdo","worksFor":"Webdo.tn","url":"https:\/\/www.webdo.tn\/fr\/actualite\/author\/mohamed-fethi\/"}]}},"_links":{"self":[{"href":"https:\/\/www.webdo.tn\/fr\/wp-json\/wp\/v2\/posts\/381516","targetHints":{"allow":["GET"]}}],"collection":[{"href":"https:\/\/www.webdo.tn\/fr\/wp-json\/wp\/v2\/posts"}],"about":[{"href":"https:\/\/www.webdo.tn\/fr\/wp-json\/wp\/v2\/types\/post"}],"author":[{"embeddable":true,"href":"https:\/\/www.webdo.tn\/fr\/wp-json\/wp\/v2\/users\/4782"}],"replies":[{"embeddable":true,"href":"https:\/\/www.webdo.tn\/fr\/wp-json\/wp\/v2\/comments?post=381516"}],"version-history":[{"count":0,"href":"https:\/\/www.webdo.tn\/fr\/wp-json\/wp\/v2\/posts\/381516\/revisions"}],"wp:featuredmedia":[{"embeddable":true,"href":"https:\/\/www.webdo.tn\/fr\/wp-json\/wp\/v2\/media\/381517"}],"wp:attachment":[{"href":"https:\/\/www.webdo.tn\/fr\/wp-json\/wp\/v2\/media?parent=381516"}],"wp:term":[{"taxonomy":"category","embeddable":true,"href":"https:\/\/www.webdo.tn\/fr\/wp-json\/wp\/v2\/categories?post=381516"},{"taxonomy":"post_tag","embeddable":true,"href":"https:\/\/www.webdo.tn\/fr\/wp-json\/wp\/v2\/tags?post=381516"}],"curies":[{"name":"wp","href":"https:\/\/api.w.org\/{rel}","templated":true}]}}