{"id":381512,"date":"2025-08-15T19:56:56","date_gmt":"2025-08-15T18:56:56","guid":{"rendered":"https:\/\/www.webdo.tn\/fr\/?p=381512"},"modified":"2025-08-15T19:57:02","modified_gmt":"2025-08-15T18:57:02","slug":"tunisie-le-ministere-de-la-sante-veut-moderniser-la-medecine-nucleaire","status":"publish","type":"post","link":"https:\/\/www.webdo.tn\/fr\/actualite\/national\/tunisie-le-ministere-de-la-sante-veut-moderniser-la-medecine-nucleaire\/381512\/","title":{"rendered":"Tunisie : Le minist\u00e8re de la Sant\u00e9 veut moderniser la m\u00e9decine nucl\u00e9aire"},"content":{"rendered":"\n<p><strong>Le ministre de la Sant\u00e9, Dr Mustapha Ferjani, a re\u00e7u ce 15 ao\u00fbt 2025, au si\u00e8ge de son d\u00e9partement, une d\u00e9l\u00e9gation de l\u2019Association tunisienne de m\u00e9decine nucl\u00e9aire. Cette rencontre a permis d\u2019examiner les moyens de renforcer ce domaine strat\u00e9gique, aussi bien sur le plan du diagnostic que du traitement.<\/strong><\/p>\n\n\n\n<p>Parmi les priorit\u00e9s \u00e9voqu\u00e9es figurent l\u2019int\u00e9gration des technologies les plus r\u00e9centes pour am\u00e9liorer la prise en charge des patients, la multiplication de la production nationale de m\u00e9dicaments radiopharmaceutiques afin d\u2019atteindre l\u2019autosuffisance, et l\u2019installation d\u2019un appareil PET Scan pour chaque million d\u2019habitants afin de r\u00e9duire les d\u00e9lais d\u2019attente.<\/p>\n\n\n\n<p>Le minist\u00e8re souhaite \u00e9galement cr\u00e9er de nouveaux services de m\u00e9decine nucl\u00e9aire dans les r\u00e9gions de l\u2019int\u00e9rieur et suivre de pr\u00e8s les avanc\u00e9es scientifiques internationales pour garantir des soins de haute qualit\u00e9.<\/p>\n\n\n\n<p>Ferjani a r\u00e9affirm\u00e9 l\u2019engagement de son d\u00e9partement \u00e0 inscrire ce d\u00e9veloppement dans une strat\u00e9gie nationale de modernisation du syst\u00e8me de sant\u00e9, tout en encourageant les initiatives favorisant le progr\u00e8s de l\u2019industrie pharmaceutique nucl\u00e9aire en Tunisie.<\/p>\n\n\n\n<p>Lire aussi : <a href=\"https:\/\/www.webdo.tn\/fr\/actualite\/regions\/tunisie-le-ministere-de-la-sante-lance-un-centre-medical-a-distance\/381390\/\">Tunisie : Le minist\u00e8re de la Sant\u00e9 lance un centre m\u00e9dical \u00e0 distance<\/a><\/p>\n\n\n\n<p><\/p>\n","protected":false},"excerpt":{"rendered":"<p>Le ministre de la Sant\u00e9, Dr Mustapha Ferjani, a re\u00e7u ce 15 ao\u00fbt 2025, au si\u00e8ge de son d\u00e9partement, une d\u00e9l\u00e9gation de l\u2019Association tunisienne de m\u00e9decine nucl\u00e9aire. Cette rencontre a permis d\u2019examiner les moyens de renforcer ce domaine strat\u00e9gique, aussi bien sur le plan du diagnostic que du traitement. Parmi les priorit\u00e9s \u00e9voqu\u00e9es figurent l\u2019int\u00e9gration [&hellip;]<\/p>\n","protected":false},"author":4782,"featured_media":381514,"comment_status":"open","ping_status":"open","sticky":false,"template":"","format":"standard","meta":{"footnotes":""},"categories":[44],"tags":[2700,12433,2731,2608],"class_list":["post-381512","post","type-post","status-publish","format-standard","has-post-thumbnail","hentry","category-national","tag-medecine","tag-medecine-nucleaire","tag-sante","tag-tunisie"],"yoast_head":"<!-- This site is optimized with the Yoast SEO Premium plugin v27.5 (Yoast SEO v27.5) - https:\/\/yoast.com\/product\/yoast-seo-premium-wordpress\/ -->\n<title>Tunisie : Le minist\u00e8re de la Sant\u00e9 veut moderniser la m\u00e9decine nucl\u00e9aire - webdo<\/title>\n<meta name=\"description\" content=\"La m\u00e9decine nucl\u00e9aire en Tunisie s&#039;\u00e9volue avec des initiatives pour int\u00e9grer les technologies r\u00e9centes et am\u00e9liorer les soins aux patients.\" \/>\n<link rel=\"canonical\" href=\"https:\/\/www.webdo.tn\/fr\/actualite\/national\/tunisie-le-ministere-de-la-sante-veut-moderniser-la-medecine-nucleaire\/381512\/\" \/>\n<meta property=\"og:locale\" content=\"fr_FR\" \/>\n<meta property=\"og:type\" content=\"article\" \/>\n<meta property=\"og:title\" content=\"Tunisie : Le minist\u00e8re de la Sant\u00e9 veut moderniser la m\u00e9decine nucl\u00e9aire\" \/>\n<meta property=\"og:description\" content=\"La m\u00e9decine nucl\u00e9aire en Tunisie s&#039;\u00e9volue avec des initiatives pour int\u00e9grer les technologies r\u00e9centes et am\u00e9liorer les soins aux patients.\" \/>\n<meta property=\"og:url\" content=\"https:\/\/www.webdo.tn\/fr\/actualite\/national\/tunisie-le-ministere-de-la-sante-veut-moderniser-la-medecine-nucleaire\/381512\/\" \/>\n<meta property=\"og:site_name\" content=\"webdo\" \/>\n<meta property=\"article:publisher\" content=\"https:\/\/www.facebook.com\/webdotn\" \/>\n<meta property=\"article:published_time\" content=\"2025-08-15T18:56:56+00:00\" \/>\n<meta property=\"article:modified_time\" content=\"2025-08-15T18:57:02+00:00\" \/>\n<meta property=\"og:image\" content=\"https:\/\/www.webdo.tn\/fr\/wp-content\/uploads\/2025\/08\/534411640_1180742034096257_236315746316255039_n.jpg\" \/>\n\t<meta property=\"og:image:width\" content=\"2048\" \/>\n\t<meta property=\"og:image:height\" content=\"1366\" \/>\n\t<meta property=\"og:image:type\" content=\"image\/jpeg\" \/>\n<meta name=\"author\" content=\"Mohamed Fethi\" \/>\n<meta name=\"twitter:card\" content=\"summary_large_image\" \/>\n<meta name=\"twitter:creator\" content=\"@webdo_tn\" \/>\n<meta name=\"twitter:site\" content=\"@webdo_tn\" \/>\n<meta name=\"twitter:label1\" content=\"\u00c9crit par\" \/>\n\t<meta name=\"twitter:data1\" content=\"Mohamed Fethi\" \/>\n\t<meta name=\"twitter:label2\" content=\"Dur\u00e9e de lecture estim\u00e9e\" \/>\n\t<meta name=\"twitter:data2\" content=\"2 minutes\" \/>\n<script type=\"application\/ld+json\" class=\"yoast-schema-graph\">{\"@context\":\"https:\\\/\\\/schema.org\",\"@graph\":[{\"@type\":\"NewsArticle\",\"@id\":\"https:\\\/\\\/www.webdo.tn\\\/fr\\\/actualite\\\/national\\\/tunisie-le-ministere-de-la-sante-veut-moderniser-la-medecine-nucleaire\\\/381512\\\/#article\",\"isPartOf\":{\"@id\":\"https:\\\/\\\/www.webdo.tn\\\/fr\\\/actualite\\\/national\\\/tunisie-le-ministere-de-la-sante-veut-moderniser-la-medecine-nucleaire\\\/381512\\\/\"},\"author\":{\"name\":\"Mohamed Fethi\",\"@id\":\"https:\\\/\\\/www.webdo.tn\\\/fr\\\/#\\\/schema\\\/person\\\/16a4857e77dfc0b610c4c2cadffc9ac4\"},\"headline\":\"Tunisie : Le minist\u00e8re de la Sant\u00e9 veut moderniser la m\u00e9decine nucl\u00e9aire\",\"datePublished\":\"2025-08-15T18:56:56+00:00\",\"dateModified\":\"2025-08-15T18:57:02+00:00\",\"mainEntityOfPage\":{\"@id\":\"https:\\\/\\\/www.webdo.tn\\\/fr\\\/actualite\\\/national\\\/tunisie-le-ministere-de-la-sante-veut-moderniser-la-medecine-nucleaire\\\/381512\\\/\"},\"wordCount\":232,\"commentCount\":0,\"publisher\":{\"@id\":\"https:\\\/\\\/www.webdo.tn\\\/fr\\\/#organization\"},\"image\":{\"@id\":\"https:\\\/\\\/www.webdo.tn\\\/fr\\\/actualite\\\/national\\\/tunisie-le-ministere-de-la-sante-veut-moderniser-la-medecine-nucleaire\\\/381512\\\/#primaryimage\"},\"thumbnailUrl\":\"https:\\\/\\\/www.webdo.tn\\\/fr\\\/wp-content\\\/uploads\\\/2025\\\/08\\\/534411640_1180742034096257_236315746316255039_n.jpg\",\"keywords\":[\"m\u00e9decine\",\"M\u00e9decine nucl\u00e9aire\",\"Sant\u00e9\",\"Tunisie\"],\"articleSection\":[\"National\"],\"inLanguage\":\"fr-FR\"},{\"@type\":\"WebPage\",\"@id\":\"https:\\\/\\\/www.webdo.tn\\\/fr\\\/actualite\\\/national\\\/tunisie-le-ministere-de-la-sante-veut-moderniser-la-medecine-nucleaire\\\/381512\\\/\",\"url\":\"https:\\\/\\\/www.webdo.tn\\\/fr\\\/actualite\\\/national\\\/tunisie-le-ministere-de-la-sante-veut-moderniser-la-medecine-nucleaire\\\/381512\\\/\",\"name\":\"Tunisie : Le minist\u00e8re de la Sant\u00e9 veut moderniser la m\u00e9decine nucl\u00e9aire - webdo\",\"isPartOf\":{\"@id\":\"https:\\\/\\\/www.webdo.tn\\\/fr\\\/#website\"},\"primaryImageOfPage\":{\"@id\":\"https:\\\/\\\/www.webdo.tn\\\/fr\\\/actualite\\\/national\\\/tunisie-le-ministere-de-la-sante-veut-moderniser-la-medecine-nucleaire\\\/381512\\\/#primaryimage\"},\"image\":{\"@id\":\"https:\\\/\\\/www.webdo.tn\\\/fr\\\/actualite\\\/national\\\/tunisie-le-ministere-de-la-sante-veut-moderniser-la-medecine-nucleaire\\\/381512\\\/#primaryimage\"},\"thumbnailUrl\":\"https:\\\/\\\/www.webdo.tn\\\/fr\\\/wp-content\\\/uploads\\\/2025\\\/08\\\/534411640_1180742034096257_236315746316255039_n.jpg\",\"datePublished\":\"2025-08-15T18:56:56+00:00\",\"dateModified\":\"2025-08-15T18:57:02+00:00\",\"description\":\"La m\u00e9decine nucl\u00e9aire en Tunisie s'\u00e9volue avec des initiatives pour int\u00e9grer les technologies r\u00e9centes et am\u00e9liorer les soins aux patients.\",\"breadcrumb\":{\"@id\":\"https:\\\/\\\/www.webdo.tn\\\/fr\\\/actualite\\\/national\\\/tunisie-le-ministere-de-la-sante-veut-moderniser-la-medecine-nucleaire\\\/381512\\\/#breadcrumb\"},\"inLanguage\":\"fr-FR\",\"potentialAction\":[{\"@type\":\"ReadAction\",\"target\":[\"https:\\\/\\\/www.webdo.tn\\\/fr\\\/actualite\\\/national\\\/tunisie-le-ministere-de-la-sante-veut-moderniser-la-medecine-nucleaire\\\/381512\\\/\"]}]},{\"@type\":\"ImageObject\",\"inLanguage\":\"fr-FR\",\"@id\":\"https:\\\/\\\/www.webdo.tn\\\/fr\\\/actualite\\\/national\\\/tunisie-le-ministere-de-la-sante-veut-moderniser-la-medecine-nucleaire\\\/381512\\\/#primaryimage\",\"url\":\"https:\\\/\\\/www.webdo.tn\\\/fr\\\/wp-content\\\/uploads\\\/2025\\\/08\\\/534411640_1180742034096257_236315746316255039_n.jpg\",\"contentUrl\":\"https:\\\/\\\/www.webdo.tn\\\/fr\\\/wp-content\\\/uploads\\\/2025\\\/08\\\/534411640_1180742034096257_236315746316255039_n.jpg\",\"width\":2048,\"height\":1366},{\"@type\":\"BreadcrumbList\",\"@id\":\"https:\\\/\\\/www.webdo.tn\\\/fr\\\/actualite\\\/national\\\/tunisie-le-ministere-de-la-sante-veut-moderniser-la-medecine-nucleaire\\\/381512\\\/#breadcrumb\",\"itemListElement\":[{\"@type\":\"ListItem\",\"position\":1,\"name\":\"Accueil\",\"item\":\"https:\\\/\\\/www.webdo.tn\\\/fr\\\/\"},{\"@type\":\"ListItem\",\"position\":2,\"name\":\"Tunisie : Le minist\u00e8re de la Sant\u00e9 veut moderniser la m\u00e9decine nucl\u00e9aire\"}]},{\"@type\":\"WebSite\",\"@id\":\"https:\\\/\\\/www.webdo.tn\\\/fr\\\/#website\",\"url\":\"https:\\\/\\\/www.webdo.tn\\\/fr\\\/\",\"name\":\"webdo\",\"description\":\"Tunisie - News en Tunisie et \u00e0 l&#039;international sur Webdo.tn\",\"publisher\":{\"@id\":\"https:\\\/\\\/www.webdo.tn\\\/fr\\\/#organization\"},\"potentialAction\":[{\"@type\":\"SearchAction\",\"target\":{\"@type\":\"EntryPoint\",\"urlTemplate\":\"https:\\\/\\\/www.webdo.tn\\\/fr\\\/?s={search_term_string}\"},\"query-input\":{\"@type\":\"PropertyValueSpecification\",\"valueRequired\":true,\"valueName\":\"search_term_string\"}}],\"inLanguage\":\"fr-FR\"},{\"@type\":\"Organization\",\"@id\":\"https:\\\/\\\/www.webdo.tn\\\/fr\\\/#organization\",\"name\":\"Webdo\",\"alternateName\":\"Webdo.tn\",\"url\":\"https:\\\/\\\/www.webdo.tn\\\/fr\\\/\",\"logo\":{\"@type\":\"ImageObject\",\"inLanguage\":\"fr-FR\",\"@id\":\"https:\\\/\\\/www.webdo.tn\\\/fr\\\/#\\\/schema\\\/logo\\\/image\\\/\",\"url\":\"https:\\\/\\\/www.webdo.tn\\\/fr\\\/wp-content\\\/uploads\\\/2025\\\/06\\\/Webdo-Tunisie_168377.jpg\",\"contentUrl\":\"https:\\\/\\\/www.webdo.tn\\\/fr\\\/wp-content\\\/uploads\\\/2025\\\/06\\\/Webdo-Tunisie_168377.jpg\",\"width\":301,\"height\":301,\"caption\":\"Webdo\"},\"image\":{\"@id\":\"https:\\\/\\\/www.webdo.tn\\\/fr\\\/#\\\/schema\\\/logo\\\/image\\\/\"},\"sameAs\":[\"https:\\\/\\\/www.facebook.com\\\/webdotn\",\"https:\\\/\\\/x.com\\\/webdo_tn\"],\"description\":\"Webdo est un m\u00e9dia num\u00e9rique tunisien fond\u00e9 en 2010, sp\u00e9cialis\u00e9 dans l\u2019actualit\u00e9 nationale et internationale, l\u2019\u00e9conomie, la soci\u00e9t\u00e9 et les analyses politiques. Le site s\u2019adresse \u00e0 un large public francophone et couvre l\u2019information tunisienne en temps r\u00e9el.\",\"email\":\"redac@webdo.tn\",\"legalName\":\"YNJ SARL\",\"foundingDate\":\"2010-09-06\",\"numberOfEmployees\":{\"@type\":\"QuantitativeValue\",\"minValue\":\"11\",\"maxValue\":\"50\"}},{\"@type\":\"Person\",\"@id\":\"https:\\\/\\\/www.webdo.tn\\\/fr\\\/#\\\/schema\\\/person\\\/16a4857e77dfc0b610c4c2cadffc9ac4\",\"name\":\"Mohamed Fethi\",\"image\":{\"@type\":\"ImageObject\",\"inLanguage\":\"fr-FR\",\"@id\":\"https:\\\/\\\/www.webdo.tn\\\/fr\\\/wp-content\\\/uploads\\\/2026\\\/04\\\/mohamed-fethi_avatar_1-96x96.jpg\",\"url\":\"https:\\\/\\\/www.webdo.tn\\\/fr\\\/wp-content\\\/uploads\\\/2026\\\/04\\\/mohamed-fethi_avatar_1-96x96.jpg\",\"contentUrl\":\"https:\\\/\\\/www.webdo.tn\\\/fr\\\/wp-content\\\/uploads\\\/2026\\\/04\\\/mohamed-fethi_avatar_1-96x96.jpg\",\"caption\":\"Mohamed Fethi\"},\"description\":\"Signature \u00e9ditoriale de Maher Chaabane Mohamed Fethi est le pseudonyme \u00e9ditorial de Maher Chaabane, r\u00e9dacteur en chef de Webdo.tn depuis 2012. Cette signature est d\u00e9di\u00e9e au traitement intensif de l'actualit\u00e9 nationale et internationale en temps r\u00e9el. S'appuyant sur les deux d\u00e9cennies d'expertise journalistique de Maher Chaabane \u2014 d\u00e9but\u00e9e au sein du groupe Tunis Hebdo en 2000 \u2014 Mohamed Fethi assure une veille rigoureuse sur les enjeux politiques, \u00e9conomiques et sportifs. Sa mission est de garantir une information structur\u00e9e, fluide et fid\u00e8le aux standards de la r\u00e9daction. Pour consulter le parcours complet du r\u00e9dacteur en chef, visitez le profil officiel de Maher Chaabane.\",\"knowsAbout\":[\"actualit\u00e9\",\"journalisme\",\"information\",\"politique\",\"sport\",\"m\u00e9dias\",\"actualit\u00e9 internationale\"],\"knowsLanguage\":[\"Fran\u00e7ais\",\"Arabe\"],\"jobTitle\":\"Journaliste \u2013 R\u00e9daction Webdo\",\"worksFor\":\"Webdo.tn\",\"url\":\"https:\\\/\\\/www.webdo.tn\\\/fr\\\/actualite\\\/author\\\/mohamed-fethi\\\/\"}]}<\/script>\n<!-- \/ Yoast SEO Premium plugin. -->","yoast_head_json":{"title":"Tunisie : Le minist\u00e8re de la Sant\u00e9 veut moderniser la m\u00e9decine nucl\u00e9aire - webdo","description":"La m\u00e9decine nucl\u00e9aire en Tunisie s'\u00e9volue avec des initiatives pour int\u00e9grer les technologies r\u00e9centes et am\u00e9liorer les soins aux patients.","canonical":"https:\/\/www.webdo.tn\/fr\/actualite\/national\/tunisie-le-ministere-de-la-sante-veut-moderniser-la-medecine-nucleaire\/381512\/","og_locale":"fr_FR","og_type":"article","og_title":"Tunisie : Le minist\u00e8re de la Sant\u00e9 veut moderniser la m\u00e9decine nucl\u00e9aire","og_description":"La m\u00e9decine nucl\u00e9aire en Tunisie s'\u00e9volue avec des initiatives pour int\u00e9grer les technologies r\u00e9centes et am\u00e9liorer les soins aux patients.","og_url":"https:\/\/www.webdo.tn\/fr\/actualite\/national\/tunisie-le-ministere-de-la-sante-veut-moderniser-la-medecine-nucleaire\/381512\/","og_site_name":"webdo","article_publisher":"https:\/\/www.facebook.com\/webdotn","article_published_time":"2025-08-15T18:56:56+00:00","article_modified_time":"2025-08-15T18:57:02+00:00","og_image":[{"width":2048,"height":1366,"url":"https:\/\/www.webdo.tn\/fr\/wp-content\/uploads\/2025\/08\/534411640_1180742034096257_236315746316255039_n.jpg","type":"image\/jpeg"}],"author":"Mohamed Fethi","twitter_card":"summary_large_image","twitter_creator":"@webdo_tn","twitter_site":"@webdo_tn","twitter_misc":{"\u00c9crit par":"Mohamed Fethi","Dur\u00e9e de lecture estim\u00e9e":"2 minutes"},"schema":{"@context":"https:\/\/schema.org","@graph":[{"@type":"NewsArticle","@id":"https:\/\/www.webdo.tn\/fr\/actualite\/national\/tunisie-le-ministere-de-la-sante-veut-moderniser-la-medecine-nucleaire\/381512\/#article","isPartOf":{"@id":"https:\/\/www.webdo.tn\/fr\/actualite\/national\/tunisie-le-ministere-de-la-sante-veut-moderniser-la-medecine-nucleaire\/381512\/"},"author":{"name":"Mohamed Fethi","@id":"https:\/\/www.webdo.tn\/fr\/#\/schema\/person\/16a4857e77dfc0b610c4c2cadffc9ac4"},"headline":"Tunisie : Le minist\u00e8re de la Sant\u00e9 veut moderniser la m\u00e9decine nucl\u00e9aire","datePublished":"2025-08-15T18:56:56+00:00","dateModified":"2025-08-15T18:57:02+00:00","mainEntityOfPage":{"@id":"https:\/\/www.webdo.tn\/fr\/actualite\/national\/tunisie-le-ministere-de-la-sante-veut-moderniser-la-medecine-nucleaire\/381512\/"},"wordCount":232,"commentCount":0,"publisher":{"@id":"https:\/\/www.webdo.tn\/fr\/#organization"},"image":{"@id":"https:\/\/www.webdo.tn\/fr\/actualite\/national\/tunisie-le-ministere-de-la-sante-veut-moderniser-la-medecine-nucleaire\/381512\/#primaryimage"},"thumbnailUrl":"https:\/\/www.webdo.tn\/fr\/wp-content\/uploads\/2025\/08\/534411640_1180742034096257_236315746316255039_n.jpg","keywords":["m\u00e9decine","M\u00e9decine nucl\u00e9aire","Sant\u00e9","Tunisie"],"articleSection":["National"],"inLanguage":"fr-FR"},{"@type":"WebPage","@id":"https:\/\/www.webdo.tn\/fr\/actualite\/national\/tunisie-le-ministere-de-la-sante-veut-moderniser-la-medecine-nucleaire\/381512\/","url":"https:\/\/www.webdo.tn\/fr\/actualite\/national\/tunisie-le-ministere-de-la-sante-veut-moderniser-la-medecine-nucleaire\/381512\/","name":"Tunisie : Le minist\u00e8re de la Sant\u00e9 veut moderniser la m\u00e9decine nucl\u00e9aire - webdo","isPartOf":{"@id":"https:\/\/www.webdo.tn\/fr\/#website"},"primaryImageOfPage":{"@id":"https:\/\/www.webdo.tn\/fr\/actualite\/national\/tunisie-le-ministere-de-la-sante-veut-moderniser-la-medecine-nucleaire\/381512\/#primaryimage"},"image":{"@id":"https:\/\/www.webdo.tn\/fr\/actualite\/national\/tunisie-le-ministere-de-la-sante-veut-moderniser-la-medecine-nucleaire\/381512\/#primaryimage"},"thumbnailUrl":"https:\/\/www.webdo.tn\/fr\/wp-content\/uploads\/2025\/08\/534411640_1180742034096257_236315746316255039_n.jpg","datePublished":"2025-08-15T18:56:56+00:00","dateModified":"2025-08-15T18:57:02+00:00","description":"La m\u00e9decine nucl\u00e9aire en Tunisie s'\u00e9volue avec des initiatives pour int\u00e9grer les technologies r\u00e9centes et am\u00e9liorer les soins aux patients.","breadcrumb":{"@id":"https:\/\/www.webdo.tn\/fr\/actualite\/national\/tunisie-le-ministere-de-la-sante-veut-moderniser-la-medecine-nucleaire\/381512\/#breadcrumb"},"inLanguage":"fr-FR","potentialAction":[{"@type":"ReadAction","target":["https:\/\/www.webdo.tn\/fr\/actualite\/national\/tunisie-le-ministere-de-la-sante-veut-moderniser-la-medecine-nucleaire\/381512\/"]}]},{"@type":"ImageObject","inLanguage":"fr-FR","@id":"https:\/\/www.webdo.tn\/fr\/actualite\/national\/tunisie-le-ministere-de-la-sante-veut-moderniser-la-medecine-nucleaire\/381512\/#primaryimage","url":"https:\/\/www.webdo.tn\/fr\/wp-content\/uploads\/2025\/08\/534411640_1180742034096257_236315746316255039_n.jpg","contentUrl":"https:\/\/www.webdo.tn\/fr\/wp-content\/uploads\/2025\/08\/534411640_1180742034096257_236315746316255039_n.jpg","width":2048,"height":1366},{"@type":"BreadcrumbList","@id":"https:\/\/www.webdo.tn\/fr\/actualite\/national\/tunisie-le-ministere-de-la-sante-veut-moderniser-la-medecine-nucleaire\/381512\/#breadcrumb","itemListElement":[{"@type":"ListItem","position":1,"name":"Accueil","item":"https:\/\/www.webdo.tn\/fr\/"},{"@type":"ListItem","position":2,"name":"Tunisie : Le minist\u00e8re de la Sant\u00e9 veut moderniser la m\u00e9decine nucl\u00e9aire"}]},{"@type":"WebSite","@id":"https:\/\/www.webdo.tn\/fr\/#website","url":"https:\/\/www.webdo.tn\/fr\/","name":"webdo","description":"Tunisie - News en Tunisie et \u00e0 l&#039;international sur Webdo.tn","publisher":{"@id":"https:\/\/www.webdo.tn\/fr\/#organization"},"potentialAction":[{"@type":"SearchAction","target":{"@type":"EntryPoint","urlTemplate":"https:\/\/www.webdo.tn\/fr\/?s={search_term_string}"},"query-input":{"@type":"PropertyValueSpecification","valueRequired":true,"valueName":"search_term_string"}}],"inLanguage":"fr-FR"},{"@type":"Organization","@id":"https:\/\/www.webdo.tn\/fr\/#organization","name":"Webdo","alternateName":"Webdo.tn","url":"https:\/\/www.webdo.tn\/fr\/","logo":{"@type":"ImageObject","inLanguage":"fr-FR","@id":"https:\/\/www.webdo.tn\/fr\/#\/schema\/logo\/image\/","url":"https:\/\/www.webdo.tn\/fr\/wp-content\/uploads\/2025\/06\/Webdo-Tunisie_168377.jpg","contentUrl":"https:\/\/www.webdo.tn\/fr\/wp-content\/uploads\/2025\/06\/Webdo-Tunisie_168377.jpg","width":301,"height":301,"caption":"Webdo"},"image":{"@id":"https:\/\/www.webdo.tn\/fr\/#\/schema\/logo\/image\/"},"sameAs":["https:\/\/www.facebook.com\/webdotn","https:\/\/x.com\/webdo_tn"],"description":"Webdo est un m\u00e9dia num\u00e9rique tunisien fond\u00e9 en 2010, sp\u00e9cialis\u00e9 dans l\u2019actualit\u00e9 nationale et internationale, l\u2019\u00e9conomie, la soci\u00e9t\u00e9 et les analyses politiques. Le site s\u2019adresse \u00e0 un large public francophone et couvre l\u2019information tunisienne en temps r\u00e9el.","email":"redac@webdo.tn","legalName":"YNJ SARL","foundingDate":"2010-09-06","numberOfEmployees":{"@type":"QuantitativeValue","minValue":"11","maxValue":"50"}},{"@type":"Person","@id":"https:\/\/www.webdo.tn\/fr\/#\/schema\/person\/16a4857e77dfc0b610c4c2cadffc9ac4","name":"Mohamed Fethi","image":{"@type":"ImageObject","inLanguage":"fr-FR","@id":"https:\/\/www.webdo.tn\/fr\/wp-content\/uploads\/2026\/04\/mohamed-fethi_avatar_1-96x96.jpg","url":"https:\/\/www.webdo.tn\/fr\/wp-content\/uploads\/2026\/04\/mohamed-fethi_avatar_1-96x96.jpg","contentUrl":"https:\/\/www.webdo.tn\/fr\/wp-content\/uploads\/2026\/04\/mohamed-fethi_avatar_1-96x96.jpg","caption":"Mohamed Fethi"},"description":"Signature \u00e9ditoriale de Maher Chaabane Mohamed Fethi est le pseudonyme \u00e9ditorial de Maher Chaabane, r\u00e9dacteur en chef de Webdo.tn depuis 2012. Cette signature est d\u00e9di\u00e9e au traitement intensif de l'actualit\u00e9 nationale et internationale en temps r\u00e9el. S'appuyant sur les deux d\u00e9cennies d'expertise journalistique de Maher Chaabane \u2014 d\u00e9but\u00e9e au sein du groupe Tunis Hebdo en 2000 \u2014 Mohamed Fethi assure une veille rigoureuse sur les enjeux politiques, \u00e9conomiques et sportifs. Sa mission est de garantir une information structur\u00e9e, fluide et fid\u00e8le aux standards de la r\u00e9daction. Pour consulter le parcours complet du r\u00e9dacteur en chef, visitez le profil officiel de Maher Chaabane.","knowsAbout":["actualit\u00e9","journalisme","information","politique","sport","m\u00e9dias","actualit\u00e9 internationale"],"knowsLanguage":["Fran\u00e7ais","Arabe"],"jobTitle":"Journaliste \u2013 R\u00e9daction Webdo","worksFor":"Webdo.tn","url":"https:\/\/www.webdo.tn\/fr\/actualite\/author\/mohamed-fethi\/"}]}},"_links":{"self":[{"href":"https:\/\/www.webdo.tn\/fr\/wp-json\/wp\/v2\/posts\/381512","targetHints":{"allow":["GET"]}}],"collection":[{"href":"https:\/\/www.webdo.tn\/fr\/wp-json\/wp\/v2\/posts"}],"about":[{"href":"https:\/\/www.webdo.tn\/fr\/wp-json\/wp\/v2\/types\/post"}],"author":[{"embeddable":true,"href":"https:\/\/www.webdo.tn\/fr\/wp-json\/wp\/v2\/users\/4782"}],"replies":[{"embeddable":true,"href":"https:\/\/www.webdo.tn\/fr\/wp-json\/wp\/v2\/comments?post=381512"}],"version-history":[{"count":0,"href":"https:\/\/www.webdo.tn\/fr\/wp-json\/wp\/v2\/posts\/381512\/revisions"}],"wp:featuredmedia":[{"embeddable":true,"href":"https:\/\/www.webdo.tn\/fr\/wp-json\/wp\/v2\/media\/381514"}],"wp:attachment":[{"href":"https:\/\/www.webdo.tn\/fr\/wp-json\/wp\/v2\/media?parent=381512"}],"wp:term":[{"taxonomy":"category","embeddable":true,"href":"https:\/\/www.webdo.tn\/fr\/wp-json\/wp\/v2\/categories?post=381512"},{"taxonomy":"post_tag","embeddable":true,"href":"https:\/\/www.webdo.tn\/fr\/wp-json\/wp\/v2\/tags?post=381512"}],"curies":[{"name":"wp","href":"https:\/\/api.w.org\/{rel}","templated":true}]}}