{"id":381481,"date":"2025-08-15T09:54:43","date_gmt":"2025-08-15T08:54:43","guid":{"rendered":"https:\/\/www.webdo.tn\/fr\/?p=381481"},"modified":"2025-08-15T10:02:09","modified_gmt":"2025-08-15T09:02:09","slug":"la-goulette-aujourdhui-messe-de-lassomption-procession-de-la-madone-et-prieres-pour-la-paix","status":"publish","type":"post","link":"https:\/\/www.webdo.tn\/fr\/actualite\/chroniques\/la-goulette-aujourdhui-messe-de-lassomption-procession-de-la-madone-et-prieres-pour-la-paix\/381481\/","title":{"rendered":"La Goulette : Aujourd\u2019hui, messe de l&rsquo;Assomption, procession de la Madone et pri\u00e8res pour la paix"},"content":{"rendered":"\n<p>La traditionnelle procession de la Madone de Trapani aura lieu aujourd&rsquo;hui, vendredi 15 ao\u00fbt, et sera presid\u00e9e par Monseigneur Nicolas Lhernould, archev\u00eaque de Tunis.<\/p>\n\n\n\n<p>Comme de coutume, toutes les traditions religieuses seront pr\u00e9sentes pour cette c\u00e9l\u00e9bration qui sera avant tout un moment de pri\u00e8re.<\/p>\n\n\n\n<p>La procession proprement dite sera pr\u00e9c\u00e9d\u00e9e par une messe au cours de laquelle une hom\u00e9lie sera prononc\u00e9e par l&rsquo;archev\u00eaque.<\/p>\n\n\n\n<p>Nous vous invitons \u00e0 red\u00e9couvrir l&rsquo;histoire de cette procession et son caract\u00e8re singulier \u00e0 travers ce billet.<\/p>\n\n\n\n<p>A La Goulette, la tradition de la procession de la Madone remonte au d\u00e9but du vingti\u00e8me si\u00e8cle. Cette coutume est probablement n\u00e9e suite \u00e0 une initiative de l&rsquo;abb\u00e9 Leynaud, cur\u00e9 de l&rsquo;\u00e9glise de La Goulette. En ce sens, de tr\u00e8s nombreux paroissiens de l&rsquo;\u00e9glise de La Goulette \u00e9taient originaires de Trapani, en Italie.<\/p>\n\n\n\n<p>C&rsquo;est cet abb\u00e9 qui est en effet r\u00e9put\u00e9 avoir install\u00e9 les nombreuses statues de cette \u00e9glise ainsi que l&rsquo;autel de la Vierge de Trapani.<\/p>\n\n\n\n<p>Prenant sa succession, l&rsquo;abb\u00e9 Xavier Saliba confirmera cette tradition et lui donnera un caract\u00e8re embl\u00e9matique.<\/p>\n\n\n\n<p>Cet abb\u00e9 d&rsquo;origine maltaise veillera aux destin\u00e9es de cette paroisse pendant trente-huit ans, de 1901 \u00e0 1939. Une plaque comm\u00e9morative salue son d\u00e9vouement et se trouve \u00e0 l&rsquo;int\u00e9rieur de l&rsquo;\u00e9glise.<\/p>\n\n\n\n<p>Cette \u00e9glise est par illeurs plac\u00e9e sous le double patronage de Saint-Fid\u00e8le (car son fondateur Monseigneur Sutter portait ce pr\u00e9nom) et Saint-Augustin ( car des Ermites augustiniens de Malte ont longtemps \u00e9t\u00e9 cur\u00e9s de l&rsquo;\u00e9glise).<\/p>\n\n\n\n<p>Revenons maintenant \u00e0 la fameuse procession de la Vierge de Trapani, la madone, comme l&rsquo;ont toujours nomm\u00e9e les Goulettois.<\/p>\n\n\n\n<p>A ses d\u00e9buts, cette procession ob\u00e9issait au rituel suivant: une messe pontificale suivie de v\u00eapres puis de la procession proprement dite. Ensuite avaient lieu des illuminations de l&rsquo;\u00e9glise, un feu d&rsquo;artifice et un concert sur la place publique.<\/p>\n\n\n\n<p>Pour la procession, la statue de la Vierge de Trapani est port\u00e9e sur un brancard par une dizaine d&rsquo;hommes. La foule, plut\u00f4t dense, tentait alors de toucher la statue qui passait les rues de la Petite Sicile pour se diriger vers le port afin d&rsquo;y b\u00e9nir les bateaux des p\u00eacheurs, pavois\u00e9s pour l&rsquo;occasion.<\/p>\n\n\n\n<p>Cette tradition s&rsquo;est maintenue fort longtemps et il est de temps en temps question de la r\u00e9tablir sans que l&rsquo;id\u00e9e ne connut de concr\u00e9tisation.<\/p>\n\n\n\n<p>La procession de la Vierge de Trapani avait lieu le 15 ao\u00fbt de chaque ann\u00e9e sur fond de c\u00e9l\u00e9bration de l&rsquo;Assomption. Elle donnait lieu \u00e0 des cort\u00e8ges impressionnants auxquels se joignaient Goulettois juifs et musulmans.<\/p>\n\n\n\n<p>Aujourd&rsquo;hui, la statue de Notre-Dame de Trapani se trouve toujours en l&rsquo;Eglise de La Goulette, au-dessus de l&rsquo;autel qui lui est consacr\u00e9.<\/p>\n\n\n\n<p>Elle compte parmi les exemplaires l\u00e9gendaires de la convivialit\u00e9 tunisienne et, placide et recueillie, attend un jour prochain, d&rsquo;heureux rendez-vous.<\/p>\n\n\n\n<p>Soulignons enfin que cet \u00e9v\u00e9nement est li\u00e9 \u00e0 la f\u00eate chr\u00e9tienne de l&rsquo;Assomption, c\u00e9l\u00e9br\u00e9e tous les 15 ao\u00fbt.<\/p>\n\n\n\n<figure class=\"wp-block-image size-full\"><img decoding=\"async\" width=\"720\" height=\"480\" src=\"https:\/\/www.webdo.tn\/fr\/wp-content\/uploads\/2025\/08\/image.png\" alt=\"\" class=\"wp-image-381488\" srcset=\"https:\/\/www.webdo.tn\/fr\/wp-content\/uploads\/2025\/08\/image.png 720w, https:\/\/www.webdo.tn\/fr\/wp-content\/uploads\/2025\/08\/image-300x200.png 300w\" sizes=\"(max-width: 720px) 100vw, 720px\" \/><\/figure>\n\n\n\n<p><\/p>\n","protected":false},"excerpt":{"rendered":"<p>La traditionnelle procession de la Madone de Trapani aura lieu aujourd&rsquo;hui, vendredi 15 ao\u00fbt, et sera presid\u00e9e par Monseigneur Nicolas Lhernould, archev\u00eaque de Tunis. Comme de coutume, toutes les traditions religieuses seront pr\u00e9sentes pour cette c\u00e9l\u00e9bration qui sera avant tout un moment de pri\u00e8re. La procession proprement dite sera pr\u00e9c\u00e9d\u00e9e par une messe au cours [&hellip;]<\/p>\n","protected":false},"author":3229,"featured_media":381483,"comment_status":"open","ping_status":"open","sticky":false,"template":"","format":"standard","meta":{"footnotes":""},"categories":[2596],"tags":[3958,5936,2608],"class_list":["post-381481","post","type-post","status-publish","format-standard","has-post-thumbnail","hentry","category-chroniques","tag-la-goulette","tag-madone-de-trapani","tag-tunisie"],"yoast_head":"<!-- This site is optimized with the Yoast SEO Premium plugin v27.5 (Yoast SEO v27.5) - https:\/\/yoast.com\/product\/yoast-seo-premium-wordpress\/ -->\n<title>La Goulette : Aujourd\u2019hui, messe de l&#039;Assomption, procession de la Madone et pri\u00e8res pour la paix - webdo<\/title>\n<meta name=\"description\" content=\"D\u00e9couvrez La Goulette : Aujourd\u2019hui, messe de l&#039;Assomption et procession de la Madone pour prier pour la paix.\" \/>\n<link rel=\"canonical\" href=\"https:\/\/www.webdo.tn\/fr\/actualite\/chroniques\/la-goulette-aujourdhui-messe-de-lassomption-procession-de-la-madone-et-prieres-pour-la-paix\/381481\/\" \/>\n<meta property=\"og:locale\" content=\"fr_FR\" \/>\n<meta property=\"og:type\" content=\"article\" \/>\n<meta property=\"og:title\" content=\"La Goulette : Aujourd\u2019hui, messe de l&#039;Assomption, procession de la Madone et pri\u00e8res pour la paix\" \/>\n<meta property=\"og:description\" content=\"D\u00e9couvrez La Goulette : Aujourd\u2019hui, messe de l&#039;Assomption et procession de la Madone pour prier pour la paix.\" \/>\n<meta property=\"og:url\" content=\"https:\/\/www.webdo.tn\/fr\/actualite\/chroniques\/la-goulette-aujourdhui-messe-de-lassomption-procession-de-la-madone-et-prieres-pour-la-paix\/381481\/\" \/>\n<meta property=\"og:site_name\" content=\"webdo\" \/>\n<meta property=\"article:publisher\" content=\"https:\/\/www.facebook.com\/webdotn\" \/>\n<meta property=\"article:author\" content=\"https:\/\/www.facebook.com\/hatem.bourial.2025\" \/>\n<meta property=\"article:published_time\" content=\"2025-08-15T08:54:43+00:00\" \/>\n<meta property=\"article:modified_time\" content=\"2025-08-15T09:02:09+00:00\" \/>\n<meta property=\"og:image\" content=\"https:\/\/www.webdo.tn\/fr\/wp-content\/uploads\/2025\/08\/La-Goulette-messe-de-lAssomption.jpg\" \/>\n\t<meta property=\"og:image:width\" content=\"1307\" \/>\n\t<meta property=\"og:image:height\" content=\"646\" \/>\n\t<meta property=\"og:image:type\" content=\"image\/jpeg\" \/>\n<meta name=\"author\" content=\"Hatem Bourial\" \/>\n<meta name=\"twitter:card\" content=\"summary_large_image\" \/>\n<meta name=\"twitter:creator\" content=\"@webdo_tn\" \/>\n<meta name=\"twitter:site\" content=\"@webdo_tn\" \/>\n<meta name=\"twitter:label1\" content=\"\u00c9crit par\" \/>\n\t<meta name=\"twitter:data1\" content=\"Hatem Bourial\" \/>\n\t<meta name=\"twitter:label2\" content=\"Dur\u00e9e de lecture estim\u00e9e\" \/>\n\t<meta name=\"twitter:data2\" content=\"3 minutes\" \/>\n<script type=\"application\/ld+json\" class=\"yoast-schema-graph\">{\"@context\":\"https:\\\/\\\/schema.org\",\"@graph\":[{\"@type\":\"NewsArticle\",\"@id\":\"https:\\\/\\\/www.webdo.tn\\\/fr\\\/actualite\\\/chroniques\\\/la-goulette-aujourdhui-messe-de-lassomption-procession-de-la-madone-et-prieres-pour-la-paix\\\/381481\\\/#article\",\"isPartOf\":{\"@id\":\"https:\\\/\\\/www.webdo.tn\\\/fr\\\/actualite\\\/chroniques\\\/la-goulette-aujourdhui-messe-de-lassomption-procession-de-la-madone-et-prieres-pour-la-paix\\\/381481\\\/\"},\"author\":{\"name\":\"Hatem Bourial\",\"@id\":\"https:\\\/\\\/www.webdo.tn\\\/fr\\\/#\\\/schema\\\/person\\\/6bc0beba2cd23aec27cb5df85ca2554f\"},\"headline\":\"La Goulette : Aujourd\u2019hui, messe de l&rsquo;Assomption, procession de la Madone et pri\u00e8res pour la paix\",\"datePublished\":\"2025-08-15T08:54:43+00:00\",\"dateModified\":\"2025-08-15T09:02:09+00:00\",\"mainEntityOfPage\":{\"@id\":\"https:\\\/\\\/www.webdo.tn\\\/fr\\\/actualite\\\/chroniques\\\/la-goulette-aujourdhui-messe-de-lassomption-procession-de-la-madone-et-prieres-pour-la-paix\\\/381481\\\/\"},\"wordCount\":553,\"commentCount\":0,\"publisher\":{\"@id\":\"https:\\\/\\\/www.webdo.tn\\\/fr\\\/#organization\"},\"image\":{\"@id\":\"https:\\\/\\\/www.webdo.tn\\\/fr\\\/actualite\\\/chroniques\\\/la-goulette-aujourdhui-messe-de-lassomption-procession-de-la-madone-et-prieres-pour-la-paix\\\/381481\\\/#primaryimage\"},\"thumbnailUrl\":\"https:\\\/\\\/www.webdo.tn\\\/fr\\\/wp-content\\\/uploads\\\/2025\\\/08\\\/La-Goulette-messe-de-lAssomption.jpg\",\"keywords\":[\"la goulette\",\"Madone de Trapani\",\"Tunisie\"],\"articleSection\":[\"Chroniques\"],\"inLanguage\":\"fr-FR\"},{\"@type\":\"WebPage\",\"@id\":\"https:\\\/\\\/www.webdo.tn\\\/fr\\\/actualite\\\/chroniques\\\/la-goulette-aujourdhui-messe-de-lassomption-procession-de-la-madone-et-prieres-pour-la-paix\\\/381481\\\/\",\"url\":\"https:\\\/\\\/www.webdo.tn\\\/fr\\\/actualite\\\/chroniques\\\/la-goulette-aujourdhui-messe-de-lassomption-procession-de-la-madone-et-prieres-pour-la-paix\\\/381481\\\/\",\"name\":\"La Goulette : Aujourd\u2019hui, messe de l'Assomption, procession de la Madone et pri\u00e8res pour la paix - webdo\",\"isPartOf\":{\"@id\":\"https:\\\/\\\/www.webdo.tn\\\/fr\\\/#website\"},\"primaryImageOfPage\":{\"@id\":\"https:\\\/\\\/www.webdo.tn\\\/fr\\\/actualite\\\/chroniques\\\/la-goulette-aujourdhui-messe-de-lassomption-procession-de-la-madone-et-prieres-pour-la-paix\\\/381481\\\/#primaryimage\"},\"image\":{\"@id\":\"https:\\\/\\\/www.webdo.tn\\\/fr\\\/actualite\\\/chroniques\\\/la-goulette-aujourdhui-messe-de-lassomption-procession-de-la-madone-et-prieres-pour-la-paix\\\/381481\\\/#primaryimage\"},\"thumbnailUrl\":\"https:\\\/\\\/www.webdo.tn\\\/fr\\\/wp-content\\\/uploads\\\/2025\\\/08\\\/La-Goulette-messe-de-lAssomption.jpg\",\"datePublished\":\"2025-08-15T08:54:43+00:00\",\"dateModified\":\"2025-08-15T09:02:09+00:00\",\"description\":\"D\u00e9couvrez La Goulette : Aujourd\u2019hui, messe de l'Assomption et procession de la Madone pour prier pour la paix.\",\"breadcrumb\":{\"@id\":\"https:\\\/\\\/www.webdo.tn\\\/fr\\\/actualite\\\/chroniques\\\/la-goulette-aujourdhui-messe-de-lassomption-procession-de-la-madone-et-prieres-pour-la-paix\\\/381481\\\/#breadcrumb\"},\"inLanguage\":\"fr-FR\",\"potentialAction\":[{\"@type\":\"ReadAction\",\"target\":[\"https:\\\/\\\/www.webdo.tn\\\/fr\\\/actualite\\\/chroniques\\\/la-goulette-aujourdhui-messe-de-lassomption-procession-de-la-madone-et-prieres-pour-la-paix\\\/381481\\\/\"]}]},{\"@type\":\"ImageObject\",\"inLanguage\":\"fr-FR\",\"@id\":\"https:\\\/\\\/www.webdo.tn\\\/fr\\\/actualite\\\/chroniques\\\/la-goulette-aujourdhui-messe-de-lassomption-procession-de-la-madone-et-prieres-pour-la-paix\\\/381481\\\/#primaryimage\",\"url\":\"https:\\\/\\\/www.webdo.tn\\\/fr\\\/wp-content\\\/uploads\\\/2025\\\/08\\\/La-Goulette-messe-de-lAssomption.jpg\",\"contentUrl\":\"https:\\\/\\\/www.webdo.tn\\\/fr\\\/wp-content\\\/uploads\\\/2025\\\/08\\\/La-Goulette-messe-de-lAssomption.jpg\",\"width\":1307,\"height\":646,\"caption\":\"La Goulette , messe de l'Assomption\"},{\"@type\":\"BreadcrumbList\",\"@id\":\"https:\\\/\\\/www.webdo.tn\\\/fr\\\/actualite\\\/chroniques\\\/la-goulette-aujourdhui-messe-de-lassomption-procession-de-la-madone-et-prieres-pour-la-paix\\\/381481\\\/#breadcrumb\",\"itemListElement\":[{\"@type\":\"ListItem\",\"position\":1,\"name\":\"Accueil\",\"item\":\"https:\\\/\\\/www.webdo.tn\\\/fr\\\/\"},{\"@type\":\"ListItem\",\"position\":2,\"name\":\"La Goulette : Aujourd\u2019hui, messe de l&rsquo;Assomption, procession de la Madone et pri\u00e8res pour la paix\"}]},{\"@type\":\"WebSite\",\"@id\":\"https:\\\/\\\/www.webdo.tn\\\/fr\\\/#website\",\"url\":\"https:\\\/\\\/www.webdo.tn\\\/fr\\\/\",\"name\":\"webdo\",\"description\":\"Tunisie - News en Tunisie et \u00e0 l&#039;international sur Webdo.tn\",\"publisher\":{\"@id\":\"https:\\\/\\\/www.webdo.tn\\\/fr\\\/#organization\"},\"potentialAction\":[{\"@type\":\"SearchAction\",\"target\":{\"@type\":\"EntryPoint\",\"urlTemplate\":\"https:\\\/\\\/www.webdo.tn\\\/fr\\\/?s={search_term_string}\"},\"query-input\":{\"@type\":\"PropertyValueSpecification\",\"valueRequired\":true,\"valueName\":\"search_term_string\"}}],\"inLanguage\":\"fr-FR\"},{\"@type\":\"Organization\",\"@id\":\"https:\\\/\\\/www.webdo.tn\\\/fr\\\/#organization\",\"name\":\"Webdo\",\"alternateName\":\"Webdo.tn\",\"url\":\"https:\\\/\\\/www.webdo.tn\\\/fr\\\/\",\"logo\":{\"@type\":\"ImageObject\",\"inLanguage\":\"fr-FR\",\"@id\":\"https:\\\/\\\/www.webdo.tn\\\/fr\\\/#\\\/schema\\\/logo\\\/image\\\/\",\"url\":\"https:\\\/\\\/www.webdo.tn\\\/fr\\\/wp-content\\\/uploads\\\/2025\\\/06\\\/Webdo-Tunisie_168377.jpg\",\"contentUrl\":\"https:\\\/\\\/www.webdo.tn\\\/fr\\\/wp-content\\\/uploads\\\/2025\\\/06\\\/Webdo-Tunisie_168377.jpg\",\"width\":301,\"height\":301,\"caption\":\"Webdo\"},\"image\":{\"@id\":\"https:\\\/\\\/www.webdo.tn\\\/fr\\\/#\\\/schema\\\/logo\\\/image\\\/\"},\"sameAs\":[\"https:\\\/\\\/www.facebook.com\\\/webdotn\",\"https:\\\/\\\/x.com\\\/webdo_tn\"],\"description\":\"Webdo est un m\u00e9dia num\u00e9rique tunisien fond\u00e9 en 2010, sp\u00e9cialis\u00e9 dans l\u2019actualit\u00e9 nationale et internationale, l\u2019\u00e9conomie, la soci\u00e9t\u00e9 et les analyses politiques. Le site s\u2019adresse \u00e0 un large public francophone et couvre l\u2019information tunisienne en temps r\u00e9el.\",\"email\":\"redac@webdo.tn\",\"legalName\":\"YNJ SARL\",\"foundingDate\":\"2010-09-06\",\"numberOfEmployees\":{\"@type\":\"QuantitativeValue\",\"minValue\":\"11\",\"maxValue\":\"50\"}},{\"@type\":\"Person\",\"@id\":\"https:\\\/\\\/www.webdo.tn\\\/fr\\\/#\\\/schema\\\/person\\\/6bc0beba2cd23aec27cb5df85ca2554f\",\"name\":\"Hatem Bourial\",\"image\":{\"@type\":\"ImageObject\",\"inLanguage\":\"fr-FR\",\"@id\":\"https:\\\/\\\/www.webdo.tn\\\/fr\\\/wp-content\\\/uploads\\\/2026\\\/04\\\/hatem-bourial_avatar-96x96.jpg\",\"url\":\"https:\\\/\\\/www.webdo.tn\\\/fr\\\/wp-content\\\/uploads\\\/2026\\\/04\\\/hatem-bourial_avatar-96x96.jpg\",\"contentUrl\":\"https:\\\/\\\/www.webdo.tn\\\/fr\\\/wp-content\\\/uploads\\\/2026\\\/04\\\/hatem-bourial_avatar-96x96.jpg\",\"caption\":\"Hatem Bourial\"},\"description\":\"Hatem Bourial est journaliste, \u00e9crivain et chroniqueur tunisien. Actif depuis plusieurs d\u00e9cennies, il s\u2019est impos\u00e9 comme un observateur attentif de la soci\u00e9t\u00e9 tunisienne, m\u00ealant dans ses \u00e9crits m\u00e9moire, culture et analyse du quotidien. Auteur de nombreux ouvrages, il d\u00e9veloppe une \u0153uvre \u00e0 la crois\u00e9e du r\u00e9cit, de la po\u00e9sie et de l\u2019observation sociologique. Parall\u00e8lement \u00e0 ses contributions dans la presse, il intervient r\u00e9guli\u00e8rement \u00e0 la radio et dans des espaces culturels, o\u00f9 il explore les enjeux li\u00e9s au patrimoine, \u00e0 l\u2019identit\u00e9 et aux transformations du monde contemporain. \u00c0 travers ses chroniques, Hatem Bourial propose une lecture sensible et approfondie de l\u2019actualit\u00e9, nourrie par une exp\u00e9rience journalistique et litt\u00e9raire reconnue. \ud83d\udd17 Facebook : https:\\\/\\\/www.facebook.com\\\/hatem.bourial.2025\",\"sameAs\":[\"https:\\\/\\\/www.facebook.com\\\/hatem.bourial.2025\",\"https:\\\/\\\/fr.wikipedia.org\\\/wiki\\\/Fichier:Hatem_Bourial.jpg\"],\"knowsAbout\":[\"Culture & patrimoine tunisien\",\"Chronique soci\u00e9tale\",\"Litt\u00e9rature & m\u00e9moire\",\"Cin\u00e9ma & critique culturelle\",\"Identit\u00e9 & mutations sociales\"],\"knowsLanguage\":[\"Arabe\",\"Fran\u00e7ais\",\"Anglais\",\"Italien\",\"Polonais\"],\"jobTitle\":\"Journaliste, \u00e9crivain et chroniqueur culturel\",\"worksFor\":\"Webdo\",\"url\":\"https:\\\/\\\/www.webdo.tn\\\/fr\\\/actualite\\\/author\\\/hatem-bourial-2\\\/\"}]}<\/script>\n<!-- \/ Yoast SEO Premium plugin. -->","yoast_head_json":{"title":"La Goulette : Aujourd\u2019hui, messe de l'Assomption, procession de la Madone et pri\u00e8res pour la paix - webdo","description":"D\u00e9couvrez La Goulette : Aujourd\u2019hui, messe de l'Assomption et procession de la Madone pour prier pour la paix.","canonical":"https:\/\/www.webdo.tn\/fr\/actualite\/chroniques\/la-goulette-aujourdhui-messe-de-lassomption-procession-de-la-madone-et-prieres-pour-la-paix\/381481\/","og_locale":"fr_FR","og_type":"article","og_title":"La Goulette : Aujourd\u2019hui, messe de l'Assomption, procession de la Madone et pri\u00e8res pour la paix","og_description":"D\u00e9couvrez La Goulette : Aujourd\u2019hui, messe de l'Assomption et procession de la Madone pour prier pour la paix.","og_url":"https:\/\/www.webdo.tn\/fr\/actualite\/chroniques\/la-goulette-aujourdhui-messe-de-lassomption-procession-de-la-madone-et-prieres-pour-la-paix\/381481\/","og_site_name":"webdo","article_publisher":"https:\/\/www.facebook.com\/webdotn","article_author":"https:\/\/www.facebook.com\/hatem.bourial.2025","article_published_time":"2025-08-15T08:54:43+00:00","article_modified_time":"2025-08-15T09:02:09+00:00","og_image":[{"width":1307,"height":646,"url":"https:\/\/www.webdo.tn\/fr\/wp-content\/uploads\/2025\/08\/La-Goulette-messe-de-lAssomption.jpg","type":"image\/jpeg"}],"author":"Hatem Bourial","twitter_card":"summary_large_image","twitter_creator":"@webdo_tn","twitter_site":"@webdo_tn","twitter_misc":{"\u00c9crit par":"Hatem Bourial","Dur\u00e9e de lecture estim\u00e9e":"3 minutes"},"schema":{"@context":"https:\/\/schema.org","@graph":[{"@type":"NewsArticle","@id":"https:\/\/www.webdo.tn\/fr\/actualite\/chroniques\/la-goulette-aujourdhui-messe-de-lassomption-procession-de-la-madone-et-prieres-pour-la-paix\/381481\/#article","isPartOf":{"@id":"https:\/\/www.webdo.tn\/fr\/actualite\/chroniques\/la-goulette-aujourdhui-messe-de-lassomption-procession-de-la-madone-et-prieres-pour-la-paix\/381481\/"},"author":{"name":"Hatem Bourial","@id":"https:\/\/www.webdo.tn\/fr\/#\/schema\/person\/6bc0beba2cd23aec27cb5df85ca2554f"},"headline":"La Goulette : Aujourd\u2019hui, messe de l&rsquo;Assomption, procession de la Madone et pri\u00e8res pour la paix","datePublished":"2025-08-15T08:54:43+00:00","dateModified":"2025-08-15T09:02:09+00:00","mainEntityOfPage":{"@id":"https:\/\/www.webdo.tn\/fr\/actualite\/chroniques\/la-goulette-aujourdhui-messe-de-lassomption-procession-de-la-madone-et-prieres-pour-la-paix\/381481\/"},"wordCount":553,"commentCount":0,"publisher":{"@id":"https:\/\/www.webdo.tn\/fr\/#organization"},"image":{"@id":"https:\/\/www.webdo.tn\/fr\/actualite\/chroniques\/la-goulette-aujourdhui-messe-de-lassomption-procession-de-la-madone-et-prieres-pour-la-paix\/381481\/#primaryimage"},"thumbnailUrl":"https:\/\/www.webdo.tn\/fr\/wp-content\/uploads\/2025\/08\/La-Goulette-messe-de-lAssomption.jpg","keywords":["la goulette","Madone de Trapani","Tunisie"],"articleSection":["Chroniques"],"inLanguage":"fr-FR"},{"@type":"WebPage","@id":"https:\/\/www.webdo.tn\/fr\/actualite\/chroniques\/la-goulette-aujourdhui-messe-de-lassomption-procession-de-la-madone-et-prieres-pour-la-paix\/381481\/","url":"https:\/\/www.webdo.tn\/fr\/actualite\/chroniques\/la-goulette-aujourdhui-messe-de-lassomption-procession-de-la-madone-et-prieres-pour-la-paix\/381481\/","name":"La Goulette : Aujourd\u2019hui, messe de l'Assomption, procession de la Madone et pri\u00e8res pour la paix - webdo","isPartOf":{"@id":"https:\/\/www.webdo.tn\/fr\/#website"},"primaryImageOfPage":{"@id":"https:\/\/www.webdo.tn\/fr\/actualite\/chroniques\/la-goulette-aujourdhui-messe-de-lassomption-procession-de-la-madone-et-prieres-pour-la-paix\/381481\/#primaryimage"},"image":{"@id":"https:\/\/www.webdo.tn\/fr\/actualite\/chroniques\/la-goulette-aujourdhui-messe-de-lassomption-procession-de-la-madone-et-prieres-pour-la-paix\/381481\/#primaryimage"},"thumbnailUrl":"https:\/\/www.webdo.tn\/fr\/wp-content\/uploads\/2025\/08\/La-Goulette-messe-de-lAssomption.jpg","datePublished":"2025-08-15T08:54:43+00:00","dateModified":"2025-08-15T09:02:09+00:00","description":"D\u00e9couvrez La Goulette : Aujourd\u2019hui, messe de l'Assomption et procession de la Madone pour prier pour la paix.","breadcrumb":{"@id":"https:\/\/www.webdo.tn\/fr\/actualite\/chroniques\/la-goulette-aujourdhui-messe-de-lassomption-procession-de-la-madone-et-prieres-pour-la-paix\/381481\/#breadcrumb"},"inLanguage":"fr-FR","potentialAction":[{"@type":"ReadAction","target":["https:\/\/www.webdo.tn\/fr\/actualite\/chroniques\/la-goulette-aujourdhui-messe-de-lassomption-procession-de-la-madone-et-prieres-pour-la-paix\/381481\/"]}]},{"@type":"ImageObject","inLanguage":"fr-FR","@id":"https:\/\/www.webdo.tn\/fr\/actualite\/chroniques\/la-goulette-aujourdhui-messe-de-lassomption-procession-de-la-madone-et-prieres-pour-la-paix\/381481\/#primaryimage","url":"https:\/\/www.webdo.tn\/fr\/wp-content\/uploads\/2025\/08\/La-Goulette-messe-de-lAssomption.jpg","contentUrl":"https:\/\/www.webdo.tn\/fr\/wp-content\/uploads\/2025\/08\/La-Goulette-messe-de-lAssomption.jpg","width":1307,"height":646,"caption":"La Goulette , messe de l'Assomption"},{"@type":"BreadcrumbList","@id":"https:\/\/www.webdo.tn\/fr\/actualite\/chroniques\/la-goulette-aujourdhui-messe-de-lassomption-procession-de-la-madone-et-prieres-pour-la-paix\/381481\/#breadcrumb","itemListElement":[{"@type":"ListItem","position":1,"name":"Accueil","item":"https:\/\/www.webdo.tn\/fr\/"},{"@type":"ListItem","position":2,"name":"La Goulette : Aujourd\u2019hui, messe de l&rsquo;Assomption, procession de la Madone et pri\u00e8res pour la paix"}]},{"@type":"WebSite","@id":"https:\/\/www.webdo.tn\/fr\/#website","url":"https:\/\/www.webdo.tn\/fr\/","name":"webdo","description":"Tunisie - News en Tunisie et \u00e0 l&#039;international sur Webdo.tn","publisher":{"@id":"https:\/\/www.webdo.tn\/fr\/#organization"},"potentialAction":[{"@type":"SearchAction","target":{"@type":"EntryPoint","urlTemplate":"https:\/\/www.webdo.tn\/fr\/?s={search_term_string}"},"query-input":{"@type":"PropertyValueSpecification","valueRequired":true,"valueName":"search_term_string"}}],"inLanguage":"fr-FR"},{"@type":"Organization","@id":"https:\/\/www.webdo.tn\/fr\/#organization","name":"Webdo","alternateName":"Webdo.tn","url":"https:\/\/www.webdo.tn\/fr\/","logo":{"@type":"ImageObject","inLanguage":"fr-FR","@id":"https:\/\/www.webdo.tn\/fr\/#\/schema\/logo\/image\/","url":"https:\/\/www.webdo.tn\/fr\/wp-content\/uploads\/2025\/06\/Webdo-Tunisie_168377.jpg","contentUrl":"https:\/\/www.webdo.tn\/fr\/wp-content\/uploads\/2025\/06\/Webdo-Tunisie_168377.jpg","width":301,"height":301,"caption":"Webdo"},"image":{"@id":"https:\/\/www.webdo.tn\/fr\/#\/schema\/logo\/image\/"},"sameAs":["https:\/\/www.facebook.com\/webdotn","https:\/\/x.com\/webdo_tn"],"description":"Webdo est un m\u00e9dia num\u00e9rique tunisien fond\u00e9 en 2010, sp\u00e9cialis\u00e9 dans l\u2019actualit\u00e9 nationale et internationale, l\u2019\u00e9conomie, la soci\u00e9t\u00e9 et les analyses politiques. Le site s\u2019adresse \u00e0 un large public francophone et couvre l\u2019information tunisienne en temps r\u00e9el.","email":"redac@webdo.tn","legalName":"YNJ SARL","foundingDate":"2010-09-06","numberOfEmployees":{"@type":"QuantitativeValue","minValue":"11","maxValue":"50"}},{"@type":"Person","@id":"https:\/\/www.webdo.tn\/fr\/#\/schema\/person\/6bc0beba2cd23aec27cb5df85ca2554f","name":"Hatem Bourial","image":{"@type":"ImageObject","inLanguage":"fr-FR","@id":"https:\/\/www.webdo.tn\/fr\/wp-content\/uploads\/2026\/04\/hatem-bourial_avatar-96x96.jpg","url":"https:\/\/www.webdo.tn\/fr\/wp-content\/uploads\/2026\/04\/hatem-bourial_avatar-96x96.jpg","contentUrl":"https:\/\/www.webdo.tn\/fr\/wp-content\/uploads\/2026\/04\/hatem-bourial_avatar-96x96.jpg","caption":"Hatem Bourial"},"description":"Hatem Bourial est journaliste, \u00e9crivain et chroniqueur tunisien. Actif depuis plusieurs d\u00e9cennies, il s\u2019est impos\u00e9 comme un observateur attentif de la soci\u00e9t\u00e9 tunisienne, m\u00ealant dans ses \u00e9crits m\u00e9moire, culture et analyse du quotidien. Auteur de nombreux ouvrages, il d\u00e9veloppe une \u0153uvre \u00e0 la crois\u00e9e du r\u00e9cit, de la po\u00e9sie et de l\u2019observation sociologique. Parall\u00e8lement \u00e0 ses contributions dans la presse, il intervient r\u00e9guli\u00e8rement \u00e0 la radio et dans des espaces culturels, o\u00f9 il explore les enjeux li\u00e9s au patrimoine, \u00e0 l\u2019identit\u00e9 et aux transformations du monde contemporain. \u00c0 travers ses chroniques, Hatem Bourial propose une lecture sensible et approfondie de l\u2019actualit\u00e9, nourrie par une exp\u00e9rience journalistique et litt\u00e9raire reconnue. \ud83d\udd17 Facebook : https:\/\/www.facebook.com\/hatem.bourial.2025","sameAs":["https:\/\/www.facebook.com\/hatem.bourial.2025","https:\/\/fr.wikipedia.org\/wiki\/Fichier:Hatem_Bourial.jpg"],"knowsAbout":["Culture & patrimoine tunisien","Chronique soci\u00e9tale","Litt\u00e9rature & m\u00e9moire","Cin\u00e9ma & critique culturelle","Identit\u00e9 & mutations sociales"],"knowsLanguage":["Arabe","Fran\u00e7ais","Anglais","Italien","Polonais"],"jobTitle":"Journaliste, \u00e9crivain et chroniqueur culturel","worksFor":"Webdo","url":"https:\/\/www.webdo.tn\/fr\/actualite\/author\/hatem-bourial-2\/"}]}},"_links":{"self":[{"href":"https:\/\/www.webdo.tn\/fr\/wp-json\/wp\/v2\/posts\/381481","targetHints":{"allow":["GET"]}}],"collection":[{"href":"https:\/\/www.webdo.tn\/fr\/wp-json\/wp\/v2\/posts"}],"about":[{"href":"https:\/\/www.webdo.tn\/fr\/wp-json\/wp\/v2\/types\/post"}],"author":[{"embeddable":true,"href":"https:\/\/www.webdo.tn\/fr\/wp-json\/wp\/v2\/users\/3229"}],"replies":[{"embeddable":true,"href":"https:\/\/www.webdo.tn\/fr\/wp-json\/wp\/v2\/comments?post=381481"}],"version-history":[{"count":0,"href":"https:\/\/www.webdo.tn\/fr\/wp-json\/wp\/v2\/posts\/381481\/revisions"}],"wp:featuredmedia":[{"embeddable":true,"href":"https:\/\/www.webdo.tn\/fr\/wp-json\/wp\/v2\/media\/381483"}],"wp:attachment":[{"href":"https:\/\/www.webdo.tn\/fr\/wp-json\/wp\/v2\/media?parent=381481"}],"wp:term":[{"taxonomy":"category","embeddable":true,"href":"https:\/\/www.webdo.tn\/fr\/wp-json\/wp\/v2\/categories?post=381481"},{"taxonomy":"post_tag","embeddable":true,"href":"https:\/\/www.webdo.tn\/fr\/wp-json\/wp\/v2\/tags?post=381481"}],"curies":[{"name":"wp","href":"https:\/\/api.w.org\/{rel}","templated":true}]}}