{"id":381468,"date":"2025-08-14T19:44:01","date_gmt":"2025-08-14T18:44:01","guid":{"rendered":"https:\/\/www.webdo.tn\/fr\/?p=381468"},"modified":"2025-08-14T19:44:02","modified_gmt":"2025-08-14T18:44:02","slug":"tunis-condamne-fermement-les-propos-de-netanyahu-sur-le-grand-israel","status":"publish","type":"post","link":"https:\/\/www.webdo.tn\/fr\/actualite\/national\/tunis-condamne-fermement-les-propos-de-netanyahu-sur-le-grand-israel\/381468\/","title":{"rendered":"Tunis condamne fermement les propos de Netanyahu sur le \u201cGrand Isra\u00ebl\u201d"},"content":{"rendered":"\n<p><\/p>\n\n\n\n<p>La Tunisie a vivement d\u00e9nonc\u00e9 les d\u00e9clarations du Premier ministre de l\u2019occupation isra\u00e9lienne au sujet de ce qu\u2019il a appel\u00e9 la<a href=\"https:\/\/www.webdo.tn\/fr\/actualite\/international\/quest-ce-que-le-mythe-du-grand-israel\/381441\/\"> \u201cvision du Grand Isra\u00ebl\u201d. <\/a>Dans un communiqu\u00e9 officiel, Tunis a fustig\u00e9 des propos qualifi\u00e9s de provocation \u00e0 l\u2019\u00e9gard des pays arabes et d\u2019atteinte \u00e0 leur souverainet\u00e9, y voyant une violation flagrante du droit international et des principes de la l\u00e9galit\u00e9 internationale, dans un contexte d\u2019impuissance mondiale \u00e0 mettre fin \u00e0 ce qu\u2019elle qualifie \u201cd\u2019arrogance\u201d isra\u00e9lienne.<\/p>\n\n\n\n<p>Selon la diplomatie tunisienne, ces d\u00e9clarations ne font que refl\u00e9ter \u201cla mentalit\u00e9 coloniale, expansionniste et raciste\u201d d\u2019un \u00c9tat \u201chors-la-loi\u201d, accus\u00e9 de crimes de g\u00e9nocide, de crimes de guerre et de purification ethnique contre le peuple palestinien.<\/p>\n\n\n\n<p> Tunis y voit \u00e9galement une nouvelle tentative de liquider la cause palestinienne et de d\u00e9stabiliser la r\u00e9gion.<\/p>\n\n\n\n<p>R\u00e9affirmant sa solidarit\u00e9 totale avec les pays arabes vis\u00e9s, la Tunisie appelle la communaut\u00e9 internationale, et en particulier le Conseil de s\u00e9curit\u00e9 de l\u2019ONU, \u00e0 assumer ses responsabilit\u00e9s et \u00e0 agir de mani\u00e8re urgente pour contrer ces \u201cpolitiques agressives\u201d qu\u2019elle consid\u00e8re comme une menace directe pour la s\u00e9curit\u00e9 nationale arabe, la paix et la s\u00e9curit\u00e9 internationales.<\/p>\n\n\n\n<p><\/p>\n","protected":false},"excerpt":{"rendered":"<p>La Tunisie a vivement d\u00e9nonc\u00e9 les d\u00e9clarations du Premier ministre de l\u2019occupation isra\u00e9lienne au sujet de ce qu\u2019il a appel\u00e9 la \u201cvision du Grand Isra\u00ebl\u201d. Dans un communiqu\u00e9 officiel, Tunis a fustig\u00e9 des propos qualifi\u00e9s de provocation \u00e0 l\u2019\u00e9gard des pays arabes et d\u2019atteinte \u00e0 leur souverainet\u00e9, y voyant une violation flagrante du droit international [&hellip;]<\/p>\n","protected":false},"author":3184,"featured_media":381469,"comment_status":"open","ping_status":"open","sticky":false,"template":"","format":"standard","meta":{"footnotes":""},"categories":[44],"tags":[2990,12425,2608],"class_list":["post-381468","post","type-post","status-publish","format-standard","has-post-thumbnail","hentry","category-national","tag-diplomatie","tag-grand-israel","tag-tunisie"],"yoast_head":"<!-- This site is optimized with the Yoast SEO Premium plugin v27.4 (Yoast SEO v27.4) - https:\/\/yoast.com\/product\/yoast-seo-premium-wordpress\/ -->\n<title>Tunis condamne fermement les propos de Netanyahu sur le \u201cGrand Isra\u00ebl\u201d - webdo<\/title>\n<meta name=\"description\" content=\"La Tunisie r\u00e9agit fermement aux d\u00e9clarations sur le Grand Isra\u00ebl, d\u00e9non\u00e7ant une provocation pour les pays arabes.\" \/>\n<link rel=\"canonical\" href=\"https:\/\/www.webdo.tn\/fr\/actualite\/national\/tunis-condamne-fermement-les-propos-de-netanyahu-sur-le-grand-israel\/381468\/\" \/>\n<meta property=\"og:locale\" content=\"fr_FR\" \/>\n<meta property=\"og:type\" content=\"article\" \/>\n<meta property=\"og:title\" content=\"Tunis condamne fermement les propos de Netanyahu sur le \u201cGrand Isra\u00ebl\u201d\" \/>\n<meta property=\"og:description\" content=\"La Tunisie r\u00e9agit fermement aux d\u00e9clarations sur le Grand Isra\u00ebl, d\u00e9non\u00e7ant une provocation pour les pays arabes.\" \/>\n<meta property=\"og:url\" content=\"https:\/\/www.webdo.tn\/fr\/actualite\/national\/tunis-condamne-fermement-les-propos-de-netanyahu-sur-le-grand-israel\/381468\/\" \/>\n<meta property=\"og:site_name\" content=\"webdo\" \/>\n<meta property=\"article:publisher\" content=\"https:\/\/www.facebook.com\/webdotn\" \/>\n<meta property=\"article:published_time\" content=\"2025-08-14T18:44:01+00:00\" \/>\n<meta property=\"article:modified_time\" content=\"2025-08-14T18:44:02+00:00\" \/>\n<meta property=\"og:image\" content=\"https:\/\/www.webdo.tn\/fr\/wp-content\/uploads\/2025\/08\/532851845_1195724735923614_7771783876479419182_n.jpg\" \/>\n\t<meta property=\"og:image:width\" content=\"900\" \/>\n\t<meta property=\"og:image:height\" content=\"600\" \/>\n\t<meta property=\"og:image:type\" content=\"image\/jpeg\" \/>\n<meta name=\"author\" content=\"Wided Belhaj\" \/>\n<meta name=\"twitter:card\" content=\"summary_large_image\" \/>\n<meta name=\"twitter:creator\" content=\"@webdo_tn\" \/>\n<meta name=\"twitter:site\" content=\"@webdo_tn\" \/>\n<meta name=\"twitter:label1\" content=\"\u00c9crit par\" \/>\n\t<meta name=\"twitter:data1\" content=\"Wided Belhaj\" \/>\n\t<meta name=\"twitter:label2\" content=\"Dur\u00e9e de lecture estim\u00e9e\" \/>\n\t<meta name=\"twitter:data2\" content=\"2 minutes\" \/>\n<script type=\"application\/ld+json\" class=\"yoast-schema-graph\">{\"@context\":\"https:\\\/\\\/schema.org\",\"@graph\":[{\"@type\":\"NewsArticle\",\"@id\":\"https:\\\/\\\/www.webdo.tn\\\/fr\\\/actualite\\\/national\\\/tunis-condamne-fermement-les-propos-de-netanyahu-sur-le-grand-israel\\\/381468\\\/#article\",\"isPartOf\":{\"@id\":\"https:\\\/\\\/www.webdo.tn\\\/fr\\\/actualite\\\/national\\\/tunis-condamne-fermement-les-propos-de-netanyahu-sur-le-grand-israel\\\/381468\\\/\"},\"author\":{\"name\":\"Wided Belhaj\",\"@id\":\"https:\\\/\\\/www.webdo.tn\\\/fr\\\/#\\\/schema\\\/person\\\/b9ecde7a5574cb4fcf4b496ea5fadb15\"},\"headline\":\"Tunis condamne fermement les propos de Netanyahu sur le \u201cGrand Isra\u00ebl\u201d\",\"datePublished\":\"2025-08-14T18:44:01+00:00\",\"dateModified\":\"2025-08-14T18:44:02+00:00\",\"mainEntityOfPage\":{\"@id\":\"https:\\\/\\\/www.webdo.tn\\\/fr\\\/actualite\\\/national\\\/tunis-condamne-fermement-les-propos-de-netanyahu-sur-le-grand-israel\\\/381468\\\/\"},\"wordCount\":221,\"commentCount\":0,\"publisher\":{\"@id\":\"https:\\\/\\\/www.webdo.tn\\\/fr\\\/#organization\"},\"image\":{\"@id\":\"https:\\\/\\\/www.webdo.tn\\\/fr\\\/actualite\\\/national\\\/tunis-condamne-fermement-les-propos-de-netanyahu-sur-le-grand-israel\\\/381468\\\/#primaryimage\"},\"thumbnailUrl\":\"https:\\\/\\\/www.webdo.tn\\\/fr\\\/wp-content\\\/uploads\\\/2025\\\/08\\\/532851845_1195724735923614_7771783876479419182_n.jpg\",\"keywords\":[\"Diplomatie\",\"Grand Israel\",\"Tunisie\"],\"articleSection\":[\"National\"],\"inLanguage\":\"fr-FR\"},{\"@type\":\"WebPage\",\"@id\":\"https:\\\/\\\/www.webdo.tn\\\/fr\\\/actualite\\\/national\\\/tunis-condamne-fermement-les-propos-de-netanyahu-sur-le-grand-israel\\\/381468\\\/\",\"url\":\"https:\\\/\\\/www.webdo.tn\\\/fr\\\/actualite\\\/national\\\/tunis-condamne-fermement-les-propos-de-netanyahu-sur-le-grand-israel\\\/381468\\\/\",\"name\":\"Tunis condamne fermement les propos de Netanyahu sur le \u201cGrand Isra\u00ebl\u201d - webdo\",\"isPartOf\":{\"@id\":\"https:\\\/\\\/www.webdo.tn\\\/fr\\\/#website\"},\"primaryImageOfPage\":{\"@id\":\"https:\\\/\\\/www.webdo.tn\\\/fr\\\/actualite\\\/national\\\/tunis-condamne-fermement-les-propos-de-netanyahu-sur-le-grand-israel\\\/381468\\\/#primaryimage\"},\"image\":{\"@id\":\"https:\\\/\\\/www.webdo.tn\\\/fr\\\/actualite\\\/national\\\/tunis-condamne-fermement-les-propos-de-netanyahu-sur-le-grand-israel\\\/381468\\\/#primaryimage\"},\"thumbnailUrl\":\"https:\\\/\\\/www.webdo.tn\\\/fr\\\/wp-content\\\/uploads\\\/2025\\\/08\\\/532851845_1195724735923614_7771783876479419182_n.jpg\",\"datePublished\":\"2025-08-14T18:44:01+00:00\",\"dateModified\":\"2025-08-14T18:44:02+00:00\",\"description\":\"La Tunisie r\u00e9agit fermement aux d\u00e9clarations sur le Grand Isra\u00ebl, d\u00e9non\u00e7ant une provocation pour les pays arabes.\",\"breadcrumb\":{\"@id\":\"https:\\\/\\\/www.webdo.tn\\\/fr\\\/actualite\\\/national\\\/tunis-condamne-fermement-les-propos-de-netanyahu-sur-le-grand-israel\\\/381468\\\/#breadcrumb\"},\"inLanguage\":\"fr-FR\",\"potentialAction\":[{\"@type\":\"ReadAction\",\"target\":[\"https:\\\/\\\/www.webdo.tn\\\/fr\\\/actualite\\\/national\\\/tunis-condamne-fermement-les-propos-de-netanyahu-sur-le-grand-israel\\\/381468\\\/\"]}]},{\"@type\":\"ImageObject\",\"inLanguage\":\"fr-FR\",\"@id\":\"https:\\\/\\\/www.webdo.tn\\\/fr\\\/actualite\\\/national\\\/tunis-condamne-fermement-les-propos-de-netanyahu-sur-le-grand-israel\\\/381468\\\/#primaryimage\",\"url\":\"https:\\\/\\\/www.webdo.tn\\\/fr\\\/wp-content\\\/uploads\\\/2025\\\/08\\\/532851845_1195724735923614_7771783876479419182_n.jpg\",\"contentUrl\":\"https:\\\/\\\/www.webdo.tn\\\/fr\\\/wp-content\\\/uploads\\\/2025\\\/08\\\/532851845_1195724735923614_7771783876479419182_n.jpg\",\"width\":900,\"height\":600},{\"@type\":\"BreadcrumbList\",\"@id\":\"https:\\\/\\\/www.webdo.tn\\\/fr\\\/actualite\\\/national\\\/tunis-condamne-fermement-les-propos-de-netanyahu-sur-le-grand-israel\\\/381468\\\/#breadcrumb\",\"itemListElement\":[{\"@type\":\"ListItem\",\"position\":1,\"name\":\"Accueil\",\"item\":\"https:\\\/\\\/www.webdo.tn\\\/fr\\\/\"},{\"@type\":\"ListItem\",\"position\":2,\"name\":\"Tunis condamne fermement les propos de Netanyahu sur le \u201cGrand Isra\u00ebl\u201d\"}]},{\"@type\":\"WebSite\",\"@id\":\"https:\\\/\\\/www.webdo.tn\\\/fr\\\/#website\",\"url\":\"https:\\\/\\\/www.webdo.tn\\\/fr\\\/\",\"name\":\"webdo\",\"description\":\"Tunisie - News en Tunisie et \u00e0 l&#039;international sur Webdo.tn\",\"publisher\":{\"@id\":\"https:\\\/\\\/www.webdo.tn\\\/fr\\\/#organization\"},\"potentialAction\":[{\"@type\":\"SearchAction\",\"target\":{\"@type\":\"EntryPoint\",\"urlTemplate\":\"https:\\\/\\\/www.webdo.tn\\\/fr\\\/?s={search_term_string}\"},\"query-input\":{\"@type\":\"PropertyValueSpecification\",\"valueRequired\":true,\"valueName\":\"search_term_string\"}}],\"inLanguage\":\"fr-FR\"},{\"@type\":\"Organization\",\"@id\":\"https:\\\/\\\/www.webdo.tn\\\/fr\\\/#organization\",\"name\":\"Webdo\",\"alternateName\":\"Webdo.tn\",\"url\":\"https:\\\/\\\/www.webdo.tn\\\/fr\\\/\",\"logo\":{\"@type\":\"ImageObject\",\"inLanguage\":\"fr-FR\",\"@id\":\"https:\\\/\\\/www.webdo.tn\\\/fr\\\/#\\\/schema\\\/logo\\\/image\\\/\",\"url\":\"https:\\\/\\\/www.webdo.tn\\\/fr\\\/wp-content\\\/uploads\\\/2025\\\/06\\\/Webdo-Tunisie_168377.jpg\",\"contentUrl\":\"https:\\\/\\\/www.webdo.tn\\\/fr\\\/wp-content\\\/uploads\\\/2025\\\/06\\\/Webdo-Tunisie_168377.jpg\",\"width\":301,\"height\":301,\"caption\":\"Webdo\"},\"image\":{\"@id\":\"https:\\\/\\\/www.webdo.tn\\\/fr\\\/#\\\/schema\\\/logo\\\/image\\\/\"},\"sameAs\":[\"https:\\\/\\\/www.facebook.com\\\/webdotn\",\"https:\\\/\\\/x.com\\\/webdo_tn\"],\"description\":\"Webdo est un m\u00e9dia num\u00e9rique tunisien fond\u00e9 en 2010, sp\u00e9cialis\u00e9 dans l\u2019actualit\u00e9 nationale et internationale, l\u2019\u00e9conomie, la soci\u00e9t\u00e9 et les analyses politiques. Le site s\u2019adresse \u00e0 un large public francophone et couvre l\u2019information tunisienne en temps r\u00e9el.\",\"email\":\"redac@webdo.tn\",\"legalName\":\"YNJ SARL\",\"foundingDate\":\"2010-09-06\",\"numberOfEmployees\":{\"@type\":\"QuantitativeValue\",\"minValue\":\"11\",\"maxValue\":\"50\"}},{\"@type\":\"Person\",\"@id\":\"https:\\\/\\\/www.webdo.tn\\\/fr\\\/#\\\/schema\\\/person\\\/b9ecde7a5574cb4fcf4b496ea5fadb15\",\"name\":\"Wided Belhaj\",\"image\":{\"@type\":\"ImageObject\",\"inLanguage\":\"fr-FR\",\"@id\":\"https:\\\/\\\/www.webdo.tn\\\/fr\\\/wp-content\\\/uploads\\\/2026\\\/04\\\/wided-belhaj_avatar-96x96.jpg\",\"url\":\"https:\\\/\\\/www.webdo.tn\\\/fr\\\/wp-content\\\/uploads\\\/2026\\\/04\\\/wided-belhaj_avatar-96x96.jpg\",\"contentUrl\":\"https:\\\/\\\/www.webdo.tn\\\/fr\\\/wp-content\\\/uploads\\\/2026\\\/04\\\/wided-belhaj_avatar-96x96.jpg\",\"caption\":\"Wided Belhaj\"},\"description\":\"Wided Belhaj est le pseudonyme \u00e9ditorial utilis\u00e9 par Khalil Jelassi, journaliste, ma\u00eetre-assistant \u00e0 l\u2019Institut de presse et des sciences de l\u2019information (IPSI) et chercheur en sciences de l\u2019information et de la communication. Cette signature est d\u00e9di\u00e9e \u00e0 l\u2019analyse des m\u00e9dias, des pratiques journalistiques et des mutations de l\u2019information \u00e0 l\u2019\u00e8re digitale. \u00c0 travers ses contributions, Wided Belhaj propose une lecture analytique de l\u2019actualit\u00e9, en croisant regard critique et expertise acad\u00e9mique.\",\"knowsAbout\":[\"m\u00e9dias\",\"journalisme\",\"communication\",\"information\",\"transformation num\u00e9rique\",\"analyse des m\u00e9dias\"],\"knowsLanguage\":[\"Fran\u00e7ais\",\"Arabe\"],\"jobTitle\":\"Webdo.tn\",\"worksFor\":\"Journaliste \u2013 Analyse des m\u00e9dias\",\"url\":\"https:\\\/\\\/www.webdo.tn\\\/fr\\\/actualite\\\/author\\\/wided-belhaj\\\/\"}]}<\/script>\n<!-- \/ Yoast SEO Premium plugin. -->","yoast_head_json":{"title":"Tunis condamne fermement les propos de Netanyahu sur le \u201cGrand Isra\u00ebl\u201d - webdo","description":"La Tunisie r\u00e9agit fermement aux d\u00e9clarations sur le Grand Isra\u00ebl, d\u00e9non\u00e7ant une provocation pour les pays arabes.","canonical":"https:\/\/www.webdo.tn\/fr\/actualite\/national\/tunis-condamne-fermement-les-propos-de-netanyahu-sur-le-grand-israel\/381468\/","og_locale":"fr_FR","og_type":"article","og_title":"Tunis condamne fermement les propos de Netanyahu sur le \u201cGrand Isra\u00ebl\u201d","og_description":"La Tunisie r\u00e9agit fermement aux d\u00e9clarations sur le Grand Isra\u00ebl, d\u00e9non\u00e7ant une provocation pour les pays arabes.","og_url":"https:\/\/www.webdo.tn\/fr\/actualite\/national\/tunis-condamne-fermement-les-propos-de-netanyahu-sur-le-grand-israel\/381468\/","og_site_name":"webdo","article_publisher":"https:\/\/www.facebook.com\/webdotn","article_published_time":"2025-08-14T18:44:01+00:00","article_modified_time":"2025-08-14T18:44:02+00:00","og_image":[{"width":900,"height":600,"url":"https:\/\/www.webdo.tn\/fr\/wp-content\/uploads\/2025\/08\/532851845_1195724735923614_7771783876479419182_n.jpg","type":"image\/jpeg"}],"author":"Wided Belhaj","twitter_card":"summary_large_image","twitter_creator":"@webdo_tn","twitter_site":"@webdo_tn","twitter_misc":{"\u00c9crit par":"Wided Belhaj","Dur\u00e9e de lecture estim\u00e9e":"2 minutes"},"schema":{"@context":"https:\/\/schema.org","@graph":[{"@type":"NewsArticle","@id":"https:\/\/www.webdo.tn\/fr\/actualite\/national\/tunis-condamne-fermement-les-propos-de-netanyahu-sur-le-grand-israel\/381468\/#article","isPartOf":{"@id":"https:\/\/www.webdo.tn\/fr\/actualite\/national\/tunis-condamne-fermement-les-propos-de-netanyahu-sur-le-grand-israel\/381468\/"},"author":{"name":"Wided Belhaj","@id":"https:\/\/www.webdo.tn\/fr\/#\/schema\/person\/b9ecde7a5574cb4fcf4b496ea5fadb15"},"headline":"Tunis condamne fermement les propos de Netanyahu sur le \u201cGrand Isra\u00ebl\u201d","datePublished":"2025-08-14T18:44:01+00:00","dateModified":"2025-08-14T18:44:02+00:00","mainEntityOfPage":{"@id":"https:\/\/www.webdo.tn\/fr\/actualite\/national\/tunis-condamne-fermement-les-propos-de-netanyahu-sur-le-grand-israel\/381468\/"},"wordCount":221,"commentCount":0,"publisher":{"@id":"https:\/\/www.webdo.tn\/fr\/#organization"},"image":{"@id":"https:\/\/www.webdo.tn\/fr\/actualite\/national\/tunis-condamne-fermement-les-propos-de-netanyahu-sur-le-grand-israel\/381468\/#primaryimage"},"thumbnailUrl":"https:\/\/www.webdo.tn\/fr\/wp-content\/uploads\/2025\/08\/532851845_1195724735923614_7771783876479419182_n.jpg","keywords":["Diplomatie","Grand Israel","Tunisie"],"articleSection":["National"],"inLanguage":"fr-FR"},{"@type":"WebPage","@id":"https:\/\/www.webdo.tn\/fr\/actualite\/national\/tunis-condamne-fermement-les-propos-de-netanyahu-sur-le-grand-israel\/381468\/","url":"https:\/\/www.webdo.tn\/fr\/actualite\/national\/tunis-condamne-fermement-les-propos-de-netanyahu-sur-le-grand-israel\/381468\/","name":"Tunis condamne fermement les propos de Netanyahu sur le \u201cGrand Isra\u00ebl\u201d - webdo","isPartOf":{"@id":"https:\/\/www.webdo.tn\/fr\/#website"},"primaryImageOfPage":{"@id":"https:\/\/www.webdo.tn\/fr\/actualite\/national\/tunis-condamne-fermement-les-propos-de-netanyahu-sur-le-grand-israel\/381468\/#primaryimage"},"image":{"@id":"https:\/\/www.webdo.tn\/fr\/actualite\/national\/tunis-condamne-fermement-les-propos-de-netanyahu-sur-le-grand-israel\/381468\/#primaryimage"},"thumbnailUrl":"https:\/\/www.webdo.tn\/fr\/wp-content\/uploads\/2025\/08\/532851845_1195724735923614_7771783876479419182_n.jpg","datePublished":"2025-08-14T18:44:01+00:00","dateModified":"2025-08-14T18:44:02+00:00","description":"La Tunisie r\u00e9agit fermement aux d\u00e9clarations sur le Grand Isra\u00ebl, d\u00e9non\u00e7ant une provocation pour les pays arabes.","breadcrumb":{"@id":"https:\/\/www.webdo.tn\/fr\/actualite\/national\/tunis-condamne-fermement-les-propos-de-netanyahu-sur-le-grand-israel\/381468\/#breadcrumb"},"inLanguage":"fr-FR","potentialAction":[{"@type":"ReadAction","target":["https:\/\/www.webdo.tn\/fr\/actualite\/national\/tunis-condamne-fermement-les-propos-de-netanyahu-sur-le-grand-israel\/381468\/"]}]},{"@type":"ImageObject","inLanguage":"fr-FR","@id":"https:\/\/www.webdo.tn\/fr\/actualite\/national\/tunis-condamne-fermement-les-propos-de-netanyahu-sur-le-grand-israel\/381468\/#primaryimage","url":"https:\/\/www.webdo.tn\/fr\/wp-content\/uploads\/2025\/08\/532851845_1195724735923614_7771783876479419182_n.jpg","contentUrl":"https:\/\/www.webdo.tn\/fr\/wp-content\/uploads\/2025\/08\/532851845_1195724735923614_7771783876479419182_n.jpg","width":900,"height":600},{"@type":"BreadcrumbList","@id":"https:\/\/www.webdo.tn\/fr\/actualite\/national\/tunis-condamne-fermement-les-propos-de-netanyahu-sur-le-grand-israel\/381468\/#breadcrumb","itemListElement":[{"@type":"ListItem","position":1,"name":"Accueil","item":"https:\/\/www.webdo.tn\/fr\/"},{"@type":"ListItem","position":2,"name":"Tunis condamne fermement les propos de Netanyahu sur le \u201cGrand Isra\u00ebl\u201d"}]},{"@type":"WebSite","@id":"https:\/\/www.webdo.tn\/fr\/#website","url":"https:\/\/www.webdo.tn\/fr\/","name":"webdo","description":"Tunisie - News en Tunisie et \u00e0 l&#039;international sur Webdo.tn","publisher":{"@id":"https:\/\/www.webdo.tn\/fr\/#organization"},"potentialAction":[{"@type":"SearchAction","target":{"@type":"EntryPoint","urlTemplate":"https:\/\/www.webdo.tn\/fr\/?s={search_term_string}"},"query-input":{"@type":"PropertyValueSpecification","valueRequired":true,"valueName":"search_term_string"}}],"inLanguage":"fr-FR"},{"@type":"Organization","@id":"https:\/\/www.webdo.tn\/fr\/#organization","name":"Webdo","alternateName":"Webdo.tn","url":"https:\/\/www.webdo.tn\/fr\/","logo":{"@type":"ImageObject","inLanguage":"fr-FR","@id":"https:\/\/www.webdo.tn\/fr\/#\/schema\/logo\/image\/","url":"https:\/\/www.webdo.tn\/fr\/wp-content\/uploads\/2025\/06\/Webdo-Tunisie_168377.jpg","contentUrl":"https:\/\/www.webdo.tn\/fr\/wp-content\/uploads\/2025\/06\/Webdo-Tunisie_168377.jpg","width":301,"height":301,"caption":"Webdo"},"image":{"@id":"https:\/\/www.webdo.tn\/fr\/#\/schema\/logo\/image\/"},"sameAs":["https:\/\/www.facebook.com\/webdotn","https:\/\/x.com\/webdo_tn"],"description":"Webdo est un m\u00e9dia num\u00e9rique tunisien fond\u00e9 en 2010, sp\u00e9cialis\u00e9 dans l\u2019actualit\u00e9 nationale et internationale, l\u2019\u00e9conomie, la soci\u00e9t\u00e9 et les analyses politiques. Le site s\u2019adresse \u00e0 un large public francophone et couvre l\u2019information tunisienne en temps r\u00e9el.","email":"redac@webdo.tn","legalName":"YNJ SARL","foundingDate":"2010-09-06","numberOfEmployees":{"@type":"QuantitativeValue","minValue":"11","maxValue":"50"}},{"@type":"Person","@id":"https:\/\/www.webdo.tn\/fr\/#\/schema\/person\/b9ecde7a5574cb4fcf4b496ea5fadb15","name":"Wided Belhaj","image":{"@type":"ImageObject","inLanguage":"fr-FR","@id":"https:\/\/www.webdo.tn\/fr\/wp-content\/uploads\/2026\/04\/wided-belhaj_avatar-96x96.jpg","url":"https:\/\/www.webdo.tn\/fr\/wp-content\/uploads\/2026\/04\/wided-belhaj_avatar-96x96.jpg","contentUrl":"https:\/\/www.webdo.tn\/fr\/wp-content\/uploads\/2026\/04\/wided-belhaj_avatar-96x96.jpg","caption":"Wided Belhaj"},"description":"Wided Belhaj est le pseudonyme \u00e9ditorial utilis\u00e9 par Khalil Jelassi, journaliste, ma\u00eetre-assistant \u00e0 l\u2019Institut de presse et des sciences de l\u2019information (IPSI) et chercheur en sciences de l\u2019information et de la communication. Cette signature est d\u00e9di\u00e9e \u00e0 l\u2019analyse des m\u00e9dias, des pratiques journalistiques et des mutations de l\u2019information \u00e0 l\u2019\u00e8re digitale. \u00c0 travers ses contributions, Wided Belhaj propose une lecture analytique de l\u2019actualit\u00e9, en croisant regard critique et expertise acad\u00e9mique.","knowsAbout":["m\u00e9dias","journalisme","communication","information","transformation num\u00e9rique","analyse des m\u00e9dias"],"knowsLanguage":["Fran\u00e7ais","Arabe"],"jobTitle":"Webdo.tn","worksFor":"Journaliste \u2013 Analyse des m\u00e9dias","url":"https:\/\/www.webdo.tn\/fr\/actualite\/author\/wided-belhaj\/"}]}},"_links":{"self":[{"href":"https:\/\/www.webdo.tn\/fr\/wp-json\/wp\/v2\/posts\/381468","targetHints":{"allow":["GET"]}}],"collection":[{"href":"https:\/\/www.webdo.tn\/fr\/wp-json\/wp\/v2\/posts"}],"about":[{"href":"https:\/\/www.webdo.tn\/fr\/wp-json\/wp\/v2\/types\/post"}],"author":[{"embeddable":true,"href":"https:\/\/www.webdo.tn\/fr\/wp-json\/wp\/v2\/users\/3184"}],"replies":[{"embeddable":true,"href":"https:\/\/www.webdo.tn\/fr\/wp-json\/wp\/v2\/comments?post=381468"}],"version-history":[{"count":0,"href":"https:\/\/www.webdo.tn\/fr\/wp-json\/wp\/v2\/posts\/381468\/revisions"}],"wp:featuredmedia":[{"embeddable":true,"href":"https:\/\/www.webdo.tn\/fr\/wp-json\/wp\/v2\/media\/381469"}],"wp:attachment":[{"href":"https:\/\/www.webdo.tn\/fr\/wp-json\/wp\/v2\/media?parent=381468"}],"wp:term":[{"taxonomy":"category","embeddable":true,"href":"https:\/\/www.webdo.tn\/fr\/wp-json\/wp\/v2\/categories?post=381468"},{"taxonomy":"post_tag","embeddable":true,"href":"https:\/\/www.webdo.tn\/fr\/wp-json\/wp\/v2\/tags?post=381468"}],"curies":[{"name":"wp","href":"https:\/\/api.w.org\/{rel}","templated":true}]}}