{"id":381465,"date":"2025-08-14T19:17:59","date_gmt":"2025-08-14T18:17:59","guid":{"rendered":"https:\/\/www.webdo.tn\/fr\/?p=381465"},"modified":"2025-08-14T19:18:01","modified_gmt":"2025-08-14T18:18:01","slug":"taekwondo-open-international-dastana-la-tunisie-rafle-sept-medailles-dont-cinq-en-or","status":"publish","type":"post","link":"https:\/\/www.webdo.tn\/fr\/actualite\/sport\/taekwondo-open-international-dastana-la-tunisie-rafle-sept-medailles-dont-cinq-en-or\/381465\/","title":{"rendered":"Taekwondo \u2013 Open international d\u2019Astana : La Tunisie rafle sept m\u00e9dailles, dont cinq en or"},"content":{"rendered":"\n<p>La s\u00e9lection tunisienne de taekwondo a brill\u00e9 ce jeudi \u00e0 l\u2019Open international d\u2019Astana, au Kazakhstan, en d\u00e9crochant un total de sept m\u00e9dailles, dont cinq en or et deux en argent.<\/p>\n\n\n\n<p>Les titres supr\u00eames ont \u00e9t\u00e9 remport\u00e9s par Mohamed Khalil Jendoubi (-63 kg), Moataz Laifaoui (-87 kg), Wafa El Mesghouni (-62 kg), Cha\u00efma Toumi (-57 kg) et A\u00efcha Ezghoubi (-49 kg).<\/p>\n\n\n\n<p>Deux autres athl\u00e8tes se sont illustr\u00e9s en montant sur la deuxi\u00e8me marche du podium : Firas El Kattoussi (-80 kg) et Fares Boujem\u00e2a (-68 kg).<\/p>\n\n\n\n<p>La participation tunisienne \u00e0 cette comp\u00e9tition sera suivie d\u2019un stage, pr\u00e9vu du 16 au 22 ao\u00fbt, avant le retour au pays pour repartir aussit\u00f4t vers la ville de Muju, en Cor\u00e9e du Sud, o\u00f9 se tiendra la manche de la Grand Prix du 24 au 31 ao\u00fbt. Ce rendez-vous r\u00e9unira Firas El Kattoussi, Mohamed Khalil Jendoubi, Moataz Laifaoui et Cha\u00efma Toumi.<\/p>\n\n\n\n<p>Le staff technique pr\u00e9pare \u00e9galement la grande \u00e9ch\u00e9ance de la saison : les Championnats du monde, programm\u00e9s du 24 au 30 octobre 2025 \u00e0 Wuxi, en Chine. La Tunisie y alignera d\u00e9j\u00e0 Khalil Jendoubi, Firas El Kattoussi, Cha\u00efma Toumi, Wafa El Mesghouni, Ikram Ezahri, Moataz Laifaoui et Ahoued Ben Aoun, avec la possibilit\u00e9 d\u2019int\u00e9grer d\u2019autres athl\u00e8tes qui seront s\u00e9lectionn\u00e9s ult\u00e9rieurement.<\/p>\n\n\n\n<p><\/p>\n","protected":false},"excerpt":{"rendered":"<p>La s\u00e9lection tunisienne de taekwondo a brill\u00e9 ce jeudi \u00e0 l\u2019Open international d\u2019Astana, au Kazakhstan, en d\u00e9crochant un total de sept m\u00e9dailles, dont cinq en or et deux en argent. Les titres supr\u00eames ont \u00e9t\u00e9 remport\u00e9s par Mohamed Khalil Jendoubi (-63 kg), Moataz Laifaoui (-87 kg), Wafa El Mesghouni (-62 kg), Cha\u00efma Toumi (-57 kg) [&hellip;]<\/p>\n","protected":false},"author":3184,"featured_media":381466,"comment_status":"open","ping_status":"open","sticky":false,"template":"","format":"standard","meta":{"footnotes":""},"categories":[2593],"tags":[6583,3795],"class_list":["post-381465","post","type-post","status-publish","format-standard","has-post-thumbnail","hentry","category-sport","tag-medaille","tag-taekwondo"],"yoast_head":"<!-- This site is optimized with the Yoast SEO Premium plugin v27.4 (Yoast SEO v27.5) - https:\/\/yoast.com\/product\/yoast-seo-premium-wordpress\/ -->\n<title>Taekwondo \u2013 Open international d\u2019Astana : La Tunisie rafle sept m\u00e9dailles, dont cinq en or - webdo<\/title>\n<meta name=\"description\" content=\"La s\u00e9lection tunisienne de taekwondo a remport\u00e9 sept m\u00e9dailles \u00e0 l\u2019Open international d\u2019Astana, dont cinq en or.\" \/>\n<link rel=\"canonical\" href=\"https:\/\/www.webdo.tn\/fr\/actualite\/sport\/taekwondo-open-international-dastana-la-tunisie-rafle-sept-medailles-dont-cinq-en-or\/381465\/\" \/>\n<meta property=\"og:locale\" content=\"fr_FR\" \/>\n<meta property=\"og:type\" content=\"article\" \/>\n<meta property=\"og:title\" content=\"Taekwondo \u2013 Open international d\u2019Astana : La Tunisie rafle sept m\u00e9dailles, dont cinq en or\" \/>\n<meta property=\"og:description\" content=\"La s\u00e9lection tunisienne de taekwondo a remport\u00e9 sept m\u00e9dailles \u00e0 l\u2019Open international d\u2019Astana, dont cinq en or.\" \/>\n<meta property=\"og:url\" content=\"https:\/\/www.webdo.tn\/fr\/actualite\/sport\/taekwondo-open-international-dastana-la-tunisie-rafle-sept-medailles-dont-cinq-en-or\/381465\/\" \/>\n<meta property=\"og:site_name\" content=\"webdo\" \/>\n<meta property=\"article:publisher\" content=\"https:\/\/www.facebook.com\/webdotn\" \/>\n<meta property=\"article:published_time\" content=\"2025-08-14T18:17:59+00:00\" \/>\n<meta property=\"article:modified_time\" content=\"2025-08-14T18:18:01+00:00\" \/>\n<meta property=\"og:image\" content=\"https:\/\/www.webdo.tn\/fr\/wp-content\/uploads\/2025\/08\/1755188418445-dd0f653f8817.png\" \/>\n\t<meta property=\"og:image:width\" content=\"1080\" \/>\n\t<meta property=\"og:image:height\" content=\"681\" \/>\n\t<meta property=\"og:image:type\" content=\"image\/png\" \/>\n<meta name=\"author\" content=\"Wided Belhaj\" \/>\n<meta name=\"twitter:card\" content=\"summary_large_image\" \/>\n<meta name=\"twitter:creator\" content=\"@webdo_tn\" \/>\n<meta name=\"twitter:site\" content=\"@webdo_tn\" \/>\n<meta name=\"twitter:label1\" content=\"\u00c9crit par\" \/>\n\t<meta name=\"twitter:data1\" content=\"Wided Belhaj\" \/>\n\t<meta name=\"twitter:label2\" content=\"Dur\u00e9e de lecture estim\u00e9e\" \/>\n\t<meta name=\"twitter:data2\" content=\"2 minutes\" \/>\n<script type=\"application\/ld+json\" class=\"yoast-schema-graph\">{\"@context\":\"https:\\\/\\\/schema.org\",\"@graph\":[{\"@type\":\"NewsArticle\",\"@id\":\"https:\\\/\\\/www.webdo.tn\\\/fr\\\/actualite\\\/sport\\\/taekwondo-open-international-dastana-la-tunisie-rafle-sept-medailles-dont-cinq-en-or\\\/381465\\\/#article\",\"isPartOf\":{\"@id\":\"https:\\\/\\\/www.webdo.tn\\\/fr\\\/actualite\\\/sport\\\/taekwondo-open-international-dastana-la-tunisie-rafle-sept-medailles-dont-cinq-en-or\\\/381465\\\/\"},\"author\":{\"name\":\"Wided Belhaj\",\"@id\":\"https:\\\/\\\/www.webdo.tn\\\/fr\\\/#\\\/schema\\\/person\\\/b9ecde7a5574cb4fcf4b496ea5fadb15\"},\"headline\":\"Taekwondo \u2013 Open international d\u2019Astana : La Tunisie rafle sept m\u00e9dailles, dont cinq en or\",\"datePublished\":\"2025-08-14T18:17:59+00:00\",\"dateModified\":\"2025-08-14T18:18:01+00:00\",\"mainEntityOfPage\":{\"@id\":\"https:\\\/\\\/www.webdo.tn\\\/fr\\\/actualite\\\/sport\\\/taekwondo-open-international-dastana-la-tunisie-rafle-sept-medailles-dont-cinq-en-or\\\/381465\\\/\"},\"wordCount\":243,\"commentCount\":0,\"publisher\":{\"@id\":\"https:\\\/\\\/www.webdo.tn\\\/fr\\\/#organization\"},\"image\":{\"@id\":\"https:\\\/\\\/www.webdo.tn\\\/fr\\\/actualite\\\/sport\\\/taekwondo-open-international-dastana-la-tunisie-rafle-sept-medailles-dont-cinq-en-or\\\/381465\\\/#primaryimage\"},\"thumbnailUrl\":\"https:\\\/\\\/www.webdo.tn\\\/fr\\\/wp-content\\\/uploads\\\/2025\\\/08\\\/1755188418445-dd0f653f8817.png\",\"keywords\":[\"m\u00e9daille\",\"taekwondo\"],\"articleSection\":[\"Sport\"],\"inLanguage\":\"fr-FR\"},{\"@type\":\"WebPage\",\"@id\":\"https:\\\/\\\/www.webdo.tn\\\/fr\\\/actualite\\\/sport\\\/taekwondo-open-international-dastana-la-tunisie-rafle-sept-medailles-dont-cinq-en-or\\\/381465\\\/\",\"url\":\"https:\\\/\\\/www.webdo.tn\\\/fr\\\/actualite\\\/sport\\\/taekwondo-open-international-dastana-la-tunisie-rafle-sept-medailles-dont-cinq-en-or\\\/381465\\\/\",\"name\":\"Taekwondo \u2013 Open international d\u2019Astana : La Tunisie rafle sept m\u00e9dailles, dont cinq en or - webdo\",\"isPartOf\":{\"@id\":\"https:\\\/\\\/www.webdo.tn\\\/fr\\\/#website\"},\"primaryImageOfPage\":{\"@id\":\"https:\\\/\\\/www.webdo.tn\\\/fr\\\/actualite\\\/sport\\\/taekwondo-open-international-dastana-la-tunisie-rafle-sept-medailles-dont-cinq-en-or\\\/381465\\\/#primaryimage\"},\"image\":{\"@id\":\"https:\\\/\\\/www.webdo.tn\\\/fr\\\/actualite\\\/sport\\\/taekwondo-open-international-dastana-la-tunisie-rafle-sept-medailles-dont-cinq-en-or\\\/381465\\\/#primaryimage\"},\"thumbnailUrl\":\"https:\\\/\\\/www.webdo.tn\\\/fr\\\/wp-content\\\/uploads\\\/2025\\\/08\\\/1755188418445-dd0f653f8817.png\",\"datePublished\":\"2025-08-14T18:17:59+00:00\",\"dateModified\":\"2025-08-14T18:18:01+00:00\",\"description\":\"La s\u00e9lection tunisienne de taekwondo a remport\u00e9 sept m\u00e9dailles \u00e0 l\u2019Open international d\u2019Astana, dont cinq en or.\",\"breadcrumb\":{\"@id\":\"https:\\\/\\\/www.webdo.tn\\\/fr\\\/actualite\\\/sport\\\/taekwondo-open-international-dastana-la-tunisie-rafle-sept-medailles-dont-cinq-en-or\\\/381465\\\/#breadcrumb\"},\"inLanguage\":\"fr-FR\",\"potentialAction\":[{\"@type\":\"ReadAction\",\"target\":[\"https:\\\/\\\/www.webdo.tn\\\/fr\\\/actualite\\\/sport\\\/taekwondo-open-international-dastana-la-tunisie-rafle-sept-medailles-dont-cinq-en-or\\\/381465\\\/\"]}]},{\"@type\":\"ImageObject\",\"inLanguage\":\"fr-FR\",\"@id\":\"https:\\\/\\\/www.webdo.tn\\\/fr\\\/actualite\\\/sport\\\/taekwondo-open-international-dastana-la-tunisie-rafle-sept-medailles-dont-cinq-en-or\\\/381465\\\/#primaryimage\",\"url\":\"https:\\\/\\\/www.webdo.tn\\\/fr\\\/wp-content\\\/uploads\\\/2025\\\/08\\\/1755188418445-dd0f653f8817.png\",\"contentUrl\":\"https:\\\/\\\/www.webdo.tn\\\/fr\\\/wp-content\\\/uploads\\\/2025\\\/08\\\/1755188418445-dd0f653f8817.png\",\"width\":1080,\"height\":681},{\"@type\":\"BreadcrumbList\",\"@id\":\"https:\\\/\\\/www.webdo.tn\\\/fr\\\/actualite\\\/sport\\\/taekwondo-open-international-dastana-la-tunisie-rafle-sept-medailles-dont-cinq-en-or\\\/381465\\\/#breadcrumb\",\"itemListElement\":[{\"@type\":\"ListItem\",\"position\":1,\"name\":\"Accueil\",\"item\":\"https:\\\/\\\/www.webdo.tn\\\/fr\\\/\"},{\"@type\":\"ListItem\",\"position\":2,\"name\":\"Taekwondo \u2013 Open international d\u2019Astana : La Tunisie rafle sept m\u00e9dailles, dont cinq en or\"}]},{\"@type\":\"WebSite\",\"@id\":\"https:\\\/\\\/www.webdo.tn\\\/fr\\\/#website\",\"url\":\"https:\\\/\\\/www.webdo.tn\\\/fr\\\/\",\"name\":\"webdo\",\"description\":\"Tunisie - News en Tunisie et \u00e0 l&#039;international sur Webdo.tn\",\"publisher\":{\"@id\":\"https:\\\/\\\/www.webdo.tn\\\/fr\\\/#organization\"},\"potentialAction\":[{\"@type\":\"SearchAction\",\"target\":{\"@type\":\"EntryPoint\",\"urlTemplate\":\"https:\\\/\\\/www.webdo.tn\\\/fr\\\/?s={search_term_string}\"},\"query-input\":{\"@type\":\"PropertyValueSpecification\",\"valueRequired\":true,\"valueName\":\"search_term_string\"}}],\"inLanguage\":\"fr-FR\"},{\"@type\":\"Organization\",\"@id\":\"https:\\\/\\\/www.webdo.tn\\\/fr\\\/#organization\",\"name\":\"Webdo\",\"alternateName\":\"Webdo.tn\",\"url\":\"https:\\\/\\\/www.webdo.tn\\\/fr\\\/\",\"logo\":{\"@type\":\"ImageObject\",\"inLanguage\":\"fr-FR\",\"@id\":\"https:\\\/\\\/www.webdo.tn\\\/fr\\\/#\\\/schema\\\/logo\\\/image\\\/\",\"url\":\"https:\\\/\\\/www.webdo.tn\\\/fr\\\/wp-content\\\/uploads\\\/2025\\\/06\\\/Webdo-Tunisie_168377.jpg\",\"contentUrl\":\"https:\\\/\\\/www.webdo.tn\\\/fr\\\/wp-content\\\/uploads\\\/2025\\\/06\\\/Webdo-Tunisie_168377.jpg\",\"width\":301,\"height\":301,\"caption\":\"Webdo\"},\"image\":{\"@id\":\"https:\\\/\\\/www.webdo.tn\\\/fr\\\/#\\\/schema\\\/logo\\\/image\\\/\"},\"sameAs\":[\"https:\\\/\\\/www.facebook.com\\\/webdotn\",\"https:\\\/\\\/x.com\\\/webdo_tn\"],\"description\":\"Webdo est un m\u00e9dia num\u00e9rique tunisien fond\u00e9 en 2010, sp\u00e9cialis\u00e9 dans l\u2019actualit\u00e9 nationale et internationale, l\u2019\u00e9conomie, la soci\u00e9t\u00e9 et les analyses politiques. Le site s\u2019adresse \u00e0 un large public francophone et couvre l\u2019information tunisienne en temps r\u00e9el.\",\"email\":\"redac@webdo.tn\",\"legalName\":\"YNJ SARL\",\"foundingDate\":\"2010-09-06\",\"numberOfEmployees\":{\"@type\":\"QuantitativeValue\",\"minValue\":\"11\",\"maxValue\":\"50\"}},{\"@type\":\"Person\",\"@id\":\"https:\\\/\\\/www.webdo.tn\\\/fr\\\/#\\\/schema\\\/person\\\/b9ecde7a5574cb4fcf4b496ea5fadb15\",\"name\":\"Wided Belhaj\",\"image\":{\"@type\":\"ImageObject\",\"inLanguage\":\"fr-FR\",\"@id\":\"https:\\\/\\\/www.webdo.tn\\\/fr\\\/wp-content\\\/uploads\\\/2026\\\/04\\\/wided-belhaj_avatar-96x96.jpg\",\"url\":\"https:\\\/\\\/www.webdo.tn\\\/fr\\\/wp-content\\\/uploads\\\/2026\\\/04\\\/wided-belhaj_avatar-96x96.jpg\",\"contentUrl\":\"https:\\\/\\\/www.webdo.tn\\\/fr\\\/wp-content\\\/uploads\\\/2026\\\/04\\\/wided-belhaj_avatar-96x96.jpg\",\"caption\":\"Wided Belhaj\"},\"description\":\"Wided Belhaj est le pseudonyme \u00e9ditorial utilis\u00e9 par Khalil Jelassi, journaliste, ma\u00eetre-assistant \u00e0 l\u2019Institut de presse et des sciences de l\u2019information (IPSI) et chercheur en sciences de l\u2019information et de la communication. Cette signature est d\u00e9di\u00e9e \u00e0 l\u2019analyse des m\u00e9dias, des pratiques journalistiques et des mutations de l\u2019information \u00e0 l\u2019\u00e8re digitale. \u00c0 travers ses contributions, Wided Belhaj propose une lecture analytique de l\u2019actualit\u00e9, en croisant regard critique et expertise acad\u00e9mique.\",\"knowsAbout\":[\"m\u00e9dias\",\"journalisme\",\"communication\",\"information\",\"transformation num\u00e9rique\",\"analyse des m\u00e9dias\"],\"knowsLanguage\":[\"Fran\u00e7ais\",\"Arabe\"],\"jobTitle\":\"Webdo.tn\",\"worksFor\":\"Journaliste \u2013 Analyse des m\u00e9dias\",\"url\":\"https:\\\/\\\/www.webdo.tn\\\/fr\\\/actualite\\\/author\\\/wided-belhaj\\\/\"}]}<\/script>\n<!-- \/ Yoast SEO Premium plugin. -->","yoast_head_json":{"title":"Taekwondo \u2013 Open international d\u2019Astana : La Tunisie rafle sept m\u00e9dailles, dont cinq en or - webdo","description":"La s\u00e9lection tunisienne de taekwondo a remport\u00e9 sept m\u00e9dailles \u00e0 l\u2019Open international d\u2019Astana, dont cinq en or.","canonical":"https:\/\/www.webdo.tn\/fr\/actualite\/sport\/taekwondo-open-international-dastana-la-tunisie-rafle-sept-medailles-dont-cinq-en-or\/381465\/","og_locale":"fr_FR","og_type":"article","og_title":"Taekwondo \u2013 Open international d\u2019Astana : La Tunisie rafle sept m\u00e9dailles, dont cinq en or","og_description":"La s\u00e9lection tunisienne de taekwondo a remport\u00e9 sept m\u00e9dailles \u00e0 l\u2019Open international d\u2019Astana, dont cinq en or.","og_url":"https:\/\/www.webdo.tn\/fr\/actualite\/sport\/taekwondo-open-international-dastana-la-tunisie-rafle-sept-medailles-dont-cinq-en-or\/381465\/","og_site_name":"webdo","article_publisher":"https:\/\/www.facebook.com\/webdotn","article_published_time":"2025-08-14T18:17:59+00:00","article_modified_time":"2025-08-14T18:18:01+00:00","og_image":[{"width":1080,"height":681,"url":"https:\/\/www.webdo.tn\/fr\/wp-content\/uploads\/2025\/08\/1755188418445-dd0f653f8817.png","type":"image\/png"}],"author":"Wided Belhaj","twitter_card":"summary_large_image","twitter_creator":"@webdo_tn","twitter_site":"@webdo_tn","twitter_misc":{"\u00c9crit par":"Wided Belhaj","Dur\u00e9e de lecture estim\u00e9e":"2 minutes"},"schema":{"@context":"https:\/\/schema.org","@graph":[{"@type":"NewsArticle","@id":"https:\/\/www.webdo.tn\/fr\/actualite\/sport\/taekwondo-open-international-dastana-la-tunisie-rafle-sept-medailles-dont-cinq-en-or\/381465\/#article","isPartOf":{"@id":"https:\/\/www.webdo.tn\/fr\/actualite\/sport\/taekwondo-open-international-dastana-la-tunisie-rafle-sept-medailles-dont-cinq-en-or\/381465\/"},"author":{"name":"Wided Belhaj","@id":"https:\/\/www.webdo.tn\/fr\/#\/schema\/person\/b9ecde7a5574cb4fcf4b496ea5fadb15"},"headline":"Taekwondo \u2013 Open international d\u2019Astana : La Tunisie rafle sept m\u00e9dailles, dont cinq en or","datePublished":"2025-08-14T18:17:59+00:00","dateModified":"2025-08-14T18:18:01+00:00","mainEntityOfPage":{"@id":"https:\/\/www.webdo.tn\/fr\/actualite\/sport\/taekwondo-open-international-dastana-la-tunisie-rafle-sept-medailles-dont-cinq-en-or\/381465\/"},"wordCount":243,"commentCount":0,"publisher":{"@id":"https:\/\/www.webdo.tn\/fr\/#organization"},"image":{"@id":"https:\/\/www.webdo.tn\/fr\/actualite\/sport\/taekwondo-open-international-dastana-la-tunisie-rafle-sept-medailles-dont-cinq-en-or\/381465\/#primaryimage"},"thumbnailUrl":"https:\/\/www.webdo.tn\/fr\/wp-content\/uploads\/2025\/08\/1755188418445-dd0f653f8817.png","keywords":["m\u00e9daille","taekwondo"],"articleSection":["Sport"],"inLanguage":"fr-FR"},{"@type":"WebPage","@id":"https:\/\/www.webdo.tn\/fr\/actualite\/sport\/taekwondo-open-international-dastana-la-tunisie-rafle-sept-medailles-dont-cinq-en-or\/381465\/","url":"https:\/\/www.webdo.tn\/fr\/actualite\/sport\/taekwondo-open-international-dastana-la-tunisie-rafle-sept-medailles-dont-cinq-en-or\/381465\/","name":"Taekwondo \u2013 Open international d\u2019Astana : La Tunisie rafle sept m\u00e9dailles, dont cinq en or - webdo","isPartOf":{"@id":"https:\/\/www.webdo.tn\/fr\/#website"},"primaryImageOfPage":{"@id":"https:\/\/www.webdo.tn\/fr\/actualite\/sport\/taekwondo-open-international-dastana-la-tunisie-rafle-sept-medailles-dont-cinq-en-or\/381465\/#primaryimage"},"image":{"@id":"https:\/\/www.webdo.tn\/fr\/actualite\/sport\/taekwondo-open-international-dastana-la-tunisie-rafle-sept-medailles-dont-cinq-en-or\/381465\/#primaryimage"},"thumbnailUrl":"https:\/\/www.webdo.tn\/fr\/wp-content\/uploads\/2025\/08\/1755188418445-dd0f653f8817.png","datePublished":"2025-08-14T18:17:59+00:00","dateModified":"2025-08-14T18:18:01+00:00","description":"La s\u00e9lection tunisienne de taekwondo a remport\u00e9 sept m\u00e9dailles \u00e0 l\u2019Open international d\u2019Astana, dont cinq en or.","breadcrumb":{"@id":"https:\/\/www.webdo.tn\/fr\/actualite\/sport\/taekwondo-open-international-dastana-la-tunisie-rafle-sept-medailles-dont-cinq-en-or\/381465\/#breadcrumb"},"inLanguage":"fr-FR","potentialAction":[{"@type":"ReadAction","target":["https:\/\/www.webdo.tn\/fr\/actualite\/sport\/taekwondo-open-international-dastana-la-tunisie-rafle-sept-medailles-dont-cinq-en-or\/381465\/"]}]},{"@type":"ImageObject","inLanguage":"fr-FR","@id":"https:\/\/www.webdo.tn\/fr\/actualite\/sport\/taekwondo-open-international-dastana-la-tunisie-rafle-sept-medailles-dont-cinq-en-or\/381465\/#primaryimage","url":"https:\/\/www.webdo.tn\/fr\/wp-content\/uploads\/2025\/08\/1755188418445-dd0f653f8817.png","contentUrl":"https:\/\/www.webdo.tn\/fr\/wp-content\/uploads\/2025\/08\/1755188418445-dd0f653f8817.png","width":1080,"height":681},{"@type":"BreadcrumbList","@id":"https:\/\/www.webdo.tn\/fr\/actualite\/sport\/taekwondo-open-international-dastana-la-tunisie-rafle-sept-medailles-dont-cinq-en-or\/381465\/#breadcrumb","itemListElement":[{"@type":"ListItem","position":1,"name":"Accueil","item":"https:\/\/www.webdo.tn\/fr\/"},{"@type":"ListItem","position":2,"name":"Taekwondo \u2013 Open international d\u2019Astana : La Tunisie rafle sept m\u00e9dailles, dont cinq en or"}]},{"@type":"WebSite","@id":"https:\/\/www.webdo.tn\/fr\/#website","url":"https:\/\/www.webdo.tn\/fr\/","name":"webdo","description":"Tunisie - News en Tunisie et \u00e0 l&#039;international sur Webdo.tn","publisher":{"@id":"https:\/\/www.webdo.tn\/fr\/#organization"},"potentialAction":[{"@type":"SearchAction","target":{"@type":"EntryPoint","urlTemplate":"https:\/\/www.webdo.tn\/fr\/?s={search_term_string}"},"query-input":{"@type":"PropertyValueSpecification","valueRequired":true,"valueName":"search_term_string"}}],"inLanguage":"fr-FR"},{"@type":"Organization","@id":"https:\/\/www.webdo.tn\/fr\/#organization","name":"Webdo","alternateName":"Webdo.tn","url":"https:\/\/www.webdo.tn\/fr\/","logo":{"@type":"ImageObject","inLanguage":"fr-FR","@id":"https:\/\/www.webdo.tn\/fr\/#\/schema\/logo\/image\/","url":"https:\/\/www.webdo.tn\/fr\/wp-content\/uploads\/2025\/06\/Webdo-Tunisie_168377.jpg","contentUrl":"https:\/\/www.webdo.tn\/fr\/wp-content\/uploads\/2025\/06\/Webdo-Tunisie_168377.jpg","width":301,"height":301,"caption":"Webdo"},"image":{"@id":"https:\/\/www.webdo.tn\/fr\/#\/schema\/logo\/image\/"},"sameAs":["https:\/\/www.facebook.com\/webdotn","https:\/\/x.com\/webdo_tn"],"description":"Webdo est un m\u00e9dia num\u00e9rique tunisien fond\u00e9 en 2010, sp\u00e9cialis\u00e9 dans l\u2019actualit\u00e9 nationale et internationale, l\u2019\u00e9conomie, la soci\u00e9t\u00e9 et les analyses politiques. Le site s\u2019adresse \u00e0 un large public francophone et couvre l\u2019information tunisienne en temps r\u00e9el.","email":"redac@webdo.tn","legalName":"YNJ SARL","foundingDate":"2010-09-06","numberOfEmployees":{"@type":"QuantitativeValue","minValue":"11","maxValue":"50"}},{"@type":"Person","@id":"https:\/\/www.webdo.tn\/fr\/#\/schema\/person\/b9ecde7a5574cb4fcf4b496ea5fadb15","name":"Wided Belhaj","image":{"@type":"ImageObject","inLanguage":"fr-FR","@id":"https:\/\/www.webdo.tn\/fr\/wp-content\/uploads\/2026\/04\/wided-belhaj_avatar-96x96.jpg","url":"https:\/\/www.webdo.tn\/fr\/wp-content\/uploads\/2026\/04\/wided-belhaj_avatar-96x96.jpg","contentUrl":"https:\/\/www.webdo.tn\/fr\/wp-content\/uploads\/2026\/04\/wided-belhaj_avatar-96x96.jpg","caption":"Wided Belhaj"},"description":"Wided Belhaj est le pseudonyme \u00e9ditorial utilis\u00e9 par Khalil Jelassi, journaliste, ma\u00eetre-assistant \u00e0 l\u2019Institut de presse et des sciences de l\u2019information (IPSI) et chercheur en sciences de l\u2019information et de la communication. Cette signature est d\u00e9di\u00e9e \u00e0 l\u2019analyse des m\u00e9dias, des pratiques journalistiques et des mutations de l\u2019information \u00e0 l\u2019\u00e8re digitale. \u00c0 travers ses contributions, Wided Belhaj propose une lecture analytique de l\u2019actualit\u00e9, en croisant regard critique et expertise acad\u00e9mique.","knowsAbout":["m\u00e9dias","journalisme","communication","information","transformation num\u00e9rique","analyse des m\u00e9dias"],"knowsLanguage":["Fran\u00e7ais","Arabe"],"jobTitle":"Webdo.tn","worksFor":"Journaliste \u2013 Analyse des m\u00e9dias","url":"https:\/\/www.webdo.tn\/fr\/actualite\/author\/wided-belhaj\/"}]}},"_links":{"self":[{"href":"https:\/\/www.webdo.tn\/fr\/wp-json\/wp\/v2\/posts\/381465","targetHints":{"allow":["GET"]}}],"collection":[{"href":"https:\/\/www.webdo.tn\/fr\/wp-json\/wp\/v2\/posts"}],"about":[{"href":"https:\/\/www.webdo.tn\/fr\/wp-json\/wp\/v2\/types\/post"}],"author":[{"embeddable":true,"href":"https:\/\/www.webdo.tn\/fr\/wp-json\/wp\/v2\/users\/3184"}],"replies":[{"embeddable":true,"href":"https:\/\/www.webdo.tn\/fr\/wp-json\/wp\/v2\/comments?post=381465"}],"version-history":[{"count":0,"href":"https:\/\/www.webdo.tn\/fr\/wp-json\/wp\/v2\/posts\/381465\/revisions"}],"wp:featuredmedia":[{"embeddable":true,"href":"https:\/\/www.webdo.tn\/fr\/wp-json\/wp\/v2\/media\/381466"}],"wp:attachment":[{"href":"https:\/\/www.webdo.tn\/fr\/wp-json\/wp\/v2\/media?parent=381465"}],"wp:term":[{"taxonomy":"category","embeddable":true,"href":"https:\/\/www.webdo.tn\/fr\/wp-json\/wp\/v2\/categories?post=381465"},{"taxonomy":"post_tag","embeddable":true,"href":"https:\/\/www.webdo.tn\/fr\/wp-json\/wp\/v2\/tags?post=381465"}],"curies":[{"name":"wp","href":"https:\/\/api.w.org\/{rel}","templated":true}]}}