{"id":381463,"date":"2025-08-14T18:48:24","date_gmt":"2025-08-14T17:48:24","guid":{"rendered":"https:\/\/www.webdo.tn\/fr\/?p=381463"},"modified":"2025-08-16T07:27:54","modified_gmt":"2025-08-16T06:27:54","slug":"tunisie-fin-du-detachement-syndical-lugtt-repond-au-gouvernement","status":"publish","type":"post","link":"https:\/\/www.webdo.tn\/fr\/actualite\/national\/tunisie-fin-du-detachement-syndical-lugtt-repond-au-gouvernement\/381463\/","title":{"rendered":"Tunisie &#8211; Fin du d\u00e9tachement syndical : L&rsquo;UGTT r\u00e9pond au gouvernement"},"content":{"rendered":"\n<p>Le secr\u00e9taire g\u00e9n\u00e9ral adjoint de l\u2019Union g\u00e9n\u00e9rale tunisienne du travail (UGTT), Sami Tahri, a estim\u00e9, jeudi, au micro de <em>Diwan FM<\/em>, que la circulaire \u00e9mise par la cheffe du gouvernement <a href=\"https:\/\/www.webdo.tn\/fr\/actualite\/national\/crise-gouvernement-ugtt-la-kasbah-riposte-et-met-fin-au-detachement-syndical\/381459\/\">visant \u00e0 supprimer le d\u00e9tachement pour activit\u00e9 syndicale<\/a> \u00ab intervient dans un contexte propice \u00e0 attiser la guerre contre le droit syndical \u00bb. <\/p>\n\n\n\n<p>Selon lui, cette d\u00e9cision s\u2019inscrit dans une logique politique voulant montrer que le gouvernement et le pouvoir en place \u00ab vont de l\u2019avant dans la restriction des libert\u00e9s syndicales \u00bb.<\/p>\n\n\n\n<p>Sami Tahri a soulign\u00e9 que cette circulaire \u00ab confirme une r\u00e9alit\u00e9 inexistante sur le terrain \u00bb, puisque, selon lui, \u00ab le cong\u00e9 syndical a quasiment disparu depuis 2022 \u00bb. Il consid\u00e8re ainsi ce texte comme un geste \u00ab purement destin\u00e9 \u00e0 provoquer ou \u00e0 galvaniser l\u2019opinion publique et les partisans, et rien de plus \u00bb.<\/p>\n\n\n\n<p>D\u2019apr\u00e8s la circulaire n\u00b011, dat\u00e9e du 11 ao\u00fbt 2025 et adress\u00e9e par la cheffe du gouvernement aux ministres et secr\u00e9taires d\u2019\u00c9tat, <strong>toutes les autorisations de cong\u00e9 pour activit\u00e9 syndicale accord\u00e9es par le pass\u00e9 sont annul\u00e9es \u00e0 compter du 11 ao\u00fbt courant<\/strong>.<\/p>\n\n\n\n<p>Le texte enjoint \u00e9galement les ministres et secr\u00e9taires d\u2019\u00c9tat \u00e0 dresser imm\u00e9diatement la liste des agents, dans les minist\u00e8res et toutes les institutions et structures publiques plac\u00e9es sous leur tutelle aux niveaux central, r\u00e9gional et local, qui sont mis \u00e0 disposition des organisations syndicales, et \u00e0 les inviter \u00e0 rejoindre imm\u00e9diatement leurs postes d\u2019origine. <\/p>\n\n\n\n<p>Il pr\u00e9voit, en cas de non-respect, la prise de mesures administratives et juridiques \u00e0 l\u2019encontre des agents concern\u00e9s.<\/p>\n","protected":false},"excerpt":{"rendered":"<p>Le secr\u00e9taire g\u00e9n\u00e9ral adjoint de l\u2019Union g\u00e9n\u00e9rale tunisienne du travail (UGTT), Sami Tahri, a estim\u00e9, jeudi, au micro de Diwan FM, que la circulaire \u00e9mise par la cheffe du gouvernement visant \u00e0 supprimer le d\u00e9tachement pour activit\u00e9 syndicale \u00ab intervient dans un contexte propice \u00e0 attiser la guerre contre le droit syndical \u00bb. Selon lui, [&hellip;]<\/p>\n","protected":false},"author":3184,"featured_media":376437,"comment_status":"open","ping_status":"open","sticky":false,"template":"","format":"standard","meta":{"footnotes":""},"categories":[44],"tags":[12429,2608,2649],"class_list":["post-381463","post","type-post","status-publish","format-standard","has-post-thumbnail","hentry","category-national","tag-detachement-syndical","tag-tunisie","tag-ugtt"],"yoast_head":"<!-- This site is optimized with the Yoast SEO Premium plugin v27.4 (Yoast SEO v27.4) - https:\/\/yoast.com\/product\/yoast-seo-premium-wordpress\/ -->\n<title>Tunisie - Fin du d\u00e9tachement syndical : L&#039;UGTT r\u00e9pond au gouvernement - webdo<\/title>\n<meta name=\"description\" content=\"D\u00e9couvrez les r\u00e9centes d\u00e9clarations de l&#039;UGTT sur la circulaire controvers\u00e9e affectant le droit syndical en Tunisie.\" \/>\n<link rel=\"canonical\" href=\"https:\/\/www.webdo.tn\/fr\/actualite\/national\/tunisie-fin-du-detachement-syndical-lugtt-repond-au-gouvernement\/381463\/\" \/>\n<meta property=\"og:locale\" content=\"fr_FR\" \/>\n<meta property=\"og:type\" content=\"article\" \/>\n<meta property=\"og:title\" content=\"Tunisie - Fin du d\u00e9tachement syndical : L&#039;UGTT r\u00e9pond au gouvernement\" \/>\n<meta property=\"og:description\" content=\"D\u00e9couvrez les r\u00e9centes d\u00e9clarations de l&#039;UGTT sur la circulaire controvers\u00e9e affectant le droit syndical en Tunisie.\" \/>\n<meta property=\"og:url\" content=\"https:\/\/www.webdo.tn\/fr\/actualite\/national\/tunisie-fin-du-detachement-syndical-lugtt-repond-au-gouvernement\/381463\/\" \/>\n<meta property=\"og:site_name\" content=\"webdo\" \/>\n<meta property=\"article:publisher\" content=\"https:\/\/www.facebook.com\/webdotn\" \/>\n<meta property=\"article:published_time\" content=\"2025-08-14T17:48:24+00:00\" \/>\n<meta property=\"article:modified_time\" content=\"2025-08-16T06:27:54+00:00\" \/>\n<meta property=\"og:image\" content=\"https:\/\/www.webdo.tn\/fr\/wp-content\/uploads\/2025\/05\/71fab042badd11baec331d6f279cd911.webp\" \/>\n\t<meta property=\"og:image:width\" content=\"750\" \/>\n\t<meta property=\"og:image:height\" content=\"400\" \/>\n\t<meta property=\"og:image:type\" content=\"image\/webp\" \/>\n<meta name=\"author\" content=\"Wided Belhaj\" \/>\n<meta name=\"twitter:card\" content=\"summary_large_image\" \/>\n<meta name=\"twitter:creator\" content=\"@webdo_tn\" \/>\n<meta name=\"twitter:site\" content=\"@webdo_tn\" \/>\n<meta name=\"twitter:label1\" content=\"\u00c9crit par\" \/>\n\t<meta name=\"twitter:data1\" content=\"Wided Belhaj\" \/>\n\t<meta name=\"twitter:label2\" content=\"Dur\u00e9e de lecture estim\u00e9e\" \/>\n\t<meta name=\"twitter:data2\" content=\"2 minutes\" \/>\n<script type=\"application\/ld+json\" class=\"yoast-schema-graph\">{\"@context\":\"https:\\\/\\\/schema.org\",\"@graph\":[{\"@type\":\"NewsArticle\",\"@id\":\"https:\\\/\\\/www.webdo.tn\\\/fr\\\/actualite\\\/national\\\/tunisie-fin-du-detachement-syndical-lugtt-repond-au-gouvernement\\\/381463\\\/#article\",\"isPartOf\":{\"@id\":\"https:\\\/\\\/www.webdo.tn\\\/fr\\\/actualite\\\/national\\\/tunisie-fin-du-detachement-syndical-lugtt-repond-au-gouvernement\\\/381463\\\/\"},\"author\":{\"name\":\"Wided Belhaj\",\"@id\":\"https:\\\/\\\/www.webdo.tn\\\/fr\\\/#\\\/schema\\\/person\\\/b9ecde7a5574cb4fcf4b496ea5fadb15\"},\"headline\":\"Tunisie &#8211; Fin du d\u00e9tachement syndical : L&rsquo;UGTT r\u00e9pond au gouvernement\",\"datePublished\":\"2025-08-14T17:48:24+00:00\",\"dateModified\":\"2025-08-16T06:27:54+00:00\",\"mainEntityOfPage\":{\"@id\":\"https:\\\/\\\/www.webdo.tn\\\/fr\\\/actualite\\\/national\\\/tunisie-fin-du-detachement-syndical-lugtt-repond-au-gouvernement\\\/381463\\\/\"},\"wordCount\":275,\"commentCount\":0,\"publisher\":{\"@id\":\"https:\\\/\\\/www.webdo.tn\\\/fr\\\/#organization\"},\"image\":{\"@id\":\"https:\\\/\\\/www.webdo.tn\\\/fr\\\/actualite\\\/national\\\/tunisie-fin-du-detachement-syndical-lugtt-repond-au-gouvernement\\\/381463\\\/#primaryimage\"},\"thumbnailUrl\":\"https:\\\/\\\/www.webdo.tn\\\/fr\\\/wp-content\\\/uploads\\\/2025\\\/05\\\/71fab042badd11baec331d6f279cd911.webp\",\"keywords\":[\"D\u00e9tachement syndical\",\"Tunisie\",\"UGTT\"],\"articleSection\":[\"National\"],\"inLanguage\":\"fr-FR\"},{\"@type\":\"WebPage\",\"@id\":\"https:\\\/\\\/www.webdo.tn\\\/fr\\\/actualite\\\/national\\\/tunisie-fin-du-detachement-syndical-lugtt-repond-au-gouvernement\\\/381463\\\/\",\"url\":\"https:\\\/\\\/www.webdo.tn\\\/fr\\\/actualite\\\/national\\\/tunisie-fin-du-detachement-syndical-lugtt-repond-au-gouvernement\\\/381463\\\/\",\"name\":\"Tunisie - Fin du d\u00e9tachement syndical : L'UGTT r\u00e9pond au gouvernement - webdo\",\"isPartOf\":{\"@id\":\"https:\\\/\\\/www.webdo.tn\\\/fr\\\/#website\"},\"primaryImageOfPage\":{\"@id\":\"https:\\\/\\\/www.webdo.tn\\\/fr\\\/actualite\\\/national\\\/tunisie-fin-du-detachement-syndical-lugtt-repond-au-gouvernement\\\/381463\\\/#primaryimage\"},\"image\":{\"@id\":\"https:\\\/\\\/www.webdo.tn\\\/fr\\\/actualite\\\/national\\\/tunisie-fin-du-detachement-syndical-lugtt-repond-au-gouvernement\\\/381463\\\/#primaryimage\"},\"thumbnailUrl\":\"https:\\\/\\\/www.webdo.tn\\\/fr\\\/wp-content\\\/uploads\\\/2025\\\/05\\\/71fab042badd11baec331d6f279cd911.webp\",\"datePublished\":\"2025-08-14T17:48:24+00:00\",\"dateModified\":\"2025-08-16T06:27:54+00:00\",\"description\":\"D\u00e9couvrez les r\u00e9centes d\u00e9clarations de l'UGTT sur la circulaire controvers\u00e9e affectant le droit syndical en Tunisie.\",\"breadcrumb\":{\"@id\":\"https:\\\/\\\/www.webdo.tn\\\/fr\\\/actualite\\\/national\\\/tunisie-fin-du-detachement-syndical-lugtt-repond-au-gouvernement\\\/381463\\\/#breadcrumb\"},\"inLanguage\":\"fr-FR\",\"potentialAction\":[{\"@type\":\"ReadAction\",\"target\":[\"https:\\\/\\\/www.webdo.tn\\\/fr\\\/actualite\\\/national\\\/tunisie-fin-du-detachement-syndical-lugtt-repond-au-gouvernement\\\/381463\\\/\"]}]},{\"@type\":\"ImageObject\",\"inLanguage\":\"fr-FR\",\"@id\":\"https:\\\/\\\/www.webdo.tn\\\/fr\\\/actualite\\\/national\\\/tunisie-fin-du-detachement-syndical-lugtt-repond-au-gouvernement\\\/381463\\\/#primaryimage\",\"url\":\"https:\\\/\\\/www.webdo.tn\\\/fr\\\/wp-content\\\/uploads\\\/2025\\\/05\\\/71fab042badd11baec331d6f279cd911.webp\",\"contentUrl\":\"https:\\\/\\\/www.webdo.tn\\\/fr\\\/wp-content\\\/uploads\\\/2025\\\/05\\\/71fab042badd11baec331d6f279cd911.webp\",\"width\":750,\"height\":400,\"caption\":\"Tunisie : Le bureau de l\u2019UGTT \u00e0 Sfax demande la suspension imm\u00e9diate de Noureddine Taboubi\"},{\"@type\":\"BreadcrumbList\",\"@id\":\"https:\\\/\\\/www.webdo.tn\\\/fr\\\/actualite\\\/national\\\/tunisie-fin-du-detachement-syndical-lugtt-repond-au-gouvernement\\\/381463\\\/#breadcrumb\",\"itemListElement\":[{\"@type\":\"ListItem\",\"position\":1,\"name\":\"Accueil\",\"item\":\"https:\\\/\\\/www.webdo.tn\\\/fr\\\/\"},{\"@type\":\"ListItem\",\"position\":2,\"name\":\"Tunisie &#8211; Fin du d\u00e9tachement syndical : L&rsquo;UGTT r\u00e9pond au gouvernement\"}]},{\"@type\":\"WebSite\",\"@id\":\"https:\\\/\\\/www.webdo.tn\\\/fr\\\/#website\",\"url\":\"https:\\\/\\\/www.webdo.tn\\\/fr\\\/\",\"name\":\"webdo\",\"description\":\"Tunisie - News en Tunisie et \u00e0 l&#039;international sur Webdo.tn\",\"publisher\":{\"@id\":\"https:\\\/\\\/www.webdo.tn\\\/fr\\\/#organization\"},\"potentialAction\":[{\"@type\":\"SearchAction\",\"target\":{\"@type\":\"EntryPoint\",\"urlTemplate\":\"https:\\\/\\\/www.webdo.tn\\\/fr\\\/?s={search_term_string}\"},\"query-input\":{\"@type\":\"PropertyValueSpecification\",\"valueRequired\":true,\"valueName\":\"search_term_string\"}}],\"inLanguage\":\"fr-FR\"},{\"@type\":\"Organization\",\"@id\":\"https:\\\/\\\/www.webdo.tn\\\/fr\\\/#organization\",\"name\":\"Webdo\",\"alternateName\":\"Webdo.tn\",\"url\":\"https:\\\/\\\/www.webdo.tn\\\/fr\\\/\",\"logo\":{\"@type\":\"ImageObject\",\"inLanguage\":\"fr-FR\",\"@id\":\"https:\\\/\\\/www.webdo.tn\\\/fr\\\/#\\\/schema\\\/logo\\\/image\\\/\",\"url\":\"https:\\\/\\\/www.webdo.tn\\\/fr\\\/wp-content\\\/uploads\\\/2025\\\/06\\\/Webdo-Tunisie_168377.jpg\",\"contentUrl\":\"https:\\\/\\\/www.webdo.tn\\\/fr\\\/wp-content\\\/uploads\\\/2025\\\/06\\\/Webdo-Tunisie_168377.jpg\",\"width\":301,\"height\":301,\"caption\":\"Webdo\"},\"image\":{\"@id\":\"https:\\\/\\\/www.webdo.tn\\\/fr\\\/#\\\/schema\\\/logo\\\/image\\\/\"},\"sameAs\":[\"https:\\\/\\\/www.facebook.com\\\/webdotn\",\"https:\\\/\\\/x.com\\\/webdo_tn\"],\"description\":\"Webdo est un m\u00e9dia num\u00e9rique tunisien fond\u00e9 en 2010, sp\u00e9cialis\u00e9 dans l\u2019actualit\u00e9 nationale et internationale, l\u2019\u00e9conomie, la soci\u00e9t\u00e9 et les analyses politiques. Le site s\u2019adresse \u00e0 un large public francophone et couvre l\u2019information tunisienne en temps r\u00e9el.\",\"email\":\"redac@webdo.tn\",\"legalName\":\"YNJ SARL\",\"foundingDate\":\"2010-09-06\",\"numberOfEmployees\":{\"@type\":\"QuantitativeValue\",\"minValue\":\"11\",\"maxValue\":\"50\"}},{\"@type\":\"Person\",\"@id\":\"https:\\\/\\\/www.webdo.tn\\\/fr\\\/#\\\/schema\\\/person\\\/b9ecde7a5574cb4fcf4b496ea5fadb15\",\"name\":\"Wided Belhaj\",\"image\":{\"@type\":\"ImageObject\",\"inLanguage\":\"fr-FR\",\"@id\":\"https:\\\/\\\/www.webdo.tn\\\/fr\\\/wp-content\\\/uploads\\\/2026\\\/04\\\/wided-belhaj_avatar-96x96.jpg\",\"url\":\"https:\\\/\\\/www.webdo.tn\\\/fr\\\/wp-content\\\/uploads\\\/2026\\\/04\\\/wided-belhaj_avatar-96x96.jpg\",\"contentUrl\":\"https:\\\/\\\/www.webdo.tn\\\/fr\\\/wp-content\\\/uploads\\\/2026\\\/04\\\/wided-belhaj_avatar-96x96.jpg\",\"caption\":\"Wided Belhaj\"},\"description\":\"Wided Belhaj est le pseudonyme \u00e9ditorial utilis\u00e9 par Khalil Jelassi, journaliste, ma\u00eetre-assistant \u00e0 l\u2019Institut de presse et des sciences de l\u2019information (IPSI) et chercheur en sciences de l\u2019information et de la communication. Cette signature est d\u00e9di\u00e9e \u00e0 l\u2019analyse des m\u00e9dias, des pratiques journalistiques et des mutations de l\u2019information \u00e0 l\u2019\u00e8re digitale. \u00c0 travers ses contributions, Wided Belhaj propose une lecture analytique de l\u2019actualit\u00e9, en croisant regard critique et expertise acad\u00e9mique.\",\"knowsAbout\":[\"m\u00e9dias\",\"journalisme\",\"communication\",\"information\",\"transformation num\u00e9rique\",\"analyse des m\u00e9dias\"],\"knowsLanguage\":[\"Fran\u00e7ais\",\"Arabe\"],\"jobTitle\":\"Webdo.tn\",\"worksFor\":\"Journaliste \u2013 Analyse des m\u00e9dias\",\"url\":\"https:\\\/\\\/www.webdo.tn\\\/fr\\\/actualite\\\/author\\\/wided-belhaj\\\/\"}]}<\/script>\n<!-- \/ Yoast SEO Premium plugin. -->","yoast_head_json":{"title":"Tunisie - Fin du d\u00e9tachement syndical : L'UGTT r\u00e9pond au gouvernement - webdo","description":"D\u00e9couvrez les r\u00e9centes d\u00e9clarations de l'UGTT sur la circulaire controvers\u00e9e affectant le droit syndical en Tunisie.","canonical":"https:\/\/www.webdo.tn\/fr\/actualite\/national\/tunisie-fin-du-detachement-syndical-lugtt-repond-au-gouvernement\/381463\/","og_locale":"fr_FR","og_type":"article","og_title":"Tunisie - Fin du d\u00e9tachement syndical : L'UGTT r\u00e9pond au gouvernement","og_description":"D\u00e9couvrez les r\u00e9centes d\u00e9clarations de l'UGTT sur la circulaire controvers\u00e9e affectant le droit syndical en Tunisie.","og_url":"https:\/\/www.webdo.tn\/fr\/actualite\/national\/tunisie-fin-du-detachement-syndical-lugtt-repond-au-gouvernement\/381463\/","og_site_name":"webdo","article_publisher":"https:\/\/www.facebook.com\/webdotn","article_published_time":"2025-08-14T17:48:24+00:00","article_modified_time":"2025-08-16T06:27:54+00:00","og_image":[{"width":750,"height":400,"url":"https:\/\/www.webdo.tn\/fr\/wp-content\/uploads\/2025\/05\/71fab042badd11baec331d6f279cd911.webp","type":"image\/webp"}],"author":"Wided Belhaj","twitter_card":"summary_large_image","twitter_creator":"@webdo_tn","twitter_site":"@webdo_tn","twitter_misc":{"\u00c9crit par":"Wided Belhaj","Dur\u00e9e de lecture estim\u00e9e":"2 minutes"},"schema":{"@context":"https:\/\/schema.org","@graph":[{"@type":"NewsArticle","@id":"https:\/\/www.webdo.tn\/fr\/actualite\/national\/tunisie-fin-du-detachement-syndical-lugtt-repond-au-gouvernement\/381463\/#article","isPartOf":{"@id":"https:\/\/www.webdo.tn\/fr\/actualite\/national\/tunisie-fin-du-detachement-syndical-lugtt-repond-au-gouvernement\/381463\/"},"author":{"name":"Wided Belhaj","@id":"https:\/\/www.webdo.tn\/fr\/#\/schema\/person\/b9ecde7a5574cb4fcf4b496ea5fadb15"},"headline":"Tunisie &#8211; Fin du d\u00e9tachement syndical : L&rsquo;UGTT r\u00e9pond au gouvernement","datePublished":"2025-08-14T17:48:24+00:00","dateModified":"2025-08-16T06:27:54+00:00","mainEntityOfPage":{"@id":"https:\/\/www.webdo.tn\/fr\/actualite\/national\/tunisie-fin-du-detachement-syndical-lugtt-repond-au-gouvernement\/381463\/"},"wordCount":275,"commentCount":0,"publisher":{"@id":"https:\/\/www.webdo.tn\/fr\/#organization"},"image":{"@id":"https:\/\/www.webdo.tn\/fr\/actualite\/national\/tunisie-fin-du-detachement-syndical-lugtt-repond-au-gouvernement\/381463\/#primaryimage"},"thumbnailUrl":"https:\/\/www.webdo.tn\/fr\/wp-content\/uploads\/2025\/05\/71fab042badd11baec331d6f279cd911.webp","keywords":["D\u00e9tachement syndical","Tunisie","UGTT"],"articleSection":["National"],"inLanguage":"fr-FR"},{"@type":"WebPage","@id":"https:\/\/www.webdo.tn\/fr\/actualite\/national\/tunisie-fin-du-detachement-syndical-lugtt-repond-au-gouvernement\/381463\/","url":"https:\/\/www.webdo.tn\/fr\/actualite\/national\/tunisie-fin-du-detachement-syndical-lugtt-repond-au-gouvernement\/381463\/","name":"Tunisie - Fin du d\u00e9tachement syndical : L'UGTT r\u00e9pond au gouvernement - webdo","isPartOf":{"@id":"https:\/\/www.webdo.tn\/fr\/#website"},"primaryImageOfPage":{"@id":"https:\/\/www.webdo.tn\/fr\/actualite\/national\/tunisie-fin-du-detachement-syndical-lugtt-repond-au-gouvernement\/381463\/#primaryimage"},"image":{"@id":"https:\/\/www.webdo.tn\/fr\/actualite\/national\/tunisie-fin-du-detachement-syndical-lugtt-repond-au-gouvernement\/381463\/#primaryimage"},"thumbnailUrl":"https:\/\/www.webdo.tn\/fr\/wp-content\/uploads\/2025\/05\/71fab042badd11baec331d6f279cd911.webp","datePublished":"2025-08-14T17:48:24+00:00","dateModified":"2025-08-16T06:27:54+00:00","description":"D\u00e9couvrez les r\u00e9centes d\u00e9clarations de l'UGTT sur la circulaire controvers\u00e9e affectant le droit syndical en Tunisie.","breadcrumb":{"@id":"https:\/\/www.webdo.tn\/fr\/actualite\/national\/tunisie-fin-du-detachement-syndical-lugtt-repond-au-gouvernement\/381463\/#breadcrumb"},"inLanguage":"fr-FR","potentialAction":[{"@type":"ReadAction","target":["https:\/\/www.webdo.tn\/fr\/actualite\/national\/tunisie-fin-du-detachement-syndical-lugtt-repond-au-gouvernement\/381463\/"]}]},{"@type":"ImageObject","inLanguage":"fr-FR","@id":"https:\/\/www.webdo.tn\/fr\/actualite\/national\/tunisie-fin-du-detachement-syndical-lugtt-repond-au-gouvernement\/381463\/#primaryimage","url":"https:\/\/www.webdo.tn\/fr\/wp-content\/uploads\/2025\/05\/71fab042badd11baec331d6f279cd911.webp","contentUrl":"https:\/\/www.webdo.tn\/fr\/wp-content\/uploads\/2025\/05\/71fab042badd11baec331d6f279cd911.webp","width":750,"height":400,"caption":"Tunisie : Le bureau de l\u2019UGTT \u00e0 Sfax demande la suspension imm\u00e9diate de Noureddine Taboubi"},{"@type":"BreadcrumbList","@id":"https:\/\/www.webdo.tn\/fr\/actualite\/national\/tunisie-fin-du-detachement-syndical-lugtt-repond-au-gouvernement\/381463\/#breadcrumb","itemListElement":[{"@type":"ListItem","position":1,"name":"Accueil","item":"https:\/\/www.webdo.tn\/fr\/"},{"@type":"ListItem","position":2,"name":"Tunisie &#8211; Fin du d\u00e9tachement syndical : L&rsquo;UGTT r\u00e9pond au gouvernement"}]},{"@type":"WebSite","@id":"https:\/\/www.webdo.tn\/fr\/#website","url":"https:\/\/www.webdo.tn\/fr\/","name":"webdo","description":"Tunisie - News en Tunisie et \u00e0 l&#039;international sur Webdo.tn","publisher":{"@id":"https:\/\/www.webdo.tn\/fr\/#organization"},"potentialAction":[{"@type":"SearchAction","target":{"@type":"EntryPoint","urlTemplate":"https:\/\/www.webdo.tn\/fr\/?s={search_term_string}"},"query-input":{"@type":"PropertyValueSpecification","valueRequired":true,"valueName":"search_term_string"}}],"inLanguage":"fr-FR"},{"@type":"Organization","@id":"https:\/\/www.webdo.tn\/fr\/#organization","name":"Webdo","alternateName":"Webdo.tn","url":"https:\/\/www.webdo.tn\/fr\/","logo":{"@type":"ImageObject","inLanguage":"fr-FR","@id":"https:\/\/www.webdo.tn\/fr\/#\/schema\/logo\/image\/","url":"https:\/\/www.webdo.tn\/fr\/wp-content\/uploads\/2025\/06\/Webdo-Tunisie_168377.jpg","contentUrl":"https:\/\/www.webdo.tn\/fr\/wp-content\/uploads\/2025\/06\/Webdo-Tunisie_168377.jpg","width":301,"height":301,"caption":"Webdo"},"image":{"@id":"https:\/\/www.webdo.tn\/fr\/#\/schema\/logo\/image\/"},"sameAs":["https:\/\/www.facebook.com\/webdotn","https:\/\/x.com\/webdo_tn"],"description":"Webdo est un m\u00e9dia num\u00e9rique tunisien fond\u00e9 en 2010, sp\u00e9cialis\u00e9 dans l\u2019actualit\u00e9 nationale et internationale, l\u2019\u00e9conomie, la soci\u00e9t\u00e9 et les analyses politiques. Le site s\u2019adresse \u00e0 un large public francophone et couvre l\u2019information tunisienne en temps r\u00e9el.","email":"redac@webdo.tn","legalName":"YNJ SARL","foundingDate":"2010-09-06","numberOfEmployees":{"@type":"QuantitativeValue","minValue":"11","maxValue":"50"}},{"@type":"Person","@id":"https:\/\/www.webdo.tn\/fr\/#\/schema\/person\/b9ecde7a5574cb4fcf4b496ea5fadb15","name":"Wided Belhaj","image":{"@type":"ImageObject","inLanguage":"fr-FR","@id":"https:\/\/www.webdo.tn\/fr\/wp-content\/uploads\/2026\/04\/wided-belhaj_avatar-96x96.jpg","url":"https:\/\/www.webdo.tn\/fr\/wp-content\/uploads\/2026\/04\/wided-belhaj_avatar-96x96.jpg","contentUrl":"https:\/\/www.webdo.tn\/fr\/wp-content\/uploads\/2026\/04\/wided-belhaj_avatar-96x96.jpg","caption":"Wided Belhaj"},"description":"Wided Belhaj est le pseudonyme \u00e9ditorial utilis\u00e9 par Khalil Jelassi, journaliste, ma\u00eetre-assistant \u00e0 l\u2019Institut de presse et des sciences de l\u2019information (IPSI) et chercheur en sciences de l\u2019information et de la communication. Cette signature est d\u00e9di\u00e9e \u00e0 l\u2019analyse des m\u00e9dias, des pratiques journalistiques et des mutations de l\u2019information \u00e0 l\u2019\u00e8re digitale. \u00c0 travers ses contributions, Wided Belhaj propose une lecture analytique de l\u2019actualit\u00e9, en croisant regard critique et expertise acad\u00e9mique.","knowsAbout":["m\u00e9dias","journalisme","communication","information","transformation num\u00e9rique","analyse des m\u00e9dias"],"knowsLanguage":["Fran\u00e7ais","Arabe"],"jobTitle":"Webdo.tn","worksFor":"Journaliste \u2013 Analyse des m\u00e9dias","url":"https:\/\/www.webdo.tn\/fr\/actualite\/author\/wided-belhaj\/"}]}},"_links":{"self":[{"href":"https:\/\/www.webdo.tn\/fr\/wp-json\/wp\/v2\/posts\/381463","targetHints":{"allow":["GET"]}}],"collection":[{"href":"https:\/\/www.webdo.tn\/fr\/wp-json\/wp\/v2\/posts"}],"about":[{"href":"https:\/\/www.webdo.tn\/fr\/wp-json\/wp\/v2\/types\/post"}],"author":[{"embeddable":true,"href":"https:\/\/www.webdo.tn\/fr\/wp-json\/wp\/v2\/users\/3184"}],"replies":[{"embeddable":true,"href":"https:\/\/www.webdo.tn\/fr\/wp-json\/wp\/v2\/comments?post=381463"}],"version-history":[{"count":0,"href":"https:\/\/www.webdo.tn\/fr\/wp-json\/wp\/v2\/posts\/381463\/revisions"}],"wp:featuredmedia":[{"embeddable":true,"href":"https:\/\/www.webdo.tn\/fr\/wp-json\/wp\/v2\/media\/376437"}],"wp:attachment":[{"href":"https:\/\/www.webdo.tn\/fr\/wp-json\/wp\/v2\/media?parent=381463"}],"wp:term":[{"taxonomy":"category","embeddable":true,"href":"https:\/\/www.webdo.tn\/fr\/wp-json\/wp\/v2\/categories?post=381463"},{"taxonomy":"post_tag","embeddable":true,"href":"https:\/\/www.webdo.tn\/fr\/wp-json\/wp\/v2\/tags?post=381463"}],"curies":[{"name":"wp","href":"https:\/\/api.w.org\/{rel}","templated":true}]}}