{"id":381459,"date":"2025-08-14T18:26:44","date_gmt":"2025-08-14T17:26:44","guid":{"rendered":"https:\/\/www.webdo.tn\/fr\/?p=381459"},"modified":"2025-08-16T07:28:02","modified_gmt":"2025-08-16T06:28:02","slug":"crise-gouvernement-ugtt-la-kasbah-riposte-et-met-fin-au-detachement-syndical","status":"publish","type":"post","link":"https:\/\/www.webdo.tn\/fr\/actualite\/national\/crise-gouvernement-ugtt-la-kasbah-riposte-et-met-fin-au-detachement-syndical\/381459\/","title":{"rendered":"Crise gouvernement &#8211; UGTT : La Kasbah riposte et met fin au d\u00e9tachement syndical"},"content":{"rendered":"\n<p>La cheffe du gouvernement, <strong>Sara Zafrani Zanzari<\/strong>, a \u00e9mis le 11 ao\u00fbt 2025 le <strong>circulaire n\u00b011<\/strong> mettant fin \u00e0 toutes les autorisations de d\u00e9tachement syndical pr\u00e9c\u00e9demment accord\u00e9es, les d\u00e9clarant nulles et non avenues \u00e0 compter de sa publication.<\/p>\n\n\n\n<p>Dans ce texte, elle invite <strong>toutes les structures concern\u00e9es<\/strong> \u00e0 entamer imm\u00e9diatement l\u2019inventaire des agents des minist\u00e8res, \u00e9tablissements, entreprises et organismes publics \u2013 \u00e0 l\u2019\u00e9chelle centrale, r\u00e9gionale et locale \u2013 mis \u00e0 la disposition des organisations syndicales.<\/p>\n\n\n\n<p>Les agents vis\u00e9s sont appel\u00e9s \u00e0 <strong>rejoindre sans d\u00e9lai<\/strong> leur poste d\u2019affectation initial. Des mesures administratives et juridiques seront prises en cas de non-respect de ces dispositions.<\/p>\n\n\n\n<p>Sara Zafrani Zanzari justifie cette d\u00e9cision en affirmant que cette pratique <strong>n\u2019a aucun fondement l\u00e9gal<\/strong>, ni dans le statut g\u00e9n\u00e9ral de la fonction publique, ni dans celui des entreprises et \u00e9tablissements publics. Elle rappelle que le l\u00e9gislateur n\u2019a pr\u00e9vu que quatre situations l\u00e9gales pour un agent : <strong>l\u2019exercice effectif, la non-activit\u00e9, le d\u00e9tachement ou le service militaire<\/strong>.<\/p>\n\n\n\n<p>Cette mesure intervient dans un climat <strong>de tension croissante entre le gouvernement et l\u2019UGTT<\/strong>. Ces derniers mois, plusieurs \u00e9changes publics ont montr\u00e9 que \u00ab le courant ne passe plus \u00bb entre la centrale syndicale et l\u2019ex\u00e9cutif, sur fond de d\u00e9saccords concernant les r\u00e9formes \u00e9conomiques et sociales.<\/p>\n\n\n\n<p>Le pr\u00e9sident <strong>Ka\u00efs Sa\u00efed<\/strong> avait lui-m\u00eame exprim\u00e9 r\u00e9cemment des critiques \u00e0 l\u2019\u00e9gard de l\u2019UGTT, alors que la Centrale syndicale a d\u00e9cid\u00e9 de descende dans la rue pour protester. <\/p>\n\n\n\n<p><\/p>\n\n\n\n<p><strong>Lire aussi : <\/strong><a href=\"https:\/\/www.webdo.tn\/fr\/actualite\/national\/tunisie-lugtt-proteste-et-menace-dune-greve-generale\/381362\/\">Tunisie : L\u2019UGTT proteste et menace d\u2019une gr\u00e8ve g\u00e9n\u00e9rale<\/a><br><\/p>\n","protected":false},"excerpt":{"rendered":"<p>La cheffe du gouvernement, Sara Zafrani Zanzari, a \u00e9mis le 11 ao\u00fbt 2025 le circulaire n\u00b011 mettant fin \u00e0 toutes les autorisations de d\u00e9tachement syndical pr\u00e9c\u00e9demment accord\u00e9es, les d\u00e9clarant nulles et non avenues \u00e0 compter de sa publication. Dans ce texte, elle invite toutes les structures concern\u00e9es \u00e0 entamer imm\u00e9diatement l\u2019inventaire des agents des minist\u00e8res, [&hellip;]<\/p>\n","protected":false},"author":3184,"featured_media":369165,"comment_status":"open","ping_status":"open","sticky":false,"template":"","format":"standard","meta":{"footnotes":""},"categories":[44],"tags":[12428,6822,3093,2608],"class_list":["post-381459","post","type-post","status-publish","format-standard","has-post-thumbnail","hentry","category-national","tag-detachement","tag-kasbah","tag-syndicat","tag-tunisie"],"yoast_head":"<!-- This site is optimized with the Yoast SEO Premium plugin v27.4 (Yoast SEO v27.4) - https:\/\/yoast.com\/product\/yoast-seo-premium-wordpress\/ -->\n<title>Crise gouvernement - UGTT : La Kasbah riposte et met fin au d\u00e9tachement syndical - webdo<\/title>\n<meta name=\"description\" content=\"D\u00e9couvrez les implications de la circulaire n\u00b011 sur le d\u00e9tachement syndical et les mesures \u00e0 prendre pour les agents concern\u00e9s.\" \/>\n<link rel=\"canonical\" href=\"https:\/\/www.webdo.tn\/fr\/actualite\/national\/crise-gouvernement-ugtt-la-kasbah-riposte-et-met-fin-au-detachement-syndical\/381459\/\" \/>\n<meta property=\"og:locale\" content=\"fr_FR\" \/>\n<meta property=\"og:type\" content=\"article\" \/>\n<meta property=\"og:title\" content=\"Crise gouvernement - UGTT : La Kasbah riposte et met fin au d\u00e9tachement syndical\" \/>\n<meta property=\"og:description\" content=\"D\u00e9couvrez les implications de la circulaire n\u00b011 sur le d\u00e9tachement syndical et les mesures \u00e0 prendre pour les agents concern\u00e9s.\" \/>\n<meta property=\"og:url\" content=\"https:\/\/www.webdo.tn\/fr\/actualite\/national\/crise-gouvernement-ugtt-la-kasbah-riposte-et-met-fin-au-detachement-syndical\/381459\/\" \/>\n<meta property=\"og:site_name\" content=\"webdo\" \/>\n<meta property=\"article:publisher\" content=\"https:\/\/www.facebook.com\/webdotn\" \/>\n<meta property=\"article:published_time\" content=\"2025-08-14T17:26:44+00:00\" \/>\n<meta property=\"article:modified_time\" content=\"2025-08-16T06:28:02+00:00\" \/>\n<meta property=\"og:image\" content=\"https:\/\/www.webdo.tn\/fr\/wp-content\/uploads\/2025\/06\/Palis-la-kasbah_138067.jpg\" \/>\n\t<meta property=\"og:image:width\" content=\"800\" \/>\n\t<meta property=\"og:image:height\" content=\"540\" \/>\n\t<meta property=\"og:image:type\" content=\"image\/jpeg\" \/>\n<meta name=\"author\" content=\"Wided Belhaj\" \/>\n<meta name=\"twitter:card\" content=\"summary_large_image\" \/>\n<meta name=\"twitter:creator\" content=\"@webdo_tn\" \/>\n<meta name=\"twitter:site\" content=\"@webdo_tn\" \/>\n<meta name=\"twitter:label1\" content=\"\u00c9crit par\" \/>\n\t<meta name=\"twitter:data1\" content=\"Wided Belhaj\" \/>\n\t<meta name=\"twitter:label2\" content=\"Dur\u00e9e de lecture estim\u00e9e\" \/>\n\t<meta name=\"twitter:data2\" content=\"2 minutes\" \/>\n<script type=\"application\/ld+json\" class=\"yoast-schema-graph\">{\"@context\":\"https:\\\/\\\/schema.org\",\"@graph\":[{\"@type\":\"NewsArticle\",\"@id\":\"https:\\\/\\\/www.webdo.tn\\\/fr\\\/actualite\\\/national\\\/crise-gouvernement-ugtt-la-kasbah-riposte-et-met-fin-au-detachement-syndical\\\/381459\\\/#article\",\"isPartOf\":{\"@id\":\"https:\\\/\\\/www.webdo.tn\\\/fr\\\/actualite\\\/national\\\/crise-gouvernement-ugtt-la-kasbah-riposte-et-met-fin-au-detachement-syndical\\\/381459\\\/\"},\"author\":{\"name\":\"Wided Belhaj\",\"@id\":\"https:\\\/\\\/www.webdo.tn\\\/fr\\\/#\\\/schema\\\/person\\\/b9ecde7a5574cb4fcf4b496ea5fadb15\"},\"headline\":\"Crise gouvernement &#8211; UGTT : La Kasbah riposte et met fin au d\u00e9tachement syndical\",\"datePublished\":\"2025-08-14T17:26:44+00:00\",\"dateModified\":\"2025-08-16T06:28:02+00:00\",\"mainEntityOfPage\":{\"@id\":\"https:\\\/\\\/www.webdo.tn\\\/fr\\\/actualite\\\/national\\\/crise-gouvernement-ugtt-la-kasbah-riposte-et-met-fin-au-detachement-syndical\\\/381459\\\/\"},\"wordCount\":288,\"commentCount\":0,\"publisher\":{\"@id\":\"https:\\\/\\\/www.webdo.tn\\\/fr\\\/#organization\"},\"image\":{\"@id\":\"https:\\\/\\\/www.webdo.tn\\\/fr\\\/actualite\\\/national\\\/crise-gouvernement-ugtt-la-kasbah-riposte-et-met-fin-au-detachement-syndical\\\/381459\\\/#primaryimage\"},\"thumbnailUrl\":\"https:\\\/\\\/www.webdo.tn\\\/fr\\\/wp-content\\\/uploads\\\/2025\\\/06\\\/Palis-la-kasbah_138067.jpg\",\"keywords\":[\"d\u00e9tachement\",\"Kasbah\",\"syndicat\",\"Tunisie\"],\"articleSection\":[\"National\"],\"inLanguage\":\"fr-FR\"},{\"@type\":\"WebPage\",\"@id\":\"https:\\\/\\\/www.webdo.tn\\\/fr\\\/actualite\\\/national\\\/crise-gouvernement-ugtt-la-kasbah-riposte-et-met-fin-au-detachement-syndical\\\/381459\\\/\",\"url\":\"https:\\\/\\\/www.webdo.tn\\\/fr\\\/actualite\\\/national\\\/crise-gouvernement-ugtt-la-kasbah-riposte-et-met-fin-au-detachement-syndical\\\/381459\\\/\",\"name\":\"Crise gouvernement - UGTT : La Kasbah riposte et met fin au d\u00e9tachement syndical - webdo\",\"isPartOf\":{\"@id\":\"https:\\\/\\\/www.webdo.tn\\\/fr\\\/#website\"},\"primaryImageOfPage\":{\"@id\":\"https:\\\/\\\/www.webdo.tn\\\/fr\\\/actualite\\\/national\\\/crise-gouvernement-ugtt-la-kasbah-riposte-et-met-fin-au-detachement-syndical\\\/381459\\\/#primaryimage\"},\"image\":{\"@id\":\"https:\\\/\\\/www.webdo.tn\\\/fr\\\/actualite\\\/national\\\/crise-gouvernement-ugtt-la-kasbah-riposte-et-met-fin-au-detachement-syndical\\\/381459\\\/#primaryimage\"},\"thumbnailUrl\":\"https:\\\/\\\/www.webdo.tn\\\/fr\\\/wp-content\\\/uploads\\\/2025\\\/06\\\/Palis-la-kasbah_138067.jpg\",\"datePublished\":\"2025-08-14T17:26:44+00:00\",\"dateModified\":\"2025-08-16T06:28:02+00:00\",\"description\":\"D\u00e9couvrez les implications de la circulaire n\u00b011 sur le d\u00e9tachement syndical et les mesures \u00e0 prendre pour les agents concern\u00e9s.\",\"breadcrumb\":{\"@id\":\"https:\\\/\\\/www.webdo.tn\\\/fr\\\/actualite\\\/national\\\/crise-gouvernement-ugtt-la-kasbah-riposte-et-met-fin-au-detachement-syndical\\\/381459\\\/#breadcrumb\"},\"inLanguage\":\"fr-FR\",\"potentialAction\":[{\"@type\":\"ReadAction\",\"target\":[\"https:\\\/\\\/www.webdo.tn\\\/fr\\\/actualite\\\/national\\\/crise-gouvernement-ugtt-la-kasbah-riposte-et-met-fin-au-detachement-syndical\\\/381459\\\/\"]}]},{\"@type\":\"ImageObject\",\"inLanguage\":\"fr-FR\",\"@id\":\"https:\\\/\\\/www.webdo.tn\\\/fr\\\/actualite\\\/national\\\/crise-gouvernement-ugtt-la-kasbah-riposte-et-met-fin-au-detachement-syndical\\\/381459\\\/#primaryimage\",\"url\":\"https:\\\/\\\/www.webdo.tn\\\/fr\\\/wp-content\\\/uploads\\\/2025\\\/06\\\/Palis-la-kasbah_138067.jpg\",\"contentUrl\":\"https:\\\/\\\/www.webdo.tn\\\/fr\\\/wp-content\\\/uploads\\\/2025\\\/06\\\/Palis-la-kasbah_138067.jpg\",\"width\":800,\"height\":540,\"caption\":\"Al-Qods : La Kasbah appelle la communaut\u00e9 internationale \u00e0 assumer ses responsabilit\u00e9s\"},{\"@type\":\"BreadcrumbList\",\"@id\":\"https:\\\/\\\/www.webdo.tn\\\/fr\\\/actualite\\\/national\\\/crise-gouvernement-ugtt-la-kasbah-riposte-et-met-fin-au-detachement-syndical\\\/381459\\\/#breadcrumb\",\"itemListElement\":[{\"@type\":\"ListItem\",\"position\":1,\"name\":\"Accueil\",\"item\":\"https:\\\/\\\/www.webdo.tn\\\/fr\\\/\"},{\"@type\":\"ListItem\",\"position\":2,\"name\":\"Crise gouvernement &#8211; UGTT : La Kasbah riposte et met fin au d\u00e9tachement syndical\"}]},{\"@type\":\"WebSite\",\"@id\":\"https:\\\/\\\/www.webdo.tn\\\/fr\\\/#website\",\"url\":\"https:\\\/\\\/www.webdo.tn\\\/fr\\\/\",\"name\":\"webdo\",\"description\":\"Tunisie - News en Tunisie et \u00e0 l&#039;international sur Webdo.tn\",\"publisher\":{\"@id\":\"https:\\\/\\\/www.webdo.tn\\\/fr\\\/#organization\"},\"potentialAction\":[{\"@type\":\"SearchAction\",\"target\":{\"@type\":\"EntryPoint\",\"urlTemplate\":\"https:\\\/\\\/www.webdo.tn\\\/fr\\\/?s={search_term_string}\"},\"query-input\":{\"@type\":\"PropertyValueSpecification\",\"valueRequired\":true,\"valueName\":\"search_term_string\"}}],\"inLanguage\":\"fr-FR\"},{\"@type\":\"Organization\",\"@id\":\"https:\\\/\\\/www.webdo.tn\\\/fr\\\/#organization\",\"name\":\"Webdo\",\"alternateName\":\"Webdo.tn\",\"url\":\"https:\\\/\\\/www.webdo.tn\\\/fr\\\/\",\"logo\":{\"@type\":\"ImageObject\",\"inLanguage\":\"fr-FR\",\"@id\":\"https:\\\/\\\/www.webdo.tn\\\/fr\\\/#\\\/schema\\\/logo\\\/image\\\/\",\"url\":\"https:\\\/\\\/www.webdo.tn\\\/fr\\\/wp-content\\\/uploads\\\/2025\\\/06\\\/Webdo-Tunisie_168377.jpg\",\"contentUrl\":\"https:\\\/\\\/www.webdo.tn\\\/fr\\\/wp-content\\\/uploads\\\/2025\\\/06\\\/Webdo-Tunisie_168377.jpg\",\"width\":301,\"height\":301,\"caption\":\"Webdo\"},\"image\":{\"@id\":\"https:\\\/\\\/www.webdo.tn\\\/fr\\\/#\\\/schema\\\/logo\\\/image\\\/\"},\"sameAs\":[\"https:\\\/\\\/www.facebook.com\\\/webdotn\",\"https:\\\/\\\/x.com\\\/webdo_tn\"],\"description\":\"Webdo est un m\u00e9dia num\u00e9rique tunisien fond\u00e9 en 2010, sp\u00e9cialis\u00e9 dans l\u2019actualit\u00e9 nationale et internationale, l\u2019\u00e9conomie, la soci\u00e9t\u00e9 et les analyses politiques. Le site s\u2019adresse \u00e0 un large public francophone et couvre l\u2019information tunisienne en temps r\u00e9el.\",\"email\":\"redac@webdo.tn\",\"legalName\":\"YNJ SARL\",\"foundingDate\":\"2010-09-06\",\"numberOfEmployees\":{\"@type\":\"QuantitativeValue\",\"minValue\":\"11\",\"maxValue\":\"50\"}},{\"@type\":\"Person\",\"@id\":\"https:\\\/\\\/www.webdo.tn\\\/fr\\\/#\\\/schema\\\/person\\\/b9ecde7a5574cb4fcf4b496ea5fadb15\",\"name\":\"Wided Belhaj\",\"image\":{\"@type\":\"ImageObject\",\"inLanguage\":\"fr-FR\",\"@id\":\"https:\\\/\\\/www.webdo.tn\\\/fr\\\/wp-content\\\/uploads\\\/2026\\\/04\\\/wided-belhaj_avatar-96x96.jpg\",\"url\":\"https:\\\/\\\/www.webdo.tn\\\/fr\\\/wp-content\\\/uploads\\\/2026\\\/04\\\/wided-belhaj_avatar-96x96.jpg\",\"contentUrl\":\"https:\\\/\\\/www.webdo.tn\\\/fr\\\/wp-content\\\/uploads\\\/2026\\\/04\\\/wided-belhaj_avatar-96x96.jpg\",\"caption\":\"Wided Belhaj\"},\"description\":\"Wided Belhaj est le pseudonyme \u00e9ditorial utilis\u00e9 par Khalil Jelassi, journaliste, ma\u00eetre-assistant \u00e0 l\u2019Institut de presse et des sciences de l\u2019information (IPSI) et chercheur en sciences de l\u2019information et de la communication. Cette signature est d\u00e9di\u00e9e \u00e0 l\u2019analyse des m\u00e9dias, des pratiques journalistiques et des mutations de l\u2019information \u00e0 l\u2019\u00e8re digitale. \u00c0 travers ses contributions, Wided Belhaj propose une lecture analytique de l\u2019actualit\u00e9, en croisant regard critique et expertise acad\u00e9mique.\",\"knowsAbout\":[\"m\u00e9dias\",\"journalisme\",\"communication\",\"information\",\"transformation num\u00e9rique\",\"analyse des m\u00e9dias\"],\"knowsLanguage\":[\"Fran\u00e7ais\",\"Arabe\"],\"jobTitle\":\"Webdo.tn\",\"worksFor\":\"Journaliste \u2013 Analyse des m\u00e9dias\",\"url\":\"https:\\\/\\\/www.webdo.tn\\\/fr\\\/actualite\\\/author\\\/wided-belhaj\\\/\"}]}<\/script>\n<!-- \/ Yoast SEO Premium plugin. -->","yoast_head_json":{"title":"Crise gouvernement - UGTT : La Kasbah riposte et met fin au d\u00e9tachement syndical - webdo","description":"D\u00e9couvrez les implications de la circulaire n\u00b011 sur le d\u00e9tachement syndical et les mesures \u00e0 prendre pour les agents concern\u00e9s.","canonical":"https:\/\/www.webdo.tn\/fr\/actualite\/national\/crise-gouvernement-ugtt-la-kasbah-riposte-et-met-fin-au-detachement-syndical\/381459\/","og_locale":"fr_FR","og_type":"article","og_title":"Crise gouvernement - UGTT : La Kasbah riposte et met fin au d\u00e9tachement syndical","og_description":"D\u00e9couvrez les implications de la circulaire n\u00b011 sur le d\u00e9tachement syndical et les mesures \u00e0 prendre pour les agents concern\u00e9s.","og_url":"https:\/\/www.webdo.tn\/fr\/actualite\/national\/crise-gouvernement-ugtt-la-kasbah-riposte-et-met-fin-au-detachement-syndical\/381459\/","og_site_name":"webdo","article_publisher":"https:\/\/www.facebook.com\/webdotn","article_published_time":"2025-08-14T17:26:44+00:00","article_modified_time":"2025-08-16T06:28:02+00:00","og_image":[{"width":800,"height":540,"url":"https:\/\/www.webdo.tn\/fr\/wp-content\/uploads\/2025\/06\/Palis-la-kasbah_138067.jpg","type":"image\/jpeg"}],"author":"Wided Belhaj","twitter_card":"summary_large_image","twitter_creator":"@webdo_tn","twitter_site":"@webdo_tn","twitter_misc":{"\u00c9crit par":"Wided Belhaj","Dur\u00e9e de lecture estim\u00e9e":"2 minutes"},"schema":{"@context":"https:\/\/schema.org","@graph":[{"@type":"NewsArticle","@id":"https:\/\/www.webdo.tn\/fr\/actualite\/national\/crise-gouvernement-ugtt-la-kasbah-riposte-et-met-fin-au-detachement-syndical\/381459\/#article","isPartOf":{"@id":"https:\/\/www.webdo.tn\/fr\/actualite\/national\/crise-gouvernement-ugtt-la-kasbah-riposte-et-met-fin-au-detachement-syndical\/381459\/"},"author":{"name":"Wided Belhaj","@id":"https:\/\/www.webdo.tn\/fr\/#\/schema\/person\/b9ecde7a5574cb4fcf4b496ea5fadb15"},"headline":"Crise gouvernement &#8211; UGTT : La Kasbah riposte et met fin au d\u00e9tachement syndical","datePublished":"2025-08-14T17:26:44+00:00","dateModified":"2025-08-16T06:28:02+00:00","mainEntityOfPage":{"@id":"https:\/\/www.webdo.tn\/fr\/actualite\/national\/crise-gouvernement-ugtt-la-kasbah-riposte-et-met-fin-au-detachement-syndical\/381459\/"},"wordCount":288,"commentCount":0,"publisher":{"@id":"https:\/\/www.webdo.tn\/fr\/#organization"},"image":{"@id":"https:\/\/www.webdo.tn\/fr\/actualite\/national\/crise-gouvernement-ugtt-la-kasbah-riposte-et-met-fin-au-detachement-syndical\/381459\/#primaryimage"},"thumbnailUrl":"https:\/\/www.webdo.tn\/fr\/wp-content\/uploads\/2025\/06\/Palis-la-kasbah_138067.jpg","keywords":["d\u00e9tachement","Kasbah","syndicat","Tunisie"],"articleSection":["National"],"inLanguage":"fr-FR"},{"@type":"WebPage","@id":"https:\/\/www.webdo.tn\/fr\/actualite\/national\/crise-gouvernement-ugtt-la-kasbah-riposte-et-met-fin-au-detachement-syndical\/381459\/","url":"https:\/\/www.webdo.tn\/fr\/actualite\/national\/crise-gouvernement-ugtt-la-kasbah-riposte-et-met-fin-au-detachement-syndical\/381459\/","name":"Crise gouvernement - UGTT : La Kasbah riposte et met fin au d\u00e9tachement syndical - webdo","isPartOf":{"@id":"https:\/\/www.webdo.tn\/fr\/#website"},"primaryImageOfPage":{"@id":"https:\/\/www.webdo.tn\/fr\/actualite\/national\/crise-gouvernement-ugtt-la-kasbah-riposte-et-met-fin-au-detachement-syndical\/381459\/#primaryimage"},"image":{"@id":"https:\/\/www.webdo.tn\/fr\/actualite\/national\/crise-gouvernement-ugtt-la-kasbah-riposte-et-met-fin-au-detachement-syndical\/381459\/#primaryimage"},"thumbnailUrl":"https:\/\/www.webdo.tn\/fr\/wp-content\/uploads\/2025\/06\/Palis-la-kasbah_138067.jpg","datePublished":"2025-08-14T17:26:44+00:00","dateModified":"2025-08-16T06:28:02+00:00","description":"D\u00e9couvrez les implications de la circulaire n\u00b011 sur le d\u00e9tachement syndical et les mesures \u00e0 prendre pour les agents concern\u00e9s.","breadcrumb":{"@id":"https:\/\/www.webdo.tn\/fr\/actualite\/national\/crise-gouvernement-ugtt-la-kasbah-riposte-et-met-fin-au-detachement-syndical\/381459\/#breadcrumb"},"inLanguage":"fr-FR","potentialAction":[{"@type":"ReadAction","target":["https:\/\/www.webdo.tn\/fr\/actualite\/national\/crise-gouvernement-ugtt-la-kasbah-riposte-et-met-fin-au-detachement-syndical\/381459\/"]}]},{"@type":"ImageObject","inLanguage":"fr-FR","@id":"https:\/\/www.webdo.tn\/fr\/actualite\/national\/crise-gouvernement-ugtt-la-kasbah-riposte-et-met-fin-au-detachement-syndical\/381459\/#primaryimage","url":"https:\/\/www.webdo.tn\/fr\/wp-content\/uploads\/2025\/06\/Palis-la-kasbah_138067.jpg","contentUrl":"https:\/\/www.webdo.tn\/fr\/wp-content\/uploads\/2025\/06\/Palis-la-kasbah_138067.jpg","width":800,"height":540,"caption":"Al-Qods : La Kasbah appelle la communaut\u00e9 internationale \u00e0 assumer ses responsabilit\u00e9s"},{"@type":"BreadcrumbList","@id":"https:\/\/www.webdo.tn\/fr\/actualite\/national\/crise-gouvernement-ugtt-la-kasbah-riposte-et-met-fin-au-detachement-syndical\/381459\/#breadcrumb","itemListElement":[{"@type":"ListItem","position":1,"name":"Accueil","item":"https:\/\/www.webdo.tn\/fr\/"},{"@type":"ListItem","position":2,"name":"Crise gouvernement &#8211; UGTT : La Kasbah riposte et met fin au d\u00e9tachement syndical"}]},{"@type":"WebSite","@id":"https:\/\/www.webdo.tn\/fr\/#website","url":"https:\/\/www.webdo.tn\/fr\/","name":"webdo","description":"Tunisie - News en Tunisie et \u00e0 l&#039;international sur Webdo.tn","publisher":{"@id":"https:\/\/www.webdo.tn\/fr\/#organization"},"potentialAction":[{"@type":"SearchAction","target":{"@type":"EntryPoint","urlTemplate":"https:\/\/www.webdo.tn\/fr\/?s={search_term_string}"},"query-input":{"@type":"PropertyValueSpecification","valueRequired":true,"valueName":"search_term_string"}}],"inLanguage":"fr-FR"},{"@type":"Organization","@id":"https:\/\/www.webdo.tn\/fr\/#organization","name":"Webdo","alternateName":"Webdo.tn","url":"https:\/\/www.webdo.tn\/fr\/","logo":{"@type":"ImageObject","inLanguage":"fr-FR","@id":"https:\/\/www.webdo.tn\/fr\/#\/schema\/logo\/image\/","url":"https:\/\/www.webdo.tn\/fr\/wp-content\/uploads\/2025\/06\/Webdo-Tunisie_168377.jpg","contentUrl":"https:\/\/www.webdo.tn\/fr\/wp-content\/uploads\/2025\/06\/Webdo-Tunisie_168377.jpg","width":301,"height":301,"caption":"Webdo"},"image":{"@id":"https:\/\/www.webdo.tn\/fr\/#\/schema\/logo\/image\/"},"sameAs":["https:\/\/www.facebook.com\/webdotn","https:\/\/x.com\/webdo_tn"],"description":"Webdo est un m\u00e9dia num\u00e9rique tunisien fond\u00e9 en 2010, sp\u00e9cialis\u00e9 dans l\u2019actualit\u00e9 nationale et internationale, l\u2019\u00e9conomie, la soci\u00e9t\u00e9 et les analyses politiques. Le site s\u2019adresse \u00e0 un large public francophone et couvre l\u2019information tunisienne en temps r\u00e9el.","email":"redac@webdo.tn","legalName":"YNJ SARL","foundingDate":"2010-09-06","numberOfEmployees":{"@type":"QuantitativeValue","minValue":"11","maxValue":"50"}},{"@type":"Person","@id":"https:\/\/www.webdo.tn\/fr\/#\/schema\/person\/b9ecde7a5574cb4fcf4b496ea5fadb15","name":"Wided Belhaj","image":{"@type":"ImageObject","inLanguage":"fr-FR","@id":"https:\/\/www.webdo.tn\/fr\/wp-content\/uploads\/2026\/04\/wided-belhaj_avatar-96x96.jpg","url":"https:\/\/www.webdo.tn\/fr\/wp-content\/uploads\/2026\/04\/wided-belhaj_avatar-96x96.jpg","contentUrl":"https:\/\/www.webdo.tn\/fr\/wp-content\/uploads\/2026\/04\/wided-belhaj_avatar-96x96.jpg","caption":"Wided Belhaj"},"description":"Wided Belhaj est le pseudonyme \u00e9ditorial utilis\u00e9 par Khalil Jelassi, journaliste, ma\u00eetre-assistant \u00e0 l\u2019Institut de presse et des sciences de l\u2019information (IPSI) et chercheur en sciences de l\u2019information et de la communication. Cette signature est d\u00e9di\u00e9e \u00e0 l\u2019analyse des m\u00e9dias, des pratiques journalistiques et des mutations de l\u2019information \u00e0 l\u2019\u00e8re digitale. \u00c0 travers ses contributions, Wided Belhaj propose une lecture analytique de l\u2019actualit\u00e9, en croisant regard critique et expertise acad\u00e9mique.","knowsAbout":["m\u00e9dias","journalisme","communication","information","transformation num\u00e9rique","analyse des m\u00e9dias"],"knowsLanguage":["Fran\u00e7ais","Arabe"],"jobTitle":"Webdo.tn","worksFor":"Journaliste \u2013 Analyse des m\u00e9dias","url":"https:\/\/www.webdo.tn\/fr\/actualite\/author\/wided-belhaj\/"}]}},"_links":{"self":[{"href":"https:\/\/www.webdo.tn\/fr\/wp-json\/wp\/v2\/posts\/381459","targetHints":{"allow":["GET"]}}],"collection":[{"href":"https:\/\/www.webdo.tn\/fr\/wp-json\/wp\/v2\/posts"}],"about":[{"href":"https:\/\/www.webdo.tn\/fr\/wp-json\/wp\/v2\/types\/post"}],"author":[{"embeddable":true,"href":"https:\/\/www.webdo.tn\/fr\/wp-json\/wp\/v2\/users\/3184"}],"replies":[{"embeddable":true,"href":"https:\/\/www.webdo.tn\/fr\/wp-json\/wp\/v2\/comments?post=381459"}],"version-history":[{"count":0,"href":"https:\/\/www.webdo.tn\/fr\/wp-json\/wp\/v2\/posts\/381459\/revisions"}],"wp:featuredmedia":[{"embeddable":true,"href":"https:\/\/www.webdo.tn\/fr\/wp-json\/wp\/v2\/media\/369165"}],"wp:attachment":[{"href":"https:\/\/www.webdo.tn\/fr\/wp-json\/wp\/v2\/media?parent=381459"}],"wp:term":[{"taxonomy":"category","embeddable":true,"href":"https:\/\/www.webdo.tn\/fr\/wp-json\/wp\/v2\/categories?post=381459"},{"taxonomy":"post_tag","embeddable":true,"href":"https:\/\/www.webdo.tn\/fr\/wp-json\/wp\/v2\/tags?post=381459"}],"curies":[{"name":"wp","href":"https:\/\/api.w.org\/{rel}","templated":true}]}}