{"id":381449,"date":"2025-08-14T11:42:05","date_gmt":"2025-08-14T10:42:05","guid":{"rendered":"https:\/\/www.webdo.tn\/fr\/?p=381449"},"modified":"2025-08-16T07:28:19","modified_gmt":"2025-08-16T06:28:19","slug":"sidi-bou-said-ce-qui-changera-le-jour-ou-le-village-sera-inscrit-au-patrimoine-mondial","status":"publish","type":"post","link":"https:\/\/www.webdo.tn\/fr\/actualite\/chroniques\/sidi-bou-said-ce-qui-changera-le-jour-ou-le-village-sera-inscrit-au-patrimoine-mondial\/381449\/","title":{"rendered":"Sidi Bou Said : Ce qui changera le jour o\u00f9 le village sera inscrit au patrimoine mondial"},"content":{"rendered":"\n<p>Les d\u00e9marches pour l&rsquo;inscription de Sidi Bou Said devraient conna\u00eetre une acc\u00e9l\u00e9ration avec l&rsquo;arriv\u00e9e de l&rsquo;automne. Toutefois, beaucoup reste \u00e0 faire pour que le village mystique du golfe de Tunis puisse \u00eatre durablement pr\u00e9sent sur la liste du patrimoine mondial de l&rsquo;Unesco.<\/p>\n\n\n\n<p>Aujourd&rsquo;hui, Sidi Bou Said souffre de toute \u00e9vidence. Le village \u00e9difi\u00e9 \u00e0 flanc de colline craint pour son site alors que chaque jour, le surtourisme s&rsquo;impose davantage.<\/p>\n\n\n\n<p>Dans la journ\u00e9e, des bus touristiques arrivent par dizaines et en soir\u00e9e, le public local investit les lieux dans une cohue o\u00f9 passants et motocycles partagent leur chemin avec les camelots.<\/p>\n\n\n\n<p>Tout cela risque de changer au cas o\u00f9 le village rejoindrait les sites Unesco.<\/p>\n\n\n\n<p>Quelles mesures devraient \u00eatre prises le jour o\u00f9 Sidi Bou Said changera de statut pour devenir un site du patrimoine mondial ?<\/p>\n\n\n\n<p>D&rsquo;abord, l&rsquo;acc\u00e8s des bus et des automobiles sera tr\u00e8s restreint, absolument r\u00e9serv\u00e9 aux r\u00e9sidents et \u00e0 certains v\u00e9hicules utilitaires.<\/p>\n\n\n\n<p>Ensuite, les \u00e9quipes de la voirie seront appel\u00e9es \u00e0 \u00eatre plus performantes alors que les riverains devront faire d&rsquo;une discipline rigoureuse en mati\u00e8re de d\u00e9chets m\u00e9nagers.<\/p>\n\n\n\n<p>En outre, les visiteurs du village pourraient risquer de lourdes amendes s&rsquo;ils ne respectent pas l&rsquo;environnement.<\/p>\n\n\n\n<p>Enfin, tous les travaux de construction seront scrut\u00e9s \u00e0 la loupe pour \u00e9viter les d\u00e9passements.<\/p>\n\n\n\n<p>\u00c0 vrai dire, si ces r\u00e8gles \u00e9taient adopt\u00e9es dans les faits d\u00e8s aujourd&rsquo;hui, Sidi Bou Said ne pourra que mieux se porter.<\/p>\n","protected":false},"excerpt":{"rendered":"<p>Les d\u00e9marches pour l&rsquo;inscription de Sidi Bou Said devraient conna\u00eetre une acc\u00e9l\u00e9ration avec l&rsquo;arriv\u00e9e de l&rsquo;automne. Toutefois, beaucoup reste \u00e0 faire pour que le village mystique du golfe de Tunis puisse \u00eatre durablement pr\u00e9sent sur la liste du patrimoine mondial de l&rsquo;Unesco. Aujourd&rsquo;hui, Sidi Bou Said souffre de toute \u00e9vidence. Le village \u00e9difi\u00e9 \u00e0 flanc [&hellip;]<\/p>\n","protected":false},"author":3229,"featured_media":381451,"comment_status":"open","ping_status":"open","sticky":false,"template":"","format":"standard","meta":{"footnotes":""},"categories":[2596],"tags":[4832,2608,4946],"class_list":["post-381449","post","type-post","status-publish","format-standard","has-post-thumbnail","hentry","category-chroniques","tag-sidi-bou-said","tag-tunisie","tag-unesco"],"yoast_head":"<!-- This site is optimized with the Yoast SEO Premium plugin v27.5 (Yoast SEO v27.5) - https:\/\/yoast.com\/product\/yoast-seo-premium-wordpress\/ -->\n<title>Sidi Bou Said : Ce qui changera le jour o\u00f9 le village sera inscrit au patrimoine mondial - webdo<\/title>\n<meta name=\"description\" content=\"D\u00e9couvrez comment l&#039;inscription de Sidi Bou Said au patrimoine mondial peut changer sa gestion du surtourisme et sa pr\u00e9servation.\" \/>\n<link rel=\"canonical\" href=\"https:\/\/www.webdo.tn\/fr\/actualite\/chroniques\/sidi-bou-said-ce-qui-changera-le-jour-ou-le-village-sera-inscrit-au-patrimoine-mondial\/381449\/\" \/>\n<meta property=\"og:locale\" content=\"fr_FR\" \/>\n<meta property=\"og:type\" content=\"article\" \/>\n<meta property=\"og:title\" content=\"Sidi Bou Said : Ce qui changera le jour o\u00f9 le village sera inscrit au patrimoine mondial\" \/>\n<meta property=\"og:description\" content=\"D\u00e9couvrez comment l&#039;inscription de Sidi Bou Said au patrimoine mondial peut changer sa gestion du surtourisme et sa pr\u00e9servation.\" \/>\n<meta property=\"og:url\" content=\"https:\/\/www.webdo.tn\/fr\/actualite\/chroniques\/sidi-bou-said-ce-qui-changera-le-jour-ou-le-village-sera-inscrit-au-patrimoine-mondial\/381449\/\" \/>\n<meta property=\"og:site_name\" content=\"webdo\" \/>\n<meta property=\"article:publisher\" content=\"https:\/\/www.facebook.com\/webdotn\" \/>\n<meta property=\"article:author\" content=\"https:\/\/www.facebook.com\/hatem.bourial.2025\" \/>\n<meta property=\"article:published_time\" content=\"2025-08-14T10:42:05+00:00\" \/>\n<meta property=\"article:modified_time\" content=\"2025-08-16T06:28:19+00:00\" \/>\n<meta property=\"og:image\" content=\"https:\/\/www.webdo.tn\/fr\/wp-content\/uploads\/2025\/08\/sidi-bou-said.jpg\" \/>\n\t<meta property=\"og:image:width\" content=\"1300\" \/>\n\t<meta property=\"og:image:height\" content=\"751\" \/>\n\t<meta property=\"og:image:type\" content=\"image\/jpeg\" \/>\n<meta name=\"author\" content=\"Hatem Bourial\" \/>\n<meta name=\"twitter:card\" content=\"summary_large_image\" \/>\n<meta name=\"twitter:creator\" content=\"@webdo_tn\" \/>\n<meta name=\"twitter:site\" content=\"@webdo_tn\" \/>\n<meta name=\"twitter:label1\" content=\"\u00c9crit par\" \/>\n\t<meta name=\"twitter:data1\" content=\"Hatem Bourial\" \/>\n\t<meta name=\"twitter:label2\" content=\"Dur\u00e9e de lecture estim\u00e9e\" \/>\n\t<meta name=\"twitter:data2\" content=\"2 minutes\" \/>\n<script type=\"application\/ld+json\" class=\"yoast-schema-graph\">{\"@context\":\"https:\\\/\\\/schema.org\",\"@graph\":[{\"@type\":\"NewsArticle\",\"@id\":\"https:\\\/\\\/www.webdo.tn\\\/fr\\\/actualite\\\/chroniques\\\/sidi-bou-said-ce-qui-changera-le-jour-ou-le-village-sera-inscrit-au-patrimoine-mondial\\\/381449\\\/#article\",\"isPartOf\":{\"@id\":\"https:\\\/\\\/www.webdo.tn\\\/fr\\\/actualite\\\/chroniques\\\/sidi-bou-said-ce-qui-changera-le-jour-ou-le-village-sera-inscrit-au-patrimoine-mondial\\\/381449\\\/\"},\"author\":{\"name\":\"Hatem Bourial\",\"@id\":\"https:\\\/\\\/www.webdo.tn\\\/fr\\\/#\\\/schema\\\/person\\\/6bc0beba2cd23aec27cb5df85ca2554f\"},\"headline\":\"Sidi Bou Said : Ce qui changera le jour o\u00f9 le village sera inscrit au patrimoine mondial\",\"datePublished\":\"2025-08-14T10:42:05+00:00\",\"dateModified\":\"2025-08-16T06:28:19+00:00\",\"mainEntityOfPage\":{\"@id\":\"https:\\\/\\\/www.webdo.tn\\\/fr\\\/actualite\\\/chroniques\\\/sidi-bou-said-ce-qui-changera-le-jour-ou-le-village-sera-inscrit-au-patrimoine-mondial\\\/381449\\\/\"},\"wordCount\":277,\"commentCount\":0,\"publisher\":{\"@id\":\"https:\\\/\\\/www.webdo.tn\\\/fr\\\/#organization\"},\"image\":{\"@id\":\"https:\\\/\\\/www.webdo.tn\\\/fr\\\/actualite\\\/chroniques\\\/sidi-bou-said-ce-qui-changera-le-jour-ou-le-village-sera-inscrit-au-patrimoine-mondial\\\/381449\\\/#primaryimage\"},\"thumbnailUrl\":\"https:\\\/\\\/www.webdo.tn\\\/fr\\\/wp-content\\\/uploads\\\/2025\\\/08\\\/sidi-bou-said.jpg\",\"keywords\":[\"sidi bou said\",\"Tunisie\",\"unesco\"],\"articleSection\":[\"Chroniques\"],\"inLanguage\":\"fr-FR\"},{\"@type\":\"WebPage\",\"@id\":\"https:\\\/\\\/www.webdo.tn\\\/fr\\\/actualite\\\/chroniques\\\/sidi-bou-said-ce-qui-changera-le-jour-ou-le-village-sera-inscrit-au-patrimoine-mondial\\\/381449\\\/\",\"url\":\"https:\\\/\\\/www.webdo.tn\\\/fr\\\/actualite\\\/chroniques\\\/sidi-bou-said-ce-qui-changera-le-jour-ou-le-village-sera-inscrit-au-patrimoine-mondial\\\/381449\\\/\",\"name\":\"Sidi Bou Said : Ce qui changera le jour o\u00f9 le village sera inscrit au patrimoine mondial - webdo\",\"isPartOf\":{\"@id\":\"https:\\\/\\\/www.webdo.tn\\\/fr\\\/#website\"},\"primaryImageOfPage\":{\"@id\":\"https:\\\/\\\/www.webdo.tn\\\/fr\\\/actualite\\\/chroniques\\\/sidi-bou-said-ce-qui-changera-le-jour-ou-le-village-sera-inscrit-au-patrimoine-mondial\\\/381449\\\/#primaryimage\"},\"image\":{\"@id\":\"https:\\\/\\\/www.webdo.tn\\\/fr\\\/actualite\\\/chroniques\\\/sidi-bou-said-ce-qui-changera-le-jour-ou-le-village-sera-inscrit-au-patrimoine-mondial\\\/381449\\\/#primaryimage\"},\"thumbnailUrl\":\"https:\\\/\\\/www.webdo.tn\\\/fr\\\/wp-content\\\/uploads\\\/2025\\\/08\\\/sidi-bou-said.jpg\",\"datePublished\":\"2025-08-14T10:42:05+00:00\",\"dateModified\":\"2025-08-16T06:28:19+00:00\",\"description\":\"D\u00e9couvrez comment l'inscription de Sidi Bou Said au patrimoine mondial peut changer sa gestion du surtourisme et sa pr\u00e9servation.\",\"breadcrumb\":{\"@id\":\"https:\\\/\\\/www.webdo.tn\\\/fr\\\/actualite\\\/chroniques\\\/sidi-bou-said-ce-qui-changera-le-jour-ou-le-village-sera-inscrit-au-patrimoine-mondial\\\/381449\\\/#breadcrumb\"},\"inLanguage\":\"fr-FR\",\"potentialAction\":[{\"@type\":\"ReadAction\",\"target\":[\"https:\\\/\\\/www.webdo.tn\\\/fr\\\/actualite\\\/chroniques\\\/sidi-bou-said-ce-qui-changera-le-jour-ou-le-village-sera-inscrit-au-patrimoine-mondial\\\/381449\\\/\"]}]},{\"@type\":\"ImageObject\",\"inLanguage\":\"fr-FR\",\"@id\":\"https:\\\/\\\/www.webdo.tn\\\/fr\\\/actualite\\\/chroniques\\\/sidi-bou-said-ce-qui-changera-le-jour-ou-le-village-sera-inscrit-au-patrimoine-mondial\\\/381449\\\/#primaryimage\",\"url\":\"https:\\\/\\\/www.webdo.tn\\\/fr\\\/wp-content\\\/uploads\\\/2025\\\/08\\\/sidi-bou-said.jpg\",\"contentUrl\":\"https:\\\/\\\/www.webdo.tn\\\/fr\\\/wp-content\\\/uploads\\\/2025\\\/08\\\/sidi-bou-said.jpg\",\"width\":1300,\"height\":751,\"caption\":\"Sidi Bou Said\"},{\"@type\":\"BreadcrumbList\",\"@id\":\"https:\\\/\\\/www.webdo.tn\\\/fr\\\/actualite\\\/chroniques\\\/sidi-bou-said-ce-qui-changera-le-jour-ou-le-village-sera-inscrit-au-patrimoine-mondial\\\/381449\\\/#breadcrumb\",\"itemListElement\":[{\"@type\":\"ListItem\",\"position\":1,\"name\":\"Accueil\",\"item\":\"https:\\\/\\\/www.webdo.tn\\\/fr\\\/\"},{\"@type\":\"ListItem\",\"position\":2,\"name\":\"Sidi Bou Said : Ce qui changera le jour o\u00f9 le village sera inscrit au patrimoine mondial\"}]},{\"@type\":\"WebSite\",\"@id\":\"https:\\\/\\\/www.webdo.tn\\\/fr\\\/#website\",\"url\":\"https:\\\/\\\/www.webdo.tn\\\/fr\\\/\",\"name\":\"webdo\",\"description\":\"Tunisie - News en Tunisie et \u00e0 l&#039;international sur Webdo.tn\",\"publisher\":{\"@id\":\"https:\\\/\\\/www.webdo.tn\\\/fr\\\/#organization\"},\"potentialAction\":[{\"@type\":\"SearchAction\",\"target\":{\"@type\":\"EntryPoint\",\"urlTemplate\":\"https:\\\/\\\/www.webdo.tn\\\/fr\\\/?s={search_term_string}\"},\"query-input\":{\"@type\":\"PropertyValueSpecification\",\"valueRequired\":true,\"valueName\":\"search_term_string\"}}],\"inLanguage\":\"fr-FR\"},{\"@type\":\"Organization\",\"@id\":\"https:\\\/\\\/www.webdo.tn\\\/fr\\\/#organization\",\"name\":\"Webdo\",\"alternateName\":\"Webdo.tn\",\"url\":\"https:\\\/\\\/www.webdo.tn\\\/fr\\\/\",\"logo\":{\"@type\":\"ImageObject\",\"inLanguage\":\"fr-FR\",\"@id\":\"https:\\\/\\\/www.webdo.tn\\\/fr\\\/#\\\/schema\\\/logo\\\/image\\\/\",\"url\":\"https:\\\/\\\/www.webdo.tn\\\/fr\\\/wp-content\\\/uploads\\\/2025\\\/06\\\/Webdo-Tunisie_168377.jpg\",\"contentUrl\":\"https:\\\/\\\/www.webdo.tn\\\/fr\\\/wp-content\\\/uploads\\\/2025\\\/06\\\/Webdo-Tunisie_168377.jpg\",\"width\":301,\"height\":301,\"caption\":\"Webdo\"},\"image\":{\"@id\":\"https:\\\/\\\/www.webdo.tn\\\/fr\\\/#\\\/schema\\\/logo\\\/image\\\/\"},\"sameAs\":[\"https:\\\/\\\/www.facebook.com\\\/webdotn\",\"https:\\\/\\\/x.com\\\/webdo_tn\"],\"description\":\"Webdo est un m\u00e9dia num\u00e9rique tunisien fond\u00e9 en 2010, sp\u00e9cialis\u00e9 dans l\u2019actualit\u00e9 nationale et internationale, l\u2019\u00e9conomie, la soci\u00e9t\u00e9 et les analyses politiques. Le site s\u2019adresse \u00e0 un large public francophone et couvre l\u2019information tunisienne en temps r\u00e9el.\",\"email\":\"redac@webdo.tn\",\"legalName\":\"YNJ SARL\",\"foundingDate\":\"2010-09-06\",\"numberOfEmployees\":{\"@type\":\"QuantitativeValue\",\"minValue\":\"11\",\"maxValue\":\"50\"}},{\"@type\":\"Person\",\"@id\":\"https:\\\/\\\/www.webdo.tn\\\/fr\\\/#\\\/schema\\\/person\\\/6bc0beba2cd23aec27cb5df85ca2554f\",\"name\":\"Hatem Bourial\",\"image\":{\"@type\":\"ImageObject\",\"inLanguage\":\"fr-FR\",\"@id\":\"https:\\\/\\\/www.webdo.tn\\\/fr\\\/wp-content\\\/uploads\\\/2026\\\/04\\\/hatem-bourial_avatar-96x96.jpg\",\"url\":\"https:\\\/\\\/www.webdo.tn\\\/fr\\\/wp-content\\\/uploads\\\/2026\\\/04\\\/hatem-bourial_avatar-96x96.jpg\",\"contentUrl\":\"https:\\\/\\\/www.webdo.tn\\\/fr\\\/wp-content\\\/uploads\\\/2026\\\/04\\\/hatem-bourial_avatar-96x96.jpg\",\"caption\":\"Hatem Bourial\"},\"description\":\"Hatem Bourial est journaliste, \u00e9crivain et chroniqueur tunisien. Actif depuis plusieurs d\u00e9cennies, il s\u2019est impos\u00e9 comme un observateur attentif de la soci\u00e9t\u00e9 tunisienne, m\u00ealant dans ses \u00e9crits m\u00e9moire, culture et analyse du quotidien. Auteur de nombreux ouvrages, il d\u00e9veloppe une \u0153uvre \u00e0 la crois\u00e9e du r\u00e9cit, de la po\u00e9sie et de l\u2019observation sociologique. Parall\u00e8lement \u00e0 ses contributions dans la presse, il intervient r\u00e9guli\u00e8rement \u00e0 la radio et dans des espaces culturels, o\u00f9 il explore les enjeux li\u00e9s au patrimoine, \u00e0 l\u2019identit\u00e9 et aux transformations du monde contemporain. \u00c0 travers ses chroniques, Hatem Bourial propose une lecture sensible et approfondie de l\u2019actualit\u00e9, nourrie par une exp\u00e9rience journalistique et litt\u00e9raire reconnue. \ud83d\udd17 Facebook : https:\\\/\\\/www.facebook.com\\\/hatem.bourial.2025\",\"sameAs\":[\"https:\\\/\\\/www.facebook.com\\\/hatem.bourial.2025\",\"https:\\\/\\\/fr.wikipedia.org\\\/wiki\\\/Fichier:Hatem_Bourial.jpg\"],\"knowsAbout\":[\"Culture & patrimoine tunisien\",\"Chronique soci\u00e9tale\",\"Litt\u00e9rature & m\u00e9moire\",\"Cin\u00e9ma & critique culturelle\",\"Identit\u00e9 & mutations sociales\"],\"knowsLanguage\":[\"Arabe\",\"Fran\u00e7ais\",\"Anglais\",\"Italien\",\"Polonais\"],\"jobTitle\":\"Journaliste, \u00e9crivain et chroniqueur culturel\",\"worksFor\":\"Webdo\",\"url\":\"https:\\\/\\\/www.webdo.tn\\\/fr\\\/actualite\\\/author\\\/hatem-bourial-2\\\/\"}]}<\/script>\n<!-- \/ Yoast SEO Premium plugin. -->","yoast_head_json":{"title":"Sidi Bou Said : Ce qui changera le jour o\u00f9 le village sera inscrit au patrimoine mondial - webdo","description":"D\u00e9couvrez comment l'inscription de Sidi Bou Said au patrimoine mondial peut changer sa gestion du surtourisme et sa pr\u00e9servation.","canonical":"https:\/\/www.webdo.tn\/fr\/actualite\/chroniques\/sidi-bou-said-ce-qui-changera-le-jour-ou-le-village-sera-inscrit-au-patrimoine-mondial\/381449\/","og_locale":"fr_FR","og_type":"article","og_title":"Sidi Bou Said : Ce qui changera le jour o\u00f9 le village sera inscrit au patrimoine mondial","og_description":"D\u00e9couvrez comment l'inscription de Sidi Bou Said au patrimoine mondial peut changer sa gestion du surtourisme et sa pr\u00e9servation.","og_url":"https:\/\/www.webdo.tn\/fr\/actualite\/chroniques\/sidi-bou-said-ce-qui-changera-le-jour-ou-le-village-sera-inscrit-au-patrimoine-mondial\/381449\/","og_site_name":"webdo","article_publisher":"https:\/\/www.facebook.com\/webdotn","article_author":"https:\/\/www.facebook.com\/hatem.bourial.2025","article_published_time":"2025-08-14T10:42:05+00:00","article_modified_time":"2025-08-16T06:28:19+00:00","og_image":[{"width":1300,"height":751,"url":"https:\/\/www.webdo.tn\/fr\/wp-content\/uploads\/2025\/08\/sidi-bou-said.jpg","type":"image\/jpeg"}],"author":"Hatem Bourial","twitter_card":"summary_large_image","twitter_creator":"@webdo_tn","twitter_site":"@webdo_tn","twitter_misc":{"\u00c9crit par":"Hatem Bourial","Dur\u00e9e de lecture estim\u00e9e":"2 minutes"},"schema":{"@context":"https:\/\/schema.org","@graph":[{"@type":"NewsArticle","@id":"https:\/\/www.webdo.tn\/fr\/actualite\/chroniques\/sidi-bou-said-ce-qui-changera-le-jour-ou-le-village-sera-inscrit-au-patrimoine-mondial\/381449\/#article","isPartOf":{"@id":"https:\/\/www.webdo.tn\/fr\/actualite\/chroniques\/sidi-bou-said-ce-qui-changera-le-jour-ou-le-village-sera-inscrit-au-patrimoine-mondial\/381449\/"},"author":{"name":"Hatem Bourial","@id":"https:\/\/www.webdo.tn\/fr\/#\/schema\/person\/6bc0beba2cd23aec27cb5df85ca2554f"},"headline":"Sidi Bou Said : Ce qui changera le jour o\u00f9 le village sera inscrit au patrimoine mondial","datePublished":"2025-08-14T10:42:05+00:00","dateModified":"2025-08-16T06:28:19+00:00","mainEntityOfPage":{"@id":"https:\/\/www.webdo.tn\/fr\/actualite\/chroniques\/sidi-bou-said-ce-qui-changera-le-jour-ou-le-village-sera-inscrit-au-patrimoine-mondial\/381449\/"},"wordCount":277,"commentCount":0,"publisher":{"@id":"https:\/\/www.webdo.tn\/fr\/#organization"},"image":{"@id":"https:\/\/www.webdo.tn\/fr\/actualite\/chroniques\/sidi-bou-said-ce-qui-changera-le-jour-ou-le-village-sera-inscrit-au-patrimoine-mondial\/381449\/#primaryimage"},"thumbnailUrl":"https:\/\/www.webdo.tn\/fr\/wp-content\/uploads\/2025\/08\/sidi-bou-said.jpg","keywords":["sidi bou said","Tunisie","unesco"],"articleSection":["Chroniques"],"inLanguage":"fr-FR"},{"@type":"WebPage","@id":"https:\/\/www.webdo.tn\/fr\/actualite\/chroniques\/sidi-bou-said-ce-qui-changera-le-jour-ou-le-village-sera-inscrit-au-patrimoine-mondial\/381449\/","url":"https:\/\/www.webdo.tn\/fr\/actualite\/chroniques\/sidi-bou-said-ce-qui-changera-le-jour-ou-le-village-sera-inscrit-au-patrimoine-mondial\/381449\/","name":"Sidi Bou Said : Ce qui changera le jour o\u00f9 le village sera inscrit au patrimoine mondial - webdo","isPartOf":{"@id":"https:\/\/www.webdo.tn\/fr\/#website"},"primaryImageOfPage":{"@id":"https:\/\/www.webdo.tn\/fr\/actualite\/chroniques\/sidi-bou-said-ce-qui-changera-le-jour-ou-le-village-sera-inscrit-au-patrimoine-mondial\/381449\/#primaryimage"},"image":{"@id":"https:\/\/www.webdo.tn\/fr\/actualite\/chroniques\/sidi-bou-said-ce-qui-changera-le-jour-ou-le-village-sera-inscrit-au-patrimoine-mondial\/381449\/#primaryimage"},"thumbnailUrl":"https:\/\/www.webdo.tn\/fr\/wp-content\/uploads\/2025\/08\/sidi-bou-said.jpg","datePublished":"2025-08-14T10:42:05+00:00","dateModified":"2025-08-16T06:28:19+00:00","description":"D\u00e9couvrez comment l'inscription de Sidi Bou Said au patrimoine mondial peut changer sa gestion du surtourisme et sa pr\u00e9servation.","breadcrumb":{"@id":"https:\/\/www.webdo.tn\/fr\/actualite\/chroniques\/sidi-bou-said-ce-qui-changera-le-jour-ou-le-village-sera-inscrit-au-patrimoine-mondial\/381449\/#breadcrumb"},"inLanguage":"fr-FR","potentialAction":[{"@type":"ReadAction","target":["https:\/\/www.webdo.tn\/fr\/actualite\/chroniques\/sidi-bou-said-ce-qui-changera-le-jour-ou-le-village-sera-inscrit-au-patrimoine-mondial\/381449\/"]}]},{"@type":"ImageObject","inLanguage":"fr-FR","@id":"https:\/\/www.webdo.tn\/fr\/actualite\/chroniques\/sidi-bou-said-ce-qui-changera-le-jour-ou-le-village-sera-inscrit-au-patrimoine-mondial\/381449\/#primaryimage","url":"https:\/\/www.webdo.tn\/fr\/wp-content\/uploads\/2025\/08\/sidi-bou-said.jpg","contentUrl":"https:\/\/www.webdo.tn\/fr\/wp-content\/uploads\/2025\/08\/sidi-bou-said.jpg","width":1300,"height":751,"caption":"Sidi Bou Said"},{"@type":"BreadcrumbList","@id":"https:\/\/www.webdo.tn\/fr\/actualite\/chroniques\/sidi-bou-said-ce-qui-changera-le-jour-ou-le-village-sera-inscrit-au-patrimoine-mondial\/381449\/#breadcrumb","itemListElement":[{"@type":"ListItem","position":1,"name":"Accueil","item":"https:\/\/www.webdo.tn\/fr\/"},{"@type":"ListItem","position":2,"name":"Sidi Bou Said : Ce qui changera le jour o\u00f9 le village sera inscrit au patrimoine mondial"}]},{"@type":"WebSite","@id":"https:\/\/www.webdo.tn\/fr\/#website","url":"https:\/\/www.webdo.tn\/fr\/","name":"webdo","description":"Tunisie - News en Tunisie et \u00e0 l&#039;international sur Webdo.tn","publisher":{"@id":"https:\/\/www.webdo.tn\/fr\/#organization"},"potentialAction":[{"@type":"SearchAction","target":{"@type":"EntryPoint","urlTemplate":"https:\/\/www.webdo.tn\/fr\/?s={search_term_string}"},"query-input":{"@type":"PropertyValueSpecification","valueRequired":true,"valueName":"search_term_string"}}],"inLanguage":"fr-FR"},{"@type":"Organization","@id":"https:\/\/www.webdo.tn\/fr\/#organization","name":"Webdo","alternateName":"Webdo.tn","url":"https:\/\/www.webdo.tn\/fr\/","logo":{"@type":"ImageObject","inLanguage":"fr-FR","@id":"https:\/\/www.webdo.tn\/fr\/#\/schema\/logo\/image\/","url":"https:\/\/www.webdo.tn\/fr\/wp-content\/uploads\/2025\/06\/Webdo-Tunisie_168377.jpg","contentUrl":"https:\/\/www.webdo.tn\/fr\/wp-content\/uploads\/2025\/06\/Webdo-Tunisie_168377.jpg","width":301,"height":301,"caption":"Webdo"},"image":{"@id":"https:\/\/www.webdo.tn\/fr\/#\/schema\/logo\/image\/"},"sameAs":["https:\/\/www.facebook.com\/webdotn","https:\/\/x.com\/webdo_tn"],"description":"Webdo est un m\u00e9dia num\u00e9rique tunisien fond\u00e9 en 2010, sp\u00e9cialis\u00e9 dans l\u2019actualit\u00e9 nationale et internationale, l\u2019\u00e9conomie, la soci\u00e9t\u00e9 et les analyses politiques. Le site s\u2019adresse \u00e0 un large public francophone et couvre l\u2019information tunisienne en temps r\u00e9el.","email":"redac@webdo.tn","legalName":"YNJ SARL","foundingDate":"2010-09-06","numberOfEmployees":{"@type":"QuantitativeValue","minValue":"11","maxValue":"50"}},{"@type":"Person","@id":"https:\/\/www.webdo.tn\/fr\/#\/schema\/person\/6bc0beba2cd23aec27cb5df85ca2554f","name":"Hatem Bourial","image":{"@type":"ImageObject","inLanguage":"fr-FR","@id":"https:\/\/www.webdo.tn\/fr\/wp-content\/uploads\/2026\/04\/hatem-bourial_avatar-96x96.jpg","url":"https:\/\/www.webdo.tn\/fr\/wp-content\/uploads\/2026\/04\/hatem-bourial_avatar-96x96.jpg","contentUrl":"https:\/\/www.webdo.tn\/fr\/wp-content\/uploads\/2026\/04\/hatem-bourial_avatar-96x96.jpg","caption":"Hatem Bourial"},"description":"Hatem Bourial est journaliste, \u00e9crivain et chroniqueur tunisien. Actif depuis plusieurs d\u00e9cennies, il s\u2019est impos\u00e9 comme un observateur attentif de la soci\u00e9t\u00e9 tunisienne, m\u00ealant dans ses \u00e9crits m\u00e9moire, culture et analyse du quotidien. Auteur de nombreux ouvrages, il d\u00e9veloppe une \u0153uvre \u00e0 la crois\u00e9e du r\u00e9cit, de la po\u00e9sie et de l\u2019observation sociologique. Parall\u00e8lement \u00e0 ses contributions dans la presse, il intervient r\u00e9guli\u00e8rement \u00e0 la radio et dans des espaces culturels, o\u00f9 il explore les enjeux li\u00e9s au patrimoine, \u00e0 l\u2019identit\u00e9 et aux transformations du monde contemporain. \u00c0 travers ses chroniques, Hatem Bourial propose une lecture sensible et approfondie de l\u2019actualit\u00e9, nourrie par une exp\u00e9rience journalistique et litt\u00e9raire reconnue. \ud83d\udd17 Facebook : https:\/\/www.facebook.com\/hatem.bourial.2025","sameAs":["https:\/\/www.facebook.com\/hatem.bourial.2025","https:\/\/fr.wikipedia.org\/wiki\/Fichier:Hatem_Bourial.jpg"],"knowsAbout":["Culture & patrimoine tunisien","Chronique soci\u00e9tale","Litt\u00e9rature & m\u00e9moire","Cin\u00e9ma & critique culturelle","Identit\u00e9 & mutations sociales"],"knowsLanguage":["Arabe","Fran\u00e7ais","Anglais","Italien","Polonais"],"jobTitle":"Journaliste, \u00e9crivain et chroniqueur culturel","worksFor":"Webdo","url":"https:\/\/www.webdo.tn\/fr\/actualite\/author\/hatem-bourial-2\/"}]}},"_links":{"self":[{"href":"https:\/\/www.webdo.tn\/fr\/wp-json\/wp\/v2\/posts\/381449","targetHints":{"allow":["GET"]}}],"collection":[{"href":"https:\/\/www.webdo.tn\/fr\/wp-json\/wp\/v2\/posts"}],"about":[{"href":"https:\/\/www.webdo.tn\/fr\/wp-json\/wp\/v2\/types\/post"}],"author":[{"embeddable":true,"href":"https:\/\/www.webdo.tn\/fr\/wp-json\/wp\/v2\/users\/3229"}],"replies":[{"embeddable":true,"href":"https:\/\/www.webdo.tn\/fr\/wp-json\/wp\/v2\/comments?post=381449"}],"version-history":[{"count":0,"href":"https:\/\/www.webdo.tn\/fr\/wp-json\/wp\/v2\/posts\/381449\/revisions"}],"wp:featuredmedia":[{"embeddable":true,"href":"https:\/\/www.webdo.tn\/fr\/wp-json\/wp\/v2\/media\/381451"}],"wp:attachment":[{"href":"https:\/\/www.webdo.tn\/fr\/wp-json\/wp\/v2\/media?parent=381449"}],"wp:term":[{"taxonomy":"category","embeddable":true,"href":"https:\/\/www.webdo.tn\/fr\/wp-json\/wp\/v2\/categories?post=381449"},{"taxonomy":"post_tag","embeddable":true,"href":"https:\/\/www.webdo.tn\/fr\/wp-json\/wp\/v2\/tags?post=381449"}],"curies":[{"name":"wp","href":"https:\/\/api.w.org\/{rel}","templated":true}]}}