{"id":381445,"date":"2025-08-14T10:39:50","date_gmt":"2025-08-14T09:39:50","guid":{"rendered":"https:\/\/www.webdo.tn\/fr\/?p=381445"},"modified":"2025-08-16T07:28:27","modified_gmt":"2025-08-16T06:28:27","slug":"tunisie-vers-la-creation-dun-hopital-100-numerique","status":"publish","type":"post","link":"https:\/\/www.webdo.tn\/fr\/actualite\/national\/tunisie-vers-la-creation-dun-hopital-100-numerique\/381445\/","title":{"rendered":"Tunisie : Vers la cr\u00e9ation d\u2019un h\u00f4pital 100 % num\u00e9rique"},"content":{"rendered":"\n<p>La Tunisie s\u2019appr\u00eate \u00e0 franchir un pas majeur dans le domaine de la sant\u00e9 num\u00e9rique avec la cr\u00e9ation d\u2019un <strong>h\u00f4pital enti\u00e8rement digital<\/strong>, a annonc\u00e9 jeudi 14 ao\u00fbt 2025 Aymen Chekhari, responsable de l\u2019intelligence artificielle et du d\u00e9veloppement du syst\u00e8me num\u00e9rique au sein du minist\u00e8re de la Sant\u00e9.<\/p>\n\n\n\n<p><a href=\"https:\/\/www.facebook.com\/radionationaleTun\/videos\/783596674330796\" target=\"_blank\" rel=\"noreferrer noopener\">Invit\u00e9 de la Radio nationale<\/a>, Chekhari a pr\u00e9cis\u00e9 que cet h\u00f4pital digital constituera une premi\u00e8re en Tunisie et en Afrique, soulignant que certains pays europ\u00e9ens avanc\u00e9s ne disposent pas encore d\u2019une telle infrastructure.<\/p>\n\n\n\n<p>Selon lui, cette initiative s\u2019inscrit dans la strat\u00e9gie du minist\u00e8re visant \u00e0 aligner la Tunisie avec les standards internationaux dans l\u2019usage des technologies et de l\u2019intelligence artificielle dans le domaine m\u00e9dical. Le si\u00e8ge de l\u2019h\u00f4pital num\u00e9rique sera implant\u00e9 au sein du minist\u00e8re de la Sant\u00e9, permettant ainsi de fournir diverses <strong>consultations m\u00e9dicales \u00e0 distance<\/strong> gr\u00e2ce \u00e0 la mobilisation d\u2019un r\u00e9seau de m\u00e9decins sp\u00e9cialis\u00e9s.<\/p>\n\n\n\n<p><strong>Un r\u00e9seau reli\u00e9 \u00e0 toutes les structures publiques<\/strong><\/p>\n\n\n\n<p>Aymen Chekhari a affirm\u00e9 que l\u2019h\u00f4pital num\u00e9rique collaborera avec l\u2019ensemble des \u00e9tablissements de sant\u00e9 publique \u00e0 travers tout le territoire tunisien. Il a rappel\u00e9 que l\u2019exp\u00e9rience du <strong>t\u00e9l\u00e9-m\u00e9decine<\/strong> a d\u00e9j\u00e0 \u00e9t\u00e9 lanc\u00e9e au niveau de l\u2019h\u00f4pital de Tabarka (gouvernorat de Jendouba), avec la lecture \u00e0 distance de scanners pour trois patients, ainsi que la r\u00e9alisation de dix examens m\u00e9dicaux pour dix patients \u00e0 l\u2019h\u00f4pital local de Chebika (gouvernorat de Kairouan).<\/p>\n\n\n\n<p>Le responsable a ajout\u00e9 que dans les trois prochains mois, <strong>les sp\u00e9cialit\u00e9s m\u00e9dicales disponibles \u00e0 distance seront \u00e9largies<\/strong>, renfor\u00e7ant ainsi l\u2019offre de soins num\u00e9riques dans le pays.<\/p>\n\n\n\n<p>Le minist\u00e8re de la Sant\u00e9 pr\u00e9voit de donner <strong>la priorit\u00e9 aux zones int\u00e9rieures et rurales<\/strong> dans le d\u00e9ploiement du centre de t\u00e9l\u00e9-m\u00e9decine. \u00ab Les citoyens des r\u00e9gions \u00e9loign\u00e9es b\u00e9n\u00e9ficieront prochainement de services de sant\u00e9 \u00e0 proximit\u00e9 gr\u00e2ce \u00e0 l\u2019intelligence artificielle et aux technologies modernes, r\u00e9duisant ainsi les contraintes de d\u00e9placement \u00bb, a expliqu\u00e9 Chekhari.<\/p>\n\n\n\n<p>Cette initiative place la Tunisie \u00e0 l\u2019avant-garde du d\u00e9veloppement des h\u00f4pitaux num\u00e9riques en Afrique, ouvrant la voie \u00e0 un acc\u00e8s plus \u00e9quitable et plus rapide aux soins m\u00e9dicaux pour tous les citoyens, notamment ceux vivant dans des zones isol\u00e9es.<\/p>\n","protected":false},"excerpt":{"rendered":"<p>La Tunisie s\u2019appr\u00eate \u00e0 franchir un pas majeur dans le domaine de la sant\u00e9 num\u00e9rique avec la cr\u00e9ation d\u2019un h\u00f4pital enti\u00e8rement digital, a annonc\u00e9 jeudi 14 ao\u00fbt 2025 Aymen Chekhari, responsable de l\u2019intelligence artificielle et du d\u00e9veloppement du syst\u00e8me num\u00e9rique au sein du minist\u00e8re de la Sant\u00e9. Invit\u00e9 de la Radio nationale, Chekhari a pr\u00e9cis\u00e9 [&hellip;]<\/p>\n","protected":false},"author":3184,"featured_media":368887,"comment_status":"open","ping_status":"open","sticky":false,"template":"","format":"standard","meta":{"footnotes":""},"categories":[44],"tags":[2858,2731,2608],"class_list":["post-381445","post","type-post","status-publish","format-standard","has-post-thumbnail","hentry","category-national","tag-hopital","tag-sante","tag-tunisie"],"yoast_head":"<!-- This site is optimized with the Yoast SEO Premium plugin v27.4 (Yoast SEO v27.5) - https:\/\/yoast.com\/product\/yoast-seo-premium-wordpress\/ -->\n<title>Tunisie : Vers la cr\u00e9ation d\u2019un h\u00f4pital 100 % num\u00e9rique - webdo<\/title>\n<meta name=\"description\" content=\"D\u00e9couvrez l&#039;h\u00f4pital num\u00e9rique en Tunisie, une premi\u00e8re en Afrique avec des consultations m\u00e9dicales \u00e0 distance.\" \/>\n<link rel=\"canonical\" href=\"https:\/\/www.webdo.tn\/fr\/actualite\/national\/tunisie-vers-la-creation-dun-hopital-100-numerique\/381445\/\" \/>\n<meta property=\"og:locale\" content=\"fr_FR\" \/>\n<meta property=\"og:type\" content=\"article\" \/>\n<meta property=\"og:title\" content=\"Tunisie : Vers la cr\u00e9ation d\u2019un h\u00f4pital 100 % num\u00e9rique\" \/>\n<meta property=\"og:description\" content=\"D\u00e9couvrez l&#039;h\u00f4pital num\u00e9rique en Tunisie, une premi\u00e8re en Afrique avec des consultations m\u00e9dicales \u00e0 distance.\" \/>\n<meta property=\"og:url\" content=\"https:\/\/www.webdo.tn\/fr\/actualite\/national\/tunisie-vers-la-creation-dun-hopital-100-numerique\/381445\/\" \/>\n<meta property=\"og:site_name\" content=\"webdo\" \/>\n<meta property=\"article:publisher\" content=\"https:\/\/www.facebook.com\/webdotn\" \/>\n<meta property=\"article:published_time\" content=\"2025-08-14T09:39:50+00:00\" \/>\n<meta property=\"article:modified_time\" content=\"2025-08-16T06:28:27+00:00\" \/>\n<meta property=\"og:image\" content=\"https:\/\/www.webdo.tn\/fr\/wp-content\/uploads\/2025\/06\/hopital_137764.jpg\" \/>\n\t<meta property=\"og:image:width\" content=\"1997\" \/>\n\t<meta property=\"og:image:height\" content=\"1067\" \/>\n\t<meta property=\"og:image:type\" content=\"image\/jpeg\" \/>\n<meta name=\"author\" content=\"Wided Belhaj\" \/>\n<meta name=\"twitter:card\" content=\"summary_large_image\" \/>\n<meta name=\"twitter:creator\" content=\"@webdo_tn\" \/>\n<meta name=\"twitter:site\" content=\"@webdo_tn\" \/>\n<meta name=\"twitter:label1\" content=\"\u00c9crit par\" \/>\n\t<meta name=\"twitter:data1\" content=\"Wided Belhaj\" \/>\n\t<meta name=\"twitter:label2\" content=\"Dur\u00e9e de lecture estim\u00e9e\" \/>\n\t<meta name=\"twitter:data2\" content=\"2 minutes\" \/>\n<script type=\"application\/ld+json\" class=\"yoast-schema-graph\">{\"@context\":\"https:\\\/\\\/schema.org\",\"@graph\":[{\"@type\":\"NewsArticle\",\"@id\":\"https:\\\/\\\/www.webdo.tn\\\/fr\\\/actualite\\\/national\\\/tunisie-vers-la-creation-dun-hopital-100-numerique\\\/381445\\\/#article\",\"isPartOf\":{\"@id\":\"https:\\\/\\\/www.webdo.tn\\\/fr\\\/actualite\\\/national\\\/tunisie-vers-la-creation-dun-hopital-100-numerique\\\/381445\\\/\"},\"author\":{\"name\":\"Wided Belhaj\",\"@id\":\"https:\\\/\\\/www.webdo.tn\\\/fr\\\/#\\\/schema\\\/person\\\/b9ecde7a5574cb4fcf4b496ea5fadb15\"},\"headline\":\"Tunisie : Vers la cr\u00e9ation d\u2019un h\u00f4pital 100 % num\u00e9rique\",\"datePublished\":\"2025-08-14T09:39:50+00:00\",\"dateModified\":\"2025-08-16T06:28:27+00:00\",\"mainEntityOfPage\":{\"@id\":\"https:\\\/\\\/www.webdo.tn\\\/fr\\\/actualite\\\/national\\\/tunisie-vers-la-creation-dun-hopital-100-numerique\\\/381445\\\/\"},\"wordCount\":418,\"commentCount\":0,\"publisher\":{\"@id\":\"https:\\\/\\\/www.webdo.tn\\\/fr\\\/#organization\"},\"image\":{\"@id\":\"https:\\\/\\\/www.webdo.tn\\\/fr\\\/actualite\\\/national\\\/tunisie-vers-la-creation-dun-hopital-100-numerique\\\/381445\\\/#primaryimage\"},\"thumbnailUrl\":\"https:\\\/\\\/www.webdo.tn\\\/fr\\\/wp-content\\\/uploads\\\/2025\\\/06\\\/hopital_137764.jpg\",\"keywords\":[\"H\u00f4pital\",\"Sant\u00e9\",\"Tunisie\"],\"articleSection\":[\"National\"],\"inLanguage\":\"fr-FR\"},{\"@type\":\"WebPage\",\"@id\":\"https:\\\/\\\/www.webdo.tn\\\/fr\\\/actualite\\\/national\\\/tunisie-vers-la-creation-dun-hopital-100-numerique\\\/381445\\\/\",\"url\":\"https:\\\/\\\/www.webdo.tn\\\/fr\\\/actualite\\\/national\\\/tunisie-vers-la-creation-dun-hopital-100-numerique\\\/381445\\\/\",\"name\":\"Tunisie : Vers la cr\u00e9ation d\u2019un h\u00f4pital 100 % num\u00e9rique - webdo\",\"isPartOf\":{\"@id\":\"https:\\\/\\\/www.webdo.tn\\\/fr\\\/#website\"},\"primaryImageOfPage\":{\"@id\":\"https:\\\/\\\/www.webdo.tn\\\/fr\\\/actualite\\\/national\\\/tunisie-vers-la-creation-dun-hopital-100-numerique\\\/381445\\\/#primaryimage\"},\"image\":{\"@id\":\"https:\\\/\\\/www.webdo.tn\\\/fr\\\/actualite\\\/national\\\/tunisie-vers-la-creation-dun-hopital-100-numerique\\\/381445\\\/#primaryimage\"},\"thumbnailUrl\":\"https:\\\/\\\/www.webdo.tn\\\/fr\\\/wp-content\\\/uploads\\\/2025\\\/06\\\/hopital_137764.jpg\",\"datePublished\":\"2025-08-14T09:39:50+00:00\",\"dateModified\":\"2025-08-16T06:28:27+00:00\",\"description\":\"D\u00e9couvrez l'h\u00f4pital num\u00e9rique en Tunisie, une premi\u00e8re en Afrique avec des consultations m\u00e9dicales \u00e0 distance.\",\"breadcrumb\":{\"@id\":\"https:\\\/\\\/www.webdo.tn\\\/fr\\\/actualite\\\/national\\\/tunisie-vers-la-creation-dun-hopital-100-numerique\\\/381445\\\/#breadcrumb\"},\"inLanguage\":\"fr-FR\",\"potentialAction\":[{\"@type\":\"ReadAction\",\"target\":[\"https:\\\/\\\/www.webdo.tn\\\/fr\\\/actualite\\\/national\\\/tunisie-vers-la-creation-dun-hopital-100-numerique\\\/381445\\\/\"]}]},{\"@type\":\"ImageObject\",\"inLanguage\":\"fr-FR\",\"@id\":\"https:\\\/\\\/www.webdo.tn\\\/fr\\\/actualite\\\/national\\\/tunisie-vers-la-creation-dun-hopital-100-numerique\\\/381445\\\/#primaryimage\",\"url\":\"https:\\\/\\\/www.webdo.tn\\\/fr\\\/wp-content\\\/uploads\\\/2025\\\/06\\\/hopital_137764.jpg\",\"contentUrl\":\"https:\\\/\\\/www.webdo.tn\\\/fr\\\/wp-content\\\/uploads\\\/2025\\\/06\\\/hopital_137764.jpg\",\"width\":1997,\"height\":1067,\"caption\":\"Coronavirus : Situation catastrophique \u00e0 Kairouan, t\u00e9moigne un chef de service\"},{\"@type\":\"BreadcrumbList\",\"@id\":\"https:\\\/\\\/www.webdo.tn\\\/fr\\\/actualite\\\/national\\\/tunisie-vers-la-creation-dun-hopital-100-numerique\\\/381445\\\/#breadcrumb\",\"itemListElement\":[{\"@type\":\"ListItem\",\"position\":1,\"name\":\"Accueil\",\"item\":\"https:\\\/\\\/www.webdo.tn\\\/fr\\\/\"},{\"@type\":\"ListItem\",\"position\":2,\"name\":\"Tunisie : Vers la cr\u00e9ation d\u2019un h\u00f4pital 100 % num\u00e9rique\"}]},{\"@type\":\"WebSite\",\"@id\":\"https:\\\/\\\/www.webdo.tn\\\/fr\\\/#website\",\"url\":\"https:\\\/\\\/www.webdo.tn\\\/fr\\\/\",\"name\":\"webdo\",\"description\":\"Tunisie - News en Tunisie et \u00e0 l&#039;international sur Webdo.tn\",\"publisher\":{\"@id\":\"https:\\\/\\\/www.webdo.tn\\\/fr\\\/#organization\"},\"potentialAction\":[{\"@type\":\"SearchAction\",\"target\":{\"@type\":\"EntryPoint\",\"urlTemplate\":\"https:\\\/\\\/www.webdo.tn\\\/fr\\\/?s={search_term_string}\"},\"query-input\":{\"@type\":\"PropertyValueSpecification\",\"valueRequired\":true,\"valueName\":\"search_term_string\"}}],\"inLanguage\":\"fr-FR\"},{\"@type\":\"Organization\",\"@id\":\"https:\\\/\\\/www.webdo.tn\\\/fr\\\/#organization\",\"name\":\"Webdo\",\"alternateName\":\"Webdo.tn\",\"url\":\"https:\\\/\\\/www.webdo.tn\\\/fr\\\/\",\"logo\":{\"@type\":\"ImageObject\",\"inLanguage\":\"fr-FR\",\"@id\":\"https:\\\/\\\/www.webdo.tn\\\/fr\\\/#\\\/schema\\\/logo\\\/image\\\/\",\"url\":\"https:\\\/\\\/www.webdo.tn\\\/fr\\\/wp-content\\\/uploads\\\/2025\\\/06\\\/Webdo-Tunisie_168377.jpg\",\"contentUrl\":\"https:\\\/\\\/www.webdo.tn\\\/fr\\\/wp-content\\\/uploads\\\/2025\\\/06\\\/Webdo-Tunisie_168377.jpg\",\"width\":301,\"height\":301,\"caption\":\"Webdo\"},\"image\":{\"@id\":\"https:\\\/\\\/www.webdo.tn\\\/fr\\\/#\\\/schema\\\/logo\\\/image\\\/\"},\"sameAs\":[\"https:\\\/\\\/www.facebook.com\\\/webdotn\",\"https:\\\/\\\/x.com\\\/webdo_tn\"],\"description\":\"Webdo est un m\u00e9dia num\u00e9rique tunisien fond\u00e9 en 2010, sp\u00e9cialis\u00e9 dans l\u2019actualit\u00e9 nationale et internationale, l\u2019\u00e9conomie, la soci\u00e9t\u00e9 et les analyses politiques. Le site s\u2019adresse \u00e0 un large public francophone et couvre l\u2019information tunisienne en temps r\u00e9el.\",\"email\":\"redac@webdo.tn\",\"legalName\":\"YNJ SARL\",\"foundingDate\":\"2010-09-06\",\"numberOfEmployees\":{\"@type\":\"QuantitativeValue\",\"minValue\":\"11\",\"maxValue\":\"50\"}},{\"@type\":\"Person\",\"@id\":\"https:\\\/\\\/www.webdo.tn\\\/fr\\\/#\\\/schema\\\/person\\\/b9ecde7a5574cb4fcf4b496ea5fadb15\",\"name\":\"Wided Belhaj\",\"image\":{\"@type\":\"ImageObject\",\"inLanguage\":\"fr-FR\",\"@id\":\"https:\\\/\\\/www.webdo.tn\\\/fr\\\/wp-content\\\/uploads\\\/2026\\\/04\\\/wided-belhaj_avatar-96x96.jpg\",\"url\":\"https:\\\/\\\/www.webdo.tn\\\/fr\\\/wp-content\\\/uploads\\\/2026\\\/04\\\/wided-belhaj_avatar-96x96.jpg\",\"contentUrl\":\"https:\\\/\\\/www.webdo.tn\\\/fr\\\/wp-content\\\/uploads\\\/2026\\\/04\\\/wided-belhaj_avatar-96x96.jpg\",\"caption\":\"Wided Belhaj\"},\"description\":\"Wided Belhaj est le pseudonyme \u00e9ditorial utilis\u00e9 par Khalil Jelassi, journaliste, ma\u00eetre-assistant \u00e0 l\u2019Institut de presse et des sciences de l\u2019information (IPSI) et chercheur en sciences de l\u2019information et de la communication. Cette signature est d\u00e9di\u00e9e \u00e0 l\u2019analyse des m\u00e9dias, des pratiques journalistiques et des mutations de l\u2019information \u00e0 l\u2019\u00e8re digitale. \u00c0 travers ses contributions, Wided Belhaj propose une lecture analytique de l\u2019actualit\u00e9, en croisant regard critique et expertise acad\u00e9mique.\",\"knowsAbout\":[\"m\u00e9dias\",\"journalisme\",\"communication\",\"information\",\"transformation num\u00e9rique\",\"analyse des m\u00e9dias\"],\"knowsLanguage\":[\"Fran\u00e7ais\",\"Arabe\"],\"jobTitle\":\"Webdo.tn\",\"worksFor\":\"Journaliste \u2013 Analyse des m\u00e9dias\",\"url\":\"https:\\\/\\\/www.webdo.tn\\\/fr\\\/actualite\\\/author\\\/wided-belhaj\\\/\"}]}<\/script>\n<!-- \/ Yoast SEO Premium plugin. -->","yoast_head_json":{"title":"Tunisie : Vers la cr\u00e9ation d\u2019un h\u00f4pital 100 % num\u00e9rique - webdo","description":"D\u00e9couvrez l'h\u00f4pital num\u00e9rique en Tunisie, une premi\u00e8re en Afrique avec des consultations m\u00e9dicales \u00e0 distance.","canonical":"https:\/\/www.webdo.tn\/fr\/actualite\/national\/tunisie-vers-la-creation-dun-hopital-100-numerique\/381445\/","og_locale":"fr_FR","og_type":"article","og_title":"Tunisie : Vers la cr\u00e9ation d\u2019un h\u00f4pital 100 % num\u00e9rique","og_description":"D\u00e9couvrez l'h\u00f4pital num\u00e9rique en Tunisie, une premi\u00e8re en Afrique avec des consultations m\u00e9dicales \u00e0 distance.","og_url":"https:\/\/www.webdo.tn\/fr\/actualite\/national\/tunisie-vers-la-creation-dun-hopital-100-numerique\/381445\/","og_site_name":"webdo","article_publisher":"https:\/\/www.facebook.com\/webdotn","article_published_time":"2025-08-14T09:39:50+00:00","article_modified_time":"2025-08-16T06:28:27+00:00","og_image":[{"width":1997,"height":1067,"url":"https:\/\/www.webdo.tn\/fr\/wp-content\/uploads\/2025\/06\/hopital_137764.jpg","type":"image\/jpeg"}],"author":"Wided Belhaj","twitter_card":"summary_large_image","twitter_creator":"@webdo_tn","twitter_site":"@webdo_tn","twitter_misc":{"\u00c9crit par":"Wided Belhaj","Dur\u00e9e de lecture estim\u00e9e":"2 minutes"},"schema":{"@context":"https:\/\/schema.org","@graph":[{"@type":"NewsArticle","@id":"https:\/\/www.webdo.tn\/fr\/actualite\/national\/tunisie-vers-la-creation-dun-hopital-100-numerique\/381445\/#article","isPartOf":{"@id":"https:\/\/www.webdo.tn\/fr\/actualite\/national\/tunisie-vers-la-creation-dun-hopital-100-numerique\/381445\/"},"author":{"name":"Wided Belhaj","@id":"https:\/\/www.webdo.tn\/fr\/#\/schema\/person\/b9ecde7a5574cb4fcf4b496ea5fadb15"},"headline":"Tunisie : Vers la cr\u00e9ation d\u2019un h\u00f4pital 100 % num\u00e9rique","datePublished":"2025-08-14T09:39:50+00:00","dateModified":"2025-08-16T06:28:27+00:00","mainEntityOfPage":{"@id":"https:\/\/www.webdo.tn\/fr\/actualite\/national\/tunisie-vers-la-creation-dun-hopital-100-numerique\/381445\/"},"wordCount":418,"commentCount":0,"publisher":{"@id":"https:\/\/www.webdo.tn\/fr\/#organization"},"image":{"@id":"https:\/\/www.webdo.tn\/fr\/actualite\/national\/tunisie-vers-la-creation-dun-hopital-100-numerique\/381445\/#primaryimage"},"thumbnailUrl":"https:\/\/www.webdo.tn\/fr\/wp-content\/uploads\/2025\/06\/hopital_137764.jpg","keywords":["H\u00f4pital","Sant\u00e9","Tunisie"],"articleSection":["National"],"inLanguage":"fr-FR"},{"@type":"WebPage","@id":"https:\/\/www.webdo.tn\/fr\/actualite\/national\/tunisie-vers-la-creation-dun-hopital-100-numerique\/381445\/","url":"https:\/\/www.webdo.tn\/fr\/actualite\/national\/tunisie-vers-la-creation-dun-hopital-100-numerique\/381445\/","name":"Tunisie : Vers la cr\u00e9ation d\u2019un h\u00f4pital 100 % num\u00e9rique - webdo","isPartOf":{"@id":"https:\/\/www.webdo.tn\/fr\/#website"},"primaryImageOfPage":{"@id":"https:\/\/www.webdo.tn\/fr\/actualite\/national\/tunisie-vers-la-creation-dun-hopital-100-numerique\/381445\/#primaryimage"},"image":{"@id":"https:\/\/www.webdo.tn\/fr\/actualite\/national\/tunisie-vers-la-creation-dun-hopital-100-numerique\/381445\/#primaryimage"},"thumbnailUrl":"https:\/\/www.webdo.tn\/fr\/wp-content\/uploads\/2025\/06\/hopital_137764.jpg","datePublished":"2025-08-14T09:39:50+00:00","dateModified":"2025-08-16T06:28:27+00:00","description":"D\u00e9couvrez l'h\u00f4pital num\u00e9rique en Tunisie, une premi\u00e8re en Afrique avec des consultations m\u00e9dicales \u00e0 distance.","breadcrumb":{"@id":"https:\/\/www.webdo.tn\/fr\/actualite\/national\/tunisie-vers-la-creation-dun-hopital-100-numerique\/381445\/#breadcrumb"},"inLanguage":"fr-FR","potentialAction":[{"@type":"ReadAction","target":["https:\/\/www.webdo.tn\/fr\/actualite\/national\/tunisie-vers-la-creation-dun-hopital-100-numerique\/381445\/"]}]},{"@type":"ImageObject","inLanguage":"fr-FR","@id":"https:\/\/www.webdo.tn\/fr\/actualite\/national\/tunisie-vers-la-creation-dun-hopital-100-numerique\/381445\/#primaryimage","url":"https:\/\/www.webdo.tn\/fr\/wp-content\/uploads\/2025\/06\/hopital_137764.jpg","contentUrl":"https:\/\/www.webdo.tn\/fr\/wp-content\/uploads\/2025\/06\/hopital_137764.jpg","width":1997,"height":1067,"caption":"Coronavirus : Situation catastrophique \u00e0 Kairouan, t\u00e9moigne un chef de service"},{"@type":"BreadcrumbList","@id":"https:\/\/www.webdo.tn\/fr\/actualite\/national\/tunisie-vers-la-creation-dun-hopital-100-numerique\/381445\/#breadcrumb","itemListElement":[{"@type":"ListItem","position":1,"name":"Accueil","item":"https:\/\/www.webdo.tn\/fr\/"},{"@type":"ListItem","position":2,"name":"Tunisie : Vers la cr\u00e9ation d\u2019un h\u00f4pital 100 % num\u00e9rique"}]},{"@type":"WebSite","@id":"https:\/\/www.webdo.tn\/fr\/#website","url":"https:\/\/www.webdo.tn\/fr\/","name":"webdo","description":"Tunisie - News en Tunisie et \u00e0 l&#039;international sur Webdo.tn","publisher":{"@id":"https:\/\/www.webdo.tn\/fr\/#organization"},"potentialAction":[{"@type":"SearchAction","target":{"@type":"EntryPoint","urlTemplate":"https:\/\/www.webdo.tn\/fr\/?s={search_term_string}"},"query-input":{"@type":"PropertyValueSpecification","valueRequired":true,"valueName":"search_term_string"}}],"inLanguage":"fr-FR"},{"@type":"Organization","@id":"https:\/\/www.webdo.tn\/fr\/#organization","name":"Webdo","alternateName":"Webdo.tn","url":"https:\/\/www.webdo.tn\/fr\/","logo":{"@type":"ImageObject","inLanguage":"fr-FR","@id":"https:\/\/www.webdo.tn\/fr\/#\/schema\/logo\/image\/","url":"https:\/\/www.webdo.tn\/fr\/wp-content\/uploads\/2025\/06\/Webdo-Tunisie_168377.jpg","contentUrl":"https:\/\/www.webdo.tn\/fr\/wp-content\/uploads\/2025\/06\/Webdo-Tunisie_168377.jpg","width":301,"height":301,"caption":"Webdo"},"image":{"@id":"https:\/\/www.webdo.tn\/fr\/#\/schema\/logo\/image\/"},"sameAs":["https:\/\/www.facebook.com\/webdotn","https:\/\/x.com\/webdo_tn"],"description":"Webdo est un m\u00e9dia num\u00e9rique tunisien fond\u00e9 en 2010, sp\u00e9cialis\u00e9 dans l\u2019actualit\u00e9 nationale et internationale, l\u2019\u00e9conomie, la soci\u00e9t\u00e9 et les analyses politiques. Le site s\u2019adresse \u00e0 un large public francophone et couvre l\u2019information tunisienne en temps r\u00e9el.","email":"redac@webdo.tn","legalName":"YNJ SARL","foundingDate":"2010-09-06","numberOfEmployees":{"@type":"QuantitativeValue","minValue":"11","maxValue":"50"}},{"@type":"Person","@id":"https:\/\/www.webdo.tn\/fr\/#\/schema\/person\/b9ecde7a5574cb4fcf4b496ea5fadb15","name":"Wided Belhaj","image":{"@type":"ImageObject","inLanguage":"fr-FR","@id":"https:\/\/www.webdo.tn\/fr\/wp-content\/uploads\/2026\/04\/wided-belhaj_avatar-96x96.jpg","url":"https:\/\/www.webdo.tn\/fr\/wp-content\/uploads\/2026\/04\/wided-belhaj_avatar-96x96.jpg","contentUrl":"https:\/\/www.webdo.tn\/fr\/wp-content\/uploads\/2026\/04\/wided-belhaj_avatar-96x96.jpg","caption":"Wided Belhaj"},"description":"Wided Belhaj est le pseudonyme \u00e9ditorial utilis\u00e9 par Khalil Jelassi, journaliste, ma\u00eetre-assistant \u00e0 l\u2019Institut de presse et des sciences de l\u2019information (IPSI) et chercheur en sciences de l\u2019information et de la communication. Cette signature est d\u00e9di\u00e9e \u00e0 l\u2019analyse des m\u00e9dias, des pratiques journalistiques et des mutations de l\u2019information \u00e0 l\u2019\u00e8re digitale. \u00c0 travers ses contributions, Wided Belhaj propose une lecture analytique de l\u2019actualit\u00e9, en croisant regard critique et expertise acad\u00e9mique.","knowsAbout":["m\u00e9dias","journalisme","communication","information","transformation num\u00e9rique","analyse des m\u00e9dias"],"knowsLanguage":["Fran\u00e7ais","Arabe"],"jobTitle":"Webdo.tn","worksFor":"Journaliste \u2013 Analyse des m\u00e9dias","url":"https:\/\/www.webdo.tn\/fr\/actualite\/author\/wided-belhaj\/"}]}},"_links":{"self":[{"href":"https:\/\/www.webdo.tn\/fr\/wp-json\/wp\/v2\/posts\/381445","targetHints":{"allow":["GET"]}}],"collection":[{"href":"https:\/\/www.webdo.tn\/fr\/wp-json\/wp\/v2\/posts"}],"about":[{"href":"https:\/\/www.webdo.tn\/fr\/wp-json\/wp\/v2\/types\/post"}],"author":[{"embeddable":true,"href":"https:\/\/www.webdo.tn\/fr\/wp-json\/wp\/v2\/users\/3184"}],"replies":[{"embeddable":true,"href":"https:\/\/www.webdo.tn\/fr\/wp-json\/wp\/v2\/comments?post=381445"}],"version-history":[{"count":0,"href":"https:\/\/www.webdo.tn\/fr\/wp-json\/wp\/v2\/posts\/381445\/revisions"}],"wp:featuredmedia":[{"embeddable":true,"href":"https:\/\/www.webdo.tn\/fr\/wp-json\/wp\/v2\/media\/368887"}],"wp:attachment":[{"href":"https:\/\/www.webdo.tn\/fr\/wp-json\/wp\/v2\/media?parent=381445"}],"wp:term":[{"taxonomy":"category","embeddable":true,"href":"https:\/\/www.webdo.tn\/fr\/wp-json\/wp\/v2\/categories?post=381445"},{"taxonomy":"post_tag","embeddable":true,"href":"https:\/\/www.webdo.tn\/fr\/wp-json\/wp\/v2\/tags?post=381445"}],"curies":[{"name":"wp","href":"https:\/\/api.w.org\/{rel}","templated":true}]}}