{"id":381441,"date":"2025-08-14T09:27:11","date_gmt":"2025-08-14T08:27:11","guid":{"rendered":"https:\/\/www.webdo.tn\/fr\/?p=381441"},"modified":"2025-08-18T08:07:56","modified_gmt":"2025-08-18T07:07:56","slug":"quest-ce-que-le-mythe-du-grand-israel","status":"publish","type":"post","link":"https:\/\/www.webdo.tn\/fr\/actualite\/international\/quest-ce-que-le-mythe-du-grand-israel\/381441\/","title":{"rendered":"Qu&rsquo;est ce que le mythe du Grand Isra\u00ebl ?"},"content":{"rendered":"\n<p><a href=\"https:\/\/www.webdo.tn\/fr\/actualite\/international\/grand-israel-netanyahu-reve-en-grand-les-arabes-reagissent-en-communique\/381429\/\">Le terme <strong>\u00ab Grand Isra\u00ebl \u00bb<\/strong> revient r\u00e9guli\u00e8rement dans les d\u00e9bats au Moyen-Orient.<\/a> Mais que d\u00e9signe-t-il exactement et quelles sont ses implications pour la r\u00e9gion ?<\/p>\n\n\n\n<p>Le <strong>\u00ab<a href=\"https:\/\/fr.wikipedia.org\/wiki\/Grand_Isra%C3%ABl\" target=\"_blank\" rel=\"noreferrer noopener\"> Grand Isra\u00ebl <\/a>\u00bb<\/strong> est un concept politique et id\u00e9ologique visant \u00e0 \u00e9tendre l\u2019\u00c9tat d\u2019Isra\u00ebl au-del\u00e0 de ses fronti\u00e8res actuelles, en englobant notamment certaines zones historiques de la Jud\u00e9e, de la Samarie et de la Galil\u00e9e. Dans sa forme la plus large, certains extr\u00e9mistes incluent m\u00eame des territoires du Liban, de la Syrie et de la Jordanie.<\/p>\n\n\n\n<p>Ce concept trouve ses racines dans le <strong>sionisme religieux et nationaliste<\/strong>, qui consid\u00e8re que l\u2019\u00c9tat moderne d\u2019Isra\u00ebl devrait recouvrir l\u2019int\u00e9gralit\u00e9 de la \u00ab Terre d\u2019Isra\u00ebl \u00bb telle qu\u2019elle est d\u00e9crite dans la Bible. Cependant, aucune d\u00e9finition officielle n\u2019existe et les interpr\u00e9tations varient selon les courants politiques et religieux.<\/p>\n\n\n\n<p>Sur le plan politique, l\u2019id\u00e9e de \u00ab Grand Isra\u00ebl \u00bb est <strong>fortement contest\u00e9e \u00e0 l\u2019international<\/strong>. Elle implique souvent l\u2019annexion de territoires palestiniens et la remise en cause d\u2019une solution \u00e0 deux \u00c9tats, ce qui soul\u00e8ve de s\u00e9rieux probl\u00e8mes juridiques et diplomatiques. La plupart des pays et organisations internationales consid\u00e8rent ces revendications comme <strong>une menace pour la stabilit\u00e9 r\u00e9gionale<\/strong> et un obstacle \u00e0 la paix au Moyen-Orient.<\/p>\n\n\n\n<p>En pratique, certains responsables isra\u00e9liens utilisent ce concept comme argument symbolique ou strat\u00e9gique pour justifier le contr\u00f4le maximal sur la Cisjordanie. Pour les pays arabes et la communaut\u00e9 internationale, il reste un <strong>sujet sensible<\/strong>, symbole de tensions historiques et actuelles entre Isra\u00ebl et les Palestiniens.<\/p>\n\n\n\n<p>Comprendre le \u00ab Grand Isra\u00ebl \u00bb, c\u2019est donc saisir un pan essentiel des conflits et des n\u00e9gociations au Moyen-Orient, entre revendications historiques, religion et r\u00e9alit\u00e9s g\u00e9opolitiques contemporaines.<\/p>\n\n\n\n<p><\/p>\n\n\n\n<p><\/p>\n","protected":false},"excerpt":{"rendered":"<p>Le terme \u00ab Grand Isra\u00ebl \u00bb revient r\u00e9guli\u00e8rement dans les d\u00e9bats au Moyen-Orient. Mais que d\u00e9signe-t-il exactement et quelles sont ses implications pour la r\u00e9gion ? Le \u00ab Grand Isra\u00ebl \u00bb est un concept politique et id\u00e9ologique visant \u00e0 \u00e9tendre l\u2019\u00c9tat d\u2019Isra\u00ebl au-del\u00e0 de ses fronti\u00e8res actuelles, en englobant notamment certaines zones historiques de la [&hellip;]<\/p>\n","protected":false},"author":3184,"featured_media":381443,"comment_status":"open","ping_status":"open","sticky":false,"template":"","format":"standard","meta":{"footnotes":""},"categories":[2598],"tags":[12426,12425],"class_list":["post-381441","post","type-post","status-publish","format-standard","has-post-thumbnail","hentry","category-international","tag-geopolitique","tag-grand-israel"],"yoast_head":"<!-- This site is optimized with the Yoast SEO Premium plugin v27.4 (Yoast SEO v27.4) - https:\/\/yoast.com\/product\/yoast-seo-premium-wordpress\/ -->\n<title>Qu&#039;est ce que le mythe du Grand Isra\u00ebl ? - webdo<\/title>\n<meta name=\"description\" content=\"D\u00e9couvrez le concept de Grand Isra\u00ebl et ses implications politiques et id\u00e9ologiques au Moyen-Orient.\" \/>\n<link rel=\"canonical\" href=\"https:\/\/www.webdo.tn\/fr\/actualite\/international\/quest-ce-que-le-mythe-du-grand-israel\/381441\/\" \/>\n<meta property=\"og:locale\" content=\"fr_FR\" \/>\n<meta property=\"og:type\" content=\"article\" \/>\n<meta property=\"og:title\" content=\"Qu&#039;est ce que le mythe du Grand Isra\u00ebl ?\" \/>\n<meta property=\"og:description\" content=\"D\u00e9couvrez le concept de Grand Isra\u00ebl et ses implications politiques et id\u00e9ologiques au Moyen-Orient.\" \/>\n<meta property=\"og:url\" content=\"https:\/\/www.webdo.tn\/fr\/actualite\/international\/quest-ce-que-le-mythe-du-grand-israel\/381441\/\" \/>\n<meta property=\"og:site_name\" content=\"webdo\" \/>\n<meta property=\"article:publisher\" content=\"https:\/\/www.facebook.com\/webdotn\" \/>\n<meta property=\"article:published_time\" content=\"2025-08-14T08:27:11+00:00\" \/>\n<meta property=\"article:modified_time\" content=\"2025-08-18T07:07:56+00:00\" \/>\n<meta property=\"og:image\" content=\"https:\/\/www.webdo.tn\/fr\/wp-content\/uploads\/2025\/08\/Netanyahou-360x360-1.jpg\" \/>\n\t<meta property=\"og:image:width\" content=\"360\" \/>\n\t<meta property=\"og:image:height\" content=\"360\" \/>\n\t<meta property=\"og:image:type\" content=\"image\/jpeg\" \/>\n<meta name=\"author\" content=\"Wided Belhaj\" \/>\n<meta name=\"twitter:card\" content=\"summary_large_image\" \/>\n<meta name=\"twitter:creator\" content=\"@webdo_tn\" \/>\n<meta name=\"twitter:site\" content=\"@webdo_tn\" \/>\n<meta name=\"twitter:label1\" content=\"\u00c9crit par\" \/>\n\t<meta name=\"twitter:data1\" content=\"Wided Belhaj\" \/>\n\t<meta name=\"twitter:label2\" content=\"Dur\u00e9e de lecture estim\u00e9e\" \/>\n\t<meta name=\"twitter:data2\" content=\"2 minutes\" \/>\n<script type=\"application\/ld+json\" class=\"yoast-schema-graph\">{\"@context\":\"https:\\\/\\\/schema.org\",\"@graph\":[{\"@type\":\"NewsArticle\",\"@id\":\"https:\\\/\\\/www.webdo.tn\\\/fr\\\/actualite\\\/international\\\/quest-ce-que-le-mythe-du-grand-israel\\\/381441\\\/#article\",\"isPartOf\":{\"@id\":\"https:\\\/\\\/www.webdo.tn\\\/fr\\\/actualite\\\/international\\\/quest-ce-que-le-mythe-du-grand-israel\\\/381441\\\/\"},\"author\":{\"name\":\"Wided Belhaj\",\"@id\":\"https:\\\/\\\/www.webdo.tn\\\/fr\\\/#\\\/schema\\\/person\\\/b9ecde7a5574cb4fcf4b496ea5fadb15\"},\"headline\":\"Qu&rsquo;est ce que le mythe du Grand Isra\u00ebl ?\",\"datePublished\":\"2025-08-14T08:27:11+00:00\",\"dateModified\":\"2025-08-18T07:07:56+00:00\",\"mainEntityOfPage\":{\"@id\":\"https:\\\/\\\/www.webdo.tn\\\/fr\\\/actualite\\\/international\\\/quest-ce-que-le-mythe-du-grand-israel\\\/381441\\\/\"},\"wordCount\":316,\"commentCount\":0,\"publisher\":{\"@id\":\"https:\\\/\\\/www.webdo.tn\\\/fr\\\/#organization\"},\"image\":{\"@id\":\"https:\\\/\\\/www.webdo.tn\\\/fr\\\/actualite\\\/international\\\/quest-ce-que-le-mythe-du-grand-israel\\\/381441\\\/#primaryimage\"},\"thumbnailUrl\":\"https:\\\/\\\/www.webdo.tn\\\/fr\\\/wp-content\\\/uploads\\\/2025\\\/08\\\/Netanyahou-360x360-1.jpg\",\"keywords\":[\"G\u00e9opolitique\",\"Grand Israel\"],\"articleSection\":[\"International\"],\"inLanguage\":\"fr-FR\"},{\"@type\":\"WebPage\",\"@id\":\"https:\\\/\\\/www.webdo.tn\\\/fr\\\/actualite\\\/international\\\/quest-ce-que-le-mythe-du-grand-israel\\\/381441\\\/\",\"url\":\"https:\\\/\\\/www.webdo.tn\\\/fr\\\/actualite\\\/international\\\/quest-ce-que-le-mythe-du-grand-israel\\\/381441\\\/\",\"name\":\"Qu'est ce que le mythe du Grand Isra\u00ebl ? - webdo\",\"isPartOf\":{\"@id\":\"https:\\\/\\\/www.webdo.tn\\\/fr\\\/#website\"},\"primaryImageOfPage\":{\"@id\":\"https:\\\/\\\/www.webdo.tn\\\/fr\\\/actualite\\\/international\\\/quest-ce-que-le-mythe-du-grand-israel\\\/381441\\\/#primaryimage\"},\"image\":{\"@id\":\"https:\\\/\\\/www.webdo.tn\\\/fr\\\/actualite\\\/international\\\/quest-ce-que-le-mythe-du-grand-israel\\\/381441\\\/#primaryimage\"},\"thumbnailUrl\":\"https:\\\/\\\/www.webdo.tn\\\/fr\\\/wp-content\\\/uploads\\\/2025\\\/08\\\/Netanyahou-360x360-1.jpg\",\"datePublished\":\"2025-08-14T08:27:11+00:00\",\"dateModified\":\"2025-08-18T07:07:56+00:00\",\"description\":\"D\u00e9couvrez le concept de Grand Isra\u00ebl et ses implications politiques et id\u00e9ologiques au Moyen-Orient.\",\"breadcrumb\":{\"@id\":\"https:\\\/\\\/www.webdo.tn\\\/fr\\\/actualite\\\/international\\\/quest-ce-que-le-mythe-du-grand-israel\\\/381441\\\/#breadcrumb\"},\"inLanguage\":\"fr-FR\",\"potentialAction\":[{\"@type\":\"ReadAction\",\"target\":[\"https:\\\/\\\/www.webdo.tn\\\/fr\\\/actualite\\\/international\\\/quest-ce-que-le-mythe-du-grand-israel\\\/381441\\\/\"]}]},{\"@type\":\"ImageObject\",\"inLanguage\":\"fr-FR\",\"@id\":\"https:\\\/\\\/www.webdo.tn\\\/fr\\\/actualite\\\/international\\\/quest-ce-que-le-mythe-du-grand-israel\\\/381441\\\/#primaryimage\",\"url\":\"https:\\\/\\\/www.webdo.tn\\\/fr\\\/wp-content\\\/uploads\\\/2025\\\/08\\\/Netanyahou-360x360-1.jpg\",\"contentUrl\":\"https:\\\/\\\/www.webdo.tn\\\/fr\\\/wp-content\\\/uploads\\\/2025\\\/08\\\/Netanyahou-360x360-1.jpg\",\"width\":360,\"height\":360},{\"@type\":\"BreadcrumbList\",\"@id\":\"https:\\\/\\\/www.webdo.tn\\\/fr\\\/actualite\\\/international\\\/quest-ce-que-le-mythe-du-grand-israel\\\/381441\\\/#breadcrumb\",\"itemListElement\":[{\"@type\":\"ListItem\",\"position\":1,\"name\":\"Accueil\",\"item\":\"https:\\\/\\\/www.webdo.tn\\\/fr\\\/\"},{\"@type\":\"ListItem\",\"position\":2,\"name\":\"Qu&rsquo;est ce que le mythe du Grand Isra\u00ebl ?\"}]},{\"@type\":\"WebSite\",\"@id\":\"https:\\\/\\\/www.webdo.tn\\\/fr\\\/#website\",\"url\":\"https:\\\/\\\/www.webdo.tn\\\/fr\\\/\",\"name\":\"webdo\",\"description\":\"Tunisie - News en Tunisie et \u00e0 l&#039;international sur Webdo.tn\",\"publisher\":{\"@id\":\"https:\\\/\\\/www.webdo.tn\\\/fr\\\/#organization\"},\"potentialAction\":[{\"@type\":\"SearchAction\",\"target\":{\"@type\":\"EntryPoint\",\"urlTemplate\":\"https:\\\/\\\/www.webdo.tn\\\/fr\\\/?s={search_term_string}\"},\"query-input\":{\"@type\":\"PropertyValueSpecification\",\"valueRequired\":true,\"valueName\":\"search_term_string\"}}],\"inLanguage\":\"fr-FR\"},{\"@type\":\"Organization\",\"@id\":\"https:\\\/\\\/www.webdo.tn\\\/fr\\\/#organization\",\"name\":\"Webdo\",\"alternateName\":\"Webdo.tn\",\"url\":\"https:\\\/\\\/www.webdo.tn\\\/fr\\\/\",\"logo\":{\"@type\":\"ImageObject\",\"inLanguage\":\"fr-FR\",\"@id\":\"https:\\\/\\\/www.webdo.tn\\\/fr\\\/#\\\/schema\\\/logo\\\/image\\\/\",\"url\":\"https:\\\/\\\/www.webdo.tn\\\/fr\\\/wp-content\\\/uploads\\\/2025\\\/06\\\/Webdo-Tunisie_168377.jpg\",\"contentUrl\":\"https:\\\/\\\/www.webdo.tn\\\/fr\\\/wp-content\\\/uploads\\\/2025\\\/06\\\/Webdo-Tunisie_168377.jpg\",\"width\":301,\"height\":301,\"caption\":\"Webdo\"},\"image\":{\"@id\":\"https:\\\/\\\/www.webdo.tn\\\/fr\\\/#\\\/schema\\\/logo\\\/image\\\/\"},\"sameAs\":[\"https:\\\/\\\/www.facebook.com\\\/webdotn\",\"https:\\\/\\\/x.com\\\/webdo_tn\"],\"description\":\"Webdo est un m\u00e9dia num\u00e9rique tunisien fond\u00e9 en 2010, sp\u00e9cialis\u00e9 dans l\u2019actualit\u00e9 nationale et internationale, l\u2019\u00e9conomie, la soci\u00e9t\u00e9 et les analyses politiques. Le site s\u2019adresse \u00e0 un large public francophone et couvre l\u2019information tunisienne en temps r\u00e9el.\",\"email\":\"redac@webdo.tn\",\"legalName\":\"YNJ SARL\",\"foundingDate\":\"2010-09-06\",\"numberOfEmployees\":{\"@type\":\"QuantitativeValue\",\"minValue\":\"11\",\"maxValue\":\"50\"}},{\"@type\":\"Person\",\"@id\":\"https:\\\/\\\/www.webdo.tn\\\/fr\\\/#\\\/schema\\\/person\\\/b9ecde7a5574cb4fcf4b496ea5fadb15\",\"name\":\"Wided Belhaj\",\"image\":{\"@type\":\"ImageObject\",\"inLanguage\":\"fr-FR\",\"@id\":\"https:\\\/\\\/www.webdo.tn\\\/fr\\\/wp-content\\\/uploads\\\/2026\\\/04\\\/wided-belhaj_avatar-96x96.jpg\",\"url\":\"https:\\\/\\\/www.webdo.tn\\\/fr\\\/wp-content\\\/uploads\\\/2026\\\/04\\\/wided-belhaj_avatar-96x96.jpg\",\"contentUrl\":\"https:\\\/\\\/www.webdo.tn\\\/fr\\\/wp-content\\\/uploads\\\/2026\\\/04\\\/wided-belhaj_avatar-96x96.jpg\",\"caption\":\"Wided Belhaj\"},\"description\":\"Wided Belhaj est le pseudonyme \u00e9ditorial utilis\u00e9 par Khalil Jelassi, journaliste, ma\u00eetre-assistant \u00e0 l\u2019Institut de presse et des sciences de l\u2019information (IPSI) et chercheur en sciences de l\u2019information et de la communication. Cette signature est d\u00e9di\u00e9e \u00e0 l\u2019analyse des m\u00e9dias, des pratiques journalistiques et des mutations de l\u2019information \u00e0 l\u2019\u00e8re digitale. \u00c0 travers ses contributions, Wided Belhaj propose une lecture analytique de l\u2019actualit\u00e9, en croisant regard critique et expertise acad\u00e9mique.\",\"knowsAbout\":[\"m\u00e9dias\",\"journalisme\",\"communication\",\"information\",\"transformation num\u00e9rique\",\"analyse des m\u00e9dias\"],\"knowsLanguage\":[\"Fran\u00e7ais\",\"Arabe\"],\"jobTitle\":\"Webdo.tn\",\"worksFor\":\"Journaliste \u2013 Analyse des m\u00e9dias\",\"url\":\"https:\\\/\\\/www.webdo.tn\\\/fr\\\/actualite\\\/author\\\/wided-belhaj\\\/\"}]}<\/script>\n<!-- \/ Yoast SEO Premium plugin. -->","yoast_head_json":{"title":"Qu'est ce que le mythe du Grand Isra\u00ebl ? - webdo","description":"D\u00e9couvrez le concept de Grand Isra\u00ebl et ses implications politiques et id\u00e9ologiques au Moyen-Orient.","canonical":"https:\/\/www.webdo.tn\/fr\/actualite\/international\/quest-ce-que-le-mythe-du-grand-israel\/381441\/","og_locale":"fr_FR","og_type":"article","og_title":"Qu'est ce que le mythe du Grand Isra\u00ebl ?","og_description":"D\u00e9couvrez le concept de Grand Isra\u00ebl et ses implications politiques et id\u00e9ologiques au Moyen-Orient.","og_url":"https:\/\/www.webdo.tn\/fr\/actualite\/international\/quest-ce-que-le-mythe-du-grand-israel\/381441\/","og_site_name":"webdo","article_publisher":"https:\/\/www.facebook.com\/webdotn","article_published_time":"2025-08-14T08:27:11+00:00","article_modified_time":"2025-08-18T07:07:56+00:00","og_image":[{"width":360,"height":360,"url":"https:\/\/www.webdo.tn\/fr\/wp-content\/uploads\/2025\/08\/Netanyahou-360x360-1.jpg","type":"image\/jpeg"}],"author":"Wided Belhaj","twitter_card":"summary_large_image","twitter_creator":"@webdo_tn","twitter_site":"@webdo_tn","twitter_misc":{"\u00c9crit par":"Wided Belhaj","Dur\u00e9e de lecture estim\u00e9e":"2 minutes"},"schema":{"@context":"https:\/\/schema.org","@graph":[{"@type":"NewsArticle","@id":"https:\/\/www.webdo.tn\/fr\/actualite\/international\/quest-ce-que-le-mythe-du-grand-israel\/381441\/#article","isPartOf":{"@id":"https:\/\/www.webdo.tn\/fr\/actualite\/international\/quest-ce-que-le-mythe-du-grand-israel\/381441\/"},"author":{"name":"Wided Belhaj","@id":"https:\/\/www.webdo.tn\/fr\/#\/schema\/person\/b9ecde7a5574cb4fcf4b496ea5fadb15"},"headline":"Qu&rsquo;est ce que le mythe du Grand Isra\u00ebl ?","datePublished":"2025-08-14T08:27:11+00:00","dateModified":"2025-08-18T07:07:56+00:00","mainEntityOfPage":{"@id":"https:\/\/www.webdo.tn\/fr\/actualite\/international\/quest-ce-que-le-mythe-du-grand-israel\/381441\/"},"wordCount":316,"commentCount":0,"publisher":{"@id":"https:\/\/www.webdo.tn\/fr\/#organization"},"image":{"@id":"https:\/\/www.webdo.tn\/fr\/actualite\/international\/quest-ce-que-le-mythe-du-grand-israel\/381441\/#primaryimage"},"thumbnailUrl":"https:\/\/www.webdo.tn\/fr\/wp-content\/uploads\/2025\/08\/Netanyahou-360x360-1.jpg","keywords":["G\u00e9opolitique","Grand Israel"],"articleSection":["International"],"inLanguage":"fr-FR"},{"@type":"WebPage","@id":"https:\/\/www.webdo.tn\/fr\/actualite\/international\/quest-ce-que-le-mythe-du-grand-israel\/381441\/","url":"https:\/\/www.webdo.tn\/fr\/actualite\/international\/quest-ce-que-le-mythe-du-grand-israel\/381441\/","name":"Qu'est ce que le mythe du Grand Isra\u00ebl ? - webdo","isPartOf":{"@id":"https:\/\/www.webdo.tn\/fr\/#website"},"primaryImageOfPage":{"@id":"https:\/\/www.webdo.tn\/fr\/actualite\/international\/quest-ce-que-le-mythe-du-grand-israel\/381441\/#primaryimage"},"image":{"@id":"https:\/\/www.webdo.tn\/fr\/actualite\/international\/quest-ce-que-le-mythe-du-grand-israel\/381441\/#primaryimage"},"thumbnailUrl":"https:\/\/www.webdo.tn\/fr\/wp-content\/uploads\/2025\/08\/Netanyahou-360x360-1.jpg","datePublished":"2025-08-14T08:27:11+00:00","dateModified":"2025-08-18T07:07:56+00:00","description":"D\u00e9couvrez le concept de Grand Isra\u00ebl et ses implications politiques et id\u00e9ologiques au Moyen-Orient.","breadcrumb":{"@id":"https:\/\/www.webdo.tn\/fr\/actualite\/international\/quest-ce-que-le-mythe-du-grand-israel\/381441\/#breadcrumb"},"inLanguage":"fr-FR","potentialAction":[{"@type":"ReadAction","target":["https:\/\/www.webdo.tn\/fr\/actualite\/international\/quest-ce-que-le-mythe-du-grand-israel\/381441\/"]}]},{"@type":"ImageObject","inLanguage":"fr-FR","@id":"https:\/\/www.webdo.tn\/fr\/actualite\/international\/quest-ce-que-le-mythe-du-grand-israel\/381441\/#primaryimage","url":"https:\/\/www.webdo.tn\/fr\/wp-content\/uploads\/2025\/08\/Netanyahou-360x360-1.jpg","contentUrl":"https:\/\/www.webdo.tn\/fr\/wp-content\/uploads\/2025\/08\/Netanyahou-360x360-1.jpg","width":360,"height":360},{"@type":"BreadcrumbList","@id":"https:\/\/www.webdo.tn\/fr\/actualite\/international\/quest-ce-que-le-mythe-du-grand-israel\/381441\/#breadcrumb","itemListElement":[{"@type":"ListItem","position":1,"name":"Accueil","item":"https:\/\/www.webdo.tn\/fr\/"},{"@type":"ListItem","position":2,"name":"Qu&rsquo;est ce que le mythe du Grand Isra\u00ebl ?"}]},{"@type":"WebSite","@id":"https:\/\/www.webdo.tn\/fr\/#website","url":"https:\/\/www.webdo.tn\/fr\/","name":"webdo","description":"Tunisie - News en Tunisie et \u00e0 l&#039;international sur Webdo.tn","publisher":{"@id":"https:\/\/www.webdo.tn\/fr\/#organization"},"potentialAction":[{"@type":"SearchAction","target":{"@type":"EntryPoint","urlTemplate":"https:\/\/www.webdo.tn\/fr\/?s={search_term_string}"},"query-input":{"@type":"PropertyValueSpecification","valueRequired":true,"valueName":"search_term_string"}}],"inLanguage":"fr-FR"},{"@type":"Organization","@id":"https:\/\/www.webdo.tn\/fr\/#organization","name":"Webdo","alternateName":"Webdo.tn","url":"https:\/\/www.webdo.tn\/fr\/","logo":{"@type":"ImageObject","inLanguage":"fr-FR","@id":"https:\/\/www.webdo.tn\/fr\/#\/schema\/logo\/image\/","url":"https:\/\/www.webdo.tn\/fr\/wp-content\/uploads\/2025\/06\/Webdo-Tunisie_168377.jpg","contentUrl":"https:\/\/www.webdo.tn\/fr\/wp-content\/uploads\/2025\/06\/Webdo-Tunisie_168377.jpg","width":301,"height":301,"caption":"Webdo"},"image":{"@id":"https:\/\/www.webdo.tn\/fr\/#\/schema\/logo\/image\/"},"sameAs":["https:\/\/www.facebook.com\/webdotn","https:\/\/x.com\/webdo_tn"],"description":"Webdo est un m\u00e9dia num\u00e9rique tunisien fond\u00e9 en 2010, sp\u00e9cialis\u00e9 dans l\u2019actualit\u00e9 nationale et internationale, l\u2019\u00e9conomie, la soci\u00e9t\u00e9 et les analyses politiques. Le site s\u2019adresse \u00e0 un large public francophone et couvre l\u2019information tunisienne en temps r\u00e9el.","email":"redac@webdo.tn","legalName":"YNJ SARL","foundingDate":"2010-09-06","numberOfEmployees":{"@type":"QuantitativeValue","minValue":"11","maxValue":"50"}},{"@type":"Person","@id":"https:\/\/www.webdo.tn\/fr\/#\/schema\/person\/b9ecde7a5574cb4fcf4b496ea5fadb15","name":"Wided Belhaj","image":{"@type":"ImageObject","inLanguage":"fr-FR","@id":"https:\/\/www.webdo.tn\/fr\/wp-content\/uploads\/2026\/04\/wided-belhaj_avatar-96x96.jpg","url":"https:\/\/www.webdo.tn\/fr\/wp-content\/uploads\/2026\/04\/wided-belhaj_avatar-96x96.jpg","contentUrl":"https:\/\/www.webdo.tn\/fr\/wp-content\/uploads\/2026\/04\/wided-belhaj_avatar-96x96.jpg","caption":"Wided Belhaj"},"description":"Wided Belhaj est le pseudonyme \u00e9ditorial utilis\u00e9 par Khalil Jelassi, journaliste, ma\u00eetre-assistant \u00e0 l\u2019Institut de presse et des sciences de l\u2019information (IPSI) et chercheur en sciences de l\u2019information et de la communication. Cette signature est d\u00e9di\u00e9e \u00e0 l\u2019analyse des m\u00e9dias, des pratiques journalistiques et des mutations de l\u2019information \u00e0 l\u2019\u00e8re digitale. \u00c0 travers ses contributions, Wided Belhaj propose une lecture analytique de l\u2019actualit\u00e9, en croisant regard critique et expertise acad\u00e9mique.","knowsAbout":["m\u00e9dias","journalisme","communication","information","transformation num\u00e9rique","analyse des m\u00e9dias"],"knowsLanguage":["Fran\u00e7ais","Arabe"],"jobTitle":"Webdo.tn","worksFor":"Journaliste \u2013 Analyse des m\u00e9dias","url":"https:\/\/www.webdo.tn\/fr\/actualite\/author\/wided-belhaj\/"}]}},"_links":{"self":[{"href":"https:\/\/www.webdo.tn\/fr\/wp-json\/wp\/v2\/posts\/381441","targetHints":{"allow":["GET"]}}],"collection":[{"href":"https:\/\/www.webdo.tn\/fr\/wp-json\/wp\/v2\/posts"}],"about":[{"href":"https:\/\/www.webdo.tn\/fr\/wp-json\/wp\/v2\/types\/post"}],"author":[{"embeddable":true,"href":"https:\/\/www.webdo.tn\/fr\/wp-json\/wp\/v2\/users\/3184"}],"replies":[{"embeddable":true,"href":"https:\/\/www.webdo.tn\/fr\/wp-json\/wp\/v2\/comments?post=381441"}],"version-history":[{"count":0,"href":"https:\/\/www.webdo.tn\/fr\/wp-json\/wp\/v2\/posts\/381441\/revisions"}],"wp:featuredmedia":[{"embeddable":true,"href":"https:\/\/www.webdo.tn\/fr\/wp-json\/wp\/v2\/media\/381443"}],"wp:attachment":[{"href":"https:\/\/www.webdo.tn\/fr\/wp-json\/wp\/v2\/media?parent=381441"}],"wp:term":[{"taxonomy":"category","embeddable":true,"href":"https:\/\/www.webdo.tn\/fr\/wp-json\/wp\/v2\/categories?post=381441"},{"taxonomy":"post_tag","embeddable":true,"href":"https:\/\/www.webdo.tn\/fr\/wp-json\/wp\/v2\/tags?post=381441"}],"curies":[{"name":"wp","href":"https:\/\/api.w.org\/{rel}","templated":true}]}}