{"id":381432,"date":"2025-08-14T07:41:26","date_gmt":"2025-08-14T06:41:26","guid":{"rendered":"https:\/\/www.webdo.tn\/fr\/?p=381432"},"modified":"2025-08-28T10:36:30","modified_gmt":"2025-08-28T09:36:30","slug":"khayem-turki-ma-spolie-450-ha-un-citoyen-interpelle-kais-saied","status":"publish","type":"post","link":"https:\/\/www.webdo.tn\/fr\/actualite\/national\/khayem-turki-ma-spolie-450-ha-un-citoyen-interpelle-kais-saied\/381432\/","title":{"rendered":"\u00ab Khayem Turki m\u2019a spoli\u00e9 450 ha \u00bb : Un citoyen interpelle Kais Saied !"},"content":{"rendered":"\n<p>Hier, \u00e0 l\u2019occasion de la F\u00eate de la Femme, le Pr\u00e9sident de la R\u00e9publique s\u2019est rendu \u00e0 Sejenane. Comme \u00e0 chacune de ses visites sur le terrain, il a \u00e9t\u00e9 entour\u00e9 par une foule dense de citoyens venus \u00e0 sa rencontre. Une vid\u00e9o diffus\u00e9e par la pr\u00e9sidence montre notamment un \u00e9change qui a retenu l\u2019attention.<\/p>\n\n\n\n<p>Un habitant a interpell\u00e9 le chef de l\u2019\u00c9tat pour d\u00e9noncer ce qu\u2019il qualifie de <strong>spoliation<\/strong> : il affirme que <strong>Khayam Turki<\/strong> se serait appropri\u00e9 environ 450 hectares de terres agricoles afin de les convertir en projet touristique. Selon lui, cette affaire remonte \u00e0 2009 mais la justice tarde \u00e0 trancher.<\/p>\n\n\n\n<p>Le Pr\u00e9sident a r\u00e9agi imm\u00e9diatement en ordonnant le suivi de ce dossier, promettant d\u2019y donner suite. Ce geste illustre une approche communicationnelle qui semble d\u00e9sormais privil\u00e9gi\u00e9e par la pr\u00e9sidence : exposer publiquement certaines affaires sensibles au lieu de les traiter discr\u00e8tement.<\/p>\n\n\n\n<h3 class=\"wp-block-heading\" id=\"h-qui-est-khayem-turki\">Qui est Khayem Turki ?<\/h3>\n\n\n\n<p>Homme politique et \u00e9conomiste tunisien, Khayam Turki a occup\u00e9 diverses fonctions au sein du parti Ettakatol avant de le quitter en 2015. Cofondateur du think tank Al-Joussour, il a \u00e9t\u00e9 pressenti en 2020 pour le poste de chef de gouvernement. Depuis 2023, il est incarc\u00e9r\u00e9 dans le cadre d\u2019un dossier qualifi\u00e9 par les autorit\u00e9s de \u00ab complot contre la s\u00fbret\u00e9 de l\u2019\u00c9tat \u00bb, une affaire d\u00e9nonc\u00e9e par plusieurs ONG de d\u00e9fense des droits humains.<\/p>\n\n\n\n<iframe src=\"https:\/\/www.facebook.com\/plugins\/video.php?height=314&#038;href=https%3A%2F%2Fwww.facebook.com%2FPresidence.tn%2Fvideos%2F738314362348065%2F&#038;show_text=false&#038;width=560&#038;t=915\" width=\"560\" height=\"314\" style=\"border:none;overflow:hidden\" scrolling=\"no\" frameborder=\"0\" allowfullscreen=\"true\" allow=\"autoplay; clipboard-write; encrypted-media; picture-in-picture; web-share\" allowFullScreen=\"true\"><\/iframe>\n\n\n\n<p><\/p>\n\n\n\n<p><\/p>\n\n\n\n<p><strong>Lire aussi <\/strong>: <a href=\"https:\/\/www.webdo.tn\/fr\/actualite\/national\/tunisie-ennahdha-monsieur-le-president-quand-un-citoyen-interpelle-kais-saied\/379477\/\">Tunisie : \u00ab\u00a0Ennahdha monsieur le Pr\u00e9sident\u00a0\u00bb, quand un citoyen interpelle Kais Saied<\/a><br><\/p>\n","protected":false},"excerpt":{"rendered":"<p>Hier, \u00e0 l\u2019occasion de la F\u00eate de la Femme, le Pr\u00e9sident de la R\u00e9publique s\u2019est rendu \u00e0 Sejenane. Comme \u00e0 chacune de ses visites sur le terrain, il a \u00e9t\u00e9 entour\u00e9 par une foule dense de citoyens venus \u00e0 sa rencontre. Une vid\u00e9o diffus\u00e9e par la pr\u00e9sidence montre notamment un \u00e9change qui a retenu l\u2019attention. [&hellip;]<\/p>\n","protected":false},"author":3204,"featured_media":381433,"comment_status":"open","ping_status":"open","sticky":false,"template":"","format":"standard","meta":{"footnotes":""},"categories":[44],"tags":[],"class_list":["post-381432","post","type-post","status-publish","format-standard","has-post-thumbnail","hentry","category-national"],"yoast_head":"<!-- This site is optimized with the Yoast SEO Premium plugin v27.5 (Yoast SEO v27.5) - https:\/\/yoast.com\/product\/yoast-seo-premium-wordpress\/ -->\n<title>\u00ab Khayem Turki m\u2019a spoli\u00e9 450 ha \u00bb : Un citoyen interpelle Kais Saied ! - webdo<\/title>\n<meta name=\"description\" content=\"Kais Saied aborde la question des terres agricoles lors de sa visite \u00e0 Sejenane, promettant un suivi du dossier de spoliation.\" \/>\n<link rel=\"canonical\" href=\"https:\/\/www.webdo.tn\/fr\/actualite\/national\/khayem-turki-ma-spolie-450-ha-un-citoyen-interpelle-kais-saied\/381432\/\" \/>\n<meta property=\"og:locale\" content=\"fr_FR\" \/>\n<meta property=\"og:type\" content=\"article\" \/>\n<meta property=\"og:title\" content=\"\u00ab Khayem Turki m\u2019a spoli\u00e9 450 ha \u00bb : Un citoyen interpelle Kais Saied !\" \/>\n<meta property=\"og:description\" content=\"Kais Saied aborde la question des terres agricoles lors de sa visite \u00e0 Sejenane, promettant un suivi du dossier de spoliation.\" \/>\n<meta property=\"og:url\" content=\"https:\/\/www.webdo.tn\/fr\/actualite\/national\/khayem-turki-ma-spolie-450-ha-un-citoyen-interpelle-kais-saied\/381432\/\" \/>\n<meta property=\"og:site_name\" content=\"webdo\" \/>\n<meta property=\"article:publisher\" content=\"https:\/\/www.facebook.com\/webdotn\" \/>\n<meta property=\"article:author\" content=\"https:\/\/www.facebook.com\/khalil.jelassi.7\" \/>\n<meta property=\"article:published_time\" content=\"2025-08-14T06:41:26+00:00\" \/>\n<meta property=\"article:modified_time\" content=\"2025-08-28T09:36:30+00:00\" \/>\n<meta property=\"og:image\" content=\"https:\/\/www.webdo.tn\/fr\/wp-content\/uploads\/2025\/08\/532365035_1174771938014738_223313494119829880_n-e1756373736576.jpg\" \/>\n\t<meta property=\"og:image:width\" content=\"450\" \/>\n\t<meta property=\"og:image:height\" content=\"300\" \/>\n\t<meta property=\"og:image:type\" content=\"image\/jpeg\" \/>\n<meta name=\"author\" content=\"Khalil JELASSI\" \/>\n<meta name=\"twitter:card\" content=\"summary_large_image\" \/>\n<meta name=\"twitter:creator\" content=\"@webdo_tn\" \/>\n<meta name=\"twitter:site\" content=\"@webdo_tn\" \/>\n<meta name=\"twitter:label1\" content=\"\u00c9crit par\" \/>\n\t<meta name=\"twitter:data1\" content=\"Khalil JELASSI\" \/>\n\t<meta name=\"twitter:label2\" content=\"Dur\u00e9e de lecture estim\u00e9e\" \/>\n\t<meta name=\"twitter:data2\" content=\"2 minutes\" \/>\n<script type=\"application\/ld+json\" class=\"yoast-schema-graph\">{\"@context\":\"https:\\\/\\\/schema.org\",\"@graph\":[{\"@type\":\"NewsArticle\",\"@id\":\"https:\\\/\\\/www.webdo.tn\\\/fr\\\/actualite\\\/national\\\/khayem-turki-ma-spolie-450-ha-un-citoyen-interpelle-kais-saied\\\/381432\\\/#article\",\"isPartOf\":{\"@id\":\"https:\\\/\\\/www.webdo.tn\\\/fr\\\/actualite\\\/national\\\/khayem-turki-ma-spolie-450-ha-un-citoyen-interpelle-kais-saied\\\/381432\\\/\"},\"author\":{\"name\":\"Khalil JELASSI\",\"@id\":\"https:\\\/\\\/www.webdo.tn\\\/fr\\\/#\\\/schema\\\/person\\\/5fb2f8f3d4ef4fd1d129927fd4b020ff\"},\"headline\":\"\u00ab Khayem Turki m\u2019a spoli\u00e9 450 ha \u00bb : Un citoyen interpelle Kais Saied !\",\"datePublished\":\"2025-08-14T06:41:26+00:00\",\"dateModified\":\"2025-08-28T09:36:30+00:00\",\"mainEntityOfPage\":{\"@id\":\"https:\\\/\\\/www.webdo.tn\\\/fr\\\/actualite\\\/national\\\/khayem-turki-ma-spolie-450-ha-un-citoyen-interpelle-kais-saied\\\/381432\\\/\"},\"wordCount\":263,\"commentCount\":0,\"publisher\":{\"@id\":\"https:\\\/\\\/www.webdo.tn\\\/fr\\\/#organization\"},\"image\":{\"@id\":\"https:\\\/\\\/www.webdo.tn\\\/fr\\\/actualite\\\/national\\\/khayem-turki-ma-spolie-450-ha-un-citoyen-interpelle-kais-saied\\\/381432\\\/#primaryimage\"},\"thumbnailUrl\":\"https:\\\/\\\/www.webdo.tn\\\/fr\\\/wp-content\\\/uploads\\\/2025\\\/08\\\/532365035_1174771938014738_223313494119829880_n-e1756373736576.jpg\",\"articleSection\":[\"National\"],\"inLanguage\":\"fr-FR\"},{\"@type\":\"WebPage\",\"@id\":\"https:\\\/\\\/www.webdo.tn\\\/fr\\\/actualite\\\/national\\\/khayem-turki-ma-spolie-450-ha-un-citoyen-interpelle-kais-saied\\\/381432\\\/\",\"url\":\"https:\\\/\\\/www.webdo.tn\\\/fr\\\/actualite\\\/national\\\/khayem-turki-ma-spolie-450-ha-un-citoyen-interpelle-kais-saied\\\/381432\\\/\",\"name\":\"\u00ab Khayem Turki m\u2019a spoli\u00e9 450 ha \u00bb : Un citoyen interpelle Kais Saied ! - webdo\",\"isPartOf\":{\"@id\":\"https:\\\/\\\/www.webdo.tn\\\/fr\\\/#website\"},\"primaryImageOfPage\":{\"@id\":\"https:\\\/\\\/www.webdo.tn\\\/fr\\\/actualite\\\/national\\\/khayem-turki-ma-spolie-450-ha-un-citoyen-interpelle-kais-saied\\\/381432\\\/#primaryimage\"},\"image\":{\"@id\":\"https:\\\/\\\/www.webdo.tn\\\/fr\\\/actualite\\\/national\\\/khayem-turki-ma-spolie-450-ha-un-citoyen-interpelle-kais-saied\\\/381432\\\/#primaryimage\"},\"thumbnailUrl\":\"https:\\\/\\\/www.webdo.tn\\\/fr\\\/wp-content\\\/uploads\\\/2025\\\/08\\\/532365035_1174771938014738_223313494119829880_n-e1756373736576.jpg\",\"datePublished\":\"2025-08-14T06:41:26+00:00\",\"dateModified\":\"2025-08-28T09:36:30+00:00\",\"description\":\"Kais Saied aborde la question des terres agricoles lors de sa visite \u00e0 Sejenane, promettant un suivi du dossier de spoliation.\",\"breadcrumb\":{\"@id\":\"https:\\\/\\\/www.webdo.tn\\\/fr\\\/actualite\\\/national\\\/khayem-turki-ma-spolie-450-ha-un-citoyen-interpelle-kais-saied\\\/381432\\\/#breadcrumb\"},\"inLanguage\":\"fr-FR\",\"potentialAction\":[{\"@type\":\"ReadAction\",\"target\":[\"https:\\\/\\\/www.webdo.tn\\\/fr\\\/actualite\\\/national\\\/khayem-turki-ma-spolie-450-ha-un-citoyen-interpelle-kais-saied\\\/381432\\\/\"]}]},{\"@type\":\"ImageObject\",\"inLanguage\":\"fr-FR\",\"@id\":\"https:\\\/\\\/www.webdo.tn\\\/fr\\\/actualite\\\/national\\\/khayem-turki-ma-spolie-450-ha-un-citoyen-interpelle-kais-saied\\\/381432\\\/#primaryimage\",\"url\":\"https:\\\/\\\/www.webdo.tn\\\/fr\\\/wp-content\\\/uploads\\\/2025\\\/08\\\/532365035_1174771938014738_223313494119829880_n-e1756373736576.jpg\",\"contentUrl\":\"https:\\\/\\\/www.webdo.tn\\\/fr\\\/wp-content\\\/uploads\\\/2025\\\/08\\\/532365035_1174771938014738_223313494119829880_n-e1756373736576.jpg\",\"width\":450,\"height\":300},{\"@type\":\"BreadcrumbList\",\"@id\":\"https:\\\/\\\/www.webdo.tn\\\/fr\\\/actualite\\\/national\\\/khayem-turki-ma-spolie-450-ha-un-citoyen-interpelle-kais-saied\\\/381432\\\/#breadcrumb\",\"itemListElement\":[{\"@type\":\"ListItem\",\"position\":1,\"name\":\"Accueil\",\"item\":\"https:\\\/\\\/www.webdo.tn\\\/fr\\\/\"},{\"@type\":\"ListItem\",\"position\":2,\"name\":\"\u00ab Khayem Turki m\u2019a spoli\u00e9 450 ha \u00bb : Un citoyen interpelle Kais Saied !\"}]},{\"@type\":\"WebSite\",\"@id\":\"https:\\\/\\\/www.webdo.tn\\\/fr\\\/#website\",\"url\":\"https:\\\/\\\/www.webdo.tn\\\/fr\\\/\",\"name\":\"webdo\",\"description\":\"Tunisie - News en Tunisie et \u00e0 l&#039;international sur Webdo.tn\",\"publisher\":{\"@id\":\"https:\\\/\\\/www.webdo.tn\\\/fr\\\/#organization\"},\"potentialAction\":[{\"@type\":\"SearchAction\",\"target\":{\"@type\":\"EntryPoint\",\"urlTemplate\":\"https:\\\/\\\/www.webdo.tn\\\/fr\\\/?s={search_term_string}\"},\"query-input\":{\"@type\":\"PropertyValueSpecification\",\"valueRequired\":true,\"valueName\":\"search_term_string\"}}],\"inLanguage\":\"fr-FR\"},{\"@type\":\"Organization\",\"@id\":\"https:\\\/\\\/www.webdo.tn\\\/fr\\\/#organization\",\"name\":\"Webdo\",\"alternateName\":\"Webdo.tn\",\"url\":\"https:\\\/\\\/www.webdo.tn\\\/fr\\\/\",\"logo\":{\"@type\":\"ImageObject\",\"inLanguage\":\"fr-FR\",\"@id\":\"https:\\\/\\\/www.webdo.tn\\\/fr\\\/#\\\/schema\\\/logo\\\/image\\\/\",\"url\":\"https:\\\/\\\/www.webdo.tn\\\/fr\\\/wp-content\\\/uploads\\\/2025\\\/06\\\/Webdo-Tunisie_168377.jpg\",\"contentUrl\":\"https:\\\/\\\/www.webdo.tn\\\/fr\\\/wp-content\\\/uploads\\\/2025\\\/06\\\/Webdo-Tunisie_168377.jpg\",\"width\":301,\"height\":301,\"caption\":\"Webdo\"},\"image\":{\"@id\":\"https:\\\/\\\/www.webdo.tn\\\/fr\\\/#\\\/schema\\\/logo\\\/image\\\/\"},\"sameAs\":[\"https:\\\/\\\/www.facebook.com\\\/webdotn\",\"https:\\\/\\\/x.com\\\/webdo_tn\"],\"description\":\"Webdo est un m\u00e9dia num\u00e9rique tunisien fond\u00e9 en 2010, sp\u00e9cialis\u00e9 dans l\u2019actualit\u00e9 nationale et internationale, l\u2019\u00e9conomie, la soci\u00e9t\u00e9 et les analyses politiques. Le site s\u2019adresse \u00e0 un large public francophone et couvre l\u2019information tunisienne en temps r\u00e9el.\",\"email\":\"redac@webdo.tn\",\"legalName\":\"YNJ SARL\",\"foundingDate\":\"2010-09-06\",\"numberOfEmployees\":{\"@type\":\"QuantitativeValue\",\"minValue\":\"11\",\"maxValue\":\"50\"}},{\"@type\":\"Person\",\"@id\":\"https:\\\/\\\/www.webdo.tn\\\/fr\\\/#\\\/schema\\\/person\\\/5fb2f8f3d4ef4fd1d129927fd4b020ff\",\"name\":\"Khalil JELASSI\",\"image\":{\"@type\":\"ImageObject\",\"inLanguage\":\"fr-FR\",\"@id\":\"https:\\\/\\\/www.webdo.tn\\\/fr\\\/wp-content\\\/uploads\\\/2026\\\/04\\\/khalil-jelassi_avatar-96x96.jpg\",\"url\":\"https:\\\/\\\/www.webdo.tn\\\/fr\\\/wp-content\\\/uploads\\\/2026\\\/04\\\/khalil-jelassi_avatar-96x96.jpg\",\"contentUrl\":\"https:\\\/\\\/www.webdo.tn\\\/fr\\\/wp-content\\\/uploads\\\/2026\\\/04\\\/khalil-jelassi_avatar-96x96.jpg\",\"caption\":\"Khalil JELASSI\"},\"description\":\"Khalil Jelassi est journaliste, ma\u00eetre-assistant \u00e0 l\u2019Institut de presse et des sciences de l\u2019information (IPSI) et chercheur en sciences de l\u2019information et de la communication. Sp\u00e9cialiste des m\u00e9dias, des pratiques journalistiques et des mutations de l\u2019information, il s\u2019int\u00e9resse particuli\u00e8rement aux transformations du paysage m\u00e9diatique, aux enjeux num\u00e9riques et aux dynamiques de production de l\u2019information. \u00c0 travers ses contributions, il propose une lecture analytique de l\u2019actualit\u00e9, en croisant approche acad\u00e9mique et exp\u00e9rience journalistique. \ud83d\udd17 Facebook : https:\\\/\\\/www.facebook.com\\\/khalil.jelassi.7\",\"sameAs\":[\"https:\\\/\\\/www.facebook.com\\\/khalil.jelassi.7\"],\"knowsAbout\":[\"journalisme\",\"m\u00e9dias\",\"communication\",\"sciences de l'information\",\"transformation num\u00e9rique\",\"analyse des m\u00e9dias\"],\"knowsLanguage\":[\"Fran\u00e7ais\",\"Arabe\",\"Anglais\"],\"jobTitle\":\"Ma\u00eetre-assistant et journaliste\",\"worksFor\":\"IPSI \u2013 Institut de presse et des sciences de l'information\",\"url\":\"https:\\\/\\\/www.webdo.tn\\\/fr\\\/actualite\\\/author\\\/khalil-jelassi\\\/\"}]}<\/script>\n<!-- \/ Yoast SEO Premium plugin. -->","yoast_head_json":{"title":"\u00ab Khayem Turki m\u2019a spoli\u00e9 450 ha \u00bb : Un citoyen interpelle Kais Saied ! - webdo","description":"Kais Saied aborde la question des terres agricoles lors de sa visite \u00e0 Sejenane, promettant un suivi du dossier de spoliation.","canonical":"https:\/\/www.webdo.tn\/fr\/actualite\/national\/khayem-turki-ma-spolie-450-ha-un-citoyen-interpelle-kais-saied\/381432\/","og_locale":"fr_FR","og_type":"article","og_title":"\u00ab Khayem Turki m\u2019a spoli\u00e9 450 ha \u00bb : Un citoyen interpelle Kais Saied !","og_description":"Kais Saied aborde la question des terres agricoles lors de sa visite \u00e0 Sejenane, promettant un suivi du dossier de spoliation.","og_url":"https:\/\/www.webdo.tn\/fr\/actualite\/national\/khayem-turki-ma-spolie-450-ha-un-citoyen-interpelle-kais-saied\/381432\/","og_site_name":"webdo","article_publisher":"https:\/\/www.facebook.com\/webdotn","article_author":"https:\/\/www.facebook.com\/khalil.jelassi.7","article_published_time":"2025-08-14T06:41:26+00:00","article_modified_time":"2025-08-28T09:36:30+00:00","og_image":[{"width":450,"height":300,"url":"https:\/\/www.webdo.tn\/fr\/wp-content\/uploads\/2025\/08\/532365035_1174771938014738_223313494119829880_n-e1756373736576.jpg","type":"image\/jpeg"}],"author":"Khalil JELASSI","twitter_card":"summary_large_image","twitter_creator":"@webdo_tn","twitter_site":"@webdo_tn","twitter_misc":{"\u00c9crit par":"Khalil JELASSI","Dur\u00e9e de lecture estim\u00e9e":"2 minutes"},"schema":{"@context":"https:\/\/schema.org","@graph":[{"@type":"NewsArticle","@id":"https:\/\/www.webdo.tn\/fr\/actualite\/national\/khayem-turki-ma-spolie-450-ha-un-citoyen-interpelle-kais-saied\/381432\/#article","isPartOf":{"@id":"https:\/\/www.webdo.tn\/fr\/actualite\/national\/khayem-turki-ma-spolie-450-ha-un-citoyen-interpelle-kais-saied\/381432\/"},"author":{"name":"Khalil JELASSI","@id":"https:\/\/www.webdo.tn\/fr\/#\/schema\/person\/5fb2f8f3d4ef4fd1d129927fd4b020ff"},"headline":"\u00ab Khayem Turki m\u2019a spoli\u00e9 450 ha \u00bb : Un citoyen interpelle Kais Saied !","datePublished":"2025-08-14T06:41:26+00:00","dateModified":"2025-08-28T09:36:30+00:00","mainEntityOfPage":{"@id":"https:\/\/www.webdo.tn\/fr\/actualite\/national\/khayem-turki-ma-spolie-450-ha-un-citoyen-interpelle-kais-saied\/381432\/"},"wordCount":263,"commentCount":0,"publisher":{"@id":"https:\/\/www.webdo.tn\/fr\/#organization"},"image":{"@id":"https:\/\/www.webdo.tn\/fr\/actualite\/national\/khayem-turki-ma-spolie-450-ha-un-citoyen-interpelle-kais-saied\/381432\/#primaryimage"},"thumbnailUrl":"https:\/\/www.webdo.tn\/fr\/wp-content\/uploads\/2025\/08\/532365035_1174771938014738_223313494119829880_n-e1756373736576.jpg","articleSection":["National"],"inLanguage":"fr-FR"},{"@type":"WebPage","@id":"https:\/\/www.webdo.tn\/fr\/actualite\/national\/khayem-turki-ma-spolie-450-ha-un-citoyen-interpelle-kais-saied\/381432\/","url":"https:\/\/www.webdo.tn\/fr\/actualite\/national\/khayem-turki-ma-spolie-450-ha-un-citoyen-interpelle-kais-saied\/381432\/","name":"\u00ab Khayem Turki m\u2019a spoli\u00e9 450 ha \u00bb : Un citoyen interpelle Kais Saied ! - webdo","isPartOf":{"@id":"https:\/\/www.webdo.tn\/fr\/#website"},"primaryImageOfPage":{"@id":"https:\/\/www.webdo.tn\/fr\/actualite\/national\/khayem-turki-ma-spolie-450-ha-un-citoyen-interpelle-kais-saied\/381432\/#primaryimage"},"image":{"@id":"https:\/\/www.webdo.tn\/fr\/actualite\/national\/khayem-turki-ma-spolie-450-ha-un-citoyen-interpelle-kais-saied\/381432\/#primaryimage"},"thumbnailUrl":"https:\/\/www.webdo.tn\/fr\/wp-content\/uploads\/2025\/08\/532365035_1174771938014738_223313494119829880_n-e1756373736576.jpg","datePublished":"2025-08-14T06:41:26+00:00","dateModified":"2025-08-28T09:36:30+00:00","description":"Kais Saied aborde la question des terres agricoles lors de sa visite \u00e0 Sejenane, promettant un suivi du dossier de spoliation.","breadcrumb":{"@id":"https:\/\/www.webdo.tn\/fr\/actualite\/national\/khayem-turki-ma-spolie-450-ha-un-citoyen-interpelle-kais-saied\/381432\/#breadcrumb"},"inLanguage":"fr-FR","potentialAction":[{"@type":"ReadAction","target":["https:\/\/www.webdo.tn\/fr\/actualite\/national\/khayem-turki-ma-spolie-450-ha-un-citoyen-interpelle-kais-saied\/381432\/"]}]},{"@type":"ImageObject","inLanguage":"fr-FR","@id":"https:\/\/www.webdo.tn\/fr\/actualite\/national\/khayem-turki-ma-spolie-450-ha-un-citoyen-interpelle-kais-saied\/381432\/#primaryimage","url":"https:\/\/www.webdo.tn\/fr\/wp-content\/uploads\/2025\/08\/532365035_1174771938014738_223313494119829880_n-e1756373736576.jpg","contentUrl":"https:\/\/www.webdo.tn\/fr\/wp-content\/uploads\/2025\/08\/532365035_1174771938014738_223313494119829880_n-e1756373736576.jpg","width":450,"height":300},{"@type":"BreadcrumbList","@id":"https:\/\/www.webdo.tn\/fr\/actualite\/national\/khayem-turki-ma-spolie-450-ha-un-citoyen-interpelle-kais-saied\/381432\/#breadcrumb","itemListElement":[{"@type":"ListItem","position":1,"name":"Accueil","item":"https:\/\/www.webdo.tn\/fr\/"},{"@type":"ListItem","position":2,"name":"\u00ab Khayem Turki m\u2019a spoli\u00e9 450 ha \u00bb : Un citoyen interpelle Kais Saied !"}]},{"@type":"WebSite","@id":"https:\/\/www.webdo.tn\/fr\/#website","url":"https:\/\/www.webdo.tn\/fr\/","name":"webdo","description":"Tunisie - News en Tunisie et \u00e0 l&#039;international sur Webdo.tn","publisher":{"@id":"https:\/\/www.webdo.tn\/fr\/#organization"},"potentialAction":[{"@type":"SearchAction","target":{"@type":"EntryPoint","urlTemplate":"https:\/\/www.webdo.tn\/fr\/?s={search_term_string}"},"query-input":{"@type":"PropertyValueSpecification","valueRequired":true,"valueName":"search_term_string"}}],"inLanguage":"fr-FR"},{"@type":"Organization","@id":"https:\/\/www.webdo.tn\/fr\/#organization","name":"Webdo","alternateName":"Webdo.tn","url":"https:\/\/www.webdo.tn\/fr\/","logo":{"@type":"ImageObject","inLanguage":"fr-FR","@id":"https:\/\/www.webdo.tn\/fr\/#\/schema\/logo\/image\/","url":"https:\/\/www.webdo.tn\/fr\/wp-content\/uploads\/2025\/06\/Webdo-Tunisie_168377.jpg","contentUrl":"https:\/\/www.webdo.tn\/fr\/wp-content\/uploads\/2025\/06\/Webdo-Tunisie_168377.jpg","width":301,"height":301,"caption":"Webdo"},"image":{"@id":"https:\/\/www.webdo.tn\/fr\/#\/schema\/logo\/image\/"},"sameAs":["https:\/\/www.facebook.com\/webdotn","https:\/\/x.com\/webdo_tn"],"description":"Webdo est un m\u00e9dia num\u00e9rique tunisien fond\u00e9 en 2010, sp\u00e9cialis\u00e9 dans l\u2019actualit\u00e9 nationale et internationale, l\u2019\u00e9conomie, la soci\u00e9t\u00e9 et les analyses politiques. Le site s\u2019adresse \u00e0 un large public francophone et couvre l\u2019information tunisienne en temps r\u00e9el.","email":"redac@webdo.tn","legalName":"YNJ SARL","foundingDate":"2010-09-06","numberOfEmployees":{"@type":"QuantitativeValue","minValue":"11","maxValue":"50"}},{"@type":"Person","@id":"https:\/\/www.webdo.tn\/fr\/#\/schema\/person\/5fb2f8f3d4ef4fd1d129927fd4b020ff","name":"Khalil JELASSI","image":{"@type":"ImageObject","inLanguage":"fr-FR","@id":"https:\/\/www.webdo.tn\/fr\/wp-content\/uploads\/2026\/04\/khalil-jelassi_avatar-96x96.jpg","url":"https:\/\/www.webdo.tn\/fr\/wp-content\/uploads\/2026\/04\/khalil-jelassi_avatar-96x96.jpg","contentUrl":"https:\/\/www.webdo.tn\/fr\/wp-content\/uploads\/2026\/04\/khalil-jelassi_avatar-96x96.jpg","caption":"Khalil JELASSI"},"description":"Khalil Jelassi est journaliste, ma\u00eetre-assistant \u00e0 l\u2019Institut de presse et des sciences de l\u2019information (IPSI) et chercheur en sciences de l\u2019information et de la communication. Sp\u00e9cialiste des m\u00e9dias, des pratiques journalistiques et des mutations de l\u2019information, il s\u2019int\u00e9resse particuli\u00e8rement aux transformations du paysage m\u00e9diatique, aux enjeux num\u00e9riques et aux dynamiques de production de l\u2019information. \u00c0 travers ses contributions, il propose une lecture analytique de l\u2019actualit\u00e9, en croisant approche acad\u00e9mique et exp\u00e9rience journalistique. \ud83d\udd17 Facebook : https:\/\/www.facebook.com\/khalil.jelassi.7","sameAs":["https:\/\/www.facebook.com\/khalil.jelassi.7"],"knowsAbout":["journalisme","m\u00e9dias","communication","sciences de l'information","transformation num\u00e9rique","analyse des m\u00e9dias"],"knowsLanguage":["Fran\u00e7ais","Arabe","Anglais"],"jobTitle":"Ma\u00eetre-assistant et journaliste","worksFor":"IPSI \u2013 Institut de presse et des sciences de l'information","url":"https:\/\/www.webdo.tn\/fr\/actualite\/author\/khalil-jelassi\/"}]}},"_links":{"self":[{"href":"https:\/\/www.webdo.tn\/fr\/wp-json\/wp\/v2\/posts\/381432","targetHints":{"allow":["GET"]}}],"collection":[{"href":"https:\/\/www.webdo.tn\/fr\/wp-json\/wp\/v2\/posts"}],"about":[{"href":"https:\/\/www.webdo.tn\/fr\/wp-json\/wp\/v2\/types\/post"}],"author":[{"embeddable":true,"href":"https:\/\/www.webdo.tn\/fr\/wp-json\/wp\/v2\/users\/3204"}],"replies":[{"embeddable":true,"href":"https:\/\/www.webdo.tn\/fr\/wp-json\/wp\/v2\/comments?post=381432"}],"version-history":[{"count":0,"href":"https:\/\/www.webdo.tn\/fr\/wp-json\/wp\/v2\/posts\/381432\/revisions"}],"wp:featuredmedia":[{"embeddable":true,"href":"https:\/\/www.webdo.tn\/fr\/wp-json\/wp\/v2\/media\/381433"}],"wp:attachment":[{"href":"https:\/\/www.webdo.tn\/fr\/wp-json\/wp\/v2\/media?parent=381432"}],"wp:term":[{"taxonomy":"category","embeddable":true,"href":"https:\/\/www.webdo.tn\/fr\/wp-json\/wp\/v2\/categories?post=381432"},{"taxonomy":"post_tag","embeddable":true,"href":"https:\/\/www.webdo.tn\/fr\/wp-json\/wp\/v2\/tags?post=381432"}],"curies":[{"name":"wp","href":"https:\/\/api.w.org\/{rel}","templated":true}]}}