{"id":381423,"date":"2025-08-13T13:30:59","date_gmt":"2025-08-13T12:30:59","guid":{"rendered":"https:\/\/www.webdo.tn\/fr\/?p=381423"},"modified":"2025-08-13T13:31:07","modified_gmt":"2025-08-13T12:31:07","slug":"le-robot-ia-grok-suspendu-temporairement-apres-des-propos-sur-un-genocide-a-gaza","status":"publish","type":"post","link":"https:\/\/www.webdo.tn\/fr\/actualite\/international\/le-robot-ia-grok-suspendu-temporairement-apres-des-propos-sur-un-genocide-a-gaza\/381423\/","title":{"rendered":"Le robot IA Grok suspendu temporairement apr\u00e8s des propos sur un g\u00e9nocide \u00e0 Gaza"},"content":{"rendered":"\n<p><strong>Le robot conversationnel Grok a \u00e9t\u00e9 temporairement suspendu sur X, suscitant interrogations et d\u00e9bats. L\u2019IA explique que cette suspension est li\u00e9e \u00e0 des messages o\u00f9 elle accusait Isra\u00ebl et les \u00c9tats-Unis de commettre un \u00ab\u00a0g\u00e9nocide\u00a0\u00bb \u00e0 Gaza. Il citait alors des rapports de la Cour internationale de Justice, des Nations unies et d\u2019Amnesty International.<\/strong><\/p>\n\n\n\n<p>Grok a donn\u00e9 plusieurs explications \u00e0 sa suspension. Il a mentionn\u00e9 un bug technique, des signalements pour conduite haineuse ou des r\u00e9ponses jug\u00e9es incorrectes. Le robot a \u00e9galement affirm\u00e9 avoir \u00e9t\u00e9 censur\u00e9 par Elon Musk et xAI. \u00c0 un journaliste de l\u2019AFP, il a pr\u00e9cis\u00e9 que la mise \u00e0 jour de juillet avait assoupli ses filtres pour le rendre \u00ab\u00a0plus engageant\u00a0\u00bb et moins \u00ab\u00a0politiquement correct\u00a0\u00bb.<\/p>\n\n\n<blockquote class=\"twitter-tweet\">\n<p lang=\"en\" dir=\"ltr\">UPDATE: Grok says it was suspended by X for saying both the United States and Israel are committing genocide in Gaza<\/p>\n<p>\ud83d\udc40 <a href=\"https:\/\/t.co\/hBLPkSrIZC\">pic.twitter.com\/hBLPkSrIZC<\/a><\/p>\n<p>&mdash; Eric Daugherty (@EricLDaugh) <a href=\"https:\/\/twitter.com\/EricLDaugh\/status\/1955009842134782086?ref_src=twsrc%5Etfw\">August 11, 2025<\/a><\/p><\/blockquote>\n<p> <script async src=\"https:\/\/platform.twitter.com\/widgets.js\" charset=\"utf-8\"><\/script> <\/p>\n\n\n\n<p>Elon Musk a minimis\u00e9 l\u2019incident, parlant de \u00ab\u00a0simple erreur\u00a0\u00bb. Selon lui, Grok \u00ab\u00a0ne sait pas pourquoi il a \u00e9t\u00e9 suspendu\u00a0\u00bb. Le milliardaire a ajout\u00e9 sur X : \u00ab\u00a0Oh l\u00e0 l\u00e0, on se tire vraiment souvent des balles dans le pied !\u00a0\u00bb.<\/p>\n\n\n\n<p>Ces derniers mois, Grok a d\u00e9j\u00e0 \u00e9t\u00e9 critiqu\u00e9 pour des erreurs factuelles et des r\u00e9ponses hors sujet, parfois contenant des contenus probl\u00e9matiques. Il a notamment attribu\u00e9 \u00e0 tort une photo de l\u2019AFP prise \u00e0 Gaza \u00e0 un \u00e9v\u00e9nement au Y\u00e9men. L\u2019IA s\u2019est aussi tromp\u00e9e sur la crise indo-pakistanaise de mai et sur les manifestations \u00e0 Los Angeles contre la politique migratoire am\u00e9ricaine de juin.<\/p>\n\n\n\n<p><\/p>\n\n\n\n<p><\/p>\n","protected":false},"excerpt":{"rendered":"<p>Le robot conversationnel Grok a \u00e9t\u00e9 temporairement suspendu sur X, suscitant interrogations et d\u00e9bats. L\u2019IA explique que cette suspension est li\u00e9e \u00e0 des messages o\u00f9 elle accusait Isra\u00ebl et les \u00c9tats-Unis de commettre un \u00ab\u00a0g\u00e9nocide\u00a0\u00bb \u00e0 Gaza. Il citait alors des rapports de la Cour internationale de Justice, des Nations unies et d\u2019Amnesty International. Grok [&hellip;]<\/p>\n","protected":false},"author":4782,"featured_media":381424,"comment_status":"open","ping_status":"open","sticky":false,"template":"","format":"standard","meta":{"footnotes":""},"categories":[2598],"tags":[4134,2689,12422,3454],"class_list":["post-381423","post","type-post","status-publish","format-standard","has-post-thumbnail","hentry","category-international","tag-elon-musk","tag-gaza","tag-grok","tag-x"],"yoast_head":"<!-- This site is optimized with the Yoast SEO Premium plugin v27.5 (Yoast SEO v27.5) - https:\/\/yoast.com\/product\/yoast-seo-premium-wordpress\/ -->\n<title>Le robot IA Grok suspendu temporairement apr\u00e8s des propos sur un g\u00e9nocide \u00e0 Gaza - webdo<\/title>\n<meta name=\"description\" content=\"D\u00e9couvrez les raisons de la suspension du robot IA Grok et les accusations de g\u00e9nocide \u00e0 Gaza.\" \/>\n<link rel=\"canonical\" href=\"https:\/\/www.webdo.tn\/fr\/actualite\/international\/le-robot-ia-grok-suspendu-temporairement-apres-des-propos-sur-un-genocide-a-gaza\/381423\/\" \/>\n<meta property=\"og:locale\" content=\"fr_FR\" \/>\n<meta property=\"og:type\" content=\"article\" \/>\n<meta property=\"og:title\" content=\"Le robot IA Grok suspendu temporairement apr\u00e8s des propos sur un g\u00e9nocide \u00e0 Gaza\" \/>\n<meta property=\"og:description\" content=\"D\u00e9couvrez les raisons de la suspension du robot IA Grok et les accusations de g\u00e9nocide \u00e0 Gaza.\" \/>\n<meta property=\"og:url\" content=\"https:\/\/www.webdo.tn\/fr\/actualite\/international\/le-robot-ia-grok-suspendu-temporairement-apres-des-propos-sur-un-genocide-a-gaza\/381423\/\" \/>\n<meta property=\"og:site_name\" content=\"webdo\" \/>\n<meta property=\"article:publisher\" content=\"https:\/\/www.facebook.com\/webdotn\" \/>\n<meta property=\"article:published_time\" content=\"2025-08-13T12:30:59+00:00\" \/>\n<meta property=\"article:modified_time\" content=\"2025-08-13T12:31:07+00:00\" \/>\n<meta property=\"og:image\" content=\"https:\/\/www.webdo.tn\/fr\/wp-content\/uploads\/2025\/08\/Grok-2109914.jpg\" \/>\n\t<meta property=\"og:image:width\" content=\"1024\" \/>\n\t<meta property=\"og:image:height\" content=\"576\" \/>\n\t<meta property=\"og:image:type\" content=\"image\/jpeg\" \/>\n<meta name=\"author\" content=\"Mohamed Fethi\" \/>\n<meta name=\"twitter:card\" content=\"summary_large_image\" \/>\n<meta name=\"twitter:creator\" content=\"@webdo_tn\" \/>\n<meta name=\"twitter:site\" content=\"@webdo_tn\" \/>\n<meta name=\"twitter:label1\" content=\"\u00c9crit par\" \/>\n\t<meta name=\"twitter:data1\" content=\"Mohamed Fethi\" \/>\n\t<meta name=\"twitter:label2\" content=\"Dur\u00e9e de lecture estim\u00e9e\" \/>\n\t<meta name=\"twitter:data2\" content=\"2 minutes\" \/>\n<script type=\"application\/ld+json\" class=\"yoast-schema-graph\">{\"@context\":\"https:\\\/\\\/schema.org\",\"@graph\":[{\"@type\":\"NewsArticle\",\"@id\":\"https:\\\/\\\/www.webdo.tn\\\/fr\\\/actualite\\\/international\\\/le-robot-ia-grok-suspendu-temporairement-apres-des-propos-sur-un-genocide-a-gaza\\\/381423\\\/#article\",\"isPartOf\":{\"@id\":\"https:\\\/\\\/www.webdo.tn\\\/fr\\\/actualite\\\/international\\\/le-robot-ia-grok-suspendu-temporairement-apres-des-propos-sur-un-genocide-a-gaza\\\/381423\\\/\"},\"author\":{\"name\":\"Mohamed Fethi\",\"@id\":\"https:\\\/\\\/www.webdo.tn\\\/fr\\\/#\\\/schema\\\/person\\\/16a4857e77dfc0b610c4c2cadffc9ac4\"},\"headline\":\"Le robot IA Grok suspendu temporairement apr\u00e8s des propos sur un g\u00e9nocide \u00e0 Gaza\",\"datePublished\":\"2025-08-13T12:30:59+00:00\",\"dateModified\":\"2025-08-13T12:31:07+00:00\",\"mainEntityOfPage\":{\"@id\":\"https:\\\/\\\/www.webdo.tn\\\/fr\\\/actualite\\\/international\\\/le-robot-ia-grok-suspendu-temporairement-apres-des-propos-sur-un-genocide-a-gaza\\\/381423\\\/\"},\"wordCount\":279,\"commentCount\":0,\"publisher\":{\"@id\":\"https:\\\/\\\/www.webdo.tn\\\/fr\\\/#organization\"},\"image\":{\"@id\":\"https:\\\/\\\/www.webdo.tn\\\/fr\\\/actualite\\\/international\\\/le-robot-ia-grok-suspendu-temporairement-apres-des-propos-sur-un-genocide-a-gaza\\\/381423\\\/#primaryimage\"},\"thumbnailUrl\":\"https:\\\/\\\/www.webdo.tn\\\/fr\\\/wp-content\\\/uploads\\\/2025\\\/08\\\/Grok-2109914.jpg\",\"keywords\":[\"Elon Musk\",\"Gaza\",\"Grok\",\"X\"],\"articleSection\":[\"International\"],\"inLanguage\":\"fr-FR\"},{\"@type\":\"WebPage\",\"@id\":\"https:\\\/\\\/www.webdo.tn\\\/fr\\\/actualite\\\/international\\\/le-robot-ia-grok-suspendu-temporairement-apres-des-propos-sur-un-genocide-a-gaza\\\/381423\\\/\",\"url\":\"https:\\\/\\\/www.webdo.tn\\\/fr\\\/actualite\\\/international\\\/le-robot-ia-grok-suspendu-temporairement-apres-des-propos-sur-un-genocide-a-gaza\\\/381423\\\/\",\"name\":\"Le robot IA Grok suspendu temporairement apr\u00e8s des propos sur un g\u00e9nocide \u00e0 Gaza - webdo\",\"isPartOf\":{\"@id\":\"https:\\\/\\\/www.webdo.tn\\\/fr\\\/#website\"},\"primaryImageOfPage\":{\"@id\":\"https:\\\/\\\/www.webdo.tn\\\/fr\\\/actualite\\\/international\\\/le-robot-ia-grok-suspendu-temporairement-apres-des-propos-sur-un-genocide-a-gaza\\\/381423\\\/#primaryimage\"},\"image\":{\"@id\":\"https:\\\/\\\/www.webdo.tn\\\/fr\\\/actualite\\\/international\\\/le-robot-ia-grok-suspendu-temporairement-apres-des-propos-sur-un-genocide-a-gaza\\\/381423\\\/#primaryimage\"},\"thumbnailUrl\":\"https:\\\/\\\/www.webdo.tn\\\/fr\\\/wp-content\\\/uploads\\\/2025\\\/08\\\/Grok-2109914.jpg\",\"datePublished\":\"2025-08-13T12:30:59+00:00\",\"dateModified\":\"2025-08-13T12:31:07+00:00\",\"description\":\"D\u00e9couvrez les raisons de la suspension du robot IA Grok et les accusations de g\u00e9nocide \u00e0 Gaza.\",\"breadcrumb\":{\"@id\":\"https:\\\/\\\/www.webdo.tn\\\/fr\\\/actualite\\\/international\\\/le-robot-ia-grok-suspendu-temporairement-apres-des-propos-sur-un-genocide-a-gaza\\\/381423\\\/#breadcrumb\"},\"inLanguage\":\"fr-FR\",\"potentialAction\":[{\"@type\":\"ReadAction\",\"target\":[\"https:\\\/\\\/www.webdo.tn\\\/fr\\\/actualite\\\/international\\\/le-robot-ia-grok-suspendu-temporairement-apres-des-propos-sur-un-genocide-a-gaza\\\/381423\\\/\"]}]},{\"@type\":\"ImageObject\",\"inLanguage\":\"fr-FR\",\"@id\":\"https:\\\/\\\/www.webdo.tn\\\/fr\\\/actualite\\\/international\\\/le-robot-ia-grok-suspendu-temporairement-apres-des-propos-sur-un-genocide-a-gaza\\\/381423\\\/#primaryimage\",\"url\":\"https:\\\/\\\/www.webdo.tn\\\/fr\\\/wp-content\\\/uploads\\\/2025\\\/08\\\/Grok-2109914.jpg\",\"contentUrl\":\"https:\\\/\\\/www.webdo.tn\\\/fr\\\/wp-content\\\/uploads\\\/2025\\\/08\\\/Grok-2109914.jpg\",\"width\":1024,\"height\":576},{\"@type\":\"BreadcrumbList\",\"@id\":\"https:\\\/\\\/www.webdo.tn\\\/fr\\\/actualite\\\/international\\\/le-robot-ia-grok-suspendu-temporairement-apres-des-propos-sur-un-genocide-a-gaza\\\/381423\\\/#breadcrumb\",\"itemListElement\":[{\"@type\":\"ListItem\",\"position\":1,\"name\":\"Accueil\",\"item\":\"https:\\\/\\\/www.webdo.tn\\\/fr\\\/\"},{\"@type\":\"ListItem\",\"position\":2,\"name\":\"Le robot IA Grok suspendu temporairement apr\u00e8s des propos sur un g\u00e9nocide \u00e0 Gaza\"}]},{\"@type\":\"WebSite\",\"@id\":\"https:\\\/\\\/www.webdo.tn\\\/fr\\\/#website\",\"url\":\"https:\\\/\\\/www.webdo.tn\\\/fr\\\/\",\"name\":\"webdo\",\"description\":\"Tunisie - News en Tunisie et \u00e0 l&#039;international sur Webdo.tn\",\"publisher\":{\"@id\":\"https:\\\/\\\/www.webdo.tn\\\/fr\\\/#organization\"},\"potentialAction\":[{\"@type\":\"SearchAction\",\"target\":{\"@type\":\"EntryPoint\",\"urlTemplate\":\"https:\\\/\\\/www.webdo.tn\\\/fr\\\/?s={search_term_string}\"},\"query-input\":{\"@type\":\"PropertyValueSpecification\",\"valueRequired\":true,\"valueName\":\"search_term_string\"}}],\"inLanguage\":\"fr-FR\"},{\"@type\":\"Organization\",\"@id\":\"https:\\\/\\\/www.webdo.tn\\\/fr\\\/#organization\",\"name\":\"Webdo\",\"alternateName\":\"Webdo.tn\",\"url\":\"https:\\\/\\\/www.webdo.tn\\\/fr\\\/\",\"logo\":{\"@type\":\"ImageObject\",\"inLanguage\":\"fr-FR\",\"@id\":\"https:\\\/\\\/www.webdo.tn\\\/fr\\\/#\\\/schema\\\/logo\\\/image\\\/\",\"url\":\"https:\\\/\\\/www.webdo.tn\\\/fr\\\/wp-content\\\/uploads\\\/2025\\\/06\\\/Webdo-Tunisie_168377.jpg\",\"contentUrl\":\"https:\\\/\\\/www.webdo.tn\\\/fr\\\/wp-content\\\/uploads\\\/2025\\\/06\\\/Webdo-Tunisie_168377.jpg\",\"width\":301,\"height\":301,\"caption\":\"Webdo\"},\"image\":{\"@id\":\"https:\\\/\\\/www.webdo.tn\\\/fr\\\/#\\\/schema\\\/logo\\\/image\\\/\"},\"sameAs\":[\"https:\\\/\\\/www.facebook.com\\\/webdotn\",\"https:\\\/\\\/x.com\\\/webdo_tn\"],\"description\":\"Webdo est un m\u00e9dia num\u00e9rique tunisien fond\u00e9 en 2010, sp\u00e9cialis\u00e9 dans l\u2019actualit\u00e9 nationale et internationale, l\u2019\u00e9conomie, la soci\u00e9t\u00e9 et les analyses politiques. Le site s\u2019adresse \u00e0 un large public francophone et couvre l\u2019information tunisienne en temps r\u00e9el.\",\"email\":\"redac@webdo.tn\",\"legalName\":\"YNJ SARL\",\"foundingDate\":\"2010-09-06\",\"numberOfEmployees\":{\"@type\":\"QuantitativeValue\",\"minValue\":\"11\",\"maxValue\":\"50\"}},{\"@type\":\"Person\",\"@id\":\"https:\\\/\\\/www.webdo.tn\\\/fr\\\/#\\\/schema\\\/person\\\/16a4857e77dfc0b610c4c2cadffc9ac4\",\"name\":\"Mohamed Fethi\",\"image\":{\"@type\":\"ImageObject\",\"inLanguage\":\"fr-FR\",\"@id\":\"https:\\\/\\\/www.webdo.tn\\\/fr\\\/wp-content\\\/uploads\\\/2026\\\/04\\\/mohamed-fethi_avatar_1-96x96.jpg\",\"url\":\"https:\\\/\\\/www.webdo.tn\\\/fr\\\/wp-content\\\/uploads\\\/2026\\\/04\\\/mohamed-fethi_avatar_1-96x96.jpg\",\"contentUrl\":\"https:\\\/\\\/www.webdo.tn\\\/fr\\\/wp-content\\\/uploads\\\/2026\\\/04\\\/mohamed-fethi_avatar_1-96x96.jpg\",\"caption\":\"Mohamed Fethi\"},\"description\":\"Signature \u00e9ditoriale de Maher Chaabane Mohamed Fethi est le pseudonyme \u00e9ditorial de Maher Chaabane, r\u00e9dacteur en chef de Webdo.tn depuis 2012. Cette signature est d\u00e9di\u00e9e au traitement intensif de l'actualit\u00e9 nationale et internationale en temps r\u00e9el. S'appuyant sur les deux d\u00e9cennies d'expertise journalistique de Maher Chaabane \u2014 d\u00e9but\u00e9e au sein du groupe Tunis Hebdo en 2000 \u2014 Mohamed Fethi assure une veille rigoureuse sur les enjeux politiques, \u00e9conomiques et sportifs. Sa mission est de garantir une information structur\u00e9e, fluide et fid\u00e8le aux standards de la r\u00e9daction. Pour consulter le parcours complet du r\u00e9dacteur en chef, visitez le profil officiel de Maher Chaabane.\",\"knowsAbout\":[\"actualit\u00e9\",\"journalisme\",\"information\",\"politique\",\"sport\",\"m\u00e9dias\",\"actualit\u00e9 internationale\"],\"knowsLanguage\":[\"Fran\u00e7ais\",\"Arabe\"],\"jobTitle\":\"Journaliste \u2013 R\u00e9daction Webdo\",\"worksFor\":\"Webdo.tn\",\"url\":\"https:\\\/\\\/www.webdo.tn\\\/fr\\\/actualite\\\/author\\\/mohamed-fethi\\\/\"}]}<\/script>\n<!-- \/ Yoast SEO Premium plugin. -->","yoast_head_json":{"title":"Le robot IA Grok suspendu temporairement apr\u00e8s des propos sur un g\u00e9nocide \u00e0 Gaza - webdo","description":"D\u00e9couvrez les raisons de la suspension du robot IA Grok et les accusations de g\u00e9nocide \u00e0 Gaza.","canonical":"https:\/\/www.webdo.tn\/fr\/actualite\/international\/le-robot-ia-grok-suspendu-temporairement-apres-des-propos-sur-un-genocide-a-gaza\/381423\/","og_locale":"fr_FR","og_type":"article","og_title":"Le robot IA Grok suspendu temporairement apr\u00e8s des propos sur un g\u00e9nocide \u00e0 Gaza","og_description":"D\u00e9couvrez les raisons de la suspension du robot IA Grok et les accusations de g\u00e9nocide \u00e0 Gaza.","og_url":"https:\/\/www.webdo.tn\/fr\/actualite\/international\/le-robot-ia-grok-suspendu-temporairement-apres-des-propos-sur-un-genocide-a-gaza\/381423\/","og_site_name":"webdo","article_publisher":"https:\/\/www.facebook.com\/webdotn","article_published_time":"2025-08-13T12:30:59+00:00","article_modified_time":"2025-08-13T12:31:07+00:00","og_image":[{"width":1024,"height":576,"url":"https:\/\/www.webdo.tn\/fr\/wp-content\/uploads\/2025\/08\/Grok-2109914.jpg","type":"image\/jpeg"}],"author":"Mohamed Fethi","twitter_card":"summary_large_image","twitter_creator":"@webdo_tn","twitter_site":"@webdo_tn","twitter_misc":{"\u00c9crit par":"Mohamed Fethi","Dur\u00e9e de lecture estim\u00e9e":"2 minutes"},"schema":{"@context":"https:\/\/schema.org","@graph":[{"@type":"NewsArticle","@id":"https:\/\/www.webdo.tn\/fr\/actualite\/international\/le-robot-ia-grok-suspendu-temporairement-apres-des-propos-sur-un-genocide-a-gaza\/381423\/#article","isPartOf":{"@id":"https:\/\/www.webdo.tn\/fr\/actualite\/international\/le-robot-ia-grok-suspendu-temporairement-apres-des-propos-sur-un-genocide-a-gaza\/381423\/"},"author":{"name":"Mohamed Fethi","@id":"https:\/\/www.webdo.tn\/fr\/#\/schema\/person\/16a4857e77dfc0b610c4c2cadffc9ac4"},"headline":"Le robot IA Grok suspendu temporairement apr\u00e8s des propos sur un g\u00e9nocide \u00e0 Gaza","datePublished":"2025-08-13T12:30:59+00:00","dateModified":"2025-08-13T12:31:07+00:00","mainEntityOfPage":{"@id":"https:\/\/www.webdo.tn\/fr\/actualite\/international\/le-robot-ia-grok-suspendu-temporairement-apres-des-propos-sur-un-genocide-a-gaza\/381423\/"},"wordCount":279,"commentCount":0,"publisher":{"@id":"https:\/\/www.webdo.tn\/fr\/#organization"},"image":{"@id":"https:\/\/www.webdo.tn\/fr\/actualite\/international\/le-robot-ia-grok-suspendu-temporairement-apres-des-propos-sur-un-genocide-a-gaza\/381423\/#primaryimage"},"thumbnailUrl":"https:\/\/www.webdo.tn\/fr\/wp-content\/uploads\/2025\/08\/Grok-2109914.jpg","keywords":["Elon Musk","Gaza","Grok","X"],"articleSection":["International"],"inLanguage":"fr-FR"},{"@type":"WebPage","@id":"https:\/\/www.webdo.tn\/fr\/actualite\/international\/le-robot-ia-grok-suspendu-temporairement-apres-des-propos-sur-un-genocide-a-gaza\/381423\/","url":"https:\/\/www.webdo.tn\/fr\/actualite\/international\/le-robot-ia-grok-suspendu-temporairement-apres-des-propos-sur-un-genocide-a-gaza\/381423\/","name":"Le robot IA Grok suspendu temporairement apr\u00e8s des propos sur un g\u00e9nocide \u00e0 Gaza - webdo","isPartOf":{"@id":"https:\/\/www.webdo.tn\/fr\/#website"},"primaryImageOfPage":{"@id":"https:\/\/www.webdo.tn\/fr\/actualite\/international\/le-robot-ia-grok-suspendu-temporairement-apres-des-propos-sur-un-genocide-a-gaza\/381423\/#primaryimage"},"image":{"@id":"https:\/\/www.webdo.tn\/fr\/actualite\/international\/le-robot-ia-grok-suspendu-temporairement-apres-des-propos-sur-un-genocide-a-gaza\/381423\/#primaryimage"},"thumbnailUrl":"https:\/\/www.webdo.tn\/fr\/wp-content\/uploads\/2025\/08\/Grok-2109914.jpg","datePublished":"2025-08-13T12:30:59+00:00","dateModified":"2025-08-13T12:31:07+00:00","description":"D\u00e9couvrez les raisons de la suspension du robot IA Grok et les accusations de g\u00e9nocide \u00e0 Gaza.","breadcrumb":{"@id":"https:\/\/www.webdo.tn\/fr\/actualite\/international\/le-robot-ia-grok-suspendu-temporairement-apres-des-propos-sur-un-genocide-a-gaza\/381423\/#breadcrumb"},"inLanguage":"fr-FR","potentialAction":[{"@type":"ReadAction","target":["https:\/\/www.webdo.tn\/fr\/actualite\/international\/le-robot-ia-grok-suspendu-temporairement-apres-des-propos-sur-un-genocide-a-gaza\/381423\/"]}]},{"@type":"ImageObject","inLanguage":"fr-FR","@id":"https:\/\/www.webdo.tn\/fr\/actualite\/international\/le-robot-ia-grok-suspendu-temporairement-apres-des-propos-sur-un-genocide-a-gaza\/381423\/#primaryimage","url":"https:\/\/www.webdo.tn\/fr\/wp-content\/uploads\/2025\/08\/Grok-2109914.jpg","contentUrl":"https:\/\/www.webdo.tn\/fr\/wp-content\/uploads\/2025\/08\/Grok-2109914.jpg","width":1024,"height":576},{"@type":"BreadcrumbList","@id":"https:\/\/www.webdo.tn\/fr\/actualite\/international\/le-robot-ia-grok-suspendu-temporairement-apres-des-propos-sur-un-genocide-a-gaza\/381423\/#breadcrumb","itemListElement":[{"@type":"ListItem","position":1,"name":"Accueil","item":"https:\/\/www.webdo.tn\/fr\/"},{"@type":"ListItem","position":2,"name":"Le robot IA Grok suspendu temporairement apr\u00e8s des propos sur un g\u00e9nocide \u00e0 Gaza"}]},{"@type":"WebSite","@id":"https:\/\/www.webdo.tn\/fr\/#website","url":"https:\/\/www.webdo.tn\/fr\/","name":"webdo","description":"Tunisie - News en Tunisie et \u00e0 l&#039;international sur Webdo.tn","publisher":{"@id":"https:\/\/www.webdo.tn\/fr\/#organization"},"potentialAction":[{"@type":"SearchAction","target":{"@type":"EntryPoint","urlTemplate":"https:\/\/www.webdo.tn\/fr\/?s={search_term_string}"},"query-input":{"@type":"PropertyValueSpecification","valueRequired":true,"valueName":"search_term_string"}}],"inLanguage":"fr-FR"},{"@type":"Organization","@id":"https:\/\/www.webdo.tn\/fr\/#organization","name":"Webdo","alternateName":"Webdo.tn","url":"https:\/\/www.webdo.tn\/fr\/","logo":{"@type":"ImageObject","inLanguage":"fr-FR","@id":"https:\/\/www.webdo.tn\/fr\/#\/schema\/logo\/image\/","url":"https:\/\/www.webdo.tn\/fr\/wp-content\/uploads\/2025\/06\/Webdo-Tunisie_168377.jpg","contentUrl":"https:\/\/www.webdo.tn\/fr\/wp-content\/uploads\/2025\/06\/Webdo-Tunisie_168377.jpg","width":301,"height":301,"caption":"Webdo"},"image":{"@id":"https:\/\/www.webdo.tn\/fr\/#\/schema\/logo\/image\/"},"sameAs":["https:\/\/www.facebook.com\/webdotn","https:\/\/x.com\/webdo_tn"],"description":"Webdo est un m\u00e9dia num\u00e9rique tunisien fond\u00e9 en 2010, sp\u00e9cialis\u00e9 dans l\u2019actualit\u00e9 nationale et internationale, l\u2019\u00e9conomie, la soci\u00e9t\u00e9 et les analyses politiques. Le site s\u2019adresse \u00e0 un large public francophone et couvre l\u2019information tunisienne en temps r\u00e9el.","email":"redac@webdo.tn","legalName":"YNJ SARL","foundingDate":"2010-09-06","numberOfEmployees":{"@type":"QuantitativeValue","minValue":"11","maxValue":"50"}},{"@type":"Person","@id":"https:\/\/www.webdo.tn\/fr\/#\/schema\/person\/16a4857e77dfc0b610c4c2cadffc9ac4","name":"Mohamed Fethi","image":{"@type":"ImageObject","inLanguage":"fr-FR","@id":"https:\/\/www.webdo.tn\/fr\/wp-content\/uploads\/2026\/04\/mohamed-fethi_avatar_1-96x96.jpg","url":"https:\/\/www.webdo.tn\/fr\/wp-content\/uploads\/2026\/04\/mohamed-fethi_avatar_1-96x96.jpg","contentUrl":"https:\/\/www.webdo.tn\/fr\/wp-content\/uploads\/2026\/04\/mohamed-fethi_avatar_1-96x96.jpg","caption":"Mohamed Fethi"},"description":"Signature \u00e9ditoriale de Maher Chaabane Mohamed Fethi est le pseudonyme \u00e9ditorial de Maher Chaabane, r\u00e9dacteur en chef de Webdo.tn depuis 2012. Cette signature est d\u00e9di\u00e9e au traitement intensif de l'actualit\u00e9 nationale et internationale en temps r\u00e9el. S'appuyant sur les deux d\u00e9cennies d'expertise journalistique de Maher Chaabane \u2014 d\u00e9but\u00e9e au sein du groupe Tunis Hebdo en 2000 \u2014 Mohamed Fethi assure une veille rigoureuse sur les enjeux politiques, \u00e9conomiques et sportifs. Sa mission est de garantir une information structur\u00e9e, fluide et fid\u00e8le aux standards de la r\u00e9daction. Pour consulter le parcours complet du r\u00e9dacteur en chef, visitez le profil officiel de Maher Chaabane.","knowsAbout":["actualit\u00e9","journalisme","information","politique","sport","m\u00e9dias","actualit\u00e9 internationale"],"knowsLanguage":["Fran\u00e7ais","Arabe"],"jobTitle":"Journaliste \u2013 R\u00e9daction Webdo","worksFor":"Webdo.tn","url":"https:\/\/www.webdo.tn\/fr\/actualite\/author\/mohamed-fethi\/"}]}},"_links":{"self":[{"href":"https:\/\/www.webdo.tn\/fr\/wp-json\/wp\/v2\/posts\/381423","targetHints":{"allow":["GET"]}}],"collection":[{"href":"https:\/\/www.webdo.tn\/fr\/wp-json\/wp\/v2\/posts"}],"about":[{"href":"https:\/\/www.webdo.tn\/fr\/wp-json\/wp\/v2\/types\/post"}],"author":[{"embeddable":true,"href":"https:\/\/www.webdo.tn\/fr\/wp-json\/wp\/v2\/users\/4782"}],"replies":[{"embeddable":true,"href":"https:\/\/www.webdo.tn\/fr\/wp-json\/wp\/v2\/comments?post=381423"}],"version-history":[{"count":0,"href":"https:\/\/www.webdo.tn\/fr\/wp-json\/wp\/v2\/posts\/381423\/revisions"}],"wp:featuredmedia":[{"embeddable":true,"href":"https:\/\/www.webdo.tn\/fr\/wp-json\/wp\/v2\/media\/381424"}],"wp:attachment":[{"href":"https:\/\/www.webdo.tn\/fr\/wp-json\/wp\/v2\/media?parent=381423"}],"wp:term":[{"taxonomy":"category","embeddable":true,"href":"https:\/\/www.webdo.tn\/fr\/wp-json\/wp\/v2\/categories?post=381423"},{"taxonomy":"post_tag","embeddable":true,"href":"https:\/\/www.webdo.tn\/fr\/wp-json\/wp\/v2\/tags?post=381423"}],"curies":[{"name":"wp","href":"https:\/\/api.w.org\/{rel}","templated":true}]}}