{"id":381414,"date":"2025-08-13T11:20:21","date_gmt":"2025-08-13T10:20:21","guid":{"rendered":"https:\/\/www.webdo.tn\/fr\/?p=381414"},"modified":"2025-08-13T11:20:36","modified_gmt":"2025-08-13T10:20:36","slug":"alerte-sanitaire-en-france-deux-deces-et-plusieurs-cas-de-listeriose-lies-a-des-fromages","status":"publish","type":"post","link":"https:\/\/www.webdo.tn\/fr\/actualite\/international\/alerte-sanitaire-en-france-deux-deces-et-plusieurs-cas-de-listeriose-lies-a-des-fromages\/381414\/","title":{"rendered":"Alerte sanitaire en France : deux d\u00e9c\u00e8s et plusieurs cas de list\u00e9riose li\u00e9s \u00e0 des fromages"},"content":{"rendered":"\n<p><strong>La France fait face \u00e0 une alerte sanitaire pr\u00e9occupante. Hier, le minist\u00e8re de l\u2019Agriculture a annonc\u00e9 le d\u00e9c\u00e8s de deux personnes et l\u2019infection de 21 autres par la list\u00e9riose, une maladie d\u2019origine alimentaire. L\u2019une des victimes souffrait de probl\u00e8mes de sant\u00e9 pr\u00e9existants.<\/strong><\/p>\n\n\n\n<p>Selon les autorit\u00e9s, les infections seraient li\u00e9es \u00e0 des fromages \u00e0 p\u00e2te molle produits par la fromagerie Chavegrand, dans la Creuse. Par cons\u00e9quent, plus de quarante lots ont \u00e9t\u00e9 rappel\u00e9s partout en France et \u00e0 l\u2019international. Les consommateurs doivent cesser de consommer ces produits.<\/p>\n\n\n\n<p>Il s\u2019agit de fromages au lait pasteuris\u00e9, \u00e0 p\u00e2te molle ou \u00e0 cro\u00fbte fleurie ou lav\u00e9e, tels que camemberts, coulommiers, cr\u00e9meux, bries, gorgonzolas et b\u00fbches de ch\u00e8vre. Ces produits ont \u00e9t\u00e9 commercialis\u00e9s jusqu\u2019au 9 ao\u00fbt 2025 sur l\u2019ensemble du territoire national ainsi qu\u2019\u00e0 l\u2019international, sous diff\u00e9rentes marques commerciales. Tous portent la marque de salubrit\u00e9 FR 23.117.001 CE\/UE.<\/p>\n\n\n\n<p>Parmi les lots rappel\u00e9s figurent :<\/p>\n\n\n\n<ul class=\"wp-block-list\">\n<li>Double Cr\u00e8me Simple (Simple \u2013 Carrefour)<\/li>\n\n\n\n<li>Camembert pasteuris\u00e9 21%MG U bo\u00eete 250g<\/li>\n\n\n\n<li>Fromage pasteuris\u00e9 Le Carr\u00e9 23%MG U 230g<\/li>\n\n\n\n<li>Le Doucr\u00e9meux (Ch\u00eane d&rsquo;Argent \u2013 Lidl)<\/li>\n\n\n\n<li>Camembert 250 g Saveur d&rsquo;Antan<\/li>\n\n\n\n<li>Camembert de caract\u00e8re Saveur d&rsquo;Antan<\/li>\n\n\n\n<li>Coulommiers Saveur d&rsquo;Antan<\/li>\n\n\n\n<li>Camembert 250 g Everyday<\/li>\n\n\n\n<li>Camembert 250 g Netto (Netto)<\/li>\n\n\n\n<li>Camembert 250 g Vieux Porche<\/li>\n\n\n\n<li>Camembert 250 g Belle France<\/li>\n\n\n\n<li>Camembert 250 g Mariotte<\/li>\n\n\n\n<li>Camembert 250 g Le P\u00e2turon<\/li>\n\n\n\n<li>Camembert 250 g Ch\u00eane d&rsquo;Argent (Ch\u00eane d&rsquo;Argent \u2013 Lidl)<\/li>\n\n\n\n<li>Ovale 300 g Belle France<\/li>\n\n\n\n<li>Le Petit Grignoteur<\/li>\n\n\n\n<li>Le Lion (Carrefour)<\/li>\n\n\n\n<li>L&rsquo;Angevine<\/li>\n\n\n\n<li>Coeur Complice \u2013 Carrefour Classic (Carrefour)<\/li>\n\n\n\n<li>Fromage ovale \u00e0 p\u00e2te molle 300 g<\/li>\n\n\n\n<li>Fromage ovale Le Doucr\u00e9meux 300g &#8211; Ch\u00eane d&rsquo;argent<\/li>\n\n\n\n<li>Coulommiers (Carrefour Classic)<\/li>\n\n\n\n<li>Gorgonzola AOP \u00e0 la cuill\u00e8re<\/li>\n\n\n\n<li>Fromage Double cr\u00e8me (Simpl)<\/li>\n\n\n\n<li>Coulommiers 350 g (Le P\u00e2turon)<\/li>\n\n\n\n<li>Camembert de caract\u00e8re (Vieux Porche)<\/li>\n\n\n\n<li>Camembert 250 g (Le P\u00e2turon)<\/li>\n\n\n\n<li>Buchette 200 g (Vieux Porche)<\/li>\n\n\n\n<li>Buchette de m\u00e9lange (Le Pont de Bois)<\/li>\n\n\n\n<li>Coulommiers Le Berger<\/li>\n\n\n\n<li>Camembert de caract\u00e8re CHARLES VII<\/li>\n\n\n\n<li>Camembert Ma\u00eetre Queue<\/li>\n\n\n\n<li>Coulommiers 350g &#8211; Ch\u00eane d&rsquo;argent<\/li>\n<\/ul>\n\n\n\n<p>Les autorit\u00e9s sanitaires recommandent une vigilance particuli\u00e8re pour les femmes enceintes, les personnes \u00e2g\u00e9es et celles dont le syst\u00e8me immunitaire est affaibli. En outre, elles conseillent de surveiller les sympt\u00f4mes tels que fi\u00e8vre, maux de t\u00eate et douleurs musculaires. La list\u00e9riose peut \u00e9voluer gravement, et sa p\u00e9riode d\u2019incubation peut atteindre jusqu\u2019\u00e0 huit semaines.<\/p>\n\n\n\n<p><\/p>\n\n\n\n<p><\/p>\n","protected":false},"excerpt":{"rendered":"<p>La France fait face \u00e0 une alerte sanitaire pr\u00e9occupante. Hier, le minist\u00e8re de l\u2019Agriculture a annonc\u00e9 le d\u00e9c\u00e8s de deux personnes et l\u2019infection de 21 autres par la list\u00e9riose, une maladie d\u2019origine alimentaire. L\u2019une des victimes souffrait de probl\u00e8mes de sant\u00e9 pr\u00e9existants. Selon les autorit\u00e9s, les infections seraient li\u00e9es \u00e0 des fromages \u00e0 p\u00e2te molle [&hellip;]<\/p>\n","protected":false},"author":4782,"featured_media":381416,"comment_status":"open","ping_status":"open","sticky":false,"template":"","format":"standard","meta":{"footnotes":""},"categories":[2598],"tags":[2998,12419,12420],"class_list":["post-381414","post","type-post","status-publish","format-standard","has-post-thumbnail","hentry","category-international","tag-france","tag-fromage","tag-listeriose"],"yoast_head":"<!-- This site is optimized with the Yoast SEO Premium plugin v27.5 (Yoast SEO v27.5) - https:\/\/yoast.com\/product\/yoast-seo-premium-wordpress\/ -->\n<title>Alerte sanitaire en France : deux d\u00e9c\u00e8s et plusieurs cas de list\u00e9riose li\u00e9s \u00e0 des fromages - webdo<\/title>\n<meta name=\"description\" content=\"Alerte sant\u00e9 en France : d\u00e9couvrez les dangers de la list\u00e9riose provenant de fromages et comment vous prot\u00e9ger.\" \/>\n<link rel=\"canonical\" href=\"https:\/\/www.webdo.tn\/fr\/actualite\/international\/alerte-sanitaire-en-france-deux-deces-et-plusieurs-cas-de-listeriose-lies-a-des-fromages\/381414\/\" \/>\n<meta property=\"og:locale\" content=\"fr_FR\" \/>\n<meta property=\"og:type\" content=\"article\" \/>\n<meta property=\"og:title\" content=\"Alerte sanitaire en France : deux d\u00e9c\u00e8s et plusieurs cas de list\u00e9riose li\u00e9s \u00e0 des fromages\" \/>\n<meta property=\"og:description\" content=\"Alerte sant\u00e9 en France : d\u00e9couvrez les dangers de la list\u00e9riose provenant de fromages et comment vous prot\u00e9ger.\" \/>\n<meta property=\"og:url\" content=\"https:\/\/www.webdo.tn\/fr\/actualite\/international\/alerte-sanitaire-en-france-deux-deces-et-plusieurs-cas-de-listeriose-lies-a-des-fromages\/381414\/\" \/>\n<meta property=\"og:site_name\" content=\"webdo\" \/>\n<meta property=\"article:publisher\" content=\"https:\/\/www.facebook.com\/webdotn\" \/>\n<meta property=\"article:published_time\" content=\"2025-08-13T10:20:21+00:00\" \/>\n<meta property=\"article:modified_time\" content=\"2025-08-13T10:20:36+00:00\" \/>\n<meta property=\"og:image\" content=\"https:\/\/www.webdo.tn\/fr\/wp-content\/uploads\/2025\/08\/fromages-francais_1200x800.png\" \/>\n\t<meta property=\"og:image:width\" content=\"1200\" \/>\n\t<meta property=\"og:image:height\" content=\"800\" \/>\n\t<meta property=\"og:image:type\" content=\"image\/png\" \/>\n<meta name=\"author\" content=\"Mohamed Fethi\" \/>\n<meta name=\"twitter:card\" content=\"summary_large_image\" \/>\n<meta name=\"twitter:creator\" content=\"@webdo_tn\" \/>\n<meta name=\"twitter:site\" content=\"@webdo_tn\" \/>\n<meta name=\"twitter:label1\" content=\"\u00c9crit par\" \/>\n\t<meta name=\"twitter:data1\" content=\"Mohamed Fethi\" \/>\n\t<meta name=\"twitter:label2\" content=\"Dur\u00e9e de lecture estim\u00e9e\" \/>\n\t<meta name=\"twitter:data2\" content=\"3 minutes\" \/>\n<script type=\"application\/ld+json\" class=\"yoast-schema-graph\">{\"@context\":\"https:\\\/\\\/schema.org\",\"@graph\":[{\"@type\":\"NewsArticle\",\"@id\":\"https:\\\/\\\/www.webdo.tn\\\/fr\\\/actualite\\\/international\\\/alerte-sanitaire-en-france-deux-deces-et-plusieurs-cas-de-listeriose-lies-a-des-fromages\\\/381414\\\/#article\",\"isPartOf\":{\"@id\":\"https:\\\/\\\/www.webdo.tn\\\/fr\\\/actualite\\\/international\\\/alerte-sanitaire-en-france-deux-deces-et-plusieurs-cas-de-listeriose-lies-a-des-fromages\\\/381414\\\/\"},\"author\":{\"name\":\"Mohamed Fethi\",\"@id\":\"https:\\\/\\\/www.webdo.tn\\\/fr\\\/#\\\/schema\\\/person\\\/16a4857e77dfc0b610c4c2cadffc9ac4\"},\"headline\":\"Alerte sanitaire en France : deux d\u00e9c\u00e8s et plusieurs cas de list\u00e9riose li\u00e9s \u00e0 des fromages\",\"datePublished\":\"2025-08-13T10:20:21+00:00\",\"dateModified\":\"2025-08-13T10:20:36+00:00\",\"mainEntityOfPage\":{\"@id\":\"https:\\\/\\\/www.webdo.tn\\\/fr\\\/actualite\\\/international\\\/alerte-sanitaire-en-france-deux-deces-et-plusieurs-cas-de-listeriose-lies-a-des-fromages\\\/381414\\\/\"},\"wordCount\":424,\"commentCount\":0,\"publisher\":{\"@id\":\"https:\\\/\\\/www.webdo.tn\\\/fr\\\/#organization\"},\"image\":{\"@id\":\"https:\\\/\\\/www.webdo.tn\\\/fr\\\/actualite\\\/international\\\/alerte-sanitaire-en-france-deux-deces-et-plusieurs-cas-de-listeriose-lies-a-des-fromages\\\/381414\\\/#primaryimage\"},\"thumbnailUrl\":\"https:\\\/\\\/www.webdo.tn\\\/fr\\\/wp-content\\\/uploads\\\/2025\\\/08\\\/fromages-francais_1200x800.png\",\"keywords\":[\"france\",\"fromage\",\"list\u00e9riose\"],\"articleSection\":[\"International\"],\"inLanguage\":\"fr-FR\"},{\"@type\":\"WebPage\",\"@id\":\"https:\\\/\\\/www.webdo.tn\\\/fr\\\/actualite\\\/international\\\/alerte-sanitaire-en-france-deux-deces-et-plusieurs-cas-de-listeriose-lies-a-des-fromages\\\/381414\\\/\",\"url\":\"https:\\\/\\\/www.webdo.tn\\\/fr\\\/actualite\\\/international\\\/alerte-sanitaire-en-france-deux-deces-et-plusieurs-cas-de-listeriose-lies-a-des-fromages\\\/381414\\\/\",\"name\":\"Alerte sanitaire en France : deux d\u00e9c\u00e8s et plusieurs cas de list\u00e9riose li\u00e9s \u00e0 des fromages - webdo\",\"isPartOf\":{\"@id\":\"https:\\\/\\\/www.webdo.tn\\\/fr\\\/#website\"},\"primaryImageOfPage\":{\"@id\":\"https:\\\/\\\/www.webdo.tn\\\/fr\\\/actualite\\\/international\\\/alerte-sanitaire-en-france-deux-deces-et-plusieurs-cas-de-listeriose-lies-a-des-fromages\\\/381414\\\/#primaryimage\"},\"image\":{\"@id\":\"https:\\\/\\\/www.webdo.tn\\\/fr\\\/actualite\\\/international\\\/alerte-sanitaire-en-france-deux-deces-et-plusieurs-cas-de-listeriose-lies-a-des-fromages\\\/381414\\\/#primaryimage\"},\"thumbnailUrl\":\"https:\\\/\\\/www.webdo.tn\\\/fr\\\/wp-content\\\/uploads\\\/2025\\\/08\\\/fromages-francais_1200x800.png\",\"datePublished\":\"2025-08-13T10:20:21+00:00\",\"dateModified\":\"2025-08-13T10:20:36+00:00\",\"description\":\"Alerte sant\u00e9 en France : d\u00e9couvrez les dangers de la list\u00e9riose provenant de fromages et comment vous prot\u00e9ger.\",\"breadcrumb\":{\"@id\":\"https:\\\/\\\/www.webdo.tn\\\/fr\\\/actualite\\\/international\\\/alerte-sanitaire-en-france-deux-deces-et-plusieurs-cas-de-listeriose-lies-a-des-fromages\\\/381414\\\/#breadcrumb\"},\"inLanguage\":\"fr-FR\",\"potentialAction\":[{\"@type\":\"ReadAction\",\"target\":[\"https:\\\/\\\/www.webdo.tn\\\/fr\\\/actualite\\\/international\\\/alerte-sanitaire-en-france-deux-deces-et-plusieurs-cas-de-listeriose-lies-a-des-fromages\\\/381414\\\/\"]}]},{\"@type\":\"ImageObject\",\"inLanguage\":\"fr-FR\",\"@id\":\"https:\\\/\\\/www.webdo.tn\\\/fr\\\/actualite\\\/international\\\/alerte-sanitaire-en-france-deux-deces-et-plusieurs-cas-de-listeriose-lies-a-des-fromages\\\/381414\\\/#primaryimage\",\"url\":\"https:\\\/\\\/www.webdo.tn\\\/fr\\\/wp-content\\\/uploads\\\/2025\\\/08\\\/fromages-francais_1200x800.png\",\"contentUrl\":\"https:\\\/\\\/www.webdo.tn\\\/fr\\\/wp-content\\\/uploads\\\/2025\\\/08\\\/fromages-francais_1200x800.png\",\"width\":1200,\"height\":800},{\"@type\":\"BreadcrumbList\",\"@id\":\"https:\\\/\\\/www.webdo.tn\\\/fr\\\/actualite\\\/international\\\/alerte-sanitaire-en-france-deux-deces-et-plusieurs-cas-de-listeriose-lies-a-des-fromages\\\/381414\\\/#breadcrumb\",\"itemListElement\":[{\"@type\":\"ListItem\",\"position\":1,\"name\":\"Accueil\",\"item\":\"https:\\\/\\\/www.webdo.tn\\\/fr\\\/\"},{\"@type\":\"ListItem\",\"position\":2,\"name\":\"Alerte sanitaire en France : deux d\u00e9c\u00e8s et plusieurs cas de list\u00e9riose li\u00e9s \u00e0 des fromages\"}]},{\"@type\":\"WebSite\",\"@id\":\"https:\\\/\\\/www.webdo.tn\\\/fr\\\/#website\",\"url\":\"https:\\\/\\\/www.webdo.tn\\\/fr\\\/\",\"name\":\"webdo\",\"description\":\"Tunisie - News en Tunisie et \u00e0 l&#039;international sur Webdo.tn\",\"publisher\":{\"@id\":\"https:\\\/\\\/www.webdo.tn\\\/fr\\\/#organization\"},\"potentialAction\":[{\"@type\":\"SearchAction\",\"target\":{\"@type\":\"EntryPoint\",\"urlTemplate\":\"https:\\\/\\\/www.webdo.tn\\\/fr\\\/?s={search_term_string}\"},\"query-input\":{\"@type\":\"PropertyValueSpecification\",\"valueRequired\":true,\"valueName\":\"search_term_string\"}}],\"inLanguage\":\"fr-FR\"},{\"@type\":\"Organization\",\"@id\":\"https:\\\/\\\/www.webdo.tn\\\/fr\\\/#organization\",\"name\":\"Webdo\",\"alternateName\":\"Webdo.tn\",\"url\":\"https:\\\/\\\/www.webdo.tn\\\/fr\\\/\",\"logo\":{\"@type\":\"ImageObject\",\"inLanguage\":\"fr-FR\",\"@id\":\"https:\\\/\\\/www.webdo.tn\\\/fr\\\/#\\\/schema\\\/logo\\\/image\\\/\",\"url\":\"https:\\\/\\\/www.webdo.tn\\\/fr\\\/wp-content\\\/uploads\\\/2025\\\/06\\\/Webdo-Tunisie_168377.jpg\",\"contentUrl\":\"https:\\\/\\\/www.webdo.tn\\\/fr\\\/wp-content\\\/uploads\\\/2025\\\/06\\\/Webdo-Tunisie_168377.jpg\",\"width\":301,\"height\":301,\"caption\":\"Webdo\"},\"image\":{\"@id\":\"https:\\\/\\\/www.webdo.tn\\\/fr\\\/#\\\/schema\\\/logo\\\/image\\\/\"},\"sameAs\":[\"https:\\\/\\\/www.facebook.com\\\/webdotn\",\"https:\\\/\\\/x.com\\\/webdo_tn\"],\"description\":\"Webdo est un m\u00e9dia num\u00e9rique tunisien fond\u00e9 en 2010, sp\u00e9cialis\u00e9 dans l\u2019actualit\u00e9 nationale et internationale, l\u2019\u00e9conomie, la soci\u00e9t\u00e9 et les analyses politiques. Le site s\u2019adresse \u00e0 un large public francophone et couvre l\u2019information tunisienne en temps r\u00e9el.\",\"email\":\"redac@webdo.tn\",\"legalName\":\"YNJ SARL\",\"foundingDate\":\"2010-09-06\",\"numberOfEmployees\":{\"@type\":\"QuantitativeValue\",\"minValue\":\"11\",\"maxValue\":\"50\"}},{\"@type\":\"Person\",\"@id\":\"https:\\\/\\\/www.webdo.tn\\\/fr\\\/#\\\/schema\\\/person\\\/16a4857e77dfc0b610c4c2cadffc9ac4\",\"name\":\"Mohamed Fethi\",\"image\":{\"@type\":\"ImageObject\",\"inLanguage\":\"fr-FR\",\"@id\":\"https:\\\/\\\/www.webdo.tn\\\/fr\\\/wp-content\\\/uploads\\\/2026\\\/04\\\/mohamed-fethi_avatar_1-96x96.jpg\",\"url\":\"https:\\\/\\\/www.webdo.tn\\\/fr\\\/wp-content\\\/uploads\\\/2026\\\/04\\\/mohamed-fethi_avatar_1-96x96.jpg\",\"contentUrl\":\"https:\\\/\\\/www.webdo.tn\\\/fr\\\/wp-content\\\/uploads\\\/2026\\\/04\\\/mohamed-fethi_avatar_1-96x96.jpg\",\"caption\":\"Mohamed Fethi\"},\"description\":\"Signature \u00e9ditoriale de Maher Chaabane Mohamed Fethi est le pseudonyme \u00e9ditorial de Maher Chaabane, r\u00e9dacteur en chef de Webdo.tn depuis 2012. Cette signature est d\u00e9di\u00e9e au traitement intensif de l'actualit\u00e9 nationale et internationale en temps r\u00e9el. S'appuyant sur les deux d\u00e9cennies d'expertise journalistique de Maher Chaabane \u2014 d\u00e9but\u00e9e au sein du groupe Tunis Hebdo en 2000 \u2014 Mohamed Fethi assure une veille rigoureuse sur les enjeux politiques, \u00e9conomiques et sportifs. Sa mission est de garantir une information structur\u00e9e, fluide et fid\u00e8le aux standards de la r\u00e9daction. Pour consulter le parcours complet du r\u00e9dacteur en chef, visitez le profil officiel de Maher Chaabane.\",\"knowsAbout\":[\"actualit\u00e9\",\"journalisme\",\"information\",\"politique\",\"sport\",\"m\u00e9dias\",\"actualit\u00e9 internationale\"],\"knowsLanguage\":[\"Fran\u00e7ais\",\"Arabe\"],\"jobTitle\":\"Journaliste \u2013 R\u00e9daction Webdo\",\"worksFor\":\"Webdo.tn\",\"url\":\"https:\\\/\\\/www.webdo.tn\\\/fr\\\/actualite\\\/author\\\/mohamed-fethi\\\/\"}]}<\/script>\n<!-- \/ Yoast SEO Premium plugin. -->","yoast_head_json":{"title":"Alerte sanitaire en France : deux d\u00e9c\u00e8s et plusieurs cas de list\u00e9riose li\u00e9s \u00e0 des fromages - webdo","description":"Alerte sant\u00e9 en France : d\u00e9couvrez les dangers de la list\u00e9riose provenant de fromages et comment vous prot\u00e9ger.","canonical":"https:\/\/www.webdo.tn\/fr\/actualite\/international\/alerte-sanitaire-en-france-deux-deces-et-plusieurs-cas-de-listeriose-lies-a-des-fromages\/381414\/","og_locale":"fr_FR","og_type":"article","og_title":"Alerte sanitaire en France : deux d\u00e9c\u00e8s et plusieurs cas de list\u00e9riose li\u00e9s \u00e0 des fromages","og_description":"Alerte sant\u00e9 en France : d\u00e9couvrez les dangers de la list\u00e9riose provenant de fromages et comment vous prot\u00e9ger.","og_url":"https:\/\/www.webdo.tn\/fr\/actualite\/international\/alerte-sanitaire-en-france-deux-deces-et-plusieurs-cas-de-listeriose-lies-a-des-fromages\/381414\/","og_site_name":"webdo","article_publisher":"https:\/\/www.facebook.com\/webdotn","article_published_time":"2025-08-13T10:20:21+00:00","article_modified_time":"2025-08-13T10:20:36+00:00","og_image":[{"width":1200,"height":800,"url":"https:\/\/www.webdo.tn\/fr\/wp-content\/uploads\/2025\/08\/fromages-francais_1200x800.png","type":"image\/png"}],"author":"Mohamed Fethi","twitter_card":"summary_large_image","twitter_creator":"@webdo_tn","twitter_site":"@webdo_tn","twitter_misc":{"\u00c9crit par":"Mohamed Fethi","Dur\u00e9e de lecture estim\u00e9e":"3 minutes"},"schema":{"@context":"https:\/\/schema.org","@graph":[{"@type":"NewsArticle","@id":"https:\/\/www.webdo.tn\/fr\/actualite\/international\/alerte-sanitaire-en-france-deux-deces-et-plusieurs-cas-de-listeriose-lies-a-des-fromages\/381414\/#article","isPartOf":{"@id":"https:\/\/www.webdo.tn\/fr\/actualite\/international\/alerte-sanitaire-en-france-deux-deces-et-plusieurs-cas-de-listeriose-lies-a-des-fromages\/381414\/"},"author":{"name":"Mohamed Fethi","@id":"https:\/\/www.webdo.tn\/fr\/#\/schema\/person\/16a4857e77dfc0b610c4c2cadffc9ac4"},"headline":"Alerte sanitaire en France : deux d\u00e9c\u00e8s et plusieurs cas de list\u00e9riose li\u00e9s \u00e0 des fromages","datePublished":"2025-08-13T10:20:21+00:00","dateModified":"2025-08-13T10:20:36+00:00","mainEntityOfPage":{"@id":"https:\/\/www.webdo.tn\/fr\/actualite\/international\/alerte-sanitaire-en-france-deux-deces-et-plusieurs-cas-de-listeriose-lies-a-des-fromages\/381414\/"},"wordCount":424,"commentCount":0,"publisher":{"@id":"https:\/\/www.webdo.tn\/fr\/#organization"},"image":{"@id":"https:\/\/www.webdo.tn\/fr\/actualite\/international\/alerte-sanitaire-en-france-deux-deces-et-plusieurs-cas-de-listeriose-lies-a-des-fromages\/381414\/#primaryimage"},"thumbnailUrl":"https:\/\/www.webdo.tn\/fr\/wp-content\/uploads\/2025\/08\/fromages-francais_1200x800.png","keywords":["france","fromage","list\u00e9riose"],"articleSection":["International"],"inLanguage":"fr-FR"},{"@type":"WebPage","@id":"https:\/\/www.webdo.tn\/fr\/actualite\/international\/alerte-sanitaire-en-france-deux-deces-et-plusieurs-cas-de-listeriose-lies-a-des-fromages\/381414\/","url":"https:\/\/www.webdo.tn\/fr\/actualite\/international\/alerte-sanitaire-en-france-deux-deces-et-plusieurs-cas-de-listeriose-lies-a-des-fromages\/381414\/","name":"Alerte sanitaire en France : deux d\u00e9c\u00e8s et plusieurs cas de list\u00e9riose li\u00e9s \u00e0 des fromages - webdo","isPartOf":{"@id":"https:\/\/www.webdo.tn\/fr\/#website"},"primaryImageOfPage":{"@id":"https:\/\/www.webdo.tn\/fr\/actualite\/international\/alerte-sanitaire-en-france-deux-deces-et-plusieurs-cas-de-listeriose-lies-a-des-fromages\/381414\/#primaryimage"},"image":{"@id":"https:\/\/www.webdo.tn\/fr\/actualite\/international\/alerte-sanitaire-en-france-deux-deces-et-plusieurs-cas-de-listeriose-lies-a-des-fromages\/381414\/#primaryimage"},"thumbnailUrl":"https:\/\/www.webdo.tn\/fr\/wp-content\/uploads\/2025\/08\/fromages-francais_1200x800.png","datePublished":"2025-08-13T10:20:21+00:00","dateModified":"2025-08-13T10:20:36+00:00","description":"Alerte sant\u00e9 en France : d\u00e9couvrez les dangers de la list\u00e9riose provenant de fromages et comment vous prot\u00e9ger.","breadcrumb":{"@id":"https:\/\/www.webdo.tn\/fr\/actualite\/international\/alerte-sanitaire-en-france-deux-deces-et-plusieurs-cas-de-listeriose-lies-a-des-fromages\/381414\/#breadcrumb"},"inLanguage":"fr-FR","potentialAction":[{"@type":"ReadAction","target":["https:\/\/www.webdo.tn\/fr\/actualite\/international\/alerte-sanitaire-en-france-deux-deces-et-plusieurs-cas-de-listeriose-lies-a-des-fromages\/381414\/"]}]},{"@type":"ImageObject","inLanguage":"fr-FR","@id":"https:\/\/www.webdo.tn\/fr\/actualite\/international\/alerte-sanitaire-en-france-deux-deces-et-plusieurs-cas-de-listeriose-lies-a-des-fromages\/381414\/#primaryimage","url":"https:\/\/www.webdo.tn\/fr\/wp-content\/uploads\/2025\/08\/fromages-francais_1200x800.png","contentUrl":"https:\/\/www.webdo.tn\/fr\/wp-content\/uploads\/2025\/08\/fromages-francais_1200x800.png","width":1200,"height":800},{"@type":"BreadcrumbList","@id":"https:\/\/www.webdo.tn\/fr\/actualite\/international\/alerte-sanitaire-en-france-deux-deces-et-plusieurs-cas-de-listeriose-lies-a-des-fromages\/381414\/#breadcrumb","itemListElement":[{"@type":"ListItem","position":1,"name":"Accueil","item":"https:\/\/www.webdo.tn\/fr\/"},{"@type":"ListItem","position":2,"name":"Alerte sanitaire en France : deux d\u00e9c\u00e8s et plusieurs cas de list\u00e9riose li\u00e9s \u00e0 des fromages"}]},{"@type":"WebSite","@id":"https:\/\/www.webdo.tn\/fr\/#website","url":"https:\/\/www.webdo.tn\/fr\/","name":"webdo","description":"Tunisie - News en Tunisie et \u00e0 l&#039;international sur Webdo.tn","publisher":{"@id":"https:\/\/www.webdo.tn\/fr\/#organization"},"potentialAction":[{"@type":"SearchAction","target":{"@type":"EntryPoint","urlTemplate":"https:\/\/www.webdo.tn\/fr\/?s={search_term_string}"},"query-input":{"@type":"PropertyValueSpecification","valueRequired":true,"valueName":"search_term_string"}}],"inLanguage":"fr-FR"},{"@type":"Organization","@id":"https:\/\/www.webdo.tn\/fr\/#organization","name":"Webdo","alternateName":"Webdo.tn","url":"https:\/\/www.webdo.tn\/fr\/","logo":{"@type":"ImageObject","inLanguage":"fr-FR","@id":"https:\/\/www.webdo.tn\/fr\/#\/schema\/logo\/image\/","url":"https:\/\/www.webdo.tn\/fr\/wp-content\/uploads\/2025\/06\/Webdo-Tunisie_168377.jpg","contentUrl":"https:\/\/www.webdo.tn\/fr\/wp-content\/uploads\/2025\/06\/Webdo-Tunisie_168377.jpg","width":301,"height":301,"caption":"Webdo"},"image":{"@id":"https:\/\/www.webdo.tn\/fr\/#\/schema\/logo\/image\/"},"sameAs":["https:\/\/www.facebook.com\/webdotn","https:\/\/x.com\/webdo_tn"],"description":"Webdo est un m\u00e9dia num\u00e9rique tunisien fond\u00e9 en 2010, sp\u00e9cialis\u00e9 dans l\u2019actualit\u00e9 nationale et internationale, l\u2019\u00e9conomie, la soci\u00e9t\u00e9 et les analyses politiques. Le site s\u2019adresse \u00e0 un large public francophone et couvre l\u2019information tunisienne en temps r\u00e9el.","email":"redac@webdo.tn","legalName":"YNJ SARL","foundingDate":"2010-09-06","numberOfEmployees":{"@type":"QuantitativeValue","minValue":"11","maxValue":"50"}},{"@type":"Person","@id":"https:\/\/www.webdo.tn\/fr\/#\/schema\/person\/16a4857e77dfc0b610c4c2cadffc9ac4","name":"Mohamed Fethi","image":{"@type":"ImageObject","inLanguage":"fr-FR","@id":"https:\/\/www.webdo.tn\/fr\/wp-content\/uploads\/2026\/04\/mohamed-fethi_avatar_1-96x96.jpg","url":"https:\/\/www.webdo.tn\/fr\/wp-content\/uploads\/2026\/04\/mohamed-fethi_avatar_1-96x96.jpg","contentUrl":"https:\/\/www.webdo.tn\/fr\/wp-content\/uploads\/2026\/04\/mohamed-fethi_avatar_1-96x96.jpg","caption":"Mohamed Fethi"},"description":"Signature \u00e9ditoriale de Maher Chaabane Mohamed Fethi est le pseudonyme \u00e9ditorial de Maher Chaabane, r\u00e9dacteur en chef de Webdo.tn depuis 2012. Cette signature est d\u00e9di\u00e9e au traitement intensif de l'actualit\u00e9 nationale et internationale en temps r\u00e9el. S'appuyant sur les deux d\u00e9cennies d'expertise journalistique de Maher Chaabane \u2014 d\u00e9but\u00e9e au sein du groupe Tunis Hebdo en 2000 \u2014 Mohamed Fethi assure une veille rigoureuse sur les enjeux politiques, \u00e9conomiques et sportifs. Sa mission est de garantir une information structur\u00e9e, fluide et fid\u00e8le aux standards de la r\u00e9daction. Pour consulter le parcours complet du r\u00e9dacteur en chef, visitez le profil officiel de Maher Chaabane.","knowsAbout":["actualit\u00e9","journalisme","information","politique","sport","m\u00e9dias","actualit\u00e9 internationale"],"knowsLanguage":["Fran\u00e7ais","Arabe"],"jobTitle":"Journaliste \u2013 R\u00e9daction Webdo","worksFor":"Webdo.tn","url":"https:\/\/www.webdo.tn\/fr\/actualite\/author\/mohamed-fethi\/"}]}},"_links":{"self":[{"href":"https:\/\/www.webdo.tn\/fr\/wp-json\/wp\/v2\/posts\/381414","targetHints":{"allow":["GET"]}}],"collection":[{"href":"https:\/\/www.webdo.tn\/fr\/wp-json\/wp\/v2\/posts"}],"about":[{"href":"https:\/\/www.webdo.tn\/fr\/wp-json\/wp\/v2\/types\/post"}],"author":[{"embeddable":true,"href":"https:\/\/www.webdo.tn\/fr\/wp-json\/wp\/v2\/users\/4782"}],"replies":[{"embeddable":true,"href":"https:\/\/www.webdo.tn\/fr\/wp-json\/wp\/v2\/comments?post=381414"}],"version-history":[{"count":0,"href":"https:\/\/www.webdo.tn\/fr\/wp-json\/wp\/v2\/posts\/381414\/revisions"}],"wp:featuredmedia":[{"embeddable":true,"href":"https:\/\/www.webdo.tn\/fr\/wp-json\/wp\/v2\/media\/381416"}],"wp:attachment":[{"href":"https:\/\/www.webdo.tn\/fr\/wp-json\/wp\/v2\/media?parent=381414"}],"wp:term":[{"taxonomy":"category","embeddable":true,"href":"https:\/\/www.webdo.tn\/fr\/wp-json\/wp\/v2\/categories?post=381414"},{"taxonomy":"post_tag","embeddable":true,"href":"https:\/\/www.webdo.tn\/fr\/wp-json\/wp\/v2\/tags?post=381414"}],"curies":[{"name":"wp","href":"https:\/\/api.w.org\/{rel}","templated":true}]}}