{"id":381405,"date":"2025-08-13T09:50:40","date_gmt":"2025-08-13T08:50:40","guid":{"rendered":"https:\/\/www.webdo.tn\/fr\/?p=381405"},"modified":"2025-08-18T09:03:23","modified_gmt":"2025-08-18T08:03:23","slug":"tunisie-entree-gratuite-dans-les-musees-et-sites-archeologiques-ce-13-aout","status":"publish","type":"post","link":"https:\/\/www.webdo.tn\/fr\/actualite\/national\/tunisie-entree-gratuite-dans-les-musees-et-sites-archeologiques-ce-13-aout\/381405\/","title":{"rendered":"Tunisie : Entr\u00e9e gratuite dans les mus\u00e9es et sites arch\u00e9ologiques ce 13 ao\u00fbt"},"content":{"rendered":"\n<p><strong>Ce mercredi 13 ao\u00fbt 2025, les citoyens tunisiens ainsi que les r\u00e9sidents \u00e9trangers disposant d\u2019un titre de s\u00e9jour l\u00e9gal pourront visiter gratuitement tous les mus\u00e9es, sites arch\u00e9ologiques et monuments historiques g\u00e9r\u00e9s par l\u2019Agence de mise en valeur du patrimoine et de promotion culturelle.<\/strong><\/p>\n\n\n\n<p>Cette initiative vise \u00e0 encourager le public \u00e0 d\u00e9couvrir la richesse du patrimoine national. L\u2019Agence rappelle \u00e9galement que plusieurs journ\u00e9es dans l\u2019ann\u00e9e permettent une entr\u00e9e gratuite :<\/p>\n\n\n\n<ul class=\"wp-block-list\">\n<li>le premier dimanche de chaque mois,<\/li>\n\n\n\n<li>le 18 avril, Journ\u00e9e internationale des monuments et des sites,<\/li>\n\n\n\n<li>le 18 mai, Journ\u00e9e internationale des mus\u00e9es,<\/li>\n\n\n\n<li>les jours f\u00e9ri\u00e9s officiels.<\/li>\n<\/ul>\n\n\n\n<p>Toutes les informations utiles figurent \u00e9galement sur le site officiel de l\u2019Agence : <a class=\"\" href=\"https:\/\/tunisiepatrimoine.tn\/accueil\/\">tunisiepatrimoine.tn<\/a>.<\/p>\n\n\n\n<p><\/p>\n","protected":false},"excerpt":{"rendered":"<p>Ce mercredi 13 ao\u00fbt 2025, les citoyens tunisiens ainsi que les r\u00e9sidents \u00e9trangers disposant d\u2019un titre de s\u00e9jour l\u00e9gal pourront visiter gratuitement tous les mus\u00e9es, sites arch\u00e9ologiques et monuments historiques g\u00e9r\u00e9s par l\u2019Agence de mise en valeur du patrimoine et de promotion culturelle. Cette initiative vise \u00e0 encourager le public \u00e0 d\u00e9couvrir la richesse du [&hellip;]<\/p>\n","protected":false},"author":4782,"featured_media":371863,"comment_status":"open","ping_status":"open","sticky":false,"template":"","format":"standard","meta":{"footnotes":""},"categories":[44],"tags":[11092,3328,2608],"class_list":["post-381405","post","type-post","status-publish","format-standard","has-post-thumbnail","hentry","category-national","tag-entree-gratuite","tag-musee","tag-tunisie"],"yoast_head":"<!-- This site is optimized with the Yoast SEO Premium plugin v27.5 (Yoast SEO v27.5) - https:\/\/yoast.com\/product\/yoast-seo-premium-wordpress\/ -->\n<title>Tunisie : Entr\u00e9e gratuite dans les mus\u00e9es et sites arch\u00e9ologiques ce 13 ao\u00fbt - webdo<\/title>\n<meta name=\"description\" content=\"Profitez de la mus\u00e9e entr\u00e9e gratuite le 13 ao\u00fbt 2025 et explorez le patrimoine culturel de la Tunisie avec des visites enrichissantes.\" \/>\n<link rel=\"canonical\" href=\"https:\/\/www.webdo.tn\/fr\/actualite\/national\/tunisie-entree-gratuite-dans-les-musees-et-sites-archeologiques-ce-13-aout\/381405\/\" \/>\n<meta property=\"og:locale\" content=\"fr_FR\" \/>\n<meta property=\"og:type\" content=\"article\" \/>\n<meta property=\"og:title\" content=\"Tunisie : Entr\u00e9e gratuite dans les mus\u00e9es et sites arch\u00e9ologiques ce 13 ao\u00fbt\" \/>\n<meta property=\"og:description\" content=\"Profitez de la mus\u00e9e entr\u00e9e gratuite le 13 ao\u00fbt 2025 et explorez le patrimoine culturel de la Tunisie avec des visites enrichissantes.\" \/>\n<meta property=\"og:url\" content=\"https:\/\/www.webdo.tn\/fr\/actualite\/national\/tunisie-entree-gratuite-dans-les-musees-et-sites-archeologiques-ce-13-aout\/381405\/\" \/>\n<meta property=\"og:site_name\" content=\"webdo\" \/>\n<meta property=\"article:publisher\" content=\"https:\/\/www.facebook.com\/webdotn\" \/>\n<meta property=\"article:published_time\" content=\"2025-08-13T08:50:40+00:00\" \/>\n<meta property=\"article:modified_time\" content=\"2025-08-18T08:03:23+00:00\" \/>\n<meta property=\"og:image\" content=\"https:\/\/www.webdo.tn\/fr\/wp-content\/uploads\/2025\/06\/humanite-musee_155386.jpg\" \/>\n\t<meta property=\"og:image:width\" content=\"614\" \/>\n\t<meta property=\"og:image:height\" content=\"393\" \/>\n\t<meta property=\"og:image:type\" content=\"image\/jpeg\" \/>\n<meta name=\"author\" content=\"Mohamed Fethi\" \/>\n<meta name=\"twitter:card\" content=\"summary_large_image\" \/>\n<meta name=\"twitter:creator\" content=\"@webdo_tn\" \/>\n<meta name=\"twitter:site\" content=\"@webdo_tn\" \/>\n<meta name=\"twitter:label1\" content=\"\u00c9crit par\" \/>\n\t<meta name=\"twitter:data1\" content=\"Mohamed Fethi\" \/>\n\t<meta name=\"twitter:label2\" content=\"Dur\u00e9e de lecture estim\u00e9e\" \/>\n\t<meta name=\"twitter:data2\" content=\"1 minute\" \/>\n<script type=\"application\/ld+json\" class=\"yoast-schema-graph\">{\"@context\":\"https:\\\/\\\/schema.org\",\"@graph\":[{\"@type\":\"NewsArticle\",\"@id\":\"https:\\\/\\\/www.webdo.tn\\\/fr\\\/actualite\\\/national\\\/tunisie-entree-gratuite-dans-les-musees-et-sites-archeologiques-ce-13-aout\\\/381405\\\/#article\",\"isPartOf\":{\"@id\":\"https:\\\/\\\/www.webdo.tn\\\/fr\\\/actualite\\\/national\\\/tunisie-entree-gratuite-dans-les-musees-et-sites-archeologiques-ce-13-aout\\\/381405\\\/\"},\"author\":{\"name\":\"Mohamed Fethi\",\"@id\":\"https:\\\/\\\/www.webdo.tn\\\/fr\\\/#\\\/schema\\\/person\\\/16a4857e77dfc0b610c4c2cadffc9ac4\"},\"headline\":\"Tunisie : Entr\u00e9e gratuite dans les mus\u00e9es et sites arch\u00e9ologiques ce 13 ao\u00fbt\",\"datePublished\":\"2025-08-13T08:50:40+00:00\",\"dateModified\":\"2025-08-18T08:03:23+00:00\",\"mainEntityOfPage\":{\"@id\":\"https:\\\/\\\/www.webdo.tn\\\/fr\\\/actualite\\\/national\\\/tunisie-entree-gratuite-dans-les-musees-et-sites-archeologiques-ce-13-aout\\\/381405\\\/\"},\"wordCount\":141,\"commentCount\":0,\"publisher\":{\"@id\":\"https:\\\/\\\/www.webdo.tn\\\/fr\\\/#organization\"},\"image\":{\"@id\":\"https:\\\/\\\/www.webdo.tn\\\/fr\\\/actualite\\\/national\\\/tunisie-entree-gratuite-dans-les-musees-et-sites-archeologiques-ce-13-aout\\\/381405\\\/#primaryimage\"},\"thumbnailUrl\":\"https:\\\/\\\/www.webdo.tn\\\/fr\\\/wp-content\\\/uploads\\\/2025\\\/06\\\/humanite-musee_155386.jpg\",\"keywords\":[\"'Entr\u00e9e gratuite'\",\"mus\u00e9e\",\"Tunisie\"],\"articleSection\":[\"National\"],\"inLanguage\":\"fr-FR\"},{\"@type\":\"WebPage\",\"@id\":\"https:\\\/\\\/www.webdo.tn\\\/fr\\\/actualite\\\/national\\\/tunisie-entree-gratuite-dans-les-musees-et-sites-archeologiques-ce-13-aout\\\/381405\\\/\",\"url\":\"https:\\\/\\\/www.webdo.tn\\\/fr\\\/actualite\\\/national\\\/tunisie-entree-gratuite-dans-les-musees-et-sites-archeologiques-ce-13-aout\\\/381405\\\/\",\"name\":\"Tunisie : Entr\u00e9e gratuite dans les mus\u00e9es et sites arch\u00e9ologiques ce 13 ao\u00fbt - webdo\",\"isPartOf\":{\"@id\":\"https:\\\/\\\/www.webdo.tn\\\/fr\\\/#website\"},\"primaryImageOfPage\":{\"@id\":\"https:\\\/\\\/www.webdo.tn\\\/fr\\\/actualite\\\/national\\\/tunisie-entree-gratuite-dans-les-musees-et-sites-archeologiques-ce-13-aout\\\/381405\\\/#primaryimage\"},\"image\":{\"@id\":\"https:\\\/\\\/www.webdo.tn\\\/fr\\\/actualite\\\/national\\\/tunisie-entree-gratuite-dans-les-musees-et-sites-archeologiques-ce-13-aout\\\/381405\\\/#primaryimage\"},\"thumbnailUrl\":\"https:\\\/\\\/www.webdo.tn\\\/fr\\\/wp-content\\\/uploads\\\/2025\\\/06\\\/humanite-musee_155386.jpg\",\"datePublished\":\"2025-08-13T08:50:40+00:00\",\"dateModified\":\"2025-08-18T08:03:23+00:00\",\"description\":\"Profitez de la mus\u00e9e entr\u00e9e gratuite le 13 ao\u00fbt 2025 et explorez le patrimoine culturel de la Tunisie avec des visites enrichissantes.\",\"breadcrumb\":{\"@id\":\"https:\\\/\\\/www.webdo.tn\\\/fr\\\/actualite\\\/national\\\/tunisie-entree-gratuite-dans-les-musees-et-sites-archeologiques-ce-13-aout\\\/381405\\\/#breadcrumb\"},\"inLanguage\":\"fr-FR\",\"potentialAction\":[{\"@type\":\"ReadAction\",\"target\":[\"https:\\\/\\\/www.webdo.tn\\\/fr\\\/actualite\\\/national\\\/tunisie-entree-gratuite-dans-les-musees-et-sites-archeologiques-ce-13-aout\\\/381405\\\/\"]}]},{\"@type\":\"ImageObject\",\"inLanguage\":\"fr-FR\",\"@id\":\"https:\\\/\\\/www.webdo.tn\\\/fr\\\/actualite\\\/national\\\/tunisie-entree-gratuite-dans-les-musees-et-sites-archeologiques-ce-13-aout\\\/381405\\\/#primaryimage\",\"url\":\"https:\\\/\\\/www.webdo.tn\\\/fr\\\/wp-content\\\/uploads\\\/2025\\\/06\\\/humanite-musee_155386.jpg\",\"contentUrl\":\"https:\\\/\\\/www.webdo.tn\\\/fr\\\/wp-content\\\/uploads\\\/2025\\\/06\\\/humanite-musee_155386.jpg\",\"width\":614,\"height\":393,\"caption\":\"Tunisie : Demain, l\u2019acc\u00e8s aux mus\u00e9es et aux sites historiques sera libre\"},{\"@type\":\"BreadcrumbList\",\"@id\":\"https:\\\/\\\/www.webdo.tn\\\/fr\\\/actualite\\\/national\\\/tunisie-entree-gratuite-dans-les-musees-et-sites-archeologiques-ce-13-aout\\\/381405\\\/#breadcrumb\",\"itemListElement\":[{\"@type\":\"ListItem\",\"position\":1,\"name\":\"Accueil\",\"item\":\"https:\\\/\\\/www.webdo.tn\\\/fr\\\/\"},{\"@type\":\"ListItem\",\"position\":2,\"name\":\"Tunisie : Entr\u00e9e gratuite dans les mus\u00e9es et sites arch\u00e9ologiques ce 13 ao\u00fbt\"}]},{\"@type\":\"WebSite\",\"@id\":\"https:\\\/\\\/www.webdo.tn\\\/fr\\\/#website\",\"url\":\"https:\\\/\\\/www.webdo.tn\\\/fr\\\/\",\"name\":\"webdo\",\"description\":\"Tunisie - News en Tunisie et \u00e0 l&#039;international sur Webdo.tn\",\"publisher\":{\"@id\":\"https:\\\/\\\/www.webdo.tn\\\/fr\\\/#organization\"},\"potentialAction\":[{\"@type\":\"SearchAction\",\"target\":{\"@type\":\"EntryPoint\",\"urlTemplate\":\"https:\\\/\\\/www.webdo.tn\\\/fr\\\/?s={search_term_string}\"},\"query-input\":{\"@type\":\"PropertyValueSpecification\",\"valueRequired\":true,\"valueName\":\"search_term_string\"}}],\"inLanguage\":\"fr-FR\"},{\"@type\":\"Organization\",\"@id\":\"https:\\\/\\\/www.webdo.tn\\\/fr\\\/#organization\",\"name\":\"Webdo\",\"alternateName\":\"Webdo.tn\",\"url\":\"https:\\\/\\\/www.webdo.tn\\\/fr\\\/\",\"logo\":{\"@type\":\"ImageObject\",\"inLanguage\":\"fr-FR\",\"@id\":\"https:\\\/\\\/www.webdo.tn\\\/fr\\\/#\\\/schema\\\/logo\\\/image\\\/\",\"url\":\"https:\\\/\\\/www.webdo.tn\\\/fr\\\/wp-content\\\/uploads\\\/2025\\\/06\\\/Webdo-Tunisie_168377.jpg\",\"contentUrl\":\"https:\\\/\\\/www.webdo.tn\\\/fr\\\/wp-content\\\/uploads\\\/2025\\\/06\\\/Webdo-Tunisie_168377.jpg\",\"width\":301,\"height\":301,\"caption\":\"Webdo\"},\"image\":{\"@id\":\"https:\\\/\\\/www.webdo.tn\\\/fr\\\/#\\\/schema\\\/logo\\\/image\\\/\"},\"sameAs\":[\"https:\\\/\\\/www.facebook.com\\\/webdotn\",\"https:\\\/\\\/x.com\\\/webdo_tn\"],\"description\":\"Webdo est un m\u00e9dia num\u00e9rique tunisien fond\u00e9 en 2010, sp\u00e9cialis\u00e9 dans l\u2019actualit\u00e9 nationale et internationale, l\u2019\u00e9conomie, la soci\u00e9t\u00e9 et les analyses politiques. Le site s\u2019adresse \u00e0 un large public francophone et couvre l\u2019information tunisienne en temps r\u00e9el.\",\"email\":\"redac@webdo.tn\",\"legalName\":\"YNJ SARL\",\"foundingDate\":\"2010-09-06\",\"numberOfEmployees\":{\"@type\":\"QuantitativeValue\",\"minValue\":\"11\",\"maxValue\":\"50\"}},{\"@type\":\"Person\",\"@id\":\"https:\\\/\\\/www.webdo.tn\\\/fr\\\/#\\\/schema\\\/person\\\/16a4857e77dfc0b610c4c2cadffc9ac4\",\"name\":\"Mohamed Fethi\",\"image\":{\"@type\":\"ImageObject\",\"inLanguage\":\"fr-FR\",\"@id\":\"https:\\\/\\\/www.webdo.tn\\\/fr\\\/wp-content\\\/uploads\\\/2026\\\/04\\\/mohamed-fethi_avatar_1-96x96.jpg\",\"url\":\"https:\\\/\\\/www.webdo.tn\\\/fr\\\/wp-content\\\/uploads\\\/2026\\\/04\\\/mohamed-fethi_avatar_1-96x96.jpg\",\"contentUrl\":\"https:\\\/\\\/www.webdo.tn\\\/fr\\\/wp-content\\\/uploads\\\/2026\\\/04\\\/mohamed-fethi_avatar_1-96x96.jpg\",\"caption\":\"Mohamed Fethi\"},\"description\":\"Signature \u00e9ditoriale de Maher Chaabane Mohamed Fethi est le pseudonyme \u00e9ditorial de Maher Chaabane, r\u00e9dacteur en chef de Webdo.tn depuis 2012. Cette signature est d\u00e9di\u00e9e au traitement intensif de l'actualit\u00e9 nationale et internationale en temps r\u00e9el. S'appuyant sur les deux d\u00e9cennies d'expertise journalistique de Maher Chaabane \u2014 d\u00e9but\u00e9e au sein du groupe Tunis Hebdo en 2000 \u2014 Mohamed Fethi assure une veille rigoureuse sur les enjeux politiques, \u00e9conomiques et sportifs. Sa mission est de garantir une information structur\u00e9e, fluide et fid\u00e8le aux standards de la r\u00e9daction. Pour consulter le parcours complet du r\u00e9dacteur en chef, visitez le profil officiel de Maher Chaabane.\",\"knowsAbout\":[\"actualit\u00e9\",\"journalisme\",\"information\",\"politique\",\"sport\",\"m\u00e9dias\",\"actualit\u00e9 internationale\"],\"knowsLanguage\":[\"Fran\u00e7ais\",\"Arabe\"],\"jobTitle\":\"Journaliste \u2013 R\u00e9daction Webdo\",\"worksFor\":\"Webdo.tn\",\"url\":\"https:\\\/\\\/www.webdo.tn\\\/fr\\\/actualite\\\/author\\\/mohamed-fethi\\\/\"}]}<\/script>\n<!-- \/ Yoast SEO Premium plugin. -->","yoast_head_json":{"title":"Tunisie : Entr\u00e9e gratuite dans les mus\u00e9es et sites arch\u00e9ologiques ce 13 ao\u00fbt - webdo","description":"Profitez de la mus\u00e9e entr\u00e9e gratuite le 13 ao\u00fbt 2025 et explorez le patrimoine culturel de la Tunisie avec des visites enrichissantes.","canonical":"https:\/\/www.webdo.tn\/fr\/actualite\/national\/tunisie-entree-gratuite-dans-les-musees-et-sites-archeologiques-ce-13-aout\/381405\/","og_locale":"fr_FR","og_type":"article","og_title":"Tunisie : Entr\u00e9e gratuite dans les mus\u00e9es et sites arch\u00e9ologiques ce 13 ao\u00fbt","og_description":"Profitez de la mus\u00e9e entr\u00e9e gratuite le 13 ao\u00fbt 2025 et explorez le patrimoine culturel de la Tunisie avec des visites enrichissantes.","og_url":"https:\/\/www.webdo.tn\/fr\/actualite\/national\/tunisie-entree-gratuite-dans-les-musees-et-sites-archeologiques-ce-13-aout\/381405\/","og_site_name":"webdo","article_publisher":"https:\/\/www.facebook.com\/webdotn","article_published_time":"2025-08-13T08:50:40+00:00","article_modified_time":"2025-08-18T08:03:23+00:00","og_image":[{"width":614,"height":393,"url":"https:\/\/www.webdo.tn\/fr\/wp-content\/uploads\/2025\/06\/humanite-musee_155386.jpg","type":"image\/jpeg"}],"author":"Mohamed Fethi","twitter_card":"summary_large_image","twitter_creator":"@webdo_tn","twitter_site":"@webdo_tn","twitter_misc":{"\u00c9crit par":"Mohamed Fethi","Dur\u00e9e de lecture estim\u00e9e":"1 minute"},"schema":{"@context":"https:\/\/schema.org","@graph":[{"@type":"NewsArticle","@id":"https:\/\/www.webdo.tn\/fr\/actualite\/national\/tunisie-entree-gratuite-dans-les-musees-et-sites-archeologiques-ce-13-aout\/381405\/#article","isPartOf":{"@id":"https:\/\/www.webdo.tn\/fr\/actualite\/national\/tunisie-entree-gratuite-dans-les-musees-et-sites-archeologiques-ce-13-aout\/381405\/"},"author":{"name":"Mohamed Fethi","@id":"https:\/\/www.webdo.tn\/fr\/#\/schema\/person\/16a4857e77dfc0b610c4c2cadffc9ac4"},"headline":"Tunisie : Entr\u00e9e gratuite dans les mus\u00e9es et sites arch\u00e9ologiques ce 13 ao\u00fbt","datePublished":"2025-08-13T08:50:40+00:00","dateModified":"2025-08-18T08:03:23+00:00","mainEntityOfPage":{"@id":"https:\/\/www.webdo.tn\/fr\/actualite\/national\/tunisie-entree-gratuite-dans-les-musees-et-sites-archeologiques-ce-13-aout\/381405\/"},"wordCount":141,"commentCount":0,"publisher":{"@id":"https:\/\/www.webdo.tn\/fr\/#organization"},"image":{"@id":"https:\/\/www.webdo.tn\/fr\/actualite\/national\/tunisie-entree-gratuite-dans-les-musees-et-sites-archeologiques-ce-13-aout\/381405\/#primaryimage"},"thumbnailUrl":"https:\/\/www.webdo.tn\/fr\/wp-content\/uploads\/2025\/06\/humanite-musee_155386.jpg","keywords":["'Entr\u00e9e gratuite'","mus\u00e9e","Tunisie"],"articleSection":["National"],"inLanguage":"fr-FR"},{"@type":"WebPage","@id":"https:\/\/www.webdo.tn\/fr\/actualite\/national\/tunisie-entree-gratuite-dans-les-musees-et-sites-archeologiques-ce-13-aout\/381405\/","url":"https:\/\/www.webdo.tn\/fr\/actualite\/national\/tunisie-entree-gratuite-dans-les-musees-et-sites-archeologiques-ce-13-aout\/381405\/","name":"Tunisie : Entr\u00e9e gratuite dans les mus\u00e9es et sites arch\u00e9ologiques ce 13 ao\u00fbt - webdo","isPartOf":{"@id":"https:\/\/www.webdo.tn\/fr\/#website"},"primaryImageOfPage":{"@id":"https:\/\/www.webdo.tn\/fr\/actualite\/national\/tunisie-entree-gratuite-dans-les-musees-et-sites-archeologiques-ce-13-aout\/381405\/#primaryimage"},"image":{"@id":"https:\/\/www.webdo.tn\/fr\/actualite\/national\/tunisie-entree-gratuite-dans-les-musees-et-sites-archeologiques-ce-13-aout\/381405\/#primaryimage"},"thumbnailUrl":"https:\/\/www.webdo.tn\/fr\/wp-content\/uploads\/2025\/06\/humanite-musee_155386.jpg","datePublished":"2025-08-13T08:50:40+00:00","dateModified":"2025-08-18T08:03:23+00:00","description":"Profitez de la mus\u00e9e entr\u00e9e gratuite le 13 ao\u00fbt 2025 et explorez le patrimoine culturel de la Tunisie avec des visites enrichissantes.","breadcrumb":{"@id":"https:\/\/www.webdo.tn\/fr\/actualite\/national\/tunisie-entree-gratuite-dans-les-musees-et-sites-archeologiques-ce-13-aout\/381405\/#breadcrumb"},"inLanguage":"fr-FR","potentialAction":[{"@type":"ReadAction","target":["https:\/\/www.webdo.tn\/fr\/actualite\/national\/tunisie-entree-gratuite-dans-les-musees-et-sites-archeologiques-ce-13-aout\/381405\/"]}]},{"@type":"ImageObject","inLanguage":"fr-FR","@id":"https:\/\/www.webdo.tn\/fr\/actualite\/national\/tunisie-entree-gratuite-dans-les-musees-et-sites-archeologiques-ce-13-aout\/381405\/#primaryimage","url":"https:\/\/www.webdo.tn\/fr\/wp-content\/uploads\/2025\/06\/humanite-musee_155386.jpg","contentUrl":"https:\/\/www.webdo.tn\/fr\/wp-content\/uploads\/2025\/06\/humanite-musee_155386.jpg","width":614,"height":393,"caption":"Tunisie : Demain, l\u2019acc\u00e8s aux mus\u00e9es et aux sites historiques sera libre"},{"@type":"BreadcrumbList","@id":"https:\/\/www.webdo.tn\/fr\/actualite\/national\/tunisie-entree-gratuite-dans-les-musees-et-sites-archeologiques-ce-13-aout\/381405\/#breadcrumb","itemListElement":[{"@type":"ListItem","position":1,"name":"Accueil","item":"https:\/\/www.webdo.tn\/fr\/"},{"@type":"ListItem","position":2,"name":"Tunisie : Entr\u00e9e gratuite dans les mus\u00e9es et sites arch\u00e9ologiques ce 13 ao\u00fbt"}]},{"@type":"WebSite","@id":"https:\/\/www.webdo.tn\/fr\/#website","url":"https:\/\/www.webdo.tn\/fr\/","name":"webdo","description":"Tunisie - News en Tunisie et \u00e0 l&#039;international sur Webdo.tn","publisher":{"@id":"https:\/\/www.webdo.tn\/fr\/#organization"},"potentialAction":[{"@type":"SearchAction","target":{"@type":"EntryPoint","urlTemplate":"https:\/\/www.webdo.tn\/fr\/?s={search_term_string}"},"query-input":{"@type":"PropertyValueSpecification","valueRequired":true,"valueName":"search_term_string"}}],"inLanguage":"fr-FR"},{"@type":"Organization","@id":"https:\/\/www.webdo.tn\/fr\/#organization","name":"Webdo","alternateName":"Webdo.tn","url":"https:\/\/www.webdo.tn\/fr\/","logo":{"@type":"ImageObject","inLanguage":"fr-FR","@id":"https:\/\/www.webdo.tn\/fr\/#\/schema\/logo\/image\/","url":"https:\/\/www.webdo.tn\/fr\/wp-content\/uploads\/2025\/06\/Webdo-Tunisie_168377.jpg","contentUrl":"https:\/\/www.webdo.tn\/fr\/wp-content\/uploads\/2025\/06\/Webdo-Tunisie_168377.jpg","width":301,"height":301,"caption":"Webdo"},"image":{"@id":"https:\/\/www.webdo.tn\/fr\/#\/schema\/logo\/image\/"},"sameAs":["https:\/\/www.facebook.com\/webdotn","https:\/\/x.com\/webdo_tn"],"description":"Webdo est un m\u00e9dia num\u00e9rique tunisien fond\u00e9 en 2010, sp\u00e9cialis\u00e9 dans l\u2019actualit\u00e9 nationale et internationale, l\u2019\u00e9conomie, la soci\u00e9t\u00e9 et les analyses politiques. Le site s\u2019adresse \u00e0 un large public francophone et couvre l\u2019information tunisienne en temps r\u00e9el.","email":"redac@webdo.tn","legalName":"YNJ SARL","foundingDate":"2010-09-06","numberOfEmployees":{"@type":"QuantitativeValue","minValue":"11","maxValue":"50"}},{"@type":"Person","@id":"https:\/\/www.webdo.tn\/fr\/#\/schema\/person\/16a4857e77dfc0b610c4c2cadffc9ac4","name":"Mohamed Fethi","image":{"@type":"ImageObject","inLanguage":"fr-FR","@id":"https:\/\/www.webdo.tn\/fr\/wp-content\/uploads\/2026\/04\/mohamed-fethi_avatar_1-96x96.jpg","url":"https:\/\/www.webdo.tn\/fr\/wp-content\/uploads\/2026\/04\/mohamed-fethi_avatar_1-96x96.jpg","contentUrl":"https:\/\/www.webdo.tn\/fr\/wp-content\/uploads\/2026\/04\/mohamed-fethi_avatar_1-96x96.jpg","caption":"Mohamed Fethi"},"description":"Signature \u00e9ditoriale de Maher Chaabane Mohamed Fethi est le pseudonyme \u00e9ditorial de Maher Chaabane, r\u00e9dacteur en chef de Webdo.tn depuis 2012. Cette signature est d\u00e9di\u00e9e au traitement intensif de l'actualit\u00e9 nationale et internationale en temps r\u00e9el. S'appuyant sur les deux d\u00e9cennies d'expertise journalistique de Maher Chaabane \u2014 d\u00e9but\u00e9e au sein du groupe Tunis Hebdo en 2000 \u2014 Mohamed Fethi assure une veille rigoureuse sur les enjeux politiques, \u00e9conomiques et sportifs. Sa mission est de garantir une information structur\u00e9e, fluide et fid\u00e8le aux standards de la r\u00e9daction. Pour consulter le parcours complet du r\u00e9dacteur en chef, visitez le profil officiel de Maher Chaabane.","knowsAbout":["actualit\u00e9","journalisme","information","politique","sport","m\u00e9dias","actualit\u00e9 internationale"],"knowsLanguage":["Fran\u00e7ais","Arabe"],"jobTitle":"Journaliste \u2013 R\u00e9daction Webdo","worksFor":"Webdo.tn","url":"https:\/\/www.webdo.tn\/fr\/actualite\/author\/mohamed-fethi\/"}]}},"_links":{"self":[{"href":"https:\/\/www.webdo.tn\/fr\/wp-json\/wp\/v2\/posts\/381405","targetHints":{"allow":["GET"]}}],"collection":[{"href":"https:\/\/www.webdo.tn\/fr\/wp-json\/wp\/v2\/posts"}],"about":[{"href":"https:\/\/www.webdo.tn\/fr\/wp-json\/wp\/v2\/types\/post"}],"author":[{"embeddable":true,"href":"https:\/\/www.webdo.tn\/fr\/wp-json\/wp\/v2\/users\/4782"}],"replies":[{"embeddable":true,"href":"https:\/\/www.webdo.tn\/fr\/wp-json\/wp\/v2\/comments?post=381405"}],"version-history":[{"count":0,"href":"https:\/\/www.webdo.tn\/fr\/wp-json\/wp\/v2\/posts\/381405\/revisions"}],"wp:featuredmedia":[{"embeddable":true,"href":"https:\/\/www.webdo.tn\/fr\/wp-json\/wp\/v2\/media\/371863"}],"wp:attachment":[{"href":"https:\/\/www.webdo.tn\/fr\/wp-json\/wp\/v2\/media?parent=381405"}],"wp:term":[{"taxonomy":"category","embeddable":true,"href":"https:\/\/www.webdo.tn\/fr\/wp-json\/wp\/v2\/categories?post=381405"},{"taxonomy":"post_tag","embeddable":true,"href":"https:\/\/www.webdo.tn\/fr\/wp-json\/wp\/v2\/tags?post=381405"}],"curies":[{"name":"wp","href":"https:\/\/api.w.org\/{rel}","templated":true}]}}