{"id":381390,"date":"2025-08-12T19:44:23","date_gmt":"2025-08-12T18:44:23","guid":{"rendered":"https:\/\/www.webdo.tn\/fr\/?p=381390"},"modified":"2025-08-12T19:44:34","modified_gmt":"2025-08-12T18:44:34","slug":"tunisie-le-ministere-de-la-sante-lance-un-centre-medical-a-distance","status":"publish","type":"post","link":"https:\/\/www.webdo.tn\/fr\/actualite\/regions\/tunisie-le-ministere-de-la-sante-lance-un-centre-medical-a-distance\/381390\/","title":{"rendered":"Tunisie : Le minist\u00e8re de la Sant\u00e9 lance un centre m\u00e9dical \u00e0 distance"},"content":{"rendered":"\n<p><strong>Le minist\u00e8re de la Sant\u00e9 a mis en place un centre m\u00e9dical \u00e0 distance pour faciliter l\u2019acc\u00e8s aux soins dans les zones rurales. Hier, il a r\u00e9ussi \u00e0 transmettre des images m\u00e9dicales de trois patients depuis l\u2019h\u00f4pital r\u00e9gional de Tabarka. Aujourd\u2019hui, plus de dix examens ont \u00e9t\u00e9 r\u00e9alis\u00e9s \u00e0 distance pour des patients de l\u2019h\u00f4pital local de Chebika, dans la r\u00e9gion de Kairouan.<\/strong> <\/p>\n\n\n\n<p>Ce centre aide les patients \u00e0 \u00e9viter les longs d\u00e9placements. Il r\u00e9duit aussi le temps d\u2019attente et permet un diagnostic plus rapide.<\/p>\n\n\n\n<p>Pour cela, le minist\u00e8re utilise des technologies modernes et l\u2019intelligence artificielle. Ces outils connectent les \u00e9tablissements de sant\u00e9 et rapprochent les soins des citoyens, o\u00f9 qu\u2019ils habitent.<\/p>\n\n\n\n<p>Ce projet fait partie d\u2019un plan plus large pour moderniser le syst\u00e8me de sant\u00e9. Il veut offrir de meilleurs services tout en utilisant mieux les ressources disponibles.<\/p>\n\n\n\n<figure class=\"wp-block-gallery has-nested-images columns-default is-cropped wp-block-gallery-1 is-layout-flex wp-block-gallery-is-layout-flex\">\n<figure class=\"wp-block-image size-large\"><img decoding=\"async\" width=\"1024\" height=\"682\" data-id=\"381392\" src=\"https:\/\/www.webdo.tn\/fr\/wp-content\/uploads\/2025\/08\/531875102_1178150137688780_5780770018125082627_n-1024x682.jpg\" alt=\"\" class=\"wp-image-381392\" srcset=\"https:\/\/www.webdo.tn\/fr\/wp-content\/uploads\/2025\/08\/531875102_1178150137688780_5780770018125082627_n-1024x682.jpg 1024w, https:\/\/www.webdo.tn\/fr\/wp-content\/uploads\/2025\/08\/531875102_1178150137688780_5780770018125082627_n-300x200.jpg 300w, https:\/\/www.webdo.tn\/fr\/wp-content\/uploads\/2025\/08\/531875102_1178150137688780_5780770018125082627_n-768x512.jpg 768w, https:\/\/www.webdo.tn\/fr\/wp-content\/uploads\/2025\/08\/531875102_1178150137688780_5780770018125082627_n-1536x1023.jpg 1536w, https:\/\/www.webdo.tn\/fr\/wp-content\/uploads\/2025\/08\/531875102_1178150137688780_5780770018125082627_n-750x500.jpg 750w, https:\/\/www.webdo.tn\/fr\/wp-content\/uploads\/2025\/08\/531875102_1178150137688780_5780770018125082627_n-1140x760.jpg 1140w, https:\/\/www.webdo.tn\/fr\/wp-content\/uploads\/2025\/08\/531875102_1178150137688780_5780770018125082627_n.jpg 1600w\" sizes=\"(max-width: 1024px) 100vw, 1024px\" \/><\/figure>\n\n\n\n<figure class=\"wp-block-image size-large\"><img decoding=\"async\" width=\"1024\" height=\"682\" data-id=\"381393\" src=\"https:\/\/www.webdo.tn\/fr\/wp-content\/uploads\/2025\/08\/531163775_1178150177688776_5254283690469588831_n-1024x682.jpg\" alt=\"\" class=\"wp-image-381393\" srcset=\"https:\/\/www.webdo.tn\/fr\/wp-content\/uploads\/2025\/08\/531163775_1178150177688776_5254283690469588831_n-1024x682.jpg 1024w, https:\/\/www.webdo.tn\/fr\/wp-content\/uploads\/2025\/08\/531163775_1178150177688776_5254283690469588831_n-300x200.jpg 300w, https:\/\/www.webdo.tn\/fr\/wp-content\/uploads\/2025\/08\/531163775_1178150177688776_5254283690469588831_n-768x512.jpg 768w, https:\/\/www.webdo.tn\/fr\/wp-content\/uploads\/2025\/08\/531163775_1178150177688776_5254283690469588831_n-1536x1023.jpg 1536w, https:\/\/www.webdo.tn\/fr\/wp-content\/uploads\/2025\/08\/531163775_1178150177688776_5254283690469588831_n-750x500.jpg 750w, https:\/\/www.webdo.tn\/fr\/wp-content\/uploads\/2025\/08\/531163775_1178150177688776_5254283690469588831_n-1140x760.jpg 1140w, https:\/\/www.webdo.tn\/fr\/wp-content\/uploads\/2025\/08\/531163775_1178150177688776_5254283690469588831_n.jpg 1600w\" sizes=\"(max-width: 1024px) 100vw, 1024px\" \/><\/figure>\n\n\n\n<figure class=\"wp-block-image size-large\"><img decoding=\"async\" width=\"1024\" height=\"682\" data-id=\"381394\" src=\"https:\/\/www.webdo.tn\/fr\/wp-content\/uploads\/2025\/08\/504380849_1178150267688767_5019025434708381558_n-1024x682.jpg\" alt=\"\" class=\"wp-image-381394\" srcset=\"https:\/\/www.webdo.tn\/fr\/wp-content\/uploads\/2025\/08\/504380849_1178150267688767_5019025434708381558_n-1024x682.jpg 1024w, https:\/\/www.webdo.tn\/fr\/wp-content\/uploads\/2025\/08\/504380849_1178150267688767_5019025434708381558_n-300x200.jpg 300w, https:\/\/www.webdo.tn\/fr\/wp-content\/uploads\/2025\/08\/504380849_1178150267688767_5019025434708381558_n-768x512.jpg 768w, https:\/\/www.webdo.tn\/fr\/wp-content\/uploads\/2025\/08\/504380849_1178150267688767_5019025434708381558_n-1536x1023.jpg 1536w, https:\/\/www.webdo.tn\/fr\/wp-content\/uploads\/2025\/08\/504380849_1178150267688767_5019025434708381558_n-750x500.jpg 750w, https:\/\/www.webdo.tn\/fr\/wp-content\/uploads\/2025\/08\/504380849_1178150267688767_5019025434708381558_n-1140x760.jpg 1140w, https:\/\/www.webdo.tn\/fr\/wp-content\/uploads\/2025\/08\/504380849_1178150267688767_5019025434708381558_n.jpg 1600w\" sizes=\"(max-width: 1024px) 100vw, 1024px\" \/><\/figure>\n<\/figure>\n","protected":false},"excerpt":{"rendered":"<p>Le minist\u00e8re de la Sant\u00e9 a mis en place un centre m\u00e9dical \u00e0 distance pour faciliter l\u2019acc\u00e8s aux soins dans les zones rurales. Hier, il a r\u00e9ussi \u00e0 transmettre des images m\u00e9dicales de trois patients depuis l\u2019h\u00f4pital r\u00e9gional de Tabarka. Aujourd\u2019hui, plus de dix examens ont \u00e9t\u00e9 r\u00e9alis\u00e9s \u00e0 distance pour des patients de l\u2019h\u00f4pital [&hellip;]<\/p>\n","protected":false},"author":4782,"featured_media":381392,"comment_status":"open","ping_status":"open","sticky":false,"template":"","format":"standard","meta":{"footnotes":""},"categories":[2595],"tags":[2731,3677,2608],"class_list":["post-381390","post","type-post","status-publish","format-standard","has-post-thumbnail","hentry","category-regions","tag-sante","tag-sante-numerique","tag-tunisie"],"yoast_head":"<!-- This site is optimized with the Yoast SEO Premium plugin v27.5 (Yoast SEO v27.5) - https:\/\/yoast.com\/product\/yoast-seo-premium-wordpress\/ -->\n<title>Tunisie : Le minist\u00e8re de la Sant\u00e9 lance un centre m\u00e9dical \u00e0 distance - webdo<\/title>\n<meta name=\"description\" content=\"Le minist\u00e8re de la Sant\u00e9 met en place un centre m\u00e9dical \u00e0 distance pour offrir des services modernes et optimiser les ressources disponibles.\" \/>\n<link rel=\"canonical\" href=\"https:\/\/www.webdo.tn\/fr\/actualite\/regions\/tunisie-le-ministere-de-la-sante-lance-un-centre-medical-a-distance\/381390\/\" \/>\n<meta property=\"og:locale\" content=\"fr_FR\" \/>\n<meta property=\"og:type\" content=\"article\" \/>\n<meta property=\"og:title\" content=\"Tunisie : Le minist\u00e8re de la Sant\u00e9 lance un centre m\u00e9dical \u00e0 distance\" \/>\n<meta property=\"og:description\" content=\"Le minist\u00e8re de la Sant\u00e9 met en place un centre m\u00e9dical \u00e0 distance pour offrir des services modernes et optimiser les ressources disponibles.\" \/>\n<meta property=\"og:url\" content=\"https:\/\/www.webdo.tn\/fr\/actualite\/regions\/tunisie-le-ministere-de-la-sante-lance-un-centre-medical-a-distance\/381390\/\" \/>\n<meta property=\"og:site_name\" content=\"webdo\" \/>\n<meta property=\"article:publisher\" content=\"https:\/\/www.facebook.com\/webdotn\" \/>\n<meta property=\"article:published_time\" content=\"2025-08-12T18:44:23+00:00\" \/>\n<meta property=\"article:modified_time\" content=\"2025-08-12T18:44:34+00:00\" \/>\n<meta property=\"og:image\" content=\"https:\/\/www.webdo.tn\/fr\/wp-content\/uploads\/2025\/08\/531875102_1178150137688780_5780770018125082627_n.jpg\" \/>\n\t<meta property=\"og:image:width\" content=\"1600\" \/>\n\t<meta property=\"og:image:height\" content=\"1066\" \/>\n\t<meta property=\"og:image:type\" content=\"image\/jpeg\" \/>\n<meta name=\"author\" content=\"Mohamed Fethi\" \/>\n<meta name=\"twitter:card\" content=\"summary_large_image\" \/>\n<meta name=\"twitter:creator\" content=\"@webdo_tn\" \/>\n<meta name=\"twitter:site\" content=\"@webdo_tn\" \/>\n<meta name=\"twitter:label1\" content=\"\u00c9crit par\" \/>\n\t<meta name=\"twitter:data1\" content=\"Mohamed Fethi\" \/>\n\t<meta name=\"twitter:label2\" content=\"Dur\u00e9e de lecture estim\u00e9e\" \/>\n\t<meta name=\"twitter:data2\" content=\"2 minutes\" \/>\n<script type=\"application\/ld+json\" class=\"yoast-schema-graph\">{\"@context\":\"https:\\\/\\\/schema.org\",\"@graph\":[{\"@type\":\"NewsArticle\",\"@id\":\"https:\\\/\\\/www.webdo.tn\\\/fr\\\/actualite\\\/regions\\\/tunisie-le-ministere-de-la-sante-lance-un-centre-medical-a-distance\\\/381390\\\/#article\",\"isPartOf\":{\"@id\":\"https:\\\/\\\/www.webdo.tn\\\/fr\\\/actualite\\\/regions\\\/tunisie-le-ministere-de-la-sante-lance-un-centre-medical-a-distance\\\/381390\\\/\"},\"author\":{\"name\":\"Mohamed Fethi\",\"@id\":\"https:\\\/\\\/www.webdo.tn\\\/fr\\\/#\\\/schema\\\/person\\\/16a4857e77dfc0b610c4c2cadffc9ac4\"},\"headline\":\"Tunisie : Le minist\u00e8re de la Sant\u00e9 lance un centre m\u00e9dical \u00e0 distance\",\"datePublished\":\"2025-08-12T18:44:23+00:00\",\"dateModified\":\"2025-08-12T18:44:34+00:00\",\"mainEntityOfPage\":{\"@id\":\"https:\\\/\\\/www.webdo.tn\\\/fr\\\/actualite\\\/regions\\\/tunisie-le-ministere-de-la-sante-lance-un-centre-medical-a-distance\\\/381390\\\/\"},\"wordCount\":171,\"commentCount\":0,\"publisher\":{\"@id\":\"https:\\\/\\\/www.webdo.tn\\\/fr\\\/#organization\"},\"image\":{\"@id\":\"https:\\\/\\\/www.webdo.tn\\\/fr\\\/actualite\\\/regions\\\/tunisie-le-ministere-de-la-sante-lance-un-centre-medical-a-distance\\\/381390\\\/#primaryimage\"},\"thumbnailUrl\":\"https:\\\/\\\/www.webdo.tn\\\/fr\\\/wp-content\\\/uploads\\\/2025\\\/08\\\/531875102_1178150137688780_5780770018125082627_n.jpg\",\"keywords\":[\"Sant\u00e9\",\"Sant\u00e9 Num\u00e9rique\",\"Tunisie\"],\"articleSection\":[\"regions\"],\"inLanguage\":\"fr-FR\"},{\"@type\":\"WebPage\",\"@id\":\"https:\\\/\\\/www.webdo.tn\\\/fr\\\/actualite\\\/regions\\\/tunisie-le-ministere-de-la-sante-lance-un-centre-medical-a-distance\\\/381390\\\/\",\"url\":\"https:\\\/\\\/www.webdo.tn\\\/fr\\\/actualite\\\/regions\\\/tunisie-le-ministere-de-la-sante-lance-un-centre-medical-a-distance\\\/381390\\\/\",\"name\":\"Tunisie : Le minist\u00e8re de la Sant\u00e9 lance un centre m\u00e9dical \u00e0 distance - webdo\",\"isPartOf\":{\"@id\":\"https:\\\/\\\/www.webdo.tn\\\/fr\\\/#website\"},\"primaryImageOfPage\":{\"@id\":\"https:\\\/\\\/www.webdo.tn\\\/fr\\\/actualite\\\/regions\\\/tunisie-le-ministere-de-la-sante-lance-un-centre-medical-a-distance\\\/381390\\\/#primaryimage\"},\"image\":{\"@id\":\"https:\\\/\\\/www.webdo.tn\\\/fr\\\/actualite\\\/regions\\\/tunisie-le-ministere-de-la-sante-lance-un-centre-medical-a-distance\\\/381390\\\/#primaryimage\"},\"thumbnailUrl\":\"https:\\\/\\\/www.webdo.tn\\\/fr\\\/wp-content\\\/uploads\\\/2025\\\/08\\\/531875102_1178150137688780_5780770018125082627_n.jpg\",\"datePublished\":\"2025-08-12T18:44:23+00:00\",\"dateModified\":\"2025-08-12T18:44:34+00:00\",\"description\":\"Le minist\u00e8re de la Sant\u00e9 met en place un centre m\u00e9dical \u00e0 distance pour offrir des services modernes et optimiser les ressources disponibles.\",\"breadcrumb\":{\"@id\":\"https:\\\/\\\/www.webdo.tn\\\/fr\\\/actualite\\\/regions\\\/tunisie-le-ministere-de-la-sante-lance-un-centre-medical-a-distance\\\/381390\\\/#breadcrumb\"},\"inLanguage\":\"fr-FR\",\"potentialAction\":[{\"@type\":\"ReadAction\",\"target\":[\"https:\\\/\\\/www.webdo.tn\\\/fr\\\/actualite\\\/regions\\\/tunisie-le-ministere-de-la-sante-lance-un-centre-medical-a-distance\\\/381390\\\/\"]}]},{\"@type\":\"ImageObject\",\"inLanguage\":\"fr-FR\",\"@id\":\"https:\\\/\\\/www.webdo.tn\\\/fr\\\/actualite\\\/regions\\\/tunisie-le-ministere-de-la-sante-lance-un-centre-medical-a-distance\\\/381390\\\/#primaryimage\",\"url\":\"https:\\\/\\\/www.webdo.tn\\\/fr\\\/wp-content\\\/uploads\\\/2025\\\/08\\\/531875102_1178150137688780_5780770018125082627_n.jpg\",\"contentUrl\":\"https:\\\/\\\/www.webdo.tn\\\/fr\\\/wp-content\\\/uploads\\\/2025\\\/08\\\/531875102_1178150137688780_5780770018125082627_n.jpg\",\"width\":1600,\"height\":1066},{\"@type\":\"BreadcrumbList\",\"@id\":\"https:\\\/\\\/www.webdo.tn\\\/fr\\\/actualite\\\/regions\\\/tunisie-le-ministere-de-la-sante-lance-un-centre-medical-a-distance\\\/381390\\\/#breadcrumb\",\"itemListElement\":[{\"@type\":\"ListItem\",\"position\":1,\"name\":\"Accueil\",\"item\":\"https:\\\/\\\/www.webdo.tn\\\/fr\\\/\"},{\"@type\":\"ListItem\",\"position\":2,\"name\":\"Tunisie : Le minist\u00e8re de la Sant\u00e9 lance un centre m\u00e9dical \u00e0 distance\"}]},{\"@type\":\"WebSite\",\"@id\":\"https:\\\/\\\/www.webdo.tn\\\/fr\\\/#website\",\"url\":\"https:\\\/\\\/www.webdo.tn\\\/fr\\\/\",\"name\":\"webdo\",\"description\":\"Tunisie - News en Tunisie et \u00e0 l&#039;international sur Webdo.tn\",\"publisher\":{\"@id\":\"https:\\\/\\\/www.webdo.tn\\\/fr\\\/#organization\"},\"potentialAction\":[{\"@type\":\"SearchAction\",\"target\":{\"@type\":\"EntryPoint\",\"urlTemplate\":\"https:\\\/\\\/www.webdo.tn\\\/fr\\\/?s={search_term_string}\"},\"query-input\":{\"@type\":\"PropertyValueSpecification\",\"valueRequired\":true,\"valueName\":\"search_term_string\"}}],\"inLanguage\":\"fr-FR\"},{\"@type\":\"Organization\",\"@id\":\"https:\\\/\\\/www.webdo.tn\\\/fr\\\/#organization\",\"name\":\"Webdo\",\"alternateName\":\"Webdo.tn\",\"url\":\"https:\\\/\\\/www.webdo.tn\\\/fr\\\/\",\"logo\":{\"@type\":\"ImageObject\",\"inLanguage\":\"fr-FR\",\"@id\":\"https:\\\/\\\/www.webdo.tn\\\/fr\\\/#\\\/schema\\\/logo\\\/image\\\/\",\"url\":\"https:\\\/\\\/www.webdo.tn\\\/fr\\\/wp-content\\\/uploads\\\/2025\\\/06\\\/Webdo-Tunisie_168377.jpg\",\"contentUrl\":\"https:\\\/\\\/www.webdo.tn\\\/fr\\\/wp-content\\\/uploads\\\/2025\\\/06\\\/Webdo-Tunisie_168377.jpg\",\"width\":301,\"height\":301,\"caption\":\"Webdo\"},\"image\":{\"@id\":\"https:\\\/\\\/www.webdo.tn\\\/fr\\\/#\\\/schema\\\/logo\\\/image\\\/\"},\"sameAs\":[\"https:\\\/\\\/www.facebook.com\\\/webdotn\",\"https:\\\/\\\/x.com\\\/webdo_tn\"],\"description\":\"Webdo est un m\u00e9dia num\u00e9rique tunisien fond\u00e9 en 2010, sp\u00e9cialis\u00e9 dans l\u2019actualit\u00e9 nationale et internationale, l\u2019\u00e9conomie, la soci\u00e9t\u00e9 et les analyses politiques. Le site s\u2019adresse \u00e0 un large public francophone et couvre l\u2019information tunisienne en temps r\u00e9el.\",\"email\":\"redac@webdo.tn\",\"legalName\":\"YNJ SARL\",\"foundingDate\":\"2010-09-06\",\"numberOfEmployees\":{\"@type\":\"QuantitativeValue\",\"minValue\":\"11\",\"maxValue\":\"50\"}},{\"@type\":\"Person\",\"@id\":\"https:\\\/\\\/www.webdo.tn\\\/fr\\\/#\\\/schema\\\/person\\\/16a4857e77dfc0b610c4c2cadffc9ac4\",\"name\":\"Mohamed Fethi\",\"image\":{\"@type\":\"ImageObject\",\"inLanguage\":\"fr-FR\",\"@id\":\"https:\\\/\\\/www.webdo.tn\\\/fr\\\/wp-content\\\/uploads\\\/2026\\\/04\\\/mohamed-fethi_avatar_1-96x96.jpg\",\"url\":\"https:\\\/\\\/www.webdo.tn\\\/fr\\\/wp-content\\\/uploads\\\/2026\\\/04\\\/mohamed-fethi_avatar_1-96x96.jpg\",\"contentUrl\":\"https:\\\/\\\/www.webdo.tn\\\/fr\\\/wp-content\\\/uploads\\\/2026\\\/04\\\/mohamed-fethi_avatar_1-96x96.jpg\",\"caption\":\"Mohamed Fethi\"},\"description\":\"Signature \u00e9ditoriale de Maher Chaabane Mohamed Fethi est le pseudonyme \u00e9ditorial de Maher Chaabane, r\u00e9dacteur en chef de Webdo.tn depuis 2012. Cette signature est d\u00e9di\u00e9e au traitement intensif de l'actualit\u00e9 nationale et internationale en temps r\u00e9el. S'appuyant sur les deux d\u00e9cennies d'expertise journalistique de Maher Chaabane \u2014 d\u00e9but\u00e9e au sein du groupe Tunis Hebdo en 2000 \u2014 Mohamed Fethi assure une veille rigoureuse sur les enjeux politiques, \u00e9conomiques et sportifs. Sa mission est de garantir une information structur\u00e9e, fluide et fid\u00e8le aux standards de la r\u00e9daction. Pour consulter le parcours complet du r\u00e9dacteur en chef, visitez le profil officiel de Maher Chaabane.\",\"knowsAbout\":[\"actualit\u00e9\",\"journalisme\",\"information\",\"politique\",\"sport\",\"m\u00e9dias\",\"actualit\u00e9 internationale\"],\"knowsLanguage\":[\"Fran\u00e7ais\",\"Arabe\"],\"jobTitle\":\"Journaliste \u2013 R\u00e9daction Webdo\",\"worksFor\":\"Webdo.tn\",\"url\":\"https:\\\/\\\/www.webdo.tn\\\/fr\\\/actualite\\\/author\\\/mohamed-fethi\\\/\"}]}<\/script>\n<!-- \/ Yoast SEO Premium plugin. -->","yoast_head_json":{"title":"Tunisie : Le minist\u00e8re de la Sant\u00e9 lance un centre m\u00e9dical \u00e0 distance - webdo","description":"Le minist\u00e8re de la Sant\u00e9 met en place un centre m\u00e9dical \u00e0 distance pour offrir des services modernes et optimiser les ressources disponibles.","canonical":"https:\/\/www.webdo.tn\/fr\/actualite\/regions\/tunisie-le-ministere-de-la-sante-lance-un-centre-medical-a-distance\/381390\/","og_locale":"fr_FR","og_type":"article","og_title":"Tunisie : Le minist\u00e8re de la Sant\u00e9 lance un centre m\u00e9dical \u00e0 distance","og_description":"Le minist\u00e8re de la Sant\u00e9 met en place un centre m\u00e9dical \u00e0 distance pour offrir des services modernes et optimiser les ressources disponibles.","og_url":"https:\/\/www.webdo.tn\/fr\/actualite\/regions\/tunisie-le-ministere-de-la-sante-lance-un-centre-medical-a-distance\/381390\/","og_site_name":"webdo","article_publisher":"https:\/\/www.facebook.com\/webdotn","article_published_time":"2025-08-12T18:44:23+00:00","article_modified_time":"2025-08-12T18:44:34+00:00","og_image":[{"width":1600,"height":1066,"url":"https:\/\/www.webdo.tn\/fr\/wp-content\/uploads\/2025\/08\/531875102_1178150137688780_5780770018125082627_n.jpg","type":"image\/jpeg"}],"author":"Mohamed Fethi","twitter_card":"summary_large_image","twitter_creator":"@webdo_tn","twitter_site":"@webdo_tn","twitter_misc":{"\u00c9crit par":"Mohamed Fethi","Dur\u00e9e de lecture estim\u00e9e":"2 minutes"},"schema":{"@context":"https:\/\/schema.org","@graph":[{"@type":"NewsArticle","@id":"https:\/\/www.webdo.tn\/fr\/actualite\/regions\/tunisie-le-ministere-de-la-sante-lance-un-centre-medical-a-distance\/381390\/#article","isPartOf":{"@id":"https:\/\/www.webdo.tn\/fr\/actualite\/regions\/tunisie-le-ministere-de-la-sante-lance-un-centre-medical-a-distance\/381390\/"},"author":{"name":"Mohamed Fethi","@id":"https:\/\/www.webdo.tn\/fr\/#\/schema\/person\/16a4857e77dfc0b610c4c2cadffc9ac4"},"headline":"Tunisie : Le minist\u00e8re de la Sant\u00e9 lance un centre m\u00e9dical \u00e0 distance","datePublished":"2025-08-12T18:44:23+00:00","dateModified":"2025-08-12T18:44:34+00:00","mainEntityOfPage":{"@id":"https:\/\/www.webdo.tn\/fr\/actualite\/regions\/tunisie-le-ministere-de-la-sante-lance-un-centre-medical-a-distance\/381390\/"},"wordCount":171,"commentCount":0,"publisher":{"@id":"https:\/\/www.webdo.tn\/fr\/#organization"},"image":{"@id":"https:\/\/www.webdo.tn\/fr\/actualite\/regions\/tunisie-le-ministere-de-la-sante-lance-un-centre-medical-a-distance\/381390\/#primaryimage"},"thumbnailUrl":"https:\/\/www.webdo.tn\/fr\/wp-content\/uploads\/2025\/08\/531875102_1178150137688780_5780770018125082627_n.jpg","keywords":["Sant\u00e9","Sant\u00e9 Num\u00e9rique","Tunisie"],"articleSection":["regions"],"inLanguage":"fr-FR"},{"@type":"WebPage","@id":"https:\/\/www.webdo.tn\/fr\/actualite\/regions\/tunisie-le-ministere-de-la-sante-lance-un-centre-medical-a-distance\/381390\/","url":"https:\/\/www.webdo.tn\/fr\/actualite\/regions\/tunisie-le-ministere-de-la-sante-lance-un-centre-medical-a-distance\/381390\/","name":"Tunisie : Le minist\u00e8re de la Sant\u00e9 lance un centre m\u00e9dical \u00e0 distance - webdo","isPartOf":{"@id":"https:\/\/www.webdo.tn\/fr\/#website"},"primaryImageOfPage":{"@id":"https:\/\/www.webdo.tn\/fr\/actualite\/regions\/tunisie-le-ministere-de-la-sante-lance-un-centre-medical-a-distance\/381390\/#primaryimage"},"image":{"@id":"https:\/\/www.webdo.tn\/fr\/actualite\/regions\/tunisie-le-ministere-de-la-sante-lance-un-centre-medical-a-distance\/381390\/#primaryimage"},"thumbnailUrl":"https:\/\/www.webdo.tn\/fr\/wp-content\/uploads\/2025\/08\/531875102_1178150137688780_5780770018125082627_n.jpg","datePublished":"2025-08-12T18:44:23+00:00","dateModified":"2025-08-12T18:44:34+00:00","description":"Le minist\u00e8re de la Sant\u00e9 met en place un centre m\u00e9dical \u00e0 distance pour offrir des services modernes et optimiser les ressources disponibles.","breadcrumb":{"@id":"https:\/\/www.webdo.tn\/fr\/actualite\/regions\/tunisie-le-ministere-de-la-sante-lance-un-centre-medical-a-distance\/381390\/#breadcrumb"},"inLanguage":"fr-FR","potentialAction":[{"@type":"ReadAction","target":["https:\/\/www.webdo.tn\/fr\/actualite\/regions\/tunisie-le-ministere-de-la-sante-lance-un-centre-medical-a-distance\/381390\/"]}]},{"@type":"ImageObject","inLanguage":"fr-FR","@id":"https:\/\/www.webdo.tn\/fr\/actualite\/regions\/tunisie-le-ministere-de-la-sante-lance-un-centre-medical-a-distance\/381390\/#primaryimage","url":"https:\/\/www.webdo.tn\/fr\/wp-content\/uploads\/2025\/08\/531875102_1178150137688780_5780770018125082627_n.jpg","contentUrl":"https:\/\/www.webdo.tn\/fr\/wp-content\/uploads\/2025\/08\/531875102_1178150137688780_5780770018125082627_n.jpg","width":1600,"height":1066},{"@type":"BreadcrumbList","@id":"https:\/\/www.webdo.tn\/fr\/actualite\/regions\/tunisie-le-ministere-de-la-sante-lance-un-centre-medical-a-distance\/381390\/#breadcrumb","itemListElement":[{"@type":"ListItem","position":1,"name":"Accueil","item":"https:\/\/www.webdo.tn\/fr\/"},{"@type":"ListItem","position":2,"name":"Tunisie : Le minist\u00e8re de la Sant\u00e9 lance un centre m\u00e9dical \u00e0 distance"}]},{"@type":"WebSite","@id":"https:\/\/www.webdo.tn\/fr\/#website","url":"https:\/\/www.webdo.tn\/fr\/","name":"webdo","description":"Tunisie - News en Tunisie et \u00e0 l&#039;international sur Webdo.tn","publisher":{"@id":"https:\/\/www.webdo.tn\/fr\/#organization"},"potentialAction":[{"@type":"SearchAction","target":{"@type":"EntryPoint","urlTemplate":"https:\/\/www.webdo.tn\/fr\/?s={search_term_string}"},"query-input":{"@type":"PropertyValueSpecification","valueRequired":true,"valueName":"search_term_string"}}],"inLanguage":"fr-FR"},{"@type":"Organization","@id":"https:\/\/www.webdo.tn\/fr\/#organization","name":"Webdo","alternateName":"Webdo.tn","url":"https:\/\/www.webdo.tn\/fr\/","logo":{"@type":"ImageObject","inLanguage":"fr-FR","@id":"https:\/\/www.webdo.tn\/fr\/#\/schema\/logo\/image\/","url":"https:\/\/www.webdo.tn\/fr\/wp-content\/uploads\/2025\/06\/Webdo-Tunisie_168377.jpg","contentUrl":"https:\/\/www.webdo.tn\/fr\/wp-content\/uploads\/2025\/06\/Webdo-Tunisie_168377.jpg","width":301,"height":301,"caption":"Webdo"},"image":{"@id":"https:\/\/www.webdo.tn\/fr\/#\/schema\/logo\/image\/"},"sameAs":["https:\/\/www.facebook.com\/webdotn","https:\/\/x.com\/webdo_tn"],"description":"Webdo est un m\u00e9dia num\u00e9rique tunisien fond\u00e9 en 2010, sp\u00e9cialis\u00e9 dans l\u2019actualit\u00e9 nationale et internationale, l\u2019\u00e9conomie, la soci\u00e9t\u00e9 et les analyses politiques. Le site s\u2019adresse \u00e0 un large public francophone et couvre l\u2019information tunisienne en temps r\u00e9el.","email":"redac@webdo.tn","legalName":"YNJ SARL","foundingDate":"2010-09-06","numberOfEmployees":{"@type":"QuantitativeValue","minValue":"11","maxValue":"50"}},{"@type":"Person","@id":"https:\/\/www.webdo.tn\/fr\/#\/schema\/person\/16a4857e77dfc0b610c4c2cadffc9ac4","name":"Mohamed Fethi","image":{"@type":"ImageObject","inLanguage":"fr-FR","@id":"https:\/\/www.webdo.tn\/fr\/wp-content\/uploads\/2026\/04\/mohamed-fethi_avatar_1-96x96.jpg","url":"https:\/\/www.webdo.tn\/fr\/wp-content\/uploads\/2026\/04\/mohamed-fethi_avatar_1-96x96.jpg","contentUrl":"https:\/\/www.webdo.tn\/fr\/wp-content\/uploads\/2026\/04\/mohamed-fethi_avatar_1-96x96.jpg","caption":"Mohamed Fethi"},"description":"Signature \u00e9ditoriale de Maher Chaabane Mohamed Fethi est le pseudonyme \u00e9ditorial de Maher Chaabane, r\u00e9dacteur en chef de Webdo.tn depuis 2012. Cette signature est d\u00e9di\u00e9e au traitement intensif de l'actualit\u00e9 nationale et internationale en temps r\u00e9el. S'appuyant sur les deux d\u00e9cennies d'expertise journalistique de Maher Chaabane \u2014 d\u00e9but\u00e9e au sein du groupe Tunis Hebdo en 2000 \u2014 Mohamed Fethi assure une veille rigoureuse sur les enjeux politiques, \u00e9conomiques et sportifs. Sa mission est de garantir une information structur\u00e9e, fluide et fid\u00e8le aux standards de la r\u00e9daction. Pour consulter le parcours complet du r\u00e9dacteur en chef, visitez le profil officiel de Maher Chaabane.","knowsAbout":["actualit\u00e9","journalisme","information","politique","sport","m\u00e9dias","actualit\u00e9 internationale"],"knowsLanguage":["Fran\u00e7ais","Arabe"],"jobTitle":"Journaliste \u2013 R\u00e9daction Webdo","worksFor":"Webdo.tn","url":"https:\/\/www.webdo.tn\/fr\/actualite\/author\/mohamed-fethi\/"}]}},"_links":{"self":[{"href":"https:\/\/www.webdo.tn\/fr\/wp-json\/wp\/v2\/posts\/381390","targetHints":{"allow":["GET"]}}],"collection":[{"href":"https:\/\/www.webdo.tn\/fr\/wp-json\/wp\/v2\/posts"}],"about":[{"href":"https:\/\/www.webdo.tn\/fr\/wp-json\/wp\/v2\/types\/post"}],"author":[{"embeddable":true,"href":"https:\/\/www.webdo.tn\/fr\/wp-json\/wp\/v2\/users\/4782"}],"replies":[{"embeddable":true,"href":"https:\/\/www.webdo.tn\/fr\/wp-json\/wp\/v2\/comments?post=381390"}],"version-history":[{"count":0,"href":"https:\/\/www.webdo.tn\/fr\/wp-json\/wp\/v2\/posts\/381390\/revisions"}],"wp:featuredmedia":[{"embeddable":true,"href":"https:\/\/www.webdo.tn\/fr\/wp-json\/wp\/v2\/media\/381392"}],"wp:attachment":[{"href":"https:\/\/www.webdo.tn\/fr\/wp-json\/wp\/v2\/media?parent=381390"}],"wp:term":[{"taxonomy":"category","embeddable":true,"href":"https:\/\/www.webdo.tn\/fr\/wp-json\/wp\/v2\/categories?post=381390"},{"taxonomy":"post_tag","embeddable":true,"href":"https:\/\/www.webdo.tn\/fr\/wp-json\/wp\/v2\/tags?post=381390"}],"curies":[{"name":"wp","href":"https:\/\/api.w.org\/{rel}","templated":true}]}}